{"id":9361,"date":"2024-05-31T18:18:13","date_gmt":"2024-05-31T16:18:13","guid":{"rendered":"https:\/\/www.radiocastor.com\/?p=9361"},"modified":"2024-07-01T17:52:43","modified_gmt":"2024-07-01T15:52:43","slug":"chronique-de-la-chanson-francaise-episode-27-mai-apporte-a-vos-chansons-un-petit-air-de-printemps","status":"publish","type":"post","link":"https:\/\/www.radiocastor.com\/index.php\/chronique-de-la-chanson-francaise-episode-27-mai-apporte-a-vos-chansons-un-petit-air-de-printemps\/","title":{"rendered":"Chronique de la chanson fran\u00e7aise, \u00e9pisode 27, mai apporte \u00e0 vos chansons un petit air de printemps !"},"content":{"rendered":"\n<p>Vous connaissez le dicton, \u00ab\u00a0en mai fait ce qu&rsquo;il te plait\u00a0\u00bb&#8230;<br>On dirait qu&rsquo;il en va de m\u00eame dans le monde de la musique, car vous nous avez proposez un \u00e9chantillon comme on en avait encore pas entendu.<br>Du classique, bien sur, mais surtout, une nouvelle tendance qui consiste essentiellement \u00e0 m\u00e9langer les genres. Un peu de ci, un peu de \u00e7a, nous proposant des univers in\u00e9dits et singuliers.<br>Bon courage \u00e0 ceux qui vont devoir donner de noms \u00e0 toutes ces nouvelles cat\u00e9gories&#8230; aidez-nous un peu ! dites-nous comment vous aimeriez qu&rsquo;on appelle votre nouveau style si personnel.<br>On a ainsi fait une petite s\u00e9lection bien sympathique, mais on a aussi retenu quelques morceaux beaucoup plus conventionnels.<\/p>\n\n\n\n<p><em>A \u00e9couter sur <a href=\"https:\/\/www.radiocastor.com\/index.php\/playlist\/\" target=\"_blank\" rel=\"noreferrer noopener\">nos playlists<\/a> !<\/em><\/p>\n\n\n\n<h2 class=\"wp-block-heading has-luminous-vivid-orange-color has-text-color\">Jeino : \u201cDemain n&rsquo;existe pas\u201d<\/h2>\n\n\n\n<p>Jeino est un artiste originaire de l&rsquo;\u00eele de la R\u00e9union et de Toulouse, sa ville natale.<br>Fort de son m\u00e9tissage et de son exp\u00e9rience de vie, il essaie de transmettre toutes ses valeurs, sa musicalit\u00e9 ainsi que toutes ses \u00e9motions dans chacune de mes chansons.<br>Il incarne le souffle nouveau de la pop fran\u00e7aise, et avec une authenticit\u00e9 rafra\u00eechissante et un talent ind\u00e9niable, nous invite dans son univers musical unique o\u00f9 chaque note semble \u00eatre une invitation au voyage.<br>Auteur, compositeur, et interpr\u00e8te, Jeino tisse avec habilet\u00e9 les fils d&rsquo;une musique empreinte d&rsquo;optimisme, de r\u00eaveries et d&rsquo;amour, offrant ainsi une exp\u00e9rience auditive \u00e0 la fois enracin\u00e9e et a\u00e9rienne.<br>L&rsquo;art de Jeino est un pont entre les mondes, fusionnant la chaleur de la vari\u00e9t\u00e9 fran\u00e7aise, avec des inspirations puis\u00e9es chez des l\u00e9gendes comme Cabrel et Renaud, et l&rsquo;\u00e9nergie contagieuse de la pop anglo-saxonne et du folk.<br>Cette alchimie sonore cr\u00e9e un langage universel o\u00f9 chacun peut se retrouver, port\u00e9 par des textes qui c\u00e9l\u00e8brent la vie, l&rsquo;amour, et le bonheur d&rsquo;\u00eatre ensemble.<br>Entre pop, m\u00e9lodie acoustique et chanson \u00e0 texte, \u00ab\u00a0Demain n&rsquo;existe pas\u00a0\u00bb inspire \u00e0 vivre avec passion et authenticit\u00e9, tout en encourageant chacun \u00e0 suivre ses aspirations avec courage et enthousiasme.<\/p>\n\n\n\n<p class=\"has-text-align-center\"><iframe loading=\"lazy\" width=\"560\" height=\"315\" src=\"https:\/\/www.youtube.com\/embed\/_pSY5BDgvIY?si=DeoWZxM00hAkj_Y9\" title=\"YouTube video player\" frameborder=\"0\" allow=\"accelerometer; autoplay; clipboard-write; encrypted-media; gyroscope; picture-in-picture; web-share\" referrerpolicy=\"strict-origin-when-cross-origin\" allowfullscreen=\"\"><\/iframe><\/p>\n\n\n\n<p class=\"has-text-align-center\"><a href=\"https:\/\/www.facebook.com\/jeinomusic\" target=\"_blank\" rel=\"noreferrer noopener\">Facebook<\/a> &#8211; <a href=\"https:\/\/www.instagram.com\/jeino_music\" target=\"_blank\" rel=\"noreferrer noopener\">Instagram<\/a> &#8211; <a href=\"https:\/\/twitter.com\/jeinomusic\" target=\"_blank\" rel=\"noreferrer noopener\">Twitter<\/a><\/p>\n\n\n\n<h2 class=\"wp-block-heading has-luminous-vivid-orange-color has-text-color\">Ti Mai Lan : \u201cS\u2019il te plait parle-moi\u201d<\/h2>\n\n\n\n<p>Ti Mai Lan est chanteuse, auteur-compositeur de pop fran\u00e7aise, hypersensible et passionn\u00e9e.<br>Son \u00e9criture po\u00e9tique m\u00eal\u00e9e \u00e0 une ambiance pop donne une envol\u00e9e \u00e0 ses textes introspectifs profonds qui questionnent les relations humaines et la soci\u00e9t\u00e9 avec audace et d\u00e9licatesse. Son histoire personnelle poignante coupl\u00e9e \u00e0 son parcours professionnel atypique donnent force et authenticit\u00e9 \u00e0 son univers artistique.<br>Elle manie le verbe pour partager son v\u00e9cu et promouvoir ses valeurs d\u2019humanit\u00e9 et de courage. Elle nous transmet joie de vivre et l\u00e9g\u00e8ret\u00e9.<br>S&rsquo;il te pla\u00eet parle-moi est le premier single et clip de Ti Mai Lan. Cette chanson d&rsquo;amour, \u00e0 l&rsquo;ambiance \u00e9lectro-pop vintage, joue de polyphonies pour revendiquer une connexion \u00e9motionnelle vraie, qui passe par l&rsquo;expression sinc\u00e8re des sentiments. A la fois sensuelle et sensible, Ti Mai Lan nous embarque dans son univers doux et combatif.<\/p>\n\n\n\n<p class=\"has-text-align-center\"><iframe loading=\"lazy\" width=\"560\" height=\"315\" src=\"https:\/\/www.youtube.com\/embed\/zVrmpL_yX8I?si=I3LbMgz0RmFCzEGe\" title=\"YouTube video player\" frameborder=\"0\" allow=\"accelerometer; autoplay; clipboard-write; encrypted-media; gyroscope; picture-in-picture; web-share\" referrerpolicy=\"strict-origin-when-cross-origin\" allowfullscreen=\"\"><\/iframe><\/p>\n\n\n\n<p class=\"has-text-align-center\"><a href=\"https:\/\/www.facebook.com\/mailan.boytard\" target=\"_blank\" rel=\"noreferrer noopener\">Facebook<\/a> &#8211; <a href=\"https:\/\/www.instagram.com\/mailan.boytard\" target=\"_blank\" rel=\"noreferrer noopener\">Instagram<\/a><\/p>\n\n\n\n<h2 class=\"wp-block-heading has-luminous-vivid-orange-color has-text-color\">David Myles : \u201cPerdu \u00e0 Saint-Henri\u201d<\/h2>\n\n\n\n<p>David Myles est un artiste, auteur-compositeur et interpr\u00e8te canadien dot\u00e9 d&rsquo;un talent \u00e9trange pour disperser des v\u00e9rit\u00e9s profondes sur la condition humaine \u00e0 travers une \u00e9criture dynamique.<br>N\u00e9 et bas\u00e9 au Nouveau-Brunswick, il est un m\u00e9tamorphe sonore avec plus de 15 albums qui couvrent toute la gamme &#8211; en anglais et en fran\u00e7ais &#8211; \u00e0 travers les traditions folk classiques, le rock&rsquo;n&rsquo;roll passionn\u00e9, le blues terreux et existentiel, le jazz cosmique et les instruments funk, les instruments r\u00e9fl\u00e9chis.<br>David anime une \u00e9mission de radio hebdomadaire sur CKUA et a r\u00e9cemment lanc\u00e9 une \u00e9mission-d\u00e9bat mensuelle et un podcast sous la marque \u00ab Myles From Home \u00bb.<br>Dans cette chanson, arriv\u00e9 en ville avec de grands espoirs, David se retrouve d\u00e9sorient\u00e9 \u00e0 Saint-Henri. Malgr\u00e9 les souvenirs partag\u00e9s, le temps a pass\u00e9 et l&rsquo;endroit semble d\u00e9sormais \u00e9tranger. Un retour aux sources poignant sur le th\u00e8me du d\u00e9racinement.<\/p>\n\n\n\n<p class=\"has-text-align-center\"><iframe loading=\"lazy\" width=\"560\" height=\"315\" src=\"https:\/\/www.youtube.com\/embed\/iU0poDQuHqc?si=ncRu_talmhOqBCnn\" title=\"YouTube video player\" frameborder=\"0\" allow=\"accelerometer; autoplay; clipboard-write; encrypted-media; gyroscope; picture-in-picture; web-share\" referrerpolicy=\"strict-origin-when-cross-origin\" allowfullscreen=\"\"><\/iframe><\/p>\n\n\n\n<p class=\"has-text-align-center\"><a href=\"https:\/\/www.facebook.com\/DavidMylesMusic\" target=\"_blank\" rel=\"noreferrer noopener\">Facebook<\/a> &#8211; <a href=\"https:\/\/www.instagram.com\/davidmyles\" target=\"_blank\" rel=\"noreferrer noopener\">Instagram<\/a> &#8211; <a href=\"https:\/\/twitter.com\/mylesdavid\" target=\"_blank\" rel=\"noreferrer noopener\">Twitter<\/a><\/p>\n\n\n\n<h2 class=\"wp-block-heading has-luminous-vivid-orange-color has-text-color\">Yan Woolridge : \u201cRiva Bella\u201d<\/h2>\n\n\n\n<p>Ag\u00e9 de 26 ans, Yan Woolridge est un auteur\/compositeur\/interpr\u00e8te passionn\u00e9 par la musique depuis l\u2019\u00e2ge de 6 ans.<br>\u00c0 15 ans, il \u00e9crit sa premi\u00e8re chanson, en anglais, et en a \u00e9crit une cinquantaine juste apr\u00e8s, \u00e0 partir d&rsquo;instrumentales libres de droit trouv\u00e9es sur internet.<br>C&rsquo;est plus tard qu&rsquo;il d\u00e9cide de se concentrer un peu plus sur la langue fran\u00e7aise, puis, qu&rsquo;il se d\u00e9couvre une passion pour la composition.<br>Il se concentre aujourd&rsquo;hui sur un projet d\u2019album fran\u00e7ais int\u00e9gralement autoproduit.<br>Avec \u00ab\u00a0Riva Bella\u00a0\u00bb et sa voix douce et haute \u00e0 la Christophe, il nous entraine sur des sonorit\u00e9s \u00e0 la Chamfort, pour nous conter une histoire teint\u00e9e de jalousie et de nostalgie.<\/p>\n\n\n\n<p class=\"has-text-align-center\"><iframe loading=\"lazy\" width=\"560\" height=\"315\" src=\"https:\/\/www.youtube.com\/embed\/KjPY0WO-OcU?si=KHQowXKDJ8y9NlOa\" title=\"YouTube video player\" frameborder=\"0\" allow=\"accelerometer; autoplay; clipboard-write; encrypted-media; gyroscope; picture-in-picture; web-share\" referrerpolicy=\"strict-origin-when-cross-origin\" allowfullscreen=\"\"><\/iframe><\/p>\n\n\n\n<p class=\"has-text-align-center\"><a href=\"https:\/\/www.instagram.com\/yanwoolridge\" target=\"_blank\" rel=\"noreferrer noopener\">Instagram<\/a><\/p>\n\n\n\n<h2 class=\"wp-block-heading has-luminous-vivid-orange-color has-text-color\">Gianni Bodo : \u201cLe Silence\u201d<\/h2>\n\n\n\n<p>L&rsquo;auteur-compositeur-interpr\u00e8te montr\u00e9alais Gianni Bodo \u00e9crit, enregistre et interpr\u00e8te de la musique depuis plus de 20 ans.<br>Ma\u00eetre de son son, Gianni livre dans une musique et des paroles un croisement de rock, de pop et d&rsquo;indie, sans jamais \u00eatre pr\u00e9visible.<br>Fils d&rsquo;immigr\u00e9s italiens, ce \u00ab\u00a0Calogero Qu\u00e9b\u00e9cois\u00a0\u00bb m\u00e8ne une carri\u00e8re remarquable dans l&rsquo;\u00e9ducation depuis pr\u00e8s de trois d\u00e9cennies tout en suivant un parcours parall\u00e8le dans l&rsquo;industrie musicale : d\u00e9montrant sa capacit\u00e9 unique \u00e0 produire et interpr\u00e9ter de la musique en trois langues.<br>\u00ab\u00a0Le Silence\u00a0\u00bb fait partie d&rsquo;un EP tout en fran\u00e7ais de 6 titres, \u00ab\u00a0D\u00e9synchronis\u00e9s\u00a0\u00bb.<\/p>\n\n\n\n<p class=\"has-text-align-center\"><iframe loading=\"lazy\" width=\"560\" height=\"315\" src=\"https:\/\/www.youtube.com\/embed\/jPAZOPW9yg4?si=KXAJtzLavtaZTUU4\" title=\"YouTube video player\" frameborder=\"0\" allow=\"accelerometer; autoplay; clipboard-write; encrypted-media; gyroscope; picture-in-picture; web-share\" referrerpolicy=\"strict-origin-when-cross-origin\" allowfullscreen=\"\"><\/iframe><\/p>\n\n\n\n<p class=\"has-text-align-center\"><a href=\"https:\/\/www.facebook.com\/gbodomusic\" target=\"_blank\" rel=\"noreferrer noopener\">Facebook<\/a> &#8211; <a href=\"https:\/\/www.instagram.com\/giannibodo\" target=\"_blank\" rel=\"noreferrer noopener\">Instagram<\/a><\/p>\n\n\n\n<h2 class=\"wp-block-heading has-luminous-vivid-orange-color has-text-color\">Kelly ou moi : \u201cParlons peut \u00eatre de nous\u201d<\/h2>\n\n\n\n<p>Originaire de Bordeaux, Kelly ou moi est une artiste compl\u00e8te : auteure, compositrice et interpr\u00e8te, elle s&rsquo;impose comme une figure incontournable de la sc\u00e8ne musicale fran\u00e7aise pop\/folk\/acoustique, connue pour ses performances en live, arm\u00e9e de sa guitare, de sa voix suave et d&rsquo;une stompbox.<br>Son talent est reconnu nationalement en 2018 lorsqu&rsquo;elle atteint les quarts de finale de l&rsquo;\u00e9mission \u00ab\u00a0The Voice\u00a0\u00bb, guid\u00e9e par Pascal Obispo. Refusant de se conformer aux attentes traditionnelles de l&rsquo;industrie, Kelly ou moi choisi par la suite de prendre en main son parcours musical en cr\u00e9ant son propre label ind\u00e9pendant. Cette d\u00e9marche lui permet de produire son premier album, \u00ab\u00a0Premi\u00e8re Plume\u00a0\u00bb, qui explore avec sinc\u00e9rit\u00e9 les multiples facettes de l&rsquo;exp\u00e9rience humaine : de l&rsquo;amour aux doutes, en passant par les joies et les peines<br>En ce d\u00e9but de printemps, Kelly ou moi revient sur le devant de la sc\u00e8ne avec \u00ab\u00a0Parlons peut-\u00eatre de nous\u00a0\u00bb, un single qui encapsule parfaitement l&rsquo;esprit de renouveau et de l\u00e9g\u00e8ret\u00e9 de la saison.<br>\u00c9crit et compos\u00e9 par elle-m\u00eame, ce titre p\u00e9tillant promet de conqu\u00e9rir le c\u0153ur des auditeurs avec ses m\u00e9lodies accrocheuses et ses paroles pleines de douceur, qui parle d\u2019un amour \u00e9voluant au fil des saisons.<\/p>\n\n\n\n<p class=\"has-text-align-center\"><iframe loading=\"lazy\" width=\"560\" height=\"315\" src=\"https:\/\/www.youtube.com\/embed\/hOEKb6MKnKU?si=4sL2QfC1WNTWTAnZ\" title=\"YouTube video player\" frameborder=\"0\" allow=\"accelerometer; autoplay; clipboard-write; encrypted-media; gyroscope; picture-in-picture; web-share\" referrerpolicy=\"strict-origin-when-cross-origin\" allowfullscreen=\"\"><\/iframe><\/p>\n\n\n\n<p class=\"has-text-align-center\"><a href=\"https:\/\/www.facebook.com\/kelly.ou.moi\" target=\"_blank\" rel=\"noreferrer noopener\">Facebook<\/a> &#8211; <a href=\"https:\/\/www.instagram.com\/kelly.ou.moi\" target=\"_blank\" rel=\"noreferrer noopener\">Instagram<\/a><\/p>\n\n\n\n<h2 class=\"wp-block-heading has-luminous-vivid-orange-color has-text-color\">Ceci &amp; The pixels girls : \u201cMagic Life\u201d<\/h2>\n\n\n\n<p>Groupe de musique constitu\u00e9 de personnages virtuels, n\u00e9 en 2023 dans le metavers SecondLife, c&rsquo;est Cecilia Levasseur qui entra\u00eene Ceci &amp; The pixels girls.<br>Apr\u00e8s un premier titre, \u00ab\u00a04 Jolies Filles\u00a0\u00bb, dont la vid\u00e9o a \u00e9t\u00e9 tourn\u00e9 sur second life, retour \u00e0 la vraie vie.<br>Un tourbillon de fraicheur et de candeur \u00e0 la fois caract\u00e9risent cette musique swing-pop, dont les paroles modernes sont habill\u00e9es par un son r\u00e9tro tr\u00e8s charleston.<\/p>\n\n\n\n<p class=\"has-text-align-center\"><iframe loading=\"lazy\" width=\"560\" height=\"315\" src=\"https:\/\/www.youtube.com\/embed\/69QfUFkrD9g?si=TqBcQE7Ts3QdHbLT\" title=\"YouTube video player\" frameborder=\"0\" allow=\"accelerometer; autoplay; clipboard-write; encrypted-media; gyroscope; picture-in-picture; web-share\" referrerpolicy=\"strict-origin-when-cross-origin\" allowfullscreen=\"\"><\/iframe><\/p>\n\n\n\n<p class=\"has-text-align-center\"><a href=\"https:\/\/www.facebook.com\/profile.php?id=100094069243326\" target=\"_blank\" rel=\"noreferrer noopener\">Facebook<\/a> &#8211; <a href=\"https:\/\/www.facebook.com\/cecilia.levasseur.50\" target=\"_blank\" rel=\"noreferrer noopener\">Facebook<\/a><\/p>\n\n\n\n<h2 class=\"wp-block-heading has-luminous-vivid-orange-color has-text-color\">Fleur de Peau : \u201cEngloutis le ciel\u201d<\/h2>\n\n\n\n<p>Fleur de Peau est un projet musical synth-pop canadien n\u00e9 en janvier 2023, r\u00e9unissant Louis Fernandez, multi-instrumentiste, et \u00c9lie Dubois-S\u00e9n\u00e9chal, une artiste multidisciplinaire, qui \u00e0 eux deux, offrent une exp\u00e9rience musicale introspective et r\u00e9volutionnaire.<br>Louis Fernandez est un musicien de studio et de tourn\u00e9e bien connu sur la sc\u00e8ne qu\u00e9b\u00e9coise. Il a collabor\u00e9 avec des artistes tels que Pascale Picard, Winter Gloves, et Gabrielle Shonk. En plus de son projet solo LoveFight lanc\u00e9 en 2022-2023, Louis est \u00e9galement photographe, ayant \u00e9tudi\u00e9 \u00e0 Berlin. Sa musique au sein de Fleur de Peau est \u00e0 la fois m\u00e9lancolique et revendicatrice, combinant des m\u00e9lodies lyriques avec des distorsions symbolisant le chaos et la beaut\u00e9.<br>\u00c9lie Dubois-S\u00e9n\u00e9chal, autrice de recueils de po\u00e9sie et bandes dessin\u00e9es, fait ses d\u00e9buts musicaux avec Fleur de Peau. Sa voix feutr\u00e9e et ses textes engag\u00e9s apportent une profondeur sensible aux compositions du duo.<br>Le son de Fleur de Peau est un m\u00e9lange de m\u00e9lancolie, de po\u00e9sie et de puissance, avec des influences \u00e9lectro, punk, pop, synth wave et new wave. Leur album \u00ab\u00a0Contre-Sens\u00a0\u00bb, pr\u00e9vu pour le printemps 2024, promet des chansons uniques aux m\u00e9lodies caressantes et aux guitares dissonantes.<br>\u00ab\u00a0Engloutis le ciel\u201d est la 9\u00e8me piste de leur album \u00ab\u00a0Contre-sens\u00a0\u00bb.<\/p>\n\n\n\n<p class=\"has-text-align-center\"><iframe loading=\"lazy\" width=\"560\" height=\"315\" src=\"https:\/\/www.youtube.com\/embed\/vmm9A1s26LY?si=QIYPOyDVgVYfRdFU\" title=\"YouTube video player\" frameborder=\"0\" allow=\"accelerometer; autoplay; clipboard-write; encrypted-media; gyroscope; picture-in-picture; web-share\" referrerpolicy=\"strict-origin-when-cross-origin\" allowfullscreen=\"\"><\/iframe><\/p>\n\n\n\n<p class=\"has-text-align-center\"><a href=\"https:\/\/www.facebook.com\/fleurdepeaumusique\" target=\"_blank\" rel=\"noreferrer noopener\">Facebook<\/a> &#8211; <a href=\"https:\/\/www.instagram.com\/fleurdepeaumusic\" target=\"_blank\" rel=\"noreferrer noopener\">Instagram<\/a><\/p>\n\n\n\n<h2 class=\"wp-block-heading has-luminous-vivid-orange-color has-text-color\">Lune : \u201cPilule Rouge\u201d<\/h2>\n\n\n\n<p>Lune, la chanteuse auteure compositrice de 27 ans, a d\u00e9but\u00e9 sa carri\u00e8re dans l\u2019univers de la Com\u00e9die Musicale dans le spectacle du Soldat Rose.<br>Elle \u00e9crit \u201cPilule Rouge\u201d suite \u00e0 une rupture amoureuse, lorsqu\u2019elle avait le sentiment de ne pas trouver sa place sur Terre.<br>En \u00e9cho au c\u00e9l\u00e8bre film \u201cMatrix\u201d, elle fait le choix de la v\u00e9rit\u00e9 potentiellement d\u00e9rangeante, mais qui peut changer la vie (la pilule rouge) plut\u00f4t que de rester dans une ignorance satisfaisante : dans ce monde o\u00f9 elle ne trouve pas sa place.<br>Cette composition a trouv\u00e9 son univers sonore gr\u00e2ce \u00e0 son arrangeur David Cl\u00e9ment-Bayard, qui a su appuyer une ambiance onirique, hors de la r\u00e9alit\u00e9.<br>\u00c0 travers cette chanson fran\u00e7aise pop, Lune veut montrer que le fait de ne pas se sentir \u00e0 sa place est une force, car c\u2019est dans cette p\u00e9riode qu\u2019elle a trouv\u00e9 le courage de regarder ses zones d\u2019ombres en face.<br>Elle nous annonce un EP pour cet automne, on a h\u00e2te.<\/p>\n\n\n\n<p class=\"has-text-align-center\"><iframe loading=\"lazy\" width=\"560\" height=\"315\" src=\"https:\/\/www.youtube.com\/embed\/gGFEwl7HbG4?si=p4L_-dQE53pXBqEu\" title=\"YouTube video player\" frameborder=\"0\" allow=\"accelerometer; autoplay; clipboard-write; encrypted-media; gyroscope; picture-in-picture; web-share\" referrerpolicy=\"strict-origin-when-cross-origin\" allowfullscreen=\"\"><\/iframe><\/p>\n\n\n\n<p class=\"has-text-align-center\"><a href=\"https:\/\/www.facebook.com\/Oceanberland\" target=\"_blank\" rel=\"noreferrer noopener\">Facebook<\/a> &#8211; <a href=\"https:\/\/www.instagram.com\/lune_music_\" target=\"_blank\" rel=\"noreferrer noopener\">Instagram<\/a><\/p>\n\n\n\n<h2 class=\"wp-block-heading has-luminous-vivid-orange-color has-text-color\">Corto : \u201cEn vis-\u00e0-vis\u201d<\/h2>\n\n\n\n<p>Corto est un projet lyonnais actuellement en d\u00e9veloppement aussi bien en studio que sur sc\u00e8ne qui propose un univers cocasse et introspectif.<br>Son identit\u00e9 musicale s&rsquo;articule autour de l&rsquo;humour et de l&rsquo;autod\u00e9rision, continue d&rsquo;explorer les m\u00e9andres de la vie quotidienne avec une sensibilit\u00e9 unique.<br>Derri\u00e8re des paroles apparemment simples, il consacre des efforts consid\u00e9rables \u00e0 la cr\u00e9ation de mots, de rythmes, de rimes et d&rsquo;effets comiques parfaits, alliant la rigueur de l&rsquo;\u00e9criture \u00e0 la l\u00e9g\u00e8ret\u00e9 de la m\u00e9lodie.<br>\u00ab\u00a0En vis-\u00e0-vis\u00a0\u00bb est bien plus qu&rsquo;une chanson, c&rsquo;est un voyage au c\u0153ur des rues anim\u00e9es, des immeubles anonymes o\u00f9 se tissent les liens et se cachent les secrets de tout un chacun.<br>\u00ab\u00a0En vis-\u00e0-vis\u00a0\u00bb, immersion dans l&rsquo;intimit\u00e9 urbaine, est accompagn\u00e9 d&rsquo;un clip in\u00e9dit, m\u00e9lange dessins faits \u00e0 la main et images r\u00e9elles, r\u00e9alis\u00e9 par Marc Dutriez.<\/p>\n\n\n\n<p class=\"has-text-align-center\"><iframe loading=\"lazy\" width=\"560\" height=\"315\" src=\"https:\/\/www.youtube.com\/embed\/HEjXv2Q0Suk?si=OdXtsCq2d_nwaTrJ\" title=\"YouTube video player\" frameborder=\"0\" allow=\"accelerometer; autoplay; clipboard-write; encrypted-media; gyroscope; picture-in-picture; web-share\" referrerpolicy=\"strict-origin-when-cross-origin\" allowfullscreen=\"\"><\/iframe><\/p>\n\n\n\n<p class=\"has-text-align-center\"><a href=\"https:\/\/www.facebook.com\/cortoinlyon\" target=\"_blank\" rel=\"noreferrer noopener\">Facebook<\/a> &#8211; <a href=\"https:\/\/www.instagram.com\/corto_in_lyon\" target=\"_blank\" rel=\"noreferrer noopener\">Instagram<\/a><\/p>\n\n\n\n<h2 class=\"wp-block-heading has-luminous-vivid-orange-color has-text-color\">Cool Cool Chaos : \u201cImpossible\u201d<\/h2>\n\n\n\n<p>Cool Cool Chaos est un groupe de rock fond\u00e9 en 2022 par Antoine Van Hentenryck, avec Tom Wautelet \u00e0 la batterie, tous deux originaires de la r\u00e9gion de Gembloux (Belgique).<br>Ils gravite dans un univers musical rock moderne d\u00e9complex\u00e9 et d\u00e9cal\u00e9, explorant des th\u00e8mes tant\u00f4t ironiques, tant\u00f4t sinc\u00e8res.<br>De ces r\u00e9cits teint\u00e9s d\u2019exp\u00e9riences \u00e9merge un monde imaginaire.<br>Des paroles fran\u00e7aises qui peignent des images dans l&rsquo;esprit, une vision floue et des guitares rugissantes.<br>Leur signature sonore est rock et teint\u00e9e de sons synth\u00e9tiques cr\u00e9ant une ambiance chaotique qui s&rsquo;av\u00e8re saisissante.<br>\u00ab\u00a0Impossible\u00a0\u00bb raconte l&rsquo;histoire de deux \u00e2mes courageuses qui refusent de se conformer aux conventions, bravent les jugements et trouvent la force de rester fid\u00e8les \u00e0 elles-m\u00eames.<\/p>\n\n\n\n<p class=\"has-text-align-center\"><iframe loading=\"lazy\" width=\"560\" height=\"315\" src=\"https:\/\/www.youtube.com\/embed\/UIJK7Tfq2Do?si=8E6BsHiRfoeDvAEg\" title=\"YouTube video player\" frameborder=\"0\" allow=\"accelerometer; autoplay; clipboard-write; encrypted-media; gyroscope; picture-in-picture; web-share\" referrerpolicy=\"strict-origin-when-cross-origin\" allowfullscreen=\"\"><\/iframe><\/p>\n\n\n\n<p class=\"has-text-align-center\"><a href=\"https:\/\/www.facebook.com\/coolcoolchaos\" target=\"_blank\" rel=\"noreferrer noopener\">Facebook<\/a> &#8211; <a href=\"https:\/\/www.instagram.com\/coolcoolchaos\" target=\"_blank\" rel=\"noreferrer noopener\">Instagram<\/a> &#8211; <a href=\"https:\/\/twitter.com\/_ccchaos\" target=\"_blank\" rel=\"noreferrer noopener\">Twitter<\/a><\/p>\n\n\n\n<h2 class=\"wp-block-heading has-luminous-vivid-orange-color has-text-color\">Carla Dona : \u201cFlashback\u201d<\/h2>\n\n\n\n<p>Carla Dona chante et danse depuis son plus jeune \u00e2ge. Du street jazz \u00e0 la danse contemporaine en passant par le heels (danse en talons) c&rsquo;est par le biais de la com\u00e9die musicale qu&rsquo;elle fera ses premiers pas sur sc\u00e8nes.<br>Apr\u00e8s sa sortie de Star Academy et une tourn\u00e9e des Z\u00e9niths aux c\u00f4t\u00e9s de Christophe Ma\u00e9, Carla Dona a su convaincre un public qu&rsquo;elle embarque aujourd&rsquo;hui avec elle au c\u0153ur de son intimit\u00e9, avec son style tout en douceur, aussi intime que sinc\u00e8re, aussi ent\u00eatant qu&rsquo;universel.<br>\u00ab\u00a0Flashback\u00a0\u00bb est le premier titre sur les 7 que compte son nouvel EP, \u00ab\u00a0A c\u0153ur ouvert\u00a0\u00bb.<\/p>\n\n\n\n<p class=\"has-text-align-center\"><iframe loading=\"lazy\" width=\"560\" height=\"315\" src=\"https:\/\/www.youtube.com\/embed\/QqjORpB9zcw?si=-vktCyC20CsjCqLm\" title=\"YouTube video player\" frameborder=\"0\" allow=\"accelerometer; autoplay; clipboard-write; encrypted-media; gyroscope; picture-in-picture; web-share\" referrerpolicy=\"strict-origin-when-cross-origin\" allowfullscreen=\"\"><\/iframe><\/p>\n\n\n\n<p class=\"has-text-align-center\"><a href=\"https:\/\/www.facebook.com\/carladonaoff\" target=\"_blank\" rel=\"noreferrer noopener\">Facebook<\/a> &#8211; <a href=\"https:\/\/www.instagram.com\/carladonaoff\" target=\"_blank\" rel=\"noreferrer noopener\">Instagram<\/a><\/p>\n\n\n\n<h2 class=\"wp-block-heading has-luminous-vivid-orange-color has-text-color\">Bini : \u201cComme une allumette\u201d<\/h2>\n\n\n\n<p>Apr\u00e8s quelques ann\u00e9es \u00e0 partager ses chansons en concert en Belgique, en France et en suisse, la jeune artiste belge Bini a sorti son premier EP, \u00ab\u00a0L&rsquo;allumette\u00a0\u00bb, un disque tendre et d\u00e9licat de 7 titres.<br>Bini est une adepte de la chanson fran\u00e7aise \u00e0 l&rsquo;ancienne, celle qui voyage entre th\u00e9\u00e2tre, musique et po\u00e9sie.<br>La voix presque nue, si ce n\u2019\u00e9tait pour une guitare serr\u00e9e contre un c\u0153ur qui aurait tendance \u00e0 d\u00e9border, elle chante la beaut\u00e9 qui ne s\u2019aime pas, la laideur de ce qu\u2019on voudrait beau, la pluie, l\u2019espoir et les allumettes.<\/p>\n\n\n\n<p class=\"has-text-align-center\"><iframe loading=\"lazy\" width=\"560\" height=\"315\" src=\"https:\/\/www.youtube.com\/embed\/R6nHwrXHCkU?si=S4Mq0lbVaKdeG_AY\" title=\"YouTube video player\" frameborder=\"0\" allow=\"accelerometer; autoplay; clipboard-write; encrypted-media; gyroscope; picture-in-picture; web-share\" referrerpolicy=\"strict-origin-when-cross-origin\" allowfullscreen=\"\"><\/iframe><\/p>\n\n\n\n<p class=\"has-text-align-center\"><a href=\"https:\/\/www.facebook.com\/binimusique\" target=\"_blank\" rel=\"noreferrer noopener\">Facebook<\/a> &#8211; <a href=\"https:\/\/www.instagram.com\/binimusique\" target=\"_blank\" rel=\"noreferrer noopener\">Instagram<\/a><\/p>\n\n\n\n<h2 class=\"wp-block-heading has-luminous-vivid-orange-color has-text-color\">The Ex Virgins : \u201cJe veux me faire virer\u201d<\/h2>\n\n\n\n<p>The Ex Virgins se pr\u00e9sente comme un groupe de 4 filles dont un mec !<br>Quand la f\u00e9minit\u00e9 est \u00e0 bout de souffle, elle cherche une nouvelle \u00e8re, un nouvel air, de nouvelles Eves pour lui redonner des ailes.<br>The Ex Virgins, anciennes vierges non sans puret\u00e9, chantent la femme dans tous ses \u00e9tats. Elles nous ouvrent les portes de leurs \u00e2mes fortes et fragiles, de leurs histoires sombres et dr\u00f4les. Tour \u00e0 tour princesses du moyen \u00e2ge ou femmes d\u2019affaire en burn out, bombes sexuelles ou largu\u00e9es, clitoridiennes citadines ou vaginales sauvages, toutes les \u00e9motions sont fortes, tout est vrai.<br>Un son pur, organique, profond, 100% acoustique et sans effets. Une \u00e9criture cisel\u00e9e et litt\u00e9raire d\u2019inspiration sixties qui pourrait rappeler Fran\u00e7oise Hardy ou Gainsbourg-Birkin. Une voix a\u00e9rienne, une guitare sensuelle, une basse vibrante, une batterie raffin\u00e9e et un souffle de piano.<br>\u00ab\u00a0Je veux me faire virer\u00a0\u00bb est le 2nd titre de l&rsquo;EP \u00ab\u00a0Ad Libitum 2\u00a0\u00bb qui en compte 5, qui fait suite aux 3 titres du premier opus \u00ab\u00a0Ad Libitum\u00a0\u00bb (sous-entendu, 1).<\/p>\n\n\n\n<p class=\"has-text-align-center\"><iframe loading=\"lazy\" width=\"560\" height=\"315\" src=\"https:\/\/www.youtube.com\/embed\/LrnJfAhTxU4?si=QD0urfqRATg6IAF_\" title=\"YouTube video player\" frameborder=\"0\" allow=\"accelerometer; autoplay; clipboard-write; encrypted-media; gyroscope; picture-in-picture; web-share\" referrerpolicy=\"strict-origin-when-cross-origin\" allowfullscreen=\"\"><\/iframe><\/p>\n\n\n\n<p class=\"has-text-align-center\"><a href=\"https:\/\/www.instagram.com\/the_ex_virgins\" target=\"_blank\" rel=\"noreferrer noopener\">Instagram<\/a><\/p>\n\n\n\n<h2 class=\"wp-block-heading has-luminous-vivid-orange-color has-text-color\">Sonia Lorenzi : \u201cBulles de pens\u00e9es\u201d<\/h2>\n\n\n\n<p>Sonia Lorenzi l&rsquo;artiste, auteure-compositrice-interpr\u00e8te fran\u00e7aise, originaire de la r\u00e9gion toulousaine, est de retour avec \u201cBulles de pens\u00e9es\u201d, un nouveau titre l\u00e9ger et joyeux qui nous plonge dans un univers pop acidul\u00e9, influenc\u00e9 par le disco. Avec ses synth\u00e9s r\u00e9tro, sa basse groovy et sa rythmique dansante, cette chanson invite \u00e0 prendre conscience des pens\u00e9es qui nous traversent, \u00e0 les accueillir et \u00e0 les laisser filer comme des bulles dans notre ciel int\u00e9rieur. Un titre qui incite \u00e0 bouger et \u00e0 danser !<br>D&rsquo;autres morceaux sont en pr\u00e9paration pour un projet d&rsquo;EP pr\u00e9vu pour fin 2024.<\/p>\n\n\n\n<p class=\"has-text-align-center\"><iframe loading=\"lazy\" width=\"560\" height=\"315\" src=\"https:\/\/www.youtube.com\/embed\/zDp4opIaFG8?si=7R-petJnrKNOxG4X\" title=\"YouTube video player\" frameborder=\"0\" allow=\"accelerometer; autoplay; clipboard-write; encrypted-media; gyroscope; picture-in-picture; web-share\" referrerpolicy=\"strict-origin-when-cross-origin\" allowfullscreen=\"\"><\/iframe><\/p>\n\n\n\n<p class=\"has-text-align-center\"><a href=\"https:\/\/www.facebook.com\/SoniaLorenziChansonFrancaisePoesie\" target=\"_blank\" rel=\"noreferrer noopener\">Facebook<\/a> &#8211; <a href=\"https:\/\/www.instagram.com\/sonia.lorenzi.chanson.poesie\" target=\"_blank\" rel=\"noreferrer noopener\">Instagram<\/a><\/p>\n\n\n\n<h2 class=\"wp-block-heading has-luminous-vivid-orange-color has-text-color\">Perine Hope : \u201cMe relever\u201d<\/h2>\n\n\n\n<p>Le parcours de la Havraise Perrine Hope est bien diff\u00e9rent de d&rsquo;autres artistes.<br>Depuis sa plus tendre enfance, elle est passionn\u00e9e de gym.<br>Malgr\u00e9 les blessures son esprit combatif ne l&rsquo;a jamais arr\u00eat\u00e9 pendant pr\u00e8s de 20 ans.<br>Un accident il y a 7 ans suivi de plusieurs op\u00e9rations aux \u00e9paules ont mis un terme \u00e0 cette carri\u00e8re.<br>Oblig\u00e9e de suspendre son 1er m\u00e9tier, elle franchit par hasard la porte d&rsquo;une \u00e9cole de musique.<br>Ce fut un d\u00e9clic, une r\u00e9v\u00e9lation. Elle participe \u00e0 diff\u00e9rentes masterclass : th\u00e9\u00e2tre, duos, pianos-voix, doublage voix&#8230;<br>La voix, comme expression de son \u00e2me.<br>Cette nouvelle passion va beaucoup plus loin pour Perrine qui prend du plaisir \u00e0 \u00e9crire et composer des chansons.<br>\u00ab\u00a0Me Relever\u00a0\u00bb est une chanson dynamique, une ode \u00e0 la r\u00e9silience et \u00e0 la force int\u00e9rieure.<\/p>\n\n\n\n<p class=\"has-text-align-center\"><iframe loading=\"lazy\" width=\"560\" height=\"315\" src=\"https:\/\/www.youtube.com\/embed\/wFcL_boKfZk?si=XjerkZv6sZTLhv4u\" title=\"YouTube video player\" frameborder=\"0\" allow=\"accelerometer; autoplay; clipboard-write; encrypted-media; gyroscope; picture-in-picture; web-share\" referrerpolicy=\"strict-origin-when-cross-origin\" allowfullscreen=\"\"><\/iframe><\/p>\n\n\n\n<p class=\"has-text-align-center\"><a href=\"https:\/\/www.facebook.com\/perrinehope\" target=\"_blank\" rel=\"noreferrer noopener\">Facebook<\/a> &#8211; <a href=\"https:\/\/www.instagram.com\/perrinehope\" target=\"_blank\" rel=\"noreferrer noopener\">Instagram<\/a> &#8211; <a href=\"https:\/\/twitter.com\/perrinehope\" target=\"_blank\" rel=\"noreferrer noopener\">Twitter<\/a><\/p>\n\n\n\n<h2 class=\"wp-block-heading has-luminous-vivid-orange-color has-text-color\">He\u00efka : \u201cFaux Pas\u201d<\/h2>\n\n\n\n<p>He\u00efka est un groupe indie-pop qu\u00e9b\u00e9cois dont le c\u0153ur est compos\u00e9 de la chanteuse Andr\u00e9e-Anne B\u00e9lisle et de la pianiste Jo-Annie Bourdeau. Amies ins\u00e9parables, leur complicit\u00e9 s\u2019est d\u00e9velopp\u00e9e lors de leurs \u00e9tudes en interpr\u00e9tation jazz \u00e0 l\u2019Universit\u00e9 de Montr\u00e9al.<br>On retrouve \u00e9galement Vincent Lachaine \u00e0 la guitare, Jonathan Arseneau \u00e0 la basse et Simon Bellemare \u00e0 la batterie.<br>L\u2019apport cr\u00e9atif de chaque musicien offre aujourd\u2019hui aux m\u00e9lomanes une musique envo\u00fbtante o\u00f9 se c\u00f4toient la chaleur du folk et les atmosph\u00e8res \u00e9clectiques de l\u2019\u00e9lectro.<br>Il en r\u00e9sulte une parfaite harmonie, \u00e0 l\u2019image de l\u2019amiti\u00e9 qui lie ses autrices-compositrices-interpr\u00e8tes.<\/p>\n\n\n\n<p class=\"has-text-align-center\"><iframe loading=\"lazy\" width=\"560\" height=\"315\" src=\"https:\/\/www.youtube.com\/embed\/cRsryStHYZw?si=RBUtd7Xbpzo5gLMA\" title=\"YouTube video player\" frameborder=\"0\" allow=\"accelerometer; autoplay; clipboard-write; encrypted-media; gyroscope; picture-in-picture; web-share\" referrerpolicy=\"strict-origin-when-cross-origin\" allowfullscreen=\"\"><\/iframe><\/p>\n\n\n\n<p class=\"has-text-align-center\"><a href=\"https:\/\/www.facebook.com\/heikamusique\" target=\"_blank\" rel=\"noreferrer noopener\">Facebook<\/a> &#8211; <a href=\"https:\/\/www.instagram.com\/__heika__\" target=\"_blank\" rel=\"noreferrer noopener\">Instagram<\/a><\/p>\n\n\n\n<h2 class=\"wp-block-heading has-luminous-vivid-orange-color has-text-color\">Lou Ciantar : \u201cJoie\u201d<\/h2>\n\n\n\n<p>Pour Lou Ciantar est une artiste bas\u00e9e \u00e0 Montreuil, pr\u00e8s de Paris, et originaire d&rsquo;Aix en Provence.<br>Pour elle, la pop fran\u00e7aise est une \u00e9tincelle rest\u00e9e intacte depuis des ann\u00e9es.<br>Sa maturit\u00e9 d\u00e9complex\u00e9e lib\u00e8re son \u00e9criture de chansons. Lou d\u00e9fie les diktats du temps et de l\u2019\u00e2ge. Comme David Bowie, elle est convaincue que \u00ab vieillir est un processus extraordinaire, o\u00f9 l\u2019on devient la personne que l\u2019on aurait toujours d\u00fb \u00eatre \u00bb.<br>Sur son prochain album \u00ab\u00a0Traverse\u00a0\u00bb, dont \u00ab\u00a0Joie\u00a0\u00bb est 1er single, comme sur son album \u00ab\u00a0Gourmande\u00a0\u00bb de 2010, Lou distille une subtile alchimie entre populaire et chanson d&rsquo;auteur, \u00e9quilibrant l\u00e9g\u00e8ret\u00e9 et profondeur.<br>Son complice de longue date, Benjamin Constant (Julien Clerc, Yvan Cassar, Patrick Bruel, Hubert F\u00e9lix Thi\u00e9faine, Sanseverino\u2026), d\u00e9voile des arrangements Electro Disco Pop Rock au service des compositions savamment travaill\u00e9es de Lou Ciantar.<br>Un univers sonore \u00e0 la fois sobre et sophistiqu\u00e9. Une collaboration qui met en valeur un style musical qui n&rsquo;exclut jamais l&rsquo;\u00e9motion ni le sens de la s\u00e9duction\u2026 car oui, \u00e0 \u00ab\u00a0trois fois l&rsquo;\u00e2ge\u00a0\u00bb, Lou Ciantar va mettre le paquet !<\/p>\n\n\n\n<p class=\"has-text-align-center\"><iframe loading=\"lazy\" width=\"560\" height=\"315\" src=\"https:\/\/www.youtube.com\/embed\/GoGkHyPI6bE?si=vj185dlmdB_1KF1U\" title=\"YouTube video player\" frameborder=\"0\" allow=\"accelerometer; autoplay; clipboard-write; encrypted-media; gyroscope; picture-in-picture; web-share\" referrerpolicy=\"strict-origin-when-cross-origin\" allowfullscreen=\"\"><\/iframe><\/p>\n\n\n\n<p class=\"has-text-align-center\"><a href=\"https:\/\/www.facebook.com\/louciantar\" target=\"_blank\" rel=\"noreferrer noopener\">Facebook<\/a> &#8211; <a href=\"https:\/\/www.instagram.com\/lou_ciantar\" target=\"_blank\" rel=\"noreferrer noopener\">Instagram<\/a><\/p>\n\n\n\n<h2 class=\"wp-block-heading has-luminous-vivid-orange-color has-text-color\">Fabien Strauss : \u201cLes hirondelles\u201d<\/h2>\n\n\n\n<p>Fabien Strauss, auteur, compositeur et interpr\u00e8te \u00e9m\u00e9rite, a marqu\u00e9 la sc\u00e8ne musicale fran\u00e7aise par ses compositions cin\u00e9matographiques telles que \u00abLes amours secr\u00e8tes\u00bb (dont il compose la bande sonore en collaboration avec Nicolas Peyrac et Martin Nachon), \u00abKickback\u00bb, et \u00abParanormal Investigation\u00bb.<br>En 2019, Fabien Strauss se consacre \u00e0 des projets plus personnels, dont son premier album pour piano solo, \u00abSolinne \u00bb, reflet de son \u00e9volution artistique et de sa recherche d\u2019authenticit\u00e9.<br>Aujourd\u2019hui il renoue avec sa premi\u00e8re passion, l\u2019\u00e9criture, offrant des chansons empreintes de sensibilit\u00e9 dans un style Pop enchanteur, invitant l\u2019auditeur \u00e0 un voyage intime \u00e0 travers des th\u00e8mes universels tels que l\u2019amour et les p\u00e9r\u00e9grinations de l\u2019\u00e2me.<br>\u00ab\u00a0Les Hirondelles\u00a0\u00bb est le troisi\u00e8me single de Fabien, sans doute sa chanson la plus intime et la plus personnelle.<br>Elle conte avec douceur les r\u00e9miniscences de mon enfance, alliant la simplicit\u00e9 d&rsquo;un enfant qui chante \u00e0 la nostalgie d&rsquo;un adulte qui se souvient.<br>Un voyage vers la tendresse et l&rsquo;insouciance. C&rsquo;est le premier single d&rsquo;un Ep \u00e0 venir pour la rentr\u00e9e.<\/p>\n\n\n\n<p class=\"has-text-align-center\"><iframe loading=\"lazy\" width=\"560\" height=\"315\" src=\"https:\/\/www.youtube.com\/embed\/wwc8CbtAbVg?si=icehQj-B6HkQ6L2E\" title=\"YouTube video player\" frameborder=\"0\" allow=\"accelerometer; autoplay; clipboard-write; encrypted-media; gyroscope; picture-in-picture; web-share\" referrerpolicy=\"strict-origin-when-cross-origin\" allowfullscreen=\"\"><\/iframe><\/p>\n\n\n\n<p class=\"has-text-align-center\"><a href=\"https:\/\/www.facebook.com\/fabienstraussoff\" target=\"_blank\" rel=\"noreferrer noopener\">Facebook<\/a> &#8211; <a href=\"https:\/\/www.instagram.com\/fabienstraussoff\" target=\"_blank\" rel=\"noreferrer noopener\">Instagram<\/a><\/p>\n","protected":false},"excerpt":{"rendered":"<p>Vous connaissez le dicton, \u00ab\u00a0en mai fait ce qu&rsquo;il te plait\u00a0\u00bb&#8230;On dirait qu&rsquo;il en va&#8230;<\/p>\n","protected":false},"author":1,"featured_media":1476,"comment_status":"closed","ping_status":"open","sticky":false,"template":"","format":"standard","meta":{"_uag_custom_page_level_css":"","footnotes":""},"categories":[81],"tags":[],"class_list":["post-9361","post","type-post","status-publish","format-standard","has-post-thumbnail","hentry","category-chanson-francaise"],"yoast_head":"<!-- This site is optimized with the Yoast SEO plugin v27.5 - https:\/\/yoast.com\/product\/yoast-seo-wordpress\/ -->\n<title>Chronique de la chanson fran\u00e7aise, \u00e9pisode 27, mai apporte \u00e0 vos chansons un petit air de printemps ! - Radio Castor<\/title>\n<meta name=\"robots\" content=\"index, follow, max-snippet:-1, max-image-preview:large, max-video-preview:-1\" \/>\n<link rel=\"canonical\" href=\"https:\/\/www.radiocastor.com\/index.php\/chronique-de-la-chanson-francaise-episode-27-mai-apporte-a-vos-chansons-un-petit-air-de-printemps\/\" \/>\n<meta property=\"og:locale\" content=\"fr_FR\" \/>\n<meta property=\"og:type\" content=\"article\" \/>\n<meta property=\"og:title\" content=\"Chronique de la chanson fran\u00e7aise, \u00e9pisode 27, mai apporte \u00e0 vos chansons un petit air de printemps ! - Radio Castor\" \/>\n<meta property=\"og:description\" content=\"Vous connaissez le dicton, \u00ab\u00a0en mai fait ce qu&rsquo;il te plait\u00a0\u00bb&#8230;On dirait qu&rsquo;il en va...\" \/>\n<meta property=\"og:url\" content=\"https:\/\/www.radiocastor.com\/index.php\/chronique-de-la-chanson-francaise-episode-27-mai-apporte-a-vos-chansons-un-petit-air-de-printemps\/\" \/>\n<meta property=\"og:site_name\" content=\"Radio Castor\" \/>\n<meta property=\"article:publisher\" content=\"https:\/\/www.facebook.com\/theradiocastor\" \/>\n<meta property=\"article:published_time\" content=\"2024-05-31T16:18:13+00:00\" \/>\n<meta property=\"article:modified_time\" content=\"2024-07-01T15:52:43+00:00\" \/>\n<meta property=\"og:image\" content=\"https:\/\/www.radiocastor.com\/wp-content\/uploads\/2022\/04\/francophonie-3.jpg\" \/>\n\t<meta property=\"og:image:width\" content=\"500\" \/>\n\t<meta property=\"og:image:height\" content=\"368\" \/>\n\t<meta property=\"og:image:type\" content=\"image\/jpeg\" \/>\n<meta name=\"author\" content=\"R\u00e9daction R C\" \/>\n<meta name=\"twitter:card\" content=\"summary_large_image\" \/>\n<meta name=\"twitter:creator\" content=\"@TheRadioCastor\" \/>\n<meta name=\"twitter:site\" content=\"@TheRadioCastor\" \/>\n<meta name=\"twitter:label1\" content=\"\u00c9crit par\" \/>\n\t<meta name=\"twitter:data1\" content=\"R\u00e9daction R C\" \/>\n\t<meta name=\"twitter:label2\" content=\"Dur\u00e9e de lecture estim\u00e9e\" \/>\n\t<meta name=\"twitter:data2\" content=\"16 minutes\" \/>\n<script type=\"application\/ld+json\" class=\"yoast-schema-graph\">{\"@context\":\"https:\\\/\\\/schema.org\",\"@graph\":[{\"@type\":\"Article\",\"@id\":\"https:\\\/\\\/www.radiocastor.com\\\/index.php\\\/chronique-de-la-chanson-francaise-episode-27-mai-apporte-a-vos-chansons-un-petit-air-de-printemps\\\/#article\",\"isPartOf\":{\"@id\":\"https:\\\/\\\/www.radiocastor.com\\\/index.php\\\/chronique-de-la-chanson-francaise-episode-27-mai-apporte-a-vos-chansons-un-petit-air-de-printemps\\\/\"},\"author\":{\"name\":\"R\u00e9daction R C\",\"@id\":\"https:\\\/\\\/www.radiocastor.com\\\/#\\\/schema\\\/person\\\/558b0e47dc4c11fa52b2220ba6a78779\"},\"headline\":\"Chronique de la chanson fran\u00e7aise, \u00e9pisode 27, mai apporte \u00e0 vos chansons un petit air de printemps !\",\"datePublished\":\"2024-05-31T16:18:13+00:00\",\"dateModified\":\"2024-07-01T15:52:43+00:00\",\"mainEntityOfPage\":{\"@id\":\"https:\\\/\\\/www.radiocastor.com\\\/index.php\\\/chronique-de-la-chanson-francaise-episode-27-mai-apporte-a-vos-chansons-un-petit-air-de-printemps\\\/\"},\"wordCount\":3193,\"publisher\":{\"@id\":\"https:\\\/\\\/www.radiocastor.com\\\/#organization\"},\"image\":{\"@id\":\"https:\\\/\\\/www.radiocastor.com\\\/index.php\\\/chronique-de-la-chanson-francaise-episode-27-mai-apporte-a-vos-chansons-un-petit-air-de-printemps\\\/#primaryimage\"},\"thumbnailUrl\":\"https:\\\/\\\/www.radiocastor.com\\\/wp-content\\\/uploads\\\/2022\\\/04\\\/francophonie-3.jpg\",\"articleSection\":[\"Chanson Fran\u00e7aise\"],\"inLanguage\":\"fr-FR\"},{\"@type\":\"WebPage\",\"@id\":\"https:\\\/\\\/www.radiocastor.com\\\/index.php\\\/chronique-de-la-chanson-francaise-episode-27-mai-apporte-a-vos-chansons-un-petit-air-de-printemps\\\/\",\"url\":\"https:\\\/\\\/www.radiocastor.com\\\/index.php\\\/chronique-de-la-chanson-francaise-episode-27-mai-apporte-a-vos-chansons-un-petit-air-de-printemps\\\/\",\"name\":\"Chronique de la chanson fran\u00e7aise, \u00e9pisode 27, mai apporte \u00e0 vos chansons un petit air de printemps ! - Radio Castor\",\"isPartOf\":{\"@id\":\"https:\\\/\\\/www.radiocastor.com\\\/#website\"},\"primaryImageOfPage\":{\"@id\":\"https:\\\/\\\/www.radiocastor.com\\\/index.php\\\/chronique-de-la-chanson-francaise-episode-27-mai-apporte-a-vos-chansons-un-petit-air-de-printemps\\\/#primaryimage\"},\"image\":{\"@id\":\"https:\\\/\\\/www.radiocastor.com\\\/index.php\\\/chronique-de-la-chanson-francaise-episode-27-mai-apporte-a-vos-chansons-un-petit-air-de-printemps\\\/#primaryimage\"},\"thumbnailUrl\":\"https:\\\/\\\/www.radiocastor.com\\\/wp-content\\\/uploads\\\/2022\\\/04\\\/francophonie-3.jpg\",\"datePublished\":\"2024-05-31T16:18:13+00:00\",\"dateModified\":\"2024-07-01T15:52:43+00:00\",\"breadcrumb\":{\"@id\":\"https:\\\/\\\/www.radiocastor.com\\\/index.php\\\/chronique-de-la-chanson-francaise-episode-27-mai-apporte-a-vos-chansons-un-petit-air-de-printemps\\\/#breadcrumb\"},\"inLanguage\":\"fr-FR\",\"potentialAction\":[{\"@type\":\"ReadAction\",\"target\":[\"https:\\\/\\\/www.radiocastor.com\\\/index.php\\\/chronique-de-la-chanson-francaise-episode-27-mai-apporte-a-vos-chansons-un-petit-air-de-printemps\\\/\"]}]},{\"@type\":\"ImageObject\",\"inLanguage\":\"fr-FR\",\"@id\":\"https:\\\/\\\/www.radiocastor.com\\\/index.php\\\/chronique-de-la-chanson-francaise-episode-27-mai-apporte-a-vos-chansons-un-petit-air-de-printemps\\\/#primaryimage\",\"url\":\"https:\\\/\\\/www.radiocastor.com\\\/wp-content\\\/uploads\\\/2022\\\/04\\\/francophonie-3.jpg\",\"contentUrl\":\"https:\\\/\\\/www.radiocastor.com\\\/wp-content\\\/uploads\\\/2022\\\/04\\\/francophonie-3.jpg\",\"width\":500,\"height\":368,\"caption\":\"francophonie\"},{\"@type\":\"BreadcrumbList\",\"@id\":\"https:\\\/\\\/www.radiocastor.com\\\/index.php\\\/chronique-de-la-chanson-francaise-episode-27-mai-apporte-a-vos-chansons-un-petit-air-de-printemps\\\/#breadcrumb\",\"itemListElement\":[{\"@type\":\"ListItem\",\"position\":1,\"name\":\"Accueil\",\"item\":\"https:\\\/\\\/www.radiocastor.com\\\/\"},{\"@type\":\"ListItem\",\"position\":2,\"name\":\"Chronique de la chanson fran\u00e7aise, \u00e9pisode 27, mai apporte \u00e0 vos chansons un petit air de printemps !\"}]},{\"@type\":\"WebSite\",\"@id\":\"https:\\\/\\\/www.radiocastor.com\\\/#website\",\"url\":\"https:\\\/\\\/www.radiocastor.com\\\/\",\"name\":\"Radio Castor\",\"description\":\"La voix !\",\"publisher\":{\"@id\":\"https:\\\/\\\/www.radiocastor.com\\\/#organization\"},\"potentialAction\":[{\"@type\":\"SearchAction\",\"target\":{\"@type\":\"EntryPoint\",\"urlTemplate\":\"https:\\\/\\\/www.radiocastor.com\\\/?s={search_term_string}\"},\"query-input\":{\"@type\":\"PropertyValueSpecification\",\"valueRequired\":true,\"valueName\":\"search_term_string\"}}],\"inLanguage\":\"fr-FR\"},{\"@type\":\"Organization\",\"@id\":\"https:\\\/\\\/www.radiocastor.com\\\/#organization\",\"name\":\"Radio Castor\",\"url\":\"https:\\\/\\\/www.radiocastor.com\\\/\",\"logo\":{\"@type\":\"ImageObject\",\"inLanguage\":\"fr-FR\",\"@id\":\"https:\\\/\\\/www.radiocastor.com\\\/#\\\/schema\\\/logo\\\/image\\\/\",\"url\":\"https:\\\/\\\/www.radiocastor.com\\\/wp-content\\\/uploads\\\/2021\\\/11\\\/cropped-Radio-castor-logo-2.png\",\"contentUrl\":\"https:\\\/\\\/www.radiocastor.com\\\/wp-content\\\/uploads\\\/2021\\\/11\\\/cropped-Radio-castor-logo-2.png\",\"width\":437,\"height\":219,\"caption\":\"Radio Castor\"},\"image\":{\"@id\":\"https:\\\/\\\/www.radiocastor.com\\\/#\\\/schema\\\/logo\\\/image\\\/\"},\"sameAs\":[\"https:\\\/\\\/www.facebook.com\\\/theradiocastor\",\"https:\\\/\\\/x.com\\\/TheRadioCastor\",\"https:\\\/\\\/www.instagram.com\\\/theradiocastor\",\"https:\\\/\\\/www.youtube.com\\\/c\\\/RadioCastor\"]},{\"@type\":\"Person\",\"@id\":\"https:\\\/\\\/www.radiocastor.com\\\/#\\\/schema\\\/person\\\/558b0e47dc4c11fa52b2220ba6a78779\",\"name\":\"R\u00e9daction R C\",\"image\":{\"@type\":\"ImageObject\",\"inLanguage\":\"fr-FR\",\"@id\":\"https:\\\/\\\/secure.gravatar.com\\\/avatar\\\/1d3e4f4c4a0d129f7ed4838ea20c33760c2484b9bc381993df6c0e3f5bf89c23?s=96&d=mm&r=g\",\"url\":\"https:\\\/\\\/secure.gravatar.com\\\/avatar\\\/1d3e4f4c4a0d129f7ed4838ea20c33760c2484b9bc381993df6c0e3f5bf89c23?s=96&d=mm&r=g\",\"contentUrl\":\"https:\\\/\\\/secure.gravatar.com\\\/avatar\\\/1d3e4f4c4a0d129f7ed4838ea20c33760c2484b9bc381993df6c0e3f5bf89c23?s=96&d=mm&r=g\",\"caption\":\"R\u00e9daction R C\"},\"sameAs\":[\"http:\\\/\\\/www.radiocastor.com\"],\"url\":\"https:\\\/\\\/www.radiocastor.com\\\/index.php\\\/author\\\/radio-castor\\\/\"}]}<\/script>\n<!-- \/ Yoast SEO plugin. -->","yoast_head_json":{"title":"Chronique de la chanson fran\u00e7aise, \u00e9pisode 27, mai apporte \u00e0 vos chansons un petit air de printemps ! - Radio Castor","robots":{"index":"index","follow":"follow","max-snippet":"max-snippet:-1","max-image-preview":"max-image-preview:large","max-video-preview":"max-video-preview:-1"},"canonical":"https:\/\/www.radiocastor.com\/index.php\/chronique-de-la-chanson-francaise-episode-27-mai-apporte-a-vos-chansons-un-petit-air-de-printemps\/","og_locale":"fr_FR","og_type":"article","og_title":"Chronique de la chanson fran\u00e7aise, \u00e9pisode 27, mai apporte \u00e0 vos chansons un petit air de printemps ! - Radio Castor","og_description":"Vous connaissez le dicton, \u00ab\u00a0en mai fait ce qu&rsquo;il te plait\u00a0\u00bb&#8230;On dirait qu&rsquo;il en va...","og_url":"https:\/\/www.radiocastor.com\/index.php\/chronique-de-la-chanson-francaise-episode-27-mai-apporte-a-vos-chansons-un-petit-air-de-printemps\/","og_site_name":"Radio Castor","article_publisher":"https:\/\/www.facebook.com\/theradiocastor","article_published_time":"2024-05-31T16:18:13+00:00","article_modified_time":"2024-07-01T15:52:43+00:00","og_image":[{"width":500,"height":368,"url":"https:\/\/www.radiocastor.com\/wp-content\/uploads\/2022\/04\/francophonie-3.jpg","type":"image\/jpeg"}],"author":"R\u00e9daction R C","twitter_card":"summary_large_image","twitter_creator":"@TheRadioCastor","twitter_site":"@TheRadioCastor","twitter_misc":{"\u00c9crit par":"R\u00e9daction R C","Dur\u00e9e de lecture estim\u00e9e":"16 minutes"},"schema":{"@context":"https:\/\/schema.org","@graph":[{"@type":"Article","@id":"https:\/\/www.radiocastor.com\/index.php\/chronique-de-la-chanson-francaise-episode-27-mai-apporte-a-vos-chansons-un-petit-air-de-printemps\/#article","isPartOf":{"@id":"https:\/\/www.radiocastor.com\/index.php\/chronique-de-la-chanson-francaise-episode-27-mai-apporte-a-vos-chansons-un-petit-air-de-printemps\/"},"author":{"name":"R\u00e9daction R C","@id":"https:\/\/www.radiocastor.com\/#\/schema\/person\/558b0e47dc4c11fa52b2220ba6a78779"},"headline":"Chronique de la chanson fran\u00e7aise, \u00e9pisode 27, mai apporte \u00e0 vos chansons un petit air de printemps !","datePublished":"2024-05-31T16:18:13+00:00","dateModified":"2024-07-01T15:52:43+00:00","mainEntityOfPage":{"@id":"https:\/\/www.radiocastor.com\/index.php\/chronique-de-la-chanson-francaise-episode-27-mai-apporte-a-vos-chansons-un-petit-air-de-printemps\/"},"wordCount":3193,"publisher":{"@id":"https:\/\/www.radiocastor.com\/#organization"},"image":{"@id":"https:\/\/www.radiocastor.com\/index.php\/chronique-de-la-chanson-francaise-episode-27-mai-apporte-a-vos-chansons-un-petit-air-de-printemps\/#primaryimage"},"thumbnailUrl":"https:\/\/www.radiocastor.com\/wp-content\/uploads\/2022\/04\/francophonie-3.jpg","articleSection":["Chanson Fran\u00e7aise"],"inLanguage":"fr-FR"},{"@type":"WebPage","@id":"https:\/\/www.radiocastor.com\/index.php\/chronique-de-la-chanson-francaise-episode-27-mai-apporte-a-vos-chansons-un-petit-air-de-printemps\/","url":"https:\/\/www.radiocastor.com\/index.php\/chronique-de-la-chanson-francaise-episode-27-mai-apporte-a-vos-chansons-un-petit-air-de-printemps\/","name":"Chronique de la chanson fran\u00e7aise, \u00e9pisode 27, mai apporte \u00e0 vos chansons un petit air de printemps ! - Radio Castor","isPartOf":{"@id":"https:\/\/www.radiocastor.com\/#website"},"primaryImageOfPage":{"@id":"https:\/\/www.radiocastor.com\/index.php\/chronique-de-la-chanson-francaise-episode-27-mai-apporte-a-vos-chansons-un-petit-air-de-printemps\/#primaryimage"},"image":{"@id":"https:\/\/www.radiocastor.com\/index.php\/chronique-de-la-chanson-francaise-episode-27-mai-apporte-a-vos-chansons-un-petit-air-de-printemps\/#primaryimage"},"thumbnailUrl":"https:\/\/www.radiocastor.com\/wp-content\/uploads\/2022\/04\/francophonie-3.jpg","datePublished":"2024-05-31T16:18:13+00:00","dateModified":"2024-07-01T15:52:43+00:00","breadcrumb":{"@id":"https:\/\/www.radiocastor.com\/index.php\/chronique-de-la-chanson-francaise-episode-27-mai-apporte-a-vos-chansons-un-petit-air-de-printemps\/#breadcrumb"},"inLanguage":"fr-FR","potentialAction":[{"@type":"ReadAction","target":["https:\/\/www.radiocastor.com\/index.php\/chronique-de-la-chanson-francaise-episode-27-mai-apporte-a-vos-chansons-un-petit-air-de-printemps\/"]}]},{"@type":"ImageObject","inLanguage":"fr-FR","@id":"https:\/\/www.radiocastor.com\/index.php\/chronique-de-la-chanson-francaise-episode-27-mai-apporte-a-vos-chansons-un-petit-air-de-printemps\/#primaryimage","url":"https:\/\/www.radiocastor.com\/wp-content\/uploads\/2022\/04\/francophonie-3.jpg","contentUrl":"https:\/\/www.radiocastor.com\/wp-content\/uploads\/2022\/04\/francophonie-3.jpg","width":500,"height":368,"caption":"francophonie"},{"@type":"BreadcrumbList","@id":"https:\/\/www.radiocastor.com\/index.php\/chronique-de-la-chanson-francaise-episode-27-mai-apporte-a-vos-chansons-un-petit-air-de-printemps\/#breadcrumb","itemListElement":[{"@type":"ListItem","position":1,"name":"Accueil","item":"https:\/\/www.radiocastor.com\/"},{"@type":"ListItem","position":2,"name":"Chronique de la chanson fran\u00e7aise, \u00e9pisode 27, mai apporte \u00e0 vos chansons un petit air de printemps !"}]},{"@type":"WebSite","@id":"https:\/\/www.radiocastor.com\/#website","url":"https:\/\/www.radiocastor.com\/","name":"Radio Castor","description":"La voix !","publisher":{"@id":"https:\/\/www.radiocastor.com\/#organization"},"potentialAction":[{"@type":"SearchAction","target":{"@type":"EntryPoint","urlTemplate":"https:\/\/www.radiocastor.com\/?s={search_term_string}"},"query-input":{"@type":"PropertyValueSpecification","valueRequired":true,"valueName":"search_term_string"}}],"inLanguage":"fr-FR"},{"@type":"Organization","@id":"https:\/\/www.radiocastor.com\/#organization","name":"Radio Castor","url":"https:\/\/www.radiocastor.com\/","logo":{"@type":"ImageObject","inLanguage":"fr-FR","@id":"https:\/\/www.radiocastor.com\/#\/schema\/logo\/image\/","url":"https:\/\/www.radiocastor.com\/wp-content\/uploads\/2021\/11\/cropped-Radio-castor-logo-2.png","contentUrl":"https:\/\/www.radiocastor.com\/wp-content\/uploads\/2021\/11\/cropped-Radio-castor-logo-2.png","width":437,"height":219,"caption":"Radio Castor"},"image":{"@id":"https:\/\/www.radiocastor.com\/#\/schema\/logo\/image\/"},"sameAs":["https:\/\/www.facebook.com\/theradiocastor","https:\/\/x.com\/TheRadioCastor","https:\/\/www.instagram.com\/theradiocastor","https:\/\/www.youtube.com\/c\/RadioCastor"]},{"@type":"Person","@id":"https:\/\/www.radiocastor.com\/#\/schema\/person\/558b0e47dc4c11fa52b2220ba6a78779","name":"R\u00e9daction R C","image":{"@type":"ImageObject","inLanguage":"fr-FR","@id":"https:\/\/secure.gravatar.com\/avatar\/1d3e4f4c4a0d129f7ed4838ea20c33760c2484b9bc381993df6c0e3f5bf89c23?s=96&d=mm&r=g","url":"https:\/\/secure.gravatar.com\/avatar\/1d3e4f4c4a0d129f7ed4838ea20c33760c2484b9bc381993df6c0e3f5bf89c23?s=96&d=mm&r=g","contentUrl":"https:\/\/secure.gravatar.com\/avatar\/1d3e4f4c4a0d129f7ed4838ea20c33760c2484b9bc381993df6c0e3f5bf89c23?s=96&d=mm&r=g","caption":"R\u00e9daction R C"},"sameAs":["http:\/\/www.radiocastor.com"],"url":"https:\/\/www.radiocastor.com\/index.php\/author\/radio-castor\/"}]}},"uagb_featured_image_src":{"full":["https:\/\/www.radiocastor.com\/wp-content\/uploads\/2022\/04\/francophonie-3.jpg",500,368,false],"thumbnail":["https:\/\/www.radiocastor.com\/wp-content\/uploads\/2022\/04\/francophonie-3-150x150.jpg",150,150,true],"medium":["https:\/\/www.radiocastor.com\/wp-content\/uploads\/2022\/04\/francophonie-3-300x221.jpg",300,221,true],"medium_large":["https:\/\/www.radiocastor.com\/wp-content\/uploads\/2022\/04\/francophonie-3.jpg",500,368,false],"large":["https:\/\/www.radiocastor.com\/wp-content\/uploads\/2022\/04\/francophonie-3.jpg",500,368,false],"1536x1536":["https:\/\/www.radiocastor.com\/wp-content\/uploads\/2022\/04\/francophonie-3.jpg",500,368,false],"2048x2048":["https:\/\/www.radiocastor.com\/wp-content\/uploads\/2022\/04\/francophonie-3.jpg",500,368,false],"newsever-slider-full":["https:\/\/www.radiocastor.com\/wp-content\/uploads\/2022\/04\/francophonie-3.jpg",500,368,false],"newsever-featured":["https:\/\/www.radiocastor.com\/wp-content\/uploads\/2022\/04\/francophonie-3.jpg",500,368,false],"newsever-medium":["https:\/\/www.radiocastor.com\/wp-content\/uploads\/2022\/04\/francophonie-3.jpg",500,368,false]},"uagb_author_info":{"display_name":"R\u00e9daction R C","author_link":"https:\/\/www.radiocastor.com\/index.php\/author\/radio-castor\/"},"uagb_comment_info":0,"uagb_excerpt":"Vous connaissez le dicton, \u00ab\u00a0en mai fait ce qu&rsquo;il te plait\u00a0\u00bb&#8230;On dirait qu&rsquo;il en va...","_links":{"self":[{"href":"https:\/\/www.radiocastor.com\/index.php\/wp-json\/wp\/v2\/posts\/9361","targetHints":{"allow":["GET"]}}],"collection":[{"href":"https:\/\/www.radiocastor.com\/index.php\/wp-json\/wp\/v2\/posts"}],"about":[{"href":"https:\/\/www.radiocastor.com\/index.php\/wp-json\/wp\/v2\/types\/post"}],"author":[{"embeddable":true,"href":"https:\/\/www.radiocastor.com\/index.php\/wp-json\/wp\/v2\/users\/1"}],"replies":[{"embeddable":true,"href":"https:\/\/www.radiocastor.com\/index.php\/wp-json\/wp\/v2\/comments?post=9361"}],"version-history":[{"count":7,"href":"https:\/\/www.radiocastor.com\/index.php\/wp-json\/wp\/v2\/posts\/9361\/revisions"}],"predecessor-version":[{"id":9375,"href":"https:\/\/www.radiocastor.com\/index.php\/wp-json\/wp\/v2\/posts\/9361\/revisions\/9375"}],"wp:featuredmedia":[{"embeddable":true,"href":"https:\/\/www.radiocastor.com\/index.php\/wp-json\/wp\/v2\/media\/1476"}],"wp:attachment":[{"href":"https:\/\/www.radiocastor.com\/index.php\/wp-json\/wp\/v2\/media?parent=9361"}],"wp:term":[{"taxonomy":"category","embeddable":true,"href":"https:\/\/www.radiocastor.com\/index.php\/wp-json\/wp\/v2\/categories?post=9361"},{"taxonomy":"post_tag","embeddable":true,"href":"https:\/\/www.radiocastor.com\/index.php\/wp-json\/wp\/v2\/tags?post=9361"}],"curies":[{"name":"wp","href":"https:\/\/api.w.org\/{rel}","templated":true}]}}