{"id":866,"date":"2022-02-14T14:50:00","date_gmt":"2022-02-14T13:50:00","guid":{"rendered":"https:\/\/www.radiocastor.com\/?p=866"},"modified":"2022-02-14T14:52:53","modified_gmt":"2022-02-14T13:52:53","slug":"avec-all-my-heroes-naeleck-sassocie-a-sarah-rebecca-pour-donner-une-nouvelle-voix-a-son-edm","status":"publish","type":"post","link":"https:\/\/www.radiocastor.com\/index.php\/avec-all-my-heroes-naeleck-sassocie-a-sarah-rebecca-pour-donner-une-nouvelle-voix-a-son-edm\/","title":{"rendered":"Avec \u00ab\u00a0All My Heroes\u00a0\u00bb, Naeleck s&rsquo;associe \u00e0 Sarah Rebecca pour donner une nouvelle voix \u00e0 son EDM"},"content":{"rendered":"\n<p>En featuring avec Sarah Rebecca , \u00ab\u00a0All My Heroes\u00a0\u00bb est le premier single de Naeleck, le DJ originaire de Rennes, destin\u00e9 \u00e0 la radio, venant conjurer le sort. Parenth\u00e8se nostalgique dans sa musique, ce titre vient compl\u00e9ter les aventures de son personnage, loin de ce \u00e0 quoi il nous avait habitu\u00e9, notamment des remixes pour des gros labels japonais.<\/p>\n\n\n\n<p>Le personnage de Naeleck est ironiquement un DJ humain sans succ\u00e8s, mort d\u2019une overdose en soir\u00e9e, ayant fait un pacte avec le diable. Apr\u00e8s \u00eatre revenu \u00e0 la vie avec une musique aux rythmes hards, il doit devenir le meilleur Dj au monde afin de r\u00e9cup\u00e9rer son \u00e2me. Mal\u00e9diction : il n\u2019aime plus la musique m\u00e9lodique.<\/p>\n\n\n\n<p>En fusionnant cette fois des univers musicaux diff\u00e9rents, l&rsquo;artiste offre une nouvelle facette \u00e0 ses auditeurs en les entrainant sur les chemins de la r\u00e9silience qui sommeille en chacun d&rsquo;eux. Ce projet m\u00e9lodieux vient donc comme une incise dans le parcours musical du Dj, apportant douceur et textes accrocheurs \u00e0 son EDM.<\/p>\n\n\n\n<p><iframe loading=\"lazy\" src=\"https:\/\/www.youtube.com\/embed\/nqTKpzPrvQ0\" title=\"YouTube video player\" allow=\"accelerometer; autoplay; clipboard-write; encrypted-media; gyroscope; picture-in-picture\" allowfullscreen=\"\" width=\"560\" height=\"315\" frameborder=\"0\"><\/iframe><\/p>\n\n\n\n<p class=\"has-text-align-center\">Naeleck : <a rel=\"noreferrer noopener\" href=\"http:\/\/www.naeleck.com\/\" target=\"_blank\">Site officiel<\/a> &#8211; <a rel=\"noreferrer noopener\" href=\"https:\/\/www.facebook.com\/Naeleck\/\" target=\"_blank\">Facebook <\/a>&#8211; <a rel=\"noreferrer noopener\" href=\"https:\/\/www.instagram.com\/naeleck\/\" target=\"_blank\">Instagram <\/a>&#8211; <a rel=\"noreferrer noopener\" href=\"https:\/\/twitter.com\/Naeleck\" target=\"_blank\">Twitter<\/a><\/p>\n\n\n\n<p class=\"has-text-align-center\">Sarah Rebecca : <a href=\"https:\/\/www.facebook.com\/sarahrebeccamusic\/\" target=\"_blank\" rel=\"noreferrer noopener\">Facebook <\/a>&#8211; <a href=\"https:\/\/www.instagram.com\/sarahrebeccamusic\" target=\"_blank\" rel=\"noreferrer noopener\">Instagram <\/a>&#8211; <a href=\"https:\/\/twitter.com\/sarahrebecca_k\" target=\"_blank\" rel=\"noreferrer noopener\">Twitter<\/a><\/p>\n","protected":false},"excerpt":{"rendered":"<p>En featuring avec Sarah Rebecca , \u00ab\u00a0All My Heroes\u00a0\u00bb est le premier single de Naeleck,&#8230;<\/p>\n","protected":false},"author":1,"featured_media":867,"comment_status":"closed","ping_status":"open","sticky":false,"template":"","format":"standard","meta":{"_uag_custom_page_level_css":"","footnotes":""},"categories":[75,32],"tags":[],"class_list":["post-866","post","type-post","status-publish","format-standard","has-post-thumbnail","hentry","category-electro","category-single"],"yoast_head":"<!-- This site is optimized with the Yoast SEO plugin v27.4 - https:\/\/yoast.com\/product\/yoast-seo-wordpress\/ -->\n<title>Avec &quot;All My Heroes&quot;, Naeleck s&#039;associe \u00e0 Sarah Rebecca pour donner une nouvelle voix \u00e0 son EDM - Radio Castor<\/title>\n<meta name=\"robots\" content=\"index, follow, max-snippet:-1, max-image-preview:large, max-video-preview:-1\" \/>\n<link rel=\"canonical\" href=\"https:\/\/www.radiocastor.com\/index.php\/avec-all-my-heroes-naeleck-sassocie-a-sarah-rebecca-pour-donner-une-nouvelle-voix-a-son-edm\/\" \/>\n<meta property=\"og:locale\" content=\"fr_FR\" \/>\n<meta property=\"og:type\" content=\"article\" \/>\n<meta property=\"og:title\" content=\"Avec &quot;All My Heroes&quot;, Naeleck s&#039;associe \u00e0 Sarah Rebecca pour donner une nouvelle voix \u00e0 son EDM - Radio Castor\" \/>\n<meta property=\"og:description\" content=\"En featuring avec Sarah Rebecca , \u00ab\u00a0All My Heroes\u00a0\u00bb est le premier single de Naeleck,...\" \/>\n<meta property=\"og:url\" content=\"https:\/\/www.radiocastor.com\/index.php\/avec-all-my-heroes-naeleck-sassocie-a-sarah-rebecca-pour-donner-une-nouvelle-voix-a-son-edm\/\" \/>\n<meta property=\"og:site_name\" content=\"Radio Castor\" \/>\n<meta property=\"article:publisher\" content=\"https:\/\/www.facebook.com\/theradiocastor\" \/>\n<meta property=\"article:published_time\" content=\"2022-02-14T13:50:00+00:00\" \/>\n<meta property=\"article:modified_time\" content=\"2022-02-14T13:52:53+00:00\" \/>\n<meta property=\"og:image\" content=\"https:\/\/www.radiocastor.com\/wp-content\/uploads\/2022\/02\/Naeleck.jpg\" \/>\n\t<meta property=\"og:image:width\" content=\"640\" \/>\n\t<meta property=\"og:image:height\" content=\"640\" \/>\n\t<meta property=\"og:image:type\" content=\"image\/jpeg\" \/>\n<meta name=\"author\" content=\"R\u00e9daction R C\" \/>\n<meta name=\"twitter:card\" content=\"summary_large_image\" \/>\n<meta name=\"twitter:creator\" content=\"@TheRadioCastor\" \/>\n<meta name=\"twitter:site\" content=\"@TheRadioCastor\" \/>\n<meta name=\"twitter:label1\" content=\"\u00c9crit par\" \/>\n\t<meta name=\"twitter:data1\" content=\"R\u00e9daction R C\" \/>\n\t<meta name=\"twitter:label2\" content=\"Dur\u00e9e de lecture estim\u00e9e\" \/>\n\t<meta name=\"twitter:data2\" content=\"1 minute\" \/>\n<script type=\"application\/ld+json\" class=\"yoast-schema-graph\">{\"@context\":\"https:\\\/\\\/schema.org\",\"@graph\":[{\"@type\":\"Article\",\"@id\":\"https:\\\/\\\/www.radiocastor.com\\\/index.php\\\/avec-all-my-heroes-naeleck-sassocie-a-sarah-rebecca-pour-donner-une-nouvelle-voix-a-son-edm\\\/#article\",\"isPartOf\":{\"@id\":\"https:\\\/\\\/www.radiocastor.com\\\/index.php\\\/avec-all-my-heroes-naeleck-sassocie-a-sarah-rebecca-pour-donner-une-nouvelle-voix-a-son-edm\\\/\"},\"author\":{\"name\":\"R\u00e9daction R C\",\"@id\":\"https:\\\/\\\/www.radiocastor.com\\\/#\\\/schema\\\/person\\\/558b0e47dc4c11fa52b2220ba6a78779\"},\"headline\":\"Avec \u00ab\u00a0All My Heroes\u00a0\u00bb, Naeleck s&rsquo;associe \u00e0 Sarah Rebecca pour donner une nouvelle voix \u00e0 son EDM\",\"datePublished\":\"2022-02-14T13:50:00+00:00\",\"dateModified\":\"2022-02-14T13:52:53+00:00\",\"mainEntityOfPage\":{\"@id\":\"https:\\\/\\\/www.radiocastor.com\\\/index.php\\\/avec-all-my-heroes-naeleck-sassocie-a-sarah-rebecca-pour-donner-une-nouvelle-voix-a-son-edm\\\/\"},\"wordCount\":208,\"publisher\":{\"@id\":\"https:\\\/\\\/www.radiocastor.com\\\/#organization\"},\"image\":{\"@id\":\"https:\\\/\\\/www.radiocastor.com\\\/index.php\\\/avec-all-my-heroes-naeleck-sassocie-a-sarah-rebecca-pour-donner-une-nouvelle-voix-a-son-edm\\\/#primaryimage\"},\"thumbnailUrl\":\"https:\\\/\\\/www.radiocastor.com\\\/wp-content\\\/uploads\\\/2022\\\/02\\\/Naeleck.jpg\",\"articleSection\":[\"Electro\",\"Single\"],\"inLanguage\":\"fr-FR\"},{\"@type\":\"WebPage\",\"@id\":\"https:\\\/\\\/www.radiocastor.com\\\/index.php\\\/avec-all-my-heroes-naeleck-sassocie-a-sarah-rebecca-pour-donner-une-nouvelle-voix-a-son-edm\\\/\",\"url\":\"https:\\\/\\\/www.radiocastor.com\\\/index.php\\\/avec-all-my-heroes-naeleck-sassocie-a-sarah-rebecca-pour-donner-une-nouvelle-voix-a-son-edm\\\/\",\"name\":\"Avec \\\"All My Heroes\\\", Naeleck s'associe \u00e0 Sarah Rebecca pour donner une nouvelle voix \u00e0 son EDM - Radio Castor\",\"isPartOf\":{\"@id\":\"https:\\\/\\\/www.radiocastor.com\\\/#website\"},\"primaryImageOfPage\":{\"@id\":\"https:\\\/\\\/www.radiocastor.com\\\/index.php\\\/avec-all-my-heroes-naeleck-sassocie-a-sarah-rebecca-pour-donner-une-nouvelle-voix-a-son-edm\\\/#primaryimage\"},\"image\":{\"@id\":\"https:\\\/\\\/www.radiocastor.com\\\/index.php\\\/avec-all-my-heroes-naeleck-sassocie-a-sarah-rebecca-pour-donner-une-nouvelle-voix-a-son-edm\\\/#primaryimage\"},\"thumbnailUrl\":\"https:\\\/\\\/www.radiocastor.com\\\/wp-content\\\/uploads\\\/2022\\\/02\\\/Naeleck.jpg\",\"datePublished\":\"2022-02-14T13:50:00+00:00\",\"dateModified\":\"2022-02-14T13:52:53+00:00\",\"breadcrumb\":{\"@id\":\"https:\\\/\\\/www.radiocastor.com\\\/index.php\\\/avec-all-my-heroes-naeleck-sassocie-a-sarah-rebecca-pour-donner-une-nouvelle-voix-a-son-edm\\\/#breadcrumb\"},\"inLanguage\":\"fr-FR\",\"potentialAction\":[{\"@type\":\"ReadAction\",\"target\":[\"https:\\\/\\\/www.radiocastor.com\\\/index.php\\\/avec-all-my-heroes-naeleck-sassocie-a-sarah-rebecca-pour-donner-une-nouvelle-voix-a-son-edm\\\/\"]}]},{\"@type\":\"ImageObject\",\"inLanguage\":\"fr-FR\",\"@id\":\"https:\\\/\\\/www.radiocastor.com\\\/index.php\\\/avec-all-my-heroes-naeleck-sassocie-a-sarah-rebecca-pour-donner-une-nouvelle-voix-a-son-edm\\\/#primaryimage\",\"url\":\"https:\\\/\\\/www.radiocastor.com\\\/wp-content\\\/uploads\\\/2022\\\/02\\\/Naeleck.jpg\",\"contentUrl\":\"https:\\\/\\\/www.radiocastor.com\\\/wp-content\\\/uploads\\\/2022\\\/02\\\/Naeleck.jpg\",\"width\":640,\"height\":640},{\"@type\":\"BreadcrumbList\",\"@id\":\"https:\\\/\\\/www.radiocastor.com\\\/index.php\\\/avec-all-my-heroes-naeleck-sassocie-a-sarah-rebecca-pour-donner-une-nouvelle-voix-a-son-edm\\\/#breadcrumb\",\"itemListElement\":[{\"@type\":\"ListItem\",\"position\":1,\"name\":\"Accueil\",\"item\":\"https:\\\/\\\/www.radiocastor.com\\\/\"},{\"@type\":\"ListItem\",\"position\":2,\"name\":\"Avec \u00ab\u00a0All My Heroes\u00a0\u00bb, Naeleck s&rsquo;associe \u00e0 Sarah Rebecca pour donner une nouvelle voix \u00e0 son EDM\"}]},{\"@type\":\"WebSite\",\"@id\":\"https:\\\/\\\/www.radiocastor.com\\\/#website\",\"url\":\"https:\\\/\\\/www.radiocastor.com\\\/\",\"name\":\"Radio Castor\",\"description\":\"La voix !\",\"publisher\":{\"@id\":\"https:\\\/\\\/www.radiocastor.com\\\/#organization\"},\"potentialAction\":[{\"@type\":\"SearchAction\",\"target\":{\"@type\":\"EntryPoint\",\"urlTemplate\":\"https:\\\/\\\/www.radiocastor.com\\\/?s={search_term_string}\"},\"query-input\":{\"@type\":\"PropertyValueSpecification\",\"valueRequired\":true,\"valueName\":\"search_term_string\"}}],\"inLanguage\":\"fr-FR\"},{\"@type\":\"Organization\",\"@id\":\"https:\\\/\\\/www.radiocastor.com\\\/#organization\",\"name\":\"Radio Castor\",\"url\":\"https:\\\/\\\/www.radiocastor.com\\\/\",\"logo\":{\"@type\":\"ImageObject\",\"inLanguage\":\"fr-FR\",\"@id\":\"https:\\\/\\\/www.radiocastor.com\\\/#\\\/schema\\\/logo\\\/image\\\/\",\"url\":\"https:\\\/\\\/www.radiocastor.com\\\/wp-content\\\/uploads\\\/2021\\\/11\\\/cropped-Radio-castor-logo-2.png\",\"contentUrl\":\"https:\\\/\\\/www.radiocastor.com\\\/wp-content\\\/uploads\\\/2021\\\/11\\\/cropped-Radio-castor-logo-2.png\",\"width\":437,\"height\":219,\"caption\":\"Radio Castor\"},\"image\":{\"@id\":\"https:\\\/\\\/www.radiocastor.com\\\/#\\\/schema\\\/logo\\\/image\\\/\"},\"sameAs\":[\"https:\\\/\\\/www.facebook.com\\\/theradiocastor\",\"https:\\\/\\\/x.com\\\/TheRadioCastor\",\"https:\\\/\\\/www.instagram.com\\\/theradiocastor\",\"https:\\\/\\\/www.youtube.com\\\/c\\\/RadioCastor\"]},{\"@type\":\"Person\",\"@id\":\"https:\\\/\\\/www.radiocastor.com\\\/#\\\/schema\\\/person\\\/558b0e47dc4c11fa52b2220ba6a78779\",\"name\":\"R\u00e9daction R C\",\"image\":{\"@type\":\"ImageObject\",\"inLanguage\":\"fr-FR\",\"@id\":\"https:\\\/\\\/secure.gravatar.com\\\/avatar\\\/1d3e4f4c4a0d129f7ed4838ea20c33760c2484b9bc381993df6c0e3f5bf89c23?s=96&d=mm&r=g\",\"url\":\"https:\\\/\\\/secure.gravatar.com\\\/avatar\\\/1d3e4f4c4a0d129f7ed4838ea20c33760c2484b9bc381993df6c0e3f5bf89c23?s=96&d=mm&r=g\",\"contentUrl\":\"https:\\\/\\\/secure.gravatar.com\\\/avatar\\\/1d3e4f4c4a0d129f7ed4838ea20c33760c2484b9bc381993df6c0e3f5bf89c23?s=96&d=mm&r=g\",\"caption\":\"R\u00e9daction R C\"},\"sameAs\":[\"http:\\\/\\\/www.radiocastor.com\"],\"url\":\"https:\\\/\\\/www.radiocastor.com\\\/index.php\\\/author\\\/radio-castor\\\/\"}]}<\/script>\n<!-- \/ Yoast SEO plugin. -->","yoast_head_json":{"title":"Avec \"All My Heroes\", Naeleck s'associe \u00e0 Sarah Rebecca pour donner une nouvelle voix \u00e0 son EDM - Radio Castor","robots":{"index":"index","follow":"follow","max-snippet":"max-snippet:-1","max-image-preview":"max-image-preview:large","max-video-preview":"max-video-preview:-1"},"canonical":"https:\/\/www.radiocastor.com\/index.php\/avec-all-my-heroes-naeleck-sassocie-a-sarah-rebecca-pour-donner-une-nouvelle-voix-a-son-edm\/","og_locale":"fr_FR","og_type":"article","og_title":"Avec \"All My Heroes\", Naeleck s'associe \u00e0 Sarah Rebecca pour donner une nouvelle voix \u00e0 son EDM - Radio Castor","og_description":"En featuring avec Sarah Rebecca , \u00ab\u00a0All My Heroes\u00a0\u00bb est le premier single de Naeleck,...","og_url":"https:\/\/www.radiocastor.com\/index.php\/avec-all-my-heroes-naeleck-sassocie-a-sarah-rebecca-pour-donner-une-nouvelle-voix-a-son-edm\/","og_site_name":"Radio Castor","article_publisher":"https:\/\/www.facebook.com\/theradiocastor","article_published_time":"2022-02-14T13:50:00+00:00","article_modified_time":"2022-02-14T13:52:53+00:00","og_image":[{"width":640,"height":640,"url":"https:\/\/www.radiocastor.com\/wp-content\/uploads\/2022\/02\/Naeleck.jpg","type":"image\/jpeg"}],"author":"R\u00e9daction R C","twitter_card":"summary_large_image","twitter_creator":"@TheRadioCastor","twitter_site":"@TheRadioCastor","twitter_misc":{"\u00c9crit par":"R\u00e9daction R C","Dur\u00e9e de lecture estim\u00e9e":"1 minute"},"schema":{"@context":"https:\/\/schema.org","@graph":[{"@type":"Article","@id":"https:\/\/www.radiocastor.com\/index.php\/avec-all-my-heroes-naeleck-sassocie-a-sarah-rebecca-pour-donner-une-nouvelle-voix-a-son-edm\/#article","isPartOf":{"@id":"https:\/\/www.radiocastor.com\/index.php\/avec-all-my-heroes-naeleck-sassocie-a-sarah-rebecca-pour-donner-une-nouvelle-voix-a-son-edm\/"},"author":{"name":"R\u00e9daction R C","@id":"https:\/\/www.radiocastor.com\/#\/schema\/person\/558b0e47dc4c11fa52b2220ba6a78779"},"headline":"Avec \u00ab\u00a0All My Heroes\u00a0\u00bb, Naeleck s&rsquo;associe \u00e0 Sarah Rebecca pour donner une nouvelle voix \u00e0 son EDM","datePublished":"2022-02-14T13:50:00+00:00","dateModified":"2022-02-14T13:52:53+00:00","mainEntityOfPage":{"@id":"https:\/\/www.radiocastor.com\/index.php\/avec-all-my-heroes-naeleck-sassocie-a-sarah-rebecca-pour-donner-une-nouvelle-voix-a-son-edm\/"},"wordCount":208,"publisher":{"@id":"https:\/\/www.radiocastor.com\/#organization"},"image":{"@id":"https:\/\/www.radiocastor.com\/index.php\/avec-all-my-heroes-naeleck-sassocie-a-sarah-rebecca-pour-donner-une-nouvelle-voix-a-son-edm\/#primaryimage"},"thumbnailUrl":"https:\/\/www.radiocastor.com\/wp-content\/uploads\/2022\/02\/Naeleck.jpg","articleSection":["Electro","Single"],"inLanguage":"fr-FR"},{"@type":"WebPage","@id":"https:\/\/www.radiocastor.com\/index.php\/avec-all-my-heroes-naeleck-sassocie-a-sarah-rebecca-pour-donner-une-nouvelle-voix-a-son-edm\/","url":"https:\/\/www.radiocastor.com\/index.php\/avec-all-my-heroes-naeleck-sassocie-a-sarah-rebecca-pour-donner-une-nouvelle-voix-a-son-edm\/","name":"Avec \"All My Heroes\", Naeleck s'associe \u00e0 Sarah Rebecca pour donner une nouvelle voix \u00e0 son EDM - Radio Castor","isPartOf":{"@id":"https:\/\/www.radiocastor.com\/#website"},"primaryImageOfPage":{"@id":"https:\/\/www.radiocastor.com\/index.php\/avec-all-my-heroes-naeleck-sassocie-a-sarah-rebecca-pour-donner-une-nouvelle-voix-a-son-edm\/#primaryimage"},"image":{"@id":"https:\/\/www.radiocastor.com\/index.php\/avec-all-my-heroes-naeleck-sassocie-a-sarah-rebecca-pour-donner-une-nouvelle-voix-a-son-edm\/#primaryimage"},"thumbnailUrl":"https:\/\/www.radiocastor.com\/wp-content\/uploads\/2022\/02\/Naeleck.jpg","datePublished":"2022-02-14T13:50:00+00:00","dateModified":"2022-02-14T13:52:53+00:00","breadcrumb":{"@id":"https:\/\/www.radiocastor.com\/index.php\/avec-all-my-heroes-naeleck-sassocie-a-sarah-rebecca-pour-donner-une-nouvelle-voix-a-son-edm\/#breadcrumb"},"inLanguage":"fr-FR","potentialAction":[{"@type":"ReadAction","target":["https:\/\/www.radiocastor.com\/index.php\/avec-all-my-heroes-naeleck-sassocie-a-sarah-rebecca-pour-donner-une-nouvelle-voix-a-son-edm\/"]}]},{"@type":"ImageObject","inLanguage":"fr-FR","@id":"https:\/\/www.radiocastor.com\/index.php\/avec-all-my-heroes-naeleck-sassocie-a-sarah-rebecca-pour-donner-une-nouvelle-voix-a-son-edm\/#primaryimage","url":"https:\/\/www.radiocastor.com\/wp-content\/uploads\/2022\/02\/Naeleck.jpg","contentUrl":"https:\/\/www.radiocastor.com\/wp-content\/uploads\/2022\/02\/Naeleck.jpg","width":640,"height":640},{"@type":"BreadcrumbList","@id":"https:\/\/www.radiocastor.com\/index.php\/avec-all-my-heroes-naeleck-sassocie-a-sarah-rebecca-pour-donner-une-nouvelle-voix-a-son-edm\/#breadcrumb","itemListElement":[{"@type":"ListItem","position":1,"name":"Accueil","item":"https:\/\/www.radiocastor.com\/"},{"@type":"ListItem","position":2,"name":"Avec \u00ab\u00a0All My Heroes\u00a0\u00bb, Naeleck s&rsquo;associe \u00e0 Sarah Rebecca pour donner une nouvelle voix \u00e0 son EDM"}]},{"@type":"WebSite","@id":"https:\/\/www.radiocastor.com\/#website","url":"https:\/\/www.radiocastor.com\/","name":"Radio Castor","description":"La voix !","publisher":{"@id":"https:\/\/www.radiocastor.com\/#organization"},"potentialAction":[{"@type":"SearchAction","target":{"@type":"EntryPoint","urlTemplate":"https:\/\/www.radiocastor.com\/?s={search_term_string}"},"query-input":{"@type":"PropertyValueSpecification","valueRequired":true,"valueName":"search_term_string"}}],"inLanguage":"fr-FR"},{"@type":"Organization","@id":"https:\/\/www.radiocastor.com\/#organization","name":"Radio Castor","url":"https:\/\/www.radiocastor.com\/","logo":{"@type":"ImageObject","inLanguage":"fr-FR","@id":"https:\/\/www.radiocastor.com\/#\/schema\/logo\/image\/","url":"https:\/\/www.radiocastor.com\/wp-content\/uploads\/2021\/11\/cropped-Radio-castor-logo-2.png","contentUrl":"https:\/\/www.radiocastor.com\/wp-content\/uploads\/2021\/11\/cropped-Radio-castor-logo-2.png","width":437,"height":219,"caption":"Radio Castor"},"image":{"@id":"https:\/\/www.radiocastor.com\/#\/schema\/logo\/image\/"},"sameAs":["https:\/\/www.facebook.com\/theradiocastor","https:\/\/x.com\/TheRadioCastor","https:\/\/www.instagram.com\/theradiocastor","https:\/\/www.youtube.com\/c\/RadioCastor"]},{"@type":"Person","@id":"https:\/\/www.radiocastor.com\/#\/schema\/person\/558b0e47dc4c11fa52b2220ba6a78779","name":"R\u00e9daction R C","image":{"@type":"ImageObject","inLanguage":"fr-FR","@id":"https:\/\/secure.gravatar.com\/avatar\/1d3e4f4c4a0d129f7ed4838ea20c33760c2484b9bc381993df6c0e3f5bf89c23?s=96&d=mm&r=g","url":"https:\/\/secure.gravatar.com\/avatar\/1d3e4f4c4a0d129f7ed4838ea20c33760c2484b9bc381993df6c0e3f5bf89c23?s=96&d=mm&r=g","contentUrl":"https:\/\/secure.gravatar.com\/avatar\/1d3e4f4c4a0d129f7ed4838ea20c33760c2484b9bc381993df6c0e3f5bf89c23?s=96&d=mm&r=g","caption":"R\u00e9daction R C"},"sameAs":["http:\/\/www.radiocastor.com"],"url":"https:\/\/www.radiocastor.com\/index.php\/author\/radio-castor\/"}]}},"uagb_featured_image_src":{"full":["https:\/\/www.radiocastor.com\/wp-content\/uploads\/2022\/02\/Naeleck.jpg",640,640,false],"thumbnail":["https:\/\/www.radiocastor.com\/wp-content\/uploads\/2022\/02\/Naeleck-150x150.jpg",150,150,true],"medium":["https:\/\/www.radiocastor.com\/wp-content\/uploads\/2022\/02\/Naeleck-300x300.jpg",300,300,true],"medium_large":["https:\/\/www.radiocastor.com\/wp-content\/uploads\/2022\/02\/Naeleck.jpg",640,640,false],"large":["https:\/\/www.radiocastor.com\/wp-content\/uploads\/2022\/02\/Naeleck.jpg",640,640,false],"1536x1536":["https:\/\/www.radiocastor.com\/wp-content\/uploads\/2022\/02\/Naeleck.jpg",640,640,false],"2048x2048":["https:\/\/www.radiocastor.com\/wp-content\/uploads\/2022\/02\/Naeleck.jpg",640,640,false],"newsever-slider-full":["https:\/\/www.radiocastor.com\/wp-content\/uploads\/2022\/02\/Naeleck.jpg",640,640,false],"newsever-featured":["https:\/\/www.radiocastor.com\/wp-content\/uploads\/2022\/02\/Naeleck.jpg",640,640,false],"newsever-medium":["https:\/\/www.radiocastor.com\/wp-content\/uploads\/2022\/02\/Naeleck-640x475.jpg",640,475,true]},"uagb_author_info":{"display_name":"R\u00e9daction R C","author_link":"https:\/\/www.radiocastor.com\/index.php\/author\/radio-castor\/"},"uagb_comment_info":0,"uagb_excerpt":"En featuring avec Sarah Rebecca , \u00ab\u00a0All My Heroes\u00a0\u00bb est le premier single de Naeleck,...","_links":{"self":[{"href":"https:\/\/www.radiocastor.com\/index.php\/wp-json\/wp\/v2\/posts\/866","targetHints":{"allow":["GET"]}}],"collection":[{"href":"https:\/\/www.radiocastor.com\/index.php\/wp-json\/wp\/v2\/posts"}],"about":[{"href":"https:\/\/www.radiocastor.com\/index.php\/wp-json\/wp\/v2\/types\/post"}],"author":[{"embeddable":true,"href":"https:\/\/www.radiocastor.com\/index.php\/wp-json\/wp\/v2\/users\/1"}],"replies":[{"embeddable":true,"href":"https:\/\/www.radiocastor.com\/index.php\/wp-json\/wp\/v2\/comments?post=866"}],"version-history":[{"count":0,"href":"https:\/\/www.radiocastor.com\/index.php\/wp-json\/wp\/v2\/posts\/866\/revisions"}],"wp:featuredmedia":[{"embeddable":true,"href":"https:\/\/www.radiocastor.com\/index.php\/wp-json\/wp\/v2\/media\/867"}],"wp:attachment":[{"href":"https:\/\/www.radiocastor.com\/index.php\/wp-json\/wp\/v2\/media?parent=866"}],"wp:term":[{"taxonomy":"category","embeddable":true,"href":"https:\/\/www.radiocastor.com\/index.php\/wp-json\/wp\/v2\/categories?post=866"},{"taxonomy":"post_tag","embeddable":true,"href":"https:\/\/www.radiocastor.com\/index.php\/wp-json\/wp\/v2\/tags?post=866"}],"curies":[{"name":"wp","href":"https:\/\/api.w.org\/{rel}","templated":true}]}}