{"id":7771,"date":"2024-01-06T01:08:22","date_gmt":"2024-01-06T00:08:22","guid":{"rendered":"https:\/\/www.radiocastor.com\/?p=7771"},"modified":"2024-01-06T01:08:23","modified_gmt":"2024-01-06T00:08:23","slug":"asi-fui-sort-le-3eme-single-de-leur-prochain-ep-une-reflexion-pleine-doptimisme-whats-the-best-that-can-happen","status":"publish","type":"post","link":"https:\/\/www.radiocastor.com\/index.php\/asi-fui-sort-le-3eme-single-de-leur-prochain-ep-une-reflexion-pleine-doptimisme-whats-the-best-that-can-happen\/","title":{"rendered":"Asi Fui sort le 3\u00e8me single de leur prochain EP, une r\u00e9flexion pleine d&rsquo;optimisme, \u00ab\u00a0What&rsquo;s The Best That Can Happen?\u00a0\u00bb"},"content":{"rendered":"\n<p>Le groupe nord-am\u00e9ricain f\u00e9minin psych\/rock\/soul Asi Fui nous pr\u00e9sente son dernier titre, \u00ab\u00a0What&rsquo;s The Best That Can Happen?\u00a0\u00bb, sorti le 1er janvier 2024.<\/p>\n\n\n\n<p>Depuis leur cr\u00e9ation en 2015, Asi Fui (Long Beach, Californie) a apport\u00e9 ses textures luxuriantes, sonores et rythm\u00e9es \u00e0 de nombreuses oreilles \u00e0 travers la Californie du Sud.<\/p>\n\n\n\n<p>Des arrangements atmosph\u00e9riques suspendent la voix \u00e9mouvante de la chanteuse\/bassiste Tatiana Velazquez pendant que les auditeurs r\u00e9fl\u00e9chissent \u00e0 ses paroles durement gagn\u00e9es.<\/p>\n\n\n\n<p>La gamme stylistique du batteur Ryan Reiff cr\u00e9e une toile utilisant des rythmes complexes d\u2019influence psychique et afro.<\/p>\n\n\n\n<p>Les guitaristes Miguel Vasquez et Vince Mazza tissent authentiquement des \u00e9l\u00e9ments d&rsquo;or sonore pour compl\u00e9ter. La grand-m\u00e8re de Velazquez avait l\u2019habitude d\u2019\u00e9crire sur les photos de sa jeunesse en signant \u00ab asi fui \u00bb avec ce qu\u2019elle faisait au moment o\u00f9 la photo \u00e9tait prise.<\/p>\n\n\n\n<p>Cela se traduit par \u00ab c\u2019est comme \u00e7a que j\u2019\u00e9tais\/allais \u00bb en espagnol. Le nom est devenu une d\u00e9claration de la fa\u00e7on dont le groupe surfe sur la vague d&rsquo;un moment donn\u00e9 et les chansons deviennent un horodatage captur\u00e9.<\/p>\n\n\n\n<p>Asi Fui a sorti deux EP, \u00ab Live : Fernet Session \u00bb et \u00ab Gold \u00bb, un album complet \u00ab Parallelogram \u00bb, ainsi que des vid\u00e9oclips conceptualis\u00e9s et co-r\u00e9alis\u00e9s par la chanteuse.<\/p>\n\n\n\n<p>Ils viennent de sortir \u00ab\u00a0Hearts, Beating Faster\u00a0\u00bb, \u00ab\u00a0Filth\u00a0\u00bb, ainsi que le single titre d&rsquo;un EP \u00e0 venir de 6 chansons intitul\u00e9 \u00ab\u00a0What&rsquo;s the Best That Can Happen ?\u00a0\u00bb<\/p>\n\n\n\n<p>\u00ab\u00a0What&rsquo;s the Best That Can Happen ?\u00a0\u00bb<br>Il s\u2019agit de se d\u00e9tourner de l\u2019\u00e9tat d\u2019esprit selon lequel rien ne fonctionne et d\u2019accepter qu\u2019il est plus que probable que tout se passe mieux que vous ne le pensez.<br>Le d\u00e9nigrement insens\u00e9 de notre \u00eatre est inutile, alors que nous pouvons plut\u00f4t insister pour un ton plus \u00e9clair\u00e9 dans nos vies.<\/p>\n\n\n\n<p>Les paroles de la chanson \u00ab\u00a0What&rsquo;s The Best That Can Happen?\u00a0\u00bb de Asi Fui \u00e9voquent l&rsquo;optimisme et la recherche du meilleur. Elles questionnent sur les bonnes choses qui peuvent arriver, la victoire, le soleil sur le visage, les \u00e9treintes douces et la qu\u00eate de sens. La chanson encourage \u00e0 se demander ce que l&rsquo;on repr\u00e9sente dans un monde sans poids et \u00e0 chercher consciemment ce qui est devant nous.<\/p>\n\n\n\n<p><em>A \u00e9couter sur <a href=\"https:\/\/www.radiocastor.com\/index.php\/playlist\/\" target=\"_blank\" rel=\"noreferrer noopener\">nos playlists<\/a> !<\/em><\/p>\n\n\n\n<p class=\"has-text-align-center\"><iframe loading=\"lazy\" width=\"560\" height=\"315\" src=\"https:\/\/www.youtube.com\/embed\/vVXc7ZBImyo?si=J0R-Ssftnz0_9_RZ\" title=\"YouTube video player\" frameborder=\"0\" allow=\"accelerometer; autoplay; clipboard-write; encrypted-media; gyroscope; picture-in-picture; web-share\" allowfullscreen=\"\"><\/iframe><\/p>\n\n\n\n<p class=\"has-text-align-center\"><a href=\"https:\/\/www.facebook.com\/AsiFuiMusic\" target=\"_blank\" rel=\"noreferrer noopener\">Facebook<\/a> &#8211; <a href=\"https:\/\/www.instagram.com\/asifui\" target=\"_blank\" rel=\"noreferrer noopener\">Instagram<\/a><\/p>\n","protected":false},"excerpt":{"rendered":"<p>Le groupe nord-am\u00e9ricain f\u00e9minin psych\/rock\/soul Asi Fui nous pr\u00e9sente son dernier titre, \u00ab\u00a0What&rsquo;s The Best&#8230;<\/p>\n","protected":false},"author":1,"featured_media":7772,"comment_status":"closed","ping_status":"open","sticky":false,"template":"","format":"standard","meta":{"_uag_custom_page_level_css":"","footnotes":""},"categories":[85,4,5,32,46],"tags":[],"class_list":["post-7771","post","type-post","status-publish","format-standard","has-post-thumbnail","hentry","category-alternatif","category-pop","category-rock","category-single","category-sortie"],"yoast_head":"<!-- This site is optimized with the Yoast SEO plugin v27.5 - https:\/\/yoast.com\/product\/yoast-seo-wordpress\/ -->\n<title>Asi Fui sort le 3\u00e8me single de leur prochain EP, une r\u00e9flexion pleine d&#039;optimisme, &quot;What&#039;s The Best That Can Happen?&quot; - Radio Castor<\/title>\n<meta name=\"robots\" content=\"index, follow, max-snippet:-1, max-image-preview:large, max-video-preview:-1\" \/>\n<link rel=\"canonical\" href=\"https:\/\/www.radiocastor.com\/index.php\/asi-fui-sort-le-3eme-single-de-leur-prochain-ep-une-reflexion-pleine-doptimisme-whats-the-best-that-can-happen\/\" \/>\n<meta property=\"og:locale\" content=\"fr_FR\" \/>\n<meta property=\"og:type\" content=\"article\" \/>\n<meta property=\"og:title\" content=\"Asi Fui sort le 3\u00e8me single de leur prochain EP, une r\u00e9flexion pleine d&#039;optimisme, &quot;What&#039;s The Best That Can Happen?&quot; - Radio Castor\" \/>\n<meta property=\"og:description\" content=\"Le groupe nord-am\u00e9ricain f\u00e9minin psych\/rock\/soul Asi Fui nous pr\u00e9sente son dernier titre, \u00ab\u00a0What&rsquo;s The Best...\" \/>\n<meta property=\"og:url\" content=\"https:\/\/www.radiocastor.com\/index.php\/asi-fui-sort-le-3eme-single-de-leur-prochain-ep-une-reflexion-pleine-doptimisme-whats-the-best-that-can-happen\/\" \/>\n<meta property=\"og:site_name\" content=\"Radio Castor\" \/>\n<meta property=\"article:publisher\" content=\"https:\/\/www.facebook.com\/theradiocastor\" \/>\n<meta property=\"article:published_time\" content=\"2024-01-06T00:08:22+00:00\" \/>\n<meta property=\"article:modified_time\" content=\"2024-01-06T00:08:23+00:00\" \/>\n<meta property=\"og:image\" content=\"https:\/\/www.radiocastor.com\/wp-content\/uploads\/2024\/01\/Screenshot-2024-01-06-at-00-57-19-Facebook.png\" \/>\n\t<meta property=\"og:image:width\" content=\"622\" \/>\n\t<meta property=\"og:image:height\" content=\"587\" \/>\n\t<meta property=\"og:image:type\" content=\"image\/png\" \/>\n<meta name=\"author\" content=\"R\u00e9daction R C\" \/>\n<meta name=\"twitter:card\" content=\"summary_large_image\" \/>\n<meta name=\"twitter:creator\" content=\"@TheRadioCastor\" \/>\n<meta name=\"twitter:site\" content=\"@TheRadioCastor\" \/>\n<meta name=\"twitter:label1\" content=\"\u00c9crit par\" \/>\n\t<meta name=\"twitter:data1\" content=\"R\u00e9daction R C\" \/>\n\t<meta name=\"twitter:label2\" content=\"Dur\u00e9e de lecture estim\u00e9e\" \/>\n\t<meta name=\"twitter:data2\" content=\"2 minutes\" \/>\n<script type=\"application\/ld+json\" class=\"yoast-schema-graph\">{\"@context\":\"https:\\\/\\\/schema.org\",\"@graph\":[{\"@type\":\"Article\",\"@id\":\"https:\\\/\\\/www.radiocastor.com\\\/index.php\\\/asi-fui-sort-le-3eme-single-de-leur-prochain-ep-une-reflexion-pleine-doptimisme-whats-the-best-that-can-happen\\\/#article\",\"isPartOf\":{\"@id\":\"https:\\\/\\\/www.radiocastor.com\\\/index.php\\\/asi-fui-sort-le-3eme-single-de-leur-prochain-ep-une-reflexion-pleine-doptimisme-whats-the-best-that-can-happen\\\/\"},\"author\":{\"name\":\"R\u00e9daction R C\",\"@id\":\"https:\\\/\\\/www.radiocastor.com\\\/#\\\/schema\\\/person\\\/558b0e47dc4c11fa52b2220ba6a78779\"},\"headline\":\"Asi Fui sort le 3\u00e8me single de leur prochain EP, une r\u00e9flexion pleine d&rsquo;optimisme, \u00ab\u00a0What&rsquo;s The Best That Can Happen?\u00a0\u00bb\",\"datePublished\":\"2024-01-06T00:08:22+00:00\",\"dateModified\":\"2024-01-06T00:08:23+00:00\",\"mainEntityOfPage\":{\"@id\":\"https:\\\/\\\/www.radiocastor.com\\\/index.php\\\/asi-fui-sort-le-3eme-single-de-leur-prochain-ep-une-reflexion-pleine-doptimisme-whats-the-best-that-can-happen\\\/\"},\"wordCount\":415,\"publisher\":{\"@id\":\"https:\\\/\\\/www.radiocastor.com\\\/#organization\"},\"image\":{\"@id\":\"https:\\\/\\\/www.radiocastor.com\\\/index.php\\\/asi-fui-sort-le-3eme-single-de-leur-prochain-ep-une-reflexion-pleine-doptimisme-whats-the-best-that-can-happen\\\/#primaryimage\"},\"thumbnailUrl\":\"https:\\\/\\\/www.radiocastor.com\\\/wp-content\\\/uploads\\\/2024\\\/01\\\/Screenshot-2024-01-06-at-00-57-19-Facebook.png\",\"articleSection\":[\"Alternatif\",\"Pop\",\"Rock\",\"Single\",\"Sortie\"],\"inLanguage\":\"fr-FR\"},{\"@type\":\"WebPage\",\"@id\":\"https:\\\/\\\/www.radiocastor.com\\\/index.php\\\/asi-fui-sort-le-3eme-single-de-leur-prochain-ep-une-reflexion-pleine-doptimisme-whats-the-best-that-can-happen\\\/\",\"url\":\"https:\\\/\\\/www.radiocastor.com\\\/index.php\\\/asi-fui-sort-le-3eme-single-de-leur-prochain-ep-une-reflexion-pleine-doptimisme-whats-the-best-that-can-happen\\\/\",\"name\":\"Asi Fui sort le 3\u00e8me single de leur prochain EP, une r\u00e9flexion pleine d'optimisme, \\\"What's The Best That Can Happen?\\\" - Radio Castor\",\"isPartOf\":{\"@id\":\"https:\\\/\\\/www.radiocastor.com\\\/#website\"},\"primaryImageOfPage\":{\"@id\":\"https:\\\/\\\/www.radiocastor.com\\\/index.php\\\/asi-fui-sort-le-3eme-single-de-leur-prochain-ep-une-reflexion-pleine-doptimisme-whats-the-best-that-can-happen\\\/#primaryimage\"},\"image\":{\"@id\":\"https:\\\/\\\/www.radiocastor.com\\\/index.php\\\/asi-fui-sort-le-3eme-single-de-leur-prochain-ep-une-reflexion-pleine-doptimisme-whats-the-best-that-can-happen\\\/#primaryimage\"},\"thumbnailUrl\":\"https:\\\/\\\/www.radiocastor.com\\\/wp-content\\\/uploads\\\/2024\\\/01\\\/Screenshot-2024-01-06-at-00-57-19-Facebook.png\",\"datePublished\":\"2024-01-06T00:08:22+00:00\",\"dateModified\":\"2024-01-06T00:08:23+00:00\",\"breadcrumb\":{\"@id\":\"https:\\\/\\\/www.radiocastor.com\\\/index.php\\\/asi-fui-sort-le-3eme-single-de-leur-prochain-ep-une-reflexion-pleine-doptimisme-whats-the-best-that-can-happen\\\/#breadcrumb\"},\"inLanguage\":\"fr-FR\",\"potentialAction\":[{\"@type\":\"ReadAction\",\"target\":[\"https:\\\/\\\/www.radiocastor.com\\\/index.php\\\/asi-fui-sort-le-3eme-single-de-leur-prochain-ep-une-reflexion-pleine-doptimisme-whats-the-best-that-can-happen\\\/\"]}]},{\"@type\":\"ImageObject\",\"inLanguage\":\"fr-FR\",\"@id\":\"https:\\\/\\\/www.radiocastor.com\\\/index.php\\\/asi-fui-sort-le-3eme-single-de-leur-prochain-ep-une-reflexion-pleine-doptimisme-whats-the-best-that-can-happen\\\/#primaryimage\",\"url\":\"https:\\\/\\\/www.radiocastor.com\\\/wp-content\\\/uploads\\\/2024\\\/01\\\/Screenshot-2024-01-06-at-00-57-19-Facebook.png\",\"contentUrl\":\"https:\\\/\\\/www.radiocastor.com\\\/wp-content\\\/uploads\\\/2024\\\/01\\\/Screenshot-2024-01-06-at-00-57-19-Facebook.png\",\"width\":622,\"height\":587,\"caption\":\"Asi Fui\"},{\"@type\":\"BreadcrumbList\",\"@id\":\"https:\\\/\\\/www.radiocastor.com\\\/index.php\\\/asi-fui-sort-le-3eme-single-de-leur-prochain-ep-une-reflexion-pleine-doptimisme-whats-the-best-that-can-happen\\\/#breadcrumb\",\"itemListElement\":[{\"@type\":\"ListItem\",\"position\":1,\"name\":\"Accueil\",\"item\":\"https:\\\/\\\/www.radiocastor.com\\\/\"},{\"@type\":\"ListItem\",\"position\":2,\"name\":\"Asi Fui sort le 3\u00e8me single de leur prochain EP, une r\u00e9flexion pleine d&rsquo;optimisme, \u00ab\u00a0What&rsquo;s The Best That Can Happen?\u00a0\u00bb\"}]},{\"@type\":\"WebSite\",\"@id\":\"https:\\\/\\\/www.radiocastor.com\\\/#website\",\"url\":\"https:\\\/\\\/www.radiocastor.com\\\/\",\"name\":\"Radio Castor\",\"description\":\"La voix !\",\"publisher\":{\"@id\":\"https:\\\/\\\/www.radiocastor.com\\\/#organization\"},\"potentialAction\":[{\"@type\":\"SearchAction\",\"target\":{\"@type\":\"EntryPoint\",\"urlTemplate\":\"https:\\\/\\\/www.radiocastor.com\\\/?s={search_term_string}\"},\"query-input\":{\"@type\":\"PropertyValueSpecification\",\"valueRequired\":true,\"valueName\":\"search_term_string\"}}],\"inLanguage\":\"fr-FR\"},{\"@type\":\"Organization\",\"@id\":\"https:\\\/\\\/www.radiocastor.com\\\/#organization\",\"name\":\"Radio Castor\",\"url\":\"https:\\\/\\\/www.radiocastor.com\\\/\",\"logo\":{\"@type\":\"ImageObject\",\"inLanguage\":\"fr-FR\",\"@id\":\"https:\\\/\\\/www.radiocastor.com\\\/#\\\/schema\\\/logo\\\/image\\\/\",\"url\":\"https:\\\/\\\/www.radiocastor.com\\\/wp-content\\\/uploads\\\/2021\\\/11\\\/cropped-Radio-castor-logo-2.png\",\"contentUrl\":\"https:\\\/\\\/www.radiocastor.com\\\/wp-content\\\/uploads\\\/2021\\\/11\\\/cropped-Radio-castor-logo-2.png\",\"width\":437,\"height\":219,\"caption\":\"Radio Castor\"},\"image\":{\"@id\":\"https:\\\/\\\/www.radiocastor.com\\\/#\\\/schema\\\/logo\\\/image\\\/\"},\"sameAs\":[\"https:\\\/\\\/www.facebook.com\\\/theradiocastor\",\"https:\\\/\\\/x.com\\\/TheRadioCastor\",\"https:\\\/\\\/www.instagram.com\\\/theradiocastor\",\"https:\\\/\\\/www.youtube.com\\\/c\\\/RadioCastor\"]},{\"@type\":\"Person\",\"@id\":\"https:\\\/\\\/www.radiocastor.com\\\/#\\\/schema\\\/person\\\/558b0e47dc4c11fa52b2220ba6a78779\",\"name\":\"R\u00e9daction R C\",\"image\":{\"@type\":\"ImageObject\",\"inLanguage\":\"fr-FR\",\"@id\":\"https:\\\/\\\/secure.gravatar.com\\\/avatar\\\/1d3e4f4c4a0d129f7ed4838ea20c33760c2484b9bc381993df6c0e3f5bf89c23?s=96&d=mm&r=g\",\"url\":\"https:\\\/\\\/secure.gravatar.com\\\/avatar\\\/1d3e4f4c4a0d129f7ed4838ea20c33760c2484b9bc381993df6c0e3f5bf89c23?s=96&d=mm&r=g\",\"contentUrl\":\"https:\\\/\\\/secure.gravatar.com\\\/avatar\\\/1d3e4f4c4a0d129f7ed4838ea20c33760c2484b9bc381993df6c0e3f5bf89c23?s=96&d=mm&r=g\",\"caption\":\"R\u00e9daction R C\"},\"sameAs\":[\"http:\\\/\\\/www.radiocastor.com\"],\"url\":\"https:\\\/\\\/www.radiocastor.com\\\/index.php\\\/author\\\/radio-castor\\\/\"}]}<\/script>\n<!-- \/ Yoast SEO plugin. -->","yoast_head_json":{"title":"Asi Fui sort le 3\u00e8me single de leur prochain EP, une r\u00e9flexion pleine d'optimisme, \"What's The Best That Can Happen?\" - Radio Castor","robots":{"index":"index","follow":"follow","max-snippet":"max-snippet:-1","max-image-preview":"max-image-preview:large","max-video-preview":"max-video-preview:-1"},"canonical":"https:\/\/www.radiocastor.com\/index.php\/asi-fui-sort-le-3eme-single-de-leur-prochain-ep-une-reflexion-pleine-doptimisme-whats-the-best-that-can-happen\/","og_locale":"fr_FR","og_type":"article","og_title":"Asi Fui sort le 3\u00e8me single de leur prochain EP, une r\u00e9flexion pleine d'optimisme, \"What's The Best That Can Happen?\" - Radio Castor","og_description":"Le groupe nord-am\u00e9ricain f\u00e9minin psych\/rock\/soul Asi Fui nous pr\u00e9sente son dernier titre, \u00ab\u00a0What&rsquo;s The Best...","og_url":"https:\/\/www.radiocastor.com\/index.php\/asi-fui-sort-le-3eme-single-de-leur-prochain-ep-une-reflexion-pleine-doptimisme-whats-the-best-that-can-happen\/","og_site_name":"Radio Castor","article_publisher":"https:\/\/www.facebook.com\/theradiocastor","article_published_time":"2024-01-06T00:08:22+00:00","article_modified_time":"2024-01-06T00:08:23+00:00","og_image":[{"width":622,"height":587,"url":"https:\/\/www.radiocastor.com\/wp-content\/uploads\/2024\/01\/Screenshot-2024-01-06-at-00-57-19-Facebook.png","type":"image\/png"}],"author":"R\u00e9daction R C","twitter_card":"summary_large_image","twitter_creator":"@TheRadioCastor","twitter_site":"@TheRadioCastor","twitter_misc":{"\u00c9crit par":"R\u00e9daction R C","Dur\u00e9e de lecture estim\u00e9e":"2 minutes"},"schema":{"@context":"https:\/\/schema.org","@graph":[{"@type":"Article","@id":"https:\/\/www.radiocastor.com\/index.php\/asi-fui-sort-le-3eme-single-de-leur-prochain-ep-une-reflexion-pleine-doptimisme-whats-the-best-that-can-happen\/#article","isPartOf":{"@id":"https:\/\/www.radiocastor.com\/index.php\/asi-fui-sort-le-3eme-single-de-leur-prochain-ep-une-reflexion-pleine-doptimisme-whats-the-best-that-can-happen\/"},"author":{"name":"R\u00e9daction R C","@id":"https:\/\/www.radiocastor.com\/#\/schema\/person\/558b0e47dc4c11fa52b2220ba6a78779"},"headline":"Asi Fui sort le 3\u00e8me single de leur prochain EP, une r\u00e9flexion pleine d&rsquo;optimisme, \u00ab\u00a0What&rsquo;s The Best That Can Happen?\u00a0\u00bb","datePublished":"2024-01-06T00:08:22+00:00","dateModified":"2024-01-06T00:08:23+00:00","mainEntityOfPage":{"@id":"https:\/\/www.radiocastor.com\/index.php\/asi-fui-sort-le-3eme-single-de-leur-prochain-ep-une-reflexion-pleine-doptimisme-whats-the-best-that-can-happen\/"},"wordCount":415,"publisher":{"@id":"https:\/\/www.radiocastor.com\/#organization"},"image":{"@id":"https:\/\/www.radiocastor.com\/index.php\/asi-fui-sort-le-3eme-single-de-leur-prochain-ep-une-reflexion-pleine-doptimisme-whats-the-best-that-can-happen\/#primaryimage"},"thumbnailUrl":"https:\/\/www.radiocastor.com\/wp-content\/uploads\/2024\/01\/Screenshot-2024-01-06-at-00-57-19-Facebook.png","articleSection":["Alternatif","Pop","Rock","Single","Sortie"],"inLanguage":"fr-FR"},{"@type":"WebPage","@id":"https:\/\/www.radiocastor.com\/index.php\/asi-fui-sort-le-3eme-single-de-leur-prochain-ep-une-reflexion-pleine-doptimisme-whats-the-best-that-can-happen\/","url":"https:\/\/www.radiocastor.com\/index.php\/asi-fui-sort-le-3eme-single-de-leur-prochain-ep-une-reflexion-pleine-doptimisme-whats-the-best-that-can-happen\/","name":"Asi Fui sort le 3\u00e8me single de leur prochain EP, une r\u00e9flexion pleine d'optimisme, \"What's The Best That Can Happen?\" - Radio Castor","isPartOf":{"@id":"https:\/\/www.radiocastor.com\/#website"},"primaryImageOfPage":{"@id":"https:\/\/www.radiocastor.com\/index.php\/asi-fui-sort-le-3eme-single-de-leur-prochain-ep-une-reflexion-pleine-doptimisme-whats-the-best-that-can-happen\/#primaryimage"},"image":{"@id":"https:\/\/www.radiocastor.com\/index.php\/asi-fui-sort-le-3eme-single-de-leur-prochain-ep-une-reflexion-pleine-doptimisme-whats-the-best-that-can-happen\/#primaryimage"},"thumbnailUrl":"https:\/\/www.radiocastor.com\/wp-content\/uploads\/2024\/01\/Screenshot-2024-01-06-at-00-57-19-Facebook.png","datePublished":"2024-01-06T00:08:22+00:00","dateModified":"2024-01-06T00:08:23+00:00","breadcrumb":{"@id":"https:\/\/www.radiocastor.com\/index.php\/asi-fui-sort-le-3eme-single-de-leur-prochain-ep-une-reflexion-pleine-doptimisme-whats-the-best-that-can-happen\/#breadcrumb"},"inLanguage":"fr-FR","potentialAction":[{"@type":"ReadAction","target":["https:\/\/www.radiocastor.com\/index.php\/asi-fui-sort-le-3eme-single-de-leur-prochain-ep-une-reflexion-pleine-doptimisme-whats-the-best-that-can-happen\/"]}]},{"@type":"ImageObject","inLanguage":"fr-FR","@id":"https:\/\/www.radiocastor.com\/index.php\/asi-fui-sort-le-3eme-single-de-leur-prochain-ep-une-reflexion-pleine-doptimisme-whats-the-best-that-can-happen\/#primaryimage","url":"https:\/\/www.radiocastor.com\/wp-content\/uploads\/2024\/01\/Screenshot-2024-01-06-at-00-57-19-Facebook.png","contentUrl":"https:\/\/www.radiocastor.com\/wp-content\/uploads\/2024\/01\/Screenshot-2024-01-06-at-00-57-19-Facebook.png","width":622,"height":587,"caption":"Asi Fui"},{"@type":"BreadcrumbList","@id":"https:\/\/www.radiocastor.com\/index.php\/asi-fui-sort-le-3eme-single-de-leur-prochain-ep-une-reflexion-pleine-doptimisme-whats-the-best-that-can-happen\/#breadcrumb","itemListElement":[{"@type":"ListItem","position":1,"name":"Accueil","item":"https:\/\/www.radiocastor.com\/"},{"@type":"ListItem","position":2,"name":"Asi Fui sort le 3\u00e8me single de leur prochain EP, une r\u00e9flexion pleine d&rsquo;optimisme, \u00ab\u00a0What&rsquo;s The Best That Can Happen?\u00a0\u00bb"}]},{"@type":"WebSite","@id":"https:\/\/www.radiocastor.com\/#website","url":"https:\/\/www.radiocastor.com\/","name":"Radio Castor","description":"La voix !","publisher":{"@id":"https:\/\/www.radiocastor.com\/#organization"},"potentialAction":[{"@type":"SearchAction","target":{"@type":"EntryPoint","urlTemplate":"https:\/\/www.radiocastor.com\/?s={search_term_string}"},"query-input":{"@type":"PropertyValueSpecification","valueRequired":true,"valueName":"search_term_string"}}],"inLanguage":"fr-FR"},{"@type":"Organization","@id":"https:\/\/www.radiocastor.com\/#organization","name":"Radio Castor","url":"https:\/\/www.radiocastor.com\/","logo":{"@type":"ImageObject","inLanguage":"fr-FR","@id":"https:\/\/www.radiocastor.com\/#\/schema\/logo\/image\/","url":"https:\/\/www.radiocastor.com\/wp-content\/uploads\/2021\/11\/cropped-Radio-castor-logo-2.png","contentUrl":"https:\/\/www.radiocastor.com\/wp-content\/uploads\/2021\/11\/cropped-Radio-castor-logo-2.png","width":437,"height":219,"caption":"Radio Castor"},"image":{"@id":"https:\/\/www.radiocastor.com\/#\/schema\/logo\/image\/"},"sameAs":["https:\/\/www.facebook.com\/theradiocastor","https:\/\/x.com\/TheRadioCastor","https:\/\/www.instagram.com\/theradiocastor","https:\/\/www.youtube.com\/c\/RadioCastor"]},{"@type":"Person","@id":"https:\/\/www.radiocastor.com\/#\/schema\/person\/558b0e47dc4c11fa52b2220ba6a78779","name":"R\u00e9daction R C","image":{"@type":"ImageObject","inLanguage":"fr-FR","@id":"https:\/\/secure.gravatar.com\/avatar\/1d3e4f4c4a0d129f7ed4838ea20c33760c2484b9bc381993df6c0e3f5bf89c23?s=96&d=mm&r=g","url":"https:\/\/secure.gravatar.com\/avatar\/1d3e4f4c4a0d129f7ed4838ea20c33760c2484b9bc381993df6c0e3f5bf89c23?s=96&d=mm&r=g","contentUrl":"https:\/\/secure.gravatar.com\/avatar\/1d3e4f4c4a0d129f7ed4838ea20c33760c2484b9bc381993df6c0e3f5bf89c23?s=96&d=mm&r=g","caption":"R\u00e9daction R C"},"sameAs":["http:\/\/www.radiocastor.com"],"url":"https:\/\/www.radiocastor.com\/index.php\/author\/radio-castor\/"}]}},"uagb_featured_image_src":{"full":["https:\/\/www.radiocastor.com\/wp-content\/uploads\/2024\/01\/Screenshot-2024-01-06-at-00-57-19-Facebook.png",622,587,false],"thumbnail":["https:\/\/www.radiocastor.com\/wp-content\/uploads\/2024\/01\/Screenshot-2024-01-06-at-00-57-19-Facebook-150x150.png",150,150,true],"medium":["https:\/\/www.radiocastor.com\/wp-content\/uploads\/2024\/01\/Screenshot-2024-01-06-at-00-57-19-Facebook-300x283.png",300,283,true],"medium_large":["https:\/\/www.radiocastor.com\/wp-content\/uploads\/2024\/01\/Screenshot-2024-01-06-at-00-57-19-Facebook.png",622,587,false],"large":["https:\/\/www.radiocastor.com\/wp-content\/uploads\/2024\/01\/Screenshot-2024-01-06-at-00-57-19-Facebook.png",622,587,false],"1536x1536":["https:\/\/www.radiocastor.com\/wp-content\/uploads\/2024\/01\/Screenshot-2024-01-06-at-00-57-19-Facebook.png",622,587,false],"2048x2048":["https:\/\/www.radiocastor.com\/wp-content\/uploads\/2024\/01\/Screenshot-2024-01-06-at-00-57-19-Facebook.png",622,587,false],"newsever-slider-full":["https:\/\/www.radiocastor.com\/wp-content\/uploads\/2024\/01\/Screenshot-2024-01-06-at-00-57-19-Facebook.png",622,587,false],"newsever-featured":["https:\/\/www.radiocastor.com\/wp-content\/uploads\/2024\/01\/Screenshot-2024-01-06-at-00-57-19-Facebook.png",622,587,false],"newsever-medium":["https:\/\/www.radiocastor.com\/wp-content\/uploads\/2024\/01\/Screenshot-2024-01-06-at-00-57-19-Facebook-622x475.png",622,475,true]},"uagb_author_info":{"display_name":"R\u00e9daction R C","author_link":"https:\/\/www.radiocastor.com\/index.php\/author\/radio-castor\/"},"uagb_comment_info":0,"uagb_excerpt":"Le groupe nord-am\u00e9ricain f\u00e9minin psych\/rock\/soul Asi Fui nous pr\u00e9sente son dernier titre, \u00ab\u00a0What&rsquo;s The Best...","_links":{"self":[{"href":"https:\/\/www.radiocastor.com\/index.php\/wp-json\/wp\/v2\/posts\/7771","targetHints":{"allow":["GET"]}}],"collection":[{"href":"https:\/\/www.radiocastor.com\/index.php\/wp-json\/wp\/v2\/posts"}],"about":[{"href":"https:\/\/www.radiocastor.com\/index.php\/wp-json\/wp\/v2\/types\/post"}],"author":[{"embeddable":true,"href":"https:\/\/www.radiocastor.com\/index.php\/wp-json\/wp\/v2\/users\/1"}],"replies":[{"embeddable":true,"href":"https:\/\/www.radiocastor.com\/index.php\/wp-json\/wp\/v2\/comments?post=7771"}],"version-history":[{"count":1,"href":"https:\/\/www.radiocastor.com\/index.php\/wp-json\/wp\/v2\/posts\/7771\/revisions"}],"predecessor-version":[{"id":7773,"href":"https:\/\/www.radiocastor.com\/index.php\/wp-json\/wp\/v2\/posts\/7771\/revisions\/7773"}],"wp:featuredmedia":[{"embeddable":true,"href":"https:\/\/www.radiocastor.com\/index.php\/wp-json\/wp\/v2\/media\/7772"}],"wp:attachment":[{"href":"https:\/\/www.radiocastor.com\/index.php\/wp-json\/wp\/v2\/media?parent=7771"}],"wp:term":[{"taxonomy":"category","embeddable":true,"href":"https:\/\/www.radiocastor.com\/index.php\/wp-json\/wp\/v2\/categories?post=7771"},{"taxonomy":"post_tag","embeddable":true,"href":"https:\/\/www.radiocastor.com\/index.php\/wp-json\/wp\/v2\/tags?post=7771"}],"curies":[{"name":"wp","href":"https:\/\/api.w.org\/{rel}","templated":true}]}}