{"id":749,"date":"2022-02-01T14:40:00","date_gmt":"2022-02-01T13:40:00","guid":{"rendered":"https:\/\/www.radiocastor.com\/?p=749"},"modified":"2022-02-01T14:43:07","modified_gmt":"2022-02-01T13:43:07","slug":"avec-comme-des-freres-talis-rend-un-hommage-saisissant-a-ses-freres-les-pompiers-de-paris","status":"publish","type":"post","link":"https:\/\/www.radiocastor.com\/index.php\/avec-comme-des-freres-talis-rend-un-hommage-saisissant-a-ses-freres-les-pompiers-de-paris\/","title":{"rendered":"Avec \u00ab\u00a0Comme des Fr\u00e8res\u00a0\u00bb, Talis rend un hommage saisissant \u00e0 ses fr\u00e8res, les pompiers de Paris"},"content":{"rendered":"\n<p>Bon, l&rsquo;effet ne sera sans doute pas le m\u00eame qu&rsquo;avec le calendrier des pompiers, mais avec son titre \u00ab\u00a0Comme des fr\u00e8res\u00a0\u00bb, le caporal-chef Antoine des Pompiers de Paris, qui a compos\u00e9 et interpr\u00e8te la chanson sous le nom d&rsquo;artiste <strong>Talis<\/strong>, parvient admirablement \u00e0 sensibiliser \u00e0 un m\u00e9tier, des hommes, une vocation.<\/p>\n\n\n\n<p>Une initiative r\u00e9ussie que l&rsquo;on tenait \u00e0 saluer et \u00e0 encourager.<\/p>\n\n\n\n<p>En hommage aux pompiers morts au feu, les b\u00e9n\u00e9fices de ce titre sont revers\u00e9s aux \u0153uvres sociales des sapeurs-pompiers de Paris.<\/p>\n\n\n\n<p><iframe loading=\"lazy\" src=\"https:\/\/www.youtube.com\/embed\/x2TJ-TxTExo\" title=\"YouTube video player\" allow=\"accelerometer; autoplay; clipboard-write; encrypted-media; gyroscope; picture-in-picture\" allowfullscreen=\"\" width=\"560\" height=\"315\" frameborder=\"0\"><\/iframe><\/p>\n\n\n\n<p class=\"has-text-align-center\"><a rel=\"noreferrer noopener\" href=\"http:\/\/talisofficiel.com\/intro\" target=\"_blank\">Site Officiel<\/a> &#8211; <a rel=\"noreferrer noopener\" href=\"https:\/\/www.instagram.com\/talis_officiel\/\" target=\"_blank\">Instagram <\/a>&#8211; <a rel=\"noreferrer noopener\" href=\"https:\/\/www.facebook.com\/TalisOfficiel\" target=\"_blank\">Facebook<\/a><\/p>\n","protected":false},"excerpt":{"rendered":"<p>Bon, l&rsquo;effet ne sera sans doute pas le m\u00eame qu&rsquo;avec le calendrier des pompiers, mais&#8230;<\/p>\n","protected":false},"author":1,"featured_media":751,"comment_status":"closed","ping_status":"open","sticky":false,"template":"","format":"standard","meta":{"_uag_custom_page_level_css":"","footnotes":""},"categories":[32,46],"tags":[],"class_list":["post-749","post","type-post","status-publish","format-standard","has-post-thumbnail","hentry","category-single","category-sortie"],"yoast_head":"<!-- This site is optimized with the Yoast SEO plugin v27.4 - https:\/\/yoast.com\/product\/yoast-seo-wordpress\/ -->\n<title>Avec &quot;Comme des Fr\u00e8res&quot;, Talis rend un hommage saisissant \u00e0 ses fr\u00e8res, les pompiers de Paris - Radio Castor<\/title>\n<meta name=\"robots\" content=\"index, follow, max-snippet:-1, max-image-preview:large, max-video-preview:-1\" \/>\n<link rel=\"canonical\" href=\"https:\/\/www.radiocastor.com\/index.php\/avec-comme-des-freres-talis-rend-un-hommage-saisissant-a-ses-freres-les-pompiers-de-paris\/\" \/>\n<meta property=\"og:locale\" content=\"fr_FR\" \/>\n<meta property=\"og:type\" content=\"article\" \/>\n<meta property=\"og:title\" content=\"Avec &quot;Comme des Fr\u00e8res&quot;, Talis rend un hommage saisissant \u00e0 ses fr\u00e8res, les pompiers de Paris - Radio Castor\" \/>\n<meta property=\"og:description\" content=\"Bon, l&rsquo;effet ne sera sans doute pas le m\u00eame qu&rsquo;avec le calendrier des pompiers, mais...\" \/>\n<meta property=\"og:url\" content=\"https:\/\/www.radiocastor.com\/index.php\/avec-comme-des-freres-talis-rend-un-hommage-saisissant-a-ses-freres-les-pompiers-de-paris\/\" \/>\n<meta property=\"og:site_name\" content=\"Radio Castor\" \/>\n<meta property=\"article:publisher\" content=\"https:\/\/www.facebook.com\/theradiocastor\" \/>\n<meta property=\"article:published_time\" content=\"2022-02-01T13:40:00+00:00\" \/>\n<meta property=\"article:modified_time\" content=\"2022-02-01T13:43:07+00:00\" \/>\n<meta property=\"og:image\" content=\"https:\/\/www.radiocastor.com\/wp-content\/uploads\/2022\/01\/Talis.jpg\" \/>\n\t<meta property=\"og:image:width\" content=\"1365\" \/>\n\t<meta property=\"og:image:height\" content=\"1364\" \/>\n\t<meta property=\"og:image:type\" content=\"image\/jpeg\" \/>\n<meta name=\"author\" content=\"R\u00e9daction R C\" \/>\n<meta name=\"twitter:card\" content=\"summary_large_image\" \/>\n<meta name=\"twitter:creator\" content=\"@TheRadioCastor\" \/>\n<meta name=\"twitter:site\" content=\"@TheRadioCastor\" \/>\n<meta name=\"twitter:label1\" content=\"\u00c9crit par\" \/>\n\t<meta name=\"twitter:data1\" content=\"R\u00e9daction R C\" \/>\n<script type=\"application\/ld+json\" class=\"yoast-schema-graph\">{\"@context\":\"https:\\\/\\\/schema.org\",\"@graph\":[{\"@type\":\"Article\",\"@id\":\"https:\\\/\\\/www.radiocastor.com\\\/index.php\\\/avec-comme-des-freres-talis-rend-un-hommage-saisissant-a-ses-freres-les-pompiers-de-paris\\\/#article\",\"isPartOf\":{\"@id\":\"https:\\\/\\\/www.radiocastor.com\\\/index.php\\\/avec-comme-des-freres-talis-rend-un-hommage-saisissant-a-ses-freres-les-pompiers-de-paris\\\/\"},\"author\":{\"name\":\"R\u00e9daction R C\",\"@id\":\"https:\\\/\\\/www.radiocastor.com\\\/#\\\/schema\\\/person\\\/558b0e47dc4c11fa52b2220ba6a78779\"},\"headline\":\"Avec \u00ab\u00a0Comme des Fr\u00e8res\u00a0\u00bb, Talis rend un hommage saisissant \u00e0 ses fr\u00e8res, les pompiers de Paris\",\"datePublished\":\"2022-02-01T13:40:00+00:00\",\"dateModified\":\"2022-02-01T13:43:07+00:00\",\"mainEntityOfPage\":{\"@id\":\"https:\\\/\\\/www.radiocastor.com\\\/index.php\\\/avec-comme-des-freres-talis-rend-un-hommage-saisissant-a-ses-freres-les-pompiers-de-paris\\\/\"},\"wordCount\":114,\"publisher\":{\"@id\":\"https:\\\/\\\/www.radiocastor.com\\\/#organization\"},\"image\":{\"@id\":\"https:\\\/\\\/www.radiocastor.com\\\/index.php\\\/avec-comme-des-freres-talis-rend-un-hommage-saisissant-a-ses-freres-les-pompiers-de-paris\\\/#primaryimage\"},\"thumbnailUrl\":\"https:\\\/\\\/www.radiocastor.com\\\/wp-content\\\/uploads\\\/2022\\\/01\\\/Talis.jpg\",\"articleSection\":[\"Single\",\"Sortie\"],\"inLanguage\":\"fr-FR\"},{\"@type\":\"WebPage\",\"@id\":\"https:\\\/\\\/www.radiocastor.com\\\/index.php\\\/avec-comme-des-freres-talis-rend-un-hommage-saisissant-a-ses-freres-les-pompiers-de-paris\\\/\",\"url\":\"https:\\\/\\\/www.radiocastor.com\\\/index.php\\\/avec-comme-des-freres-talis-rend-un-hommage-saisissant-a-ses-freres-les-pompiers-de-paris\\\/\",\"name\":\"Avec \\\"Comme des Fr\u00e8res\\\", Talis rend un hommage saisissant \u00e0 ses fr\u00e8res, les pompiers de Paris - Radio Castor\",\"isPartOf\":{\"@id\":\"https:\\\/\\\/www.radiocastor.com\\\/#website\"},\"primaryImageOfPage\":{\"@id\":\"https:\\\/\\\/www.radiocastor.com\\\/index.php\\\/avec-comme-des-freres-talis-rend-un-hommage-saisissant-a-ses-freres-les-pompiers-de-paris\\\/#primaryimage\"},\"image\":{\"@id\":\"https:\\\/\\\/www.radiocastor.com\\\/index.php\\\/avec-comme-des-freres-talis-rend-un-hommage-saisissant-a-ses-freres-les-pompiers-de-paris\\\/#primaryimage\"},\"thumbnailUrl\":\"https:\\\/\\\/www.radiocastor.com\\\/wp-content\\\/uploads\\\/2022\\\/01\\\/Talis.jpg\",\"datePublished\":\"2022-02-01T13:40:00+00:00\",\"dateModified\":\"2022-02-01T13:43:07+00:00\",\"breadcrumb\":{\"@id\":\"https:\\\/\\\/www.radiocastor.com\\\/index.php\\\/avec-comme-des-freres-talis-rend-un-hommage-saisissant-a-ses-freres-les-pompiers-de-paris\\\/#breadcrumb\"},\"inLanguage\":\"fr-FR\",\"potentialAction\":[{\"@type\":\"ReadAction\",\"target\":[\"https:\\\/\\\/www.radiocastor.com\\\/index.php\\\/avec-comme-des-freres-talis-rend-un-hommage-saisissant-a-ses-freres-les-pompiers-de-paris\\\/\"]}]},{\"@type\":\"ImageObject\",\"inLanguage\":\"fr-FR\",\"@id\":\"https:\\\/\\\/www.radiocastor.com\\\/index.php\\\/avec-comme-des-freres-talis-rend-un-hommage-saisissant-a-ses-freres-les-pompiers-de-paris\\\/#primaryimage\",\"url\":\"https:\\\/\\\/www.radiocastor.com\\\/wp-content\\\/uploads\\\/2022\\\/01\\\/Talis.jpg\",\"contentUrl\":\"https:\\\/\\\/www.radiocastor.com\\\/wp-content\\\/uploads\\\/2022\\\/01\\\/Talis.jpg\",\"width\":1365,\"height\":1364},{\"@type\":\"BreadcrumbList\",\"@id\":\"https:\\\/\\\/www.radiocastor.com\\\/index.php\\\/avec-comme-des-freres-talis-rend-un-hommage-saisissant-a-ses-freres-les-pompiers-de-paris\\\/#breadcrumb\",\"itemListElement\":[{\"@type\":\"ListItem\",\"position\":1,\"name\":\"Accueil\",\"item\":\"https:\\\/\\\/www.radiocastor.com\\\/\"},{\"@type\":\"ListItem\",\"position\":2,\"name\":\"Avec \u00ab\u00a0Comme des Fr\u00e8res\u00a0\u00bb, Talis rend un hommage saisissant \u00e0 ses fr\u00e8res, les pompiers de Paris\"}]},{\"@type\":\"WebSite\",\"@id\":\"https:\\\/\\\/www.radiocastor.com\\\/#website\",\"url\":\"https:\\\/\\\/www.radiocastor.com\\\/\",\"name\":\"Radio Castor\",\"description\":\"La voix !\",\"publisher\":{\"@id\":\"https:\\\/\\\/www.radiocastor.com\\\/#organization\"},\"potentialAction\":[{\"@type\":\"SearchAction\",\"target\":{\"@type\":\"EntryPoint\",\"urlTemplate\":\"https:\\\/\\\/www.radiocastor.com\\\/?s={search_term_string}\"},\"query-input\":{\"@type\":\"PropertyValueSpecification\",\"valueRequired\":true,\"valueName\":\"search_term_string\"}}],\"inLanguage\":\"fr-FR\"},{\"@type\":\"Organization\",\"@id\":\"https:\\\/\\\/www.radiocastor.com\\\/#organization\",\"name\":\"Radio Castor\",\"url\":\"https:\\\/\\\/www.radiocastor.com\\\/\",\"logo\":{\"@type\":\"ImageObject\",\"inLanguage\":\"fr-FR\",\"@id\":\"https:\\\/\\\/www.radiocastor.com\\\/#\\\/schema\\\/logo\\\/image\\\/\",\"url\":\"https:\\\/\\\/www.radiocastor.com\\\/wp-content\\\/uploads\\\/2021\\\/11\\\/cropped-Radio-castor-logo-2.png\",\"contentUrl\":\"https:\\\/\\\/www.radiocastor.com\\\/wp-content\\\/uploads\\\/2021\\\/11\\\/cropped-Radio-castor-logo-2.png\",\"width\":437,\"height\":219,\"caption\":\"Radio Castor\"},\"image\":{\"@id\":\"https:\\\/\\\/www.radiocastor.com\\\/#\\\/schema\\\/logo\\\/image\\\/\"},\"sameAs\":[\"https:\\\/\\\/www.facebook.com\\\/theradiocastor\",\"https:\\\/\\\/x.com\\\/TheRadioCastor\",\"https:\\\/\\\/www.instagram.com\\\/theradiocastor\",\"https:\\\/\\\/www.youtube.com\\\/c\\\/RadioCastor\"]},{\"@type\":\"Person\",\"@id\":\"https:\\\/\\\/www.radiocastor.com\\\/#\\\/schema\\\/person\\\/558b0e47dc4c11fa52b2220ba6a78779\",\"name\":\"R\u00e9daction R C\",\"image\":{\"@type\":\"ImageObject\",\"inLanguage\":\"fr-FR\",\"@id\":\"https:\\\/\\\/secure.gravatar.com\\\/avatar\\\/1d3e4f4c4a0d129f7ed4838ea20c33760c2484b9bc381993df6c0e3f5bf89c23?s=96&d=mm&r=g\",\"url\":\"https:\\\/\\\/secure.gravatar.com\\\/avatar\\\/1d3e4f4c4a0d129f7ed4838ea20c33760c2484b9bc381993df6c0e3f5bf89c23?s=96&d=mm&r=g\",\"contentUrl\":\"https:\\\/\\\/secure.gravatar.com\\\/avatar\\\/1d3e4f4c4a0d129f7ed4838ea20c33760c2484b9bc381993df6c0e3f5bf89c23?s=96&d=mm&r=g\",\"caption\":\"R\u00e9daction R C\"},\"sameAs\":[\"http:\\\/\\\/www.radiocastor.com\"],\"url\":\"https:\\\/\\\/www.radiocastor.com\\\/index.php\\\/author\\\/radio-castor\\\/\"}]}<\/script>\n<!-- \/ Yoast SEO plugin. -->","yoast_head_json":{"title":"Avec \"Comme des Fr\u00e8res\", Talis rend un hommage saisissant \u00e0 ses fr\u00e8res, les pompiers de Paris - Radio Castor","robots":{"index":"index","follow":"follow","max-snippet":"max-snippet:-1","max-image-preview":"max-image-preview:large","max-video-preview":"max-video-preview:-1"},"canonical":"https:\/\/www.radiocastor.com\/index.php\/avec-comme-des-freres-talis-rend-un-hommage-saisissant-a-ses-freres-les-pompiers-de-paris\/","og_locale":"fr_FR","og_type":"article","og_title":"Avec \"Comme des Fr\u00e8res\", Talis rend un hommage saisissant \u00e0 ses fr\u00e8res, les pompiers de Paris - Radio Castor","og_description":"Bon, l&rsquo;effet ne sera sans doute pas le m\u00eame qu&rsquo;avec le calendrier des pompiers, mais...","og_url":"https:\/\/www.radiocastor.com\/index.php\/avec-comme-des-freres-talis-rend-un-hommage-saisissant-a-ses-freres-les-pompiers-de-paris\/","og_site_name":"Radio Castor","article_publisher":"https:\/\/www.facebook.com\/theradiocastor","article_published_time":"2022-02-01T13:40:00+00:00","article_modified_time":"2022-02-01T13:43:07+00:00","og_image":[{"width":1365,"height":1364,"url":"https:\/\/www.radiocastor.com\/wp-content\/uploads\/2022\/01\/Talis.jpg","type":"image\/jpeg"}],"author":"R\u00e9daction R C","twitter_card":"summary_large_image","twitter_creator":"@TheRadioCastor","twitter_site":"@TheRadioCastor","twitter_misc":{"\u00c9crit par":"R\u00e9daction R C"},"schema":{"@context":"https:\/\/schema.org","@graph":[{"@type":"Article","@id":"https:\/\/www.radiocastor.com\/index.php\/avec-comme-des-freres-talis-rend-un-hommage-saisissant-a-ses-freres-les-pompiers-de-paris\/#article","isPartOf":{"@id":"https:\/\/www.radiocastor.com\/index.php\/avec-comme-des-freres-talis-rend-un-hommage-saisissant-a-ses-freres-les-pompiers-de-paris\/"},"author":{"name":"R\u00e9daction R C","@id":"https:\/\/www.radiocastor.com\/#\/schema\/person\/558b0e47dc4c11fa52b2220ba6a78779"},"headline":"Avec \u00ab\u00a0Comme des Fr\u00e8res\u00a0\u00bb, Talis rend un hommage saisissant \u00e0 ses fr\u00e8res, les pompiers de Paris","datePublished":"2022-02-01T13:40:00+00:00","dateModified":"2022-02-01T13:43:07+00:00","mainEntityOfPage":{"@id":"https:\/\/www.radiocastor.com\/index.php\/avec-comme-des-freres-talis-rend-un-hommage-saisissant-a-ses-freres-les-pompiers-de-paris\/"},"wordCount":114,"publisher":{"@id":"https:\/\/www.radiocastor.com\/#organization"},"image":{"@id":"https:\/\/www.radiocastor.com\/index.php\/avec-comme-des-freres-talis-rend-un-hommage-saisissant-a-ses-freres-les-pompiers-de-paris\/#primaryimage"},"thumbnailUrl":"https:\/\/www.radiocastor.com\/wp-content\/uploads\/2022\/01\/Talis.jpg","articleSection":["Single","Sortie"],"inLanguage":"fr-FR"},{"@type":"WebPage","@id":"https:\/\/www.radiocastor.com\/index.php\/avec-comme-des-freres-talis-rend-un-hommage-saisissant-a-ses-freres-les-pompiers-de-paris\/","url":"https:\/\/www.radiocastor.com\/index.php\/avec-comme-des-freres-talis-rend-un-hommage-saisissant-a-ses-freres-les-pompiers-de-paris\/","name":"Avec \"Comme des Fr\u00e8res\", Talis rend un hommage saisissant \u00e0 ses fr\u00e8res, les pompiers de Paris - Radio Castor","isPartOf":{"@id":"https:\/\/www.radiocastor.com\/#website"},"primaryImageOfPage":{"@id":"https:\/\/www.radiocastor.com\/index.php\/avec-comme-des-freres-talis-rend-un-hommage-saisissant-a-ses-freres-les-pompiers-de-paris\/#primaryimage"},"image":{"@id":"https:\/\/www.radiocastor.com\/index.php\/avec-comme-des-freres-talis-rend-un-hommage-saisissant-a-ses-freres-les-pompiers-de-paris\/#primaryimage"},"thumbnailUrl":"https:\/\/www.radiocastor.com\/wp-content\/uploads\/2022\/01\/Talis.jpg","datePublished":"2022-02-01T13:40:00+00:00","dateModified":"2022-02-01T13:43:07+00:00","breadcrumb":{"@id":"https:\/\/www.radiocastor.com\/index.php\/avec-comme-des-freres-talis-rend-un-hommage-saisissant-a-ses-freres-les-pompiers-de-paris\/#breadcrumb"},"inLanguage":"fr-FR","potentialAction":[{"@type":"ReadAction","target":["https:\/\/www.radiocastor.com\/index.php\/avec-comme-des-freres-talis-rend-un-hommage-saisissant-a-ses-freres-les-pompiers-de-paris\/"]}]},{"@type":"ImageObject","inLanguage":"fr-FR","@id":"https:\/\/www.radiocastor.com\/index.php\/avec-comme-des-freres-talis-rend-un-hommage-saisissant-a-ses-freres-les-pompiers-de-paris\/#primaryimage","url":"https:\/\/www.radiocastor.com\/wp-content\/uploads\/2022\/01\/Talis.jpg","contentUrl":"https:\/\/www.radiocastor.com\/wp-content\/uploads\/2022\/01\/Talis.jpg","width":1365,"height":1364},{"@type":"BreadcrumbList","@id":"https:\/\/www.radiocastor.com\/index.php\/avec-comme-des-freres-talis-rend-un-hommage-saisissant-a-ses-freres-les-pompiers-de-paris\/#breadcrumb","itemListElement":[{"@type":"ListItem","position":1,"name":"Accueil","item":"https:\/\/www.radiocastor.com\/"},{"@type":"ListItem","position":2,"name":"Avec \u00ab\u00a0Comme des Fr\u00e8res\u00a0\u00bb, Talis rend un hommage saisissant \u00e0 ses fr\u00e8res, les pompiers de Paris"}]},{"@type":"WebSite","@id":"https:\/\/www.radiocastor.com\/#website","url":"https:\/\/www.radiocastor.com\/","name":"Radio Castor","description":"La voix !","publisher":{"@id":"https:\/\/www.radiocastor.com\/#organization"},"potentialAction":[{"@type":"SearchAction","target":{"@type":"EntryPoint","urlTemplate":"https:\/\/www.radiocastor.com\/?s={search_term_string}"},"query-input":{"@type":"PropertyValueSpecification","valueRequired":true,"valueName":"search_term_string"}}],"inLanguage":"fr-FR"},{"@type":"Organization","@id":"https:\/\/www.radiocastor.com\/#organization","name":"Radio Castor","url":"https:\/\/www.radiocastor.com\/","logo":{"@type":"ImageObject","inLanguage":"fr-FR","@id":"https:\/\/www.radiocastor.com\/#\/schema\/logo\/image\/","url":"https:\/\/www.radiocastor.com\/wp-content\/uploads\/2021\/11\/cropped-Radio-castor-logo-2.png","contentUrl":"https:\/\/www.radiocastor.com\/wp-content\/uploads\/2021\/11\/cropped-Radio-castor-logo-2.png","width":437,"height":219,"caption":"Radio Castor"},"image":{"@id":"https:\/\/www.radiocastor.com\/#\/schema\/logo\/image\/"},"sameAs":["https:\/\/www.facebook.com\/theradiocastor","https:\/\/x.com\/TheRadioCastor","https:\/\/www.instagram.com\/theradiocastor","https:\/\/www.youtube.com\/c\/RadioCastor"]},{"@type":"Person","@id":"https:\/\/www.radiocastor.com\/#\/schema\/person\/558b0e47dc4c11fa52b2220ba6a78779","name":"R\u00e9daction R C","image":{"@type":"ImageObject","inLanguage":"fr-FR","@id":"https:\/\/secure.gravatar.com\/avatar\/1d3e4f4c4a0d129f7ed4838ea20c33760c2484b9bc381993df6c0e3f5bf89c23?s=96&d=mm&r=g","url":"https:\/\/secure.gravatar.com\/avatar\/1d3e4f4c4a0d129f7ed4838ea20c33760c2484b9bc381993df6c0e3f5bf89c23?s=96&d=mm&r=g","contentUrl":"https:\/\/secure.gravatar.com\/avatar\/1d3e4f4c4a0d129f7ed4838ea20c33760c2484b9bc381993df6c0e3f5bf89c23?s=96&d=mm&r=g","caption":"R\u00e9daction R C"},"sameAs":["http:\/\/www.radiocastor.com"],"url":"https:\/\/www.radiocastor.com\/index.php\/author\/radio-castor\/"}]}},"uagb_featured_image_src":{"full":["https:\/\/www.radiocastor.com\/wp-content\/uploads\/2022\/01\/Talis.jpg",1365,1364,false],"thumbnail":["https:\/\/www.radiocastor.com\/wp-content\/uploads\/2022\/01\/Talis-150x150.jpg",150,150,true],"medium":["https:\/\/www.radiocastor.com\/wp-content\/uploads\/2022\/01\/Talis-300x300.jpg",300,300,true],"medium_large":["https:\/\/www.radiocastor.com\/wp-content\/uploads\/2022\/01\/Talis-768x767.jpg",640,639,true],"large":["https:\/\/www.radiocastor.com\/wp-content\/uploads\/2022\/01\/Talis-1024x1024.jpg",640,640,true],"1536x1536":["https:\/\/www.radiocastor.com\/wp-content\/uploads\/2022\/01\/Talis.jpg",1365,1364,false],"2048x2048":["https:\/\/www.radiocastor.com\/wp-content\/uploads\/2022\/01\/Talis.jpg",1365,1364,false],"newsever-slider-full":["https:\/\/www.radiocastor.com\/wp-content\/uploads\/2022\/01\/Talis-1280x845.jpg",1280,845,true],"newsever-featured":["https:\/\/www.radiocastor.com\/wp-content\/uploads\/2022\/01\/Talis-1024x1023.jpg",1024,1023,true],"newsever-medium":["https:\/\/www.radiocastor.com\/wp-content\/uploads\/2022\/01\/Talis-720x475.jpg",720,475,true]},"uagb_author_info":{"display_name":"R\u00e9daction R C","author_link":"https:\/\/www.radiocastor.com\/index.php\/author\/radio-castor\/"},"uagb_comment_info":0,"uagb_excerpt":"Bon, l&rsquo;effet ne sera sans doute pas le m\u00eame qu&rsquo;avec le calendrier des pompiers, mais...","_links":{"self":[{"href":"https:\/\/www.radiocastor.com\/index.php\/wp-json\/wp\/v2\/posts\/749","targetHints":{"allow":["GET"]}}],"collection":[{"href":"https:\/\/www.radiocastor.com\/index.php\/wp-json\/wp\/v2\/posts"}],"about":[{"href":"https:\/\/www.radiocastor.com\/index.php\/wp-json\/wp\/v2\/types\/post"}],"author":[{"embeddable":true,"href":"https:\/\/www.radiocastor.com\/index.php\/wp-json\/wp\/v2\/users\/1"}],"replies":[{"embeddable":true,"href":"https:\/\/www.radiocastor.com\/index.php\/wp-json\/wp\/v2\/comments?post=749"}],"version-history":[{"count":0,"href":"https:\/\/www.radiocastor.com\/index.php\/wp-json\/wp\/v2\/posts\/749\/revisions"}],"wp:featuredmedia":[{"embeddable":true,"href":"https:\/\/www.radiocastor.com\/index.php\/wp-json\/wp\/v2\/media\/751"}],"wp:attachment":[{"href":"https:\/\/www.radiocastor.com\/index.php\/wp-json\/wp\/v2\/media?parent=749"}],"wp:term":[{"taxonomy":"category","embeddable":true,"href":"https:\/\/www.radiocastor.com\/index.php\/wp-json\/wp\/v2\/categories?post=749"},{"taxonomy":"post_tag","embeddable":true,"href":"https:\/\/www.radiocastor.com\/index.php\/wp-json\/wp\/v2\/tags?post=749"}],"curies":[{"name":"wp","href":"https:\/\/api.w.org\/{rel}","templated":true}]}}