{"id":6961,"date":"2023-10-26T17:32:48","date_gmt":"2023-10-26T15:32:48","guid":{"rendered":"https:\/\/www.radiocastor.com\/?p=6961"},"modified":"2023-10-26T17:32:50","modified_gmt":"2023-10-26T15:32:50","slug":"dieter-van-der-westen-reviennent-une-de-leur-merveilleuses-chansons-acoustiques-the-sun-will-rise-again","status":"publish","type":"post","link":"https:\/\/www.radiocastor.com\/index.php\/dieter-van-der-westen-reviennent-une-de-leur-merveilleuses-chansons-acoustiques-the-sun-will-rise-again\/","title":{"rendered":"Dieter van der Westen reviennent une de leur merveilleuses chansons acoustiques, \u00ab\u00a0The Sun Will Rise Again\u00a0\u00bb"},"content":{"rendered":"\n<p>L&rsquo;artiste n\u00e9erlandais Dieter van der Westen et son fr\u00e8re Eric nous pr\u00e9sentent leur titre, \u00ab\u00a0The Sun Will Rise Again\u00a0\u00bb, sorti le 25 octobre 2023.<\/p>\n\n\n\n<p>En 2021, les fr\u00e8res Van der Westen enregistrent ensemble leur premier album acoustique, \u00ab\u00a0The Sun Will Rise Again\u00a0\u00bb.<br>Un album rempli de chansons acoustiques Folk et Americana sur l&rsquo;amour et l&rsquo;espoir.<\/p>\n\n\n\n<p>Pendant la crise, les fr\u00e8res d\u00e9cident d&rsquo;enregistrer un album avec des chansons am\u00e9ricaines et folk auto-\u00e9crites, un genre qu&rsquo;ils aiment tous les deux depuis des ann\u00e9es.<br>Ferdi Lancee (V.O.F. De Kunst, Gare du Nord) appara\u00eet en invit\u00e9 \u00e0 la guitare acoustique.<\/p>\n\n\n\n<p>\u00ab\u00a0The Sun Will Rise Again\u00a0\u00bb est une chanson inspirante pour les sombres journ\u00e9es d&rsquo;automne.<br>Et comme le dit le duo :\u00a0\u00bb<br>\u00ab\u00a0Comme votre vie peut parfois para\u00eetre sombre, \u00e0 la fin de la nuit, le soleil reviendra pour vous faire briller.\u00a0\u00bb<\/p>\n\n\n\n<p><em>A \u00e9couter sur <a href=\"https:\/\/www.radiocastor.com\/index.php\/playlist\/\" target=\"_blank\" rel=\"noreferrer noopener\">nos playlists<\/a> !<\/em><\/p>\n\n\n\n<p class=\"has-text-align-center\"><iframe loading=\"lazy\" width=\"560\" height=\"315\" src=\"https:\/\/www.youtube.com\/embed\/DoBUPamAh20?si=_u2HxtLWFhm0uxxu\" title=\"YouTube video player\" frameborder=\"0\" allow=\"accelerometer; autoplay; clipboard-write; encrypted-media; gyroscope; picture-in-picture; web-share\" allowfullscreen=\"\"><\/iframe><\/p>\n\n\n\n<p class=\"has-text-align-center\"><a href=\"https:\/\/www.facebook.com\/dietervanderwestenofficial\" target=\"_blank\" rel=\"noreferrer noopener\">Facebook<\/a> &#8211; <a href=\"https:\/\/www.instagram.com\/dietervanderwesten\" target=\"_blank\" rel=\"noreferrer noopener\">Instagram<\/a> &#8211; <a href=\"https:\/\/twitter.com\/dietervdwesten\" target=\"_blank\" rel=\"noreferrer noopener\">Twitter<\/a><\/p>\n","protected":false},"excerpt":{"rendered":"<p>L&rsquo;artiste n\u00e9erlandais Dieter van der Westen et son fr\u00e8re Eric nous pr\u00e9sentent leur titre, \u00ab\u00a0The&#8230;<\/p>\n","protected":false},"author":1,"featured_media":6962,"comment_status":"closed","ping_status":"open","sticky":false,"template":"","format":"standard","meta":{"_uag_custom_page_level_css":"","footnotes":""},"categories":[92,77,76],"tags":[],"class_list":["post-6961","post","type-post","status-publish","format-standard","has-post-thumbnail","hentry","category-americana","category-country","category-folk"],"yoast_head":"<!-- This site is optimized with the Yoast SEO plugin v27.4 - https:\/\/yoast.com\/product\/yoast-seo-wordpress\/ -->\n<title>Dieter van der Westen reviennent une de leur merveilleuses chansons acoustiques, &quot;The Sun Will Rise Again&quot; - Radio Castor<\/title>\n<meta name=\"robots\" content=\"index, follow, max-snippet:-1, max-image-preview:large, max-video-preview:-1\" \/>\n<link rel=\"canonical\" href=\"https:\/\/www.radiocastor.com\/index.php\/dieter-van-der-westen-reviennent-une-de-leur-merveilleuses-chansons-acoustiques-the-sun-will-rise-again\/\" \/>\n<meta property=\"og:locale\" content=\"fr_FR\" \/>\n<meta property=\"og:type\" content=\"article\" \/>\n<meta property=\"og:title\" content=\"Dieter van der Westen reviennent une de leur merveilleuses chansons acoustiques, &quot;The Sun Will Rise Again&quot; - Radio Castor\" \/>\n<meta property=\"og:description\" content=\"L&rsquo;artiste n\u00e9erlandais Dieter van der Westen et son fr\u00e8re Eric nous pr\u00e9sentent leur titre, \u00ab\u00a0The...\" \/>\n<meta property=\"og:url\" content=\"https:\/\/www.radiocastor.com\/index.php\/dieter-van-der-westen-reviennent-une-de-leur-merveilleuses-chansons-acoustiques-the-sun-will-rise-again\/\" \/>\n<meta property=\"og:site_name\" content=\"Radio Castor\" \/>\n<meta property=\"article:publisher\" content=\"https:\/\/www.facebook.com\/theradiocastor\" \/>\n<meta property=\"article:published_time\" content=\"2023-10-26T15:32:48+00:00\" \/>\n<meta property=\"article:modified_time\" content=\"2023-10-26T15:32:50+00:00\" \/>\n<meta property=\"og:image\" content=\"https:\/\/www.radiocastor.com\/wp-content\/uploads\/2023\/10\/Screenshot-2023-10-26-at-17-24-19-1-Facebook.png\" \/>\n\t<meta property=\"og:image:width\" content=\"642\" \/>\n\t<meta property=\"og:image:height\" content=\"882\" \/>\n\t<meta property=\"og:image:type\" content=\"image\/png\" \/>\n<meta name=\"author\" content=\"R\u00e9daction R C\" \/>\n<meta name=\"twitter:card\" content=\"summary_large_image\" \/>\n<meta name=\"twitter:creator\" content=\"@TheRadioCastor\" \/>\n<meta name=\"twitter:site\" content=\"@TheRadioCastor\" \/>\n<meta name=\"twitter:label1\" content=\"\u00c9crit par\" \/>\n\t<meta name=\"twitter:data1\" content=\"R\u00e9daction R C\" \/>\n\t<meta name=\"twitter:label2\" content=\"Dur\u00e9e de lecture estim\u00e9e\" \/>\n\t<meta name=\"twitter:data2\" content=\"1 minute\" \/>\n<script type=\"application\/ld+json\" class=\"yoast-schema-graph\">{\"@context\":\"https:\\\/\\\/schema.org\",\"@graph\":[{\"@type\":\"Article\",\"@id\":\"https:\\\/\\\/www.radiocastor.com\\\/index.php\\\/dieter-van-der-westen-reviennent-une-de-leur-merveilleuses-chansons-acoustiques-the-sun-will-rise-again\\\/#article\",\"isPartOf\":{\"@id\":\"https:\\\/\\\/www.radiocastor.com\\\/index.php\\\/dieter-van-der-westen-reviennent-une-de-leur-merveilleuses-chansons-acoustiques-the-sun-will-rise-again\\\/\"},\"author\":{\"name\":\"R\u00e9daction R C\",\"@id\":\"https:\\\/\\\/www.radiocastor.com\\\/#\\\/schema\\\/person\\\/558b0e47dc4c11fa52b2220ba6a78779\"},\"headline\":\"Dieter van der Westen reviennent une de leur merveilleuses chansons acoustiques, \u00ab\u00a0The Sun Will Rise Again\u00a0\u00bb\",\"datePublished\":\"2023-10-26T15:32:48+00:00\",\"dateModified\":\"2023-10-26T15:32:50+00:00\",\"mainEntityOfPage\":{\"@id\":\"https:\\\/\\\/www.radiocastor.com\\\/index.php\\\/dieter-van-der-westen-reviennent-une-de-leur-merveilleuses-chansons-acoustiques-the-sun-will-rise-again\\\/\"},\"wordCount\":172,\"publisher\":{\"@id\":\"https:\\\/\\\/www.radiocastor.com\\\/#organization\"},\"image\":{\"@id\":\"https:\\\/\\\/www.radiocastor.com\\\/index.php\\\/dieter-van-der-westen-reviennent-une-de-leur-merveilleuses-chansons-acoustiques-the-sun-will-rise-again\\\/#primaryimage\"},\"thumbnailUrl\":\"https:\\\/\\\/www.radiocastor.com\\\/wp-content\\\/uploads\\\/2023\\\/10\\\/Screenshot-2023-10-26-at-17-24-19-1-Facebook.png\",\"articleSection\":[\"Americana\",\"Country\",\"Folk\"],\"inLanguage\":\"fr-FR\"},{\"@type\":\"WebPage\",\"@id\":\"https:\\\/\\\/www.radiocastor.com\\\/index.php\\\/dieter-van-der-westen-reviennent-une-de-leur-merveilleuses-chansons-acoustiques-the-sun-will-rise-again\\\/\",\"url\":\"https:\\\/\\\/www.radiocastor.com\\\/index.php\\\/dieter-van-der-westen-reviennent-une-de-leur-merveilleuses-chansons-acoustiques-the-sun-will-rise-again\\\/\",\"name\":\"Dieter van der Westen reviennent une de leur merveilleuses chansons acoustiques, \\\"The Sun Will Rise Again\\\" - Radio Castor\",\"isPartOf\":{\"@id\":\"https:\\\/\\\/www.radiocastor.com\\\/#website\"},\"primaryImageOfPage\":{\"@id\":\"https:\\\/\\\/www.radiocastor.com\\\/index.php\\\/dieter-van-der-westen-reviennent-une-de-leur-merveilleuses-chansons-acoustiques-the-sun-will-rise-again\\\/#primaryimage\"},\"image\":{\"@id\":\"https:\\\/\\\/www.radiocastor.com\\\/index.php\\\/dieter-van-der-westen-reviennent-une-de-leur-merveilleuses-chansons-acoustiques-the-sun-will-rise-again\\\/#primaryimage\"},\"thumbnailUrl\":\"https:\\\/\\\/www.radiocastor.com\\\/wp-content\\\/uploads\\\/2023\\\/10\\\/Screenshot-2023-10-26-at-17-24-19-1-Facebook.png\",\"datePublished\":\"2023-10-26T15:32:48+00:00\",\"dateModified\":\"2023-10-26T15:32:50+00:00\",\"breadcrumb\":{\"@id\":\"https:\\\/\\\/www.radiocastor.com\\\/index.php\\\/dieter-van-der-westen-reviennent-une-de-leur-merveilleuses-chansons-acoustiques-the-sun-will-rise-again\\\/#breadcrumb\"},\"inLanguage\":\"fr-FR\",\"potentialAction\":[{\"@type\":\"ReadAction\",\"target\":[\"https:\\\/\\\/www.radiocastor.com\\\/index.php\\\/dieter-van-der-westen-reviennent-une-de-leur-merveilleuses-chansons-acoustiques-the-sun-will-rise-again\\\/\"]}]},{\"@type\":\"ImageObject\",\"inLanguage\":\"fr-FR\",\"@id\":\"https:\\\/\\\/www.radiocastor.com\\\/index.php\\\/dieter-van-der-westen-reviennent-une-de-leur-merveilleuses-chansons-acoustiques-the-sun-will-rise-again\\\/#primaryimage\",\"url\":\"https:\\\/\\\/www.radiocastor.com\\\/wp-content\\\/uploads\\\/2023\\\/10\\\/Screenshot-2023-10-26-at-17-24-19-1-Facebook.png\",\"contentUrl\":\"https:\\\/\\\/www.radiocastor.com\\\/wp-content\\\/uploads\\\/2023\\\/10\\\/Screenshot-2023-10-26-at-17-24-19-1-Facebook.png\",\"width\":642,\"height\":882,\"caption\":\"Dieter van der Westen\"},{\"@type\":\"BreadcrumbList\",\"@id\":\"https:\\\/\\\/www.radiocastor.com\\\/index.php\\\/dieter-van-der-westen-reviennent-une-de-leur-merveilleuses-chansons-acoustiques-the-sun-will-rise-again\\\/#breadcrumb\",\"itemListElement\":[{\"@type\":\"ListItem\",\"position\":1,\"name\":\"Accueil\",\"item\":\"https:\\\/\\\/www.radiocastor.com\\\/\"},{\"@type\":\"ListItem\",\"position\":2,\"name\":\"Dieter van der Westen reviennent une de leur merveilleuses chansons acoustiques, \u00ab\u00a0The Sun Will Rise Again\u00a0\u00bb\"}]},{\"@type\":\"WebSite\",\"@id\":\"https:\\\/\\\/www.radiocastor.com\\\/#website\",\"url\":\"https:\\\/\\\/www.radiocastor.com\\\/\",\"name\":\"Radio Castor\",\"description\":\"La voix !\",\"publisher\":{\"@id\":\"https:\\\/\\\/www.radiocastor.com\\\/#organization\"},\"potentialAction\":[{\"@type\":\"SearchAction\",\"target\":{\"@type\":\"EntryPoint\",\"urlTemplate\":\"https:\\\/\\\/www.radiocastor.com\\\/?s={search_term_string}\"},\"query-input\":{\"@type\":\"PropertyValueSpecification\",\"valueRequired\":true,\"valueName\":\"search_term_string\"}}],\"inLanguage\":\"fr-FR\"},{\"@type\":\"Organization\",\"@id\":\"https:\\\/\\\/www.radiocastor.com\\\/#organization\",\"name\":\"Radio Castor\",\"url\":\"https:\\\/\\\/www.radiocastor.com\\\/\",\"logo\":{\"@type\":\"ImageObject\",\"inLanguage\":\"fr-FR\",\"@id\":\"https:\\\/\\\/www.radiocastor.com\\\/#\\\/schema\\\/logo\\\/image\\\/\",\"url\":\"https:\\\/\\\/www.radiocastor.com\\\/wp-content\\\/uploads\\\/2021\\\/11\\\/cropped-Radio-castor-logo-2.png\",\"contentUrl\":\"https:\\\/\\\/www.radiocastor.com\\\/wp-content\\\/uploads\\\/2021\\\/11\\\/cropped-Radio-castor-logo-2.png\",\"width\":437,\"height\":219,\"caption\":\"Radio Castor\"},\"image\":{\"@id\":\"https:\\\/\\\/www.radiocastor.com\\\/#\\\/schema\\\/logo\\\/image\\\/\"},\"sameAs\":[\"https:\\\/\\\/www.facebook.com\\\/theradiocastor\",\"https:\\\/\\\/x.com\\\/TheRadioCastor\",\"https:\\\/\\\/www.instagram.com\\\/theradiocastor\",\"https:\\\/\\\/www.youtube.com\\\/c\\\/RadioCastor\"]},{\"@type\":\"Person\",\"@id\":\"https:\\\/\\\/www.radiocastor.com\\\/#\\\/schema\\\/person\\\/558b0e47dc4c11fa52b2220ba6a78779\",\"name\":\"R\u00e9daction R C\",\"image\":{\"@type\":\"ImageObject\",\"inLanguage\":\"fr-FR\",\"@id\":\"https:\\\/\\\/secure.gravatar.com\\\/avatar\\\/1d3e4f4c4a0d129f7ed4838ea20c33760c2484b9bc381993df6c0e3f5bf89c23?s=96&d=mm&r=g\",\"url\":\"https:\\\/\\\/secure.gravatar.com\\\/avatar\\\/1d3e4f4c4a0d129f7ed4838ea20c33760c2484b9bc381993df6c0e3f5bf89c23?s=96&d=mm&r=g\",\"contentUrl\":\"https:\\\/\\\/secure.gravatar.com\\\/avatar\\\/1d3e4f4c4a0d129f7ed4838ea20c33760c2484b9bc381993df6c0e3f5bf89c23?s=96&d=mm&r=g\",\"caption\":\"R\u00e9daction R C\"},\"sameAs\":[\"http:\\\/\\\/www.radiocastor.com\"],\"url\":\"https:\\\/\\\/www.radiocastor.com\\\/index.php\\\/author\\\/radio-castor\\\/\"}]}<\/script>\n<!-- \/ Yoast SEO plugin. -->","yoast_head_json":{"title":"Dieter van der Westen reviennent une de leur merveilleuses chansons acoustiques, \"The Sun Will Rise Again\" - Radio Castor","robots":{"index":"index","follow":"follow","max-snippet":"max-snippet:-1","max-image-preview":"max-image-preview:large","max-video-preview":"max-video-preview:-1"},"canonical":"https:\/\/www.radiocastor.com\/index.php\/dieter-van-der-westen-reviennent-une-de-leur-merveilleuses-chansons-acoustiques-the-sun-will-rise-again\/","og_locale":"fr_FR","og_type":"article","og_title":"Dieter van der Westen reviennent une de leur merveilleuses chansons acoustiques, \"The Sun Will Rise Again\" - Radio Castor","og_description":"L&rsquo;artiste n\u00e9erlandais Dieter van der Westen et son fr\u00e8re Eric nous pr\u00e9sentent leur titre, \u00ab\u00a0The...","og_url":"https:\/\/www.radiocastor.com\/index.php\/dieter-van-der-westen-reviennent-une-de-leur-merveilleuses-chansons-acoustiques-the-sun-will-rise-again\/","og_site_name":"Radio Castor","article_publisher":"https:\/\/www.facebook.com\/theradiocastor","article_published_time":"2023-10-26T15:32:48+00:00","article_modified_time":"2023-10-26T15:32:50+00:00","og_image":[{"width":642,"height":882,"url":"https:\/\/www.radiocastor.com\/wp-content\/uploads\/2023\/10\/Screenshot-2023-10-26-at-17-24-19-1-Facebook.png","type":"image\/png"}],"author":"R\u00e9daction R C","twitter_card":"summary_large_image","twitter_creator":"@TheRadioCastor","twitter_site":"@TheRadioCastor","twitter_misc":{"\u00c9crit par":"R\u00e9daction R C","Dur\u00e9e de lecture estim\u00e9e":"1 minute"},"schema":{"@context":"https:\/\/schema.org","@graph":[{"@type":"Article","@id":"https:\/\/www.radiocastor.com\/index.php\/dieter-van-der-westen-reviennent-une-de-leur-merveilleuses-chansons-acoustiques-the-sun-will-rise-again\/#article","isPartOf":{"@id":"https:\/\/www.radiocastor.com\/index.php\/dieter-van-der-westen-reviennent-une-de-leur-merveilleuses-chansons-acoustiques-the-sun-will-rise-again\/"},"author":{"name":"R\u00e9daction R C","@id":"https:\/\/www.radiocastor.com\/#\/schema\/person\/558b0e47dc4c11fa52b2220ba6a78779"},"headline":"Dieter van der Westen reviennent une de leur merveilleuses chansons acoustiques, \u00ab\u00a0The Sun Will Rise Again\u00a0\u00bb","datePublished":"2023-10-26T15:32:48+00:00","dateModified":"2023-10-26T15:32:50+00:00","mainEntityOfPage":{"@id":"https:\/\/www.radiocastor.com\/index.php\/dieter-van-der-westen-reviennent-une-de-leur-merveilleuses-chansons-acoustiques-the-sun-will-rise-again\/"},"wordCount":172,"publisher":{"@id":"https:\/\/www.radiocastor.com\/#organization"},"image":{"@id":"https:\/\/www.radiocastor.com\/index.php\/dieter-van-der-westen-reviennent-une-de-leur-merveilleuses-chansons-acoustiques-the-sun-will-rise-again\/#primaryimage"},"thumbnailUrl":"https:\/\/www.radiocastor.com\/wp-content\/uploads\/2023\/10\/Screenshot-2023-10-26-at-17-24-19-1-Facebook.png","articleSection":["Americana","Country","Folk"],"inLanguage":"fr-FR"},{"@type":"WebPage","@id":"https:\/\/www.radiocastor.com\/index.php\/dieter-van-der-westen-reviennent-une-de-leur-merveilleuses-chansons-acoustiques-the-sun-will-rise-again\/","url":"https:\/\/www.radiocastor.com\/index.php\/dieter-van-der-westen-reviennent-une-de-leur-merveilleuses-chansons-acoustiques-the-sun-will-rise-again\/","name":"Dieter van der Westen reviennent une de leur merveilleuses chansons acoustiques, \"The Sun Will Rise Again\" - Radio Castor","isPartOf":{"@id":"https:\/\/www.radiocastor.com\/#website"},"primaryImageOfPage":{"@id":"https:\/\/www.radiocastor.com\/index.php\/dieter-van-der-westen-reviennent-une-de-leur-merveilleuses-chansons-acoustiques-the-sun-will-rise-again\/#primaryimage"},"image":{"@id":"https:\/\/www.radiocastor.com\/index.php\/dieter-van-der-westen-reviennent-une-de-leur-merveilleuses-chansons-acoustiques-the-sun-will-rise-again\/#primaryimage"},"thumbnailUrl":"https:\/\/www.radiocastor.com\/wp-content\/uploads\/2023\/10\/Screenshot-2023-10-26-at-17-24-19-1-Facebook.png","datePublished":"2023-10-26T15:32:48+00:00","dateModified":"2023-10-26T15:32:50+00:00","breadcrumb":{"@id":"https:\/\/www.radiocastor.com\/index.php\/dieter-van-der-westen-reviennent-une-de-leur-merveilleuses-chansons-acoustiques-the-sun-will-rise-again\/#breadcrumb"},"inLanguage":"fr-FR","potentialAction":[{"@type":"ReadAction","target":["https:\/\/www.radiocastor.com\/index.php\/dieter-van-der-westen-reviennent-une-de-leur-merveilleuses-chansons-acoustiques-the-sun-will-rise-again\/"]}]},{"@type":"ImageObject","inLanguage":"fr-FR","@id":"https:\/\/www.radiocastor.com\/index.php\/dieter-van-der-westen-reviennent-une-de-leur-merveilleuses-chansons-acoustiques-the-sun-will-rise-again\/#primaryimage","url":"https:\/\/www.radiocastor.com\/wp-content\/uploads\/2023\/10\/Screenshot-2023-10-26-at-17-24-19-1-Facebook.png","contentUrl":"https:\/\/www.radiocastor.com\/wp-content\/uploads\/2023\/10\/Screenshot-2023-10-26-at-17-24-19-1-Facebook.png","width":642,"height":882,"caption":"Dieter van der Westen"},{"@type":"BreadcrumbList","@id":"https:\/\/www.radiocastor.com\/index.php\/dieter-van-der-westen-reviennent-une-de-leur-merveilleuses-chansons-acoustiques-the-sun-will-rise-again\/#breadcrumb","itemListElement":[{"@type":"ListItem","position":1,"name":"Accueil","item":"https:\/\/www.radiocastor.com\/"},{"@type":"ListItem","position":2,"name":"Dieter van der Westen reviennent une de leur merveilleuses chansons acoustiques, \u00ab\u00a0The Sun Will Rise Again\u00a0\u00bb"}]},{"@type":"WebSite","@id":"https:\/\/www.radiocastor.com\/#website","url":"https:\/\/www.radiocastor.com\/","name":"Radio Castor","description":"La voix !","publisher":{"@id":"https:\/\/www.radiocastor.com\/#organization"},"potentialAction":[{"@type":"SearchAction","target":{"@type":"EntryPoint","urlTemplate":"https:\/\/www.radiocastor.com\/?s={search_term_string}"},"query-input":{"@type":"PropertyValueSpecification","valueRequired":true,"valueName":"search_term_string"}}],"inLanguage":"fr-FR"},{"@type":"Organization","@id":"https:\/\/www.radiocastor.com\/#organization","name":"Radio Castor","url":"https:\/\/www.radiocastor.com\/","logo":{"@type":"ImageObject","inLanguage":"fr-FR","@id":"https:\/\/www.radiocastor.com\/#\/schema\/logo\/image\/","url":"https:\/\/www.radiocastor.com\/wp-content\/uploads\/2021\/11\/cropped-Radio-castor-logo-2.png","contentUrl":"https:\/\/www.radiocastor.com\/wp-content\/uploads\/2021\/11\/cropped-Radio-castor-logo-2.png","width":437,"height":219,"caption":"Radio Castor"},"image":{"@id":"https:\/\/www.radiocastor.com\/#\/schema\/logo\/image\/"},"sameAs":["https:\/\/www.facebook.com\/theradiocastor","https:\/\/x.com\/TheRadioCastor","https:\/\/www.instagram.com\/theradiocastor","https:\/\/www.youtube.com\/c\/RadioCastor"]},{"@type":"Person","@id":"https:\/\/www.radiocastor.com\/#\/schema\/person\/558b0e47dc4c11fa52b2220ba6a78779","name":"R\u00e9daction R C","image":{"@type":"ImageObject","inLanguage":"fr-FR","@id":"https:\/\/secure.gravatar.com\/avatar\/1d3e4f4c4a0d129f7ed4838ea20c33760c2484b9bc381993df6c0e3f5bf89c23?s=96&d=mm&r=g","url":"https:\/\/secure.gravatar.com\/avatar\/1d3e4f4c4a0d129f7ed4838ea20c33760c2484b9bc381993df6c0e3f5bf89c23?s=96&d=mm&r=g","contentUrl":"https:\/\/secure.gravatar.com\/avatar\/1d3e4f4c4a0d129f7ed4838ea20c33760c2484b9bc381993df6c0e3f5bf89c23?s=96&d=mm&r=g","caption":"R\u00e9daction R C"},"sameAs":["http:\/\/www.radiocastor.com"],"url":"https:\/\/www.radiocastor.com\/index.php\/author\/radio-castor\/"}]}},"uagb_featured_image_src":{"full":["https:\/\/www.radiocastor.com\/wp-content\/uploads\/2023\/10\/Screenshot-2023-10-26-at-17-24-19-1-Facebook.png",642,882,false],"thumbnail":["https:\/\/www.radiocastor.com\/wp-content\/uploads\/2023\/10\/Screenshot-2023-10-26-at-17-24-19-1-Facebook-150x150.png",150,150,true],"medium":["https:\/\/www.radiocastor.com\/wp-content\/uploads\/2023\/10\/Screenshot-2023-10-26-at-17-24-19-1-Facebook-218x300.png",218,300,true],"medium_large":["https:\/\/www.radiocastor.com\/wp-content\/uploads\/2023\/10\/Screenshot-2023-10-26-at-17-24-19-1-Facebook.png",640,879,false],"large":["https:\/\/www.radiocastor.com\/wp-content\/uploads\/2023\/10\/Screenshot-2023-10-26-at-17-24-19-1-Facebook.png",640,879,false],"1536x1536":["https:\/\/www.radiocastor.com\/wp-content\/uploads\/2023\/10\/Screenshot-2023-10-26-at-17-24-19-1-Facebook.png",642,882,false],"2048x2048":["https:\/\/www.radiocastor.com\/wp-content\/uploads\/2023\/10\/Screenshot-2023-10-26-at-17-24-19-1-Facebook.png",642,882,false],"newsever-slider-full":["https:\/\/www.radiocastor.com\/wp-content\/uploads\/2023\/10\/Screenshot-2023-10-26-at-17-24-19-1-Facebook-642x845.png",642,845,true],"newsever-featured":["https:\/\/www.radiocastor.com\/wp-content\/uploads\/2023\/10\/Screenshot-2023-10-26-at-17-24-19-1-Facebook.png",642,882,false],"newsever-medium":["https:\/\/www.radiocastor.com\/wp-content\/uploads\/2023\/10\/Screenshot-2023-10-26-at-17-24-19-1-Facebook-642x475.png",642,475,true]},"uagb_author_info":{"display_name":"R\u00e9daction R C","author_link":"https:\/\/www.radiocastor.com\/index.php\/author\/radio-castor\/"},"uagb_comment_info":0,"uagb_excerpt":"L&rsquo;artiste n\u00e9erlandais Dieter van der Westen et son fr\u00e8re Eric nous pr\u00e9sentent leur titre, \u00ab\u00a0The...","_links":{"self":[{"href":"https:\/\/www.radiocastor.com\/index.php\/wp-json\/wp\/v2\/posts\/6961","targetHints":{"allow":["GET"]}}],"collection":[{"href":"https:\/\/www.radiocastor.com\/index.php\/wp-json\/wp\/v2\/posts"}],"about":[{"href":"https:\/\/www.radiocastor.com\/index.php\/wp-json\/wp\/v2\/types\/post"}],"author":[{"embeddable":true,"href":"https:\/\/www.radiocastor.com\/index.php\/wp-json\/wp\/v2\/users\/1"}],"replies":[{"embeddable":true,"href":"https:\/\/www.radiocastor.com\/index.php\/wp-json\/wp\/v2\/comments?post=6961"}],"version-history":[{"count":1,"href":"https:\/\/www.radiocastor.com\/index.php\/wp-json\/wp\/v2\/posts\/6961\/revisions"}],"predecessor-version":[{"id":6963,"href":"https:\/\/www.radiocastor.com\/index.php\/wp-json\/wp\/v2\/posts\/6961\/revisions\/6963"}],"wp:featuredmedia":[{"embeddable":true,"href":"https:\/\/www.radiocastor.com\/index.php\/wp-json\/wp\/v2\/media\/6962"}],"wp:attachment":[{"href":"https:\/\/www.radiocastor.com\/index.php\/wp-json\/wp\/v2\/media?parent=6961"}],"wp:term":[{"taxonomy":"category","embeddable":true,"href":"https:\/\/www.radiocastor.com\/index.php\/wp-json\/wp\/v2\/categories?post=6961"},{"taxonomy":"post_tag","embeddable":true,"href":"https:\/\/www.radiocastor.com\/index.php\/wp-json\/wp\/v2\/tags?post=6961"}],"curies":[{"name":"wp","href":"https:\/\/api.w.org\/{rel}","templated":true}]}}