{"id":6174,"date":"2023-09-03T20:00:09","date_gmt":"2023-09-03T18:00:09","guid":{"rendered":"https:\/\/www.radiocastor.com\/?p=6174"},"modified":"2023-09-03T20:00:11","modified_gmt":"2023-09-03T18:00:11","slug":"titre-du-jour-the-parade-im-a-dreamer","status":"publish","type":"post","link":"https:\/\/www.radiocastor.com\/index.php\/titre-du-jour-the-parade-im-a-dreamer\/","title":{"rendered":"Titre du jour &#8211; The Parade &#8211; I&rsquo;m a Dreamer"},"content":{"rendered":"\n<p>Aujourd&rsquo;hui, nous avons s\u00e9lectionn\u00e9 pour vous un titre du groupe de Su\u00e8de, The Parade, \u00ab\u00a0I&rsquo;m a Dreamer\u00a0\u00bb, sorti le 9 juin 2023.<\/p>\n\n\n\n<p>The Parade est un groupe originaire de Stockholm, jouant une pop indie des ann\u00e9es 90.<\/p>\n\n\n\n<p>En canalisant l&rsquo;esprit de cette \u00e9poque, la musique de The Parade vise \u00e0 renouer avec la nostalgie et la pure joie qui ont caract\u00e9ris\u00e9 ces ann\u00e9es de formation.<\/p>\n\n\n\n<p>\u00ab\u00a0I&rsquo;m a Dreamer\u00a0\u00bb rend hommage \u00e0 une \u00e9poque o\u00f9 les magazines de musique \u00e9taient des biens pr\u00e9cieux et o\u00f9 les disquaires \u00e9taient des sanctuaires pr\u00e9cieux pour les adolescents r\u00eaveurs.<\/p>\n\n\n\n<p>Le morceau m\u00e9lange harmonieusement des refrains accrocheurs, des arrangements luxuriants et des paroles sinc\u00e8res, et transporte les auditeurs dans un monde d\u2019optimisme juv\u00e9nile et de r\u00eaves sans limites, les invitant \u00e0 embrasser leurs propres aspirations et \u00e0 c\u00e9l\u00e9brer la joie de la d\u00e9couverte musicale.<\/p>\n\n\n\n<p><em>A \u00e9couter sur <a href=\"https:\/\/www.radiocastor.com\/index.php\/playlist\/\" target=\"_blank\" rel=\"noreferrer noopener\">nos playlists<\/a> !<\/em><\/p>\n\n\n\n<p><iframe loading=\"lazy\" width=\"560\" height=\"315\" src=\"https:\/\/www.youtube.com\/embed\/KkP6UGYujBI?si=HLGiEpsTDesZMH8e\" title=\"YouTube video player\" frameborder=\"0\" allow=\"accelerometer; autoplay; clipboard-write; encrypted-media; gyroscope; picture-in-picture; web-share\" allowfullscreen=\"\"><\/iframe><\/p>\n\n\n\n<p><\/p>\n\n\n\n<p class=\"has-text-align-center\"><a href=\"https:\/\/www.instagram.com\/theparademusic\/\" target=\"_blank\" rel=\"noreferrer noopener\">Instagram<\/a><\/p>\n","protected":false},"excerpt":{"rendered":"<p>Aujourd&rsquo;hui, nous avons s\u00e9lectionn\u00e9 pour vous un titre du groupe de Su\u00e8de, The Parade, \u00ab\u00a0I&rsquo;m&#8230;<\/p>\n","protected":false},"author":1,"featured_media":6176,"comment_status":"closed","ping_status":"open","sticky":false,"template":"","format":"standard","meta":{"_uag_custom_page_level_css":"","footnotes":""},"categories":[45],"tags":[],"class_list":["post-6174","post","type-post","status-publish","format-standard","has-post-thumbnail","hentry","category-titre-du-jour"],"yoast_head":"<!-- This site is optimized with the Yoast SEO plugin v27.4 - https:\/\/yoast.com\/product\/yoast-seo-wordpress\/ -->\n<title>Titre du jour - The Parade - I&#039;m a Dreamer - Radio Castor<\/title>\n<meta name=\"robots\" content=\"index, follow, max-snippet:-1, max-image-preview:large, max-video-preview:-1\" \/>\n<link rel=\"canonical\" href=\"https:\/\/www.radiocastor.com\/index.php\/titre-du-jour-the-parade-im-a-dreamer\/\" \/>\n<meta property=\"og:locale\" content=\"fr_FR\" \/>\n<meta property=\"og:type\" content=\"article\" \/>\n<meta property=\"og:title\" content=\"Titre du jour - The Parade - I&#039;m a Dreamer - Radio Castor\" \/>\n<meta property=\"og:description\" content=\"Aujourd&rsquo;hui, nous avons s\u00e9lectionn\u00e9 pour vous un titre du groupe de Su\u00e8de, The Parade, \u00ab\u00a0I&rsquo;m...\" \/>\n<meta property=\"og:url\" content=\"https:\/\/www.radiocastor.com\/index.php\/titre-du-jour-the-parade-im-a-dreamer\/\" \/>\n<meta property=\"og:site_name\" content=\"Radio Castor\" \/>\n<meta property=\"article:publisher\" content=\"https:\/\/www.facebook.com\/theradiocastor\" \/>\n<meta property=\"article:published_time\" content=\"2023-09-03T18:00:09+00:00\" \/>\n<meta property=\"article:modified_time\" content=\"2023-09-03T18:00:11+00:00\" \/>\n<meta property=\"og:image\" content=\"https:\/\/www.radiocastor.com\/wp-content\/uploads\/2023\/09\/Screenshot-2023-09-03-at-19-59-12-SubmitHub.png\" \/>\n\t<meta property=\"og:image:width\" content=\"492\" \/>\n\t<meta property=\"og:image:height\" content=\"471\" \/>\n\t<meta property=\"og:image:type\" content=\"image\/png\" \/>\n<meta name=\"author\" content=\"R\u00e9daction R C\" \/>\n<meta name=\"twitter:card\" content=\"summary_large_image\" \/>\n<meta name=\"twitter:creator\" content=\"@TheRadioCastor\" \/>\n<meta name=\"twitter:site\" content=\"@TheRadioCastor\" \/>\n<meta name=\"twitter:label1\" content=\"\u00c9crit par\" \/>\n\t<meta name=\"twitter:data1\" content=\"R\u00e9daction R C\" \/>\n\t<meta name=\"twitter:label2\" content=\"Dur\u00e9e de lecture estim\u00e9e\" \/>\n\t<meta name=\"twitter:data2\" content=\"1 minute\" \/>\n<script type=\"application\/ld+json\" class=\"yoast-schema-graph\">{\"@context\":\"https:\\\/\\\/schema.org\",\"@graph\":[{\"@type\":\"Article\",\"@id\":\"https:\\\/\\\/www.radiocastor.com\\\/index.php\\\/titre-du-jour-the-parade-im-a-dreamer\\\/#article\",\"isPartOf\":{\"@id\":\"https:\\\/\\\/www.radiocastor.com\\\/index.php\\\/titre-du-jour-the-parade-im-a-dreamer\\\/\"},\"author\":{\"name\":\"R\u00e9daction R C\",\"@id\":\"https:\\\/\\\/www.radiocastor.com\\\/#\\\/schema\\\/person\\\/558b0e47dc4c11fa52b2220ba6a78779\"},\"headline\":\"Titre du jour &#8211; The Parade &#8211; I&rsquo;m a Dreamer\",\"datePublished\":\"2023-09-03T18:00:09+00:00\",\"dateModified\":\"2023-09-03T18:00:11+00:00\",\"mainEntityOfPage\":{\"@id\":\"https:\\\/\\\/www.radiocastor.com\\\/index.php\\\/titre-du-jour-the-parade-im-a-dreamer\\\/\"},\"wordCount\":163,\"publisher\":{\"@id\":\"https:\\\/\\\/www.radiocastor.com\\\/#organization\"},\"image\":{\"@id\":\"https:\\\/\\\/www.radiocastor.com\\\/index.php\\\/titre-du-jour-the-parade-im-a-dreamer\\\/#primaryimage\"},\"thumbnailUrl\":\"https:\\\/\\\/www.radiocastor.com\\\/wp-content\\\/uploads\\\/2023\\\/09\\\/Screenshot-2023-09-03-at-19-59-12-SubmitHub.png\",\"articleSection\":[\"Titre du jour\"],\"inLanguage\":\"fr-FR\"},{\"@type\":\"WebPage\",\"@id\":\"https:\\\/\\\/www.radiocastor.com\\\/index.php\\\/titre-du-jour-the-parade-im-a-dreamer\\\/\",\"url\":\"https:\\\/\\\/www.radiocastor.com\\\/index.php\\\/titre-du-jour-the-parade-im-a-dreamer\\\/\",\"name\":\"Titre du jour - The Parade - I'm a Dreamer - Radio Castor\",\"isPartOf\":{\"@id\":\"https:\\\/\\\/www.radiocastor.com\\\/#website\"},\"primaryImageOfPage\":{\"@id\":\"https:\\\/\\\/www.radiocastor.com\\\/index.php\\\/titre-du-jour-the-parade-im-a-dreamer\\\/#primaryimage\"},\"image\":{\"@id\":\"https:\\\/\\\/www.radiocastor.com\\\/index.php\\\/titre-du-jour-the-parade-im-a-dreamer\\\/#primaryimage\"},\"thumbnailUrl\":\"https:\\\/\\\/www.radiocastor.com\\\/wp-content\\\/uploads\\\/2023\\\/09\\\/Screenshot-2023-09-03-at-19-59-12-SubmitHub.png\",\"datePublished\":\"2023-09-03T18:00:09+00:00\",\"dateModified\":\"2023-09-03T18:00:11+00:00\",\"breadcrumb\":{\"@id\":\"https:\\\/\\\/www.radiocastor.com\\\/index.php\\\/titre-du-jour-the-parade-im-a-dreamer\\\/#breadcrumb\"},\"inLanguage\":\"fr-FR\",\"potentialAction\":[{\"@type\":\"ReadAction\",\"target\":[\"https:\\\/\\\/www.radiocastor.com\\\/index.php\\\/titre-du-jour-the-parade-im-a-dreamer\\\/\"]}]},{\"@type\":\"ImageObject\",\"inLanguage\":\"fr-FR\",\"@id\":\"https:\\\/\\\/www.radiocastor.com\\\/index.php\\\/titre-du-jour-the-parade-im-a-dreamer\\\/#primaryimage\",\"url\":\"https:\\\/\\\/www.radiocastor.com\\\/wp-content\\\/uploads\\\/2023\\\/09\\\/Screenshot-2023-09-03-at-19-59-12-SubmitHub.png\",\"contentUrl\":\"https:\\\/\\\/www.radiocastor.com\\\/wp-content\\\/uploads\\\/2023\\\/09\\\/Screenshot-2023-09-03-at-19-59-12-SubmitHub.png\",\"width\":492,\"height\":471,\"caption\":\"The Parade\"},{\"@type\":\"BreadcrumbList\",\"@id\":\"https:\\\/\\\/www.radiocastor.com\\\/index.php\\\/titre-du-jour-the-parade-im-a-dreamer\\\/#breadcrumb\",\"itemListElement\":[{\"@type\":\"ListItem\",\"position\":1,\"name\":\"Accueil\",\"item\":\"https:\\\/\\\/www.radiocastor.com\\\/\"},{\"@type\":\"ListItem\",\"position\":2,\"name\":\"Titre du jour &#8211; The Parade &#8211; I&rsquo;m a Dreamer\"}]},{\"@type\":\"WebSite\",\"@id\":\"https:\\\/\\\/www.radiocastor.com\\\/#website\",\"url\":\"https:\\\/\\\/www.radiocastor.com\\\/\",\"name\":\"Radio Castor\",\"description\":\"La voix !\",\"publisher\":{\"@id\":\"https:\\\/\\\/www.radiocastor.com\\\/#organization\"},\"potentialAction\":[{\"@type\":\"SearchAction\",\"target\":{\"@type\":\"EntryPoint\",\"urlTemplate\":\"https:\\\/\\\/www.radiocastor.com\\\/?s={search_term_string}\"},\"query-input\":{\"@type\":\"PropertyValueSpecification\",\"valueRequired\":true,\"valueName\":\"search_term_string\"}}],\"inLanguage\":\"fr-FR\"},{\"@type\":\"Organization\",\"@id\":\"https:\\\/\\\/www.radiocastor.com\\\/#organization\",\"name\":\"Radio Castor\",\"url\":\"https:\\\/\\\/www.radiocastor.com\\\/\",\"logo\":{\"@type\":\"ImageObject\",\"inLanguage\":\"fr-FR\",\"@id\":\"https:\\\/\\\/www.radiocastor.com\\\/#\\\/schema\\\/logo\\\/image\\\/\",\"url\":\"https:\\\/\\\/www.radiocastor.com\\\/wp-content\\\/uploads\\\/2021\\\/11\\\/cropped-Radio-castor-logo-2.png\",\"contentUrl\":\"https:\\\/\\\/www.radiocastor.com\\\/wp-content\\\/uploads\\\/2021\\\/11\\\/cropped-Radio-castor-logo-2.png\",\"width\":437,\"height\":219,\"caption\":\"Radio Castor\"},\"image\":{\"@id\":\"https:\\\/\\\/www.radiocastor.com\\\/#\\\/schema\\\/logo\\\/image\\\/\"},\"sameAs\":[\"https:\\\/\\\/www.facebook.com\\\/theradiocastor\",\"https:\\\/\\\/x.com\\\/TheRadioCastor\",\"https:\\\/\\\/www.instagram.com\\\/theradiocastor\",\"https:\\\/\\\/www.youtube.com\\\/c\\\/RadioCastor\"]},{\"@type\":\"Person\",\"@id\":\"https:\\\/\\\/www.radiocastor.com\\\/#\\\/schema\\\/person\\\/558b0e47dc4c11fa52b2220ba6a78779\",\"name\":\"R\u00e9daction R C\",\"image\":{\"@type\":\"ImageObject\",\"inLanguage\":\"fr-FR\",\"@id\":\"https:\\\/\\\/secure.gravatar.com\\\/avatar\\\/1d3e4f4c4a0d129f7ed4838ea20c33760c2484b9bc381993df6c0e3f5bf89c23?s=96&d=mm&r=g\",\"url\":\"https:\\\/\\\/secure.gravatar.com\\\/avatar\\\/1d3e4f4c4a0d129f7ed4838ea20c33760c2484b9bc381993df6c0e3f5bf89c23?s=96&d=mm&r=g\",\"contentUrl\":\"https:\\\/\\\/secure.gravatar.com\\\/avatar\\\/1d3e4f4c4a0d129f7ed4838ea20c33760c2484b9bc381993df6c0e3f5bf89c23?s=96&d=mm&r=g\",\"caption\":\"R\u00e9daction R C\"},\"sameAs\":[\"http:\\\/\\\/www.radiocastor.com\"],\"url\":\"https:\\\/\\\/www.radiocastor.com\\\/index.php\\\/author\\\/radio-castor\\\/\"}]}<\/script>\n<!-- \/ Yoast SEO plugin. -->","yoast_head_json":{"title":"Titre du jour - The Parade - I'm a Dreamer - Radio Castor","robots":{"index":"index","follow":"follow","max-snippet":"max-snippet:-1","max-image-preview":"max-image-preview:large","max-video-preview":"max-video-preview:-1"},"canonical":"https:\/\/www.radiocastor.com\/index.php\/titre-du-jour-the-parade-im-a-dreamer\/","og_locale":"fr_FR","og_type":"article","og_title":"Titre du jour - The Parade - I'm a Dreamer - Radio Castor","og_description":"Aujourd&rsquo;hui, nous avons s\u00e9lectionn\u00e9 pour vous un titre du groupe de Su\u00e8de, The Parade, \u00ab\u00a0I&rsquo;m...","og_url":"https:\/\/www.radiocastor.com\/index.php\/titre-du-jour-the-parade-im-a-dreamer\/","og_site_name":"Radio Castor","article_publisher":"https:\/\/www.facebook.com\/theradiocastor","article_published_time":"2023-09-03T18:00:09+00:00","article_modified_time":"2023-09-03T18:00:11+00:00","og_image":[{"width":492,"height":471,"url":"https:\/\/www.radiocastor.com\/wp-content\/uploads\/2023\/09\/Screenshot-2023-09-03-at-19-59-12-SubmitHub.png","type":"image\/png"}],"author":"R\u00e9daction R C","twitter_card":"summary_large_image","twitter_creator":"@TheRadioCastor","twitter_site":"@TheRadioCastor","twitter_misc":{"\u00c9crit par":"R\u00e9daction R C","Dur\u00e9e de lecture estim\u00e9e":"1 minute"},"schema":{"@context":"https:\/\/schema.org","@graph":[{"@type":"Article","@id":"https:\/\/www.radiocastor.com\/index.php\/titre-du-jour-the-parade-im-a-dreamer\/#article","isPartOf":{"@id":"https:\/\/www.radiocastor.com\/index.php\/titre-du-jour-the-parade-im-a-dreamer\/"},"author":{"name":"R\u00e9daction R C","@id":"https:\/\/www.radiocastor.com\/#\/schema\/person\/558b0e47dc4c11fa52b2220ba6a78779"},"headline":"Titre du jour &#8211; The Parade &#8211; I&rsquo;m a Dreamer","datePublished":"2023-09-03T18:00:09+00:00","dateModified":"2023-09-03T18:00:11+00:00","mainEntityOfPage":{"@id":"https:\/\/www.radiocastor.com\/index.php\/titre-du-jour-the-parade-im-a-dreamer\/"},"wordCount":163,"publisher":{"@id":"https:\/\/www.radiocastor.com\/#organization"},"image":{"@id":"https:\/\/www.radiocastor.com\/index.php\/titre-du-jour-the-parade-im-a-dreamer\/#primaryimage"},"thumbnailUrl":"https:\/\/www.radiocastor.com\/wp-content\/uploads\/2023\/09\/Screenshot-2023-09-03-at-19-59-12-SubmitHub.png","articleSection":["Titre du jour"],"inLanguage":"fr-FR"},{"@type":"WebPage","@id":"https:\/\/www.radiocastor.com\/index.php\/titre-du-jour-the-parade-im-a-dreamer\/","url":"https:\/\/www.radiocastor.com\/index.php\/titre-du-jour-the-parade-im-a-dreamer\/","name":"Titre du jour - The Parade - I'm a Dreamer - Radio Castor","isPartOf":{"@id":"https:\/\/www.radiocastor.com\/#website"},"primaryImageOfPage":{"@id":"https:\/\/www.radiocastor.com\/index.php\/titre-du-jour-the-parade-im-a-dreamer\/#primaryimage"},"image":{"@id":"https:\/\/www.radiocastor.com\/index.php\/titre-du-jour-the-parade-im-a-dreamer\/#primaryimage"},"thumbnailUrl":"https:\/\/www.radiocastor.com\/wp-content\/uploads\/2023\/09\/Screenshot-2023-09-03-at-19-59-12-SubmitHub.png","datePublished":"2023-09-03T18:00:09+00:00","dateModified":"2023-09-03T18:00:11+00:00","breadcrumb":{"@id":"https:\/\/www.radiocastor.com\/index.php\/titre-du-jour-the-parade-im-a-dreamer\/#breadcrumb"},"inLanguage":"fr-FR","potentialAction":[{"@type":"ReadAction","target":["https:\/\/www.radiocastor.com\/index.php\/titre-du-jour-the-parade-im-a-dreamer\/"]}]},{"@type":"ImageObject","inLanguage":"fr-FR","@id":"https:\/\/www.radiocastor.com\/index.php\/titre-du-jour-the-parade-im-a-dreamer\/#primaryimage","url":"https:\/\/www.radiocastor.com\/wp-content\/uploads\/2023\/09\/Screenshot-2023-09-03-at-19-59-12-SubmitHub.png","contentUrl":"https:\/\/www.radiocastor.com\/wp-content\/uploads\/2023\/09\/Screenshot-2023-09-03-at-19-59-12-SubmitHub.png","width":492,"height":471,"caption":"The Parade"},{"@type":"BreadcrumbList","@id":"https:\/\/www.radiocastor.com\/index.php\/titre-du-jour-the-parade-im-a-dreamer\/#breadcrumb","itemListElement":[{"@type":"ListItem","position":1,"name":"Accueil","item":"https:\/\/www.radiocastor.com\/"},{"@type":"ListItem","position":2,"name":"Titre du jour &#8211; The Parade &#8211; I&rsquo;m a Dreamer"}]},{"@type":"WebSite","@id":"https:\/\/www.radiocastor.com\/#website","url":"https:\/\/www.radiocastor.com\/","name":"Radio Castor","description":"La voix !","publisher":{"@id":"https:\/\/www.radiocastor.com\/#organization"},"potentialAction":[{"@type":"SearchAction","target":{"@type":"EntryPoint","urlTemplate":"https:\/\/www.radiocastor.com\/?s={search_term_string}"},"query-input":{"@type":"PropertyValueSpecification","valueRequired":true,"valueName":"search_term_string"}}],"inLanguage":"fr-FR"},{"@type":"Organization","@id":"https:\/\/www.radiocastor.com\/#organization","name":"Radio Castor","url":"https:\/\/www.radiocastor.com\/","logo":{"@type":"ImageObject","inLanguage":"fr-FR","@id":"https:\/\/www.radiocastor.com\/#\/schema\/logo\/image\/","url":"https:\/\/www.radiocastor.com\/wp-content\/uploads\/2021\/11\/cropped-Radio-castor-logo-2.png","contentUrl":"https:\/\/www.radiocastor.com\/wp-content\/uploads\/2021\/11\/cropped-Radio-castor-logo-2.png","width":437,"height":219,"caption":"Radio Castor"},"image":{"@id":"https:\/\/www.radiocastor.com\/#\/schema\/logo\/image\/"},"sameAs":["https:\/\/www.facebook.com\/theradiocastor","https:\/\/x.com\/TheRadioCastor","https:\/\/www.instagram.com\/theradiocastor","https:\/\/www.youtube.com\/c\/RadioCastor"]},{"@type":"Person","@id":"https:\/\/www.radiocastor.com\/#\/schema\/person\/558b0e47dc4c11fa52b2220ba6a78779","name":"R\u00e9daction R C","image":{"@type":"ImageObject","inLanguage":"fr-FR","@id":"https:\/\/secure.gravatar.com\/avatar\/1d3e4f4c4a0d129f7ed4838ea20c33760c2484b9bc381993df6c0e3f5bf89c23?s=96&d=mm&r=g","url":"https:\/\/secure.gravatar.com\/avatar\/1d3e4f4c4a0d129f7ed4838ea20c33760c2484b9bc381993df6c0e3f5bf89c23?s=96&d=mm&r=g","contentUrl":"https:\/\/secure.gravatar.com\/avatar\/1d3e4f4c4a0d129f7ed4838ea20c33760c2484b9bc381993df6c0e3f5bf89c23?s=96&d=mm&r=g","caption":"R\u00e9daction R C"},"sameAs":["http:\/\/www.radiocastor.com"],"url":"https:\/\/www.radiocastor.com\/index.php\/author\/radio-castor\/"}]}},"uagb_featured_image_src":{"full":["https:\/\/www.radiocastor.com\/wp-content\/uploads\/2023\/09\/Screenshot-2023-09-03-at-19-59-12-SubmitHub.png",492,471,false],"thumbnail":["https:\/\/www.radiocastor.com\/wp-content\/uploads\/2023\/09\/Screenshot-2023-09-03-at-19-59-12-SubmitHub-150x150.png",150,150,true],"medium":["https:\/\/www.radiocastor.com\/wp-content\/uploads\/2023\/09\/Screenshot-2023-09-03-at-19-59-12-SubmitHub-300x287.png",300,287,true],"medium_large":["https:\/\/www.radiocastor.com\/wp-content\/uploads\/2023\/09\/Screenshot-2023-09-03-at-19-59-12-SubmitHub.png",492,471,false],"large":["https:\/\/www.radiocastor.com\/wp-content\/uploads\/2023\/09\/Screenshot-2023-09-03-at-19-59-12-SubmitHub.png",492,471,false],"1536x1536":["https:\/\/www.radiocastor.com\/wp-content\/uploads\/2023\/09\/Screenshot-2023-09-03-at-19-59-12-SubmitHub.png",492,471,false],"2048x2048":["https:\/\/www.radiocastor.com\/wp-content\/uploads\/2023\/09\/Screenshot-2023-09-03-at-19-59-12-SubmitHub.png",492,471,false],"newsever-slider-full":["https:\/\/www.radiocastor.com\/wp-content\/uploads\/2023\/09\/Screenshot-2023-09-03-at-19-59-12-SubmitHub.png",492,471,false],"newsever-featured":["https:\/\/www.radiocastor.com\/wp-content\/uploads\/2023\/09\/Screenshot-2023-09-03-at-19-59-12-SubmitHub.png",492,471,false],"newsever-medium":["https:\/\/www.radiocastor.com\/wp-content\/uploads\/2023\/09\/Screenshot-2023-09-03-at-19-59-12-SubmitHub.png",492,471,false]},"uagb_author_info":{"display_name":"R\u00e9daction R C","author_link":"https:\/\/www.radiocastor.com\/index.php\/author\/radio-castor\/"},"uagb_comment_info":0,"uagb_excerpt":"Aujourd&rsquo;hui, nous avons s\u00e9lectionn\u00e9 pour vous un titre du groupe de Su\u00e8de, The Parade, \u00ab\u00a0I&rsquo;m...","_links":{"self":[{"href":"https:\/\/www.radiocastor.com\/index.php\/wp-json\/wp\/v2\/posts\/6174","targetHints":{"allow":["GET"]}}],"collection":[{"href":"https:\/\/www.radiocastor.com\/index.php\/wp-json\/wp\/v2\/posts"}],"about":[{"href":"https:\/\/www.radiocastor.com\/index.php\/wp-json\/wp\/v2\/types\/post"}],"author":[{"embeddable":true,"href":"https:\/\/www.radiocastor.com\/index.php\/wp-json\/wp\/v2\/users\/1"}],"replies":[{"embeddable":true,"href":"https:\/\/www.radiocastor.com\/index.php\/wp-json\/wp\/v2\/comments?post=6174"}],"version-history":[{"count":1,"href":"https:\/\/www.radiocastor.com\/index.php\/wp-json\/wp\/v2\/posts\/6174\/revisions"}],"predecessor-version":[{"id":6177,"href":"https:\/\/www.radiocastor.com\/index.php\/wp-json\/wp\/v2\/posts\/6174\/revisions\/6177"}],"wp:featuredmedia":[{"embeddable":true,"href":"https:\/\/www.radiocastor.com\/index.php\/wp-json\/wp\/v2\/media\/6176"}],"wp:attachment":[{"href":"https:\/\/www.radiocastor.com\/index.php\/wp-json\/wp\/v2\/media?parent=6174"}],"wp:term":[{"taxonomy":"category","embeddable":true,"href":"https:\/\/www.radiocastor.com\/index.php\/wp-json\/wp\/v2\/categories?post=6174"},{"taxonomy":"post_tag","embeddable":true,"href":"https:\/\/www.radiocastor.com\/index.php\/wp-json\/wp\/v2\/tags?post=6174"}],"curies":[{"name":"wp","href":"https:\/\/api.w.org\/{rel}","templated":true}]}}