{"id":6135,"date":"2023-08-31T20:36:37","date_gmt":"2023-08-31T18:36:37","guid":{"rendered":"https:\/\/www.radiocastor.com\/?p=6135"},"modified":"2023-09-28T19:03:18","modified_gmt":"2023-09-28T17:03:18","slug":"chronique-de-la-chanson-francaise-episode-18","status":"publish","type":"post","link":"https:\/\/www.radiocastor.com\/index.php\/chronique-de-la-chanson-francaise-episode-18\/","title":{"rendered":"Chronique de la chanson fran\u00e7aise \u00e9pisode 18"},"content":{"rendered":"\n<p>Un mois d&rsquo;ao\u00fbt caniculaire, avec un record de titres re\u00e7us !<br>Et dire qu&rsquo;on \u00e9tait sens\u00e9 \u00eatre en vacances&#8230; Toujours est il qu&rsquo;\u00e9couter votre musique, c&rsquo;est quand m\u00eame un travail plut\u00f4t agr\u00e9able (quoi que des fois, hum&#8230;), mais on a fait une s\u00e9lection un peu h\u00e9t\u00e9roclite, refl\u00e9tant un peu plus que d&rsquo;habitude la vari\u00e9t\u00e9 de ce que nous aimons partager avec vous.<br>En attendant, nous vous souhaitons \u00e0 tous une bonne rentr\u00e9e.<\/p>\n\n\n\n<p><em>A \u00e9couter sur <a href=\"https:\/\/www.radiocastor.com\/index.php\/playlist\/\" target=\"_blank\" rel=\"noreferrer noopener\">nos playlists<\/a> !<\/em><\/p>\n\n\n\n<h2 class=\"wp-block-heading has-luminous-vivid-orange-color has-text-color\">Dania Gio : \u201cBla Bla\u201d<\/h2>\n\n\n\n<p>Dania Gio est une artiste compositrice, auteure et guitariste suisse n\u00e9e \u00e0 Gen\u00e8ve, avec des origines siciliennes, pr\u00e9sentant une v\u00e9ritable emprunte vocale reconnaissable.<br>Derri\u00e8re \u00ab\u00a0Bla Bla\u00a0\u00bb se cache un vrai storytelling, c&rsquo;est une chanson entra\u00eenante, estivale, remplie de fraicheur avec un refrain qui reste en t\u00eate.<br>Encore plus simple que \u00ab\u00a0Paroles, Paroles\u00a0\u00bb, \u00ab\u00a0Bla Bla\u00a0\u00bb n&rsquo;en finit pas de raisonner dans ma t\u00eate, et certainement que ce sera pareil pour vous&#8230;<\/p>\n\n\n\n<p><iframe loading=\"lazy\" width=\"560\" height=\"315\" src=\"https:\/\/www.youtube.com\/embed\/OIHUT777Pzs?si=jflTE47Tbypluq37\" title=\"YouTube video player\" frameborder=\"0\" allow=\"accelerometer; autoplay; clipboard-write; encrypted-media; gyroscope; picture-in-picture; web-share\" allowfullscreen=\"\"><\/iframe><\/p>\n\n\n\n<p class=\"has-text-align-center\"><a href=\"https:\/\/www.facebook.com\/DaniaGioOfficiel\" target=\"_blank\" rel=\"noreferrer noopener\">Facebook<\/a> &#8211; <a href=\"https:\/\/www.instagram.com\/daniagiofficiel\/\" target=\"_blank\" rel=\"noreferrer noopener\">Instagram<\/a> &#8211; <a href=\"https:\/\/twitter.com\/daniagio1\" target=\"_blank\" rel=\"noreferrer noopener\">Twitter<\/a><\/p>\n\n\n\n<h2 class=\"wp-block-heading has-luminous-vivid-orange-color has-text-color\">Zo\u00e9 Jos\u00e9phine : \u201cQuand le soleil\u201d<\/h2>\n\n\n\n<p>Zo\u00e9 Jos\u00e9phine est une auteure-compositrice et interpr\u00e8te li\u00e9geoise (oui, en Belgique&#8230;).<br>Elle a sorti son premier EP, \u00ab\u00a0Regarde dehors\u00a0\u00bb sous son propre label, ZJ records, qu&rsquo;elle a cr\u00e9\u00e9 pour pouvoir tout choisir et tout contr\u00f4ler.<br>Sa musique est \u00e0 son image, libre et ind\u00e9pendante, et avec \u00ab\u00a0Quand le soleil\u00a0\u00bb, elle prouve ses qualit\u00e9s d&rsquo;artiste accomplie avec des textes simples, mais o\u00f9 chacun peut s&rsquo;identifier, et une musique forte au refrain qui lui aussi, brille par sa simplicit\u00e9, mais surtout par une redoutable efficacit\u00e9 !<\/p>\n\n\n\n<p><iframe loading=\"lazy\" width=\"560\" height=\"315\" src=\"https:\/\/www.youtube.com\/embed\/BedEY4s0CP8?si=6ZtTdfkza4CZjJez\" title=\"YouTube video player\" frameborder=\"0\" allow=\"accelerometer; autoplay; clipboard-write; encrypted-media; gyroscope; picture-in-picture; web-share\" allowfullscreen=\"\"><\/iframe><\/p>\n\n\n\n<p class=\"has-text-align-center\"><a href=\"https:\/\/www.facebook.com\/zoejosephinemusic\" target=\"_blank\" rel=\"noreferrer noopener\">Facebook<\/a> &#8211; <a href=\"https:\/\/www.instagram.com\/zoe_josephine\/\" target=\"_blank\" rel=\"noreferrer noopener\">Instagram<\/a><\/p>\n\n\n\n<h2 class=\"wp-block-heading has-luminous-vivid-orange-color has-text-color\">Lionel Langlais : \u201cRue Vieille du Temple\u201d<\/h2>\n\n\n\n<p>Dans ce titre pop, vintage et ensoleill\u00e9, Lionel Langlais, nous fait vivre pas \u00e0 pas une rencontre amoureuse, qui a pour cadre la rue Vieille du Temple \u00e0 Paris.<br>Mais c\u2019est au fond, on le sait, la m\u00eame histoire qui partout, tout le temps, se renouvelle et s\u2019\u00e9crit chaque jour.<br>\u00ab\u00a0Rue Vieille du Temple\u00a0\u00bb est le troisi\u00e8me single extrait du prochain album de Lionel Langlais, dont la sortie est programm\u00e9e le 2 novembre.<br>En tout cas, voici un titre parfait pour illustrer notre rubrique sur la chanson fran\u00e7aise.<\/p>\n\n\n\n<p><iframe loading=\"lazy\" width=\"560\" height=\"315\" src=\"https:\/\/www.youtube.com\/embed\/UsFIWFmh_4Y?si=jMfNT2lSba3evBZr\" title=\"YouTube video player\" frameborder=\"0\" allow=\"accelerometer; autoplay; clipboard-write; encrypted-media; gyroscope; picture-in-picture; web-share\" allowfullscreen=\"\"><\/iframe><\/p>\n\n\n\n<p class=\"has-text-align-center\"><a href=\"https:\/\/www.facebook.com\/lionellanglais\" target=\"_blank\" rel=\"noreferrer noopener\">Facebook<\/a> &#8211; <a href=\"https:\/\/www.instagram.com\/lionel.langlais\" target=\"_blank\" rel=\"noreferrer noopener\">Instagram<\/a> &#8211; <a href=\"https:\/\/twitter.com\/lionellanglais\" target=\"_blank\" rel=\"noreferrer noopener\">Twitter<\/a><\/p>\n\n\n\n<h2 class=\"wp-block-heading has-luminous-vivid-orange-color has-text-color\">WFM : \u201cM\u00eame Job, M\u00eame Salaire\u201c<\/h2>\n\n\n\n<p>WFM est un groupe de pop\/rock, droit sorti du Tampon, dans l&rsquo;ile de La R\u00e9union. Le groupe est compos\u00e9 de 2 guitaristes, d&rsquo;une clavi\u00e9riste, d&rsquo;un bassiste, d&rsquo;un batteur et d&rsquo;une chanteuse. Il oscille entre les genres en restant r\u00e9solument rock et propose un voyage musical autour de leur univers tant\u00f4t planant, tant\u00f4t \u00e9lectrisant !<br>\u00ab\u00a0M\u00eame Job, M\u00eame Salaire\u00a0\u00bb est un morceau rock engag\u00e9 de WFM, qui fait \u00e9tat avec l\u00e9g\u00e8ret\u00e9 du tr\u00e8s r\u00e9pandu probl\u00e8me soci\u00e9tal de l&rsquo;\u00e9galit\u00e9 salariale entre hommes et femmes.<\/p>\n\n\n\n<p><iframe loading=\"lazy\" width=\"560\" height=\"315\" src=\"https:\/\/www.youtube.com\/embed\/aCJxKm8mYEE?si=wUzUpnm8P0jOUnb_\" title=\"YouTube video player\" frameborder=\"0\" allow=\"accelerometer; autoplay; clipboard-write; encrypted-media; gyroscope; picture-in-picture; web-share\" allowfullscreen=\"\"><\/iframe><\/p>\n\n\n\n<p class=\"has-text-align-center\"><a href=\"https:\/\/www.facebook.com\/profile.php?id=100092429074231\" target=\"_blank\" rel=\"noreferrer noopener\">Facebook<\/a> &#8211; <a href=\"https:\/\/www.instagram.com\/wfmband\/\" target=\"_blank\" rel=\"noreferrer noopener\">Instagram<\/a><\/p>\n\n\n\n<h2 class=\"wp-block-heading has-luminous-vivid-orange-color has-text-color\">Fleur de Peau : \u201cStroboscope\u201d<\/h2>\n\n\n\n<p>Fleur de Peau est un duo canadien synth-pop compos\u00e9 de Louis Fernandez, multi instrumentiste-r\u00e9alisateur et \u00c9lie Dubois-S\u00e9n\u00e9chal \u00e0 la voix.<br>Le son de Fleur de Peau est m\u00e9lancolique, percutant et po\u00e9tique.<br>C\u2019est un projet qui t\u00e9moigne tant\u00f4t d\u2019une r\u00e9alit\u00e9 Queer et f\u00e9ministe, tant\u00f4t d\u2019une approche personnelle et \u00e9motive de l\u2019urgence de vivre.<br>Stroboscope est une chanson estivale sur la c\u00e9l\u00e9bration de la beaut\u00e9 et de la joie, sur le fait d\u2019apprivoiser un amour encore jeune.<\/p>\n\n\n\n<p><iframe loading=\"lazy\" width=\"560\" height=\"315\" src=\"https:\/\/www.youtube.com\/embed\/ezng0opu-WU?si=ho5CImlXfDsBtoWN\" title=\"YouTube video player\" frameborder=\"0\" allow=\"accelerometer; autoplay; clipboard-write; encrypted-media; gyroscope; picture-in-picture; web-share\" allowfullscreen=\"\"><\/iframe><\/p>\n\n\n\n<p class=\"has-text-align-center\"><a href=\"https:\/\/www.facebook.com\/fleurdepeaumusique\" target=\"_blank\" rel=\"noreferrer noopener\">Facebook<\/a> &#8211; <a href=\"https:\/\/www.instagram.com\/fleurdepeaumusic\/\">Instagram<\/a><\/p>\n\n\n\n<h2 class=\"wp-block-heading has-luminous-vivid-orange-color has-text-color\">Solveig : \u201cLe b\u00e2ton de p\u00e8lerin\u201d<\/h2>\n\n\n\n<p>Jeune femme aux deux visages, \u00e0 la fois solaire et empreinte de m\u00e9lancolie, Solveig nous livre ses chansons avec sinc\u00e9rit\u00e9 et une joie communicative.<br>Sous son chapeau, la chanteuse aux grands yeux aime nous conter ses histoires de vie, qu\u2019elle nous retranscrit avec force et une sensibilit\u00e9 \u00e0 fleur de peau.<br>\u00ab\u00a0Le b\u00e2ton de p\u00e8lerin\u00a0\u00bb est extrait de son EP \u00ab\u00a0Face \u00e0 face\u00a0\u00bb, une pop po\u00e9tique qui se pla\u00eet au m\u00e9lange des genres, folk, soul, parfois ethniques.<br>Elle sait caresser notre \u00e2me avec ses envol\u00e9es lyriques et sa sensibilit\u00e9 \u00e0 fleur de peau. En somme, un peu de douceur dans un monde de brutes..<\/p>\n\n\n\n<p><iframe loading=\"lazy\" width=\"560\" height=\"315\" src=\"https:\/\/www.youtube.com\/embed\/ZUBdv3_oIlk?si=EdwaU1wGNPkmHfo5\" title=\"YouTube video player\" frameborder=\"0\" allow=\"accelerometer; autoplay; clipboard-write; encrypted-media; gyroscope; picture-in-picture; web-share\" allowfullscreen=\"\"><\/iframe><\/p>\n\n\n\n<p class=\"has-text-align-center\"><a href=\"https:\/\/www.facebook.com\/Solveig.Officiel\/\" target=\"_blank\" rel=\"noreferrer noopener\">Facebook<\/a> &#8211; <a href=\"https:\/\/www.instagram.com\/solveigofficiel\/\" target=\"_blank\" rel=\"noreferrer noopener\">Instagram<\/a> &#8211; <a href=\"https:\/\/twitter.com\/solveigofficiel\" target=\"_blank\" rel=\"noreferrer noopener\">Twitter<\/a><\/p>\n\n\n\n<h2 class=\"wp-block-heading has-luminous-vivid-orange-color has-text-color\">Yannick Fortin : \u201cL&rsquo;orage\u201d<\/h2>\n\n\n\n<p>Originaire du Vaucluse dans le sud de la France, Yannick Fortin est ing\u00e9nieur a\u00e9ronautique, auteur, compositeur, et musicien.<br>Dans cet orage auquel le h\u00e9ro de cette histoire pensait \u00e9chapper, du fait de son \u00e2ge et de son exp\u00e9rience, les guitares cr\u00e9ent, avec la batterie un univers coh\u00e9rent, visuel, mais l&rsquo;amour \u00e0 l&rsquo;origine de cet orage peut vous attraper \u00e0 tout moment\u2026<br>\u00ab\u00a0L&rsquo;Orage\u00a0\u00bb est extrait d&rsquo;un nouvel EP, \u00ab\u00a0Le Masque\u00a0\u00bb, r\u00e9solument Rock Fran\u00e7ais, r\u00e9alis\u00e9 en compagnie de Gilles Fournat (Guitares) et Benoit Villedieu (batterie), attendu pour bient\u00f4t.<\/p>\n\n\n\n<p><iframe loading=\"lazy\" width=\"560\" height=\"315\" src=\"https:\/\/www.youtube.com\/embed\/Gscfr8XM-gs?si=lyiFbWs-kdcMs42w\" title=\"YouTube video player\" frameborder=\"0\" allow=\"accelerometer; autoplay; clipboard-write; encrypted-media; gyroscope; picture-in-picture; web-share\" allowfullscreen=\"\"><\/iframe><\/p>\n\n\n\n<p class=\"has-text-align-center\"><a href=\"https:\/\/www.facebook.com\/Yannick.Fortin.Violoniste.Bassiste.Compositeur\" target=\"_blank\" rel=\"noreferrer noopener\">Facebook<\/a> &#8211; <a href=\"https:\/\/www.instagram.com\/yannick77fortin\/\" target=\"_blank\" rel=\"noreferrer noopener\">Instagram<\/a><\/p>\n\n\n\n<h2 class=\"wp-block-heading has-luminous-vivid-orange-color has-text-color\">Jagas : \u201cComment on s&rsquo;aime?\u201d<\/h2>\n\n\n\n<p>Jagas s&rsquo;inscrit dans un rock\/chanson francophone engag\u00e9 et po\u00e9tique, \u00e0 mille lieues du cynisme et de la r\u00e9signation ambiante.<br>Furieusement humaniste, joyeusement militant, Jagas laisse s&rsquo;affronter la col\u00e8re de Noir D\u00e9sir, la passion de Mano Solo, la po\u00e9sie de Jacques Brel et la g\u00e9n\u00e9rosit\u00e9 des Ogres de Barback.<br>La chanson \u00ab\u00a0Comment on s&rsquo;aime\u00a0\u00bb parle d&rsquo;amour et de s&rsquo;aimer de mani\u00e8re respectueuse ! Jagas soutient avec cette chanson le chat d&rsquo;En Avant Toutes<\/p>\n\n\n\n<p><iframe loading=\"lazy\" width=\"560\" height=\"315\" src=\"https:\/\/www.youtube.com\/embed\/3WLsI3SccJk?si=L5W06EVoHfG9HaGY\" title=\"YouTube video player\" frameborder=\"0\" allow=\"accelerometer; autoplay; clipboard-write; encrypted-media; gyroscope; picture-in-picture; web-share\" allowfullscreen=\"\"><\/iframe><\/p>\n\n\n\n<p class=\"has-text-align-center\"><a href=\"https:\/\/www.facebook.com\/jagasmusic\/\" target=\"_blank\" rel=\"noreferrer noopener\">Facebook<\/a> &#8211; <a href=\"https:\/\/www.instagram.com\/jagasmusic\/\" target=\"_blank\" rel=\"noreferrer noopener\">Instagram<\/a><\/p>\n\n\n\n<h2 class=\"wp-block-heading has-luminous-vivid-orange-color has-text-color\">Karelle Beadoin : \u201cTo\u00e9 pis Mo\u00e9\u201d<\/h2>\n\n\n\n<p>Dans le bouillonnement effervescent du paysage musical qu\u00e9b\u00e9cois, une artiste \u00e9merge de l&rsquo;Outaouais avec un accent exceptionnel qui nous rappelle les origines de la langue fran\u00e7aise, \u00ab\u00a0Le Vieux Fran\u00e7ois\u00a0\u00bb, et elle le porte jusque dans l&rsquo;\u00e9criture du titre de son tout premier single !<br>\u00ab\u00a0To\u00e9 pis mo\u00e9\u00a0\u00bb fait voyager \u00e0 travers une musicalit\u00e9 et une vid\u00e9o originales et envo\u00fbtantes, remplies de beaut\u00e9 et de couleurs, qui peignent un tableau des plus prometteurs, et on se laisse s\u00e9duire par cette po\u00e9sie si imag\u00e9e.<\/p>\n\n\n\n<p><iframe loading=\"lazy\" width=\"560\" height=\"315\" src=\"https:\/\/www.youtube.com\/embed\/JiKDgYNZ1dc?si=VdZmpLWChK72taa8\" title=\"YouTube video player\" frameborder=\"0\" allow=\"accelerometer; autoplay; clipboard-write; encrypted-media; gyroscope; picture-in-picture; web-share\" allowfullscreen=\"\"><\/iframe><\/p>\n\n\n\n<p class=\"has-text-align-center\"><a href=\"https:\/\/www.facebook.com\/KarelleBeaudoinartist\" target=\"_blank\" rel=\"noreferrer noopener\">Facebook<\/a> &#8211; <a href=\"https:\/\/www.instagram.com\/KarelleBeaudoin\/\">Instagram<\/a> &#8211; <a href=\"https:\/\/twitter.com\/KarelleBeaudoin\/\" target=\"_blank\" rel=\"noreferrer noopener\">Twitter<\/a><\/p>\n\n\n\n<h2 class=\"wp-block-heading has-luminous-vivid-orange-color has-text-color\">Louvv : \u201cLe bruit des vagues\u201d<\/h2>\n\n\n\n<p>Louvv est un jeune auteur compositeur interp\u00e9te fran\u00e7ais.<br>\u00ab\u00a0Le bruit des vagues\u00a0\u00bb est une chanson qui s&rsquo;adresse aux personnes souhaitant s&rsquo;\u00e9vader un peu de leur quotidien pour se retrouver tranquille et seul avec eux-m\u00eame.<br>Sur une sonorit\u00e9 inspir\u00e9e de la dream pop, m\u00e9lang\u00e9e \u00e0 de la chanson fran\u00e7aise, Louvv essaye de ne pas partager simplement une musique, mais un voyage avec les auditeurs, les invitant \u00e0 penser un peu \u00e0 autre chose.<\/p>\n\n\n\n<p><iframe loading=\"lazy\" width=\"560\" height=\"315\" src=\"https:\/\/www.youtube.com\/embed\/af3gkuysnUY?si=EIRC4sG2iv1j2vR9\" title=\"YouTube video player\" frameborder=\"0\" allow=\"accelerometer; autoplay; clipboard-write; encrypted-media; gyroscope; picture-in-picture; web-share\" allowfullscreen=\"\"><\/iframe><\/p>\n\n\n\n<p class=\"has-text-align-center\"><a href=\"https:\/\/www.instagram.com\/louvv_x\/\" target=\"_blank\" rel=\"noreferrer noopener\">Instagram<\/a><\/p>\n\n\n\n<h2 class=\"wp-block-heading has-luminous-vivid-orange-color has-text-color\">Marie Audet : \u201cUn soleil toujours\u201d<\/h2>\n\n\n\n<p>La qu\u00e9becoise Maude Audet vient de faire para\u00eetre son cinqui\u00e8me album, \u00ab\u00a0Il faut partir maintenant\u00a0\u00bb.<br>Avec gr\u00e2ce et sensibilit\u00e9 Maude est une digne h\u00e9riti\u00e8re de Fran\u00e7oise Hardy, une cousine de Lana Del Rey et Mara Tremblay.<br>Tel une \u00e9claircie attendue longtemps, \u00ab\u00a0Un soleil toujours\u00a0\u00bb d\u00e9crit le retour d\u2019un sentiment chaleureux, un amour qui reprend sa place. Elle a compos\u00e9 cette pi\u00e8ce durant une p\u00e9riode o\u00f9 on sentait rejaillir les possibilit\u00e9s apr\u00e8s la noirceur.<br>Musicalement, on reconna\u00eet les sonorit\u00e9s qui nous r\u00e9confortent: un rythme enjou\u00e9, qui rev\u00eat cette fois des arrangements plus denses et un sentiment de big band pr\u00eat \u00e0 nous faire tous vibrer.<\/p>\n\n\n\n<p><iframe loading=\"lazy\" width=\"560\" height=\"315\" src=\"https:\/\/www.youtube.com\/embed\/H3fcK2rNVXw?si=nfH28mM4VBk_PUow\" title=\"YouTube video player\" frameborder=\"0\" allow=\"accelerometer; autoplay; clipboard-write; encrypted-media; gyroscope; picture-in-picture; web-share\" allowfullscreen=\"\"><\/iframe><\/p>\n\n\n\n<p class=\"has-text-align-center\"><a href=\"https:\/\/www.facebook.com\/maudeaudetmusique\" target=\"_blank\" rel=\"noreferrer noopener\">Facebook<\/a> &#8211; <a href=\"https:\/\/www.instagram.com\/maude_audet\/\" target=\"_blank\" rel=\"noreferrer noopener\">Instagram<\/a> &#8211; <a href=\"https:\/\/twitter.com\/maudaudet\" target=\"_blank\" rel=\"noreferrer noopener\">Twitter<\/a><\/p>\n\n\n\n<h2 class=\"wp-block-heading has-luminous-vivid-orange-color has-text-color\">Kelyana : \u201cVos regards\u201d<\/h2>\n\n\n\n<p>Kelyana est une autrice, compositrice et interpr\u00e8te originaire de la r\u00e9gion Rh\u00f4ne-Alpes.<br>Le piano est sa principale source d\u2019inspiration, notamment pour parler de sa r\u00e9alit\u00e9 tout en empruntant le chemin de l\u2019imagination. C\u2019est en effet l\u2019une de ses aspirations, marquer d\u2019une emprunte \u00e9nigmatique un simple v\u00e9cu. Son fid\u00e8le \u00e9quipier, c\u2019est son papa, guitariste et pianiste, il compose ses titres qui seront finalis\u00e9s en chanson, en studio professionnel.<br>\u00ab\u00a0Vos regards\u00a0\u00bb est une chanson contre le harc\u00e8lement, la violence, et les injures.<\/p>\n\n\n\n<p><iframe loading=\"lazy\" width=\"560\" height=\"315\" src=\"https:\/\/www.youtube.com\/embed\/rAEYpNbQQno?si=F87X7lwQKfNq3KZ0\" title=\"YouTube video player\" frameborder=\"0\" allow=\"accelerometer; autoplay; clipboard-write; encrypted-media; gyroscope; picture-in-picture; web-share\" allowfullscreen=\"\"><\/iframe><\/p>\n\n\n\n<p class=\"has-text-align-center\"><a href=\"https:\/\/www.facebook.com\/Kelyanax\" target=\"_blank\" rel=\"noreferrer noopener\">Facebook<\/a> &#8211; <a href=\"https:\/\/www.instagram.com\/kelyanax\/\" target=\"_blank\" rel=\"noreferrer noopener\">Instagram<\/a><\/p>\n\n\n\n<h2 class=\"wp-block-heading has-luminous-vivid-orange-color has-text-color\">Naomi Greene : \u201cC\u0153ur Solaire\u201d<\/h2>\n\n\n\n<p>Chanteuse-harpiste, mais aussi v\u00e9ritable multi-instrumentiste, Naomi Greene a rapport\u00e9 de Los Angeles o\u00f9 elle a longtemps v\u00e9cu, une pop lumineuse et envo\u00fbtante qu\u2019elle m\u00eale \u00e9l\u00e9gamment \u00e0 un art maitris\u00e9 de la chanson fran\u00e7aise.<br>\u00ab\u00a0Coeur Solaire\u201d c\u00e9l\u00e8bre l\u2019\u00e9t\u00e9, les amours \u00e9ph\u00e9m\u00e8res et l\u2019\u00e9mancipation f\u00e9minine. \u00c9crit dans une p\u00e9riode de transformation profonde, ce titre est une ode \u00e0 la m\u00e9tamorphose et \u00e0 la renaissance. La m\u00e9lodie de harpe scintillante que Naomi joue sur le morceau nous fait voyager d&rsquo;une m\u00e9lancolie douce \u00e0 une joie estivale et chaleureuse, qu\u2019on retrouve dans le clip en Super 8 tourn\u00e9 spontan\u00e9ment \u00e0 Big Sur en Californie.<\/p>\n\n\n\n<p><iframe loading=\"lazy\" width=\"560\" height=\"315\" src=\"https:\/\/www.youtube.com\/embed\/__wq-ww-oFw?si=RxPRXd4Axl0N1C6l\" title=\"YouTube video player\" frameborder=\"0\" allow=\"accelerometer; autoplay; clipboard-write; encrypted-media; gyroscope; picture-in-picture; web-share\" allowfullscreen=\"\"><\/iframe><\/p>\n\n\n\n<p class=\"has-text-align-center\"><a href=\"https:\/\/www.facebook.com\/naomigreenemusic\" target=\"_blank\" rel=\"noreferrer noopener\">Facebook<\/a> &#8211; <a href=\"https:\/\/www.instagram.com\/naomi.greene\/\" target=\"_blank\" rel=\"noreferrer noopener\">Instagram<\/a><\/p>\n\n\n\n<h2 class=\"wp-block-heading has-luminous-vivid-orange-color has-text-color\">Teddy Attia : \u201cA l\u2019infini\u201d<\/h2>\n\n\n\n<p>Originaire de Paris, Teddy Attia \u00e9crit ce qu&rsquo;il vit sur des accords simples et le chante.<br>Il nous propose une musique entre la pop et la chanson fran\u00e7aise.<br>\u201cA l\u2019infini\u201d est une chanson douce qui  se pose entre les y\u00e9y\u00e9s des ann\u00e9es 60 pour les paroles et la m\u00e9lodie, les ann\u00e9es 80s pour l&rsquo;arrangement et l&rsquo;interpr\u00e9tation, que Teddy a choisi judicieusement d\u2019effectuer en duo avec Mahault.<\/p>\n\n\n\n<p><iframe loading=\"lazy\" width=\"560\" height=\"315\" src=\"https:\/\/www.youtube.com\/embed\/YJVz8pWYv94?si=qO2AooYlDmHUNiga\" title=\"YouTube video player\" frameborder=\"0\" allow=\"accelerometer; autoplay; clipboard-write; encrypted-media; gyroscope; picture-in-picture; web-share\" allowfullscreen=\"\"><\/iframe><\/p>\n\n\n\n<p class=\"has-text-align-center\">Teddy Attia : <a href=\"https:\/\/www.instagram.com\/teddyattia\/\" target=\"_blank\" rel=\"noreferrer noopener\">Instagram<\/a> \/ Mahault : <a href=\"https:\/\/www.facebook.com\/Mahaultmusique\/\" target=\"_blank\" rel=\"noreferrer noopener\">Facebook<\/a> &#8211; <a href=\"https:\/\/www.instagram.com\/mahaultdb\/\" target=\"_blank\" rel=\"noreferrer noopener\">Instagram<\/a><\/p>\n\n\n\n<h2 class=\"wp-block-heading has-luminous-vivid-orange-color has-text-color\">Paule-Andr\u00e9e Cassidy : \u201cSoleil\u201d<\/h2>\n\n\n\n<p>La qu\u00e9b\u00e9coise Paule-Andr\u00e9e Cassidy interpr\u00e8te des textes de haute vol\u00e9e depuis plus de 25 ans.<br>\u00ab\u00a0Soleil\u00a0\u00bb, chanson de fin d\u2019\u00e9t\u00e9, vient de sortir sur toutes les plateformes. Le texte a d\u2019abord \u00e9t\u00e9 \u00e9crit par Paule-Andr\u00e9e Cassidy en explorant la forme des haikus (c&rsquo; est une forme japonaise tr\u00e8s concise de po\u00e9sie permettant de noter les \u00e9motions, le moment qui passe et qui \u00e9merveille ou qui \u00e9tonne).<br>L&rsquo;interpr\u00e9tation magistrale de Paule-Andr\u00e9e est sublim\u00e9e par un arrangement emprunt de nostalgie, vraiment adapt\u00e9 \u00e0 ce morceau, nous rappelant les tr\u00e9sors de la chanson fran\u00e7aises.<\/p>\n\n\n\n<p><iframe loading=\"lazy\" width=\"560\" height=\"315\" src=\"https:\/\/www.youtube.com\/embed\/stuvuqvEjbA?si=yeupfhh-haMHgRvg\" title=\"YouTube video player\" frameborder=\"0\" allow=\"accelerometer; autoplay; clipboard-write; encrypted-media; gyroscope; picture-in-picture; web-share\" allowfullscreen=\"\"><\/iframe><\/p>\n\n\n\n<p class=\"has-text-align-center\"><a href=\"https:\/\/www.facebook.com\/pauleandree.cassidy\" target=\"_blank\" rel=\"noreferrer noopener\">Facebook<\/a> &#8211; <a href=\"https:\/\/www.instagram.com\/paule_andree_cassidy\/\" target=\"_blank\" rel=\"noreferrer noopener\">Instagram<\/a><\/p>\n","protected":false},"excerpt":{"rendered":"<p>Un mois d&rsquo;ao\u00fbt caniculaire, avec un record de titres re\u00e7us !Et dire qu&rsquo;on \u00e9tait sens\u00e9&#8230;<\/p>\n","protected":false},"author":1,"featured_media":1476,"comment_status":"closed","ping_status":"open","sticky":false,"template":"","format":"standard","meta":{"_uag_custom_page_level_css":"","footnotes":""},"categories":[81],"tags":[],"class_list":["post-6135","post","type-post","status-publish","format-standard","has-post-thumbnail","hentry","category-chanson-francaise"],"yoast_head":"<!-- This site is optimized with the Yoast SEO plugin v27.5 - https:\/\/yoast.com\/product\/yoast-seo-wordpress\/ -->\n<title>Chronique de la chanson fran\u00e7aise \u00e9pisode 18 - Radio Castor<\/title>\n<meta name=\"robots\" content=\"index, follow, max-snippet:-1, max-image-preview:large, max-video-preview:-1\" \/>\n<link rel=\"canonical\" href=\"https:\/\/www.radiocastor.com\/index.php\/chronique-de-la-chanson-francaise-episode-18\/\" \/>\n<meta property=\"og:locale\" content=\"fr_FR\" \/>\n<meta property=\"og:type\" content=\"article\" \/>\n<meta property=\"og:title\" content=\"Chronique de la chanson fran\u00e7aise \u00e9pisode 18 - Radio Castor\" \/>\n<meta property=\"og:description\" content=\"Un mois d&rsquo;ao\u00fbt caniculaire, avec un record de titres re\u00e7us !Et dire qu&rsquo;on \u00e9tait sens\u00e9...\" \/>\n<meta property=\"og:url\" content=\"https:\/\/www.radiocastor.com\/index.php\/chronique-de-la-chanson-francaise-episode-18\/\" \/>\n<meta property=\"og:site_name\" content=\"Radio Castor\" \/>\n<meta property=\"article:publisher\" content=\"https:\/\/www.facebook.com\/theradiocastor\" \/>\n<meta property=\"article:published_time\" content=\"2023-08-31T18:36:37+00:00\" \/>\n<meta property=\"article:modified_time\" content=\"2023-09-28T17:03:18+00:00\" \/>\n<meta property=\"og:image\" content=\"https:\/\/www.radiocastor.com\/wp-content\/uploads\/2022\/04\/francophonie-3.jpg\" \/>\n\t<meta property=\"og:image:width\" content=\"500\" \/>\n\t<meta property=\"og:image:height\" content=\"368\" \/>\n\t<meta property=\"og:image:type\" content=\"image\/jpeg\" \/>\n<meta name=\"author\" content=\"R\u00e9daction R C\" \/>\n<meta name=\"twitter:card\" content=\"summary_large_image\" \/>\n<meta name=\"twitter:creator\" content=\"@TheRadioCastor\" \/>\n<meta name=\"twitter:site\" content=\"@TheRadioCastor\" \/>\n<meta name=\"twitter:label1\" content=\"\u00c9crit par\" \/>\n\t<meta name=\"twitter:data1\" content=\"R\u00e9daction R C\" \/>\n\t<meta name=\"twitter:label2\" content=\"Dur\u00e9e de lecture estim\u00e9e\" \/>\n\t<meta name=\"twitter:data2\" content=\"8 minutes\" \/>\n<script type=\"application\/ld+json\" class=\"yoast-schema-graph\">{\"@context\":\"https:\\\/\\\/schema.org\",\"@graph\":[{\"@type\":\"Article\",\"@id\":\"https:\\\/\\\/www.radiocastor.com\\\/index.php\\\/chronique-de-la-chanson-francaise-episode-18\\\/#article\",\"isPartOf\":{\"@id\":\"https:\\\/\\\/www.radiocastor.com\\\/index.php\\\/chronique-de-la-chanson-francaise-episode-18\\\/\"},\"author\":{\"name\":\"R\u00e9daction R C\",\"@id\":\"https:\\\/\\\/www.radiocastor.com\\\/#\\\/schema\\\/person\\\/558b0e47dc4c11fa52b2220ba6a78779\"},\"headline\":\"Chronique de la chanson fran\u00e7aise \u00e9pisode 18\",\"datePublished\":\"2023-08-31T18:36:37+00:00\",\"dateModified\":\"2023-09-28T17:03:18+00:00\",\"mainEntityOfPage\":{\"@id\":\"https:\\\/\\\/www.radiocastor.com\\\/index.php\\\/chronique-de-la-chanson-francaise-episode-18\\\/\"},\"wordCount\":1650,\"publisher\":{\"@id\":\"https:\\\/\\\/www.radiocastor.com\\\/#organization\"},\"image\":{\"@id\":\"https:\\\/\\\/www.radiocastor.com\\\/index.php\\\/chronique-de-la-chanson-francaise-episode-18\\\/#primaryimage\"},\"thumbnailUrl\":\"https:\\\/\\\/www.radiocastor.com\\\/wp-content\\\/uploads\\\/2022\\\/04\\\/francophonie-3.jpg\",\"articleSection\":[\"Chanson Fran\u00e7aise\"],\"inLanguage\":\"fr-FR\"},{\"@type\":\"WebPage\",\"@id\":\"https:\\\/\\\/www.radiocastor.com\\\/index.php\\\/chronique-de-la-chanson-francaise-episode-18\\\/\",\"url\":\"https:\\\/\\\/www.radiocastor.com\\\/index.php\\\/chronique-de-la-chanson-francaise-episode-18\\\/\",\"name\":\"Chronique de la chanson fran\u00e7aise \u00e9pisode 18 - Radio Castor\",\"isPartOf\":{\"@id\":\"https:\\\/\\\/www.radiocastor.com\\\/#website\"},\"primaryImageOfPage\":{\"@id\":\"https:\\\/\\\/www.radiocastor.com\\\/index.php\\\/chronique-de-la-chanson-francaise-episode-18\\\/#primaryimage\"},\"image\":{\"@id\":\"https:\\\/\\\/www.radiocastor.com\\\/index.php\\\/chronique-de-la-chanson-francaise-episode-18\\\/#primaryimage\"},\"thumbnailUrl\":\"https:\\\/\\\/www.radiocastor.com\\\/wp-content\\\/uploads\\\/2022\\\/04\\\/francophonie-3.jpg\",\"datePublished\":\"2023-08-31T18:36:37+00:00\",\"dateModified\":\"2023-09-28T17:03:18+00:00\",\"breadcrumb\":{\"@id\":\"https:\\\/\\\/www.radiocastor.com\\\/index.php\\\/chronique-de-la-chanson-francaise-episode-18\\\/#breadcrumb\"},\"inLanguage\":\"fr-FR\",\"potentialAction\":[{\"@type\":\"ReadAction\",\"target\":[\"https:\\\/\\\/www.radiocastor.com\\\/index.php\\\/chronique-de-la-chanson-francaise-episode-18\\\/\"]}]},{\"@type\":\"ImageObject\",\"inLanguage\":\"fr-FR\",\"@id\":\"https:\\\/\\\/www.radiocastor.com\\\/index.php\\\/chronique-de-la-chanson-francaise-episode-18\\\/#primaryimage\",\"url\":\"https:\\\/\\\/www.radiocastor.com\\\/wp-content\\\/uploads\\\/2022\\\/04\\\/francophonie-3.jpg\",\"contentUrl\":\"https:\\\/\\\/www.radiocastor.com\\\/wp-content\\\/uploads\\\/2022\\\/04\\\/francophonie-3.jpg\",\"width\":500,\"height\":368,\"caption\":\"francophonie\"},{\"@type\":\"BreadcrumbList\",\"@id\":\"https:\\\/\\\/www.radiocastor.com\\\/index.php\\\/chronique-de-la-chanson-francaise-episode-18\\\/#breadcrumb\",\"itemListElement\":[{\"@type\":\"ListItem\",\"position\":1,\"name\":\"Accueil\",\"item\":\"https:\\\/\\\/www.radiocastor.com\\\/\"},{\"@type\":\"ListItem\",\"position\":2,\"name\":\"Chronique de la chanson fran\u00e7aise \u00e9pisode 18\"}]},{\"@type\":\"WebSite\",\"@id\":\"https:\\\/\\\/www.radiocastor.com\\\/#website\",\"url\":\"https:\\\/\\\/www.radiocastor.com\\\/\",\"name\":\"Radio Castor\",\"description\":\"La voix !\",\"publisher\":{\"@id\":\"https:\\\/\\\/www.radiocastor.com\\\/#organization\"},\"potentialAction\":[{\"@type\":\"SearchAction\",\"target\":{\"@type\":\"EntryPoint\",\"urlTemplate\":\"https:\\\/\\\/www.radiocastor.com\\\/?s={search_term_string}\"},\"query-input\":{\"@type\":\"PropertyValueSpecification\",\"valueRequired\":true,\"valueName\":\"search_term_string\"}}],\"inLanguage\":\"fr-FR\"},{\"@type\":\"Organization\",\"@id\":\"https:\\\/\\\/www.radiocastor.com\\\/#organization\",\"name\":\"Radio Castor\",\"url\":\"https:\\\/\\\/www.radiocastor.com\\\/\",\"logo\":{\"@type\":\"ImageObject\",\"inLanguage\":\"fr-FR\",\"@id\":\"https:\\\/\\\/www.radiocastor.com\\\/#\\\/schema\\\/logo\\\/image\\\/\",\"url\":\"https:\\\/\\\/www.radiocastor.com\\\/wp-content\\\/uploads\\\/2021\\\/11\\\/cropped-Radio-castor-logo-2.png\",\"contentUrl\":\"https:\\\/\\\/www.radiocastor.com\\\/wp-content\\\/uploads\\\/2021\\\/11\\\/cropped-Radio-castor-logo-2.png\",\"width\":437,\"height\":219,\"caption\":\"Radio Castor\"},\"image\":{\"@id\":\"https:\\\/\\\/www.radiocastor.com\\\/#\\\/schema\\\/logo\\\/image\\\/\"},\"sameAs\":[\"https:\\\/\\\/www.facebook.com\\\/theradiocastor\",\"https:\\\/\\\/x.com\\\/TheRadioCastor\",\"https:\\\/\\\/www.instagram.com\\\/theradiocastor\",\"https:\\\/\\\/www.youtube.com\\\/c\\\/RadioCastor\"]},{\"@type\":\"Person\",\"@id\":\"https:\\\/\\\/www.radiocastor.com\\\/#\\\/schema\\\/person\\\/558b0e47dc4c11fa52b2220ba6a78779\",\"name\":\"R\u00e9daction R C\",\"image\":{\"@type\":\"ImageObject\",\"inLanguage\":\"fr-FR\",\"@id\":\"https:\\\/\\\/secure.gravatar.com\\\/avatar\\\/1d3e4f4c4a0d129f7ed4838ea20c33760c2484b9bc381993df6c0e3f5bf89c23?s=96&d=mm&r=g\",\"url\":\"https:\\\/\\\/secure.gravatar.com\\\/avatar\\\/1d3e4f4c4a0d129f7ed4838ea20c33760c2484b9bc381993df6c0e3f5bf89c23?s=96&d=mm&r=g\",\"contentUrl\":\"https:\\\/\\\/secure.gravatar.com\\\/avatar\\\/1d3e4f4c4a0d129f7ed4838ea20c33760c2484b9bc381993df6c0e3f5bf89c23?s=96&d=mm&r=g\",\"caption\":\"R\u00e9daction R C\"},\"sameAs\":[\"http:\\\/\\\/www.radiocastor.com\"],\"url\":\"https:\\\/\\\/www.radiocastor.com\\\/index.php\\\/author\\\/radio-castor\\\/\"}]}<\/script>\n<!-- \/ Yoast SEO plugin. -->","yoast_head_json":{"title":"Chronique de la chanson fran\u00e7aise \u00e9pisode 18 - Radio Castor","robots":{"index":"index","follow":"follow","max-snippet":"max-snippet:-1","max-image-preview":"max-image-preview:large","max-video-preview":"max-video-preview:-1"},"canonical":"https:\/\/www.radiocastor.com\/index.php\/chronique-de-la-chanson-francaise-episode-18\/","og_locale":"fr_FR","og_type":"article","og_title":"Chronique de la chanson fran\u00e7aise \u00e9pisode 18 - Radio Castor","og_description":"Un mois d&rsquo;ao\u00fbt caniculaire, avec un record de titres re\u00e7us !Et dire qu&rsquo;on \u00e9tait sens\u00e9...","og_url":"https:\/\/www.radiocastor.com\/index.php\/chronique-de-la-chanson-francaise-episode-18\/","og_site_name":"Radio Castor","article_publisher":"https:\/\/www.facebook.com\/theradiocastor","article_published_time":"2023-08-31T18:36:37+00:00","article_modified_time":"2023-09-28T17:03:18+00:00","og_image":[{"width":500,"height":368,"url":"https:\/\/www.radiocastor.com\/wp-content\/uploads\/2022\/04\/francophonie-3.jpg","type":"image\/jpeg"}],"author":"R\u00e9daction R C","twitter_card":"summary_large_image","twitter_creator":"@TheRadioCastor","twitter_site":"@TheRadioCastor","twitter_misc":{"\u00c9crit par":"R\u00e9daction R C","Dur\u00e9e de lecture estim\u00e9e":"8 minutes"},"schema":{"@context":"https:\/\/schema.org","@graph":[{"@type":"Article","@id":"https:\/\/www.radiocastor.com\/index.php\/chronique-de-la-chanson-francaise-episode-18\/#article","isPartOf":{"@id":"https:\/\/www.radiocastor.com\/index.php\/chronique-de-la-chanson-francaise-episode-18\/"},"author":{"name":"R\u00e9daction R C","@id":"https:\/\/www.radiocastor.com\/#\/schema\/person\/558b0e47dc4c11fa52b2220ba6a78779"},"headline":"Chronique de la chanson fran\u00e7aise \u00e9pisode 18","datePublished":"2023-08-31T18:36:37+00:00","dateModified":"2023-09-28T17:03:18+00:00","mainEntityOfPage":{"@id":"https:\/\/www.radiocastor.com\/index.php\/chronique-de-la-chanson-francaise-episode-18\/"},"wordCount":1650,"publisher":{"@id":"https:\/\/www.radiocastor.com\/#organization"},"image":{"@id":"https:\/\/www.radiocastor.com\/index.php\/chronique-de-la-chanson-francaise-episode-18\/#primaryimage"},"thumbnailUrl":"https:\/\/www.radiocastor.com\/wp-content\/uploads\/2022\/04\/francophonie-3.jpg","articleSection":["Chanson Fran\u00e7aise"],"inLanguage":"fr-FR"},{"@type":"WebPage","@id":"https:\/\/www.radiocastor.com\/index.php\/chronique-de-la-chanson-francaise-episode-18\/","url":"https:\/\/www.radiocastor.com\/index.php\/chronique-de-la-chanson-francaise-episode-18\/","name":"Chronique de la chanson fran\u00e7aise \u00e9pisode 18 - Radio Castor","isPartOf":{"@id":"https:\/\/www.radiocastor.com\/#website"},"primaryImageOfPage":{"@id":"https:\/\/www.radiocastor.com\/index.php\/chronique-de-la-chanson-francaise-episode-18\/#primaryimage"},"image":{"@id":"https:\/\/www.radiocastor.com\/index.php\/chronique-de-la-chanson-francaise-episode-18\/#primaryimage"},"thumbnailUrl":"https:\/\/www.radiocastor.com\/wp-content\/uploads\/2022\/04\/francophonie-3.jpg","datePublished":"2023-08-31T18:36:37+00:00","dateModified":"2023-09-28T17:03:18+00:00","breadcrumb":{"@id":"https:\/\/www.radiocastor.com\/index.php\/chronique-de-la-chanson-francaise-episode-18\/#breadcrumb"},"inLanguage":"fr-FR","potentialAction":[{"@type":"ReadAction","target":["https:\/\/www.radiocastor.com\/index.php\/chronique-de-la-chanson-francaise-episode-18\/"]}]},{"@type":"ImageObject","inLanguage":"fr-FR","@id":"https:\/\/www.radiocastor.com\/index.php\/chronique-de-la-chanson-francaise-episode-18\/#primaryimage","url":"https:\/\/www.radiocastor.com\/wp-content\/uploads\/2022\/04\/francophonie-3.jpg","contentUrl":"https:\/\/www.radiocastor.com\/wp-content\/uploads\/2022\/04\/francophonie-3.jpg","width":500,"height":368,"caption":"francophonie"},{"@type":"BreadcrumbList","@id":"https:\/\/www.radiocastor.com\/index.php\/chronique-de-la-chanson-francaise-episode-18\/#breadcrumb","itemListElement":[{"@type":"ListItem","position":1,"name":"Accueil","item":"https:\/\/www.radiocastor.com\/"},{"@type":"ListItem","position":2,"name":"Chronique de la chanson fran\u00e7aise \u00e9pisode 18"}]},{"@type":"WebSite","@id":"https:\/\/www.radiocastor.com\/#website","url":"https:\/\/www.radiocastor.com\/","name":"Radio Castor","description":"La voix !","publisher":{"@id":"https:\/\/www.radiocastor.com\/#organization"},"potentialAction":[{"@type":"SearchAction","target":{"@type":"EntryPoint","urlTemplate":"https:\/\/www.radiocastor.com\/?s={search_term_string}"},"query-input":{"@type":"PropertyValueSpecification","valueRequired":true,"valueName":"search_term_string"}}],"inLanguage":"fr-FR"},{"@type":"Organization","@id":"https:\/\/www.radiocastor.com\/#organization","name":"Radio Castor","url":"https:\/\/www.radiocastor.com\/","logo":{"@type":"ImageObject","inLanguage":"fr-FR","@id":"https:\/\/www.radiocastor.com\/#\/schema\/logo\/image\/","url":"https:\/\/www.radiocastor.com\/wp-content\/uploads\/2021\/11\/cropped-Radio-castor-logo-2.png","contentUrl":"https:\/\/www.radiocastor.com\/wp-content\/uploads\/2021\/11\/cropped-Radio-castor-logo-2.png","width":437,"height":219,"caption":"Radio Castor"},"image":{"@id":"https:\/\/www.radiocastor.com\/#\/schema\/logo\/image\/"},"sameAs":["https:\/\/www.facebook.com\/theradiocastor","https:\/\/x.com\/TheRadioCastor","https:\/\/www.instagram.com\/theradiocastor","https:\/\/www.youtube.com\/c\/RadioCastor"]},{"@type":"Person","@id":"https:\/\/www.radiocastor.com\/#\/schema\/person\/558b0e47dc4c11fa52b2220ba6a78779","name":"R\u00e9daction R C","image":{"@type":"ImageObject","inLanguage":"fr-FR","@id":"https:\/\/secure.gravatar.com\/avatar\/1d3e4f4c4a0d129f7ed4838ea20c33760c2484b9bc381993df6c0e3f5bf89c23?s=96&d=mm&r=g","url":"https:\/\/secure.gravatar.com\/avatar\/1d3e4f4c4a0d129f7ed4838ea20c33760c2484b9bc381993df6c0e3f5bf89c23?s=96&d=mm&r=g","contentUrl":"https:\/\/secure.gravatar.com\/avatar\/1d3e4f4c4a0d129f7ed4838ea20c33760c2484b9bc381993df6c0e3f5bf89c23?s=96&d=mm&r=g","caption":"R\u00e9daction R C"},"sameAs":["http:\/\/www.radiocastor.com"],"url":"https:\/\/www.radiocastor.com\/index.php\/author\/radio-castor\/"}]}},"uagb_featured_image_src":{"full":["https:\/\/www.radiocastor.com\/wp-content\/uploads\/2022\/04\/francophonie-3.jpg",500,368,false],"thumbnail":["https:\/\/www.radiocastor.com\/wp-content\/uploads\/2022\/04\/francophonie-3-150x150.jpg",150,150,true],"medium":["https:\/\/www.radiocastor.com\/wp-content\/uploads\/2022\/04\/francophonie-3-300x221.jpg",300,221,true],"medium_large":["https:\/\/www.radiocastor.com\/wp-content\/uploads\/2022\/04\/francophonie-3.jpg",500,368,false],"large":["https:\/\/www.radiocastor.com\/wp-content\/uploads\/2022\/04\/francophonie-3.jpg",500,368,false],"1536x1536":["https:\/\/www.radiocastor.com\/wp-content\/uploads\/2022\/04\/francophonie-3.jpg",500,368,false],"2048x2048":["https:\/\/www.radiocastor.com\/wp-content\/uploads\/2022\/04\/francophonie-3.jpg",500,368,false],"newsever-slider-full":["https:\/\/www.radiocastor.com\/wp-content\/uploads\/2022\/04\/francophonie-3.jpg",500,368,false],"newsever-featured":["https:\/\/www.radiocastor.com\/wp-content\/uploads\/2022\/04\/francophonie-3.jpg",500,368,false],"newsever-medium":["https:\/\/www.radiocastor.com\/wp-content\/uploads\/2022\/04\/francophonie-3.jpg",500,368,false]},"uagb_author_info":{"display_name":"R\u00e9daction R C","author_link":"https:\/\/www.radiocastor.com\/index.php\/author\/radio-castor\/"},"uagb_comment_info":0,"uagb_excerpt":"Un mois d&rsquo;ao\u00fbt caniculaire, avec un record de titres re\u00e7us !Et dire qu&rsquo;on \u00e9tait sens\u00e9...","_links":{"self":[{"href":"https:\/\/www.radiocastor.com\/index.php\/wp-json\/wp\/v2\/posts\/6135","targetHints":{"allow":["GET"]}}],"collection":[{"href":"https:\/\/www.radiocastor.com\/index.php\/wp-json\/wp\/v2\/posts"}],"about":[{"href":"https:\/\/www.radiocastor.com\/index.php\/wp-json\/wp\/v2\/types\/post"}],"author":[{"embeddable":true,"href":"https:\/\/www.radiocastor.com\/index.php\/wp-json\/wp\/v2\/users\/1"}],"replies":[{"embeddable":true,"href":"https:\/\/www.radiocastor.com\/index.php\/wp-json\/wp\/v2\/comments?post=6135"}],"version-history":[{"count":4,"href":"https:\/\/www.radiocastor.com\/index.php\/wp-json\/wp\/v2\/posts\/6135\/revisions"}],"predecessor-version":[{"id":6501,"href":"https:\/\/www.radiocastor.com\/index.php\/wp-json\/wp\/v2\/posts\/6135\/revisions\/6501"}],"wp:featuredmedia":[{"embeddable":true,"href":"https:\/\/www.radiocastor.com\/index.php\/wp-json\/wp\/v2\/media\/1476"}],"wp:attachment":[{"href":"https:\/\/www.radiocastor.com\/index.php\/wp-json\/wp\/v2\/media?parent=6135"}],"wp:term":[{"taxonomy":"category","embeddable":true,"href":"https:\/\/www.radiocastor.com\/index.php\/wp-json\/wp\/v2\/categories?post=6135"},{"taxonomy":"post_tag","embeddable":true,"href":"https:\/\/www.radiocastor.com\/index.php\/wp-json\/wp\/v2\/tags?post=6135"}],"curies":[{"name":"wp","href":"https:\/\/api.w.org\/{rel}","templated":true}]}}