{"id":5461,"date":"2023-07-13T15:37:45","date_gmt":"2023-07-13T13:37:45","guid":{"rendered":"https:\/\/www.radiocastor.com\/?p=5461"},"modified":"2023-07-13T15:37:47","modified_gmt":"2023-07-13T13:37:47","slug":"gert-taberner-sort-un-single-vraiment-personnel-sur-lacceptation-alright","status":"publish","type":"post","link":"https:\/\/www.radiocastor.com\/index.php\/gert-taberner-sort-un-single-vraiment-personnel-sur-lacceptation-alright\/","title":{"rendered":"Gert Taberner sort un single vraiment personnel sur l&rsquo;acceptation, \u00ab\u00a0Alright\u00a0\u00bb"},"content":{"rendered":"\n<p>Le chanteur, auteur-compositeur et producteur n\u00e9 \u00e0 Francfort et bas\u00e9 \u00e0 Vancouver Gert Taberner nous pr\u00e9sente son titre \u00ab\u00a0Alright\u00a0\u00bb, sorti le 7 juillet 2023.<\/p>\n\n\n\n<p>Gert Taberner d\u00e9terre les exp\u00e9riences et les sentiments les plus formateurs de la vie sous l&rsquo;\u00e9clat d&rsquo;une chanson \u00e9loquente, d&rsquo;un lyrisme non filtr\u00e9, d&rsquo;une instrumentation robuste et d&rsquo;une production cin\u00e9matographique.<\/p>\n\n\n\n<p>Gert explique l&rsquo;origine de sa chanson :<br>\u00ab\u00a0J&rsquo;ai commenc\u00e9 ce morceau vers les premiers stades de la maladie de ma m\u00e8re.<br>C&rsquo;\u00e9tait une p\u00e9riode \u00e9trange car si d&rsquo;une part vous saviez que le diagnostic du cancer \u00e9tait terminal depuis le d\u00e9but, il \u00e9tait facile de compartimenter, car les sympt\u00f4mes n&rsquo;avaient pas vraiment commenc\u00e9 \u00e0 empi\u00e9ter sur sa capacit\u00e9 \u00e0 mener une vie normale pour le moment.\u00a0\u00bb<\/p>\n\n\n\n<p>\u00ab\u00a0Le processus derri\u00e8re ce disque a \u00e9t\u00e9 difficile, mais c&rsquo;\u00e9tait vraiment apaisant\u00a0\u00bb, conclut-il.<br>\u00ab\u00a0C&rsquo;est traumatiquement sombre, mais il y a aussi une certaine l\u00e9g\u00e8ret\u00e9 \u00e0 accepter que les choses sont hors de votre contr\u00f4le.<br>J&rsquo;essaie de cr\u00e9er un espace de r\u00e9flexion.<br>J&rsquo;esp\u00e8re juste que vous savez que j&rsquo;ai \u00e9t\u00e9 aussi honn\u00eate que possible.\u00a0\u00bb<\/p>\n\n\n\n<p>La chanson d\u00e9marre d&rsquo;une mani\u00e8re tr\u00e8s douce, l&rsquo;atmosph\u00e8re est \u00e9trangement \u00e0 la fois lourde et l\u00e9g\u00e8re, atmosph\u00e9rique.<br>Beaucoup d&rsquo;\u00e9motion, et de pudeur \u00e0 la fois&#8230;<\/p>\n\n\n\n<p><em>A \u00e9couter sur <a href=\"https:\/\/www.radiocastor.com\/index.php\/playlist\/\" target=\"_blank\" rel=\"noreferrer noopener\">nos playlists<\/a> !<\/em><\/p>\n\n\n\n<figure class=\"wp-block-embed is-type-rich is-provider-prise-en-charge-des-contenus-embarques wp-block-embed-prise-en-charge-des-contenus-embarques wp-embed-aspect-16-9 wp-has-aspect-ratio\"><div class=\"wp-block-embed__wrapper\">\n<iframe loading=\"lazy\" title=\"Gert Taberner &quot;Alright&quot; (Lyric Video)\" width=\"640\" height=\"360\" src=\"https:\/\/www.youtube.com\/embed\/e8XxyRynAHI?feature=oembed\" frameborder=\"0\" allow=\"accelerometer; autoplay; clipboard-write; encrypted-media; gyroscope; picture-in-picture; web-share\" referrerpolicy=\"strict-origin-when-cross-origin\" allowfullscreen><\/iframe>\n<\/div><\/figure>\n\n\n\n<p><\/p>\n\n\n\n<p class=\"has-text-align-center\"><a href=\"https:\/\/www.facebook.com\/gerttabernermusic\/\" target=\"_blank\" rel=\"noreferrer noopener\">Facebook<\/a> &#8211; <a href=\"https:\/\/www.instagram.com\/gerttabernermusic\/\" target=\"_blank\" rel=\"noreferrer noopener\">Instagram<\/a><\/p>\n","protected":false},"excerpt":{"rendered":"<p>Le chanteur, auteur-compositeur et producteur n\u00e9 \u00e0 Francfort et bas\u00e9 \u00e0 Vancouver Gert Taberner nous&#8230;<\/p>\n","protected":false},"author":1,"featured_media":5463,"comment_status":"closed","ping_status":"open","sticky":false,"template":"","format":"standard","meta":{"_uag_custom_page_level_css":"","footnotes":""},"categories":[76,4,32,46],"tags":[],"class_list":["post-5461","post","type-post","status-publish","format-standard","has-post-thumbnail","hentry","category-folk","category-pop","category-single","category-sortie"],"yoast_head":"<!-- This site is optimized with the Yoast SEO plugin v27.4 - https:\/\/yoast.com\/product\/yoast-seo-wordpress\/ -->\n<title>Gert Taberner sort un single vraiment personnel sur l&#039;acceptation, &quot;Alright&quot; - Radio Castor<\/title>\n<meta name=\"robots\" content=\"index, follow, max-snippet:-1, max-image-preview:large, max-video-preview:-1\" \/>\n<link rel=\"canonical\" href=\"https:\/\/www.radiocastor.com\/index.php\/gert-taberner-sort-un-single-vraiment-personnel-sur-lacceptation-alright\/\" \/>\n<meta property=\"og:locale\" content=\"fr_FR\" \/>\n<meta property=\"og:type\" content=\"article\" \/>\n<meta property=\"og:title\" content=\"Gert Taberner sort un single vraiment personnel sur l&#039;acceptation, &quot;Alright&quot; - Radio Castor\" \/>\n<meta property=\"og:description\" content=\"Le chanteur, auteur-compositeur et producteur n\u00e9 \u00e0 Francfort et bas\u00e9 \u00e0 Vancouver Gert Taberner nous...\" \/>\n<meta property=\"og:url\" content=\"https:\/\/www.radiocastor.com\/index.php\/gert-taberner-sort-un-single-vraiment-personnel-sur-lacceptation-alright\/\" \/>\n<meta property=\"og:site_name\" content=\"Radio Castor\" \/>\n<meta property=\"article:publisher\" content=\"https:\/\/www.facebook.com\/theradiocastor\" \/>\n<meta property=\"article:published_time\" content=\"2023-07-13T13:37:45+00:00\" \/>\n<meta property=\"article:modified_time\" content=\"2023-07-13T13:37:47+00:00\" \/>\n<meta property=\"og:image\" content=\"https:\/\/www.radiocastor.com\/wp-content\/uploads\/2023\/07\/Screenshot-2023-07-13-at-15-26-43-1-Facebook.png\" \/>\n\t<meta property=\"og:image:width\" content=\"541\" \/>\n\t<meta property=\"og:image:height\" content=\"666\" \/>\n\t<meta property=\"og:image:type\" content=\"image\/png\" \/>\n<meta name=\"author\" content=\"R\u00e9daction R C\" \/>\n<meta name=\"twitter:card\" content=\"summary_large_image\" \/>\n<meta name=\"twitter:creator\" content=\"@TheRadioCastor\" \/>\n<meta name=\"twitter:site\" content=\"@TheRadioCastor\" \/>\n<meta name=\"twitter:label1\" content=\"\u00c9crit par\" \/>\n\t<meta name=\"twitter:data1\" content=\"R\u00e9daction R C\" \/>\n\t<meta name=\"twitter:label2\" content=\"Dur\u00e9e de lecture estim\u00e9e\" \/>\n\t<meta name=\"twitter:data2\" content=\"1 minute\" \/>\n<script type=\"application\/ld+json\" class=\"yoast-schema-graph\">{\"@context\":\"https:\\\/\\\/schema.org\",\"@graph\":[{\"@type\":\"Article\",\"@id\":\"https:\\\/\\\/www.radiocastor.com\\\/index.php\\\/gert-taberner-sort-un-single-vraiment-personnel-sur-lacceptation-alright\\\/#article\",\"isPartOf\":{\"@id\":\"https:\\\/\\\/www.radiocastor.com\\\/index.php\\\/gert-taberner-sort-un-single-vraiment-personnel-sur-lacceptation-alright\\\/\"},\"author\":{\"name\":\"R\u00e9daction R C\",\"@id\":\"https:\\\/\\\/www.radiocastor.com\\\/#\\\/schema\\\/person\\\/558b0e47dc4c11fa52b2220ba6a78779\"},\"headline\":\"Gert Taberner sort un single vraiment personnel sur l&rsquo;acceptation, \u00ab\u00a0Alright\u00a0\u00bb\",\"datePublished\":\"2023-07-13T13:37:45+00:00\",\"dateModified\":\"2023-07-13T13:37:47+00:00\",\"mainEntityOfPage\":{\"@id\":\"https:\\\/\\\/www.radiocastor.com\\\/index.php\\\/gert-taberner-sort-un-single-vraiment-personnel-sur-lacceptation-alright\\\/\"},\"wordCount\":251,\"publisher\":{\"@id\":\"https:\\\/\\\/www.radiocastor.com\\\/#organization\"},\"image\":{\"@id\":\"https:\\\/\\\/www.radiocastor.com\\\/index.php\\\/gert-taberner-sort-un-single-vraiment-personnel-sur-lacceptation-alright\\\/#primaryimage\"},\"thumbnailUrl\":\"https:\\\/\\\/www.radiocastor.com\\\/wp-content\\\/uploads\\\/2023\\\/07\\\/Screenshot-2023-07-13-at-15-26-43-1-Facebook.png\",\"articleSection\":[\"Folk\",\"Pop\",\"Single\",\"Sortie\"],\"inLanguage\":\"fr-FR\"},{\"@type\":\"WebPage\",\"@id\":\"https:\\\/\\\/www.radiocastor.com\\\/index.php\\\/gert-taberner-sort-un-single-vraiment-personnel-sur-lacceptation-alright\\\/\",\"url\":\"https:\\\/\\\/www.radiocastor.com\\\/index.php\\\/gert-taberner-sort-un-single-vraiment-personnel-sur-lacceptation-alright\\\/\",\"name\":\"Gert Taberner sort un single vraiment personnel sur l'acceptation, \\\"Alright\\\" - Radio Castor\",\"isPartOf\":{\"@id\":\"https:\\\/\\\/www.radiocastor.com\\\/#website\"},\"primaryImageOfPage\":{\"@id\":\"https:\\\/\\\/www.radiocastor.com\\\/index.php\\\/gert-taberner-sort-un-single-vraiment-personnel-sur-lacceptation-alright\\\/#primaryimage\"},\"image\":{\"@id\":\"https:\\\/\\\/www.radiocastor.com\\\/index.php\\\/gert-taberner-sort-un-single-vraiment-personnel-sur-lacceptation-alright\\\/#primaryimage\"},\"thumbnailUrl\":\"https:\\\/\\\/www.radiocastor.com\\\/wp-content\\\/uploads\\\/2023\\\/07\\\/Screenshot-2023-07-13-at-15-26-43-1-Facebook.png\",\"datePublished\":\"2023-07-13T13:37:45+00:00\",\"dateModified\":\"2023-07-13T13:37:47+00:00\",\"breadcrumb\":{\"@id\":\"https:\\\/\\\/www.radiocastor.com\\\/index.php\\\/gert-taberner-sort-un-single-vraiment-personnel-sur-lacceptation-alright\\\/#breadcrumb\"},\"inLanguage\":\"fr-FR\",\"potentialAction\":[{\"@type\":\"ReadAction\",\"target\":[\"https:\\\/\\\/www.radiocastor.com\\\/index.php\\\/gert-taberner-sort-un-single-vraiment-personnel-sur-lacceptation-alright\\\/\"]}]},{\"@type\":\"ImageObject\",\"inLanguage\":\"fr-FR\",\"@id\":\"https:\\\/\\\/www.radiocastor.com\\\/index.php\\\/gert-taberner-sort-un-single-vraiment-personnel-sur-lacceptation-alright\\\/#primaryimage\",\"url\":\"https:\\\/\\\/www.radiocastor.com\\\/wp-content\\\/uploads\\\/2023\\\/07\\\/Screenshot-2023-07-13-at-15-26-43-1-Facebook.png\",\"contentUrl\":\"https:\\\/\\\/www.radiocastor.com\\\/wp-content\\\/uploads\\\/2023\\\/07\\\/Screenshot-2023-07-13-at-15-26-43-1-Facebook.png\",\"width\":541,\"height\":666,\"caption\":\"Gert Taberner\"},{\"@type\":\"BreadcrumbList\",\"@id\":\"https:\\\/\\\/www.radiocastor.com\\\/index.php\\\/gert-taberner-sort-un-single-vraiment-personnel-sur-lacceptation-alright\\\/#breadcrumb\",\"itemListElement\":[{\"@type\":\"ListItem\",\"position\":1,\"name\":\"Accueil\",\"item\":\"https:\\\/\\\/www.radiocastor.com\\\/\"},{\"@type\":\"ListItem\",\"position\":2,\"name\":\"Gert Taberner sort un single vraiment personnel sur l&rsquo;acceptation, \u00ab\u00a0Alright\u00a0\u00bb\"}]},{\"@type\":\"WebSite\",\"@id\":\"https:\\\/\\\/www.radiocastor.com\\\/#website\",\"url\":\"https:\\\/\\\/www.radiocastor.com\\\/\",\"name\":\"Radio Castor\",\"description\":\"La voix !\",\"publisher\":{\"@id\":\"https:\\\/\\\/www.radiocastor.com\\\/#organization\"},\"potentialAction\":[{\"@type\":\"SearchAction\",\"target\":{\"@type\":\"EntryPoint\",\"urlTemplate\":\"https:\\\/\\\/www.radiocastor.com\\\/?s={search_term_string}\"},\"query-input\":{\"@type\":\"PropertyValueSpecification\",\"valueRequired\":true,\"valueName\":\"search_term_string\"}}],\"inLanguage\":\"fr-FR\"},{\"@type\":\"Organization\",\"@id\":\"https:\\\/\\\/www.radiocastor.com\\\/#organization\",\"name\":\"Radio Castor\",\"url\":\"https:\\\/\\\/www.radiocastor.com\\\/\",\"logo\":{\"@type\":\"ImageObject\",\"inLanguage\":\"fr-FR\",\"@id\":\"https:\\\/\\\/www.radiocastor.com\\\/#\\\/schema\\\/logo\\\/image\\\/\",\"url\":\"https:\\\/\\\/www.radiocastor.com\\\/wp-content\\\/uploads\\\/2021\\\/11\\\/cropped-Radio-castor-logo-2.png\",\"contentUrl\":\"https:\\\/\\\/www.radiocastor.com\\\/wp-content\\\/uploads\\\/2021\\\/11\\\/cropped-Radio-castor-logo-2.png\",\"width\":437,\"height\":219,\"caption\":\"Radio Castor\"},\"image\":{\"@id\":\"https:\\\/\\\/www.radiocastor.com\\\/#\\\/schema\\\/logo\\\/image\\\/\"},\"sameAs\":[\"https:\\\/\\\/www.facebook.com\\\/theradiocastor\",\"https:\\\/\\\/x.com\\\/TheRadioCastor\",\"https:\\\/\\\/www.instagram.com\\\/theradiocastor\",\"https:\\\/\\\/www.youtube.com\\\/c\\\/RadioCastor\"]},{\"@type\":\"Person\",\"@id\":\"https:\\\/\\\/www.radiocastor.com\\\/#\\\/schema\\\/person\\\/558b0e47dc4c11fa52b2220ba6a78779\",\"name\":\"R\u00e9daction R C\",\"image\":{\"@type\":\"ImageObject\",\"inLanguage\":\"fr-FR\",\"@id\":\"https:\\\/\\\/secure.gravatar.com\\\/avatar\\\/1d3e4f4c4a0d129f7ed4838ea20c33760c2484b9bc381993df6c0e3f5bf89c23?s=96&d=mm&r=g\",\"url\":\"https:\\\/\\\/secure.gravatar.com\\\/avatar\\\/1d3e4f4c4a0d129f7ed4838ea20c33760c2484b9bc381993df6c0e3f5bf89c23?s=96&d=mm&r=g\",\"contentUrl\":\"https:\\\/\\\/secure.gravatar.com\\\/avatar\\\/1d3e4f4c4a0d129f7ed4838ea20c33760c2484b9bc381993df6c0e3f5bf89c23?s=96&d=mm&r=g\",\"caption\":\"R\u00e9daction R C\"},\"sameAs\":[\"http:\\\/\\\/www.radiocastor.com\"],\"url\":\"https:\\\/\\\/www.radiocastor.com\\\/index.php\\\/author\\\/radio-castor\\\/\"}]}<\/script>\n<!-- \/ Yoast SEO plugin. -->","yoast_head_json":{"title":"Gert Taberner sort un single vraiment personnel sur l'acceptation, \"Alright\" - Radio Castor","robots":{"index":"index","follow":"follow","max-snippet":"max-snippet:-1","max-image-preview":"max-image-preview:large","max-video-preview":"max-video-preview:-1"},"canonical":"https:\/\/www.radiocastor.com\/index.php\/gert-taberner-sort-un-single-vraiment-personnel-sur-lacceptation-alright\/","og_locale":"fr_FR","og_type":"article","og_title":"Gert Taberner sort un single vraiment personnel sur l'acceptation, \"Alright\" - Radio Castor","og_description":"Le chanteur, auteur-compositeur et producteur n\u00e9 \u00e0 Francfort et bas\u00e9 \u00e0 Vancouver Gert Taberner nous...","og_url":"https:\/\/www.radiocastor.com\/index.php\/gert-taberner-sort-un-single-vraiment-personnel-sur-lacceptation-alright\/","og_site_name":"Radio Castor","article_publisher":"https:\/\/www.facebook.com\/theradiocastor","article_published_time":"2023-07-13T13:37:45+00:00","article_modified_time":"2023-07-13T13:37:47+00:00","og_image":[{"width":541,"height":666,"url":"https:\/\/www.radiocastor.com\/wp-content\/uploads\/2023\/07\/Screenshot-2023-07-13-at-15-26-43-1-Facebook.png","type":"image\/png"}],"author":"R\u00e9daction R C","twitter_card":"summary_large_image","twitter_creator":"@TheRadioCastor","twitter_site":"@TheRadioCastor","twitter_misc":{"\u00c9crit par":"R\u00e9daction R C","Dur\u00e9e de lecture estim\u00e9e":"1 minute"},"schema":{"@context":"https:\/\/schema.org","@graph":[{"@type":"Article","@id":"https:\/\/www.radiocastor.com\/index.php\/gert-taberner-sort-un-single-vraiment-personnel-sur-lacceptation-alright\/#article","isPartOf":{"@id":"https:\/\/www.radiocastor.com\/index.php\/gert-taberner-sort-un-single-vraiment-personnel-sur-lacceptation-alright\/"},"author":{"name":"R\u00e9daction R C","@id":"https:\/\/www.radiocastor.com\/#\/schema\/person\/558b0e47dc4c11fa52b2220ba6a78779"},"headline":"Gert Taberner sort un single vraiment personnel sur l&rsquo;acceptation, \u00ab\u00a0Alright\u00a0\u00bb","datePublished":"2023-07-13T13:37:45+00:00","dateModified":"2023-07-13T13:37:47+00:00","mainEntityOfPage":{"@id":"https:\/\/www.radiocastor.com\/index.php\/gert-taberner-sort-un-single-vraiment-personnel-sur-lacceptation-alright\/"},"wordCount":251,"publisher":{"@id":"https:\/\/www.radiocastor.com\/#organization"},"image":{"@id":"https:\/\/www.radiocastor.com\/index.php\/gert-taberner-sort-un-single-vraiment-personnel-sur-lacceptation-alright\/#primaryimage"},"thumbnailUrl":"https:\/\/www.radiocastor.com\/wp-content\/uploads\/2023\/07\/Screenshot-2023-07-13-at-15-26-43-1-Facebook.png","articleSection":["Folk","Pop","Single","Sortie"],"inLanguage":"fr-FR"},{"@type":"WebPage","@id":"https:\/\/www.radiocastor.com\/index.php\/gert-taberner-sort-un-single-vraiment-personnel-sur-lacceptation-alright\/","url":"https:\/\/www.radiocastor.com\/index.php\/gert-taberner-sort-un-single-vraiment-personnel-sur-lacceptation-alright\/","name":"Gert Taberner sort un single vraiment personnel sur l'acceptation, \"Alright\" - Radio Castor","isPartOf":{"@id":"https:\/\/www.radiocastor.com\/#website"},"primaryImageOfPage":{"@id":"https:\/\/www.radiocastor.com\/index.php\/gert-taberner-sort-un-single-vraiment-personnel-sur-lacceptation-alright\/#primaryimage"},"image":{"@id":"https:\/\/www.radiocastor.com\/index.php\/gert-taberner-sort-un-single-vraiment-personnel-sur-lacceptation-alright\/#primaryimage"},"thumbnailUrl":"https:\/\/www.radiocastor.com\/wp-content\/uploads\/2023\/07\/Screenshot-2023-07-13-at-15-26-43-1-Facebook.png","datePublished":"2023-07-13T13:37:45+00:00","dateModified":"2023-07-13T13:37:47+00:00","breadcrumb":{"@id":"https:\/\/www.radiocastor.com\/index.php\/gert-taberner-sort-un-single-vraiment-personnel-sur-lacceptation-alright\/#breadcrumb"},"inLanguage":"fr-FR","potentialAction":[{"@type":"ReadAction","target":["https:\/\/www.radiocastor.com\/index.php\/gert-taberner-sort-un-single-vraiment-personnel-sur-lacceptation-alright\/"]}]},{"@type":"ImageObject","inLanguage":"fr-FR","@id":"https:\/\/www.radiocastor.com\/index.php\/gert-taberner-sort-un-single-vraiment-personnel-sur-lacceptation-alright\/#primaryimage","url":"https:\/\/www.radiocastor.com\/wp-content\/uploads\/2023\/07\/Screenshot-2023-07-13-at-15-26-43-1-Facebook.png","contentUrl":"https:\/\/www.radiocastor.com\/wp-content\/uploads\/2023\/07\/Screenshot-2023-07-13-at-15-26-43-1-Facebook.png","width":541,"height":666,"caption":"Gert Taberner"},{"@type":"BreadcrumbList","@id":"https:\/\/www.radiocastor.com\/index.php\/gert-taberner-sort-un-single-vraiment-personnel-sur-lacceptation-alright\/#breadcrumb","itemListElement":[{"@type":"ListItem","position":1,"name":"Accueil","item":"https:\/\/www.radiocastor.com\/"},{"@type":"ListItem","position":2,"name":"Gert Taberner sort un single vraiment personnel sur l&rsquo;acceptation, \u00ab\u00a0Alright\u00a0\u00bb"}]},{"@type":"WebSite","@id":"https:\/\/www.radiocastor.com\/#website","url":"https:\/\/www.radiocastor.com\/","name":"Radio Castor","description":"La voix !","publisher":{"@id":"https:\/\/www.radiocastor.com\/#organization"},"potentialAction":[{"@type":"SearchAction","target":{"@type":"EntryPoint","urlTemplate":"https:\/\/www.radiocastor.com\/?s={search_term_string}"},"query-input":{"@type":"PropertyValueSpecification","valueRequired":true,"valueName":"search_term_string"}}],"inLanguage":"fr-FR"},{"@type":"Organization","@id":"https:\/\/www.radiocastor.com\/#organization","name":"Radio Castor","url":"https:\/\/www.radiocastor.com\/","logo":{"@type":"ImageObject","inLanguage":"fr-FR","@id":"https:\/\/www.radiocastor.com\/#\/schema\/logo\/image\/","url":"https:\/\/www.radiocastor.com\/wp-content\/uploads\/2021\/11\/cropped-Radio-castor-logo-2.png","contentUrl":"https:\/\/www.radiocastor.com\/wp-content\/uploads\/2021\/11\/cropped-Radio-castor-logo-2.png","width":437,"height":219,"caption":"Radio Castor"},"image":{"@id":"https:\/\/www.radiocastor.com\/#\/schema\/logo\/image\/"},"sameAs":["https:\/\/www.facebook.com\/theradiocastor","https:\/\/x.com\/TheRadioCastor","https:\/\/www.instagram.com\/theradiocastor","https:\/\/www.youtube.com\/c\/RadioCastor"]},{"@type":"Person","@id":"https:\/\/www.radiocastor.com\/#\/schema\/person\/558b0e47dc4c11fa52b2220ba6a78779","name":"R\u00e9daction R C","image":{"@type":"ImageObject","inLanguage":"fr-FR","@id":"https:\/\/secure.gravatar.com\/avatar\/1d3e4f4c4a0d129f7ed4838ea20c33760c2484b9bc381993df6c0e3f5bf89c23?s=96&d=mm&r=g","url":"https:\/\/secure.gravatar.com\/avatar\/1d3e4f4c4a0d129f7ed4838ea20c33760c2484b9bc381993df6c0e3f5bf89c23?s=96&d=mm&r=g","contentUrl":"https:\/\/secure.gravatar.com\/avatar\/1d3e4f4c4a0d129f7ed4838ea20c33760c2484b9bc381993df6c0e3f5bf89c23?s=96&d=mm&r=g","caption":"R\u00e9daction R C"},"sameAs":["http:\/\/www.radiocastor.com"],"url":"https:\/\/www.radiocastor.com\/index.php\/author\/radio-castor\/"}]}},"uagb_featured_image_src":{"full":["https:\/\/www.radiocastor.com\/wp-content\/uploads\/2023\/07\/Screenshot-2023-07-13-at-15-26-43-1-Facebook.png",541,666,false],"thumbnail":["https:\/\/www.radiocastor.com\/wp-content\/uploads\/2023\/07\/Screenshot-2023-07-13-at-15-26-43-1-Facebook-150x150.png",150,150,true],"medium":["https:\/\/www.radiocastor.com\/wp-content\/uploads\/2023\/07\/Screenshot-2023-07-13-at-15-26-43-1-Facebook-244x300.png",244,300,true],"medium_large":["https:\/\/www.radiocastor.com\/wp-content\/uploads\/2023\/07\/Screenshot-2023-07-13-at-15-26-43-1-Facebook.png",541,666,false],"large":["https:\/\/www.radiocastor.com\/wp-content\/uploads\/2023\/07\/Screenshot-2023-07-13-at-15-26-43-1-Facebook.png",541,666,false],"1536x1536":["https:\/\/www.radiocastor.com\/wp-content\/uploads\/2023\/07\/Screenshot-2023-07-13-at-15-26-43-1-Facebook.png",541,666,false],"2048x2048":["https:\/\/www.radiocastor.com\/wp-content\/uploads\/2023\/07\/Screenshot-2023-07-13-at-15-26-43-1-Facebook.png",541,666,false],"newsever-slider-full":["https:\/\/www.radiocastor.com\/wp-content\/uploads\/2023\/07\/Screenshot-2023-07-13-at-15-26-43-1-Facebook.png",541,666,false],"newsever-featured":["https:\/\/www.radiocastor.com\/wp-content\/uploads\/2023\/07\/Screenshot-2023-07-13-at-15-26-43-1-Facebook.png",541,666,false],"newsever-medium":["https:\/\/www.radiocastor.com\/wp-content\/uploads\/2023\/07\/Screenshot-2023-07-13-at-15-26-43-1-Facebook-541x475.png",541,475,true]},"uagb_author_info":{"display_name":"R\u00e9daction R C","author_link":"https:\/\/www.radiocastor.com\/index.php\/author\/radio-castor\/"},"uagb_comment_info":0,"uagb_excerpt":"Le chanteur, auteur-compositeur et producteur n\u00e9 \u00e0 Francfort et bas\u00e9 \u00e0 Vancouver Gert Taberner nous...","_links":{"self":[{"href":"https:\/\/www.radiocastor.com\/index.php\/wp-json\/wp\/v2\/posts\/5461","targetHints":{"allow":["GET"]}}],"collection":[{"href":"https:\/\/www.radiocastor.com\/index.php\/wp-json\/wp\/v2\/posts"}],"about":[{"href":"https:\/\/www.radiocastor.com\/index.php\/wp-json\/wp\/v2\/types\/post"}],"author":[{"embeddable":true,"href":"https:\/\/www.radiocastor.com\/index.php\/wp-json\/wp\/v2\/users\/1"}],"replies":[{"embeddable":true,"href":"https:\/\/www.radiocastor.com\/index.php\/wp-json\/wp\/v2\/comments?post=5461"}],"version-history":[{"count":1,"href":"https:\/\/www.radiocastor.com\/index.php\/wp-json\/wp\/v2\/posts\/5461\/revisions"}],"predecessor-version":[{"id":5464,"href":"https:\/\/www.radiocastor.com\/index.php\/wp-json\/wp\/v2\/posts\/5461\/revisions\/5464"}],"wp:featuredmedia":[{"embeddable":true,"href":"https:\/\/www.radiocastor.com\/index.php\/wp-json\/wp\/v2\/media\/5463"}],"wp:attachment":[{"href":"https:\/\/www.radiocastor.com\/index.php\/wp-json\/wp\/v2\/media?parent=5461"}],"wp:term":[{"taxonomy":"category","embeddable":true,"href":"https:\/\/www.radiocastor.com\/index.php\/wp-json\/wp\/v2\/categories?post=5461"},{"taxonomy":"post_tag","embeddable":true,"href":"https:\/\/www.radiocastor.com\/index.php\/wp-json\/wp\/v2\/tags?post=5461"}],"curies":[{"name":"wp","href":"https:\/\/api.w.org\/{rel}","templated":true}]}}