{"id":5396,"date":"2023-07-07T17:09:53","date_gmt":"2023-07-07T15:09:53","guid":{"rendered":"https:\/\/www.radiocastor.com\/?p=5396"},"modified":"2023-07-07T17:09:55","modified_gmt":"2023-07-07T15:09:55","slug":"cabela-and-schmitt-nous-offre-un-nouveau-single-dans-le-style-chanson-autobiographique-this-is-my-life","status":"publish","type":"post","link":"https:\/\/www.radiocastor.com\/index.php\/cabela-and-schmitt-nous-offre-un-nouveau-single-dans-le-style-chanson-autobiographique-this-is-my-life\/","title":{"rendered":"Cabela and Schmitt nous offre un nouveau single dans le style chanson autobiographique, \u00ab\u00a0This is My Life\u00a0\u00bb"},"content":{"rendered":"\n<p>On ne vous pr\u00e9sente plus le groupe <a href=\"https:\/\/www.radiocastor.com\/?s=Cabela+and+Schmitt\" target=\"_blank\" rel=\"noreferrer noopener\">Cabela and Schmitt<\/a> qui font maintenant quasiment partie de la famille.<br>Les revoici avec un tout nouveau single, \u00ab\u00a0This is My Life\u00a0\u00bb, sorti le 1er juillet 2023.<\/p>\n\n\n\n<p>Les trois comp\u00e8res Rich Cabela (guitare, claviers), Wayne Schmitt (guitare, claviers) et Tom Schmitt (guitare basse, claviers) restent dans le domaine de la musique country rock, et chantent les endroits o\u00f9 ils sont all\u00e9s, l&rsquo;amour qu&rsquo;ils ont pour leur ville natale, leurs biens imparfaits mais pr\u00e9cieux et la gratitude qu&rsquo;ils ressentent pour leur famille.<\/p>\n\n\n\n<p>\u00ab\u00a0This is My Life\u00a0\u00bb est un joyau country rock qui r\u00e9sume l&rsquo;essence du parcours de l&rsquo;auteur-compositeur.<br>Avec des influences d&rsquo;artistes renomm\u00e9s comme Alan Jackson et Tim McGraw, la chanson offre une m\u00e9lodie qui accroche instantan\u00e9ment les auditeurs et des paroles pleines de personnalit\u00e9.<br>Les instrumentaux de style Nashville bien produits ne font que renforcer l&rsquo;impact \u00e9motionnel de ce chef-d&rsquo;\u0153uvre.<\/p>\n\n\n\n<p>La chanson brosse un tableau vivant de la vie de l&rsquo;auteur-compositeur, une vie qui s&rsquo;harmonise avec l&rsquo;\u00e2me du country rock.<br>Ils connaissent intimement le monde, ayant voyag\u00e9 dans divers endroits, mais ils trouvent r\u00e9confort et satisfaction dans l&rsquo;endroit qu&rsquo;ils appellent chez eux.<br>Parmi leurs possessions se trouve un pick-up Chevy bien us\u00e9, portant les marques visibles d&rsquo;une vie bien v\u00e9cue.<br>Ils s&rsquo;occupent d&rsquo;un potager, trouvant de la joie dans le simple fait de nourrir et de grandir.<\/p>\n\n\n\n<p>\u00ab\u00a0This is My Life\u00a0\u00bb est plus qu&rsquo;une simple chanson country rock, c&rsquo;est une expression sinc\u00e8re du voyage d&rsquo;un auteur-compositeur \u00e0 travers la vie.<br>\u00c0 travers des m\u00e9lodies captivantes et des paroles relatables, Cabela &amp; Schmitt ont con\u00e7u une pi\u00e8ce qui emm\u00e8ne les auditeurs dans un voyage musical.<br>De leurs exp\u00e9riences personnelles, ils racontent une histoire qui r\u00e9sonne avec le public, peignant une image de gratitude, de pers\u00e9v\u00e9rance et des nuances des \u00e9motions humaines. Alors, asseyez-vous, appuyez sur play et laissez-vous transporter dans le monde captivant de \u00ab\u00a0This is My Life\u00a0\u00bb.<\/p>\n\n\n\n<p><em>A \u00e9couter sur <a href=\"https:\/\/www.radiocastor.com\/index.php\/playlist\/\" target=\"_blank\" rel=\"noreferrer noopener\">nos playlists<\/a> !<\/em><\/p>\n\n\n\n<figure class=\"wp-block-embed is-type-rich is-provider-prise-en-charge-des-contenus-embarques wp-block-embed-prise-en-charge-des-contenus-embarques wp-embed-aspect-4-3 wp-has-aspect-ratio\"><div class=\"wp-block-embed__wrapper\">\n<iframe loading=\"lazy\" title=\"This is My Life\" width=\"640\" height=\"480\" src=\"https:\/\/www.youtube.com\/embed\/MuNE7-9bs-w?feature=oembed\" frameborder=\"0\" allow=\"accelerometer; autoplay; clipboard-write; encrypted-media; gyroscope; picture-in-picture; web-share\" referrerpolicy=\"strict-origin-when-cross-origin\" allowfullscreen><\/iframe>\n<\/div><\/figure>\n\n\n\n<p><\/p>\n\n\n\n<p class=\"has-text-align-center\"><a href=\"https:\/\/www.facebook.com\/cabelaschmittmusic\" target=\"_blank\" rel=\"noreferrer noopener\">Facebook<\/a> \u2013 <a href=\"https:\/\/www.instagram.com\/cabelaandschmitt\/\" target=\"_blank\" rel=\"noreferrer noopener\">Instagram<\/a> \u2013 <a href=\"https:\/\/twitter.com\/CabelaSchmitt\" target=\"_blank\" rel=\"noreferrer noopener\">Twitter<\/a><\/p>\n","protected":false},"excerpt":{"rendered":"<p>On ne vous pr\u00e9sente plus le groupe Cabela and Schmitt qui font maintenant quasiment partie&#8230;<\/p>\n","protected":false},"author":1,"featured_media":4565,"comment_status":"closed","ping_status":"open","sticky":false,"template":"","format":"standard","meta":{"_uag_custom_page_level_css":"","footnotes":""},"categories":[77,5,32,46],"tags":[],"class_list":["post-5396","post","type-post","status-publish","format-standard","has-post-thumbnail","hentry","category-country","category-rock","category-single","category-sortie"],"yoast_head":"<!-- This site is optimized with the Yoast SEO plugin v27.4 - https:\/\/yoast.com\/product\/yoast-seo-wordpress\/ -->\n<title>Cabela and Schmitt nous offre un nouveau single dans le style chanson autobiographique, &quot;This is My Life&quot; - Radio Castor<\/title>\n<meta name=\"robots\" content=\"index, follow, max-snippet:-1, max-image-preview:large, max-video-preview:-1\" \/>\n<link rel=\"canonical\" href=\"https:\/\/www.radiocastor.com\/index.php\/cabela-and-schmitt-nous-offre-un-nouveau-single-dans-le-style-chanson-autobiographique-this-is-my-life\/\" \/>\n<meta property=\"og:locale\" content=\"fr_FR\" \/>\n<meta property=\"og:type\" content=\"article\" \/>\n<meta property=\"og:title\" content=\"Cabela and Schmitt nous offre un nouveau single dans le style chanson autobiographique, &quot;This is My Life&quot; - Radio Castor\" \/>\n<meta property=\"og:description\" content=\"On ne vous pr\u00e9sente plus le groupe Cabela and Schmitt qui font maintenant quasiment partie...\" \/>\n<meta property=\"og:url\" content=\"https:\/\/www.radiocastor.com\/index.php\/cabela-and-schmitt-nous-offre-un-nouveau-single-dans-le-style-chanson-autobiographique-this-is-my-life\/\" \/>\n<meta property=\"og:site_name\" content=\"Radio Castor\" \/>\n<meta property=\"article:publisher\" content=\"https:\/\/www.facebook.com\/theradiocastor\" \/>\n<meta property=\"article:published_time\" content=\"2023-07-07T15:09:53+00:00\" \/>\n<meta property=\"article:modified_time\" content=\"2023-07-07T15:09:55+00:00\" \/>\n<meta property=\"og:image\" content=\"https:\/\/www.radiocastor.com\/wp-content\/uploads\/2023\/04\/eaff0e91ccec20ff18af99145fcc5541-300x300-1.jpg\" \/>\n\t<meta property=\"og:image:width\" content=\"300\" \/>\n\t<meta property=\"og:image:height\" content=\"300\" \/>\n\t<meta property=\"og:image:type\" content=\"image\/jpeg\" \/>\n<meta name=\"author\" content=\"R\u00e9daction R C\" \/>\n<meta name=\"twitter:card\" content=\"summary_large_image\" \/>\n<meta name=\"twitter:creator\" content=\"@TheRadioCastor\" \/>\n<meta name=\"twitter:site\" content=\"@TheRadioCastor\" \/>\n<meta name=\"twitter:label1\" content=\"\u00c9crit par\" \/>\n\t<meta name=\"twitter:data1\" content=\"R\u00e9daction R C\" \/>\n\t<meta name=\"twitter:label2\" content=\"Dur\u00e9e de lecture estim\u00e9e\" \/>\n\t<meta name=\"twitter:data2\" content=\"2 minutes\" \/>\n<script type=\"application\/ld+json\" class=\"yoast-schema-graph\">{\"@context\":\"https:\\\/\\\/schema.org\",\"@graph\":[{\"@type\":\"Article\",\"@id\":\"https:\\\/\\\/www.radiocastor.com\\\/index.php\\\/cabela-and-schmitt-nous-offre-un-nouveau-single-dans-le-style-chanson-autobiographique-this-is-my-life\\\/#article\",\"isPartOf\":{\"@id\":\"https:\\\/\\\/www.radiocastor.com\\\/index.php\\\/cabela-and-schmitt-nous-offre-un-nouveau-single-dans-le-style-chanson-autobiographique-this-is-my-life\\\/\"},\"author\":{\"name\":\"R\u00e9daction R C\",\"@id\":\"https:\\\/\\\/www.radiocastor.com\\\/#\\\/schema\\\/person\\\/558b0e47dc4c11fa52b2220ba6a78779\"},\"headline\":\"Cabela and Schmitt nous offre un nouveau single dans le style chanson autobiographique, \u00ab\u00a0This is My Life\u00a0\u00bb\",\"datePublished\":\"2023-07-07T15:09:53+00:00\",\"dateModified\":\"2023-07-07T15:09:55+00:00\",\"mainEntityOfPage\":{\"@id\":\"https:\\\/\\\/www.radiocastor.com\\\/index.php\\\/cabela-and-schmitt-nous-offre-un-nouveau-single-dans-le-style-chanson-autobiographique-this-is-my-life\\\/\"},\"wordCount\":377,\"publisher\":{\"@id\":\"https:\\\/\\\/www.radiocastor.com\\\/#organization\"},\"image\":{\"@id\":\"https:\\\/\\\/www.radiocastor.com\\\/index.php\\\/cabela-and-schmitt-nous-offre-un-nouveau-single-dans-le-style-chanson-autobiographique-this-is-my-life\\\/#primaryimage\"},\"thumbnailUrl\":\"https:\\\/\\\/www.radiocastor.com\\\/wp-content\\\/uploads\\\/2023\\\/04\\\/eaff0e91ccec20ff18af99145fcc5541-300x300-1.jpg\",\"articleSection\":[\"Country\",\"Rock\",\"Single\",\"Sortie\"],\"inLanguage\":\"fr-FR\"},{\"@type\":\"WebPage\",\"@id\":\"https:\\\/\\\/www.radiocastor.com\\\/index.php\\\/cabela-and-schmitt-nous-offre-un-nouveau-single-dans-le-style-chanson-autobiographique-this-is-my-life\\\/\",\"url\":\"https:\\\/\\\/www.radiocastor.com\\\/index.php\\\/cabela-and-schmitt-nous-offre-un-nouveau-single-dans-le-style-chanson-autobiographique-this-is-my-life\\\/\",\"name\":\"Cabela and Schmitt nous offre un nouveau single dans le style chanson autobiographique, \\\"This is My Life\\\" - Radio Castor\",\"isPartOf\":{\"@id\":\"https:\\\/\\\/www.radiocastor.com\\\/#website\"},\"primaryImageOfPage\":{\"@id\":\"https:\\\/\\\/www.radiocastor.com\\\/index.php\\\/cabela-and-schmitt-nous-offre-un-nouveau-single-dans-le-style-chanson-autobiographique-this-is-my-life\\\/#primaryimage\"},\"image\":{\"@id\":\"https:\\\/\\\/www.radiocastor.com\\\/index.php\\\/cabela-and-schmitt-nous-offre-un-nouveau-single-dans-le-style-chanson-autobiographique-this-is-my-life\\\/#primaryimage\"},\"thumbnailUrl\":\"https:\\\/\\\/www.radiocastor.com\\\/wp-content\\\/uploads\\\/2023\\\/04\\\/eaff0e91ccec20ff18af99145fcc5541-300x300-1.jpg\",\"datePublished\":\"2023-07-07T15:09:53+00:00\",\"dateModified\":\"2023-07-07T15:09:55+00:00\",\"breadcrumb\":{\"@id\":\"https:\\\/\\\/www.radiocastor.com\\\/index.php\\\/cabela-and-schmitt-nous-offre-un-nouveau-single-dans-le-style-chanson-autobiographique-this-is-my-life\\\/#breadcrumb\"},\"inLanguage\":\"fr-FR\",\"potentialAction\":[{\"@type\":\"ReadAction\",\"target\":[\"https:\\\/\\\/www.radiocastor.com\\\/index.php\\\/cabela-and-schmitt-nous-offre-un-nouveau-single-dans-le-style-chanson-autobiographique-this-is-my-life\\\/\"]}]},{\"@type\":\"ImageObject\",\"inLanguage\":\"fr-FR\",\"@id\":\"https:\\\/\\\/www.radiocastor.com\\\/index.php\\\/cabela-and-schmitt-nous-offre-un-nouveau-single-dans-le-style-chanson-autobiographique-this-is-my-life\\\/#primaryimage\",\"url\":\"https:\\\/\\\/www.radiocastor.com\\\/wp-content\\\/uploads\\\/2023\\\/04\\\/eaff0e91ccec20ff18af99145fcc5541-300x300-1.jpg\",\"contentUrl\":\"https:\\\/\\\/www.radiocastor.com\\\/wp-content\\\/uploads\\\/2023\\\/04\\\/eaff0e91ccec20ff18af99145fcc5541-300x300-1.jpg\",\"width\":300,\"height\":300,\"caption\":\"Cabela and Schmitt\"},{\"@type\":\"BreadcrumbList\",\"@id\":\"https:\\\/\\\/www.radiocastor.com\\\/index.php\\\/cabela-and-schmitt-nous-offre-un-nouveau-single-dans-le-style-chanson-autobiographique-this-is-my-life\\\/#breadcrumb\",\"itemListElement\":[{\"@type\":\"ListItem\",\"position\":1,\"name\":\"Accueil\",\"item\":\"https:\\\/\\\/www.radiocastor.com\\\/\"},{\"@type\":\"ListItem\",\"position\":2,\"name\":\"Cabela and Schmitt nous offre un nouveau single dans le style chanson autobiographique, \u00ab\u00a0This is My Life\u00a0\u00bb\"}]},{\"@type\":\"WebSite\",\"@id\":\"https:\\\/\\\/www.radiocastor.com\\\/#website\",\"url\":\"https:\\\/\\\/www.radiocastor.com\\\/\",\"name\":\"Radio Castor\",\"description\":\"La voix !\",\"publisher\":{\"@id\":\"https:\\\/\\\/www.radiocastor.com\\\/#organization\"},\"potentialAction\":[{\"@type\":\"SearchAction\",\"target\":{\"@type\":\"EntryPoint\",\"urlTemplate\":\"https:\\\/\\\/www.radiocastor.com\\\/?s={search_term_string}\"},\"query-input\":{\"@type\":\"PropertyValueSpecification\",\"valueRequired\":true,\"valueName\":\"search_term_string\"}}],\"inLanguage\":\"fr-FR\"},{\"@type\":\"Organization\",\"@id\":\"https:\\\/\\\/www.radiocastor.com\\\/#organization\",\"name\":\"Radio Castor\",\"url\":\"https:\\\/\\\/www.radiocastor.com\\\/\",\"logo\":{\"@type\":\"ImageObject\",\"inLanguage\":\"fr-FR\",\"@id\":\"https:\\\/\\\/www.radiocastor.com\\\/#\\\/schema\\\/logo\\\/image\\\/\",\"url\":\"https:\\\/\\\/www.radiocastor.com\\\/wp-content\\\/uploads\\\/2021\\\/11\\\/cropped-Radio-castor-logo-2.png\",\"contentUrl\":\"https:\\\/\\\/www.radiocastor.com\\\/wp-content\\\/uploads\\\/2021\\\/11\\\/cropped-Radio-castor-logo-2.png\",\"width\":437,\"height\":219,\"caption\":\"Radio Castor\"},\"image\":{\"@id\":\"https:\\\/\\\/www.radiocastor.com\\\/#\\\/schema\\\/logo\\\/image\\\/\"},\"sameAs\":[\"https:\\\/\\\/www.facebook.com\\\/theradiocastor\",\"https:\\\/\\\/x.com\\\/TheRadioCastor\",\"https:\\\/\\\/www.instagram.com\\\/theradiocastor\",\"https:\\\/\\\/www.youtube.com\\\/c\\\/RadioCastor\"]},{\"@type\":\"Person\",\"@id\":\"https:\\\/\\\/www.radiocastor.com\\\/#\\\/schema\\\/person\\\/558b0e47dc4c11fa52b2220ba6a78779\",\"name\":\"R\u00e9daction R C\",\"image\":{\"@type\":\"ImageObject\",\"inLanguage\":\"fr-FR\",\"@id\":\"https:\\\/\\\/secure.gravatar.com\\\/avatar\\\/1d3e4f4c4a0d129f7ed4838ea20c33760c2484b9bc381993df6c0e3f5bf89c23?s=96&d=mm&r=g\",\"url\":\"https:\\\/\\\/secure.gravatar.com\\\/avatar\\\/1d3e4f4c4a0d129f7ed4838ea20c33760c2484b9bc381993df6c0e3f5bf89c23?s=96&d=mm&r=g\",\"contentUrl\":\"https:\\\/\\\/secure.gravatar.com\\\/avatar\\\/1d3e4f4c4a0d129f7ed4838ea20c33760c2484b9bc381993df6c0e3f5bf89c23?s=96&d=mm&r=g\",\"caption\":\"R\u00e9daction R C\"},\"sameAs\":[\"http:\\\/\\\/www.radiocastor.com\"],\"url\":\"https:\\\/\\\/www.radiocastor.com\\\/index.php\\\/author\\\/radio-castor\\\/\"}]}<\/script>\n<!-- \/ Yoast SEO plugin. -->","yoast_head_json":{"title":"Cabela and Schmitt nous offre un nouveau single dans le style chanson autobiographique, \"This is My Life\" - Radio Castor","robots":{"index":"index","follow":"follow","max-snippet":"max-snippet:-1","max-image-preview":"max-image-preview:large","max-video-preview":"max-video-preview:-1"},"canonical":"https:\/\/www.radiocastor.com\/index.php\/cabela-and-schmitt-nous-offre-un-nouveau-single-dans-le-style-chanson-autobiographique-this-is-my-life\/","og_locale":"fr_FR","og_type":"article","og_title":"Cabela and Schmitt nous offre un nouveau single dans le style chanson autobiographique, \"This is My Life\" - Radio Castor","og_description":"On ne vous pr\u00e9sente plus le groupe Cabela and Schmitt qui font maintenant quasiment partie...","og_url":"https:\/\/www.radiocastor.com\/index.php\/cabela-and-schmitt-nous-offre-un-nouveau-single-dans-le-style-chanson-autobiographique-this-is-my-life\/","og_site_name":"Radio Castor","article_publisher":"https:\/\/www.facebook.com\/theradiocastor","article_published_time":"2023-07-07T15:09:53+00:00","article_modified_time":"2023-07-07T15:09:55+00:00","og_image":[{"width":300,"height":300,"url":"https:\/\/www.radiocastor.com\/wp-content\/uploads\/2023\/04\/eaff0e91ccec20ff18af99145fcc5541-300x300-1.jpg","type":"image\/jpeg"}],"author":"R\u00e9daction R C","twitter_card":"summary_large_image","twitter_creator":"@TheRadioCastor","twitter_site":"@TheRadioCastor","twitter_misc":{"\u00c9crit par":"R\u00e9daction R C","Dur\u00e9e de lecture estim\u00e9e":"2 minutes"},"schema":{"@context":"https:\/\/schema.org","@graph":[{"@type":"Article","@id":"https:\/\/www.radiocastor.com\/index.php\/cabela-and-schmitt-nous-offre-un-nouveau-single-dans-le-style-chanson-autobiographique-this-is-my-life\/#article","isPartOf":{"@id":"https:\/\/www.radiocastor.com\/index.php\/cabela-and-schmitt-nous-offre-un-nouveau-single-dans-le-style-chanson-autobiographique-this-is-my-life\/"},"author":{"name":"R\u00e9daction R C","@id":"https:\/\/www.radiocastor.com\/#\/schema\/person\/558b0e47dc4c11fa52b2220ba6a78779"},"headline":"Cabela and Schmitt nous offre un nouveau single dans le style chanson autobiographique, \u00ab\u00a0This is My Life\u00a0\u00bb","datePublished":"2023-07-07T15:09:53+00:00","dateModified":"2023-07-07T15:09:55+00:00","mainEntityOfPage":{"@id":"https:\/\/www.radiocastor.com\/index.php\/cabela-and-schmitt-nous-offre-un-nouveau-single-dans-le-style-chanson-autobiographique-this-is-my-life\/"},"wordCount":377,"publisher":{"@id":"https:\/\/www.radiocastor.com\/#organization"},"image":{"@id":"https:\/\/www.radiocastor.com\/index.php\/cabela-and-schmitt-nous-offre-un-nouveau-single-dans-le-style-chanson-autobiographique-this-is-my-life\/#primaryimage"},"thumbnailUrl":"https:\/\/www.radiocastor.com\/wp-content\/uploads\/2023\/04\/eaff0e91ccec20ff18af99145fcc5541-300x300-1.jpg","articleSection":["Country","Rock","Single","Sortie"],"inLanguage":"fr-FR"},{"@type":"WebPage","@id":"https:\/\/www.radiocastor.com\/index.php\/cabela-and-schmitt-nous-offre-un-nouveau-single-dans-le-style-chanson-autobiographique-this-is-my-life\/","url":"https:\/\/www.radiocastor.com\/index.php\/cabela-and-schmitt-nous-offre-un-nouveau-single-dans-le-style-chanson-autobiographique-this-is-my-life\/","name":"Cabela and Schmitt nous offre un nouveau single dans le style chanson autobiographique, \"This is My Life\" - Radio Castor","isPartOf":{"@id":"https:\/\/www.radiocastor.com\/#website"},"primaryImageOfPage":{"@id":"https:\/\/www.radiocastor.com\/index.php\/cabela-and-schmitt-nous-offre-un-nouveau-single-dans-le-style-chanson-autobiographique-this-is-my-life\/#primaryimage"},"image":{"@id":"https:\/\/www.radiocastor.com\/index.php\/cabela-and-schmitt-nous-offre-un-nouveau-single-dans-le-style-chanson-autobiographique-this-is-my-life\/#primaryimage"},"thumbnailUrl":"https:\/\/www.radiocastor.com\/wp-content\/uploads\/2023\/04\/eaff0e91ccec20ff18af99145fcc5541-300x300-1.jpg","datePublished":"2023-07-07T15:09:53+00:00","dateModified":"2023-07-07T15:09:55+00:00","breadcrumb":{"@id":"https:\/\/www.radiocastor.com\/index.php\/cabela-and-schmitt-nous-offre-un-nouveau-single-dans-le-style-chanson-autobiographique-this-is-my-life\/#breadcrumb"},"inLanguage":"fr-FR","potentialAction":[{"@type":"ReadAction","target":["https:\/\/www.radiocastor.com\/index.php\/cabela-and-schmitt-nous-offre-un-nouveau-single-dans-le-style-chanson-autobiographique-this-is-my-life\/"]}]},{"@type":"ImageObject","inLanguage":"fr-FR","@id":"https:\/\/www.radiocastor.com\/index.php\/cabela-and-schmitt-nous-offre-un-nouveau-single-dans-le-style-chanson-autobiographique-this-is-my-life\/#primaryimage","url":"https:\/\/www.radiocastor.com\/wp-content\/uploads\/2023\/04\/eaff0e91ccec20ff18af99145fcc5541-300x300-1.jpg","contentUrl":"https:\/\/www.radiocastor.com\/wp-content\/uploads\/2023\/04\/eaff0e91ccec20ff18af99145fcc5541-300x300-1.jpg","width":300,"height":300,"caption":"Cabela and Schmitt"},{"@type":"BreadcrumbList","@id":"https:\/\/www.radiocastor.com\/index.php\/cabela-and-schmitt-nous-offre-un-nouveau-single-dans-le-style-chanson-autobiographique-this-is-my-life\/#breadcrumb","itemListElement":[{"@type":"ListItem","position":1,"name":"Accueil","item":"https:\/\/www.radiocastor.com\/"},{"@type":"ListItem","position":2,"name":"Cabela and Schmitt nous offre un nouveau single dans le style chanson autobiographique, \u00ab\u00a0This is My Life\u00a0\u00bb"}]},{"@type":"WebSite","@id":"https:\/\/www.radiocastor.com\/#website","url":"https:\/\/www.radiocastor.com\/","name":"Radio Castor","description":"La voix !","publisher":{"@id":"https:\/\/www.radiocastor.com\/#organization"},"potentialAction":[{"@type":"SearchAction","target":{"@type":"EntryPoint","urlTemplate":"https:\/\/www.radiocastor.com\/?s={search_term_string}"},"query-input":{"@type":"PropertyValueSpecification","valueRequired":true,"valueName":"search_term_string"}}],"inLanguage":"fr-FR"},{"@type":"Organization","@id":"https:\/\/www.radiocastor.com\/#organization","name":"Radio Castor","url":"https:\/\/www.radiocastor.com\/","logo":{"@type":"ImageObject","inLanguage":"fr-FR","@id":"https:\/\/www.radiocastor.com\/#\/schema\/logo\/image\/","url":"https:\/\/www.radiocastor.com\/wp-content\/uploads\/2021\/11\/cropped-Radio-castor-logo-2.png","contentUrl":"https:\/\/www.radiocastor.com\/wp-content\/uploads\/2021\/11\/cropped-Radio-castor-logo-2.png","width":437,"height":219,"caption":"Radio Castor"},"image":{"@id":"https:\/\/www.radiocastor.com\/#\/schema\/logo\/image\/"},"sameAs":["https:\/\/www.facebook.com\/theradiocastor","https:\/\/x.com\/TheRadioCastor","https:\/\/www.instagram.com\/theradiocastor","https:\/\/www.youtube.com\/c\/RadioCastor"]},{"@type":"Person","@id":"https:\/\/www.radiocastor.com\/#\/schema\/person\/558b0e47dc4c11fa52b2220ba6a78779","name":"R\u00e9daction R C","image":{"@type":"ImageObject","inLanguage":"fr-FR","@id":"https:\/\/secure.gravatar.com\/avatar\/1d3e4f4c4a0d129f7ed4838ea20c33760c2484b9bc381993df6c0e3f5bf89c23?s=96&d=mm&r=g","url":"https:\/\/secure.gravatar.com\/avatar\/1d3e4f4c4a0d129f7ed4838ea20c33760c2484b9bc381993df6c0e3f5bf89c23?s=96&d=mm&r=g","contentUrl":"https:\/\/secure.gravatar.com\/avatar\/1d3e4f4c4a0d129f7ed4838ea20c33760c2484b9bc381993df6c0e3f5bf89c23?s=96&d=mm&r=g","caption":"R\u00e9daction R C"},"sameAs":["http:\/\/www.radiocastor.com"],"url":"https:\/\/www.radiocastor.com\/index.php\/author\/radio-castor\/"}]}},"uagb_featured_image_src":{"full":["https:\/\/www.radiocastor.com\/wp-content\/uploads\/2023\/04\/eaff0e91ccec20ff18af99145fcc5541-300x300-1.jpg",300,300,false],"thumbnail":["https:\/\/www.radiocastor.com\/wp-content\/uploads\/2023\/04\/eaff0e91ccec20ff18af99145fcc5541-300x300-1-150x150.jpg",150,150,true],"medium":["https:\/\/www.radiocastor.com\/wp-content\/uploads\/2023\/04\/eaff0e91ccec20ff18af99145fcc5541-300x300-1.jpg",300,300,false],"medium_large":["https:\/\/www.radiocastor.com\/wp-content\/uploads\/2023\/04\/eaff0e91ccec20ff18af99145fcc5541-300x300-1.jpg",300,300,false],"large":["https:\/\/www.radiocastor.com\/wp-content\/uploads\/2023\/04\/eaff0e91ccec20ff18af99145fcc5541-300x300-1.jpg",300,300,false],"1536x1536":["https:\/\/www.radiocastor.com\/wp-content\/uploads\/2023\/04\/eaff0e91ccec20ff18af99145fcc5541-300x300-1.jpg",300,300,false],"2048x2048":["https:\/\/www.radiocastor.com\/wp-content\/uploads\/2023\/04\/eaff0e91ccec20ff18af99145fcc5541-300x300-1.jpg",300,300,false],"newsever-slider-full":["https:\/\/www.radiocastor.com\/wp-content\/uploads\/2023\/04\/eaff0e91ccec20ff18af99145fcc5541-300x300-1.jpg",300,300,false],"newsever-featured":["https:\/\/www.radiocastor.com\/wp-content\/uploads\/2023\/04\/eaff0e91ccec20ff18af99145fcc5541-300x300-1.jpg",300,300,false],"newsever-medium":["https:\/\/www.radiocastor.com\/wp-content\/uploads\/2023\/04\/eaff0e91ccec20ff18af99145fcc5541-300x300-1.jpg",300,300,false]},"uagb_author_info":{"display_name":"R\u00e9daction R C","author_link":"https:\/\/www.radiocastor.com\/index.php\/author\/radio-castor\/"},"uagb_comment_info":0,"uagb_excerpt":"On ne vous pr\u00e9sente plus le groupe Cabela and Schmitt qui font maintenant quasiment partie...","_links":{"self":[{"href":"https:\/\/www.radiocastor.com\/index.php\/wp-json\/wp\/v2\/posts\/5396","targetHints":{"allow":["GET"]}}],"collection":[{"href":"https:\/\/www.radiocastor.com\/index.php\/wp-json\/wp\/v2\/posts"}],"about":[{"href":"https:\/\/www.radiocastor.com\/index.php\/wp-json\/wp\/v2\/types\/post"}],"author":[{"embeddable":true,"href":"https:\/\/www.radiocastor.com\/index.php\/wp-json\/wp\/v2\/users\/1"}],"replies":[{"embeddable":true,"href":"https:\/\/www.radiocastor.com\/index.php\/wp-json\/wp\/v2\/comments?post=5396"}],"version-history":[{"count":1,"href":"https:\/\/www.radiocastor.com\/index.php\/wp-json\/wp\/v2\/posts\/5396\/revisions"}],"predecessor-version":[{"id":5398,"href":"https:\/\/www.radiocastor.com\/index.php\/wp-json\/wp\/v2\/posts\/5396\/revisions\/5398"}],"wp:featuredmedia":[{"embeddable":true,"href":"https:\/\/www.radiocastor.com\/index.php\/wp-json\/wp\/v2\/media\/4565"}],"wp:attachment":[{"href":"https:\/\/www.radiocastor.com\/index.php\/wp-json\/wp\/v2\/media?parent=5396"}],"wp:term":[{"taxonomy":"category","embeddable":true,"href":"https:\/\/www.radiocastor.com\/index.php\/wp-json\/wp\/v2\/categories?post=5396"},{"taxonomy":"post_tag","embeddable":true,"href":"https:\/\/www.radiocastor.com\/index.php\/wp-json\/wp\/v2\/tags?post=5396"}],"curies":[{"name":"wp","href":"https:\/\/api.w.org\/{rel}","templated":true}]}}