{"id":5119,"date":"2023-06-16T19:54:29","date_gmt":"2023-06-16T17:54:29","guid":{"rendered":"https:\/\/www.radiocastor.com\/?p=5119"},"modified":"2023-06-16T19:54:34","modified_gmt":"2023-06-16T17:54:34","slug":"a-14-ans-amelie-lucille-sort-son-premier-album-amelie-lucille-une-veritable-performance","status":"publish","type":"post","link":"https:\/\/www.radiocastor.com\/index.php\/a-14-ans-amelie-lucille-sort-son-premier-album-amelie-lucille-une-veritable-performance\/","title":{"rendered":"A 14 ans, Amelie Lucille sort son premier album, \u00ab\u00a0Amelie Lucille\u00a0\u00bb, une v\u00e9ritable performance !"},"content":{"rendered":"\n<p>L&rsquo;artiste new-yorkaise Indie Folk Amelie Lucille r\u00e9v\u00e8le une voix singuli\u00e8rement puissante et un amour sinc\u00e8re pour sa ligne musicale classique sur son nouvel album \u00e9ponyme de 7 titres, sorti hier, le 15 juin 2023.<\/p>\n\n\n\n<p>Confessionnel, intime et musicalement captivant, ce premier album est un must pour les fans d&rsquo;artistes conteurs comme Lana Del Rey, Norah Jones ou Cat Power qui puisent librement dans l&rsquo;ombre pour trouver l&rsquo;inspiration.<\/p>\n\n\n\n<p>Am\u00e9lie a peut-\u00eatre 14 ans, mais l&rsquo;influence d&rsquo;artistes cl\u00e9s comme The Cure, Cocteau Twins, Bj\u00f6rk et The Sundays est profond\u00e9ment ancr\u00e9e dans sa musique lunatique et charg\u00e9e d&rsquo;\u00e9motions.<\/p>\n\n\n\n<p>Elle incarne vraiment l&rsquo;esprit et le sens d&rsquo;une \u00ab\u00a0old soul\u00a0\u00bb.<br>Cet amour pour les artistes expressifs alternatifs et gothiques nourrit la d\u00e9marche cr\u00e9ative d&rsquo;Am\u00e9lie, \u00e0 laquelle elle se donne tout enti\u00e8re.<\/p>\n\n\n\n<p>Ecoutez \u00ab\u00a0Token\u00a0\u00bb qui est la piste 2 de l&rsquo;album:<\/p>\n\n\n\n<p><iframe loading=\"lazy\" src=\"https:\/\/www.youtube.com\/embed\/8DjKKMUCt0Y\" title=\"YouTube video player\" allow=\"accelerometer; autoplay; clipboard-write; encrypted-media; gyroscope; picture-in-picture; web-share\" allowfullscreen=\"\" width=\"560\" height=\"315\" frameborder=\"0\"><\/iframe><\/p>\n\n\n\n<p>Il n&rsquo;est pas surprenant qu\u2019Am\u00e9lie soit devenue rapidement une artiste de live appr\u00e9ci\u00e9e, se produisant r\u00e9guli\u00e8rement \u00e0 travers New York dans des lieux embl\u00e9matiques comme The Bitter End dans la s\u00e9rie The Urban Garage. <\/p>\n\n\n\n<p>\u00c0 propos de la chanson \u00ab\u00a0Mess\u00a0\u00bb, Am\u00e9lie confie :<br>\u00ab\u00a0Toutes mes chansons ne parlent pas d&rsquo;amour.<br>Les amiti\u00e9s peuvent \u00eatre tout aussi compliqu\u00e9es.<br>Je n&rsquo;aurais jamais pens\u00e9 que je serais aussi affect\u00e9.<br>J&rsquo;ai trouv\u00e9 que le pire sentiment est de r\u00e9aliser que vous n&rsquo;avez jamais compt\u00e9 autant pour l&rsquo;autre personne qu&rsquo;elle n&rsquo;a compt\u00e9 pour vous.\u00a0\u00bb<br>\u00ab\u00a0Je suppose que j&rsquo;ai donn\u00e9 assez d&rsquo;amour pour nous deux, parce que tu ne pouvais pas donner assez d&rsquo;amour pour moi.\u00a0\u00bb<\/p>\n\n\n\n<p><iframe loading=\"lazy\" src=\"https:\/\/www.youtube.com\/embed\/6iu0NIQMtYY\" title=\"YouTube video player\" allow=\"accelerometer; autoplay; clipboard-write; encrypted-media; gyroscope; picture-in-picture; web-share\" allowfullscreen=\"\" width=\"560\" height=\"315\" frameborder=\"0\"><\/iframe><\/p>\n\n\n\n<p><em>A \u00e9couter sur <a href=\"https:\/\/www.radiocastor.com\/index.php\/playlist\/\" target=\"_blank\" rel=\"noreferrer noopener\">nos playlists<\/a> !<\/em><\/p>\n\n\n\n<p class=\"has-text-align-center\"><a href=\"https:\/\/www.instagram.com\/amelie___lucille\/\" target=\"_blank\" rel=\"noreferrer noopener\">Instagram<\/a><\/p>\n","protected":false},"excerpt":{"rendered":"<p>L&rsquo;artiste new-yorkaise Indie Folk Amelie Lucille r\u00e9v\u00e8le une voix singuli\u00e8rement puissante et un amour sinc\u00e8re&#8230;<\/p>\n","protected":false},"author":1,"featured_media":5120,"comment_status":"closed","ping_status":"open","sticky":false,"template":"","format":"standard","meta":{"_uag_custom_page_level_css":"","footnotes":""},"categories":[34,85,76,46],"tags":[],"class_list":["post-5119","post","type-post","status-publish","format-standard","has-post-thumbnail","hentry","category-album","category-alternatif","category-folk","category-sortie"],"yoast_head":"<!-- This site is optimized with the Yoast SEO plugin v27.4 - https:\/\/yoast.com\/product\/yoast-seo-wordpress\/ -->\n<title>A 14 ans, Amelie Lucille sort son premier album, &quot;Amelie Lucille&quot;, une v\u00e9ritable performance ! - Radio Castor<\/title>\n<meta name=\"robots\" content=\"index, follow, max-snippet:-1, max-image-preview:large, max-video-preview:-1\" \/>\n<link rel=\"canonical\" href=\"https:\/\/www.radiocastor.com\/index.php\/a-14-ans-amelie-lucille-sort-son-premier-album-amelie-lucille-une-veritable-performance\/\" \/>\n<meta property=\"og:locale\" content=\"fr_FR\" \/>\n<meta property=\"og:type\" content=\"article\" \/>\n<meta property=\"og:title\" content=\"A 14 ans, Amelie Lucille sort son premier album, &quot;Amelie Lucille&quot;, une v\u00e9ritable performance ! - Radio Castor\" \/>\n<meta property=\"og:description\" content=\"L&rsquo;artiste new-yorkaise Indie Folk Amelie Lucille r\u00e9v\u00e8le une voix singuli\u00e8rement puissante et un amour sinc\u00e8re...\" \/>\n<meta property=\"og:url\" content=\"https:\/\/www.radiocastor.com\/index.php\/a-14-ans-amelie-lucille-sort-son-premier-album-amelie-lucille-une-veritable-performance\/\" \/>\n<meta property=\"og:site_name\" content=\"Radio Castor\" \/>\n<meta property=\"article:publisher\" content=\"https:\/\/www.facebook.com\/theradiocastor\" \/>\n<meta property=\"article:published_time\" content=\"2023-06-16T17:54:29+00:00\" \/>\n<meta property=\"article:modified_time\" content=\"2023-06-16T17:54:34+00:00\" \/>\n<meta property=\"og:image\" content=\"https:\/\/www.radiocastor.com\/wp-content\/uploads\/2023\/06\/Screenshot-2023-06-16-at-19-44-02-Amelie-Lucille.png\" \/>\n\t<meta property=\"og:image:width\" content=\"409\" \/>\n\t<meta property=\"og:image:height\" content=\"503\" \/>\n\t<meta property=\"og:image:type\" content=\"image\/png\" \/>\n<meta name=\"author\" content=\"R\u00e9daction R C\" \/>\n<meta name=\"twitter:card\" content=\"summary_large_image\" \/>\n<meta name=\"twitter:creator\" content=\"@TheRadioCastor\" \/>\n<meta name=\"twitter:site\" content=\"@TheRadioCastor\" \/>\n<meta name=\"twitter:label1\" content=\"\u00c9crit par\" \/>\n\t<meta name=\"twitter:data1\" content=\"R\u00e9daction R C\" \/>\n\t<meta name=\"twitter:label2\" content=\"Dur\u00e9e de lecture estim\u00e9e\" \/>\n\t<meta name=\"twitter:data2\" content=\"1 minute\" \/>\n<script type=\"application\/ld+json\" class=\"yoast-schema-graph\">{\"@context\":\"https:\\\/\\\/schema.org\",\"@graph\":[{\"@type\":\"Article\",\"@id\":\"https:\\\/\\\/www.radiocastor.com\\\/index.php\\\/a-14-ans-amelie-lucille-sort-son-premier-album-amelie-lucille-une-veritable-performance\\\/#article\",\"isPartOf\":{\"@id\":\"https:\\\/\\\/www.radiocastor.com\\\/index.php\\\/a-14-ans-amelie-lucille-sort-son-premier-album-amelie-lucille-une-veritable-performance\\\/\"},\"author\":{\"name\":\"R\u00e9daction R C\",\"@id\":\"https:\\\/\\\/www.radiocastor.com\\\/#\\\/schema\\\/person\\\/558b0e47dc4c11fa52b2220ba6a78779\"},\"headline\":\"A 14 ans, Amelie Lucille sort son premier album, \u00ab\u00a0Amelie Lucille\u00a0\u00bb, une v\u00e9ritable performance !\",\"datePublished\":\"2023-06-16T17:54:29+00:00\",\"dateModified\":\"2023-06-16T17:54:34+00:00\",\"mainEntityOfPage\":{\"@id\":\"https:\\\/\\\/www.radiocastor.com\\\/index.php\\\/a-14-ans-amelie-lucille-sort-son-premier-album-amelie-lucille-une-veritable-performance\\\/\"},\"wordCount\":300,\"publisher\":{\"@id\":\"https:\\\/\\\/www.radiocastor.com\\\/#organization\"},\"image\":{\"@id\":\"https:\\\/\\\/www.radiocastor.com\\\/index.php\\\/a-14-ans-amelie-lucille-sort-son-premier-album-amelie-lucille-une-veritable-performance\\\/#primaryimage\"},\"thumbnailUrl\":\"https:\\\/\\\/www.radiocastor.com\\\/wp-content\\\/uploads\\\/2023\\\/06\\\/Screenshot-2023-06-16-at-19-44-02-Amelie-Lucille.png\",\"articleSection\":[\"Album\",\"Alternatif\",\"Folk\",\"Sortie\"],\"inLanguage\":\"fr-FR\"},{\"@type\":\"WebPage\",\"@id\":\"https:\\\/\\\/www.radiocastor.com\\\/index.php\\\/a-14-ans-amelie-lucille-sort-son-premier-album-amelie-lucille-une-veritable-performance\\\/\",\"url\":\"https:\\\/\\\/www.radiocastor.com\\\/index.php\\\/a-14-ans-amelie-lucille-sort-son-premier-album-amelie-lucille-une-veritable-performance\\\/\",\"name\":\"A 14 ans, Amelie Lucille sort son premier album, \\\"Amelie Lucille\\\", une v\u00e9ritable performance ! - Radio Castor\",\"isPartOf\":{\"@id\":\"https:\\\/\\\/www.radiocastor.com\\\/#website\"},\"primaryImageOfPage\":{\"@id\":\"https:\\\/\\\/www.radiocastor.com\\\/index.php\\\/a-14-ans-amelie-lucille-sort-son-premier-album-amelie-lucille-une-veritable-performance\\\/#primaryimage\"},\"image\":{\"@id\":\"https:\\\/\\\/www.radiocastor.com\\\/index.php\\\/a-14-ans-amelie-lucille-sort-son-premier-album-amelie-lucille-une-veritable-performance\\\/#primaryimage\"},\"thumbnailUrl\":\"https:\\\/\\\/www.radiocastor.com\\\/wp-content\\\/uploads\\\/2023\\\/06\\\/Screenshot-2023-06-16-at-19-44-02-Amelie-Lucille.png\",\"datePublished\":\"2023-06-16T17:54:29+00:00\",\"dateModified\":\"2023-06-16T17:54:34+00:00\",\"breadcrumb\":{\"@id\":\"https:\\\/\\\/www.radiocastor.com\\\/index.php\\\/a-14-ans-amelie-lucille-sort-son-premier-album-amelie-lucille-une-veritable-performance\\\/#breadcrumb\"},\"inLanguage\":\"fr-FR\",\"potentialAction\":[{\"@type\":\"ReadAction\",\"target\":[\"https:\\\/\\\/www.radiocastor.com\\\/index.php\\\/a-14-ans-amelie-lucille-sort-son-premier-album-amelie-lucille-une-veritable-performance\\\/\"]}]},{\"@type\":\"ImageObject\",\"inLanguage\":\"fr-FR\",\"@id\":\"https:\\\/\\\/www.radiocastor.com\\\/index.php\\\/a-14-ans-amelie-lucille-sort-son-premier-album-amelie-lucille-une-veritable-performance\\\/#primaryimage\",\"url\":\"https:\\\/\\\/www.radiocastor.com\\\/wp-content\\\/uploads\\\/2023\\\/06\\\/Screenshot-2023-06-16-at-19-44-02-Amelie-Lucille.png\",\"contentUrl\":\"https:\\\/\\\/www.radiocastor.com\\\/wp-content\\\/uploads\\\/2023\\\/06\\\/Screenshot-2023-06-16-at-19-44-02-Amelie-Lucille.png\",\"width\":409,\"height\":503},{\"@type\":\"BreadcrumbList\",\"@id\":\"https:\\\/\\\/www.radiocastor.com\\\/index.php\\\/a-14-ans-amelie-lucille-sort-son-premier-album-amelie-lucille-une-veritable-performance\\\/#breadcrumb\",\"itemListElement\":[{\"@type\":\"ListItem\",\"position\":1,\"name\":\"Accueil\",\"item\":\"https:\\\/\\\/www.radiocastor.com\\\/\"},{\"@type\":\"ListItem\",\"position\":2,\"name\":\"A 14 ans, Amelie Lucille sort son premier album, \u00ab\u00a0Amelie Lucille\u00a0\u00bb, une v\u00e9ritable performance !\"}]},{\"@type\":\"WebSite\",\"@id\":\"https:\\\/\\\/www.radiocastor.com\\\/#website\",\"url\":\"https:\\\/\\\/www.radiocastor.com\\\/\",\"name\":\"Radio Castor\",\"description\":\"La voix !\",\"publisher\":{\"@id\":\"https:\\\/\\\/www.radiocastor.com\\\/#organization\"},\"potentialAction\":[{\"@type\":\"SearchAction\",\"target\":{\"@type\":\"EntryPoint\",\"urlTemplate\":\"https:\\\/\\\/www.radiocastor.com\\\/?s={search_term_string}\"},\"query-input\":{\"@type\":\"PropertyValueSpecification\",\"valueRequired\":true,\"valueName\":\"search_term_string\"}}],\"inLanguage\":\"fr-FR\"},{\"@type\":\"Organization\",\"@id\":\"https:\\\/\\\/www.radiocastor.com\\\/#organization\",\"name\":\"Radio Castor\",\"url\":\"https:\\\/\\\/www.radiocastor.com\\\/\",\"logo\":{\"@type\":\"ImageObject\",\"inLanguage\":\"fr-FR\",\"@id\":\"https:\\\/\\\/www.radiocastor.com\\\/#\\\/schema\\\/logo\\\/image\\\/\",\"url\":\"https:\\\/\\\/www.radiocastor.com\\\/wp-content\\\/uploads\\\/2021\\\/11\\\/cropped-Radio-castor-logo-2.png\",\"contentUrl\":\"https:\\\/\\\/www.radiocastor.com\\\/wp-content\\\/uploads\\\/2021\\\/11\\\/cropped-Radio-castor-logo-2.png\",\"width\":437,\"height\":219,\"caption\":\"Radio Castor\"},\"image\":{\"@id\":\"https:\\\/\\\/www.radiocastor.com\\\/#\\\/schema\\\/logo\\\/image\\\/\"},\"sameAs\":[\"https:\\\/\\\/www.facebook.com\\\/theradiocastor\",\"https:\\\/\\\/x.com\\\/TheRadioCastor\",\"https:\\\/\\\/www.instagram.com\\\/theradiocastor\",\"https:\\\/\\\/www.youtube.com\\\/c\\\/RadioCastor\"]},{\"@type\":\"Person\",\"@id\":\"https:\\\/\\\/www.radiocastor.com\\\/#\\\/schema\\\/person\\\/558b0e47dc4c11fa52b2220ba6a78779\",\"name\":\"R\u00e9daction R C\",\"image\":{\"@type\":\"ImageObject\",\"inLanguage\":\"fr-FR\",\"@id\":\"https:\\\/\\\/secure.gravatar.com\\\/avatar\\\/1d3e4f4c4a0d129f7ed4838ea20c33760c2484b9bc381993df6c0e3f5bf89c23?s=96&d=mm&r=g\",\"url\":\"https:\\\/\\\/secure.gravatar.com\\\/avatar\\\/1d3e4f4c4a0d129f7ed4838ea20c33760c2484b9bc381993df6c0e3f5bf89c23?s=96&d=mm&r=g\",\"contentUrl\":\"https:\\\/\\\/secure.gravatar.com\\\/avatar\\\/1d3e4f4c4a0d129f7ed4838ea20c33760c2484b9bc381993df6c0e3f5bf89c23?s=96&d=mm&r=g\",\"caption\":\"R\u00e9daction R C\"},\"sameAs\":[\"http:\\\/\\\/www.radiocastor.com\"],\"url\":\"https:\\\/\\\/www.radiocastor.com\\\/index.php\\\/author\\\/radio-castor\\\/\"}]}<\/script>\n<!-- \/ Yoast SEO plugin. -->","yoast_head_json":{"title":"A 14 ans, Amelie Lucille sort son premier album, \"Amelie Lucille\", une v\u00e9ritable performance ! - Radio Castor","robots":{"index":"index","follow":"follow","max-snippet":"max-snippet:-1","max-image-preview":"max-image-preview:large","max-video-preview":"max-video-preview:-1"},"canonical":"https:\/\/www.radiocastor.com\/index.php\/a-14-ans-amelie-lucille-sort-son-premier-album-amelie-lucille-une-veritable-performance\/","og_locale":"fr_FR","og_type":"article","og_title":"A 14 ans, Amelie Lucille sort son premier album, \"Amelie Lucille\", une v\u00e9ritable performance ! - Radio Castor","og_description":"L&rsquo;artiste new-yorkaise Indie Folk Amelie Lucille r\u00e9v\u00e8le une voix singuli\u00e8rement puissante et un amour sinc\u00e8re...","og_url":"https:\/\/www.radiocastor.com\/index.php\/a-14-ans-amelie-lucille-sort-son-premier-album-amelie-lucille-une-veritable-performance\/","og_site_name":"Radio Castor","article_publisher":"https:\/\/www.facebook.com\/theradiocastor","article_published_time":"2023-06-16T17:54:29+00:00","article_modified_time":"2023-06-16T17:54:34+00:00","og_image":[{"width":409,"height":503,"url":"https:\/\/www.radiocastor.com\/wp-content\/uploads\/2023\/06\/Screenshot-2023-06-16-at-19-44-02-Amelie-Lucille.png","type":"image\/png"}],"author":"R\u00e9daction R C","twitter_card":"summary_large_image","twitter_creator":"@TheRadioCastor","twitter_site":"@TheRadioCastor","twitter_misc":{"\u00c9crit par":"R\u00e9daction R C","Dur\u00e9e de lecture estim\u00e9e":"1 minute"},"schema":{"@context":"https:\/\/schema.org","@graph":[{"@type":"Article","@id":"https:\/\/www.radiocastor.com\/index.php\/a-14-ans-amelie-lucille-sort-son-premier-album-amelie-lucille-une-veritable-performance\/#article","isPartOf":{"@id":"https:\/\/www.radiocastor.com\/index.php\/a-14-ans-amelie-lucille-sort-son-premier-album-amelie-lucille-une-veritable-performance\/"},"author":{"name":"R\u00e9daction R C","@id":"https:\/\/www.radiocastor.com\/#\/schema\/person\/558b0e47dc4c11fa52b2220ba6a78779"},"headline":"A 14 ans, Amelie Lucille sort son premier album, \u00ab\u00a0Amelie Lucille\u00a0\u00bb, une v\u00e9ritable performance !","datePublished":"2023-06-16T17:54:29+00:00","dateModified":"2023-06-16T17:54:34+00:00","mainEntityOfPage":{"@id":"https:\/\/www.radiocastor.com\/index.php\/a-14-ans-amelie-lucille-sort-son-premier-album-amelie-lucille-une-veritable-performance\/"},"wordCount":300,"publisher":{"@id":"https:\/\/www.radiocastor.com\/#organization"},"image":{"@id":"https:\/\/www.radiocastor.com\/index.php\/a-14-ans-amelie-lucille-sort-son-premier-album-amelie-lucille-une-veritable-performance\/#primaryimage"},"thumbnailUrl":"https:\/\/www.radiocastor.com\/wp-content\/uploads\/2023\/06\/Screenshot-2023-06-16-at-19-44-02-Amelie-Lucille.png","articleSection":["Album","Alternatif","Folk","Sortie"],"inLanguage":"fr-FR"},{"@type":"WebPage","@id":"https:\/\/www.radiocastor.com\/index.php\/a-14-ans-amelie-lucille-sort-son-premier-album-amelie-lucille-une-veritable-performance\/","url":"https:\/\/www.radiocastor.com\/index.php\/a-14-ans-amelie-lucille-sort-son-premier-album-amelie-lucille-une-veritable-performance\/","name":"A 14 ans, Amelie Lucille sort son premier album, \"Amelie Lucille\", une v\u00e9ritable performance ! - Radio Castor","isPartOf":{"@id":"https:\/\/www.radiocastor.com\/#website"},"primaryImageOfPage":{"@id":"https:\/\/www.radiocastor.com\/index.php\/a-14-ans-amelie-lucille-sort-son-premier-album-amelie-lucille-une-veritable-performance\/#primaryimage"},"image":{"@id":"https:\/\/www.radiocastor.com\/index.php\/a-14-ans-amelie-lucille-sort-son-premier-album-amelie-lucille-une-veritable-performance\/#primaryimage"},"thumbnailUrl":"https:\/\/www.radiocastor.com\/wp-content\/uploads\/2023\/06\/Screenshot-2023-06-16-at-19-44-02-Amelie-Lucille.png","datePublished":"2023-06-16T17:54:29+00:00","dateModified":"2023-06-16T17:54:34+00:00","breadcrumb":{"@id":"https:\/\/www.radiocastor.com\/index.php\/a-14-ans-amelie-lucille-sort-son-premier-album-amelie-lucille-une-veritable-performance\/#breadcrumb"},"inLanguage":"fr-FR","potentialAction":[{"@type":"ReadAction","target":["https:\/\/www.radiocastor.com\/index.php\/a-14-ans-amelie-lucille-sort-son-premier-album-amelie-lucille-une-veritable-performance\/"]}]},{"@type":"ImageObject","inLanguage":"fr-FR","@id":"https:\/\/www.radiocastor.com\/index.php\/a-14-ans-amelie-lucille-sort-son-premier-album-amelie-lucille-une-veritable-performance\/#primaryimage","url":"https:\/\/www.radiocastor.com\/wp-content\/uploads\/2023\/06\/Screenshot-2023-06-16-at-19-44-02-Amelie-Lucille.png","contentUrl":"https:\/\/www.radiocastor.com\/wp-content\/uploads\/2023\/06\/Screenshot-2023-06-16-at-19-44-02-Amelie-Lucille.png","width":409,"height":503},{"@type":"BreadcrumbList","@id":"https:\/\/www.radiocastor.com\/index.php\/a-14-ans-amelie-lucille-sort-son-premier-album-amelie-lucille-une-veritable-performance\/#breadcrumb","itemListElement":[{"@type":"ListItem","position":1,"name":"Accueil","item":"https:\/\/www.radiocastor.com\/"},{"@type":"ListItem","position":2,"name":"A 14 ans, Amelie Lucille sort son premier album, \u00ab\u00a0Amelie Lucille\u00a0\u00bb, une v\u00e9ritable performance !"}]},{"@type":"WebSite","@id":"https:\/\/www.radiocastor.com\/#website","url":"https:\/\/www.radiocastor.com\/","name":"Radio Castor","description":"La voix !","publisher":{"@id":"https:\/\/www.radiocastor.com\/#organization"},"potentialAction":[{"@type":"SearchAction","target":{"@type":"EntryPoint","urlTemplate":"https:\/\/www.radiocastor.com\/?s={search_term_string}"},"query-input":{"@type":"PropertyValueSpecification","valueRequired":true,"valueName":"search_term_string"}}],"inLanguage":"fr-FR"},{"@type":"Organization","@id":"https:\/\/www.radiocastor.com\/#organization","name":"Radio Castor","url":"https:\/\/www.radiocastor.com\/","logo":{"@type":"ImageObject","inLanguage":"fr-FR","@id":"https:\/\/www.radiocastor.com\/#\/schema\/logo\/image\/","url":"https:\/\/www.radiocastor.com\/wp-content\/uploads\/2021\/11\/cropped-Radio-castor-logo-2.png","contentUrl":"https:\/\/www.radiocastor.com\/wp-content\/uploads\/2021\/11\/cropped-Radio-castor-logo-2.png","width":437,"height":219,"caption":"Radio Castor"},"image":{"@id":"https:\/\/www.radiocastor.com\/#\/schema\/logo\/image\/"},"sameAs":["https:\/\/www.facebook.com\/theradiocastor","https:\/\/x.com\/TheRadioCastor","https:\/\/www.instagram.com\/theradiocastor","https:\/\/www.youtube.com\/c\/RadioCastor"]},{"@type":"Person","@id":"https:\/\/www.radiocastor.com\/#\/schema\/person\/558b0e47dc4c11fa52b2220ba6a78779","name":"R\u00e9daction R C","image":{"@type":"ImageObject","inLanguage":"fr-FR","@id":"https:\/\/secure.gravatar.com\/avatar\/1d3e4f4c4a0d129f7ed4838ea20c33760c2484b9bc381993df6c0e3f5bf89c23?s=96&d=mm&r=g","url":"https:\/\/secure.gravatar.com\/avatar\/1d3e4f4c4a0d129f7ed4838ea20c33760c2484b9bc381993df6c0e3f5bf89c23?s=96&d=mm&r=g","contentUrl":"https:\/\/secure.gravatar.com\/avatar\/1d3e4f4c4a0d129f7ed4838ea20c33760c2484b9bc381993df6c0e3f5bf89c23?s=96&d=mm&r=g","caption":"R\u00e9daction R C"},"sameAs":["http:\/\/www.radiocastor.com"],"url":"https:\/\/www.radiocastor.com\/index.php\/author\/radio-castor\/"}]}},"uagb_featured_image_src":{"full":["https:\/\/www.radiocastor.com\/wp-content\/uploads\/2023\/06\/Screenshot-2023-06-16-at-19-44-02-Amelie-Lucille.png",409,503,false],"thumbnail":["https:\/\/www.radiocastor.com\/wp-content\/uploads\/2023\/06\/Screenshot-2023-06-16-at-19-44-02-Amelie-Lucille-150x150.png",150,150,true],"medium":["https:\/\/www.radiocastor.com\/wp-content\/uploads\/2023\/06\/Screenshot-2023-06-16-at-19-44-02-Amelie-Lucille-244x300.png",244,300,true],"medium_large":["https:\/\/www.radiocastor.com\/wp-content\/uploads\/2023\/06\/Screenshot-2023-06-16-at-19-44-02-Amelie-Lucille.png",409,503,false],"large":["https:\/\/www.radiocastor.com\/wp-content\/uploads\/2023\/06\/Screenshot-2023-06-16-at-19-44-02-Amelie-Lucille.png",409,503,false],"1536x1536":["https:\/\/www.radiocastor.com\/wp-content\/uploads\/2023\/06\/Screenshot-2023-06-16-at-19-44-02-Amelie-Lucille.png",409,503,false],"2048x2048":["https:\/\/www.radiocastor.com\/wp-content\/uploads\/2023\/06\/Screenshot-2023-06-16-at-19-44-02-Amelie-Lucille.png",409,503,false],"newsever-slider-full":["https:\/\/www.radiocastor.com\/wp-content\/uploads\/2023\/06\/Screenshot-2023-06-16-at-19-44-02-Amelie-Lucille.png",409,503,false],"newsever-featured":["https:\/\/www.radiocastor.com\/wp-content\/uploads\/2023\/06\/Screenshot-2023-06-16-at-19-44-02-Amelie-Lucille.png",409,503,false],"newsever-medium":["https:\/\/www.radiocastor.com\/wp-content\/uploads\/2023\/06\/Screenshot-2023-06-16-at-19-44-02-Amelie-Lucille-409x475.png",409,475,true]},"uagb_author_info":{"display_name":"R\u00e9daction R C","author_link":"https:\/\/www.radiocastor.com\/index.php\/author\/radio-castor\/"},"uagb_comment_info":0,"uagb_excerpt":"L&rsquo;artiste new-yorkaise Indie Folk Amelie Lucille r\u00e9v\u00e8le une voix singuli\u00e8rement puissante et un amour sinc\u00e8re...","_links":{"self":[{"href":"https:\/\/www.radiocastor.com\/index.php\/wp-json\/wp\/v2\/posts\/5119","targetHints":{"allow":["GET"]}}],"collection":[{"href":"https:\/\/www.radiocastor.com\/index.php\/wp-json\/wp\/v2\/posts"}],"about":[{"href":"https:\/\/www.radiocastor.com\/index.php\/wp-json\/wp\/v2\/types\/post"}],"author":[{"embeddable":true,"href":"https:\/\/www.radiocastor.com\/index.php\/wp-json\/wp\/v2\/users\/1"}],"replies":[{"embeddable":true,"href":"https:\/\/www.radiocastor.com\/index.php\/wp-json\/wp\/v2\/comments?post=5119"}],"version-history":[{"count":0,"href":"https:\/\/www.radiocastor.com\/index.php\/wp-json\/wp\/v2\/posts\/5119\/revisions"}],"wp:featuredmedia":[{"embeddable":true,"href":"https:\/\/www.radiocastor.com\/index.php\/wp-json\/wp\/v2\/media\/5120"}],"wp:attachment":[{"href":"https:\/\/www.radiocastor.com\/index.php\/wp-json\/wp\/v2\/media?parent=5119"}],"wp:term":[{"taxonomy":"category","embeddable":true,"href":"https:\/\/www.radiocastor.com\/index.php\/wp-json\/wp\/v2\/categories?post=5119"},{"taxonomy":"post_tag","embeddable":true,"href":"https:\/\/www.radiocastor.com\/index.php\/wp-json\/wp\/v2\/tags?post=5119"}],"curies":[{"name":"wp","href":"https:\/\/api.w.org\/{rel}","templated":true}]}}