{"id":5100,"date":"2023-06-14T01:44:18","date_gmt":"2023-06-13T23:44:18","guid":{"rendered":"https:\/\/www.radiocastor.com\/?p=5100"},"modified":"2023-06-14T21:06:14","modified_gmt":"2023-06-14T19:06:14","slug":"daniel-marella-sort-son-premier-album-posterboy-on-la-effeuille-pour-vous","status":"publish","type":"post","link":"https:\/\/www.radiocastor.com\/index.php\/daniel-marella-sort-son-premier-album-posterboy-on-la-effeuille-pour-vous\/","title":{"rendered":"Daniel Marella sort son premier album, \u00ab\u00a0Posterboy\u00a0\u00bb, on l&rsquo;a effeuill\u00e9 pour vous"},"content":{"rendered":"\n<p>On va vous pr\u00e9senter quelques titres extraits de l&rsquo;album \u00ab\u00a0Posterboy\u00a0\u00bb, que l&rsquo;artiste Daniel Marella a sorti le 2 juin 2023.<\/p>\n\n\n\n<p>Daniel Marella est un auteur-compositeur-interpr\u00e8te \u00e9mergent au sein de la sc\u00e8ne rock and roll du sud de la Californie, faisant des vagues avec une fusion intr\u00e9pide d&rsquo;audace et de sinc\u00e9rit\u00e9.<br>Bas\u00e9e \u00e0 Los Angeles, Marella est \u00e9galement batteur pour un large \u00e9ventail d&rsquo;artistes.<\/p>\n\n\n\n<p>Avec son premier album studio, \u00ab\u00a0Posterboy\u00a0\u00bb, il d\u00e9montre sa polyvalence, jouant de chaque instrument sur le disque, avec l&rsquo;aide de son ami proche et producteur, Max Bienert.<br>La polyvalence se ressent aussi dans le style, mariant rock, pop, folk, comme dans les sujets abord\u00e9s, romantiques, tristes ou plein d&rsquo;espoir&#8230;<br>En voici juste un petit aper\u00e7u, pour vous donner envie d&rsquo;en \u00e9couter plus !<\/p>\n\n\n\n<p>Letters (To Be All You Wanted)<br>A propos de cette chanson, Daniel s&rsquo;interroge :<br>\u00ab\u00a0Vous arrive-t-il de regretter la personne qui vous a bris\u00e9 ?\u00a0\u00bb<br>Le ton est soft, comme la voix, pop-folk, la guitare acoustique surcharg\u00e9e de glides pose le rythme, que voil\u00e0 une jolie ballade nostalgique&#8230;<\/p>\n\n\n\n<p><iframe loading=\"lazy\" src=\"https:\/\/www.youtube.com\/embed\/bTacsn2WZ-4\" title=\"YouTube video player\" allow=\"accelerometer; autoplay; clipboard-write; encrypted-media; gyroscope; picture-in-picture; web-share\" allowfullscreen=\"\" width=\"560\" height=\"315\" frameborder=\"0\"><\/iframe><\/p>\n\n\n\n<p>Rock And Roll Phase parle de la personne dont tu r\u00eaves et que tu ne peux jamais tout \u00e0 fait avoir.<br>Un garage rock teint\u00e9 d&rsquo;alternatif, avec quelques sonorit\u00e9s \u00e9lectro, qui d\u00e9gage avant tout une formidable \u00e9nergie.<\/p>\n\n\n\n<p><iframe loading=\"lazy\" src=\"https:\/\/www.youtube.com\/embed\/30A998J6mFI\" title=\"YouTube video player\" allow=\"accelerometer; autoplay; clipboard-write; encrypted-media; gyroscope; picture-in-picture; web-share\" allowfullscreen=\"\" width=\"560\" height=\"315\" frameborder=\"0\"><\/iframe><\/p>\n\n\n\n<p>You Make Me Feel Like Disney, fait appelle \u00e0 des sonorit\u00e9s asiatiques en fond sonore, Daniel \u00e9grenant les paroles avec une voix \u00e9raill\u00e9e, sur un tempo plus lent, le tout nous faisant nous sentir dans un univers compl\u00e8tement d\u00e9jant\u00e9.<\/p>\n\n\n\n<p><iframe loading=\"lazy\" src=\"https:\/\/www.youtube.com\/embed\/Bc3EhaRI1CA\" title=\"YouTube video player\" allow=\"accelerometer; autoplay; clipboard-write; encrypted-media; gyroscope; picture-in-picture; web-share\" allowfullscreen=\"\" width=\"560\" height=\"315\" frameborder=\"0\"><\/iframe><\/p>\n\n\n\n<p><em>A \u00e9couter sur <a href=\"https:\/\/www.radiocastor.com\/index.php\/playlist\/\" target=\"_blank\" rel=\"noreferrer noopener\">nos playlists<\/a> !<\/em><\/p>\n\n\n\n<p class=\"has-text-align-center\"><a href=\"https:\/\/www.instagram.com\/danmarel\/\" target=\"_blank\" rel=\"noreferrer noopener\">Instagram<\/a><\/p>\n","protected":false},"excerpt":{"rendered":"<p>On va vous pr\u00e9senter quelques titres extraits de l&rsquo;album \u00ab\u00a0Posterboy\u00a0\u00bb, que l&rsquo;artiste Daniel Marella a&#8230;<\/p>\n","protected":false},"author":1,"featured_media":5101,"comment_status":"closed","ping_status":"open","sticky":false,"template":"","format":"standard","meta":{"_uag_custom_page_level_css":"","footnotes":""},"categories":[34,32,46],"tags":[],"class_list":["post-5100","post","type-post","status-publish","format-standard","has-post-thumbnail","hentry","category-album","category-single","category-sortie"],"yoast_head":"<!-- This site is optimized with the Yoast SEO plugin v27.4 - https:\/\/yoast.com\/product\/yoast-seo-wordpress\/ -->\n<title>Daniel Marella sort son premier album, &quot;Posterboy&quot;, on l&#039;a effeuill\u00e9 pour vous - Radio Castor<\/title>\n<meta name=\"robots\" content=\"index, follow, max-snippet:-1, max-image-preview:large, max-video-preview:-1\" \/>\n<link rel=\"canonical\" href=\"https:\/\/www.radiocastor.com\/index.php\/daniel-marella-sort-son-premier-album-posterboy-on-la-effeuille-pour-vous\/\" \/>\n<meta property=\"og:locale\" content=\"fr_FR\" \/>\n<meta property=\"og:type\" content=\"article\" \/>\n<meta property=\"og:title\" content=\"Daniel Marella sort son premier album, &quot;Posterboy&quot;, on l&#039;a effeuill\u00e9 pour vous - Radio Castor\" \/>\n<meta property=\"og:description\" content=\"On va vous pr\u00e9senter quelques titres extraits de l&rsquo;album \u00ab\u00a0Posterboy\u00a0\u00bb, que l&rsquo;artiste Daniel Marella a...\" \/>\n<meta property=\"og:url\" content=\"https:\/\/www.radiocastor.com\/index.php\/daniel-marella-sort-son-premier-album-posterboy-on-la-effeuille-pour-vous\/\" \/>\n<meta property=\"og:site_name\" content=\"Radio Castor\" \/>\n<meta property=\"article:publisher\" content=\"https:\/\/www.facebook.com\/theradiocastor\" \/>\n<meta property=\"article:published_time\" content=\"2023-06-13T23:44:18+00:00\" \/>\n<meta property=\"article:modified_time\" content=\"2023-06-14T19:06:14+00:00\" \/>\n<meta property=\"og:image\" content=\"https:\/\/www.radiocastor.com\/wp-content\/uploads\/2023\/06\/Screenshot-2023-06-13-at-20-42-57-Approuves-SubmitHub.png\" \/>\n\t<meta property=\"og:image:width\" content=\"354\" \/>\n\t<meta property=\"og:image:height\" content=\"398\" \/>\n\t<meta property=\"og:image:type\" content=\"image\/png\" \/>\n<meta name=\"author\" content=\"R\u00e9daction R C\" \/>\n<meta name=\"twitter:card\" content=\"summary_large_image\" \/>\n<meta name=\"twitter:creator\" content=\"@TheRadioCastor\" \/>\n<meta name=\"twitter:site\" content=\"@TheRadioCastor\" \/>\n<meta name=\"twitter:label1\" content=\"\u00c9crit par\" \/>\n\t<meta name=\"twitter:data1\" content=\"R\u00e9daction R C\" \/>\n\t<meta name=\"twitter:label2\" content=\"Dur\u00e9e de lecture estim\u00e9e\" \/>\n\t<meta name=\"twitter:data2\" content=\"1 minute\" \/>\n<script type=\"application\/ld+json\" class=\"yoast-schema-graph\">{\"@context\":\"https:\\\/\\\/schema.org\",\"@graph\":[{\"@type\":\"Article\",\"@id\":\"https:\\\/\\\/www.radiocastor.com\\\/index.php\\\/daniel-marella-sort-son-premier-album-posterboy-on-la-effeuille-pour-vous\\\/#article\",\"isPartOf\":{\"@id\":\"https:\\\/\\\/www.radiocastor.com\\\/index.php\\\/daniel-marella-sort-son-premier-album-posterboy-on-la-effeuille-pour-vous\\\/\"},\"author\":{\"name\":\"R\u00e9daction R C\",\"@id\":\"https:\\\/\\\/www.radiocastor.com\\\/#\\\/schema\\\/person\\\/558b0e47dc4c11fa52b2220ba6a78779\"},\"headline\":\"Daniel Marella sort son premier album, \u00ab\u00a0Posterboy\u00a0\u00bb, on l&rsquo;a effeuill\u00e9 pour vous\",\"datePublished\":\"2023-06-13T23:44:18+00:00\",\"dateModified\":\"2023-06-14T19:06:14+00:00\",\"mainEntityOfPage\":{\"@id\":\"https:\\\/\\\/www.radiocastor.com\\\/index.php\\\/daniel-marella-sort-son-premier-album-posterboy-on-la-effeuille-pour-vous\\\/\"},\"wordCount\":282,\"publisher\":{\"@id\":\"https:\\\/\\\/www.radiocastor.com\\\/#organization\"},\"image\":{\"@id\":\"https:\\\/\\\/www.radiocastor.com\\\/index.php\\\/daniel-marella-sort-son-premier-album-posterboy-on-la-effeuille-pour-vous\\\/#primaryimage\"},\"thumbnailUrl\":\"https:\\\/\\\/www.radiocastor.com\\\/wp-content\\\/uploads\\\/2023\\\/06\\\/Screenshot-2023-06-13-at-20-42-57-Approuves-SubmitHub.png\",\"articleSection\":[\"Album\",\"Single\",\"Sortie\"],\"inLanguage\":\"fr-FR\"},{\"@type\":\"WebPage\",\"@id\":\"https:\\\/\\\/www.radiocastor.com\\\/index.php\\\/daniel-marella-sort-son-premier-album-posterboy-on-la-effeuille-pour-vous\\\/\",\"url\":\"https:\\\/\\\/www.radiocastor.com\\\/index.php\\\/daniel-marella-sort-son-premier-album-posterboy-on-la-effeuille-pour-vous\\\/\",\"name\":\"Daniel Marella sort son premier album, \\\"Posterboy\\\", on l'a effeuill\u00e9 pour vous - Radio Castor\",\"isPartOf\":{\"@id\":\"https:\\\/\\\/www.radiocastor.com\\\/#website\"},\"primaryImageOfPage\":{\"@id\":\"https:\\\/\\\/www.radiocastor.com\\\/index.php\\\/daniel-marella-sort-son-premier-album-posterboy-on-la-effeuille-pour-vous\\\/#primaryimage\"},\"image\":{\"@id\":\"https:\\\/\\\/www.radiocastor.com\\\/index.php\\\/daniel-marella-sort-son-premier-album-posterboy-on-la-effeuille-pour-vous\\\/#primaryimage\"},\"thumbnailUrl\":\"https:\\\/\\\/www.radiocastor.com\\\/wp-content\\\/uploads\\\/2023\\\/06\\\/Screenshot-2023-06-13-at-20-42-57-Approuves-SubmitHub.png\",\"datePublished\":\"2023-06-13T23:44:18+00:00\",\"dateModified\":\"2023-06-14T19:06:14+00:00\",\"breadcrumb\":{\"@id\":\"https:\\\/\\\/www.radiocastor.com\\\/index.php\\\/daniel-marella-sort-son-premier-album-posterboy-on-la-effeuille-pour-vous\\\/#breadcrumb\"},\"inLanguage\":\"fr-FR\",\"potentialAction\":[{\"@type\":\"ReadAction\",\"target\":[\"https:\\\/\\\/www.radiocastor.com\\\/index.php\\\/daniel-marella-sort-son-premier-album-posterboy-on-la-effeuille-pour-vous\\\/\"]}]},{\"@type\":\"ImageObject\",\"inLanguage\":\"fr-FR\",\"@id\":\"https:\\\/\\\/www.radiocastor.com\\\/index.php\\\/daniel-marella-sort-son-premier-album-posterboy-on-la-effeuille-pour-vous\\\/#primaryimage\",\"url\":\"https:\\\/\\\/www.radiocastor.com\\\/wp-content\\\/uploads\\\/2023\\\/06\\\/Screenshot-2023-06-13-at-20-42-57-Approuves-SubmitHub.png\",\"contentUrl\":\"https:\\\/\\\/www.radiocastor.com\\\/wp-content\\\/uploads\\\/2023\\\/06\\\/Screenshot-2023-06-13-at-20-42-57-Approuves-SubmitHub.png\",\"width\":354,\"height\":398},{\"@type\":\"BreadcrumbList\",\"@id\":\"https:\\\/\\\/www.radiocastor.com\\\/index.php\\\/daniel-marella-sort-son-premier-album-posterboy-on-la-effeuille-pour-vous\\\/#breadcrumb\",\"itemListElement\":[{\"@type\":\"ListItem\",\"position\":1,\"name\":\"Accueil\",\"item\":\"https:\\\/\\\/www.radiocastor.com\\\/\"},{\"@type\":\"ListItem\",\"position\":2,\"name\":\"Daniel Marella sort son premier album, \u00ab\u00a0Posterboy\u00a0\u00bb, on l&rsquo;a effeuill\u00e9 pour vous\"}]},{\"@type\":\"WebSite\",\"@id\":\"https:\\\/\\\/www.radiocastor.com\\\/#website\",\"url\":\"https:\\\/\\\/www.radiocastor.com\\\/\",\"name\":\"Radio Castor\",\"description\":\"La voix !\",\"publisher\":{\"@id\":\"https:\\\/\\\/www.radiocastor.com\\\/#organization\"},\"potentialAction\":[{\"@type\":\"SearchAction\",\"target\":{\"@type\":\"EntryPoint\",\"urlTemplate\":\"https:\\\/\\\/www.radiocastor.com\\\/?s={search_term_string}\"},\"query-input\":{\"@type\":\"PropertyValueSpecification\",\"valueRequired\":true,\"valueName\":\"search_term_string\"}}],\"inLanguage\":\"fr-FR\"},{\"@type\":\"Organization\",\"@id\":\"https:\\\/\\\/www.radiocastor.com\\\/#organization\",\"name\":\"Radio Castor\",\"url\":\"https:\\\/\\\/www.radiocastor.com\\\/\",\"logo\":{\"@type\":\"ImageObject\",\"inLanguage\":\"fr-FR\",\"@id\":\"https:\\\/\\\/www.radiocastor.com\\\/#\\\/schema\\\/logo\\\/image\\\/\",\"url\":\"https:\\\/\\\/www.radiocastor.com\\\/wp-content\\\/uploads\\\/2021\\\/11\\\/cropped-Radio-castor-logo-2.png\",\"contentUrl\":\"https:\\\/\\\/www.radiocastor.com\\\/wp-content\\\/uploads\\\/2021\\\/11\\\/cropped-Radio-castor-logo-2.png\",\"width\":437,\"height\":219,\"caption\":\"Radio Castor\"},\"image\":{\"@id\":\"https:\\\/\\\/www.radiocastor.com\\\/#\\\/schema\\\/logo\\\/image\\\/\"},\"sameAs\":[\"https:\\\/\\\/www.facebook.com\\\/theradiocastor\",\"https:\\\/\\\/x.com\\\/TheRadioCastor\",\"https:\\\/\\\/www.instagram.com\\\/theradiocastor\",\"https:\\\/\\\/www.youtube.com\\\/c\\\/RadioCastor\"]},{\"@type\":\"Person\",\"@id\":\"https:\\\/\\\/www.radiocastor.com\\\/#\\\/schema\\\/person\\\/558b0e47dc4c11fa52b2220ba6a78779\",\"name\":\"R\u00e9daction R C\",\"image\":{\"@type\":\"ImageObject\",\"inLanguage\":\"fr-FR\",\"@id\":\"https:\\\/\\\/secure.gravatar.com\\\/avatar\\\/1d3e4f4c4a0d129f7ed4838ea20c33760c2484b9bc381993df6c0e3f5bf89c23?s=96&d=mm&r=g\",\"url\":\"https:\\\/\\\/secure.gravatar.com\\\/avatar\\\/1d3e4f4c4a0d129f7ed4838ea20c33760c2484b9bc381993df6c0e3f5bf89c23?s=96&d=mm&r=g\",\"contentUrl\":\"https:\\\/\\\/secure.gravatar.com\\\/avatar\\\/1d3e4f4c4a0d129f7ed4838ea20c33760c2484b9bc381993df6c0e3f5bf89c23?s=96&d=mm&r=g\",\"caption\":\"R\u00e9daction R C\"},\"sameAs\":[\"http:\\\/\\\/www.radiocastor.com\"],\"url\":\"https:\\\/\\\/www.radiocastor.com\\\/index.php\\\/author\\\/radio-castor\\\/\"}]}<\/script>\n<!-- \/ Yoast SEO plugin. -->","yoast_head_json":{"title":"Daniel Marella sort son premier album, \"Posterboy\", on l'a effeuill\u00e9 pour vous - Radio Castor","robots":{"index":"index","follow":"follow","max-snippet":"max-snippet:-1","max-image-preview":"max-image-preview:large","max-video-preview":"max-video-preview:-1"},"canonical":"https:\/\/www.radiocastor.com\/index.php\/daniel-marella-sort-son-premier-album-posterboy-on-la-effeuille-pour-vous\/","og_locale":"fr_FR","og_type":"article","og_title":"Daniel Marella sort son premier album, \"Posterboy\", on l'a effeuill\u00e9 pour vous - Radio Castor","og_description":"On va vous pr\u00e9senter quelques titres extraits de l&rsquo;album \u00ab\u00a0Posterboy\u00a0\u00bb, que l&rsquo;artiste Daniel Marella a...","og_url":"https:\/\/www.radiocastor.com\/index.php\/daniel-marella-sort-son-premier-album-posterboy-on-la-effeuille-pour-vous\/","og_site_name":"Radio Castor","article_publisher":"https:\/\/www.facebook.com\/theradiocastor","article_published_time":"2023-06-13T23:44:18+00:00","article_modified_time":"2023-06-14T19:06:14+00:00","og_image":[{"width":354,"height":398,"url":"https:\/\/www.radiocastor.com\/wp-content\/uploads\/2023\/06\/Screenshot-2023-06-13-at-20-42-57-Approuves-SubmitHub.png","type":"image\/png"}],"author":"R\u00e9daction R C","twitter_card":"summary_large_image","twitter_creator":"@TheRadioCastor","twitter_site":"@TheRadioCastor","twitter_misc":{"\u00c9crit par":"R\u00e9daction R C","Dur\u00e9e de lecture estim\u00e9e":"1 minute"},"schema":{"@context":"https:\/\/schema.org","@graph":[{"@type":"Article","@id":"https:\/\/www.radiocastor.com\/index.php\/daniel-marella-sort-son-premier-album-posterboy-on-la-effeuille-pour-vous\/#article","isPartOf":{"@id":"https:\/\/www.radiocastor.com\/index.php\/daniel-marella-sort-son-premier-album-posterboy-on-la-effeuille-pour-vous\/"},"author":{"name":"R\u00e9daction R C","@id":"https:\/\/www.radiocastor.com\/#\/schema\/person\/558b0e47dc4c11fa52b2220ba6a78779"},"headline":"Daniel Marella sort son premier album, \u00ab\u00a0Posterboy\u00a0\u00bb, on l&rsquo;a effeuill\u00e9 pour vous","datePublished":"2023-06-13T23:44:18+00:00","dateModified":"2023-06-14T19:06:14+00:00","mainEntityOfPage":{"@id":"https:\/\/www.radiocastor.com\/index.php\/daniel-marella-sort-son-premier-album-posterboy-on-la-effeuille-pour-vous\/"},"wordCount":282,"publisher":{"@id":"https:\/\/www.radiocastor.com\/#organization"},"image":{"@id":"https:\/\/www.radiocastor.com\/index.php\/daniel-marella-sort-son-premier-album-posterboy-on-la-effeuille-pour-vous\/#primaryimage"},"thumbnailUrl":"https:\/\/www.radiocastor.com\/wp-content\/uploads\/2023\/06\/Screenshot-2023-06-13-at-20-42-57-Approuves-SubmitHub.png","articleSection":["Album","Single","Sortie"],"inLanguage":"fr-FR"},{"@type":"WebPage","@id":"https:\/\/www.radiocastor.com\/index.php\/daniel-marella-sort-son-premier-album-posterboy-on-la-effeuille-pour-vous\/","url":"https:\/\/www.radiocastor.com\/index.php\/daniel-marella-sort-son-premier-album-posterboy-on-la-effeuille-pour-vous\/","name":"Daniel Marella sort son premier album, \"Posterboy\", on l'a effeuill\u00e9 pour vous - Radio Castor","isPartOf":{"@id":"https:\/\/www.radiocastor.com\/#website"},"primaryImageOfPage":{"@id":"https:\/\/www.radiocastor.com\/index.php\/daniel-marella-sort-son-premier-album-posterboy-on-la-effeuille-pour-vous\/#primaryimage"},"image":{"@id":"https:\/\/www.radiocastor.com\/index.php\/daniel-marella-sort-son-premier-album-posterboy-on-la-effeuille-pour-vous\/#primaryimage"},"thumbnailUrl":"https:\/\/www.radiocastor.com\/wp-content\/uploads\/2023\/06\/Screenshot-2023-06-13-at-20-42-57-Approuves-SubmitHub.png","datePublished":"2023-06-13T23:44:18+00:00","dateModified":"2023-06-14T19:06:14+00:00","breadcrumb":{"@id":"https:\/\/www.radiocastor.com\/index.php\/daniel-marella-sort-son-premier-album-posterboy-on-la-effeuille-pour-vous\/#breadcrumb"},"inLanguage":"fr-FR","potentialAction":[{"@type":"ReadAction","target":["https:\/\/www.radiocastor.com\/index.php\/daniel-marella-sort-son-premier-album-posterboy-on-la-effeuille-pour-vous\/"]}]},{"@type":"ImageObject","inLanguage":"fr-FR","@id":"https:\/\/www.radiocastor.com\/index.php\/daniel-marella-sort-son-premier-album-posterboy-on-la-effeuille-pour-vous\/#primaryimage","url":"https:\/\/www.radiocastor.com\/wp-content\/uploads\/2023\/06\/Screenshot-2023-06-13-at-20-42-57-Approuves-SubmitHub.png","contentUrl":"https:\/\/www.radiocastor.com\/wp-content\/uploads\/2023\/06\/Screenshot-2023-06-13-at-20-42-57-Approuves-SubmitHub.png","width":354,"height":398},{"@type":"BreadcrumbList","@id":"https:\/\/www.radiocastor.com\/index.php\/daniel-marella-sort-son-premier-album-posterboy-on-la-effeuille-pour-vous\/#breadcrumb","itemListElement":[{"@type":"ListItem","position":1,"name":"Accueil","item":"https:\/\/www.radiocastor.com\/"},{"@type":"ListItem","position":2,"name":"Daniel Marella sort son premier album, \u00ab\u00a0Posterboy\u00a0\u00bb, on l&rsquo;a effeuill\u00e9 pour vous"}]},{"@type":"WebSite","@id":"https:\/\/www.radiocastor.com\/#website","url":"https:\/\/www.radiocastor.com\/","name":"Radio Castor","description":"La voix !","publisher":{"@id":"https:\/\/www.radiocastor.com\/#organization"},"potentialAction":[{"@type":"SearchAction","target":{"@type":"EntryPoint","urlTemplate":"https:\/\/www.radiocastor.com\/?s={search_term_string}"},"query-input":{"@type":"PropertyValueSpecification","valueRequired":true,"valueName":"search_term_string"}}],"inLanguage":"fr-FR"},{"@type":"Organization","@id":"https:\/\/www.radiocastor.com\/#organization","name":"Radio Castor","url":"https:\/\/www.radiocastor.com\/","logo":{"@type":"ImageObject","inLanguage":"fr-FR","@id":"https:\/\/www.radiocastor.com\/#\/schema\/logo\/image\/","url":"https:\/\/www.radiocastor.com\/wp-content\/uploads\/2021\/11\/cropped-Radio-castor-logo-2.png","contentUrl":"https:\/\/www.radiocastor.com\/wp-content\/uploads\/2021\/11\/cropped-Radio-castor-logo-2.png","width":437,"height":219,"caption":"Radio Castor"},"image":{"@id":"https:\/\/www.radiocastor.com\/#\/schema\/logo\/image\/"},"sameAs":["https:\/\/www.facebook.com\/theradiocastor","https:\/\/x.com\/TheRadioCastor","https:\/\/www.instagram.com\/theradiocastor","https:\/\/www.youtube.com\/c\/RadioCastor"]},{"@type":"Person","@id":"https:\/\/www.radiocastor.com\/#\/schema\/person\/558b0e47dc4c11fa52b2220ba6a78779","name":"R\u00e9daction R C","image":{"@type":"ImageObject","inLanguage":"fr-FR","@id":"https:\/\/secure.gravatar.com\/avatar\/1d3e4f4c4a0d129f7ed4838ea20c33760c2484b9bc381993df6c0e3f5bf89c23?s=96&d=mm&r=g","url":"https:\/\/secure.gravatar.com\/avatar\/1d3e4f4c4a0d129f7ed4838ea20c33760c2484b9bc381993df6c0e3f5bf89c23?s=96&d=mm&r=g","contentUrl":"https:\/\/secure.gravatar.com\/avatar\/1d3e4f4c4a0d129f7ed4838ea20c33760c2484b9bc381993df6c0e3f5bf89c23?s=96&d=mm&r=g","caption":"R\u00e9daction R C"},"sameAs":["http:\/\/www.radiocastor.com"],"url":"https:\/\/www.radiocastor.com\/index.php\/author\/radio-castor\/"}]}},"uagb_featured_image_src":{"full":["https:\/\/www.radiocastor.com\/wp-content\/uploads\/2023\/06\/Screenshot-2023-06-13-at-20-42-57-Approuves-SubmitHub.png",354,398,false],"thumbnail":["https:\/\/www.radiocastor.com\/wp-content\/uploads\/2023\/06\/Screenshot-2023-06-13-at-20-42-57-Approuves-SubmitHub-150x150.png",150,150,true],"medium":["https:\/\/www.radiocastor.com\/wp-content\/uploads\/2023\/06\/Screenshot-2023-06-13-at-20-42-57-Approuves-SubmitHub-267x300.png",267,300,true],"medium_large":["https:\/\/www.radiocastor.com\/wp-content\/uploads\/2023\/06\/Screenshot-2023-06-13-at-20-42-57-Approuves-SubmitHub.png",354,398,false],"large":["https:\/\/www.radiocastor.com\/wp-content\/uploads\/2023\/06\/Screenshot-2023-06-13-at-20-42-57-Approuves-SubmitHub.png",354,398,false],"1536x1536":["https:\/\/www.radiocastor.com\/wp-content\/uploads\/2023\/06\/Screenshot-2023-06-13-at-20-42-57-Approuves-SubmitHub.png",354,398,false],"2048x2048":["https:\/\/www.radiocastor.com\/wp-content\/uploads\/2023\/06\/Screenshot-2023-06-13-at-20-42-57-Approuves-SubmitHub.png",354,398,false],"newsever-slider-full":["https:\/\/www.radiocastor.com\/wp-content\/uploads\/2023\/06\/Screenshot-2023-06-13-at-20-42-57-Approuves-SubmitHub.png",354,398,false],"newsever-featured":["https:\/\/www.radiocastor.com\/wp-content\/uploads\/2023\/06\/Screenshot-2023-06-13-at-20-42-57-Approuves-SubmitHub.png",354,398,false],"newsever-medium":["https:\/\/www.radiocastor.com\/wp-content\/uploads\/2023\/06\/Screenshot-2023-06-13-at-20-42-57-Approuves-SubmitHub.png",354,398,false]},"uagb_author_info":{"display_name":"R\u00e9daction R C","author_link":"https:\/\/www.radiocastor.com\/index.php\/author\/radio-castor\/"},"uagb_comment_info":0,"uagb_excerpt":"On va vous pr\u00e9senter quelques titres extraits de l&rsquo;album \u00ab\u00a0Posterboy\u00a0\u00bb, que l&rsquo;artiste Daniel Marella a...","_links":{"self":[{"href":"https:\/\/www.radiocastor.com\/index.php\/wp-json\/wp\/v2\/posts\/5100","targetHints":{"allow":["GET"]}}],"collection":[{"href":"https:\/\/www.radiocastor.com\/index.php\/wp-json\/wp\/v2\/posts"}],"about":[{"href":"https:\/\/www.radiocastor.com\/index.php\/wp-json\/wp\/v2\/types\/post"}],"author":[{"embeddable":true,"href":"https:\/\/www.radiocastor.com\/index.php\/wp-json\/wp\/v2\/users\/1"}],"replies":[{"embeddable":true,"href":"https:\/\/www.radiocastor.com\/index.php\/wp-json\/wp\/v2\/comments?post=5100"}],"version-history":[{"count":0,"href":"https:\/\/www.radiocastor.com\/index.php\/wp-json\/wp\/v2\/posts\/5100\/revisions"}],"wp:featuredmedia":[{"embeddable":true,"href":"https:\/\/www.radiocastor.com\/index.php\/wp-json\/wp\/v2\/media\/5101"}],"wp:attachment":[{"href":"https:\/\/www.radiocastor.com\/index.php\/wp-json\/wp\/v2\/media?parent=5100"}],"wp:term":[{"taxonomy":"category","embeddable":true,"href":"https:\/\/www.radiocastor.com\/index.php\/wp-json\/wp\/v2\/categories?post=5100"},{"taxonomy":"post_tag","embeddable":true,"href":"https:\/\/www.radiocastor.com\/index.php\/wp-json\/wp\/v2\/tags?post=5100"}],"curies":[{"name":"wp","href":"https:\/\/api.w.org\/{rel}","templated":true}]}}