{"id":4999,"date":"2023-06-02T20:11:16","date_gmt":"2023-06-02T18:11:16","guid":{"rendered":"https:\/\/www.radiocastor.com\/?p=4999"},"modified":"2023-06-02T20:11:27","modified_gmt":"2023-06-02T18:11:27","slug":"vinny-peculiar-sort-une-magnifique-ode-funebre-en-hommage-a-la-fin-des-contestataires-death-of-the-counterculture","status":"publish","type":"post","link":"https:\/\/www.radiocastor.com\/index.php\/vinny-peculiar-sort-une-magnifique-ode-funebre-en-hommage-a-la-fin-des-contestataires-death-of-the-counterculture\/","title":{"rendered":"Vinny Peculiar sort une magnifique ode fun\u00e8bre en hommage \u00e0 la fin des contestataires, \u00ab\u00a0Death of the Counterculture\u00a0\u00bb"},"content":{"rendered":"\n<p>L&rsquo;auteur-compositeur-interpr\u00e8te et po\u00e8te britannique bas\u00e9 \u00e0 Salford, Vinny Peculiar (aka Alan Wilkes), a sorti un nouveau single, \u00ab\u00a0Death of the Counterculture\u00a0\u00bb, le 26 mai 2023.<\/p>\n\n\n\n<p>La chanson c\u00e9l\u00e8bre et r\u00e9fl\u00e9chit sur notre aspiration contre-culturelle de plus en plus r\u00e9duite, d&rsquo;espoirs perdus et de r\u00eaves fan\u00e9s, d&rsquo;artisans de paix alternatifs, de libres penseurs et de visionnaires du nouvel \u00e2ge.<br>On s&rsquo;est dit au revoir et tu vas nous manquer, \u00e0 la mort de la contre-culture.<\/p>\n\n\n\n<p>Vinny d\u00e9nonce la pens\u00e9e unique et l&rsquo;absence de r\u00e9actionnaires un peu \u00e0 la m\u00e9thode de Fox Nigon pour les textes.<br>Il nous offre une voix avec un phras\u00e9 \u00e0 Springsteen, et des intonations \u00e0 la Bowie.<br>Quand aux guitares, elles sont juste magnifiques, sublimes.<br>Un morceau \u00e9pique que dans 20 ans, on pourra qualifier d\u2019avertissement. Pourvu qu&rsquo;on l&rsquo;\u00e9coute !<\/p>\n\n\n\n<p>\u00ab\u00a0Death of the Counterculture\u00a0\u00bb est tir\u00e9 du prochain album de Vinny Peculiar \u00ab\u00a0How I Learned to Love the Freaks\u00a0\u00bb.<br>On a h\u00e2te&#8230;<\/p>\n\n\n\n<p><em>A \u00e9couter sur <a href=\"https:\/\/www.radiocastor.com\/index.php\/playlist\/\" target=\"_blank\" rel=\"noreferrer noopener\">nos playlists<\/a> !<\/em><\/p>\n\n\n\n<p><iframe loading=\"lazy\" src=\"https:\/\/www.youtube.com\/embed\/0ksjfTu-vsI\" title=\"YouTube video player\" allow=\"accelerometer; autoplay; clipboard-write; encrypted-media; gyroscope; picture-in-picture; web-share\" allowfullscreen=\"\" width=\"560\" height=\"315\" frameborder=\"0\"><\/iframe><\/p>\n\n\n\n<p class=\"has-text-align-center\"><a rel=\"noreferrer noopener\" href=\"https:\/\/www.facebook.com\/vinny.peculiar\" target=\"_blank\">Facebook<\/a> &#8211; <a rel=\"noreferrer noopener\" href=\"https:\/\/www.instagram.com\/vinnypeculiarmusic\/\" target=\"_blank\">Instagram<\/a> &#8211; <a href=\"https:\/\/twitter.com\/vinnypeculiar\" target=\"_blank\" rel=\"noreferrer noopener\">Twitter<\/a><\/p>\n","protected":false},"excerpt":{"rendered":"<p>L&rsquo;auteur-compositeur-interpr\u00e8te et po\u00e8te britannique bas\u00e9 \u00e0 Salford, Vinny Peculiar (aka Alan Wilkes), a sorti un&#8230;<\/p>\n","protected":false},"author":1,"featured_media":5000,"comment_status":"closed","ping_status":"open","sticky":false,"template":"","format":"standard","meta":{"_uag_custom_page_level_css":"","footnotes":""},"categories":[5,32,46],"tags":[],"class_list":["post-4999","post","type-post","status-publish","format-standard","has-post-thumbnail","hentry","category-rock","category-single","category-sortie"],"yoast_head":"<!-- This site is optimized with the Yoast SEO plugin v27.5 - https:\/\/yoast.com\/product\/yoast-seo-wordpress\/ -->\n<title>Vinny Peculiar sort une magnifique ode fun\u00e8bre en hommage \u00e0 la fin des contestataires, &quot;Death of the Counterculture&quot; - Radio Castor<\/title>\n<meta name=\"robots\" content=\"index, follow, max-snippet:-1, max-image-preview:large, max-video-preview:-1\" \/>\n<link rel=\"canonical\" href=\"https:\/\/www.radiocastor.com\/index.php\/vinny-peculiar-sort-une-magnifique-ode-funebre-en-hommage-a-la-fin-des-contestataires-death-of-the-counterculture\/\" \/>\n<meta property=\"og:locale\" content=\"fr_FR\" \/>\n<meta property=\"og:type\" content=\"article\" \/>\n<meta property=\"og:title\" content=\"Vinny Peculiar sort une magnifique ode fun\u00e8bre en hommage \u00e0 la fin des contestataires, &quot;Death of the Counterculture&quot; - Radio Castor\" \/>\n<meta property=\"og:description\" content=\"L&rsquo;auteur-compositeur-interpr\u00e8te et po\u00e8te britannique bas\u00e9 \u00e0 Salford, Vinny Peculiar (aka Alan Wilkes), a sorti un...\" \/>\n<meta property=\"og:url\" content=\"https:\/\/www.radiocastor.com\/index.php\/vinny-peculiar-sort-une-magnifique-ode-funebre-en-hommage-a-la-fin-des-contestataires-death-of-the-counterculture\/\" \/>\n<meta property=\"og:site_name\" content=\"Radio Castor\" \/>\n<meta property=\"article:publisher\" content=\"https:\/\/www.facebook.com\/theradiocastor\" \/>\n<meta property=\"article:published_time\" content=\"2023-06-02T18:11:16+00:00\" \/>\n<meta property=\"article:modified_time\" content=\"2023-06-02T18:11:27+00:00\" \/>\n<meta property=\"og:image\" content=\"https:\/\/www.radiocastor.com\/wp-content\/uploads\/2023\/06\/Screenshot-2023-06-02-at-20-09-42-This-is-a-Revolver-Stir-Crazy-SubmitHub.png\" \/>\n\t<meta property=\"og:image:width\" content=\"481\" \/>\n\t<meta property=\"og:image:height\" content=\"480\" \/>\n\t<meta property=\"og:image:type\" content=\"image\/png\" \/>\n<meta name=\"author\" content=\"R\u00e9daction R C\" \/>\n<meta name=\"twitter:card\" content=\"summary_large_image\" \/>\n<meta name=\"twitter:creator\" content=\"@TheRadioCastor\" \/>\n<meta name=\"twitter:site\" content=\"@TheRadioCastor\" \/>\n<meta name=\"twitter:label1\" content=\"\u00c9crit par\" \/>\n\t<meta name=\"twitter:data1\" content=\"R\u00e9daction R C\" \/>\n\t<meta name=\"twitter:label2\" content=\"Dur\u00e9e de lecture estim\u00e9e\" \/>\n\t<meta name=\"twitter:data2\" content=\"1 minute\" \/>\n<script type=\"application\/ld+json\" class=\"yoast-schema-graph\">{\"@context\":\"https:\\\/\\\/schema.org\",\"@graph\":[{\"@type\":\"Article\",\"@id\":\"https:\\\/\\\/www.radiocastor.com\\\/index.php\\\/vinny-peculiar-sort-une-magnifique-ode-funebre-en-hommage-a-la-fin-des-contestataires-death-of-the-counterculture\\\/#article\",\"isPartOf\":{\"@id\":\"https:\\\/\\\/www.radiocastor.com\\\/index.php\\\/vinny-peculiar-sort-une-magnifique-ode-funebre-en-hommage-a-la-fin-des-contestataires-death-of-the-counterculture\\\/\"},\"author\":{\"name\":\"R\u00e9daction R C\",\"@id\":\"https:\\\/\\\/www.radiocastor.com\\\/#\\\/schema\\\/person\\\/558b0e47dc4c11fa52b2220ba6a78779\"},\"headline\":\"Vinny Peculiar sort une magnifique ode fun\u00e8bre en hommage \u00e0 la fin des contestataires, \u00ab\u00a0Death of the Counterculture\u00a0\u00bb\",\"datePublished\":\"2023-06-02T18:11:16+00:00\",\"dateModified\":\"2023-06-02T18:11:27+00:00\",\"mainEntityOfPage\":{\"@id\":\"https:\\\/\\\/www.radiocastor.com\\\/index.php\\\/vinny-peculiar-sort-une-magnifique-ode-funebre-en-hommage-a-la-fin-des-contestataires-death-of-the-counterculture\\\/\"},\"wordCount\":191,\"publisher\":{\"@id\":\"https:\\\/\\\/www.radiocastor.com\\\/#organization\"},\"image\":{\"@id\":\"https:\\\/\\\/www.radiocastor.com\\\/index.php\\\/vinny-peculiar-sort-une-magnifique-ode-funebre-en-hommage-a-la-fin-des-contestataires-death-of-the-counterculture\\\/#primaryimage\"},\"thumbnailUrl\":\"https:\\\/\\\/www.radiocastor.com\\\/wp-content\\\/uploads\\\/2023\\\/06\\\/Screenshot-2023-06-02-at-20-09-42-This-is-a-Revolver-Stir-Crazy-SubmitHub.png\",\"articleSection\":[\"Rock\",\"Single\",\"Sortie\"],\"inLanguage\":\"fr-FR\"},{\"@type\":\"WebPage\",\"@id\":\"https:\\\/\\\/www.radiocastor.com\\\/index.php\\\/vinny-peculiar-sort-une-magnifique-ode-funebre-en-hommage-a-la-fin-des-contestataires-death-of-the-counterculture\\\/\",\"url\":\"https:\\\/\\\/www.radiocastor.com\\\/index.php\\\/vinny-peculiar-sort-une-magnifique-ode-funebre-en-hommage-a-la-fin-des-contestataires-death-of-the-counterculture\\\/\",\"name\":\"Vinny Peculiar sort une magnifique ode fun\u00e8bre en hommage \u00e0 la fin des contestataires, \\\"Death of the Counterculture\\\" - Radio Castor\",\"isPartOf\":{\"@id\":\"https:\\\/\\\/www.radiocastor.com\\\/#website\"},\"primaryImageOfPage\":{\"@id\":\"https:\\\/\\\/www.radiocastor.com\\\/index.php\\\/vinny-peculiar-sort-une-magnifique-ode-funebre-en-hommage-a-la-fin-des-contestataires-death-of-the-counterculture\\\/#primaryimage\"},\"image\":{\"@id\":\"https:\\\/\\\/www.radiocastor.com\\\/index.php\\\/vinny-peculiar-sort-une-magnifique-ode-funebre-en-hommage-a-la-fin-des-contestataires-death-of-the-counterculture\\\/#primaryimage\"},\"thumbnailUrl\":\"https:\\\/\\\/www.radiocastor.com\\\/wp-content\\\/uploads\\\/2023\\\/06\\\/Screenshot-2023-06-02-at-20-09-42-This-is-a-Revolver-Stir-Crazy-SubmitHub.png\",\"datePublished\":\"2023-06-02T18:11:16+00:00\",\"dateModified\":\"2023-06-02T18:11:27+00:00\",\"breadcrumb\":{\"@id\":\"https:\\\/\\\/www.radiocastor.com\\\/index.php\\\/vinny-peculiar-sort-une-magnifique-ode-funebre-en-hommage-a-la-fin-des-contestataires-death-of-the-counterculture\\\/#breadcrumb\"},\"inLanguage\":\"fr-FR\",\"potentialAction\":[{\"@type\":\"ReadAction\",\"target\":[\"https:\\\/\\\/www.radiocastor.com\\\/index.php\\\/vinny-peculiar-sort-une-magnifique-ode-funebre-en-hommage-a-la-fin-des-contestataires-death-of-the-counterculture\\\/\"]}]},{\"@type\":\"ImageObject\",\"inLanguage\":\"fr-FR\",\"@id\":\"https:\\\/\\\/www.radiocastor.com\\\/index.php\\\/vinny-peculiar-sort-une-magnifique-ode-funebre-en-hommage-a-la-fin-des-contestataires-death-of-the-counterculture\\\/#primaryimage\",\"url\":\"https:\\\/\\\/www.radiocastor.com\\\/wp-content\\\/uploads\\\/2023\\\/06\\\/Screenshot-2023-06-02-at-20-09-42-This-is-a-Revolver-Stir-Crazy-SubmitHub.png\",\"contentUrl\":\"https:\\\/\\\/www.radiocastor.com\\\/wp-content\\\/uploads\\\/2023\\\/06\\\/Screenshot-2023-06-02-at-20-09-42-This-is-a-Revolver-Stir-Crazy-SubmitHub.png\",\"width\":481,\"height\":480},{\"@type\":\"BreadcrumbList\",\"@id\":\"https:\\\/\\\/www.radiocastor.com\\\/index.php\\\/vinny-peculiar-sort-une-magnifique-ode-funebre-en-hommage-a-la-fin-des-contestataires-death-of-the-counterculture\\\/#breadcrumb\",\"itemListElement\":[{\"@type\":\"ListItem\",\"position\":1,\"name\":\"Accueil\",\"item\":\"https:\\\/\\\/www.radiocastor.com\\\/\"},{\"@type\":\"ListItem\",\"position\":2,\"name\":\"Vinny Peculiar sort une magnifique ode fun\u00e8bre en hommage \u00e0 la fin des contestataires, \u00ab\u00a0Death of the Counterculture\u00a0\u00bb\"}]},{\"@type\":\"WebSite\",\"@id\":\"https:\\\/\\\/www.radiocastor.com\\\/#website\",\"url\":\"https:\\\/\\\/www.radiocastor.com\\\/\",\"name\":\"Radio Castor\",\"description\":\"La voix !\",\"publisher\":{\"@id\":\"https:\\\/\\\/www.radiocastor.com\\\/#organization\"},\"potentialAction\":[{\"@type\":\"SearchAction\",\"target\":{\"@type\":\"EntryPoint\",\"urlTemplate\":\"https:\\\/\\\/www.radiocastor.com\\\/?s={search_term_string}\"},\"query-input\":{\"@type\":\"PropertyValueSpecification\",\"valueRequired\":true,\"valueName\":\"search_term_string\"}}],\"inLanguage\":\"fr-FR\"},{\"@type\":\"Organization\",\"@id\":\"https:\\\/\\\/www.radiocastor.com\\\/#organization\",\"name\":\"Radio Castor\",\"url\":\"https:\\\/\\\/www.radiocastor.com\\\/\",\"logo\":{\"@type\":\"ImageObject\",\"inLanguage\":\"fr-FR\",\"@id\":\"https:\\\/\\\/www.radiocastor.com\\\/#\\\/schema\\\/logo\\\/image\\\/\",\"url\":\"https:\\\/\\\/www.radiocastor.com\\\/wp-content\\\/uploads\\\/2021\\\/11\\\/cropped-Radio-castor-logo-2.png\",\"contentUrl\":\"https:\\\/\\\/www.radiocastor.com\\\/wp-content\\\/uploads\\\/2021\\\/11\\\/cropped-Radio-castor-logo-2.png\",\"width\":437,\"height\":219,\"caption\":\"Radio Castor\"},\"image\":{\"@id\":\"https:\\\/\\\/www.radiocastor.com\\\/#\\\/schema\\\/logo\\\/image\\\/\"},\"sameAs\":[\"https:\\\/\\\/www.facebook.com\\\/theradiocastor\",\"https:\\\/\\\/x.com\\\/TheRadioCastor\",\"https:\\\/\\\/www.instagram.com\\\/theradiocastor\",\"https:\\\/\\\/www.youtube.com\\\/c\\\/RadioCastor\"]},{\"@type\":\"Person\",\"@id\":\"https:\\\/\\\/www.radiocastor.com\\\/#\\\/schema\\\/person\\\/558b0e47dc4c11fa52b2220ba6a78779\",\"name\":\"R\u00e9daction R C\",\"image\":{\"@type\":\"ImageObject\",\"inLanguage\":\"fr-FR\",\"@id\":\"https:\\\/\\\/secure.gravatar.com\\\/avatar\\\/1d3e4f4c4a0d129f7ed4838ea20c33760c2484b9bc381993df6c0e3f5bf89c23?s=96&d=mm&r=g\",\"url\":\"https:\\\/\\\/secure.gravatar.com\\\/avatar\\\/1d3e4f4c4a0d129f7ed4838ea20c33760c2484b9bc381993df6c0e3f5bf89c23?s=96&d=mm&r=g\",\"contentUrl\":\"https:\\\/\\\/secure.gravatar.com\\\/avatar\\\/1d3e4f4c4a0d129f7ed4838ea20c33760c2484b9bc381993df6c0e3f5bf89c23?s=96&d=mm&r=g\",\"caption\":\"R\u00e9daction R C\"},\"sameAs\":[\"http:\\\/\\\/www.radiocastor.com\"],\"url\":\"https:\\\/\\\/www.radiocastor.com\\\/index.php\\\/author\\\/radio-castor\\\/\"}]}<\/script>\n<!-- \/ Yoast SEO plugin. -->","yoast_head_json":{"title":"Vinny Peculiar sort une magnifique ode fun\u00e8bre en hommage \u00e0 la fin des contestataires, \"Death of the Counterculture\" - Radio Castor","robots":{"index":"index","follow":"follow","max-snippet":"max-snippet:-1","max-image-preview":"max-image-preview:large","max-video-preview":"max-video-preview:-1"},"canonical":"https:\/\/www.radiocastor.com\/index.php\/vinny-peculiar-sort-une-magnifique-ode-funebre-en-hommage-a-la-fin-des-contestataires-death-of-the-counterculture\/","og_locale":"fr_FR","og_type":"article","og_title":"Vinny Peculiar sort une magnifique ode fun\u00e8bre en hommage \u00e0 la fin des contestataires, \"Death of the Counterculture\" - Radio Castor","og_description":"L&rsquo;auteur-compositeur-interpr\u00e8te et po\u00e8te britannique bas\u00e9 \u00e0 Salford, Vinny Peculiar (aka Alan Wilkes), a sorti un...","og_url":"https:\/\/www.radiocastor.com\/index.php\/vinny-peculiar-sort-une-magnifique-ode-funebre-en-hommage-a-la-fin-des-contestataires-death-of-the-counterculture\/","og_site_name":"Radio Castor","article_publisher":"https:\/\/www.facebook.com\/theradiocastor","article_published_time":"2023-06-02T18:11:16+00:00","article_modified_time":"2023-06-02T18:11:27+00:00","og_image":[{"width":481,"height":480,"url":"https:\/\/www.radiocastor.com\/wp-content\/uploads\/2023\/06\/Screenshot-2023-06-02-at-20-09-42-This-is-a-Revolver-Stir-Crazy-SubmitHub.png","type":"image\/png"}],"author":"R\u00e9daction R C","twitter_card":"summary_large_image","twitter_creator":"@TheRadioCastor","twitter_site":"@TheRadioCastor","twitter_misc":{"\u00c9crit par":"R\u00e9daction R C","Dur\u00e9e de lecture estim\u00e9e":"1 minute"},"schema":{"@context":"https:\/\/schema.org","@graph":[{"@type":"Article","@id":"https:\/\/www.radiocastor.com\/index.php\/vinny-peculiar-sort-une-magnifique-ode-funebre-en-hommage-a-la-fin-des-contestataires-death-of-the-counterculture\/#article","isPartOf":{"@id":"https:\/\/www.radiocastor.com\/index.php\/vinny-peculiar-sort-une-magnifique-ode-funebre-en-hommage-a-la-fin-des-contestataires-death-of-the-counterculture\/"},"author":{"name":"R\u00e9daction R C","@id":"https:\/\/www.radiocastor.com\/#\/schema\/person\/558b0e47dc4c11fa52b2220ba6a78779"},"headline":"Vinny Peculiar sort une magnifique ode fun\u00e8bre en hommage \u00e0 la fin des contestataires, \u00ab\u00a0Death of the Counterculture\u00a0\u00bb","datePublished":"2023-06-02T18:11:16+00:00","dateModified":"2023-06-02T18:11:27+00:00","mainEntityOfPage":{"@id":"https:\/\/www.radiocastor.com\/index.php\/vinny-peculiar-sort-une-magnifique-ode-funebre-en-hommage-a-la-fin-des-contestataires-death-of-the-counterculture\/"},"wordCount":191,"publisher":{"@id":"https:\/\/www.radiocastor.com\/#organization"},"image":{"@id":"https:\/\/www.radiocastor.com\/index.php\/vinny-peculiar-sort-une-magnifique-ode-funebre-en-hommage-a-la-fin-des-contestataires-death-of-the-counterculture\/#primaryimage"},"thumbnailUrl":"https:\/\/www.radiocastor.com\/wp-content\/uploads\/2023\/06\/Screenshot-2023-06-02-at-20-09-42-This-is-a-Revolver-Stir-Crazy-SubmitHub.png","articleSection":["Rock","Single","Sortie"],"inLanguage":"fr-FR"},{"@type":"WebPage","@id":"https:\/\/www.radiocastor.com\/index.php\/vinny-peculiar-sort-une-magnifique-ode-funebre-en-hommage-a-la-fin-des-contestataires-death-of-the-counterculture\/","url":"https:\/\/www.radiocastor.com\/index.php\/vinny-peculiar-sort-une-magnifique-ode-funebre-en-hommage-a-la-fin-des-contestataires-death-of-the-counterculture\/","name":"Vinny Peculiar sort une magnifique ode fun\u00e8bre en hommage \u00e0 la fin des contestataires, \"Death of the Counterculture\" - Radio Castor","isPartOf":{"@id":"https:\/\/www.radiocastor.com\/#website"},"primaryImageOfPage":{"@id":"https:\/\/www.radiocastor.com\/index.php\/vinny-peculiar-sort-une-magnifique-ode-funebre-en-hommage-a-la-fin-des-contestataires-death-of-the-counterculture\/#primaryimage"},"image":{"@id":"https:\/\/www.radiocastor.com\/index.php\/vinny-peculiar-sort-une-magnifique-ode-funebre-en-hommage-a-la-fin-des-contestataires-death-of-the-counterculture\/#primaryimage"},"thumbnailUrl":"https:\/\/www.radiocastor.com\/wp-content\/uploads\/2023\/06\/Screenshot-2023-06-02-at-20-09-42-This-is-a-Revolver-Stir-Crazy-SubmitHub.png","datePublished":"2023-06-02T18:11:16+00:00","dateModified":"2023-06-02T18:11:27+00:00","breadcrumb":{"@id":"https:\/\/www.radiocastor.com\/index.php\/vinny-peculiar-sort-une-magnifique-ode-funebre-en-hommage-a-la-fin-des-contestataires-death-of-the-counterculture\/#breadcrumb"},"inLanguage":"fr-FR","potentialAction":[{"@type":"ReadAction","target":["https:\/\/www.radiocastor.com\/index.php\/vinny-peculiar-sort-une-magnifique-ode-funebre-en-hommage-a-la-fin-des-contestataires-death-of-the-counterculture\/"]}]},{"@type":"ImageObject","inLanguage":"fr-FR","@id":"https:\/\/www.radiocastor.com\/index.php\/vinny-peculiar-sort-une-magnifique-ode-funebre-en-hommage-a-la-fin-des-contestataires-death-of-the-counterculture\/#primaryimage","url":"https:\/\/www.radiocastor.com\/wp-content\/uploads\/2023\/06\/Screenshot-2023-06-02-at-20-09-42-This-is-a-Revolver-Stir-Crazy-SubmitHub.png","contentUrl":"https:\/\/www.radiocastor.com\/wp-content\/uploads\/2023\/06\/Screenshot-2023-06-02-at-20-09-42-This-is-a-Revolver-Stir-Crazy-SubmitHub.png","width":481,"height":480},{"@type":"BreadcrumbList","@id":"https:\/\/www.radiocastor.com\/index.php\/vinny-peculiar-sort-une-magnifique-ode-funebre-en-hommage-a-la-fin-des-contestataires-death-of-the-counterculture\/#breadcrumb","itemListElement":[{"@type":"ListItem","position":1,"name":"Accueil","item":"https:\/\/www.radiocastor.com\/"},{"@type":"ListItem","position":2,"name":"Vinny Peculiar sort une magnifique ode fun\u00e8bre en hommage \u00e0 la fin des contestataires, \u00ab\u00a0Death of the Counterculture\u00a0\u00bb"}]},{"@type":"WebSite","@id":"https:\/\/www.radiocastor.com\/#website","url":"https:\/\/www.radiocastor.com\/","name":"Radio Castor","description":"La voix !","publisher":{"@id":"https:\/\/www.radiocastor.com\/#organization"},"potentialAction":[{"@type":"SearchAction","target":{"@type":"EntryPoint","urlTemplate":"https:\/\/www.radiocastor.com\/?s={search_term_string}"},"query-input":{"@type":"PropertyValueSpecification","valueRequired":true,"valueName":"search_term_string"}}],"inLanguage":"fr-FR"},{"@type":"Organization","@id":"https:\/\/www.radiocastor.com\/#organization","name":"Radio Castor","url":"https:\/\/www.radiocastor.com\/","logo":{"@type":"ImageObject","inLanguage":"fr-FR","@id":"https:\/\/www.radiocastor.com\/#\/schema\/logo\/image\/","url":"https:\/\/www.radiocastor.com\/wp-content\/uploads\/2021\/11\/cropped-Radio-castor-logo-2.png","contentUrl":"https:\/\/www.radiocastor.com\/wp-content\/uploads\/2021\/11\/cropped-Radio-castor-logo-2.png","width":437,"height":219,"caption":"Radio Castor"},"image":{"@id":"https:\/\/www.radiocastor.com\/#\/schema\/logo\/image\/"},"sameAs":["https:\/\/www.facebook.com\/theradiocastor","https:\/\/x.com\/TheRadioCastor","https:\/\/www.instagram.com\/theradiocastor","https:\/\/www.youtube.com\/c\/RadioCastor"]},{"@type":"Person","@id":"https:\/\/www.radiocastor.com\/#\/schema\/person\/558b0e47dc4c11fa52b2220ba6a78779","name":"R\u00e9daction R C","image":{"@type":"ImageObject","inLanguage":"fr-FR","@id":"https:\/\/secure.gravatar.com\/avatar\/1d3e4f4c4a0d129f7ed4838ea20c33760c2484b9bc381993df6c0e3f5bf89c23?s=96&d=mm&r=g","url":"https:\/\/secure.gravatar.com\/avatar\/1d3e4f4c4a0d129f7ed4838ea20c33760c2484b9bc381993df6c0e3f5bf89c23?s=96&d=mm&r=g","contentUrl":"https:\/\/secure.gravatar.com\/avatar\/1d3e4f4c4a0d129f7ed4838ea20c33760c2484b9bc381993df6c0e3f5bf89c23?s=96&d=mm&r=g","caption":"R\u00e9daction R C"},"sameAs":["http:\/\/www.radiocastor.com"],"url":"https:\/\/www.radiocastor.com\/index.php\/author\/radio-castor\/"}]}},"uagb_featured_image_src":{"full":["https:\/\/www.radiocastor.com\/wp-content\/uploads\/2023\/06\/Screenshot-2023-06-02-at-20-09-42-This-is-a-Revolver-Stir-Crazy-SubmitHub.png",481,480,false],"thumbnail":["https:\/\/www.radiocastor.com\/wp-content\/uploads\/2023\/06\/Screenshot-2023-06-02-at-20-09-42-This-is-a-Revolver-Stir-Crazy-SubmitHub-150x150.png",150,150,true],"medium":["https:\/\/www.radiocastor.com\/wp-content\/uploads\/2023\/06\/Screenshot-2023-06-02-at-20-09-42-This-is-a-Revolver-Stir-Crazy-SubmitHub-300x300.png",300,300,true],"medium_large":["https:\/\/www.radiocastor.com\/wp-content\/uploads\/2023\/06\/Screenshot-2023-06-02-at-20-09-42-This-is-a-Revolver-Stir-Crazy-SubmitHub.png",481,480,false],"large":["https:\/\/www.radiocastor.com\/wp-content\/uploads\/2023\/06\/Screenshot-2023-06-02-at-20-09-42-This-is-a-Revolver-Stir-Crazy-SubmitHub.png",481,480,false],"1536x1536":["https:\/\/www.radiocastor.com\/wp-content\/uploads\/2023\/06\/Screenshot-2023-06-02-at-20-09-42-This-is-a-Revolver-Stir-Crazy-SubmitHub.png",481,480,false],"2048x2048":["https:\/\/www.radiocastor.com\/wp-content\/uploads\/2023\/06\/Screenshot-2023-06-02-at-20-09-42-This-is-a-Revolver-Stir-Crazy-SubmitHub.png",481,480,false],"newsever-slider-full":["https:\/\/www.radiocastor.com\/wp-content\/uploads\/2023\/06\/Screenshot-2023-06-02-at-20-09-42-This-is-a-Revolver-Stir-Crazy-SubmitHub.png",481,480,false],"newsever-featured":["https:\/\/www.radiocastor.com\/wp-content\/uploads\/2023\/06\/Screenshot-2023-06-02-at-20-09-42-This-is-a-Revolver-Stir-Crazy-SubmitHub.png",481,480,false],"newsever-medium":["https:\/\/www.radiocastor.com\/wp-content\/uploads\/2023\/06\/Screenshot-2023-06-02-at-20-09-42-This-is-a-Revolver-Stir-Crazy-SubmitHub-481x475.png",481,475,true]},"uagb_author_info":{"display_name":"R\u00e9daction R C","author_link":"https:\/\/www.radiocastor.com\/index.php\/author\/radio-castor\/"},"uagb_comment_info":0,"uagb_excerpt":"L&rsquo;auteur-compositeur-interpr\u00e8te et po\u00e8te britannique bas\u00e9 \u00e0 Salford, Vinny Peculiar (aka Alan Wilkes), a sorti un...","_links":{"self":[{"href":"https:\/\/www.radiocastor.com\/index.php\/wp-json\/wp\/v2\/posts\/4999","targetHints":{"allow":["GET"]}}],"collection":[{"href":"https:\/\/www.radiocastor.com\/index.php\/wp-json\/wp\/v2\/posts"}],"about":[{"href":"https:\/\/www.radiocastor.com\/index.php\/wp-json\/wp\/v2\/types\/post"}],"author":[{"embeddable":true,"href":"https:\/\/www.radiocastor.com\/index.php\/wp-json\/wp\/v2\/users\/1"}],"replies":[{"embeddable":true,"href":"https:\/\/www.radiocastor.com\/index.php\/wp-json\/wp\/v2\/comments?post=4999"}],"version-history":[{"count":0,"href":"https:\/\/www.radiocastor.com\/index.php\/wp-json\/wp\/v2\/posts\/4999\/revisions"}],"wp:featuredmedia":[{"embeddable":true,"href":"https:\/\/www.radiocastor.com\/index.php\/wp-json\/wp\/v2\/media\/5000"}],"wp:attachment":[{"href":"https:\/\/www.radiocastor.com\/index.php\/wp-json\/wp\/v2\/media?parent=4999"}],"wp:term":[{"taxonomy":"category","embeddable":true,"href":"https:\/\/www.radiocastor.com\/index.php\/wp-json\/wp\/v2\/categories?post=4999"},{"taxonomy":"post_tag","embeddable":true,"href":"https:\/\/www.radiocastor.com\/index.php\/wp-json\/wp\/v2\/tags?post=4999"}],"curies":[{"name":"wp","href":"https:\/\/api.w.org\/{rel}","templated":true}]}}