{"id":4940,"date":"2023-05-27T17:55:41","date_gmt":"2023-05-27T15:55:41","guid":{"rendered":"https:\/\/www.radiocastor.com\/?p=4940"},"modified":"2023-05-27T17:57:28","modified_gmt":"2023-05-27T15:57:28","slug":"titre-du-jour-crabe-sens-le-vent","status":"publish","type":"post","link":"https:\/\/www.radiocastor.com\/index.php\/titre-du-jour-crabe-sens-le-vent\/","title":{"rendered":"Titre du jour &#8211; Crabe &#8211;  Sens le vent"},"content":{"rendered":"\n<p>Aujourd&rsquo;hui, nous avons s\u00e9lectionn\u00e9 pour vous un titre de l&rsquo;artiste fran\u00e7ais Crabe, \u00ab\u00a0Sens le vent\u00a0\u00bb, sorti le 11 mai 2023.<\/p>\n\n\n\n<p>Nous vous avons d\u00e9j\u00e0 pr\u00e9sent\u00e9 Crabe, \u00e0 l&rsquo;occasion des pr\u00e9c\u00e9dentes sorties de single de son EP d\u00e9di\u00e9 aux personnages du jeu d&rsquo;\u00e9checs.<\/p>\n\n\n\n<p>Apr\u00e8s le Roi dans \u00ab\u00a0<a rel=\"noreferrer noopener\" href=\"https:\/\/www.radiocastor.com\/index.php\/chronique-de-la-chanson-francaise-episode-12-deja-un-an-de-chanson-francaise\/\" target=\"_blank\">Le Roi des Songes<\/a>\u00ab\u00a0, la Reine dans \u00ab\u00a0<a rel=\"noreferrer noopener\" href=\"https:\/\/www.radiocastor.com\/index.php\/dans-son-deuxieme-single-crabe-joue-la-reine-de-sa-partie-dechec-belle-larme\/\" target=\"_blank\">Belle Larme<\/a>\u00ab\u00a0, le Fou dans \u00ab\u00a0<a rel=\"noreferrer noopener\" href=\"https:\/\/www.radiocastor.com\/index.php\/piece-maitresse-pour-crabe-voici-le-fou-devoile-dans-la-nuit-le-jour\/\" target=\"_blank\">La Nuit Le Jour<\/a>\u00ab\u00a0, voici \u00ab\u00a0Sens Le Vent\u00a0\u00bb, que Crabe d\u00e9crit comme \u00ab\u00a0le Cavalier du Changement, Parfum du Temps contre les esprits \u00e9troits\u00a0\u00bb.<\/p>\n\n\n\n<p>La lutte des bizarres commence.<br>Le piano alterne avec des choeurs venant donner la touche dramatique du titre, encore accentu\u00e9e par l&rsquo;interpr\u00e9tation de Crabe, qui nous parle de ce Cavalier au second degr\u00e9, avec une voix qui utilise tout le spectre.<br>\u201cSens le parfum de ton absence, sens le vent change de sens, nous on se l\u00e8ve.\u201d<\/p>\n\n\n\n<p><em>A \u00e9couter sur <a href=\"https:\/\/www.radiocastor.com\/index.php\/playlist\/\" target=\"_blank\" rel=\"noreferrer noopener\">nos playlists<\/a> !<\/em><\/p>\n\n\n\n<p><iframe loading=\"lazy\" src=\"https:\/\/www.youtube.com\/embed\/veenPHm40-w\" title=\"YouTube video player\" allow=\"accelerometer; autoplay; clipboard-write; encrypted-media; gyroscope; picture-in-picture; web-share\" allowfullscreen=\"\" width=\"560\" height=\"315\" frameborder=\"0\"><\/iframe><\/p>\n\n\n\n<p class=\"has-text-align-center\"><a rel=\"noreferrer noopener\" href=\"https:\/\/www.facebook.com\/crabe.alamer\/\" target=\"_blank\">Facebook<\/a> \u2013 <a rel=\"noreferrer noopener\" href=\"https:\/\/www.instagram.com\/crabe_alamer\/\" target=\"_blank\">Instagram<\/a> \u2013 <a rel=\"noreferrer noopener\" href=\"https:\/\/twitter.com\/crabe_alamer\" target=\"_blank\">Twitter<\/a><\/p>\n","protected":false},"excerpt":{"rendered":"<p>Aujourd&rsquo;hui, nous avons s\u00e9lectionn\u00e9 pour vous un titre de l&rsquo;artiste fran\u00e7ais Crabe, \u00ab\u00a0Sens le vent\u00a0\u00bb,&#8230;<\/p>\n","protected":false},"author":1,"featured_media":4941,"comment_status":"closed","ping_status":"open","sticky":false,"template":"","format":"standard","meta":{"_uag_custom_page_level_css":"","footnotes":""},"categories":[45],"tags":[],"class_list":["post-4940","post","type-post","status-publish","format-standard","has-post-thumbnail","hentry","category-titre-du-jour"],"yoast_head":"<!-- This site is optimized with the Yoast SEO plugin v27.4 - https:\/\/yoast.com\/product\/yoast-seo-wordpress\/ -->\n<title>Titre du jour - Crabe - Sens le vent - Radio Castor<\/title>\n<meta name=\"robots\" content=\"index, follow, max-snippet:-1, max-image-preview:large, max-video-preview:-1\" \/>\n<link rel=\"canonical\" href=\"https:\/\/www.radiocastor.com\/index.php\/titre-du-jour-crabe-sens-le-vent\/\" \/>\n<meta property=\"og:locale\" content=\"fr_FR\" \/>\n<meta property=\"og:type\" content=\"article\" \/>\n<meta property=\"og:title\" content=\"Titre du jour - Crabe - Sens le vent - Radio Castor\" \/>\n<meta property=\"og:description\" content=\"Aujourd&rsquo;hui, nous avons s\u00e9lectionn\u00e9 pour vous un titre de l&rsquo;artiste fran\u00e7ais Crabe, \u00ab\u00a0Sens le vent\u00a0\u00bb,...\" \/>\n<meta property=\"og:url\" content=\"https:\/\/www.radiocastor.com\/index.php\/titre-du-jour-crabe-sens-le-vent\/\" \/>\n<meta property=\"og:site_name\" content=\"Radio Castor\" \/>\n<meta property=\"article:publisher\" content=\"https:\/\/www.facebook.com\/theradiocastor\" \/>\n<meta property=\"article:published_time\" content=\"2023-05-27T15:55:41+00:00\" \/>\n<meta property=\"article:modified_time\" content=\"2023-05-27T15:57:28+00:00\" \/>\n<meta property=\"og:image\" content=\"https:\/\/www.radiocastor.com\/wp-content\/uploads\/2023\/05\/346075718_1900095787025905_8313685698327668331_n.png\" \/>\n\t<meta property=\"og:image:width\" content=\"689\" \/>\n\t<meta property=\"og:image:height\" content=\"501\" \/>\n\t<meta property=\"og:image:type\" content=\"image\/png\" \/>\n<meta name=\"author\" content=\"R\u00e9daction R C\" \/>\n<meta name=\"twitter:card\" content=\"summary_large_image\" \/>\n<meta name=\"twitter:creator\" content=\"@TheRadioCastor\" \/>\n<meta name=\"twitter:site\" content=\"@TheRadioCastor\" \/>\n<meta name=\"twitter:label1\" content=\"\u00c9crit par\" \/>\n\t<meta name=\"twitter:data1\" content=\"R\u00e9daction R C\" \/>\n\t<meta name=\"twitter:label2\" content=\"Dur\u00e9e de lecture estim\u00e9e\" \/>\n\t<meta name=\"twitter:data2\" content=\"1 minute\" \/>\n<script type=\"application\/ld+json\" class=\"yoast-schema-graph\">{\"@context\":\"https:\\\/\\\/schema.org\",\"@graph\":[{\"@type\":\"Article\",\"@id\":\"https:\\\/\\\/www.radiocastor.com\\\/index.php\\\/titre-du-jour-crabe-sens-le-vent\\\/#article\",\"isPartOf\":{\"@id\":\"https:\\\/\\\/www.radiocastor.com\\\/index.php\\\/titre-du-jour-crabe-sens-le-vent\\\/\"},\"author\":{\"name\":\"R\u00e9daction R C\",\"@id\":\"https:\\\/\\\/www.radiocastor.com\\\/#\\\/schema\\\/person\\\/558b0e47dc4c11fa52b2220ba6a78779\"},\"headline\":\"Titre du jour &#8211; Crabe &#8211; Sens le vent\",\"datePublished\":\"2023-05-27T15:55:41+00:00\",\"dateModified\":\"2023-05-27T15:57:28+00:00\",\"mainEntityOfPage\":{\"@id\":\"https:\\\/\\\/www.radiocastor.com\\\/index.php\\\/titre-du-jour-crabe-sens-le-vent\\\/\"},\"wordCount\":164,\"publisher\":{\"@id\":\"https:\\\/\\\/www.radiocastor.com\\\/#organization\"},\"image\":{\"@id\":\"https:\\\/\\\/www.radiocastor.com\\\/index.php\\\/titre-du-jour-crabe-sens-le-vent\\\/#primaryimage\"},\"thumbnailUrl\":\"https:\\\/\\\/www.radiocastor.com\\\/wp-content\\\/uploads\\\/2023\\\/05\\\/346075718_1900095787025905_8313685698327668331_n.png\",\"articleSection\":[\"Titre du jour\"],\"inLanguage\":\"fr-FR\"},{\"@type\":\"WebPage\",\"@id\":\"https:\\\/\\\/www.radiocastor.com\\\/index.php\\\/titre-du-jour-crabe-sens-le-vent\\\/\",\"url\":\"https:\\\/\\\/www.radiocastor.com\\\/index.php\\\/titre-du-jour-crabe-sens-le-vent\\\/\",\"name\":\"Titre du jour - Crabe - Sens le vent - Radio Castor\",\"isPartOf\":{\"@id\":\"https:\\\/\\\/www.radiocastor.com\\\/#website\"},\"primaryImageOfPage\":{\"@id\":\"https:\\\/\\\/www.radiocastor.com\\\/index.php\\\/titre-du-jour-crabe-sens-le-vent\\\/#primaryimage\"},\"image\":{\"@id\":\"https:\\\/\\\/www.radiocastor.com\\\/index.php\\\/titre-du-jour-crabe-sens-le-vent\\\/#primaryimage\"},\"thumbnailUrl\":\"https:\\\/\\\/www.radiocastor.com\\\/wp-content\\\/uploads\\\/2023\\\/05\\\/346075718_1900095787025905_8313685698327668331_n.png\",\"datePublished\":\"2023-05-27T15:55:41+00:00\",\"dateModified\":\"2023-05-27T15:57:28+00:00\",\"breadcrumb\":{\"@id\":\"https:\\\/\\\/www.radiocastor.com\\\/index.php\\\/titre-du-jour-crabe-sens-le-vent\\\/#breadcrumb\"},\"inLanguage\":\"fr-FR\",\"potentialAction\":[{\"@type\":\"ReadAction\",\"target\":[\"https:\\\/\\\/www.radiocastor.com\\\/index.php\\\/titre-du-jour-crabe-sens-le-vent\\\/\"]}]},{\"@type\":\"ImageObject\",\"inLanguage\":\"fr-FR\",\"@id\":\"https:\\\/\\\/www.radiocastor.com\\\/index.php\\\/titre-du-jour-crabe-sens-le-vent\\\/#primaryimage\",\"url\":\"https:\\\/\\\/www.radiocastor.com\\\/wp-content\\\/uploads\\\/2023\\\/05\\\/346075718_1900095787025905_8313685698327668331_n.png\",\"contentUrl\":\"https:\\\/\\\/www.radiocastor.com\\\/wp-content\\\/uploads\\\/2023\\\/05\\\/346075718_1900095787025905_8313685698327668331_n.png\",\"width\":689,\"height\":501},{\"@type\":\"BreadcrumbList\",\"@id\":\"https:\\\/\\\/www.radiocastor.com\\\/index.php\\\/titre-du-jour-crabe-sens-le-vent\\\/#breadcrumb\",\"itemListElement\":[{\"@type\":\"ListItem\",\"position\":1,\"name\":\"Accueil\",\"item\":\"https:\\\/\\\/www.radiocastor.com\\\/\"},{\"@type\":\"ListItem\",\"position\":2,\"name\":\"Titre du jour &#8211; Crabe &#8211; Sens le vent\"}]},{\"@type\":\"WebSite\",\"@id\":\"https:\\\/\\\/www.radiocastor.com\\\/#website\",\"url\":\"https:\\\/\\\/www.radiocastor.com\\\/\",\"name\":\"Radio Castor\",\"description\":\"La voix !\",\"publisher\":{\"@id\":\"https:\\\/\\\/www.radiocastor.com\\\/#organization\"},\"potentialAction\":[{\"@type\":\"SearchAction\",\"target\":{\"@type\":\"EntryPoint\",\"urlTemplate\":\"https:\\\/\\\/www.radiocastor.com\\\/?s={search_term_string}\"},\"query-input\":{\"@type\":\"PropertyValueSpecification\",\"valueRequired\":true,\"valueName\":\"search_term_string\"}}],\"inLanguage\":\"fr-FR\"},{\"@type\":\"Organization\",\"@id\":\"https:\\\/\\\/www.radiocastor.com\\\/#organization\",\"name\":\"Radio Castor\",\"url\":\"https:\\\/\\\/www.radiocastor.com\\\/\",\"logo\":{\"@type\":\"ImageObject\",\"inLanguage\":\"fr-FR\",\"@id\":\"https:\\\/\\\/www.radiocastor.com\\\/#\\\/schema\\\/logo\\\/image\\\/\",\"url\":\"https:\\\/\\\/www.radiocastor.com\\\/wp-content\\\/uploads\\\/2021\\\/11\\\/cropped-Radio-castor-logo-2.png\",\"contentUrl\":\"https:\\\/\\\/www.radiocastor.com\\\/wp-content\\\/uploads\\\/2021\\\/11\\\/cropped-Radio-castor-logo-2.png\",\"width\":437,\"height\":219,\"caption\":\"Radio Castor\"},\"image\":{\"@id\":\"https:\\\/\\\/www.radiocastor.com\\\/#\\\/schema\\\/logo\\\/image\\\/\"},\"sameAs\":[\"https:\\\/\\\/www.facebook.com\\\/theradiocastor\",\"https:\\\/\\\/x.com\\\/TheRadioCastor\",\"https:\\\/\\\/www.instagram.com\\\/theradiocastor\",\"https:\\\/\\\/www.youtube.com\\\/c\\\/RadioCastor\"]},{\"@type\":\"Person\",\"@id\":\"https:\\\/\\\/www.radiocastor.com\\\/#\\\/schema\\\/person\\\/558b0e47dc4c11fa52b2220ba6a78779\",\"name\":\"R\u00e9daction R C\",\"image\":{\"@type\":\"ImageObject\",\"inLanguage\":\"fr-FR\",\"@id\":\"https:\\\/\\\/secure.gravatar.com\\\/avatar\\\/1d3e4f4c4a0d129f7ed4838ea20c33760c2484b9bc381993df6c0e3f5bf89c23?s=96&d=mm&r=g\",\"url\":\"https:\\\/\\\/secure.gravatar.com\\\/avatar\\\/1d3e4f4c4a0d129f7ed4838ea20c33760c2484b9bc381993df6c0e3f5bf89c23?s=96&d=mm&r=g\",\"contentUrl\":\"https:\\\/\\\/secure.gravatar.com\\\/avatar\\\/1d3e4f4c4a0d129f7ed4838ea20c33760c2484b9bc381993df6c0e3f5bf89c23?s=96&d=mm&r=g\",\"caption\":\"R\u00e9daction R C\"},\"sameAs\":[\"http:\\\/\\\/www.radiocastor.com\"],\"url\":\"https:\\\/\\\/www.radiocastor.com\\\/index.php\\\/author\\\/radio-castor\\\/\"}]}<\/script>\n<!-- \/ Yoast SEO plugin. -->","yoast_head_json":{"title":"Titre du jour - Crabe - Sens le vent - Radio Castor","robots":{"index":"index","follow":"follow","max-snippet":"max-snippet:-1","max-image-preview":"max-image-preview:large","max-video-preview":"max-video-preview:-1"},"canonical":"https:\/\/www.radiocastor.com\/index.php\/titre-du-jour-crabe-sens-le-vent\/","og_locale":"fr_FR","og_type":"article","og_title":"Titre du jour - Crabe - Sens le vent - Radio Castor","og_description":"Aujourd&rsquo;hui, nous avons s\u00e9lectionn\u00e9 pour vous un titre de l&rsquo;artiste fran\u00e7ais Crabe, \u00ab\u00a0Sens le vent\u00a0\u00bb,...","og_url":"https:\/\/www.radiocastor.com\/index.php\/titre-du-jour-crabe-sens-le-vent\/","og_site_name":"Radio Castor","article_publisher":"https:\/\/www.facebook.com\/theradiocastor","article_published_time":"2023-05-27T15:55:41+00:00","article_modified_time":"2023-05-27T15:57:28+00:00","og_image":[{"width":689,"height":501,"url":"https:\/\/www.radiocastor.com\/wp-content\/uploads\/2023\/05\/346075718_1900095787025905_8313685698327668331_n.png","type":"image\/png"}],"author":"R\u00e9daction R C","twitter_card":"summary_large_image","twitter_creator":"@TheRadioCastor","twitter_site":"@TheRadioCastor","twitter_misc":{"\u00c9crit par":"R\u00e9daction R C","Dur\u00e9e de lecture estim\u00e9e":"1 minute"},"schema":{"@context":"https:\/\/schema.org","@graph":[{"@type":"Article","@id":"https:\/\/www.radiocastor.com\/index.php\/titre-du-jour-crabe-sens-le-vent\/#article","isPartOf":{"@id":"https:\/\/www.radiocastor.com\/index.php\/titre-du-jour-crabe-sens-le-vent\/"},"author":{"name":"R\u00e9daction R C","@id":"https:\/\/www.radiocastor.com\/#\/schema\/person\/558b0e47dc4c11fa52b2220ba6a78779"},"headline":"Titre du jour &#8211; Crabe &#8211; Sens le vent","datePublished":"2023-05-27T15:55:41+00:00","dateModified":"2023-05-27T15:57:28+00:00","mainEntityOfPage":{"@id":"https:\/\/www.radiocastor.com\/index.php\/titre-du-jour-crabe-sens-le-vent\/"},"wordCount":164,"publisher":{"@id":"https:\/\/www.radiocastor.com\/#organization"},"image":{"@id":"https:\/\/www.radiocastor.com\/index.php\/titre-du-jour-crabe-sens-le-vent\/#primaryimage"},"thumbnailUrl":"https:\/\/www.radiocastor.com\/wp-content\/uploads\/2023\/05\/346075718_1900095787025905_8313685698327668331_n.png","articleSection":["Titre du jour"],"inLanguage":"fr-FR"},{"@type":"WebPage","@id":"https:\/\/www.radiocastor.com\/index.php\/titre-du-jour-crabe-sens-le-vent\/","url":"https:\/\/www.radiocastor.com\/index.php\/titre-du-jour-crabe-sens-le-vent\/","name":"Titre du jour - Crabe - Sens le vent - Radio Castor","isPartOf":{"@id":"https:\/\/www.radiocastor.com\/#website"},"primaryImageOfPage":{"@id":"https:\/\/www.radiocastor.com\/index.php\/titre-du-jour-crabe-sens-le-vent\/#primaryimage"},"image":{"@id":"https:\/\/www.radiocastor.com\/index.php\/titre-du-jour-crabe-sens-le-vent\/#primaryimage"},"thumbnailUrl":"https:\/\/www.radiocastor.com\/wp-content\/uploads\/2023\/05\/346075718_1900095787025905_8313685698327668331_n.png","datePublished":"2023-05-27T15:55:41+00:00","dateModified":"2023-05-27T15:57:28+00:00","breadcrumb":{"@id":"https:\/\/www.radiocastor.com\/index.php\/titre-du-jour-crabe-sens-le-vent\/#breadcrumb"},"inLanguage":"fr-FR","potentialAction":[{"@type":"ReadAction","target":["https:\/\/www.radiocastor.com\/index.php\/titre-du-jour-crabe-sens-le-vent\/"]}]},{"@type":"ImageObject","inLanguage":"fr-FR","@id":"https:\/\/www.radiocastor.com\/index.php\/titre-du-jour-crabe-sens-le-vent\/#primaryimage","url":"https:\/\/www.radiocastor.com\/wp-content\/uploads\/2023\/05\/346075718_1900095787025905_8313685698327668331_n.png","contentUrl":"https:\/\/www.radiocastor.com\/wp-content\/uploads\/2023\/05\/346075718_1900095787025905_8313685698327668331_n.png","width":689,"height":501},{"@type":"BreadcrumbList","@id":"https:\/\/www.radiocastor.com\/index.php\/titre-du-jour-crabe-sens-le-vent\/#breadcrumb","itemListElement":[{"@type":"ListItem","position":1,"name":"Accueil","item":"https:\/\/www.radiocastor.com\/"},{"@type":"ListItem","position":2,"name":"Titre du jour &#8211; Crabe &#8211; Sens le vent"}]},{"@type":"WebSite","@id":"https:\/\/www.radiocastor.com\/#website","url":"https:\/\/www.radiocastor.com\/","name":"Radio Castor","description":"La voix !","publisher":{"@id":"https:\/\/www.radiocastor.com\/#organization"},"potentialAction":[{"@type":"SearchAction","target":{"@type":"EntryPoint","urlTemplate":"https:\/\/www.radiocastor.com\/?s={search_term_string}"},"query-input":{"@type":"PropertyValueSpecification","valueRequired":true,"valueName":"search_term_string"}}],"inLanguage":"fr-FR"},{"@type":"Organization","@id":"https:\/\/www.radiocastor.com\/#organization","name":"Radio Castor","url":"https:\/\/www.radiocastor.com\/","logo":{"@type":"ImageObject","inLanguage":"fr-FR","@id":"https:\/\/www.radiocastor.com\/#\/schema\/logo\/image\/","url":"https:\/\/www.radiocastor.com\/wp-content\/uploads\/2021\/11\/cropped-Radio-castor-logo-2.png","contentUrl":"https:\/\/www.radiocastor.com\/wp-content\/uploads\/2021\/11\/cropped-Radio-castor-logo-2.png","width":437,"height":219,"caption":"Radio Castor"},"image":{"@id":"https:\/\/www.radiocastor.com\/#\/schema\/logo\/image\/"},"sameAs":["https:\/\/www.facebook.com\/theradiocastor","https:\/\/x.com\/TheRadioCastor","https:\/\/www.instagram.com\/theradiocastor","https:\/\/www.youtube.com\/c\/RadioCastor"]},{"@type":"Person","@id":"https:\/\/www.radiocastor.com\/#\/schema\/person\/558b0e47dc4c11fa52b2220ba6a78779","name":"R\u00e9daction R C","image":{"@type":"ImageObject","inLanguage":"fr-FR","@id":"https:\/\/secure.gravatar.com\/avatar\/1d3e4f4c4a0d129f7ed4838ea20c33760c2484b9bc381993df6c0e3f5bf89c23?s=96&d=mm&r=g","url":"https:\/\/secure.gravatar.com\/avatar\/1d3e4f4c4a0d129f7ed4838ea20c33760c2484b9bc381993df6c0e3f5bf89c23?s=96&d=mm&r=g","contentUrl":"https:\/\/secure.gravatar.com\/avatar\/1d3e4f4c4a0d129f7ed4838ea20c33760c2484b9bc381993df6c0e3f5bf89c23?s=96&d=mm&r=g","caption":"R\u00e9daction R C"},"sameAs":["http:\/\/www.radiocastor.com"],"url":"https:\/\/www.radiocastor.com\/index.php\/author\/radio-castor\/"}]}},"uagb_featured_image_src":{"full":["https:\/\/www.radiocastor.com\/wp-content\/uploads\/2023\/05\/346075718_1900095787025905_8313685698327668331_n.png",689,501,false],"thumbnail":["https:\/\/www.radiocastor.com\/wp-content\/uploads\/2023\/05\/346075718_1900095787025905_8313685698327668331_n-150x150.png",150,150,true],"medium":["https:\/\/www.radiocastor.com\/wp-content\/uploads\/2023\/05\/346075718_1900095787025905_8313685698327668331_n-300x218.png",300,218,true],"medium_large":["https:\/\/www.radiocastor.com\/wp-content\/uploads\/2023\/05\/346075718_1900095787025905_8313685698327668331_n.png",640,465,false],"large":["https:\/\/www.radiocastor.com\/wp-content\/uploads\/2023\/05\/346075718_1900095787025905_8313685698327668331_n.png",640,465,false],"1536x1536":["https:\/\/www.radiocastor.com\/wp-content\/uploads\/2023\/05\/346075718_1900095787025905_8313685698327668331_n.png",689,501,false],"2048x2048":["https:\/\/www.radiocastor.com\/wp-content\/uploads\/2023\/05\/346075718_1900095787025905_8313685698327668331_n.png",689,501,false],"newsever-slider-full":["https:\/\/www.radiocastor.com\/wp-content\/uploads\/2023\/05\/346075718_1900095787025905_8313685698327668331_n.png",689,501,false],"newsever-featured":["https:\/\/www.radiocastor.com\/wp-content\/uploads\/2023\/05\/346075718_1900095787025905_8313685698327668331_n.png",689,501,false],"newsever-medium":["https:\/\/www.radiocastor.com\/wp-content\/uploads\/2023\/05\/346075718_1900095787025905_8313685698327668331_n-689x475.png",689,475,true]},"uagb_author_info":{"display_name":"R\u00e9daction R C","author_link":"https:\/\/www.radiocastor.com\/index.php\/author\/radio-castor\/"},"uagb_comment_info":0,"uagb_excerpt":"Aujourd&rsquo;hui, nous avons s\u00e9lectionn\u00e9 pour vous un titre de l&rsquo;artiste fran\u00e7ais Crabe, \u00ab\u00a0Sens le vent\u00a0\u00bb,...","_links":{"self":[{"href":"https:\/\/www.radiocastor.com\/index.php\/wp-json\/wp\/v2\/posts\/4940","targetHints":{"allow":["GET"]}}],"collection":[{"href":"https:\/\/www.radiocastor.com\/index.php\/wp-json\/wp\/v2\/posts"}],"about":[{"href":"https:\/\/www.radiocastor.com\/index.php\/wp-json\/wp\/v2\/types\/post"}],"author":[{"embeddable":true,"href":"https:\/\/www.radiocastor.com\/index.php\/wp-json\/wp\/v2\/users\/1"}],"replies":[{"embeddable":true,"href":"https:\/\/www.radiocastor.com\/index.php\/wp-json\/wp\/v2\/comments?post=4940"}],"version-history":[{"count":0,"href":"https:\/\/www.radiocastor.com\/index.php\/wp-json\/wp\/v2\/posts\/4940\/revisions"}],"wp:featuredmedia":[{"embeddable":true,"href":"https:\/\/www.radiocastor.com\/index.php\/wp-json\/wp\/v2\/media\/4941"}],"wp:attachment":[{"href":"https:\/\/www.radiocastor.com\/index.php\/wp-json\/wp\/v2\/media?parent=4940"}],"wp:term":[{"taxonomy":"category","embeddable":true,"href":"https:\/\/www.radiocastor.com\/index.php\/wp-json\/wp\/v2\/categories?post=4940"},{"taxonomy":"post_tag","embeddable":true,"href":"https:\/\/www.radiocastor.com\/index.php\/wp-json\/wp\/v2\/tags?post=4940"}],"curies":[{"name":"wp","href":"https:\/\/api.w.org\/{rel}","templated":true}]}}