{"id":492,"date":"2021-09-22T16:05:00","date_gmt":"2021-09-22T14:05:00","guid":{"rendered":"https:\/\/www.radiocastor.com\/?p=492"},"modified":"2021-12-11T16:23:28","modified_gmt":"2021-12-11T15:23:28","slug":"entretien-avec-andre-antibi-un-homme-orchestre-attache-a-la-tradition","status":"publish","type":"post","link":"https:\/\/www.radiocastor.com\/index.php\/entretien-avec-andre-antibi-un-homme-orchestre-attache-a-la-tradition\/","title":{"rendered":"Entretien avec Andr\u00e9 Antibi, un homme orchestre attach\u00e9 \u00e0 la tradition."},"content":{"rendered":"\n<p class=\"has-vivid-purple-color has-text-color\">Andr\u00e9 Antibi, professeur d&rsquo;universit\u00e9 \u00e9m\u00e9rite en math\u00e9matiques et en didactique. Passionn\u00e9 de musique, joue de six instruments, chante, chef d&rsquo;orchestre de jazz et de vari\u00e9t\u00e9 depuis l&rsquo;\u00e2ge de 19 ans ; a r\u00e9alis\u00e9 deux CD de ses compositions (23 chansons) ces dix derni\u00e8res ann\u00e9es.<\/p>\n\n\n\n<p class=\"has-vivid-purple-color has-text-color\">Inventeur d&rsquo;une m\u00e9thode de piano d&rsquo;accompagnement utilisant un nouveau solf\u00e8ge infiniment plus simple que le solf\u00e8ge usuel\u00a0 &#8211; M\u00e9thode \u00e9dit\u00e9e en 2018 \u00ab\u00a0Le piano d&rsquo;accompagnement vite et bien avec les grilles rythm\u00e9es\u00a0\u00bb &#8211; M\u00e9thode soutenue par l&rsquo;association des professeurs d&rsquo;\u00e9ducation musicale de France (APEMU) &#8211; Soutenue \u00e9galement (et pr\u00e9fac\u00e9e) par Jean-Michel\u00a0Blanquer, ministre de l&rsquo;\u00e9ducation nationale.<\/p>\n\n\n\n<p><\/p>\n\n\n\n<p class=\"has-vivid-purple-color has-text-color\"><em>Quelles sont vos sources d&rsquo;inspiration ?<\/em><\/p>\n\n\n\n<p>Ma vie sentimentale &#8211; Mon environnement familial &#8211; Mon d\u00e9sir de m&rsquo;exprimer par mes chansons.<\/p>\n\n\n\n<p><\/p>\n\n\n\n<p><iframe loading=\"lazy\" src=\"https:\/\/www.youtube.com\/embed\/4fd-kTKIDBo\" title=\"YouTube video player\" allow=\"accelerometer; autoplay; clipboard-write; encrypted-media; gyroscope; picture-in-picture\" allowfullscreen=\"\" width=\"560\" height=\"315\" frameborder=\"0\"><\/iframe><\/p>\n\n\n\n<p class=\"has-vivid-purple-color has-text-color\"><em>Quelle est votre m\u00e9thode de travail, processus de cr\u00e9ation musicale, \u00e9criture et composition ?<\/em><\/p>\n\n\n\n<p>Pas de m\u00e9thode pr\u00e9cise &#8211; En r\u00e9action \u00e0 des \u00e9v\u00e8nements qui sont \u00e0 l&rsquo;origine d&rsquo;une certaine \u00ab\u00a0inspiration\u00a0\u00bb<\/p>\n\n\n\n<p class=\"has-vivid-purple-color has-text-color\"><em>Avec qui travaillez-vous (pour la cr\u00e9ation, la production, la diffusion, la promotion, \u2026) ?<\/em><\/p>\n\n\n\n<p>Avec personne en particulier &#8211; Pour le plaisir<\/p>\n\n\n\n<p class=\"has-vivid-purple-color has-text-color\"><em>Quelle a \u00e9t\u00e9 votre plus belle rencontre musicale ?<\/em><\/p>\n\n\n\n<p>Rencontre et discussion avec Michel Fugain &#8211; Chanson \u00ab\u00a0Jeff\u00a0\u00bb de Jacques Brel<\/p>\n\n\n\n<p class=\"has-vivid-purple-color has-text-color\"><em>En dehors de votre musique, quels sont vos go\u00fbts musicaux ? Qui et quoi \u00e9coutez-vous, et y a-t-il des choses que vous d\u00e9testez ?<\/em><\/p>\n\n\n\n<p>J&rsquo;\u00e9coute peu de musique, je pr\u00e9f\u00e8re tr\u00e8s nettement en faire &#8211; Gouts musicaux : Fugain, Brel, Moustaki &#8211; Nette pr\u00e9f\u00e9rence pour les chansons tristes<\/p>\n\n\n\n<p><\/p>\n\n\n\n<p><iframe loading=\"lazy\" src=\"https:\/\/www.youtube.com\/embed\/UcqFZ3LbObs\" title=\"YouTube video player\" allow=\"accelerometer; autoplay; clipboard-write; encrypted-media; gyroscope; picture-in-picture\" allowfullscreen=\"\" width=\"560\" height=\"315\" frameborder=\"0\"><\/iframe><\/p>\n\n\n\n<p class=\"has-vivid-purple-color has-text-color\"><em>Au niveau des projets, pourrait-on s\u2019attendre \u00e0 de prochains titres ? Si oui, \u00e0 quoi pourrait-on se pr\u00e9parer ?<\/em><\/p>\n\n\n\n<p>Aucun projet particulier &#8211; Une dizaine de compositions non encore enregistr\u00e9es&nbsp;<\/p>\n\n\n\n<p class=\"has-vivid-purple-color has-text-color\"><em>A quelle occasion pourra-t-on vous retrouver ?<\/em><\/p>\n\n\n\n<p>Je ne sais pas<\/p>\n\n\n\n<p class=\"has-vivid-purple-color has-text-color\"><em>Avant de se quitter, nous rencontrons souvent des personnes souhaitant travailler dans le domaine musical. Auriez-vous quelques mots, conseils \u00e0 leur apporter ?<\/em><\/p>\n\n\n\n<p>Principal conseil : se dire que tout le monde peut faire de la musique, hors comp\u00e9tition &#8211; La musique est avant tout un moyen d&rsquo;expression &#8211; Jouer avec ses moyens &#8211; Ne pas chercher \u00e0 faire des exploits techniques, car sinon il n&rsquo;y a souvent plus de place pour l&rsquo;expression.<\/p>\n\n\n\n<p><\/p>\n\n\n\n<p class=\"has-vivid-purple-color has-text-color\">Merci Andr\u00e9, \u00e0 bient\u00f4t.<\/p>\n\n\n\n<p><\/p>\n\n\n\n<p class=\"has-text-align-center\"><a href=\"https:\/\/www.youtube.com\/channel\/UCbOIhFQSNNJ8DAnv2Mh9KpA\" target=\"_blank\" rel=\"noreferrer noopener\">YouTube<\/a> &#8211; <a href=\"https:\/\/open.spotify.com\/artist\/3Jpdo4P6LyPYfd0S9NBH3f?si=z29cs-rlRySKEKd7T0VQQQ\" target=\"_blank\" rel=\"noreferrer noopener\">Spotify<\/a> &#8211; <a href=\"https:\/\/www.deezer.com\/fr\/artist\/110405522\" target=\"_blank\" rel=\"noreferrer noopener\">Deezer<\/a><\/p>\n","protected":false},"excerpt":{"rendered":"<p>Andr\u00e9 Antibi, professeur d&rsquo;universit\u00e9 \u00e9m\u00e9rite en math\u00e9matiques et en didactique. Passionn\u00e9 de musique, joue de&#8230;<\/p>\n","protected":false},"author":1,"featured_media":493,"comment_status":"closed","ping_status":"open","sticky":false,"template":"","format":"standard","meta":{"_uag_custom_page_level_css":"","footnotes":""},"categories":[42,44],"tags":[],"class_list":["post-492","post","type-post","status-publish","format-standard","has-post-thumbnail","hentry","category-artistes","category-interview"],"yoast_head":"<!-- This site is optimized with the Yoast SEO plugin v27.4 - https:\/\/yoast.com\/product\/yoast-seo-wordpress\/ -->\n<title>Entretien avec Andr\u00e9 Antibi, un homme orchestre attach\u00e9 \u00e0 la tradition. - Radio Castor<\/title>\n<meta name=\"robots\" content=\"index, follow, max-snippet:-1, max-image-preview:large, max-video-preview:-1\" \/>\n<link rel=\"canonical\" href=\"https:\/\/www.radiocastor.com\/index.php\/entretien-avec-andre-antibi-un-homme-orchestre-attache-a-la-tradition\/\" \/>\n<meta property=\"og:locale\" content=\"fr_FR\" \/>\n<meta property=\"og:type\" content=\"article\" \/>\n<meta property=\"og:title\" content=\"Entretien avec Andr\u00e9 Antibi, un homme orchestre attach\u00e9 \u00e0 la tradition. - Radio Castor\" \/>\n<meta property=\"og:description\" content=\"Andr\u00e9 Antibi, professeur d&rsquo;universit\u00e9 \u00e9m\u00e9rite en math\u00e9matiques et en didactique. Passionn\u00e9 de musique, joue de...\" \/>\n<meta property=\"og:url\" content=\"https:\/\/www.radiocastor.com\/index.php\/entretien-avec-andre-antibi-un-homme-orchestre-attache-a-la-tradition\/\" \/>\n<meta property=\"og:site_name\" content=\"Radio Castor\" \/>\n<meta property=\"article:publisher\" content=\"https:\/\/www.facebook.com\/theradiocastor\" \/>\n<meta property=\"article:published_time\" content=\"2021-09-22T14:05:00+00:00\" \/>\n<meta property=\"article:modified_time\" content=\"2021-12-11T15:23:28+00:00\" \/>\n<meta property=\"og:image\" content=\"https:\/\/www.radiocastor.com\/wp-content\/uploads\/2021\/12\/Andre-Antibi.jpg\" \/>\n\t<meta property=\"og:image:width\" content=\"264\" \/>\n\t<meta property=\"og:image:height\" content=\"264\" \/>\n\t<meta property=\"og:image:type\" content=\"image\/jpeg\" \/>\n<meta name=\"author\" content=\"R\u00e9daction R C\" \/>\n<meta name=\"twitter:card\" content=\"summary_large_image\" \/>\n<meta name=\"twitter:creator\" content=\"@TheRadioCastor\" \/>\n<meta name=\"twitter:site\" content=\"@TheRadioCastor\" \/>\n<meta name=\"twitter:label1\" content=\"\u00c9crit par\" \/>\n\t<meta name=\"twitter:data1\" content=\"R\u00e9daction R C\" \/>\n\t<meta name=\"twitter:label2\" content=\"Dur\u00e9e de lecture estim\u00e9e\" \/>\n\t<meta name=\"twitter:data2\" content=\"2 minutes\" \/>\n<script type=\"application\/ld+json\" class=\"yoast-schema-graph\">{\"@context\":\"https:\\\/\\\/schema.org\",\"@graph\":[{\"@type\":\"Article\",\"@id\":\"https:\\\/\\\/www.radiocastor.com\\\/index.php\\\/entretien-avec-andre-antibi-un-homme-orchestre-attache-a-la-tradition\\\/#article\",\"isPartOf\":{\"@id\":\"https:\\\/\\\/www.radiocastor.com\\\/index.php\\\/entretien-avec-andre-antibi-un-homme-orchestre-attache-a-la-tradition\\\/\"},\"author\":{\"name\":\"R\u00e9daction R C\",\"@id\":\"https:\\\/\\\/www.radiocastor.com\\\/#\\\/schema\\\/person\\\/558b0e47dc4c11fa52b2220ba6a78779\"},\"headline\":\"Entretien avec Andr\u00e9 Antibi, un homme orchestre attach\u00e9 \u00e0 la tradition.\",\"datePublished\":\"2021-09-22T14:05:00+00:00\",\"dateModified\":\"2021-12-11T15:23:28+00:00\",\"mainEntityOfPage\":{\"@id\":\"https:\\\/\\\/www.radiocastor.com\\\/index.php\\\/entretien-avec-andre-antibi-un-homme-orchestre-attache-a-la-tradition\\\/\"},\"wordCount\":405,\"publisher\":{\"@id\":\"https:\\\/\\\/www.radiocastor.com\\\/#organization\"},\"image\":{\"@id\":\"https:\\\/\\\/www.radiocastor.com\\\/index.php\\\/entretien-avec-andre-antibi-un-homme-orchestre-attache-a-la-tradition\\\/#primaryimage\"},\"thumbnailUrl\":\"https:\\\/\\\/www.radiocastor.com\\\/wp-content\\\/uploads\\\/2021\\\/12\\\/Andre-Antibi.jpg\",\"articleSection\":[\"Artistes\",\"Interview\"],\"inLanguage\":\"fr-FR\"},{\"@type\":\"WebPage\",\"@id\":\"https:\\\/\\\/www.radiocastor.com\\\/index.php\\\/entretien-avec-andre-antibi-un-homme-orchestre-attache-a-la-tradition\\\/\",\"url\":\"https:\\\/\\\/www.radiocastor.com\\\/index.php\\\/entretien-avec-andre-antibi-un-homme-orchestre-attache-a-la-tradition\\\/\",\"name\":\"Entretien avec Andr\u00e9 Antibi, un homme orchestre attach\u00e9 \u00e0 la tradition. - Radio Castor\",\"isPartOf\":{\"@id\":\"https:\\\/\\\/www.radiocastor.com\\\/#website\"},\"primaryImageOfPage\":{\"@id\":\"https:\\\/\\\/www.radiocastor.com\\\/index.php\\\/entretien-avec-andre-antibi-un-homme-orchestre-attache-a-la-tradition\\\/#primaryimage\"},\"image\":{\"@id\":\"https:\\\/\\\/www.radiocastor.com\\\/index.php\\\/entretien-avec-andre-antibi-un-homme-orchestre-attache-a-la-tradition\\\/#primaryimage\"},\"thumbnailUrl\":\"https:\\\/\\\/www.radiocastor.com\\\/wp-content\\\/uploads\\\/2021\\\/12\\\/Andre-Antibi.jpg\",\"datePublished\":\"2021-09-22T14:05:00+00:00\",\"dateModified\":\"2021-12-11T15:23:28+00:00\",\"breadcrumb\":{\"@id\":\"https:\\\/\\\/www.radiocastor.com\\\/index.php\\\/entretien-avec-andre-antibi-un-homme-orchestre-attache-a-la-tradition\\\/#breadcrumb\"},\"inLanguage\":\"fr-FR\",\"potentialAction\":[{\"@type\":\"ReadAction\",\"target\":[\"https:\\\/\\\/www.radiocastor.com\\\/index.php\\\/entretien-avec-andre-antibi-un-homme-orchestre-attache-a-la-tradition\\\/\"]}]},{\"@type\":\"ImageObject\",\"inLanguage\":\"fr-FR\",\"@id\":\"https:\\\/\\\/www.radiocastor.com\\\/index.php\\\/entretien-avec-andre-antibi-un-homme-orchestre-attache-a-la-tradition\\\/#primaryimage\",\"url\":\"https:\\\/\\\/www.radiocastor.com\\\/wp-content\\\/uploads\\\/2021\\\/12\\\/Andre-Antibi.jpg\",\"contentUrl\":\"https:\\\/\\\/www.radiocastor.com\\\/wp-content\\\/uploads\\\/2021\\\/12\\\/Andre-Antibi.jpg\",\"width\":264,\"height\":264,\"caption\":\"Andr\u00e9\"},{\"@type\":\"BreadcrumbList\",\"@id\":\"https:\\\/\\\/www.radiocastor.com\\\/index.php\\\/entretien-avec-andre-antibi-un-homme-orchestre-attache-a-la-tradition\\\/#breadcrumb\",\"itemListElement\":[{\"@type\":\"ListItem\",\"position\":1,\"name\":\"Accueil\",\"item\":\"https:\\\/\\\/www.radiocastor.com\\\/\"},{\"@type\":\"ListItem\",\"position\":2,\"name\":\"Entretien avec Andr\u00e9 Antibi, un homme orchestre attach\u00e9 \u00e0 la tradition.\"}]},{\"@type\":\"WebSite\",\"@id\":\"https:\\\/\\\/www.radiocastor.com\\\/#website\",\"url\":\"https:\\\/\\\/www.radiocastor.com\\\/\",\"name\":\"Radio Castor\",\"description\":\"La voix !\",\"publisher\":{\"@id\":\"https:\\\/\\\/www.radiocastor.com\\\/#organization\"},\"potentialAction\":[{\"@type\":\"SearchAction\",\"target\":{\"@type\":\"EntryPoint\",\"urlTemplate\":\"https:\\\/\\\/www.radiocastor.com\\\/?s={search_term_string}\"},\"query-input\":{\"@type\":\"PropertyValueSpecification\",\"valueRequired\":true,\"valueName\":\"search_term_string\"}}],\"inLanguage\":\"fr-FR\"},{\"@type\":\"Organization\",\"@id\":\"https:\\\/\\\/www.radiocastor.com\\\/#organization\",\"name\":\"Radio Castor\",\"url\":\"https:\\\/\\\/www.radiocastor.com\\\/\",\"logo\":{\"@type\":\"ImageObject\",\"inLanguage\":\"fr-FR\",\"@id\":\"https:\\\/\\\/www.radiocastor.com\\\/#\\\/schema\\\/logo\\\/image\\\/\",\"url\":\"https:\\\/\\\/www.radiocastor.com\\\/wp-content\\\/uploads\\\/2021\\\/11\\\/cropped-Radio-castor-logo-2.png\",\"contentUrl\":\"https:\\\/\\\/www.radiocastor.com\\\/wp-content\\\/uploads\\\/2021\\\/11\\\/cropped-Radio-castor-logo-2.png\",\"width\":437,\"height\":219,\"caption\":\"Radio Castor\"},\"image\":{\"@id\":\"https:\\\/\\\/www.radiocastor.com\\\/#\\\/schema\\\/logo\\\/image\\\/\"},\"sameAs\":[\"https:\\\/\\\/www.facebook.com\\\/theradiocastor\",\"https:\\\/\\\/x.com\\\/TheRadioCastor\",\"https:\\\/\\\/www.instagram.com\\\/theradiocastor\",\"https:\\\/\\\/www.youtube.com\\\/c\\\/RadioCastor\"]},{\"@type\":\"Person\",\"@id\":\"https:\\\/\\\/www.radiocastor.com\\\/#\\\/schema\\\/person\\\/558b0e47dc4c11fa52b2220ba6a78779\",\"name\":\"R\u00e9daction R C\",\"image\":{\"@type\":\"ImageObject\",\"inLanguage\":\"fr-FR\",\"@id\":\"https:\\\/\\\/secure.gravatar.com\\\/avatar\\\/1d3e4f4c4a0d129f7ed4838ea20c33760c2484b9bc381993df6c0e3f5bf89c23?s=96&d=mm&r=g\",\"url\":\"https:\\\/\\\/secure.gravatar.com\\\/avatar\\\/1d3e4f4c4a0d129f7ed4838ea20c33760c2484b9bc381993df6c0e3f5bf89c23?s=96&d=mm&r=g\",\"contentUrl\":\"https:\\\/\\\/secure.gravatar.com\\\/avatar\\\/1d3e4f4c4a0d129f7ed4838ea20c33760c2484b9bc381993df6c0e3f5bf89c23?s=96&d=mm&r=g\",\"caption\":\"R\u00e9daction R C\"},\"sameAs\":[\"http:\\\/\\\/www.radiocastor.com\"],\"url\":\"https:\\\/\\\/www.radiocastor.com\\\/index.php\\\/author\\\/radio-castor\\\/\"}]}<\/script>\n<!-- \/ Yoast SEO plugin. -->","yoast_head_json":{"title":"Entretien avec Andr\u00e9 Antibi, un homme orchestre attach\u00e9 \u00e0 la tradition. - Radio Castor","robots":{"index":"index","follow":"follow","max-snippet":"max-snippet:-1","max-image-preview":"max-image-preview:large","max-video-preview":"max-video-preview:-1"},"canonical":"https:\/\/www.radiocastor.com\/index.php\/entretien-avec-andre-antibi-un-homme-orchestre-attache-a-la-tradition\/","og_locale":"fr_FR","og_type":"article","og_title":"Entretien avec Andr\u00e9 Antibi, un homme orchestre attach\u00e9 \u00e0 la tradition. - Radio Castor","og_description":"Andr\u00e9 Antibi, professeur d&rsquo;universit\u00e9 \u00e9m\u00e9rite en math\u00e9matiques et en didactique. Passionn\u00e9 de musique, joue de...","og_url":"https:\/\/www.radiocastor.com\/index.php\/entretien-avec-andre-antibi-un-homme-orchestre-attache-a-la-tradition\/","og_site_name":"Radio Castor","article_publisher":"https:\/\/www.facebook.com\/theradiocastor","article_published_time":"2021-09-22T14:05:00+00:00","article_modified_time":"2021-12-11T15:23:28+00:00","og_image":[{"width":264,"height":264,"url":"https:\/\/www.radiocastor.com\/wp-content\/uploads\/2021\/12\/Andre-Antibi.jpg","type":"image\/jpeg"}],"author":"R\u00e9daction R C","twitter_card":"summary_large_image","twitter_creator":"@TheRadioCastor","twitter_site":"@TheRadioCastor","twitter_misc":{"\u00c9crit par":"R\u00e9daction R C","Dur\u00e9e de lecture estim\u00e9e":"2 minutes"},"schema":{"@context":"https:\/\/schema.org","@graph":[{"@type":"Article","@id":"https:\/\/www.radiocastor.com\/index.php\/entretien-avec-andre-antibi-un-homme-orchestre-attache-a-la-tradition\/#article","isPartOf":{"@id":"https:\/\/www.radiocastor.com\/index.php\/entretien-avec-andre-antibi-un-homme-orchestre-attache-a-la-tradition\/"},"author":{"name":"R\u00e9daction R C","@id":"https:\/\/www.radiocastor.com\/#\/schema\/person\/558b0e47dc4c11fa52b2220ba6a78779"},"headline":"Entretien avec Andr\u00e9 Antibi, un homme orchestre attach\u00e9 \u00e0 la tradition.","datePublished":"2021-09-22T14:05:00+00:00","dateModified":"2021-12-11T15:23:28+00:00","mainEntityOfPage":{"@id":"https:\/\/www.radiocastor.com\/index.php\/entretien-avec-andre-antibi-un-homme-orchestre-attache-a-la-tradition\/"},"wordCount":405,"publisher":{"@id":"https:\/\/www.radiocastor.com\/#organization"},"image":{"@id":"https:\/\/www.radiocastor.com\/index.php\/entretien-avec-andre-antibi-un-homme-orchestre-attache-a-la-tradition\/#primaryimage"},"thumbnailUrl":"https:\/\/www.radiocastor.com\/wp-content\/uploads\/2021\/12\/Andre-Antibi.jpg","articleSection":["Artistes","Interview"],"inLanguage":"fr-FR"},{"@type":"WebPage","@id":"https:\/\/www.radiocastor.com\/index.php\/entretien-avec-andre-antibi-un-homme-orchestre-attache-a-la-tradition\/","url":"https:\/\/www.radiocastor.com\/index.php\/entretien-avec-andre-antibi-un-homme-orchestre-attache-a-la-tradition\/","name":"Entretien avec Andr\u00e9 Antibi, un homme orchestre attach\u00e9 \u00e0 la tradition. - Radio Castor","isPartOf":{"@id":"https:\/\/www.radiocastor.com\/#website"},"primaryImageOfPage":{"@id":"https:\/\/www.radiocastor.com\/index.php\/entretien-avec-andre-antibi-un-homme-orchestre-attache-a-la-tradition\/#primaryimage"},"image":{"@id":"https:\/\/www.radiocastor.com\/index.php\/entretien-avec-andre-antibi-un-homme-orchestre-attache-a-la-tradition\/#primaryimage"},"thumbnailUrl":"https:\/\/www.radiocastor.com\/wp-content\/uploads\/2021\/12\/Andre-Antibi.jpg","datePublished":"2021-09-22T14:05:00+00:00","dateModified":"2021-12-11T15:23:28+00:00","breadcrumb":{"@id":"https:\/\/www.radiocastor.com\/index.php\/entretien-avec-andre-antibi-un-homme-orchestre-attache-a-la-tradition\/#breadcrumb"},"inLanguage":"fr-FR","potentialAction":[{"@type":"ReadAction","target":["https:\/\/www.radiocastor.com\/index.php\/entretien-avec-andre-antibi-un-homme-orchestre-attache-a-la-tradition\/"]}]},{"@type":"ImageObject","inLanguage":"fr-FR","@id":"https:\/\/www.radiocastor.com\/index.php\/entretien-avec-andre-antibi-un-homme-orchestre-attache-a-la-tradition\/#primaryimage","url":"https:\/\/www.radiocastor.com\/wp-content\/uploads\/2021\/12\/Andre-Antibi.jpg","contentUrl":"https:\/\/www.radiocastor.com\/wp-content\/uploads\/2021\/12\/Andre-Antibi.jpg","width":264,"height":264,"caption":"Andr\u00e9"},{"@type":"BreadcrumbList","@id":"https:\/\/www.radiocastor.com\/index.php\/entretien-avec-andre-antibi-un-homme-orchestre-attache-a-la-tradition\/#breadcrumb","itemListElement":[{"@type":"ListItem","position":1,"name":"Accueil","item":"https:\/\/www.radiocastor.com\/"},{"@type":"ListItem","position":2,"name":"Entretien avec Andr\u00e9 Antibi, un homme orchestre attach\u00e9 \u00e0 la tradition."}]},{"@type":"WebSite","@id":"https:\/\/www.radiocastor.com\/#website","url":"https:\/\/www.radiocastor.com\/","name":"Radio Castor","description":"La voix !","publisher":{"@id":"https:\/\/www.radiocastor.com\/#organization"},"potentialAction":[{"@type":"SearchAction","target":{"@type":"EntryPoint","urlTemplate":"https:\/\/www.radiocastor.com\/?s={search_term_string}"},"query-input":{"@type":"PropertyValueSpecification","valueRequired":true,"valueName":"search_term_string"}}],"inLanguage":"fr-FR"},{"@type":"Organization","@id":"https:\/\/www.radiocastor.com\/#organization","name":"Radio Castor","url":"https:\/\/www.radiocastor.com\/","logo":{"@type":"ImageObject","inLanguage":"fr-FR","@id":"https:\/\/www.radiocastor.com\/#\/schema\/logo\/image\/","url":"https:\/\/www.radiocastor.com\/wp-content\/uploads\/2021\/11\/cropped-Radio-castor-logo-2.png","contentUrl":"https:\/\/www.radiocastor.com\/wp-content\/uploads\/2021\/11\/cropped-Radio-castor-logo-2.png","width":437,"height":219,"caption":"Radio Castor"},"image":{"@id":"https:\/\/www.radiocastor.com\/#\/schema\/logo\/image\/"},"sameAs":["https:\/\/www.facebook.com\/theradiocastor","https:\/\/x.com\/TheRadioCastor","https:\/\/www.instagram.com\/theradiocastor","https:\/\/www.youtube.com\/c\/RadioCastor"]},{"@type":"Person","@id":"https:\/\/www.radiocastor.com\/#\/schema\/person\/558b0e47dc4c11fa52b2220ba6a78779","name":"R\u00e9daction R C","image":{"@type":"ImageObject","inLanguage":"fr-FR","@id":"https:\/\/secure.gravatar.com\/avatar\/1d3e4f4c4a0d129f7ed4838ea20c33760c2484b9bc381993df6c0e3f5bf89c23?s=96&d=mm&r=g","url":"https:\/\/secure.gravatar.com\/avatar\/1d3e4f4c4a0d129f7ed4838ea20c33760c2484b9bc381993df6c0e3f5bf89c23?s=96&d=mm&r=g","contentUrl":"https:\/\/secure.gravatar.com\/avatar\/1d3e4f4c4a0d129f7ed4838ea20c33760c2484b9bc381993df6c0e3f5bf89c23?s=96&d=mm&r=g","caption":"R\u00e9daction R C"},"sameAs":["http:\/\/www.radiocastor.com"],"url":"https:\/\/www.radiocastor.com\/index.php\/author\/radio-castor\/"}]}},"uagb_featured_image_src":{"full":["https:\/\/www.radiocastor.com\/wp-content\/uploads\/2021\/12\/Andre-Antibi.jpg",264,264,false],"thumbnail":["https:\/\/www.radiocastor.com\/wp-content\/uploads\/2021\/12\/Andre-Antibi-150x150.jpg",150,150,true],"medium":["https:\/\/www.radiocastor.com\/wp-content\/uploads\/2021\/12\/Andre-Antibi.jpg",264,264,false],"medium_large":["https:\/\/www.radiocastor.com\/wp-content\/uploads\/2021\/12\/Andre-Antibi.jpg",264,264,false],"large":["https:\/\/www.radiocastor.com\/wp-content\/uploads\/2021\/12\/Andre-Antibi.jpg",264,264,false],"1536x1536":["https:\/\/www.radiocastor.com\/wp-content\/uploads\/2021\/12\/Andre-Antibi.jpg",264,264,false],"2048x2048":["https:\/\/www.radiocastor.com\/wp-content\/uploads\/2021\/12\/Andre-Antibi.jpg",264,264,false],"newsever-slider-full":["https:\/\/www.radiocastor.com\/wp-content\/uploads\/2021\/12\/Andre-Antibi.jpg",264,264,false],"newsever-featured":["https:\/\/www.radiocastor.com\/wp-content\/uploads\/2021\/12\/Andre-Antibi.jpg",264,264,false],"newsever-medium":["https:\/\/www.radiocastor.com\/wp-content\/uploads\/2021\/12\/Andre-Antibi.jpg",264,264,false]},"uagb_author_info":{"display_name":"R\u00e9daction R C","author_link":"https:\/\/www.radiocastor.com\/index.php\/author\/radio-castor\/"},"uagb_comment_info":0,"uagb_excerpt":"Andr\u00e9 Antibi, professeur d&rsquo;universit\u00e9 \u00e9m\u00e9rite en math\u00e9matiques et en didactique. Passionn\u00e9 de musique, joue de...","_links":{"self":[{"href":"https:\/\/www.radiocastor.com\/index.php\/wp-json\/wp\/v2\/posts\/492","targetHints":{"allow":["GET"]}}],"collection":[{"href":"https:\/\/www.radiocastor.com\/index.php\/wp-json\/wp\/v2\/posts"}],"about":[{"href":"https:\/\/www.radiocastor.com\/index.php\/wp-json\/wp\/v2\/types\/post"}],"author":[{"embeddable":true,"href":"https:\/\/www.radiocastor.com\/index.php\/wp-json\/wp\/v2\/users\/1"}],"replies":[{"embeddable":true,"href":"https:\/\/www.radiocastor.com\/index.php\/wp-json\/wp\/v2\/comments?post=492"}],"version-history":[{"count":0,"href":"https:\/\/www.radiocastor.com\/index.php\/wp-json\/wp\/v2\/posts\/492\/revisions"}],"wp:featuredmedia":[{"embeddable":true,"href":"https:\/\/www.radiocastor.com\/index.php\/wp-json\/wp\/v2\/media\/493"}],"wp:attachment":[{"href":"https:\/\/www.radiocastor.com\/index.php\/wp-json\/wp\/v2\/media?parent=492"}],"wp:term":[{"taxonomy":"category","embeddable":true,"href":"https:\/\/www.radiocastor.com\/index.php\/wp-json\/wp\/v2\/categories?post=492"},{"taxonomy":"post_tag","embeddable":true,"href":"https:\/\/www.radiocastor.com\/index.php\/wp-json\/wp\/v2\/tags?post=492"}],"curies":[{"name":"wp","href":"https:\/\/api.w.org\/{rel}","templated":true}]}}