{"id":483,"date":"2021-09-06T15:26:00","date_gmt":"2021-09-06T13:26:00","guid":{"rendered":"https:\/\/www.radiocastor.com\/?p=483"},"modified":"2021-12-19T15:36:04","modified_gmt":"2021-12-19T14:36:04","slug":"antibes-rencontre-avec-le-chanteur-fox-nigon-interview-sur-le-pouce","status":"publish","type":"post","link":"https:\/\/www.radiocastor.com\/index.php\/antibes-rencontre-avec-le-chanteur-fox-nigon-interview-sur-le-pouce\/","title":{"rendered":"Antibes, rencontre avec le chanteur Fox Nigon, interview sur le pouce !"},"content":{"rendered":"\n<p><strong>Nous avons particuli\u00e8rement aim\u00e9 votre dernier EP, \u00ab\u00a0Auguries\u00a0\u00bb, ce qui nous a donn\u00e9 envie de venir vous \u00e9couter en concert, ici \u00e0 Antibes, au Festival Pop&rsquo; Arts. Merci de nous accorder quelques instants\u2026<\/strong><\/p>\n\n\n\n<p class=\"has-vivid-purple-color has-text-color\">Cet \u00e9t\u00e9, apr\u00e8s son concert, Fox Nigon nous a accord\u00e9 un moment, \u00e0 deux pas de la sc\u00e8ne, au restaurant traiteur \u00ab\u00a0Maison Maillard\u00a0\u00bb, o\u00f9 une grande table a \u00e9t\u00e9 dress\u00e9e pour qu&rsquo;il puisse terminer la soir\u00e9e avec ses amis.<\/p>\n\n\n\n<p class=\"has-vivid-purple-color has-text-color\"><img loading=\"lazy\" decoding=\"async\" width=\"1200\" height=\"628\" class=\"wp-image-484\" style=\"width: 300px;  float: left; padding: 20px;\" src=\"https:\/\/www.radiocastor.com\/wp-content\/uploads\/2021\/12\/Antibes-.jpg\" alt=\"\" srcset=\"https:\/\/www.radiocastor.com\/wp-content\/uploads\/2021\/12\/Antibes-.jpg 1200w, https:\/\/www.radiocastor.com\/wp-content\/uploads\/2021\/12\/Antibes--300x157.jpg 300w, https:\/\/www.radiocastor.com\/wp-content\/uploads\/2021\/12\/Antibes--1024x536.jpg 1024w, https:\/\/www.radiocastor.com\/wp-content\/uploads\/2021\/12\/Antibes--768x402.jpg 768w\" sizes=\"auto, (max-width: 1200px) 100vw, 1200px\" \/><em>Vous nous avez particuli\u00e8rement \u00e9mu lors de l&rsquo;\u00e9vocation de votre accident, et de la pr\u00e9sentation de la F\u00e9d\u00e9ration France AVC, dont vous \u00eates le parrain. C&rsquo;est quelque chose que vous faites \u00e0 chaque concert ?<\/em><\/p>\n\n\n\n<p>Oui, pratiquement! Surtout aujourd&rsquo;hui o\u00f9 l&rsquo;on ne parle plus que de Covid, les gens ont tendances \u00e0 oublier qu&rsquo;il y a d&rsquo;autres maladies, en l&rsquo;occurrence, l&rsquo;AVC, c&rsquo;est 60.000 morts par an en France !<\/p>\n\n\n\n<p><\/p>\n\n\n\n<p class=\"has-vivid-purple-color has-text-color\"><em>Et plus de 2 heures de concert, ce n&rsquo;est pas trop \u00e9prouvant ?<\/em><\/p>\n\n\n\n<p>Non, au contraire, c&rsquo;est une th\u00e9rapie. Et toute l&rsquo;\u00e9nergie qui vient du public me donne toutes les forces du monde. Comme je le dis dans mes chansons, je suis d\u00e9j\u00e0 mort une fois, alors je ne crains plus rien; autant tout vivre \u00e0 fond.<\/p>\n\n\n\n<p class=\"has-vivid-purple-color has-text-color\"><em>Apr\u00e8s deux albums et un EP, quand on entend tous vos morceaux sur sc\u00e8ne, les uns apr\u00e8s les autres, on sent une nette \u00e9volution, d&rsquo;abord dans la performance, mais aussi dans la composition. Comment vous l&rsquo;expliquez ?<\/em><\/p>\n\n\n\n<p>Je suis venu tard \u00e0 la chanson, apr\u00e8s mon accident. Pour moi, c&rsquo;est une nouvelle vie, et un nouveau m\u00e9tier, pour lequel je n&rsquo;ai jamais \u00e9t\u00e9 form\u00e9. J&rsquo;ai d\u00e9marr\u00e9 avec mes tripes plus qu&rsquo;avec ma voix. Avec l&rsquo;album \u00ab\u00a0to be AND to be\u00a0\u00bb, j&rsquo;ai r\u00e9alis\u00e9 que j&rsquo;avais beaucoup de choses \u00e0 apprendre, surtout la technique, et j&rsquo;ai commenc\u00e9 \u00e0 travailler avec une coach vocale.<br>Et puis depuis \u00ab\u00a0The game is over\u00a0\u00bb, je continue \u00e0 travailler avec Matt Butler. C&rsquo;est un grand Monsieur qui a contribu\u00e9 au succ\u00e8s de tellement de star\u2026 j&rsquo;ai vraiment de la chance, car ses arrangements donnent \u00e0 mes compositions une toute autre dimension.<\/p>\n\n\n\n<p class=\"has-vivid-purple-color has-text-color\"><em>Vous nous aviez habitu\u00e9 \u00e0 des titres plut\u00f4t auto-biographiques, avec \u00ab\u00a0Auguries\u00a0\u00bb, rien de tout \u00e7a ?<\/em><\/p>\n\n\n\n<p>Je n&rsquo;ai jamais \u00e9crit de chansons \u00ab\u00a0auto-biographiques\u00a0\u00bb pour parler de moi, mais dans le but de servir des id\u00e9es et des causes. Avec Auguries, je ne me sert plus de moi, mais l&rsquo;album est tout aussi engag\u00e9.<\/p>\n\n\n\n<p class=\"has-vivid-purple-color has-text-color\"><em>Engag\u00e9, certes, on peut m\u00eame dire politiquement incorrect ?<\/em><\/p>\n\n\n\n<p>Incorrect ? Non. D\u00e9cal\u00e9, oui, surtout par rapport \u00e0 la pens\u00e9e unique qui domine aujourd&rsquo;hui. Quoi que les th\u00e8mes \u00e9cologistes ou anti-guerre non rien de d\u00e9cal\u00e9s ou d&rsquo;incorrects\u2026<\/p>\n\n\n\n<p class=\"has-vivid-purple-color has-text-color\"><em>Mais avec \u00ab\u00a0Mister Fear\u00a0\u00bb ou \u00ab\u00a0No no no\u00a0\u00bb, vous sortez des id\u00e9es convenues\u2026 seriez-vous complotiste ?<\/em><\/p>\n\n\n\n<p><iframe loading=\"lazy\" src=\"https:\/\/www.youtube.com\/embed\/cG8KK_5Foqo\" title=\"YouTube video player\" allow=\"accelerometer; autoplay; clipboard-write; encrypted-media; gyroscope; picture-in-picture\" allowfullscreen=\"\" width=\"560\" height=\"315\" frameborder=\"0\"><\/iframe><\/p>\n\n\n\n<p>(rires) je crois que les personnes, les entreprises, les politiques, les pays, ont tous des strat\u00e9gies pour atteindre leurs objectifs. Ces strat\u00e9gies sont plus ou moins secr\u00e8tes, pour se prot\u00e9ger de la concurrence. Alors oui, je crois en la th\u00e9orie des strat\u00e9gies. Si vous m\u00e9langez complot et strat\u00e9gie, c&rsquo;est juste que mon analyse d\u00e9range !<br>Et puis \u00ab\u00a0No no no\u00a0\u00bb n&rsquo;est pas plus complotiste, anarchiste ou r\u00e9actionnaire que \u00ab\u00a0R\u00e9volution\u00a0\u00bb, que j&rsquo;ai \u00e9crite il y a d\u00e9j\u00e0 quatre ans\u2026<\/p>\n\n\n\n<p class=\"has-vivid-purple-color has-text-color\"><em>Quels sont vos projets ?<\/em><\/p>\n\n\n\n<p>Je dois terminer l&rsquo;album que nous avons commenc\u00e9 avec Matt et Rob, \u00ab\u00a0Auguries\u00a0\u00bb n&rsquo;est que le premier volet. Il reste encore 7 titres \u00e0 finaliser et les vid\u00e9os \u00e0 tourner. Et puis je n\u2019arr\u00eate pas d&rsquo;\u00e9crire et de composer, \u00e7a occupe !<\/p>\n\n\n\n<p class=\"has-vivid-purple-color has-text-color\"><em>De prochaines sc\u00e8nes ?<\/em><\/p>\n\n\n\n<p>Oui, \u00e0 la rentr\u00e9e, mais tout d\u00e9pendra de la situation sanitaire. Les concerts assis-masqu\u00e9s-contr\u00f4l\u00e9s, c&rsquo;est pas trop ma tasse de th\u00e9\u2026 Beaucoup d&rsquo;amis sont venus me voir au concert ce soir, et le public est vraiment formidable, mais leur confort et leur plaisir doit \u00eatre aussi important que les miens.<\/p>\n\n\n\n<p><iframe loading=\"lazy\" src=\"https:\/\/www.youtube.com\/embed\/jO9YSpLroI8\" title=\"YouTube video player\" allow=\"accelerometer; autoplay; clipboard-write; encrypted-media; gyroscope; picture-in-picture\" allowfullscreen=\"\" width=\"560\" height=\"315\" frameborder=\"0\"><\/iframe><\/p>\n\n\n\n<p class=\"has-vivid-purple-color has-text-color\"><em>Merci Fox<\/em>,<em> \u00e0 bient\u00f4t<\/em>.<\/p>\n\n\n\n<p class=\"has-text-align-center\"><a href=\"http:\/\/www.foxnigon.com\/\" target=\"_blank\" rel=\"noreferrer noopener\">Site officiel<\/a> &#8211; <a href=\"https:\/\/www.youtube.com\/c\/FoxNigon\" target=\"_blank\" rel=\"noreferrer noopener\">Youtube<\/a> &#8211; <a href=\"https:\/\/www.facebook.com\/foxnigon\" target=\"_blank\" rel=\"noreferrer noopener\">Facebook<\/a> &#8211; <a href=\"https:\/\/www.instagram.com\/foxnigon\/\" target=\"_blank\" rel=\"noreferrer noopener\">Instagram<\/a> &#8211; <a href=\"https:\/\/twitter.com\/foxnigon\/\" target=\"_blank\" rel=\"noreferrer noopener\">Twitter<\/a><\/p>\n","protected":false},"excerpt":{"rendered":"<p>Nous avons particuli\u00e8rement aim\u00e9 votre dernier EP, \u00ab\u00a0Auguries\u00a0\u00bb, ce qui nous a donn\u00e9 envie de&#8230;<\/p>\n","protected":false},"author":1,"featured_media":485,"comment_status":"closed","ping_status":"open","sticky":false,"template":"","format":"standard","meta":{"_uag_custom_page_level_css":"","footnotes":""},"categories":[42,44,49],"tags":[],"class_list":["post-483","post","type-post","status-publish","format-standard","has-post-thumbnail","hentry","category-artistes","category-interview","category-rencontre"],"yoast_head":"<!-- This site is optimized with the Yoast SEO plugin v27.4 - https:\/\/yoast.com\/product\/yoast-seo-wordpress\/ -->\n<title>Antibes, rencontre avec le chanteur Fox Nigon, interview sur le pouce ! - Radio Castor<\/title>\n<meta name=\"robots\" content=\"index, follow, max-snippet:-1, max-image-preview:large, max-video-preview:-1\" \/>\n<link rel=\"canonical\" href=\"https:\/\/www.radiocastor.com\/index.php\/antibes-rencontre-avec-le-chanteur-fox-nigon-interview-sur-le-pouce\/\" \/>\n<meta property=\"og:locale\" content=\"fr_FR\" \/>\n<meta property=\"og:type\" content=\"article\" \/>\n<meta property=\"og:title\" content=\"Antibes, rencontre avec le chanteur Fox Nigon, interview sur le pouce ! - Radio Castor\" \/>\n<meta property=\"og:description\" content=\"Nous avons particuli\u00e8rement aim\u00e9 votre dernier EP, \u00ab\u00a0Auguries\u00a0\u00bb, ce qui nous a donn\u00e9 envie de...\" \/>\n<meta property=\"og:url\" content=\"https:\/\/www.radiocastor.com\/index.php\/antibes-rencontre-avec-le-chanteur-fox-nigon-interview-sur-le-pouce\/\" \/>\n<meta property=\"og:site_name\" content=\"Radio Castor\" \/>\n<meta property=\"article:publisher\" content=\"https:\/\/www.facebook.com\/theradiocastor\" \/>\n<meta property=\"article:published_time\" content=\"2021-09-06T13:26:00+00:00\" \/>\n<meta property=\"article:modified_time\" content=\"2021-12-19T14:36:04+00:00\" \/>\n<meta property=\"og:image\" content=\"https:\/\/www.radiocastor.com\/wp-content\/uploads\/2021\/12\/Fox-2-96.jpg\" \/>\n\t<meta property=\"og:image:width\" content=\"2250\" \/>\n\t<meta property=\"og:image:height\" content=\"1500\" \/>\n\t<meta property=\"og:image:type\" content=\"image\/jpeg\" \/>\n<meta name=\"author\" content=\"R\u00e9daction R C\" \/>\n<meta name=\"twitter:card\" content=\"summary_large_image\" \/>\n<meta name=\"twitter:creator\" content=\"@TheRadioCastor\" \/>\n<meta name=\"twitter:site\" content=\"@TheRadioCastor\" \/>\n<meta name=\"twitter:label1\" content=\"\u00c9crit par\" \/>\n\t<meta name=\"twitter:data1\" content=\"R\u00e9daction R C\" \/>\n\t<meta name=\"twitter:label2\" content=\"Dur\u00e9e de lecture estim\u00e9e\" \/>\n\t<meta name=\"twitter:data2\" content=\"3 minutes\" \/>\n<script type=\"application\/ld+json\" class=\"yoast-schema-graph\">{\"@context\":\"https:\\\/\\\/schema.org\",\"@graph\":[{\"@type\":\"Article\",\"@id\":\"https:\\\/\\\/www.radiocastor.com\\\/index.php\\\/antibes-rencontre-avec-le-chanteur-fox-nigon-interview-sur-le-pouce\\\/#article\",\"isPartOf\":{\"@id\":\"https:\\\/\\\/www.radiocastor.com\\\/index.php\\\/antibes-rencontre-avec-le-chanteur-fox-nigon-interview-sur-le-pouce\\\/\"},\"author\":{\"name\":\"R\u00e9daction R C\",\"@id\":\"https:\\\/\\\/www.radiocastor.com\\\/#\\\/schema\\\/person\\\/558b0e47dc4c11fa52b2220ba6a78779\"},\"headline\":\"Antibes, rencontre avec le chanteur Fox Nigon, interview sur le pouce !\",\"datePublished\":\"2021-09-06T13:26:00+00:00\",\"dateModified\":\"2021-12-19T14:36:04+00:00\",\"mainEntityOfPage\":{\"@id\":\"https:\\\/\\\/www.radiocastor.com\\\/index.php\\\/antibes-rencontre-avec-le-chanteur-fox-nigon-interview-sur-le-pouce\\\/\"},\"wordCount\":708,\"publisher\":{\"@id\":\"https:\\\/\\\/www.radiocastor.com\\\/#organization\"},\"image\":{\"@id\":\"https:\\\/\\\/www.radiocastor.com\\\/index.php\\\/antibes-rencontre-avec-le-chanteur-fox-nigon-interview-sur-le-pouce\\\/#primaryimage\"},\"thumbnailUrl\":\"https:\\\/\\\/www.radiocastor.com\\\/wp-content\\\/uploads\\\/2021\\\/12\\\/Fox-2-96.jpg\",\"articleSection\":[\"Artistes\",\"Interview\",\"Rencontre\"],\"inLanguage\":\"fr-FR\"},{\"@type\":\"WebPage\",\"@id\":\"https:\\\/\\\/www.radiocastor.com\\\/index.php\\\/antibes-rencontre-avec-le-chanteur-fox-nigon-interview-sur-le-pouce\\\/\",\"url\":\"https:\\\/\\\/www.radiocastor.com\\\/index.php\\\/antibes-rencontre-avec-le-chanteur-fox-nigon-interview-sur-le-pouce\\\/\",\"name\":\"Antibes, rencontre avec le chanteur Fox Nigon, interview sur le pouce ! - Radio Castor\",\"isPartOf\":{\"@id\":\"https:\\\/\\\/www.radiocastor.com\\\/#website\"},\"primaryImageOfPage\":{\"@id\":\"https:\\\/\\\/www.radiocastor.com\\\/index.php\\\/antibes-rencontre-avec-le-chanteur-fox-nigon-interview-sur-le-pouce\\\/#primaryimage\"},\"image\":{\"@id\":\"https:\\\/\\\/www.radiocastor.com\\\/index.php\\\/antibes-rencontre-avec-le-chanteur-fox-nigon-interview-sur-le-pouce\\\/#primaryimage\"},\"thumbnailUrl\":\"https:\\\/\\\/www.radiocastor.com\\\/wp-content\\\/uploads\\\/2021\\\/12\\\/Fox-2-96.jpg\",\"datePublished\":\"2021-09-06T13:26:00+00:00\",\"dateModified\":\"2021-12-19T14:36:04+00:00\",\"breadcrumb\":{\"@id\":\"https:\\\/\\\/www.radiocastor.com\\\/index.php\\\/antibes-rencontre-avec-le-chanteur-fox-nigon-interview-sur-le-pouce\\\/#breadcrumb\"},\"inLanguage\":\"fr-FR\",\"potentialAction\":[{\"@type\":\"ReadAction\",\"target\":[\"https:\\\/\\\/www.radiocastor.com\\\/index.php\\\/antibes-rencontre-avec-le-chanteur-fox-nigon-interview-sur-le-pouce\\\/\"]}]},{\"@type\":\"ImageObject\",\"inLanguage\":\"fr-FR\",\"@id\":\"https:\\\/\\\/www.radiocastor.com\\\/index.php\\\/antibes-rencontre-avec-le-chanteur-fox-nigon-interview-sur-le-pouce\\\/#primaryimage\",\"url\":\"https:\\\/\\\/www.radiocastor.com\\\/wp-content\\\/uploads\\\/2021\\\/12\\\/Fox-2-96.jpg\",\"contentUrl\":\"https:\\\/\\\/www.radiocastor.com\\\/wp-content\\\/uploads\\\/2021\\\/12\\\/Fox-2-96.jpg\",\"width\":2250,\"height\":1500},{\"@type\":\"BreadcrumbList\",\"@id\":\"https:\\\/\\\/www.radiocastor.com\\\/index.php\\\/antibes-rencontre-avec-le-chanteur-fox-nigon-interview-sur-le-pouce\\\/#breadcrumb\",\"itemListElement\":[{\"@type\":\"ListItem\",\"position\":1,\"name\":\"Accueil\",\"item\":\"https:\\\/\\\/www.radiocastor.com\\\/\"},{\"@type\":\"ListItem\",\"position\":2,\"name\":\"Antibes, rencontre avec le chanteur Fox Nigon, interview sur le pouce !\"}]},{\"@type\":\"WebSite\",\"@id\":\"https:\\\/\\\/www.radiocastor.com\\\/#website\",\"url\":\"https:\\\/\\\/www.radiocastor.com\\\/\",\"name\":\"Radio Castor\",\"description\":\"La voix !\",\"publisher\":{\"@id\":\"https:\\\/\\\/www.radiocastor.com\\\/#organization\"},\"potentialAction\":[{\"@type\":\"SearchAction\",\"target\":{\"@type\":\"EntryPoint\",\"urlTemplate\":\"https:\\\/\\\/www.radiocastor.com\\\/?s={search_term_string}\"},\"query-input\":{\"@type\":\"PropertyValueSpecification\",\"valueRequired\":true,\"valueName\":\"search_term_string\"}}],\"inLanguage\":\"fr-FR\"},{\"@type\":\"Organization\",\"@id\":\"https:\\\/\\\/www.radiocastor.com\\\/#organization\",\"name\":\"Radio Castor\",\"url\":\"https:\\\/\\\/www.radiocastor.com\\\/\",\"logo\":{\"@type\":\"ImageObject\",\"inLanguage\":\"fr-FR\",\"@id\":\"https:\\\/\\\/www.radiocastor.com\\\/#\\\/schema\\\/logo\\\/image\\\/\",\"url\":\"https:\\\/\\\/www.radiocastor.com\\\/wp-content\\\/uploads\\\/2021\\\/11\\\/cropped-Radio-castor-logo-2.png\",\"contentUrl\":\"https:\\\/\\\/www.radiocastor.com\\\/wp-content\\\/uploads\\\/2021\\\/11\\\/cropped-Radio-castor-logo-2.png\",\"width\":437,\"height\":219,\"caption\":\"Radio Castor\"},\"image\":{\"@id\":\"https:\\\/\\\/www.radiocastor.com\\\/#\\\/schema\\\/logo\\\/image\\\/\"},\"sameAs\":[\"https:\\\/\\\/www.facebook.com\\\/theradiocastor\",\"https:\\\/\\\/x.com\\\/TheRadioCastor\",\"https:\\\/\\\/www.instagram.com\\\/theradiocastor\",\"https:\\\/\\\/www.youtube.com\\\/c\\\/RadioCastor\"]},{\"@type\":\"Person\",\"@id\":\"https:\\\/\\\/www.radiocastor.com\\\/#\\\/schema\\\/person\\\/558b0e47dc4c11fa52b2220ba6a78779\",\"name\":\"R\u00e9daction R C\",\"image\":{\"@type\":\"ImageObject\",\"inLanguage\":\"fr-FR\",\"@id\":\"https:\\\/\\\/secure.gravatar.com\\\/avatar\\\/1d3e4f4c4a0d129f7ed4838ea20c33760c2484b9bc381993df6c0e3f5bf89c23?s=96&d=mm&r=g\",\"url\":\"https:\\\/\\\/secure.gravatar.com\\\/avatar\\\/1d3e4f4c4a0d129f7ed4838ea20c33760c2484b9bc381993df6c0e3f5bf89c23?s=96&d=mm&r=g\",\"contentUrl\":\"https:\\\/\\\/secure.gravatar.com\\\/avatar\\\/1d3e4f4c4a0d129f7ed4838ea20c33760c2484b9bc381993df6c0e3f5bf89c23?s=96&d=mm&r=g\",\"caption\":\"R\u00e9daction R C\"},\"sameAs\":[\"http:\\\/\\\/www.radiocastor.com\"],\"url\":\"https:\\\/\\\/www.radiocastor.com\\\/index.php\\\/author\\\/radio-castor\\\/\"}]}<\/script>\n<!-- \/ Yoast SEO plugin. -->","yoast_head_json":{"title":"Antibes, rencontre avec le chanteur Fox Nigon, interview sur le pouce ! - Radio Castor","robots":{"index":"index","follow":"follow","max-snippet":"max-snippet:-1","max-image-preview":"max-image-preview:large","max-video-preview":"max-video-preview:-1"},"canonical":"https:\/\/www.radiocastor.com\/index.php\/antibes-rencontre-avec-le-chanteur-fox-nigon-interview-sur-le-pouce\/","og_locale":"fr_FR","og_type":"article","og_title":"Antibes, rencontre avec le chanteur Fox Nigon, interview sur le pouce ! - Radio Castor","og_description":"Nous avons particuli\u00e8rement aim\u00e9 votre dernier EP, \u00ab\u00a0Auguries\u00a0\u00bb, ce qui nous a donn\u00e9 envie de...","og_url":"https:\/\/www.radiocastor.com\/index.php\/antibes-rencontre-avec-le-chanteur-fox-nigon-interview-sur-le-pouce\/","og_site_name":"Radio Castor","article_publisher":"https:\/\/www.facebook.com\/theradiocastor","article_published_time":"2021-09-06T13:26:00+00:00","article_modified_time":"2021-12-19T14:36:04+00:00","og_image":[{"width":2250,"height":1500,"url":"https:\/\/www.radiocastor.com\/wp-content\/uploads\/2021\/12\/Fox-2-96.jpg","type":"image\/jpeg"}],"author":"R\u00e9daction R C","twitter_card":"summary_large_image","twitter_creator":"@TheRadioCastor","twitter_site":"@TheRadioCastor","twitter_misc":{"\u00c9crit par":"R\u00e9daction R C","Dur\u00e9e de lecture estim\u00e9e":"3 minutes"},"schema":{"@context":"https:\/\/schema.org","@graph":[{"@type":"Article","@id":"https:\/\/www.radiocastor.com\/index.php\/antibes-rencontre-avec-le-chanteur-fox-nigon-interview-sur-le-pouce\/#article","isPartOf":{"@id":"https:\/\/www.radiocastor.com\/index.php\/antibes-rencontre-avec-le-chanteur-fox-nigon-interview-sur-le-pouce\/"},"author":{"name":"R\u00e9daction R C","@id":"https:\/\/www.radiocastor.com\/#\/schema\/person\/558b0e47dc4c11fa52b2220ba6a78779"},"headline":"Antibes, rencontre avec le chanteur Fox Nigon, interview sur le pouce !","datePublished":"2021-09-06T13:26:00+00:00","dateModified":"2021-12-19T14:36:04+00:00","mainEntityOfPage":{"@id":"https:\/\/www.radiocastor.com\/index.php\/antibes-rencontre-avec-le-chanteur-fox-nigon-interview-sur-le-pouce\/"},"wordCount":708,"publisher":{"@id":"https:\/\/www.radiocastor.com\/#organization"},"image":{"@id":"https:\/\/www.radiocastor.com\/index.php\/antibes-rencontre-avec-le-chanteur-fox-nigon-interview-sur-le-pouce\/#primaryimage"},"thumbnailUrl":"https:\/\/www.radiocastor.com\/wp-content\/uploads\/2021\/12\/Fox-2-96.jpg","articleSection":["Artistes","Interview","Rencontre"],"inLanguage":"fr-FR"},{"@type":"WebPage","@id":"https:\/\/www.radiocastor.com\/index.php\/antibes-rencontre-avec-le-chanteur-fox-nigon-interview-sur-le-pouce\/","url":"https:\/\/www.radiocastor.com\/index.php\/antibes-rencontre-avec-le-chanteur-fox-nigon-interview-sur-le-pouce\/","name":"Antibes, rencontre avec le chanteur Fox Nigon, interview sur le pouce ! - Radio Castor","isPartOf":{"@id":"https:\/\/www.radiocastor.com\/#website"},"primaryImageOfPage":{"@id":"https:\/\/www.radiocastor.com\/index.php\/antibes-rencontre-avec-le-chanteur-fox-nigon-interview-sur-le-pouce\/#primaryimage"},"image":{"@id":"https:\/\/www.radiocastor.com\/index.php\/antibes-rencontre-avec-le-chanteur-fox-nigon-interview-sur-le-pouce\/#primaryimage"},"thumbnailUrl":"https:\/\/www.radiocastor.com\/wp-content\/uploads\/2021\/12\/Fox-2-96.jpg","datePublished":"2021-09-06T13:26:00+00:00","dateModified":"2021-12-19T14:36:04+00:00","breadcrumb":{"@id":"https:\/\/www.radiocastor.com\/index.php\/antibes-rencontre-avec-le-chanteur-fox-nigon-interview-sur-le-pouce\/#breadcrumb"},"inLanguage":"fr-FR","potentialAction":[{"@type":"ReadAction","target":["https:\/\/www.radiocastor.com\/index.php\/antibes-rencontre-avec-le-chanteur-fox-nigon-interview-sur-le-pouce\/"]}]},{"@type":"ImageObject","inLanguage":"fr-FR","@id":"https:\/\/www.radiocastor.com\/index.php\/antibes-rencontre-avec-le-chanteur-fox-nigon-interview-sur-le-pouce\/#primaryimage","url":"https:\/\/www.radiocastor.com\/wp-content\/uploads\/2021\/12\/Fox-2-96.jpg","contentUrl":"https:\/\/www.radiocastor.com\/wp-content\/uploads\/2021\/12\/Fox-2-96.jpg","width":2250,"height":1500},{"@type":"BreadcrumbList","@id":"https:\/\/www.radiocastor.com\/index.php\/antibes-rencontre-avec-le-chanteur-fox-nigon-interview-sur-le-pouce\/#breadcrumb","itemListElement":[{"@type":"ListItem","position":1,"name":"Accueil","item":"https:\/\/www.radiocastor.com\/"},{"@type":"ListItem","position":2,"name":"Antibes, rencontre avec le chanteur Fox Nigon, interview sur le pouce !"}]},{"@type":"WebSite","@id":"https:\/\/www.radiocastor.com\/#website","url":"https:\/\/www.radiocastor.com\/","name":"Radio Castor","description":"La voix !","publisher":{"@id":"https:\/\/www.radiocastor.com\/#organization"},"potentialAction":[{"@type":"SearchAction","target":{"@type":"EntryPoint","urlTemplate":"https:\/\/www.radiocastor.com\/?s={search_term_string}"},"query-input":{"@type":"PropertyValueSpecification","valueRequired":true,"valueName":"search_term_string"}}],"inLanguage":"fr-FR"},{"@type":"Organization","@id":"https:\/\/www.radiocastor.com\/#organization","name":"Radio Castor","url":"https:\/\/www.radiocastor.com\/","logo":{"@type":"ImageObject","inLanguage":"fr-FR","@id":"https:\/\/www.radiocastor.com\/#\/schema\/logo\/image\/","url":"https:\/\/www.radiocastor.com\/wp-content\/uploads\/2021\/11\/cropped-Radio-castor-logo-2.png","contentUrl":"https:\/\/www.radiocastor.com\/wp-content\/uploads\/2021\/11\/cropped-Radio-castor-logo-2.png","width":437,"height":219,"caption":"Radio Castor"},"image":{"@id":"https:\/\/www.radiocastor.com\/#\/schema\/logo\/image\/"},"sameAs":["https:\/\/www.facebook.com\/theradiocastor","https:\/\/x.com\/TheRadioCastor","https:\/\/www.instagram.com\/theradiocastor","https:\/\/www.youtube.com\/c\/RadioCastor"]},{"@type":"Person","@id":"https:\/\/www.radiocastor.com\/#\/schema\/person\/558b0e47dc4c11fa52b2220ba6a78779","name":"R\u00e9daction R C","image":{"@type":"ImageObject","inLanguage":"fr-FR","@id":"https:\/\/secure.gravatar.com\/avatar\/1d3e4f4c4a0d129f7ed4838ea20c33760c2484b9bc381993df6c0e3f5bf89c23?s=96&d=mm&r=g","url":"https:\/\/secure.gravatar.com\/avatar\/1d3e4f4c4a0d129f7ed4838ea20c33760c2484b9bc381993df6c0e3f5bf89c23?s=96&d=mm&r=g","contentUrl":"https:\/\/secure.gravatar.com\/avatar\/1d3e4f4c4a0d129f7ed4838ea20c33760c2484b9bc381993df6c0e3f5bf89c23?s=96&d=mm&r=g","caption":"R\u00e9daction R C"},"sameAs":["http:\/\/www.radiocastor.com"],"url":"https:\/\/www.radiocastor.com\/index.php\/author\/radio-castor\/"}]}},"uagb_featured_image_src":{"full":["https:\/\/www.radiocastor.com\/wp-content\/uploads\/2021\/12\/Fox-2-96.jpg",2250,1500,false],"thumbnail":["https:\/\/www.radiocastor.com\/wp-content\/uploads\/2021\/12\/Fox-2-96-150x150.jpg",150,150,true],"medium":["https:\/\/www.radiocastor.com\/wp-content\/uploads\/2021\/12\/Fox-2-96-300x200.jpg",300,200,true],"medium_large":["https:\/\/www.radiocastor.com\/wp-content\/uploads\/2021\/12\/Fox-2-96-768x512.jpg",640,427,true],"large":["https:\/\/www.radiocastor.com\/wp-content\/uploads\/2021\/12\/Fox-2-96-1024x683.jpg",640,427,true],"1536x1536":["https:\/\/www.radiocastor.com\/wp-content\/uploads\/2021\/12\/Fox-2-96-1536x1024.jpg",1536,1024,true],"2048x2048":["https:\/\/www.radiocastor.com\/wp-content\/uploads\/2021\/12\/Fox-2-96-2048x1365.jpg",2048,1365,true],"newsever-slider-full":["https:\/\/www.radiocastor.com\/wp-content\/uploads\/2021\/12\/Fox-2-96-1280x845.jpg",1280,845,true],"newsever-featured":["https:\/\/www.radiocastor.com\/wp-content\/uploads\/2021\/12\/Fox-2-96-1024x683.jpg",1024,683,true],"newsever-medium":["https:\/\/www.radiocastor.com\/wp-content\/uploads\/2021\/12\/Fox-2-96-720x475.jpg",720,475,true]},"uagb_author_info":{"display_name":"R\u00e9daction R C","author_link":"https:\/\/www.radiocastor.com\/index.php\/author\/radio-castor\/"},"uagb_comment_info":0,"uagb_excerpt":"Nous avons particuli\u00e8rement aim\u00e9 votre dernier EP, \u00ab\u00a0Auguries\u00a0\u00bb, ce qui nous a donn\u00e9 envie de...","_links":{"self":[{"href":"https:\/\/www.radiocastor.com\/index.php\/wp-json\/wp\/v2\/posts\/483","targetHints":{"allow":["GET"]}}],"collection":[{"href":"https:\/\/www.radiocastor.com\/index.php\/wp-json\/wp\/v2\/posts"}],"about":[{"href":"https:\/\/www.radiocastor.com\/index.php\/wp-json\/wp\/v2\/types\/post"}],"author":[{"embeddable":true,"href":"https:\/\/www.radiocastor.com\/index.php\/wp-json\/wp\/v2\/users\/1"}],"replies":[{"embeddable":true,"href":"https:\/\/www.radiocastor.com\/index.php\/wp-json\/wp\/v2\/comments?post=483"}],"version-history":[{"count":0,"href":"https:\/\/www.radiocastor.com\/index.php\/wp-json\/wp\/v2\/posts\/483\/revisions"}],"wp:featuredmedia":[{"embeddable":true,"href":"https:\/\/www.radiocastor.com\/index.php\/wp-json\/wp\/v2\/media\/485"}],"wp:attachment":[{"href":"https:\/\/www.radiocastor.com\/index.php\/wp-json\/wp\/v2\/media?parent=483"}],"wp:term":[{"taxonomy":"category","embeddable":true,"href":"https:\/\/www.radiocastor.com\/index.php\/wp-json\/wp\/v2\/categories?post=483"},{"taxonomy":"post_tag","embeddable":true,"href":"https:\/\/www.radiocastor.com\/index.php\/wp-json\/wp\/v2\/tags?post=483"}],"curies":[{"name":"wp","href":"https:\/\/api.w.org\/{rel}","templated":true}]}}