{"id":3954,"date":"2023-02-02T18:04:54","date_gmt":"2023-02-02T17:04:54","guid":{"rendered":"https:\/\/www.radiocastor.com\/?p=3954"},"modified":"2023-02-02T18:05:00","modified_gmt":"2023-02-02T17:05:00","slug":"titre-du-jour-elias-macy-i-dont-wanna-say-goodbye","status":"publish","type":"post","link":"https:\/\/www.radiocastor.com\/index.php\/titre-du-jour-elias-macy-i-dont-wanna-say-goodbye\/","title":{"rendered":"Titre du jour &#8211; Elias Macy &#8211; I Don&rsquo;t Wanna Say Goodbye"},"content":{"rendered":"\n<p>Aujourd&rsquo;hui, nous avons s\u00e9lectionn\u00e9 pour vous un titre d&rsquo;Elias Macy, \u00ab\u00a0I Don&rsquo;t Wanna Say Goodbye\u00a0\u00bb, sorti le 27 janvier dernier.<\/p>\n\n\n\n<p>Le chanteur\/compositeur su\u00e9dois Elias Macy chante une relation mourante dans \u00ab\u00a0I Don&rsquo;t Wanna Say Goodbye\u00a0\u00bb, une chanson remplie de sons de guitare dynamiques et d&rsquo;une performance vocale expressive qui rappelle le style de \u00ab\u00a0When You&rsquo;re Gone\u00a0\u00bb de Shawn Mendes ou \u00ab\u00a0Black And White\u00a0\u00bb de Niall Horan.<\/p>\n\n\n\n<p>D\u00e9crivant les paroles de la chanson, Elias commente : \u00ab\u00a0il s&rsquo;agit d&rsquo;une relation qui s&rsquo;estompe mais vous ne pouvez pas vous en emparer\u00a0\u00bb.<\/p>\n\n\n\n<p>Les sentiments de d\u00e9ni, qui peuvent \u00eatre facilement per\u00e7us dans le refrain de la chanson, peuvent \u00e9galement \u00eatre vus dans les r\u00e9f\u00e9rences constantes des paroles au pass\u00e9, \u00ab\u00a0on finit par repenser \u00e0 quand les choses allaient bien\u00a0\u00bb.<\/p>\n\n\n\n<p>Enregistr\u00e9 entre septembre et octobre 2022 dans le propre studio de l&rsquo;artiste, le style musical optimiste de la chanson est d\u00e9crit par l&rsquo;artiste comme \u00ab\u00a0la bonne voie \u00e0 suivre\u00a0\u00bb.<\/p>\n\n\n\n<p><em>A \u00e9couter sur <a href=\"https:\/\/www.radiocastor.com\/index.php\/playlist\/\" target=\"_blank\" rel=\"noreferrer noopener\">nos playlists<\/a> !<\/em><\/p>\n\n\n\n<p><iframe loading=\"lazy\" src=\"https:\/\/www.youtube.com\/embed\/KTkyCjDqWog\" title=\"YouTube video player\" allow=\"accelerometer; autoplay; clipboard-write; encrypted-media; gyroscope; picture-in-picture; web-share\" allowfullscreen=\"\" width=\"560\" height=\"315\" frameborder=\"0\"><\/iframe><\/p>\n\n\n\n<p class=\"has-text-align-center\"><a href=\"https:\/\/www.instagram.com\/eliasmacy\/\" target=\"_blank\" rel=\"noreferrer noopener\">Instagram<\/a><\/p>\n","protected":false},"excerpt":{"rendered":"<p>Aujourd&rsquo;hui, nous avons s\u00e9lectionn\u00e9 pour vous un titre d&rsquo;Elias Macy, \u00ab\u00a0I Don&rsquo;t Wanna Say Goodbye\u00a0\u00bb,&#8230;<\/p>\n","protected":false},"author":1,"featured_media":3955,"comment_status":"closed","ping_status":"open","sticky":false,"template":"","format":"standard","meta":{"_uag_custom_page_level_css":"","footnotes":""},"categories":[45],"tags":[],"class_list":["post-3954","post","type-post","status-publish","format-standard","has-post-thumbnail","hentry","category-titre-du-jour"],"yoast_head":"<!-- This site is optimized with the Yoast SEO plugin v27.4 - https:\/\/yoast.com\/product\/yoast-seo-wordpress\/ -->\n<title>Titre du jour - Elias Macy - I Don&#039;t Wanna Say Goodbye - Radio Castor<\/title>\n<meta name=\"robots\" content=\"index, follow, max-snippet:-1, max-image-preview:large, max-video-preview:-1\" \/>\n<link rel=\"canonical\" href=\"https:\/\/www.radiocastor.com\/index.php\/titre-du-jour-elias-macy-i-dont-wanna-say-goodbye\/\" \/>\n<meta property=\"og:locale\" content=\"fr_FR\" \/>\n<meta property=\"og:type\" content=\"article\" \/>\n<meta property=\"og:title\" content=\"Titre du jour - Elias Macy - I Don&#039;t Wanna Say Goodbye - Radio Castor\" \/>\n<meta property=\"og:description\" content=\"Aujourd&rsquo;hui, nous avons s\u00e9lectionn\u00e9 pour vous un titre d&rsquo;Elias Macy, \u00ab\u00a0I Don&rsquo;t Wanna Say Goodbye\u00a0\u00bb,...\" \/>\n<meta property=\"og:url\" content=\"https:\/\/www.radiocastor.com\/index.php\/titre-du-jour-elias-macy-i-dont-wanna-say-goodbye\/\" \/>\n<meta property=\"og:site_name\" content=\"Radio Castor\" \/>\n<meta property=\"article:publisher\" content=\"https:\/\/www.facebook.com\/theradiocastor\" \/>\n<meta property=\"article:published_time\" content=\"2023-02-02T17:04:54+00:00\" \/>\n<meta property=\"article:modified_time\" content=\"2023-02-02T17:05:00+00:00\" \/>\n<meta property=\"og:image\" content=\"https:\/\/www.radiocastor.com\/wp-content\/uploads\/2023\/02\/Screenshot-2023-02-02-at-18-02-57-press-elias-macy-2-hr-1660722276132.jpg-Image-JPEG-3000-\u00d7-1685-pixels.png\" \/>\n\t<meta property=\"og:image:width\" content=\"617\" \/>\n\t<meta property=\"og:image:height\" content=\"338\" \/>\n\t<meta property=\"og:image:type\" content=\"image\/png\" \/>\n<meta name=\"author\" content=\"R\u00e9daction R C\" \/>\n<meta name=\"twitter:card\" content=\"summary_large_image\" \/>\n<meta name=\"twitter:creator\" content=\"@TheRadioCastor\" \/>\n<meta name=\"twitter:site\" content=\"@TheRadioCastor\" \/>\n<meta name=\"twitter:label1\" content=\"\u00c9crit par\" \/>\n\t<meta name=\"twitter:data1\" content=\"R\u00e9daction R C\" \/>\n\t<meta name=\"twitter:label2\" content=\"Dur\u00e9e de lecture estim\u00e9e\" \/>\n\t<meta name=\"twitter:data2\" content=\"1 minute\" \/>\n<script type=\"application\/ld+json\" class=\"yoast-schema-graph\">{\"@context\":\"https:\\\/\\\/schema.org\",\"@graph\":[{\"@type\":\"Article\",\"@id\":\"https:\\\/\\\/www.radiocastor.com\\\/index.php\\\/titre-du-jour-elias-macy-i-dont-wanna-say-goodbye\\\/#article\",\"isPartOf\":{\"@id\":\"https:\\\/\\\/www.radiocastor.com\\\/index.php\\\/titre-du-jour-elias-macy-i-dont-wanna-say-goodbye\\\/\"},\"author\":{\"name\":\"R\u00e9daction R C\",\"@id\":\"https:\\\/\\\/www.radiocastor.com\\\/#\\\/schema\\\/person\\\/558b0e47dc4c11fa52b2220ba6a78779\"},\"headline\":\"Titre du jour &#8211; Elias Macy &#8211; I Don&rsquo;t Wanna Say Goodbye\",\"datePublished\":\"2023-02-02T17:04:54+00:00\",\"dateModified\":\"2023-02-02T17:05:00+00:00\",\"mainEntityOfPage\":{\"@id\":\"https:\\\/\\\/www.radiocastor.com\\\/index.php\\\/titre-du-jour-elias-macy-i-dont-wanna-say-goodbye\\\/\"},\"wordCount\":184,\"publisher\":{\"@id\":\"https:\\\/\\\/www.radiocastor.com\\\/#organization\"},\"image\":{\"@id\":\"https:\\\/\\\/www.radiocastor.com\\\/index.php\\\/titre-du-jour-elias-macy-i-dont-wanna-say-goodbye\\\/#primaryimage\"},\"thumbnailUrl\":\"https:\\\/\\\/www.radiocastor.com\\\/wp-content\\\/uploads\\\/2023\\\/02\\\/Screenshot-2023-02-02-at-18-02-57-press-elias-macy-2-hr-1660722276132.jpg-Image-JPEG-3000-\u00d7-1685-pixels.png\",\"articleSection\":[\"Titre du jour\"],\"inLanguage\":\"fr-FR\"},{\"@type\":\"WebPage\",\"@id\":\"https:\\\/\\\/www.radiocastor.com\\\/index.php\\\/titre-du-jour-elias-macy-i-dont-wanna-say-goodbye\\\/\",\"url\":\"https:\\\/\\\/www.radiocastor.com\\\/index.php\\\/titre-du-jour-elias-macy-i-dont-wanna-say-goodbye\\\/\",\"name\":\"Titre du jour - Elias Macy - I Don't Wanna Say Goodbye - Radio Castor\",\"isPartOf\":{\"@id\":\"https:\\\/\\\/www.radiocastor.com\\\/#website\"},\"primaryImageOfPage\":{\"@id\":\"https:\\\/\\\/www.radiocastor.com\\\/index.php\\\/titre-du-jour-elias-macy-i-dont-wanna-say-goodbye\\\/#primaryimage\"},\"image\":{\"@id\":\"https:\\\/\\\/www.radiocastor.com\\\/index.php\\\/titre-du-jour-elias-macy-i-dont-wanna-say-goodbye\\\/#primaryimage\"},\"thumbnailUrl\":\"https:\\\/\\\/www.radiocastor.com\\\/wp-content\\\/uploads\\\/2023\\\/02\\\/Screenshot-2023-02-02-at-18-02-57-press-elias-macy-2-hr-1660722276132.jpg-Image-JPEG-3000-\u00d7-1685-pixels.png\",\"datePublished\":\"2023-02-02T17:04:54+00:00\",\"dateModified\":\"2023-02-02T17:05:00+00:00\",\"breadcrumb\":{\"@id\":\"https:\\\/\\\/www.radiocastor.com\\\/index.php\\\/titre-du-jour-elias-macy-i-dont-wanna-say-goodbye\\\/#breadcrumb\"},\"inLanguage\":\"fr-FR\",\"potentialAction\":[{\"@type\":\"ReadAction\",\"target\":[\"https:\\\/\\\/www.radiocastor.com\\\/index.php\\\/titre-du-jour-elias-macy-i-dont-wanna-say-goodbye\\\/\"]}]},{\"@type\":\"ImageObject\",\"inLanguage\":\"fr-FR\",\"@id\":\"https:\\\/\\\/www.radiocastor.com\\\/index.php\\\/titre-du-jour-elias-macy-i-dont-wanna-say-goodbye\\\/#primaryimage\",\"url\":\"https:\\\/\\\/www.radiocastor.com\\\/wp-content\\\/uploads\\\/2023\\\/02\\\/Screenshot-2023-02-02-at-18-02-57-press-elias-macy-2-hr-1660722276132.jpg-Image-JPEG-3000-\u00d7-1685-pixels.png\",\"contentUrl\":\"https:\\\/\\\/www.radiocastor.com\\\/wp-content\\\/uploads\\\/2023\\\/02\\\/Screenshot-2023-02-02-at-18-02-57-press-elias-macy-2-hr-1660722276132.jpg-Image-JPEG-3000-\u00d7-1685-pixels.png\",\"width\":617,\"height\":338},{\"@type\":\"BreadcrumbList\",\"@id\":\"https:\\\/\\\/www.radiocastor.com\\\/index.php\\\/titre-du-jour-elias-macy-i-dont-wanna-say-goodbye\\\/#breadcrumb\",\"itemListElement\":[{\"@type\":\"ListItem\",\"position\":1,\"name\":\"Accueil\",\"item\":\"https:\\\/\\\/www.radiocastor.com\\\/\"},{\"@type\":\"ListItem\",\"position\":2,\"name\":\"Titre du jour &#8211; Elias Macy &#8211; I Don&rsquo;t Wanna Say Goodbye\"}]},{\"@type\":\"WebSite\",\"@id\":\"https:\\\/\\\/www.radiocastor.com\\\/#website\",\"url\":\"https:\\\/\\\/www.radiocastor.com\\\/\",\"name\":\"Radio Castor\",\"description\":\"La voix !\",\"publisher\":{\"@id\":\"https:\\\/\\\/www.radiocastor.com\\\/#organization\"},\"potentialAction\":[{\"@type\":\"SearchAction\",\"target\":{\"@type\":\"EntryPoint\",\"urlTemplate\":\"https:\\\/\\\/www.radiocastor.com\\\/?s={search_term_string}\"},\"query-input\":{\"@type\":\"PropertyValueSpecification\",\"valueRequired\":true,\"valueName\":\"search_term_string\"}}],\"inLanguage\":\"fr-FR\"},{\"@type\":\"Organization\",\"@id\":\"https:\\\/\\\/www.radiocastor.com\\\/#organization\",\"name\":\"Radio Castor\",\"url\":\"https:\\\/\\\/www.radiocastor.com\\\/\",\"logo\":{\"@type\":\"ImageObject\",\"inLanguage\":\"fr-FR\",\"@id\":\"https:\\\/\\\/www.radiocastor.com\\\/#\\\/schema\\\/logo\\\/image\\\/\",\"url\":\"https:\\\/\\\/www.radiocastor.com\\\/wp-content\\\/uploads\\\/2021\\\/11\\\/cropped-Radio-castor-logo-2.png\",\"contentUrl\":\"https:\\\/\\\/www.radiocastor.com\\\/wp-content\\\/uploads\\\/2021\\\/11\\\/cropped-Radio-castor-logo-2.png\",\"width\":437,\"height\":219,\"caption\":\"Radio Castor\"},\"image\":{\"@id\":\"https:\\\/\\\/www.radiocastor.com\\\/#\\\/schema\\\/logo\\\/image\\\/\"},\"sameAs\":[\"https:\\\/\\\/www.facebook.com\\\/theradiocastor\",\"https:\\\/\\\/x.com\\\/TheRadioCastor\",\"https:\\\/\\\/www.instagram.com\\\/theradiocastor\",\"https:\\\/\\\/www.youtube.com\\\/c\\\/RadioCastor\"]},{\"@type\":\"Person\",\"@id\":\"https:\\\/\\\/www.radiocastor.com\\\/#\\\/schema\\\/person\\\/558b0e47dc4c11fa52b2220ba6a78779\",\"name\":\"R\u00e9daction R C\",\"image\":{\"@type\":\"ImageObject\",\"inLanguage\":\"fr-FR\",\"@id\":\"https:\\\/\\\/secure.gravatar.com\\\/avatar\\\/1d3e4f4c4a0d129f7ed4838ea20c33760c2484b9bc381993df6c0e3f5bf89c23?s=96&d=mm&r=g\",\"url\":\"https:\\\/\\\/secure.gravatar.com\\\/avatar\\\/1d3e4f4c4a0d129f7ed4838ea20c33760c2484b9bc381993df6c0e3f5bf89c23?s=96&d=mm&r=g\",\"contentUrl\":\"https:\\\/\\\/secure.gravatar.com\\\/avatar\\\/1d3e4f4c4a0d129f7ed4838ea20c33760c2484b9bc381993df6c0e3f5bf89c23?s=96&d=mm&r=g\",\"caption\":\"R\u00e9daction R C\"},\"sameAs\":[\"http:\\\/\\\/www.radiocastor.com\"],\"url\":\"https:\\\/\\\/www.radiocastor.com\\\/index.php\\\/author\\\/radio-castor\\\/\"}]}<\/script>\n<!-- \/ Yoast SEO plugin. -->","yoast_head_json":{"title":"Titre du jour - Elias Macy - I Don't Wanna Say Goodbye - Radio Castor","robots":{"index":"index","follow":"follow","max-snippet":"max-snippet:-1","max-image-preview":"max-image-preview:large","max-video-preview":"max-video-preview:-1"},"canonical":"https:\/\/www.radiocastor.com\/index.php\/titre-du-jour-elias-macy-i-dont-wanna-say-goodbye\/","og_locale":"fr_FR","og_type":"article","og_title":"Titre du jour - Elias Macy - I Don't Wanna Say Goodbye - Radio Castor","og_description":"Aujourd&rsquo;hui, nous avons s\u00e9lectionn\u00e9 pour vous un titre d&rsquo;Elias Macy, \u00ab\u00a0I Don&rsquo;t Wanna Say Goodbye\u00a0\u00bb,...","og_url":"https:\/\/www.radiocastor.com\/index.php\/titre-du-jour-elias-macy-i-dont-wanna-say-goodbye\/","og_site_name":"Radio Castor","article_publisher":"https:\/\/www.facebook.com\/theradiocastor","article_published_time":"2023-02-02T17:04:54+00:00","article_modified_time":"2023-02-02T17:05:00+00:00","og_image":[{"width":617,"height":338,"url":"https:\/\/www.radiocastor.com\/wp-content\/uploads\/2023\/02\/Screenshot-2023-02-02-at-18-02-57-press-elias-macy-2-hr-1660722276132.jpg-Image-JPEG-3000-\u00d7-1685-pixels.png","type":"image\/png"}],"author":"R\u00e9daction R C","twitter_card":"summary_large_image","twitter_creator":"@TheRadioCastor","twitter_site":"@TheRadioCastor","twitter_misc":{"\u00c9crit par":"R\u00e9daction R C","Dur\u00e9e de lecture estim\u00e9e":"1 minute"},"schema":{"@context":"https:\/\/schema.org","@graph":[{"@type":"Article","@id":"https:\/\/www.radiocastor.com\/index.php\/titre-du-jour-elias-macy-i-dont-wanna-say-goodbye\/#article","isPartOf":{"@id":"https:\/\/www.radiocastor.com\/index.php\/titre-du-jour-elias-macy-i-dont-wanna-say-goodbye\/"},"author":{"name":"R\u00e9daction R C","@id":"https:\/\/www.radiocastor.com\/#\/schema\/person\/558b0e47dc4c11fa52b2220ba6a78779"},"headline":"Titre du jour &#8211; Elias Macy &#8211; I Don&rsquo;t Wanna Say Goodbye","datePublished":"2023-02-02T17:04:54+00:00","dateModified":"2023-02-02T17:05:00+00:00","mainEntityOfPage":{"@id":"https:\/\/www.radiocastor.com\/index.php\/titre-du-jour-elias-macy-i-dont-wanna-say-goodbye\/"},"wordCount":184,"publisher":{"@id":"https:\/\/www.radiocastor.com\/#organization"},"image":{"@id":"https:\/\/www.radiocastor.com\/index.php\/titre-du-jour-elias-macy-i-dont-wanna-say-goodbye\/#primaryimage"},"thumbnailUrl":"https:\/\/www.radiocastor.com\/wp-content\/uploads\/2023\/02\/Screenshot-2023-02-02-at-18-02-57-press-elias-macy-2-hr-1660722276132.jpg-Image-JPEG-3000-\u00d7-1685-pixels.png","articleSection":["Titre du jour"],"inLanguage":"fr-FR"},{"@type":"WebPage","@id":"https:\/\/www.radiocastor.com\/index.php\/titre-du-jour-elias-macy-i-dont-wanna-say-goodbye\/","url":"https:\/\/www.radiocastor.com\/index.php\/titre-du-jour-elias-macy-i-dont-wanna-say-goodbye\/","name":"Titre du jour - Elias Macy - I Don't Wanna Say Goodbye - Radio Castor","isPartOf":{"@id":"https:\/\/www.radiocastor.com\/#website"},"primaryImageOfPage":{"@id":"https:\/\/www.radiocastor.com\/index.php\/titre-du-jour-elias-macy-i-dont-wanna-say-goodbye\/#primaryimage"},"image":{"@id":"https:\/\/www.radiocastor.com\/index.php\/titre-du-jour-elias-macy-i-dont-wanna-say-goodbye\/#primaryimage"},"thumbnailUrl":"https:\/\/www.radiocastor.com\/wp-content\/uploads\/2023\/02\/Screenshot-2023-02-02-at-18-02-57-press-elias-macy-2-hr-1660722276132.jpg-Image-JPEG-3000-\u00d7-1685-pixels.png","datePublished":"2023-02-02T17:04:54+00:00","dateModified":"2023-02-02T17:05:00+00:00","breadcrumb":{"@id":"https:\/\/www.radiocastor.com\/index.php\/titre-du-jour-elias-macy-i-dont-wanna-say-goodbye\/#breadcrumb"},"inLanguage":"fr-FR","potentialAction":[{"@type":"ReadAction","target":["https:\/\/www.radiocastor.com\/index.php\/titre-du-jour-elias-macy-i-dont-wanna-say-goodbye\/"]}]},{"@type":"ImageObject","inLanguage":"fr-FR","@id":"https:\/\/www.radiocastor.com\/index.php\/titre-du-jour-elias-macy-i-dont-wanna-say-goodbye\/#primaryimage","url":"https:\/\/www.radiocastor.com\/wp-content\/uploads\/2023\/02\/Screenshot-2023-02-02-at-18-02-57-press-elias-macy-2-hr-1660722276132.jpg-Image-JPEG-3000-\u00d7-1685-pixels.png","contentUrl":"https:\/\/www.radiocastor.com\/wp-content\/uploads\/2023\/02\/Screenshot-2023-02-02-at-18-02-57-press-elias-macy-2-hr-1660722276132.jpg-Image-JPEG-3000-\u00d7-1685-pixels.png","width":617,"height":338},{"@type":"BreadcrumbList","@id":"https:\/\/www.radiocastor.com\/index.php\/titre-du-jour-elias-macy-i-dont-wanna-say-goodbye\/#breadcrumb","itemListElement":[{"@type":"ListItem","position":1,"name":"Accueil","item":"https:\/\/www.radiocastor.com\/"},{"@type":"ListItem","position":2,"name":"Titre du jour &#8211; Elias Macy &#8211; I Don&rsquo;t Wanna Say Goodbye"}]},{"@type":"WebSite","@id":"https:\/\/www.radiocastor.com\/#website","url":"https:\/\/www.radiocastor.com\/","name":"Radio Castor","description":"La voix !","publisher":{"@id":"https:\/\/www.radiocastor.com\/#organization"},"potentialAction":[{"@type":"SearchAction","target":{"@type":"EntryPoint","urlTemplate":"https:\/\/www.radiocastor.com\/?s={search_term_string}"},"query-input":{"@type":"PropertyValueSpecification","valueRequired":true,"valueName":"search_term_string"}}],"inLanguage":"fr-FR"},{"@type":"Organization","@id":"https:\/\/www.radiocastor.com\/#organization","name":"Radio Castor","url":"https:\/\/www.radiocastor.com\/","logo":{"@type":"ImageObject","inLanguage":"fr-FR","@id":"https:\/\/www.radiocastor.com\/#\/schema\/logo\/image\/","url":"https:\/\/www.radiocastor.com\/wp-content\/uploads\/2021\/11\/cropped-Radio-castor-logo-2.png","contentUrl":"https:\/\/www.radiocastor.com\/wp-content\/uploads\/2021\/11\/cropped-Radio-castor-logo-2.png","width":437,"height":219,"caption":"Radio Castor"},"image":{"@id":"https:\/\/www.radiocastor.com\/#\/schema\/logo\/image\/"},"sameAs":["https:\/\/www.facebook.com\/theradiocastor","https:\/\/x.com\/TheRadioCastor","https:\/\/www.instagram.com\/theradiocastor","https:\/\/www.youtube.com\/c\/RadioCastor"]},{"@type":"Person","@id":"https:\/\/www.radiocastor.com\/#\/schema\/person\/558b0e47dc4c11fa52b2220ba6a78779","name":"R\u00e9daction R C","image":{"@type":"ImageObject","inLanguage":"fr-FR","@id":"https:\/\/secure.gravatar.com\/avatar\/1d3e4f4c4a0d129f7ed4838ea20c33760c2484b9bc381993df6c0e3f5bf89c23?s=96&d=mm&r=g","url":"https:\/\/secure.gravatar.com\/avatar\/1d3e4f4c4a0d129f7ed4838ea20c33760c2484b9bc381993df6c0e3f5bf89c23?s=96&d=mm&r=g","contentUrl":"https:\/\/secure.gravatar.com\/avatar\/1d3e4f4c4a0d129f7ed4838ea20c33760c2484b9bc381993df6c0e3f5bf89c23?s=96&d=mm&r=g","caption":"R\u00e9daction R C"},"sameAs":["http:\/\/www.radiocastor.com"],"url":"https:\/\/www.radiocastor.com\/index.php\/author\/radio-castor\/"}]}},"uagb_featured_image_src":{"full":["https:\/\/www.radiocastor.com\/wp-content\/uploads\/2023\/02\/Screenshot-2023-02-02-at-18-02-57-press-elias-macy-2-hr-1660722276132.jpg-Image-JPEG-3000-\u00d7-1685-pixels.png",617,338,false],"thumbnail":["https:\/\/www.radiocastor.com\/wp-content\/uploads\/2023\/02\/Screenshot-2023-02-02-at-18-02-57-press-elias-macy-2-hr-1660722276132.jpg-Image-JPEG-3000-\u00d7-1685-pixels-150x150.png",150,150,true],"medium":["https:\/\/www.radiocastor.com\/wp-content\/uploads\/2023\/02\/Screenshot-2023-02-02-at-18-02-57-press-elias-macy-2-hr-1660722276132.jpg-Image-JPEG-3000-\u00d7-1685-pixels-300x164.png",300,164,true],"medium_large":["https:\/\/www.radiocastor.com\/wp-content\/uploads\/2023\/02\/Screenshot-2023-02-02-at-18-02-57-press-elias-macy-2-hr-1660722276132.jpg-Image-JPEG-3000-\u00d7-1685-pixels.png",617,338,false],"large":["https:\/\/www.radiocastor.com\/wp-content\/uploads\/2023\/02\/Screenshot-2023-02-02-at-18-02-57-press-elias-macy-2-hr-1660722276132.jpg-Image-JPEG-3000-\u00d7-1685-pixels.png",617,338,false],"1536x1536":["https:\/\/www.radiocastor.com\/wp-content\/uploads\/2023\/02\/Screenshot-2023-02-02-at-18-02-57-press-elias-macy-2-hr-1660722276132.jpg-Image-JPEG-3000-\u00d7-1685-pixels.png",617,338,false],"2048x2048":["https:\/\/www.radiocastor.com\/wp-content\/uploads\/2023\/02\/Screenshot-2023-02-02-at-18-02-57-press-elias-macy-2-hr-1660722276132.jpg-Image-JPEG-3000-\u00d7-1685-pixels.png",617,338,false],"newsever-slider-full":["https:\/\/www.radiocastor.com\/wp-content\/uploads\/2023\/02\/Screenshot-2023-02-02-at-18-02-57-press-elias-macy-2-hr-1660722276132.jpg-Image-JPEG-3000-\u00d7-1685-pixels.png",617,338,false],"newsever-featured":["https:\/\/www.radiocastor.com\/wp-content\/uploads\/2023\/02\/Screenshot-2023-02-02-at-18-02-57-press-elias-macy-2-hr-1660722276132.jpg-Image-JPEG-3000-\u00d7-1685-pixels.png",617,338,false],"newsever-medium":["https:\/\/www.radiocastor.com\/wp-content\/uploads\/2023\/02\/Screenshot-2023-02-02-at-18-02-57-press-elias-macy-2-hr-1660722276132.jpg-Image-JPEG-3000-\u00d7-1685-pixels.png",617,338,false]},"uagb_author_info":{"display_name":"R\u00e9daction R C","author_link":"https:\/\/www.radiocastor.com\/index.php\/author\/radio-castor\/"},"uagb_comment_info":0,"uagb_excerpt":"Aujourd&rsquo;hui, nous avons s\u00e9lectionn\u00e9 pour vous un titre d&rsquo;Elias Macy, \u00ab\u00a0I Don&rsquo;t Wanna Say Goodbye\u00a0\u00bb,...","_links":{"self":[{"href":"https:\/\/www.radiocastor.com\/index.php\/wp-json\/wp\/v2\/posts\/3954","targetHints":{"allow":["GET"]}}],"collection":[{"href":"https:\/\/www.radiocastor.com\/index.php\/wp-json\/wp\/v2\/posts"}],"about":[{"href":"https:\/\/www.radiocastor.com\/index.php\/wp-json\/wp\/v2\/types\/post"}],"author":[{"embeddable":true,"href":"https:\/\/www.radiocastor.com\/index.php\/wp-json\/wp\/v2\/users\/1"}],"replies":[{"embeddable":true,"href":"https:\/\/www.radiocastor.com\/index.php\/wp-json\/wp\/v2\/comments?post=3954"}],"version-history":[{"count":0,"href":"https:\/\/www.radiocastor.com\/index.php\/wp-json\/wp\/v2\/posts\/3954\/revisions"}],"wp:featuredmedia":[{"embeddable":true,"href":"https:\/\/www.radiocastor.com\/index.php\/wp-json\/wp\/v2\/media\/3955"}],"wp:attachment":[{"href":"https:\/\/www.radiocastor.com\/index.php\/wp-json\/wp\/v2\/media?parent=3954"}],"wp:term":[{"taxonomy":"category","embeddable":true,"href":"https:\/\/www.radiocastor.com\/index.php\/wp-json\/wp\/v2\/categories?post=3954"},{"taxonomy":"post_tag","embeddable":true,"href":"https:\/\/www.radiocastor.com\/index.php\/wp-json\/wp\/v2\/tags?post=3954"}],"curies":[{"name":"wp","href":"https:\/\/api.w.org\/{rel}","templated":true}]}}