{"id":3869,"date":"2023-01-24T20:00:07","date_gmt":"2023-01-24T19:00:07","guid":{"rendered":"https:\/\/www.radiocastor.com\/?p=3869"},"modified":"2023-01-24T20:00:27","modified_gmt":"2023-01-24T19:00:27","slug":"scott-tournet-se-lance-merveilleusement-dans-une-carriere-solo-et-sort-un-premier-single-memorable-fever","status":"publish","type":"post","link":"https:\/\/www.radiocastor.com\/index.php\/scott-tournet-se-lance-merveilleusement-dans-une-carriere-solo-et-sort-un-premier-single-memorable-fever\/","title":{"rendered":"Scott Tournet se lance merveilleusement dans une carri\u00e8re solo, et sort un premier single m\u00e9morable, \u00ab\u00a0Fever\u00a0\u00bb"},"content":{"rendered":"\n<p>L&rsquo;auteur compositeur interpr\u00e8te Scott Tournet pr\u00e9sente son nouveau single, \u00ab\u00a0Fever\u00a0\u00bb, tout juste sorti le 21 janvier denier.<\/p>\n\n\n\n<p>Apr\u00e8s avoir co-fond\u00e9 Grace Potter &amp; The Nocturnal,, puis pass\u00e9 quelques ann\u00e9es \u00e0 la t\u00eate d&rsquo;Elektric Voodoo, Scott sort un nouvel album sous son propre nom avec un nouveau groupe de 4 musiciens compos\u00e9 d&rsquo;un orgue Hammond B3, d&rsquo;une basse, d&rsquo;une batterie et d&rsquo;une guitare \u00e9lectrique.<\/p>\n\n\n\n<p>Bien que le son soit actuel sur le plan sonore, il s&rsquo;inspire \u00e9galement des racines am\u00e9ricaines et de la musique pop des ann\u00e9es 1950 \u00e0 aujourd&rsquo;hui.<\/p>\n\n\n\n<p>Rythmiquement et \u00e9motionnellement puissant, \u00ab\u00a0Fever\u00a0\u00bb s&rsquo;inspire du rock &amp; roll am\u00e9ricain et de la musique pop du pass\u00e9 tout en restant actuel sur le plan sonore.<br>Comme l&rsquo;ont fait The Black Keys, Jack White et Gary Clark Jr., Tournet parvient \u00e0 mettre \u00e0 jour le genre blues rock en incorporant des basses profondes, des grooves influenc\u00e9s par le hip hop et une production moderne.<br>Sa musique semble imm\u00e9diatement famili\u00e8re tout en se sentant nouvelle et excitante.<\/p>\n\n\n\n<p>Tournet d\u00e9clare :<br>\u00ab\u00a0J&rsquo;essaie toujours de trouver le croisement entre le nouveau et l&rsquo;ancien.<br>Ma passion pour les disques vinyles des ann\u00e9es 50 aux ann\u00e9es 70 est sans fin, mais je ne cherche jamais \u00e0 recr\u00e9er quoi que ce soit.<br>Je cherche toujours \u00e0 cr\u00e9er quelque chose de nouveau et d&rsquo;excitant qui me semble nouveau.<br>Ce faisant, la musique qui est dans mon ADN se faufile invariablement et procure une sensation de confort et de familiarit\u00e9.<br>Si ma musique \u00e9tait une tenue, ce serait une toute nouvelle paire de baskets pr\u00eates \u00e0 l&#8217;emploi et un pantalon de surv\u00eatement Adidas associ\u00e9 \u00e0 ce t-shirt confortable que vous poss\u00e9dez depuis toujours.\u00a0\u00bb<\/p>\n\n\n\n<p>Lyriquement, \u00ab\u00a0Fever\u00a0\u00bb explore la mentalit\u00e9 de quelqu&rsquo;un qui perd lentement son chemin.<br>Le narrateur semble \u00eatre un ami ou un amant de la personne qui s&rsquo;effondre.<br>Le narrateur fait savoir au personnage principal que sa mascarade est termin\u00e9e et que tout le monde autour d&rsquo;eux peut clairement voir ce qui se passe.<\/p>\n\n\n\n<p>\u00ab\u00a0Fever\u00a0\u00bb est le premier single du prochain album de Scott Tournet annonc\u00e9 pour cette ann\u00e9e.<br>On a h\u00e2te&#8230;<\/p>\n\n\n\n<p><em>A \u00e9couter sur <a href=\"https:\/\/www.radiocastor.com\/index.php\/playlist\/\" target=\"_blank\" rel=\"noreferrer noopener\">nos playlists<\/a> !<\/em><\/p>\n\n\n\n<p><iframe loading=\"lazy\" src=\"https:\/\/www.youtube.com\/embed\/nY_Mw0zYRxA\" title=\"YouTube video player\" allow=\"accelerometer; autoplay; clipboard-write; encrypted-media; gyroscope; picture-in-picture; web-share\" allowfullscreen=\"\" width=\"560\" height=\"315\" frameborder=\"0\"><\/iframe><\/p>\n\n\n\n<p class=\"has-text-align-center\"><a rel=\"noreferrer noopener\" href=\"https:\/\/www.facebook.com\/Scotttournet\/\" target=\"_blank\">Facebook<\/a> &#8211; <a href=\"https:\/\/www.instagram.com\/scott_tournet\/\" target=\"_blank\" rel=\"noreferrer noopener\">Instagram<\/a><\/p>\n","protected":false},"excerpt":{"rendered":"<p>L&rsquo;auteur compositeur interpr\u00e8te Scott Tournet pr\u00e9sente son nouveau single, \u00ab\u00a0Fever\u00a0\u00bb, tout juste sorti le 21&#8230;<\/p>\n","protected":false},"author":1,"featured_media":3870,"comment_status":"closed","ping_status":"open","sticky":false,"template":"","format":"standard","meta":{"_uag_custom_page_level_css":"","footnotes":""},"categories":[4,5,32,46],"tags":[],"class_list":["post-3869","post","type-post","status-publish","format-standard","has-post-thumbnail","hentry","category-pop","category-rock","category-single","category-sortie"],"yoast_head":"<!-- This site is optimized with the Yoast SEO plugin v27.4 - https:\/\/yoast.com\/product\/yoast-seo-wordpress\/ -->\n<title>Scott Tournet se lance merveilleusement dans une carri\u00e8re solo, et sort un premier single m\u00e9morable, &quot;Fever&quot; - Radio Castor<\/title>\n<meta name=\"robots\" content=\"index, follow, max-snippet:-1, max-image-preview:large, max-video-preview:-1\" \/>\n<link rel=\"canonical\" href=\"https:\/\/www.radiocastor.com\/index.php\/scott-tournet-se-lance-merveilleusement-dans-une-carriere-solo-et-sort-un-premier-single-memorable-fever\/\" \/>\n<meta property=\"og:locale\" content=\"fr_FR\" \/>\n<meta property=\"og:type\" content=\"article\" \/>\n<meta property=\"og:title\" content=\"Scott Tournet se lance merveilleusement dans une carri\u00e8re solo, et sort un premier single m\u00e9morable, &quot;Fever&quot; - Radio Castor\" \/>\n<meta property=\"og:description\" content=\"L&rsquo;auteur compositeur interpr\u00e8te Scott Tournet pr\u00e9sente son nouveau single, \u00ab\u00a0Fever\u00a0\u00bb, tout juste sorti le 21...\" \/>\n<meta property=\"og:url\" content=\"https:\/\/www.radiocastor.com\/index.php\/scott-tournet-se-lance-merveilleusement-dans-une-carriere-solo-et-sort-un-premier-single-memorable-fever\/\" \/>\n<meta property=\"og:site_name\" content=\"Radio Castor\" \/>\n<meta property=\"article:publisher\" content=\"https:\/\/www.facebook.com\/theradiocastor\" \/>\n<meta property=\"article:published_time\" content=\"2023-01-24T19:00:07+00:00\" \/>\n<meta property=\"article:modified_time\" content=\"2023-01-24T19:00:27+00:00\" \/>\n<meta property=\"og:image\" content=\"https:\/\/www.radiocastor.com\/wp-content\/uploads\/2023\/01\/286047218_522076859704326_4239730382460185862_n.jpg\" \/>\n\t<meta property=\"og:image:width\" content=\"640\" \/>\n\t<meta property=\"og:image:height\" content=\"491\" \/>\n\t<meta property=\"og:image:type\" content=\"image\/jpeg\" \/>\n<meta name=\"author\" content=\"R\u00e9daction R C\" \/>\n<meta name=\"twitter:card\" content=\"summary_large_image\" \/>\n<meta name=\"twitter:creator\" content=\"@TheRadioCastor\" \/>\n<meta name=\"twitter:site\" content=\"@TheRadioCastor\" \/>\n<meta name=\"twitter:label1\" content=\"\u00c9crit par\" \/>\n\t<meta name=\"twitter:data1\" content=\"R\u00e9daction R C\" \/>\n\t<meta name=\"twitter:label2\" content=\"Dur\u00e9e de lecture estim\u00e9e\" \/>\n\t<meta name=\"twitter:data2\" content=\"2 minutes\" \/>\n<script type=\"application\/ld+json\" class=\"yoast-schema-graph\">{\"@context\":\"https:\\\/\\\/schema.org\",\"@graph\":[{\"@type\":\"Article\",\"@id\":\"https:\\\/\\\/www.radiocastor.com\\\/index.php\\\/scott-tournet-se-lance-merveilleusement-dans-une-carriere-solo-et-sort-un-premier-single-memorable-fever\\\/#article\",\"isPartOf\":{\"@id\":\"https:\\\/\\\/www.radiocastor.com\\\/index.php\\\/scott-tournet-se-lance-merveilleusement-dans-une-carriere-solo-et-sort-un-premier-single-memorable-fever\\\/\"},\"author\":{\"name\":\"R\u00e9daction R C\",\"@id\":\"https:\\\/\\\/www.radiocastor.com\\\/#\\\/schema\\\/person\\\/558b0e47dc4c11fa52b2220ba6a78779\"},\"headline\":\"Scott Tournet se lance merveilleusement dans une carri\u00e8re solo, et sort un premier single m\u00e9morable, \u00ab\u00a0Fever\u00a0\u00bb\",\"datePublished\":\"2023-01-24T19:00:07+00:00\",\"dateModified\":\"2023-01-24T19:00:27+00:00\",\"mainEntityOfPage\":{\"@id\":\"https:\\\/\\\/www.radiocastor.com\\\/index.php\\\/scott-tournet-se-lance-merveilleusement-dans-une-carriere-solo-et-sort-un-premier-single-memorable-fever\\\/\"},\"wordCount\":390,\"publisher\":{\"@id\":\"https:\\\/\\\/www.radiocastor.com\\\/#organization\"},\"image\":{\"@id\":\"https:\\\/\\\/www.radiocastor.com\\\/index.php\\\/scott-tournet-se-lance-merveilleusement-dans-une-carriere-solo-et-sort-un-premier-single-memorable-fever\\\/#primaryimage\"},\"thumbnailUrl\":\"https:\\\/\\\/www.radiocastor.com\\\/wp-content\\\/uploads\\\/2023\\\/01\\\/286047218_522076859704326_4239730382460185862_n.jpg\",\"articleSection\":[\"Pop\",\"Rock\",\"Single\",\"Sortie\"],\"inLanguage\":\"fr-FR\"},{\"@type\":\"WebPage\",\"@id\":\"https:\\\/\\\/www.radiocastor.com\\\/index.php\\\/scott-tournet-se-lance-merveilleusement-dans-une-carriere-solo-et-sort-un-premier-single-memorable-fever\\\/\",\"url\":\"https:\\\/\\\/www.radiocastor.com\\\/index.php\\\/scott-tournet-se-lance-merveilleusement-dans-une-carriere-solo-et-sort-un-premier-single-memorable-fever\\\/\",\"name\":\"Scott Tournet se lance merveilleusement dans une carri\u00e8re solo, et sort un premier single m\u00e9morable, \\\"Fever\\\" - Radio Castor\",\"isPartOf\":{\"@id\":\"https:\\\/\\\/www.radiocastor.com\\\/#website\"},\"primaryImageOfPage\":{\"@id\":\"https:\\\/\\\/www.radiocastor.com\\\/index.php\\\/scott-tournet-se-lance-merveilleusement-dans-une-carriere-solo-et-sort-un-premier-single-memorable-fever\\\/#primaryimage\"},\"image\":{\"@id\":\"https:\\\/\\\/www.radiocastor.com\\\/index.php\\\/scott-tournet-se-lance-merveilleusement-dans-une-carriere-solo-et-sort-un-premier-single-memorable-fever\\\/#primaryimage\"},\"thumbnailUrl\":\"https:\\\/\\\/www.radiocastor.com\\\/wp-content\\\/uploads\\\/2023\\\/01\\\/286047218_522076859704326_4239730382460185862_n.jpg\",\"datePublished\":\"2023-01-24T19:00:07+00:00\",\"dateModified\":\"2023-01-24T19:00:27+00:00\",\"breadcrumb\":{\"@id\":\"https:\\\/\\\/www.radiocastor.com\\\/index.php\\\/scott-tournet-se-lance-merveilleusement-dans-une-carriere-solo-et-sort-un-premier-single-memorable-fever\\\/#breadcrumb\"},\"inLanguage\":\"fr-FR\",\"potentialAction\":[{\"@type\":\"ReadAction\",\"target\":[\"https:\\\/\\\/www.radiocastor.com\\\/index.php\\\/scott-tournet-se-lance-merveilleusement-dans-une-carriere-solo-et-sort-un-premier-single-memorable-fever\\\/\"]}]},{\"@type\":\"ImageObject\",\"inLanguage\":\"fr-FR\",\"@id\":\"https:\\\/\\\/www.radiocastor.com\\\/index.php\\\/scott-tournet-se-lance-merveilleusement-dans-une-carriere-solo-et-sort-un-premier-single-memorable-fever\\\/#primaryimage\",\"url\":\"https:\\\/\\\/www.radiocastor.com\\\/wp-content\\\/uploads\\\/2023\\\/01\\\/286047218_522076859704326_4239730382460185862_n.jpg\",\"contentUrl\":\"https:\\\/\\\/www.radiocastor.com\\\/wp-content\\\/uploads\\\/2023\\\/01\\\/286047218_522076859704326_4239730382460185862_n.jpg\",\"width\":640,\"height\":491},{\"@type\":\"BreadcrumbList\",\"@id\":\"https:\\\/\\\/www.radiocastor.com\\\/index.php\\\/scott-tournet-se-lance-merveilleusement-dans-une-carriere-solo-et-sort-un-premier-single-memorable-fever\\\/#breadcrumb\",\"itemListElement\":[{\"@type\":\"ListItem\",\"position\":1,\"name\":\"Accueil\",\"item\":\"https:\\\/\\\/www.radiocastor.com\\\/\"},{\"@type\":\"ListItem\",\"position\":2,\"name\":\"Scott Tournet se lance merveilleusement dans une carri\u00e8re solo, et sort un premier single m\u00e9morable, \u00ab\u00a0Fever\u00a0\u00bb\"}]},{\"@type\":\"WebSite\",\"@id\":\"https:\\\/\\\/www.radiocastor.com\\\/#website\",\"url\":\"https:\\\/\\\/www.radiocastor.com\\\/\",\"name\":\"Radio Castor\",\"description\":\"La voix !\",\"publisher\":{\"@id\":\"https:\\\/\\\/www.radiocastor.com\\\/#organization\"},\"potentialAction\":[{\"@type\":\"SearchAction\",\"target\":{\"@type\":\"EntryPoint\",\"urlTemplate\":\"https:\\\/\\\/www.radiocastor.com\\\/?s={search_term_string}\"},\"query-input\":{\"@type\":\"PropertyValueSpecification\",\"valueRequired\":true,\"valueName\":\"search_term_string\"}}],\"inLanguage\":\"fr-FR\"},{\"@type\":\"Organization\",\"@id\":\"https:\\\/\\\/www.radiocastor.com\\\/#organization\",\"name\":\"Radio Castor\",\"url\":\"https:\\\/\\\/www.radiocastor.com\\\/\",\"logo\":{\"@type\":\"ImageObject\",\"inLanguage\":\"fr-FR\",\"@id\":\"https:\\\/\\\/www.radiocastor.com\\\/#\\\/schema\\\/logo\\\/image\\\/\",\"url\":\"https:\\\/\\\/www.radiocastor.com\\\/wp-content\\\/uploads\\\/2021\\\/11\\\/cropped-Radio-castor-logo-2.png\",\"contentUrl\":\"https:\\\/\\\/www.radiocastor.com\\\/wp-content\\\/uploads\\\/2021\\\/11\\\/cropped-Radio-castor-logo-2.png\",\"width\":437,\"height\":219,\"caption\":\"Radio Castor\"},\"image\":{\"@id\":\"https:\\\/\\\/www.radiocastor.com\\\/#\\\/schema\\\/logo\\\/image\\\/\"},\"sameAs\":[\"https:\\\/\\\/www.facebook.com\\\/theradiocastor\",\"https:\\\/\\\/x.com\\\/TheRadioCastor\",\"https:\\\/\\\/www.instagram.com\\\/theradiocastor\",\"https:\\\/\\\/www.youtube.com\\\/c\\\/RadioCastor\"]},{\"@type\":\"Person\",\"@id\":\"https:\\\/\\\/www.radiocastor.com\\\/#\\\/schema\\\/person\\\/558b0e47dc4c11fa52b2220ba6a78779\",\"name\":\"R\u00e9daction R C\",\"image\":{\"@type\":\"ImageObject\",\"inLanguage\":\"fr-FR\",\"@id\":\"https:\\\/\\\/secure.gravatar.com\\\/avatar\\\/1d3e4f4c4a0d129f7ed4838ea20c33760c2484b9bc381993df6c0e3f5bf89c23?s=96&d=mm&r=g\",\"url\":\"https:\\\/\\\/secure.gravatar.com\\\/avatar\\\/1d3e4f4c4a0d129f7ed4838ea20c33760c2484b9bc381993df6c0e3f5bf89c23?s=96&d=mm&r=g\",\"contentUrl\":\"https:\\\/\\\/secure.gravatar.com\\\/avatar\\\/1d3e4f4c4a0d129f7ed4838ea20c33760c2484b9bc381993df6c0e3f5bf89c23?s=96&d=mm&r=g\",\"caption\":\"R\u00e9daction R C\"},\"sameAs\":[\"http:\\\/\\\/www.radiocastor.com\"],\"url\":\"https:\\\/\\\/www.radiocastor.com\\\/index.php\\\/author\\\/radio-castor\\\/\"}]}<\/script>\n<!-- \/ Yoast SEO plugin. -->","yoast_head_json":{"title":"Scott Tournet se lance merveilleusement dans une carri\u00e8re solo, et sort un premier single m\u00e9morable, \"Fever\" - Radio Castor","robots":{"index":"index","follow":"follow","max-snippet":"max-snippet:-1","max-image-preview":"max-image-preview:large","max-video-preview":"max-video-preview:-1"},"canonical":"https:\/\/www.radiocastor.com\/index.php\/scott-tournet-se-lance-merveilleusement-dans-une-carriere-solo-et-sort-un-premier-single-memorable-fever\/","og_locale":"fr_FR","og_type":"article","og_title":"Scott Tournet se lance merveilleusement dans une carri\u00e8re solo, et sort un premier single m\u00e9morable, \"Fever\" - Radio Castor","og_description":"L&rsquo;auteur compositeur interpr\u00e8te Scott Tournet pr\u00e9sente son nouveau single, \u00ab\u00a0Fever\u00a0\u00bb, tout juste sorti le 21...","og_url":"https:\/\/www.radiocastor.com\/index.php\/scott-tournet-se-lance-merveilleusement-dans-une-carriere-solo-et-sort-un-premier-single-memorable-fever\/","og_site_name":"Radio Castor","article_publisher":"https:\/\/www.facebook.com\/theradiocastor","article_published_time":"2023-01-24T19:00:07+00:00","article_modified_time":"2023-01-24T19:00:27+00:00","og_image":[{"width":640,"height":491,"url":"https:\/\/www.radiocastor.com\/wp-content\/uploads\/2023\/01\/286047218_522076859704326_4239730382460185862_n.jpg","type":"image\/jpeg"}],"author":"R\u00e9daction R C","twitter_card":"summary_large_image","twitter_creator":"@TheRadioCastor","twitter_site":"@TheRadioCastor","twitter_misc":{"\u00c9crit par":"R\u00e9daction R C","Dur\u00e9e de lecture estim\u00e9e":"2 minutes"},"schema":{"@context":"https:\/\/schema.org","@graph":[{"@type":"Article","@id":"https:\/\/www.radiocastor.com\/index.php\/scott-tournet-se-lance-merveilleusement-dans-une-carriere-solo-et-sort-un-premier-single-memorable-fever\/#article","isPartOf":{"@id":"https:\/\/www.radiocastor.com\/index.php\/scott-tournet-se-lance-merveilleusement-dans-une-carriere-solo-et-sort-un-premier-single-memorable-fever\/"},"author":{"name":"R\u00e9daction R C","@id":"https:\/\/www.radiocastor.com\/#\/schema\/person\/558b0e47dc4c11fa52b2220ba6a78779"},"headline":"Scott Tournet se lance merveilleusement dans une carri\u00e8re solo, et sort un premier single m\u00e9morable, \u00ab\u00a0Fever\u00a0\u00bb","datePublished":"2023-01-24T19:00:07+00:00","dateModified":"2023-01-24T19:00:27+00:00","mainEntityOfPage":{"@id":"https:\/\/www.radiocastor.com\/index.php\/scott-tournet-se-lance-merveilleusement-dans-une-carriere-solo-et-sort-un-premier-single-memorable-fever\/"},"wordCount":390,"publisher":{"@id":"https:\/\/www.radiocastor.com\/#organization"},"image":{"@id":"https:\/\/www.radiocastor.com\/index.php\/scott-tournet-se-lance-merveilleusement-dans-une-carriere-solo-et-sort-un-premier-single-memorable-fever\/#primaryimage"},"thumbnailUrl":"https:\/\/www.radiocastor.com\/wp-content\/uploads\/2023\/01\/286047218_522076859704326_4239730382460185862_n.jpg","articleSection":["Pop","Rock","Single","Sortie"],"inLanguage":"fr-FR"},{"@type":"WebPage","@id":"https:\/\/www.radiocastor.com\/index.php\/scott-tournet-se-lance-merveilleusement-dans-une-carriere-solo-et-sort-un-premier-single-memorable-fever\/","url":"https:\/\/www.radiocastor.com\/index.php\/scott-tournet-se-lance-merveilleusement-dans-une-carriere-solo-et-sort-un-premier-single-memorable-fever\/","name":"Scott Tournet se lance merveilleusement dans une carri\u00e8re solo, et sort un premier single m\u00e9morable, \"Fever\" - Radio Castor","isPartOf":{"@id":"https:\/\/www.radiocastor.com\/#website"},"primaryImageOfPage":{"@id":"https:\/\/www.radiocastor.com\/index.php\/scott-tournet-se-lance-merveilleusement-dans-une-carriere-solo-et-sort-un-premier-single-memorable-fever\/#primaryimage"},"image":{"@id":"https:\/\/www.radiocastor.com\/index.php\/scott-tournet-se-lance-merveilleusement-dans-une-carriere-solo-et-sort-un-premier-single-memorable-fever\/#primaryimage"},"thumbnailUrl":"https:\/\/www.radiocastor.com\/wp-content\/uploads\/2023\/01\/286047218_522076859704326_4239730382460185862_n.jpg","datePublished":"2023-01-24T19:00:07+00:00","dateModified":"2023-01-24T19:00:27+00:00","breadcrumb":{"@id":"https:\/\/www.radiocastor.com\/index.php\/scott-tournet-se-lance-merveilleusement-dans-une-carriere-solo-et-sort-un-premier-single-memorable-fever\/#breadcrumb"},"inLanguage":"fr-FR","potentialAction":[{"@type":"ReadAction","target":["https:\/\/www.radiocastor.com\/index.php\/scott-tournet-se-lance-merveilleusement-dans-une-carriere-solo-et-sort-un-premier-single-memorable-fever\/"]}]},{"@type":"ImageObject","inLanguage":"fr-FR","@id":"https:\/\/www.radiocastor.com\/index.php\/scott-tournet-se-lance-merveilleusement-dans-une-carriere-solo-et-sort-un-premier-single-memorable-fever\/#primaryimage","url":"https:\/\/www.radiocastor.com\/wp-content\/uploads\/2023\/01\/286047218_522076859704326_4239730382460185862_n.jpg","contentUrl":"https:\/\/www.radiocastor.com\/wp-content\/uploads\/2023\/01\/286047218_522076859704326_4239730382460185862_n.jpg","width":640,"height":491},{"@type":"BreadcrumbList","@id":"https:\/\/www.radiocastor.com\/index.php\/scott-tournet-se-lance-merveilleusement-dans-une-carriere-solo-et-sort-un-premier-single-memorable-fever\/#breadcrumb","itemListElement":[{"@type":"ListItem","position":1,"name":"Accueil","item":"https:\/\/www.radiocastor.com\/"},{"@type":"ListItem","position":2,"name":"Scott Tournet se lance merveilleusement dans une carri\u00e8re solo, et sort un premier single m\u00e9morable, \u00ab\u00a0Fever\u00a0\u00bb"}]},{"@type":"WebSite","@id":"https:\/\/www.radiocastor.com\/#website","url":"https:\/\/www.radiocastor.com\/","name":"Radio Castor","description":"La voix !","publisher":{"@id":"https:\/\/www.radiocastor.com\/#organization"},"potentialAction":[{"@type":"SearchAction","target":{"@type":"EntryPoint","urlTemplate":"https:\/\/www.radiocastor.com\/?s={search_term_string}"},"query-input":{"@type":"PropertyValueSpecification","valueRequired":true,"valueName":"search_term_string"}}],"inLanguage":"fr-FR"},{"@type":"Organization","@id":"https:\/\/www.radiocastor.com\/#organization","name":"Radio Castor","url":"https:\/\/www.radiocastor.com\/","logo":{"@type":"ImageObject","inLanguage":"fr-FR","@id":"https:\/\/www.radiocastor.com\/#\/schema\/logo\/image\/","url":"https:\/\/www.radiocastor.com\/wp-content\/uploads\/2021\/11\/cropped-Radio-castor-logo-2.png","contentUrl":"https:\/\/www.radiocastor.com\/wp-content\/uploads\/2021\/11\/cropped-Radio-castor-logo-2.png","width":437,"height":219,"caption":"Radio Castor"},"image":{"@id":"https:\/\/www.radiocastor.com\/#\/schema\/logo\/image\/"},"sameAs":["https:\/\/www.facebook.com\/theradiocastor","https:\/\/x.com\/TheRadioCastor","https:\/\/www.instagram.com\/theradiocastor","https:\/\/www.youtube.com\/c\/RadioCastor"]},{"@type":"Person","@id":"https:\/\/www.radiocastor.com\/#\/schema\/person\/558b0e47dc4c11fa52b2220ba6a78779","name":"R\u00e9daction R C","image":{"@type":"ImageObject","inLanguage":"fr-FR","@id":"https:\/\/secure.gravatar.com\/avatar\/1d3e4f4c4a0d129f7ed4838ea20c33760c2484b9bc381993df6c0e3f5bf89c23?s=96&d=mm&r=g","url":"https:\/\/secure.gravatar.com\/avatar\/1d3e4f4c4a0d129f7ed4838ea20c33760c2484b9bc381993df6c0e3f5bf89c23?s=96&d=mm&r=g","contentUrl":"https:\/\/secure.gravatar.com\/avatar\/1d3e4f4c4a0d129f7ed4838ea20c33760c2484b9bc381993df6c0e3f5bf89c23?s=96&d=mm&r=g","caption":"R\u00e9daction R C"},"sameAs":["http:\/\/www.radiocastor.com"],"url":"https:\/\/www.radiocastor.com\/index.php\/author\/radio-castor\/"}]}},"uagb_featured_image_src":{"full":["https:\/\/www.radiocastor.com\/wp-content\/uploads\/2023\/01\/286047218_522076859704326_4239730382460185862_n.jpg",640,491,false],"thumbnail":["https:\/\/www.radiocastor.com\/wp-content\/uploads\/2023\/01\/286047218_522076859704326_4239730382460185862_n-150x150.jpg",150,150,true],"medium":["https:\/\/www.radiocastor.com\/wp-content\/uploads\/2023\/01\/286047218_522076859704326_4239730382460185862_n-300x230.jpg",300,230,true],"medium_large":["https:\/\/www.radiocastor.com\/wp-content\/uploads\/2023\/01\/286047218_522076859704326_4239730382460185862_n.jpg",640,491,false],"large":["https:\/\/www.radiocastor.com\/wp-content\/uploads\/2023\/01\/286047218_522076859704326_4239730382460185862_n.jpg",640,491,false],"1536x1536":["https:\/\/www.radiocastor.com\/wp-content\/uploads\/2023\/01\/286047218_522076859704326_4239730382460185862_n.jpg",640,491,false],"2048x2048":["https:\/\/www.radiocastor.com\/wp-content\/uploads\/2023\/01\/286047218_522076859704326_4239730382460185862_n.jpg",640,491,false],"newsever-slider-full":["https:\/\/www.radiocastor.com\/wp-content\/uploads\/2023\/01\/286047218_522076859704326_4239730382460185862_n.jpg",640,491,false],"newsever-featured":["https:\/\/www.radiocastor.com\/wp-content\/uploads\/2023\/01\/286047218_522076859704326_4239730382460185862_n.jpg",640,491,false],"newsever-medium":["https:\/\/www.radiocastor.com\/wp-content\/uploads\/2023\/01\/286047218_522076859704326_4239730382460185862_n-640x475.jpg",640,475,true]},"uagb_author_info":{"display_name":"R\u00e9daction R C","author_link":"https:\/\/www.radiocastor.com\/index.php\/author\/radio-castor\/"},"uagb_comment_info":0,"uagb_excerpt":"L&rsquo;auteur compositeur interpr\u00e8te Scott Tournet pr\u00e9sente son nouveau single, \u00ab\u00a0Fever\u00a0\u00bb, tout juste sorti le 21...","_links":{"self":[{"href":"https:\/\/www.radiocastor.com\/index.php\/wp-json\/wp\/v2\/posts\/3869","targetHints":{"allow":["GET"]}}],"collection":[{"href":"https:\/\/www.radiocastor.com\/index.php\/wp-json\/wp\/v2\/posts"}],"about":[{"href":"https:\/\/www.radiocastor.com\/index.php\/wp-json\/wp\/v2\/types\/post"}],"author":[{"embeddable":true,"href":"https:\/\/www.radiocastor.com\/index.php\/wp-json\/wp\/v2\/users\/1"}],"replies":[{"embeddable":true,"href":"https:\/\/www.radiocastor.com\/index.php\/wp-json\/wp\/v2\/comments?post=3869"}],"version-history":[{"count":0,"href":"https:\/\/www.radiocastor.com\/index.php\/wp-json\/wp\/v2\/posts\/3869\/revisions"}],"wp:featuredmedia":[{"embeddable":true,"href":"https:\/\/www.radiocastor.com\/index.php\/wp-json\/wp\/v2\/media\/3870"}],"wp:attachment":[{"href":"https:\/\/www.radiocastor.com\/index.php\/wp-json\/wp\/v2\/media?parent=3869"}],"wp:term":[{"taxonomy":"category","embeddable":true,"href":"https:\/\/www.radiocastor.com\/index.php\/wp-json\/wp\/v2\/categories?post=3869"},{"taxonomy":"post_tag","embeddable":true,"href":"https:\/\/www.radiocastor.com\/index.php\/wp-json\/wp\/v2\/tags?post=3869"}],"curies":[{"name":"wp","href":"https:\/\/api.w.org\/{rel}","templated":true}]}}