{"id":2884,"date":"2022-09-26T20:40:46","date_gmt":"2022-09-26T18:40:46","guid":{"rendered":"https:\/\/www.radiocastor.com\/?p=2884"},"modified":"2022-09-27T14:28:40","modified_gmt":"2022-09-27T12:28:40","slug":"maya-azucena-deploie-une-voix-irresistible-pour-chanter-i-am-enough-extrait-de-son-nouvel-ep","status":"publish","type":"post","link":"https:\/\/www.radiocastor.com\/index.php\/maya-azucena-deploie-une-voix-irresistible-pour-chanter-i-am-enough-extrait-de-son-nouvel-ep\/","title":{"rendered":"Maya Azucena d\u00e9ploie une voix irr\u00e9sistible pour chanter \u00ab\u00a0I Am Enough\u00a0\u00bb, extrait de son nouvel EP"},"content":{"rendered":"\n<p>La chanteuse originaire de Brooklyn Maya Azucena a sorti le 23 septembre dernier un nouvel EP dont voici le titre phare, \u00ab\u00a0I Am Enough\u00a0\u00bb.<\/p>\n\n\n\n<p>Maya Azucena fusionne indie pop et soul classique pour cr\u00e9er une musique \u00e9motionnelle qui \u00e9l\u00e8ve l&rsquo;\u00e2me<\/p>\n\n\n\n<p>\u00ab\u00a0I Am Enough\u00a0\u00bb est un morceau qui int\u00e8gre l&rsquo;exp\u00e9rience rock du producteur, multi-instrumentiste Timo Ellis (Mark Ronson, Yoko Ono, Sean Lennon, Cibo Matto et Joan As Policewoman) avec l&rsquo;amour et la connaissance d&rsquo;Azucena de la musique spirituelle et funk noire.<\/p>\n\n\n\n<p>Le morceau d\u00e9marre sur une intro tr\u00e8s \u00ab\u00a0ethnique\u00a0\u00bb, avant que n&rsquo;entrent en sc\u00e8ne un gros rythme de batterie, m\u00eal\u00e9 \u00e0 une guitare Blues-Rock laissant briller la voix rock teint\u00e9e de soul \u00e0 la Tina Turner de Maya<\/p>\n\n\n\n<p>Maya Azucena explique : \u00ab\u00a0En termes simples, &lsquo;I Am Enough&rsquo; est une d\u00e9dicace \u00e0 mes anc\u00eatres, \u00e0 leur h\u00e9ritage, et tous ceux qui ont essay\u00e9 de nous arr\u00eater. Je pense que beaucoup de gens, issus de nombreuses exp\u00e9riences de vie, se retrouveront dans le message de cette chanson.\u00a0\u00bb<\/p>\n\n\n\n<p>A \u00e9couter sur nos playlists !<\/p>\n\n\n\n<p><iframe loading=\"lazy\" src=\"https:\/\/www.youtube.com\/embed\/NmDlo5TnZJU\" title=\"YouTube video player\" allow=\"accelerometer; autoplay; clipboard-write; encrypted-media; gyroscope; picture-in-picture\" allowfullscreen=\"\" width=\"560\" height=\"315\" frameborder=\"0\"><\/iframe><\/p>\n\n\n\n<p class=\"has-text-align-center\"><a rel=\"noreferrer noopener\" href=\"https:\/\/www.facebook.com\/MayaAzucena\/\" target=\"_blank\">Facebook<\/a> &#8211; <a rel=\"noreferrer noopener\" href=\"https:\/\/www.instagram.com\/mayaazucena\/\" target=\"_blank\">Instagram<\/a> &#8211; <a href=\"https:\/\/twitter.com\/mayaazucena\" target=\"_blank\" rel=\"noreferrer noopener\">Twitter<\/a><\/p>\n","protected":false},"excerpt":{"rendered":"<p>La chanteuse originaire de Brooklyn Maya Azucena a sorti le 23 septembre dernier un nouvel&#8230;<\/p>\n","protected":false},"author":1,"featured_media":2893,"comment_status":"closed","ping_status":"open","sticky":false,"template":"","format":"standard","meta":{"_uag_custom_page_level_css":"","footnotes":""},"categories":[4,46,86],"tags":[],"class_list":["post-2884","post","type-post","status-publish","format-standard","has-post-thumbnail","hentry","category-pop","category-sortie","category-soul"],"yoast_head":"<!-- This site is optimized with the Yoast SEO plugin v27.5 - https:\/\/yoast.com\/product\/yoast-seo-wordpress\/ -->\n<title>Maya Azucena d\u00e9ploie une voix irr\u00e9sistible pour chanter &quot;I Am Enough&quot;, extrait de son nouvel EP - Radio Castor<\/title>\n<meta name=\"robots\" content=\"index, follow, max-snippet:-1, max-image-preview:large, max-video-preview:-1\" \/>\n<link rel=\"canonical\" href=\"https:\/\/www.radiocastor.com\/index.php\/maya-azucena-deploie-une-voix-irresistible-pour-chanter-i-am-enough-extrait-de-son-nouvel-ep\/\" \/>\n<meta property=\"og:locale\" content=\"fr_FR\" \/>\n<meta property=\"og:type\" content=\"article\" \/>\n<meta property=\"og:title\" content=\"Maya Azucena d\u00e9ploie une voix irr\u00e9sistible pour chanter &quot;I Am Enough&quot;, extrait de son nouvel EP - Radio Castor\" \/>\n<meta property=\"og:description\" content=\"La chanteuse originaire de Brooklyn Maya Azucena a sorti le 23 septembre dernier un nouvel...\" \/>\n<meta property=\"og:url\" content=\"https:\/\/www.radiocastor.com\/index.php\/maya-azucena-deploie-une-voix-irresistible-pour-chanter-i-am-enough-extrait-de-son-nouvel-ep\/\" \/>\n<meta property=\"og:site_name\" content=\"Radio Castor\" \/>\n<meta property=\"article:publisher\" content=\"https:\/\/www.facebook.com\/theradiocastor\" \/>\n<meta property=\"article:published_time\" content=\"2022-09-26T18:40:46+00:00\" \/>\n<meta property=\"article:modified_time\" content=\"2022-09-27T12:28:40+00:00\" \/>\n<meta property=\"og:image\" content=\"https:\/\/www.radiocastor.com\/wp-content\/uploads\/2022\/09\/MayaAzucenaGoldCoverGirl-1.jpg\" \/>\n\t<meta property=\"og:image:width\" content=\"567\" \/>\n\t<meta property=\"og:image:height\" content=\"850\" \/>\n\t<meta property=\"og:image:type\" content=\"image\/jpeg\" \/>\n<meta name=\"author\" content=\"R\u00e9daction R C\" \/>\n<meta name=\"twitter:card\" content=\"summary_large_image\" \/>\n<meta name=\"twitter:creator\" content=\"@TheRadioCastor\" \/>\n<meta name=\"twitter:site\" content=\"@TheRadioCastor\" \/>\n<meta name=\"twitter:label1\" content=\"\u00c9crit par\" \/>\n\t<meta name=\"twitter:data1\" content=\"R\u00e9daction R C\" \/>\n\t<meta name=\"twitter:label2\" content=\"Dur\u00e9e de lecture estim\u00e9e\" \/>\n\t<meta name=\"twitter:data2\" content=\"1 minute\" \/>\n<script type=\"application\/ld+json\" class=\"yoast-schema-graph\">{\"@context\":\"https:\\\/\\\/schema.org\",\"@graph\":[{\"@type\":\"Article\",\"@id\":\"https:\\\/\\\/www.radiocastor.com\\\/index.php\\\/maya-azucena-deploie-une-voix-irresistible-pour-chanter-i-am-enough-extrait-de-son-nouvel-ep\\\/#article\",\"isPartOf\":{\"@id\":\"https:\\\/\\\/www.radiocastor.com\\\/index.php\\\/maya-azucena-deploie-une-voix-irresistible-pour-chanter-i-am-enough-extrait-de-son-nouvel-ep\\\/\"},\"author\":{\"name\":\"R\u00e9daction R C\",\"@id\":\"https:\\\/\\\/www.radiocastor.com\\\/#\\\/schema\\\/person\\\/558b0e47dc4c11fa52b2220ba6a78779\"},\"headline\":\"Maya Azucena d\u00e9ploie une voix irr\u00e9sistible pour chanter \u00ab\u00a0I Am Enough\u00a0\u00bb, extrait de son nouvel EP\",\"datePublished\":\"2022-09-26T18:40:46+00:00\",\"dateModified\":\"2022-09-27T12:28:40+00:00\",\"mainEntityOfPage\":{\"@id\":\"https:\\\/\\\/www.radiocastor.com\\\/index.php\\\/maya-azucena-deploie-une-voix-irresistible-pour-chanter-i-am-enough-extrait-de-son-nouvel-ep\\\/\"},\"wordCount\":206,\"publisher\":{\"@id\":\"https:\\\/\\\/www.radiocastor.com\\\/#organization\"},\"image\":{\"@id\":\"https:\\\/\\\/www.radiocastor.com\\\/index.php\\\/maya-azucena-deploie-une-voix-irresistible-pour-chanter-i-am-enough-extrait-de-son-nouvel-ep\\\/#primaryimage\"},\"thumbnailUrl\":\"https:\\\/\\\/www.radiocastor.com\\\/wp-content\\\/uploads\\\/2022\\\/09\\\/MayaAzucenaGoldCoverGirl-1.jpg\",\"articleSection\":[\"Pop\",\"Sortie\",\"Soul\"],\"inLanguage\":\"fr-FR\"},{\"@type\":\"WebPage\",\"@id\":\"https:\\\/\\\/www.radiocastor.com\\\/index.php\\\/maya-azucena-deploie-une-voix-irresistible-pour-chanter-i-am-enough-extrait-de-son-nouvel-ep\\\/\",\"url\":\"https:\\\/\\\/www.radiocastor.com\\\/index.php\\\/maya-azucena-deploie-une-voix-irresistible-pour-chanter-i-am-enough-extrait-de-son-nouvel-ep\\\/\",\"name\":\"Maya Azucena d\u00e9ploie une voix irr\u00e9sistible pour chanter \\\"I Am Enough\\\", extrait de son nouvel EP - Radio Castor\",\"isPartOf\":{\"@id\":\"https:\\\/\\\/www.radiocastor.com\\\/#website\"},\"primaryImageOfPage\":{\"@id\":\"https:\\\/\\\/www.radiocastor.com\\\/index.php\\\/maya-azucena-deploie-une-voix-irresistible-pour-chanter-i-am-enough-extrait-de-son-nouvel-ep\\\/#primaryimage\"},\"image\":{\"@id\":\"https:\\\/\\\/www.radiocastor.com\\\/index.php\\\/maya-azucena-deploie-une-voix-irresistible-pour-chanter-i-am-enough-extrait-de-son-nouvel-ep\\\/#primaryimage\"},\"thumbnailUrl\":\"https:\\\/\\\/www.radiocastor.com\\\/wp-content\\\/uploads\\\/2022\\\/09\\\/MayaAzucenaGoldCoverGirl-1.jpg\",\"datePublished\":\"2022-09-26T18:40:46+00:00\",\"dateModified\":\"2022-09-27T12:28:40+00:00\",\"breadcrumb\":{\"@id\":\"https:\\\/\\\/www.radiocastor.com\\\/index.php\\\/maya-azucena-deploie-une-voix-irresistible-pour-chanter-i-am-enough-extrait-de-son-nouvel-ep\\\/#breadcrumb\"},\"inLanguage\":\"fr-FR\",\"potentialAction\":[{\"@type\":\"ReadAction\",\"target\":[\"https:\\\/\\\/www.radiocastor.com\\\/index.php\\\/maya-azucena-deploie-une-voix-irresistible-pour-chanter-i-am-enough-extrait-de-son-nouvel-ep\\\/\"]}]},{\"@type\":\"ImageObject\",\"inLanguage\":\"fr-FR\",\"@id\":\"https:\\\/\\\/www.radiocastor.com\\\/index.php\\\/maya-azucena-deploie-une-voix-irresistible-pour-chanter-i-am-enough-extrait-de-son-nouvel-ep\\\/#primaryimage\",\"url\":\"https:\\\/\\\/www.radiocastor.com\\\/wp-content\\\/uploads\\\/2022\\\/09\\\/MayaAzucenaGoldCoverGirl-1.jpg\",\"contentUrl\":\"https:\\\/\\\/www.radiocastor.com\\\/wp-content\\\/uploads\\\/2022\\\/09\\\/MayaAzucenaGoldCoverGirl-1.jpg\",\"width\":567,\"height\":850},{\"@type\":\"BreadcrumbList\",\"@id\":\"https:\\\/\\\/www.radiocastor.com\\\/index.php\\\/maya-azucena-deploie-une-voix-irresistible-pour-chanter-i-am-enough-extrait-de-son-nouvel-ep\\\/#breadcrumb\",\"itemListElement\":[{\"@type\":\"ListItem\",\"position\":1,\"name\":\"Accueil\",\"item\":\"https:\\\/\\\/www.radiocastor.com\\\/\"},{\"@type\":\"ListItem\",\"position\":2,\"name\":\"Maya Azucena d\u00e9ploie une voix irr\u00e9sistible pour chanter \u00ab\u00a0I Am Enough\u00a0\u00bb, extrait de son nouvel EP\"}]},{\"@type\":\"WebSite\",\"@id\":\"https:\\\/\\\/www.radiocastor.com\\\/#website\",\"url\":\"https:\\\/\\\/www.radiocastor.com\\\/\",\"name\":\"Radio Castor\",\"description\":\"La voix !\",\"publisher\":{\"@id\":\"https:\\\/\\\/www.radiocastor.com\\\/#organization\"},\"potentialAction\":[{\"@type\":\"SearchAction\",\"target\":{\"@type\":\"EntryPoint\",\"urlTemplate\":\"https:\\\/\\\/www.radiocastor.com\\\/?s={search_term_string}\"},\"query-input\":{\"@type\":\"PropertyValueSpecification\",\"valueRequired\":true,\"valueName\":\"search_term_string\"}}],\"inLanguage\":\"fr-FR\"},{\"@type\":\"Organization\",\"@id\":\"https:\\\/\\\/www.radiocastor.com\\\/#organization\",\"name\":\"Radio Castor\",\"url\":\"https:\\\/\\\/www.radiocastor.com\\\/\",\"logo\":{\"@type\":\"ImageObject\",\"inLanguage\":\"fr-FR\",\"@id\":\"https:\\\/\\\/www.radiocastor.com\\\/#\\\/schema\\\/logo\\\/image\\\/\",\"url\":\"https:\\\/\\\/www.radiocastor.com\\\/wp-content\\\/uploads\\\/2021\\\/11\\\/cropped-Radio-castor-logo-2.png\",\"contentUrl\":\"https:\\\/\\\/www.radiocastor.com\\\/wp-content\\\/uploads\\\/2021\\\/11\\\/cropped-Radio-castor-logo-2.png\",\"width\":437,\"height\":219,\"caption\":\"Radio Castor\"},\"image\":{\"@id\":\"https:\\\/\\\/www.radiocastor.com\\\/#\\\/schema\\\/logo\\\/image\\\/\"},\"sameAs\":[\"https:\\\/\\\/www.facebook.com\\\/theradiocastor\",\"https:\\\/\\\/x.com\\\/TheRadioCastor\",\"https:\\\/\\\/www.instagram.com\\\/theradiocastor\",\"https:\\\/\\\/www.youtube.com\\\/c\\\/RadioCastor\"]},{\"@type\":\"Person\",\"@id\":\"https:\\\/\\\/www.radiocastor.com\\\/#\\\/schema\\\/person\\\/558b0e47dc4c11fa52b2220ba6a78779\",\"name\":\"R\u00e9daction R C\",\"image\":{\"@type\":\"ImageObject\",\"inLanguage\":\"fr-FR\",\"@id\":\"https:\\\/\\\/secure.gravatar.com\\\/avatar\\\/1d3e4f4c4a0d129f7ed4838ea20c33760c2484b9bc381993df6c0e3f5bf89c23?s=96&d=mm&r=g\",\"url\":\"https:\\\/\\\/secure.gravatar.com\\\/avatar\\\/1d3e4f4c4a0d129f7ed4838ea20c33760c2484b9bc381993df6c0e3f5bf89c23?s=96&d=mm&r=g\",\"contentUrl\":\"https:\\\/\\\/secure.gravatar.com\\\/avatar\\\/1d3e4f4c4a0d129f7ed4838ea20c33760c2484b9bc381993df6c0e3f5bf89c23?s=96&d=mm&r=g\",\"caption\":\"R\u00e9daction R C\"},\"sameAs\":[\"http:\\\/\\\/www.radiocastor.com\"],\"url\":\"https:\\\/\\\/www.radiocastor.com\\\/index.php\\\/author\\\/radio-castor\\\/\"}]}<\/script>\n<!-- \/ Yoast SEO plugin. -->","yoast_head_json":{"title":"Maya Azucena d\u00e9ploie une voix irr\u00e9sistible pour chanter \"I Am Enough\", extrait de son nouvel EP - Radio Castor","robots":{"index":"index","follow":"follow","max-snippet":"max-snippet:-1","max-image-preview":"max-image-preview:large","max-video-preview":"max-video-preview:-1"},"canonical":"https:\/\/www.radiocastor.com\/index.php\/maya-azucena-deploie-une-voix-irresistible-pour-chanter-i-am-enough-extrait-de-son-nouvel-ep\/","og_locale":"fr_FR","og_type":"article","og_title":"Maya Azucena d\u00e9ploie une voix irr\u00e9sistible pour chanter \"I Am Enough\", extrait de son nouvel EP - Radio Castor","og_description":"La chanteuse originaire de Brooklyn Maya Azucena a sorti le 23 septembre dernier un nouvel...","og_url":"https:\/\/www.radiocastor.com\/index.php\/maya-azucena-deploie-une-voix-irresistible-pour-chanter-i-am-enough-extrait-de-son-nouvel-ep\/","og_site_name":"Radio Castor","article_publisher":"https:\/\/www.facebook.com\/theradiocastor","article_published_time":"2022-09-26T18:40:46+00:00","article_modified_time":"2022-09-27T12:28:40+00:00","og_image":[{"width":567,"height":850,"url":"https:\/\/www.radiocastor.com\/wp-content\/uploads\/2022\/09\/MayaAzucenaGoldCoverGirl-1.jpg","type":"image\/jpeg"}],"author":"R\u00e9daction R C","twitter_card":"summary_large_image","twitter_creator":"@TheRadioCastor","twitter_site":"@TheRadioCastor","twitter_misc":{"\u00c9crit par":"R\u00e9daction R C","Dur\u00e9e de lecture estim\u00e9e":"1 minute"},"schema":{"@context":"https:\/\/schema.org","@graph":[{"@type":"Article","@id":"https:\/\/www.radiocastor.com\/index.php\/maya-azucena-deploie-une-voix-irresistible-pour-chanter-i-am-enough-extrait-de-son-nouvel-ep\/#article","isPartOf":{"@id":"https:\/\/www.radiocastor.com\/index.php\/maya-azucena-deploie-une-voix-irresistible-pour-chanter-i-am-enough-extrait-de-son-nouvel-ep\/"},"author":{"name":"R\u00e9daction R C","@id":"https:\/\/www.radiocastor.com\/#\/schema\/person\/558b0e47dc4c11fa52b2220ba6a78779"},"headline":"Maya Azucena d\u00e9ploie une voix irr\u00e9sistible pour chanter \u00ab\u00a0I Am Enough\u00a0\u00bb, extrait de son nouvel EP","datePublished":"2022-09-26T18:40:46+00:00","dateModified":"2022-09-27T12:28:40+00:00","mainEntityOfPage":{"@id":"https:\/\/www.radiocastor.com\/index.php\/maya-azucena-deploie-une-voix-irresistible-pour-chanter-i-am-enough-extrait-de-son-nouvel-ep\/"},"wordCount":206,"publisher":{"@id":"https:\/\/www.radiocastor.com\/#organization"},"image":{"@id":"https:\/\/www.radiocastor.com\/index.php\/maya-azucena-deploie-une-voix-irresistible-pour-chanter-i-am-enough-extrait-de-son-nouvel-ep\/#primaryimage"},"thumbnailUrl":"https:\/\/www.radiocastor.com\/wp-content\/uploads\/2022\/09\/MayaAzucenaGoldCoverGirl-1.jpg","articleSection":["Pop","Sortie","Soul"],"inLanguage":"fr-FR"},{"@type":"WebPage","@id":"https:\/\/www.radiocastor.com\/index.php\/maya-azucena-deploie-une-voix-irresistible-pour-chanter-i-am-enough-extrait-de-son-nouvel-ep\/","url":"https:\/\/www.radiocastor.com\/index.php\/maya-azucena-deploie-une-voix-irresistible-pour-chanter-i-am-enough-extrait-de-son-nouvel-ep\/","name":"Maya Azucena d\u00e9ploie une voix irr\u00e9sistible pour chanter \"I Am Enough\", extrait de son nouvel EP - Radio Castor","isPartOf":{"@id":"https:\/\/www.radiocastor.com\/#website"},"primaryImageOfPage":{"@id":"https:\/\/www.radiocastor.com\/index.php\/maya-azucena-deploie-une-voix-irresistible-pour-chanter-i-am-enough-extrait-de-son-nouvel-ep\/#primaryimage"},"image":{"@id":"https:\/\/www.radiocastor.com\/index.php\/maya-azucena-deploie-une-voix-irresistible-pour-chanter-i-am-enough-extrait-de-son-nouvel-ep\/#primaryimage"},"thumbnailUrl":"https:\/\/www.radiocastor.com\/wp-content\/uploads\/2022\/09\/MayaAzucenaGoldCoverGirl-1.jpg","datePublished":"2022-09-26T18:40:46+00:00","dateModified":"2022-09-27T12:28:40+00:00","breadcrumb":{"@id":"https:\/\/www.radiocastor.com\/index.php\/maya-azucena-deploie-une-voix-irresistible-pour-chanter-i-am-enough-extrait-de-son-nouvel-ep\/#breadcrumb"},"inLanguage":"fr-FR","potentialAction":[{"@type":"ReadAction","target":["https:\/\/www.radiocastor.com\/index.php\/maya-azucena-deploie-une-voix-irresistible-pour-chanter-i-am-enough-extrait-de-son-nouvel-ep\/"]}]},{"@type":"ImageObject","inLanguage":"fr-FR","@id":"https:\/\/www.radiocastor.com\/index.php\/maya-azucena-deploie-une-voix-irresistible-pour-chanter-i-am-enough-extrait-de-son-nouvel-ep\/#primaryimage","url":"https:\/\/www.radiocastor.com\/wp-content\/uploads\/2022\/09\/MayaAzucenaGoldCoverGirl-1.jpg","contentUrl":"https:\/\/www.radiocastor.com\/wp-content\/uploads\/2022\/09\/MayaAzucenaGoldCoverGirl-1.jpg","width":567,"height":850},{"@type":"BreadcrumbList","@id":"https:\/\/www.radiocastor.com\/index.php\/maya-azucena-deploie-une-voix-irresistible-pour-chanter-i-am-enough-extrait-de-son-nouvel-ep\/#breadcrumb","itemListElement":[{"@type":"ListItem","position":1,"name":"Accueil","item":"https:\/\/www.radiocastor.com\/"},{"@type":"ListItem","position":2,"name":"Maya Azucena d\u00e9ploie une voix irr\u00e9sistible pour chanter \u00ab\u00a0I Am Enough\u00a0\u00bb, extrait de son nouvel EP"}]},{"@type":"WebSite","@id":"https:\/\/www.radiocastor.com\/#website","url":"https:\/\/www.radiocastor.com\/","name":"Radio Castor","description":"La voix !","publisher":{"@id":"https:\/\/www.radiocastor.com\/#organization"},"potentialAction":[{"@type":"SearchAction","target":{"@type":"EntryPoint","urlTemplate":"https:\/\/www.radiocastor.com\/?s={search_term_string}"},"query-input":{"@type":"PropertyValueSpecification","valueRequired":true,"valueName":"search_term_string"}}],"inLanguage":"fr-FR"},{"@type":"Organization","@id":"https:\/\/www.radiocastor.com\/#organization","name":"Radio Castor","url":"https:\/\/www.radiocastor.com\/","logo":{"@type":"ImageObject","inLanguage":"fr-FR","@id":"https:\/\/www.radiocastor.com\/#\/schema\/logo\/image\/","url":"https:\/\/www.radiocastor.com\/wp-content\/uploads\/2021\/11\/cropped-Radio-castor-logo-2.png","contentUrl":"https:\/\/www.radiocastor.com\/wp-content\/uploads\/2021\/11\/cropped-Radio-castor-logo-2.png","width":437,"height":219,"caption":"Radio Castor"},"image":{"@id":"https:\/\/www.radiocastor.com\/#\/schema\/logo\/image\/"},"sameAs":["https:\/\/www.facebook.com\/theradiocastor","https:\/\/x.com\/TheRadioCastor","https:\/\/www.instagram.com\/theradiocastor","https:\/\/www.youtube.com\/c\/RadioCastor"]},{"@type":"Person","@id":"https:\/\/www.radiocastor.com\/#\/schema\/person\/558b0e47dc4c11fa52b2220ba6a78779","name":"R\u00e9daction R C","image":{"@type":"ImageObject","inLanguage":"fr-FR","@id":"https:\/\/secure.gravatar.com\/avatar\/1d3e4f4c4a0d129f7ed4838ea20c33760c2484b9bc381993df6c0e3f5bf89c23?s=96&d=mm&r=g","url":"https:\/\/secure.gravatar.com\/avatar\/1d3e4f4c4a0d129f7ed4838ea20c33760c2484b9bc381993df6c0e3f5bf89c23?s=96&d=mm&r=g","contentUrl":"https:\/\/secure.gravatar.com\/avatar\/1d3e4f4c4a0d129f7ed4838ea20c33760c2484b9bc381993df6c0e3f5bf89c23?s=96&d=mm&r=g","caption":"R\u00e9daction R C"},"sameAs":["http:\/\/www.radiocastor.com"],"url":"https:\/\/www.radiocastor.com\/index.php\/author\/radio-castor\/"}]}},"uagb_featured_image_src":{"full":["https:\/\/www.radiocastor.com\/wp-content\/uploads\/2022\/09\/MayaAzucenaGoldCoverGirl-1.jpg",567,850,false],"thumbnail":["https:\/\/www.radiocastor.com\/wp-content\/uploads\/2022\/09\/MayaAzucenaGoldCoverGirl-1-150x150.jpg",150,150,true],"medium":["https:\/\/www.radiocastor.com\/wp-content\/uploads\/2022\/09\/MayaAzucenaGoldCoverGirl-1-200x300.jpg",200,300,true],"medium_large":["https:\/\/www.radiocastor.com\/wp-content\/uploads\/2022\/09\/MayaAzucenaGoldCoverGirl-1.jpg",567,850,false],"large":["https:\/\/www.radiocastor.com\/wp-content\/uploads\/2022\/09\/MayaAzucenaGoldCoverGirl-1.jpg",567,850,false],"1536x1536":["https:\/\/www.radiocastor.com\/wp-content\/uploads\/2022\/09\/MayaAzucenaGoldCoverGirl-1.jpg",567,850,false],"2048x2048":["https:\/\/www.radiocastor.com\/wp-content\/uploads\/2022\/09\/MayaAzucenaGoldCoverGirl-1.jpg",567,850,false],"newsever-slider-full":["https:\/\/www.radiocastor.com\/wp-content\/uploads\/2022\/09\/MayaAzucenaGoldCoverGirl-1-567x845.jpg",567,845,true],"newsever-featured":["https:\/\/www.radiocastor.com\/wp-content\/uploads\/2022\/09\/MayaAzucenaGoldCoverGirl-1.jpg",567,850,false],"newsever-medium":["https:\/\/www.radiocastor.com\/wp-content\/uploads\/2022\/09\/MayaAzucenaGoldCoverGirl-1-567x475.jpg",567,475,true]},"uagb_author_info":{"display_name":"R\u00e9daction R C","author_link":"https:\/\/www.radiocastor.com\/index.php\/author\/radio-castor\/"},"uagb_comment_info":0,"uagb_excerpt":"La chanteuse originaire de Brooklyn Maya Azucena a sorti le 23 septembre dernier un nouvel...","_links":{"self":[{"href":"https:\/\/www.radiocastor.com\/index.php\/wp-json\/wp\/v2\/posts\/2884","targetHints":{"allow":["GET"]}}],"collection":[{"href":"https:\/\/www.radiocastor.com\/index.php\/wp-json\/wp\/v2\/posts"}],"about":[{"href":"https:\/\/www.radiocastor.com\/index.php\/wp-json\/wp\/v2\/types\/post"}],"author":[{"embeddable":true,"href":"https:\/\/www.radiocastor.com\/index.php\/wp-json\/wp\/v2\/users\/1"}],"replies":[{"embeddable":true,"href":"https:\/\/www.radiocastor.com\/index.php\/wp-json\/wp\/v2\/comments?post=2884"}],"version-history":[{"count":0,"href":"https:\/\/www.radiocastor.com\/index.php\/wp-json\/wp\/v2\/posts\/2884\/revisions"}],"wp:featuredmedia":[{"embeddable":true,"href":"https:\/\/www.radiocastor.com\/index.php\/wp-json\/wp\/v2\/media\/2893"}],"wp:attachment":[{"href":"https:\/\/www.radiocastor.com\/index.php\/wp-json\/wp\/v2\/media?parent=2884"}],"wp:term":[{"taxonomy":"category","embeddable":true,"href":"https:\/\/www.radiocastor.com\/index.php\/wp-json\/wp\/v2\/categories?post=2884"},{"taxonomy":"post_tag","embeddable":true,"href":"https:\/\/www.radiocastor.com\/index.php\/wp-json\/wp\/v2\/tags?post=2884"}],"curies":[{"name":"wp","href":"https:\/\/api.w.org\/{rel}","templated":true}]}}