{"id":2862,"date":"2022-09-25T16:44:01","date_gmt":"2022-09-25T14:44:01","guid":{"rendered":"https:\/\/www.radiocastor.com\/?p=2862"},"modified":"2022-09-25T16:48:22","modified_gmt":"2022-09-25T14:48:22","slug":"extrait-de-the-album-le-nouvel-album-de-saddlemen-voici-un-titre-iconique-im-no-hero","status":"publish","type":"post","link":"https:\/\/www.radiocastor.com\/index.php\/extrait-de-the-album-le-nouvel-album-de-saddlemen-voici-un-titre-iconique-im-no-hero\/","title":{"rendered":"Extrait de \u00ab\u00a0The Album\u00a0\u00bb, LE nouvel album de Saddlemen, voici un titre iconique, \u00ab\u00a0I&rsquo;m No Hero\u00a0\u00bb"},"content":{"rendered":"\n<p>Saddlemen, groupe de rock &amp; roll de Brooklyn, a sorti le 23 septembre dernier, un nouvel album, intitul\u00e9 tr\u00e8s modestement \u00ab\u00a0The Album\u00a0\u00bb, dont voici la piste num\u00e9ro 7, \u00ab\u00a0I&rsquo;m No Hero\u00a0\u00bb.<\/p>\n\n\n\n<p>Avec un son tr\u00e8s vintage, on se ballade entre les Beach Boys et Elvis, avec un sentiment de d\u00e9j\u00e0 entendu certain.<br>Cette ballade sonne entre le rock californien et la country, avec des guitares magnifiques sur lesquelles le chanteur pose une voix de crooner langoureuse.<\/p>\n\n\n\n<p>Compos\u00e9 de 9 titres, l&rsquo;album est sur toutes les plateformes.<\/p>\n\n\n\n<p>A \u00e9couter sur nos playlists !<\/p>\n\n\n\n<p><iframe loading=\"lazy\" src=\"https:\/\/www.youtube.com\/embed\/LmsKJHhm5JI\" title=\"YouTube video player\" allow=\"accelerometer; autoplay; clipboard-write; encrypted-media; gyroscope; picture-in-picture\" allowfullscreen=\"\" width=\"560\" height=\"315\" frameborder=\"0\"><\/iframe><\/p>\n\n\n\n<p class=\"has-text-align-center\"><a rel=\"noreferrer noopener\" href=\"https:\/\/www.facebook.com\/saddlementheband\" target=\"_blank\">Facebook<\/a> &#8211; <a href=\"https:\/\/www.instagram.com\/saddlementheband\/\" target=\"_blank\" rel=\"noreferrer noopener\">Instagram<\/a><\/p>\n","protected":false},"excerpt":{"rendered":"<p>Saddlemen, groupe de rock &amp; roll de Brooklyn, a sorti le 23 septembre dernier, un&#8230;<\/p>\n","protected":false},"author":1,"featured_media":2863,"comment_status":"closed","ping_status":"open","sticky":false,"template":"","format":"standard","meta":{"_uag_custom_page_level_css":"","footnotes":""},"categories":[34,77,5,46],"tags":[],"class_list":["post-2862","post","type-post","status-publish","format-standard","has-post-thumbnail","hentry","category-album","category-country","category-rock","category-sortie"],"yoast_head":"<!-- This site is optimized with the Yoast SEO plugin v27.5 - https:\/\/yoast.com\/product\/yoast-seo-wordpress\/ -->\n<title>Extrait de &quot;The Album&quot;, LE nouvel album de Saddlemen, voici un titre iconique, &quot;I&#039;m No Hero&quot; - Radio Castor<\/title>\n<meta name=\"robots\" content=\"index, follow, max-snippet:-1, max-image-preview:large, max-video-preview:-1\" \/>\n<link rel=\"canonical\" href=\"https:\/\/www.radiocastor.com\/index.php\/extrait-de-the-album-le-nouvel-album-de-saddlemen-voici-un-titre-iconique-im-no-hero\/\" \/>\n<meta property=\"og:locale\" content=\"fr_FR\" \/>\n<meta property=\"og:type\" content=\"article\" \/>\n<meta property=\"og:title\" content=\"Extrait de &quot;The Album&quot;, LE nouvel album de Saddlemen, voici un titre iconique, &quot;I&#039;m No Hero&quot; - Radio Castor\" \/>\n<meta property=\"og:description\" content=\"Saddlemen, groupe de rock &amp; roll de Brooklyn, a sorti le 23 septembre dernier, un...\" \/>\n<meta property=\"og:url\" content=\"https:\/\/www.radiocastor.com\/index.php\/extrait-de-the-album-le-nouvel-album-de-saddlemen-voici-un-titre-iconique-im-no-hero\/\" \/>\n<meta property=\"og:site_name\" content=\"Radio Castor\" \/>\n<meta property=\"article:publisher\" content=\"https:\/\/www.facebook.com\/theradiocastor\" \/>\n<meta property=\"article:published_time\" content=\"2022-09-25T14:44:01+00:00\" \/>\n<meta property=\"article:modified_time\" content=\"2022-09-25T14:48:22+00:00\" \/>\n<meta property=\"og:image\" content=\"https:\/\/www.radiocastor.com\/wp-content\/uploads\/2022\/09\/304452675_724420368982045_5366481308053408827_n.jpg\" \/>\n\t<meta property=\"og:image:width\" content=\"942\" \/>\n\t<meta property=\"og:image:height\" content=\"875\" \/>\n\t<meta property=\"og:image:type\" content=\"image\/jpeg\" \/>\n<meta name=\"author\" content=\"R\u00e9daction R C\" \/>\n<meta name=\"twitter:card\" content=\"summary_large_image\" \/>\n<meta name=\"twitter:creator\" content=\"@TheRadioCastor\" \/>\n<meta name=\"twitter:site\" content=\"@TheRadioCastor\" \/>\n<meta name=\"twitter:label1\" content=\"\u00c9crit par\" \/>\n\t<meta name=\"twitter:data1\" content=\"R\u00e9daction R C\" \/>\n<script type=\"application\/ld+json\" class=\"yoast-schema-graph\">{\"@context\":\"https:\\\/\\\/schema.org\",\"@graph\":[{\"@type\":\"Article\",\"@id\":\"https:\\\/\\\/www.radiocastor.com\\\/index.php\\\/extrait-de-the-album-le-nouvel-album-de-saddlemen-voici-un-titre-iconique-im-no-hero\\\/#article\",\"isPartOf\":{\"@id\":\"https:\\\/\\\/www.radiocastor.com\\\/index.php\\\/extrait-de-the-album-le-nouvel-album-de-saddlemen-voici-un-titre-iconique-im-no-hero\\\/\"},\"author\":{\"name\":\"R\u00e9daction R C\",\"@id\":\"https:\\\/\\\/www.radiocastor.com\\\/#\\\/schema\\\/person\\\/558b0e47dc4c11fa52b2220ba6a78779\"},\"headline\":\"Extrait de \u00ab\u00a0The Album\u00a0\u00bb, LE nouvel album de Saddlemen, voici un titre iconique, \u00ab\u00a0I&rsquo;m No Hero\u00a0\u00bb\",\"datePublished\":\"2022-09-25T14:44:01+00:00\",\"dateModified\":\"2022-09-25T14:48:22+00:00\",\"mainEntityOfPage\":{\"@id\":\"https:\\\/\\\/www.radiocastor.com\\\/index.php\\\/extrait-de-the-album-le-nouvel-album-de-saddlemen-voici-un-titre-iconique-im-no-hero\\\/\"},\"wordCount\":114,\"publisher\":{\"@id\":\"https:\\\/\\\/www.radiocastor.com\\\/#organization\"},\"image\":{\"@id\":\"https:\\\/\\\/www.radiocastor.com\\\/index.php\\\/extrait-de-the-album-le-nouvel-album-de-saddlemen-voici-un-titre-iconique-im-no-hero\\\/#primaryimage\"},\"thumbnailUrl\":\"https:\\\/\\\/www.radiocastor.com\\\/wp-content\\\/uploads\\\/2022\\\/09\\\/304452675_724420368982045_5366481308053408827_n.jpg\",\"articleSection\":[\"Album\",\"Country\",\"Rock\",\"Sortie\"],\"inLanguage\":\"fr-FR\"},{\"@type\":\"WebPage\",\"@id\":\"https:\\\/\\\/www.radiocastor.com\\\/index.php\\\/extrait-de-the-album-le-nouvel-album-de-saddlemen-voici-un-titre-iconique-im-no-hero\\\/\",\"url\":\"https:\\\/\\\/www.radiocastor.com\\\/index.php\\\/extrait-de-the-album-le-nouvel-album-de-saddlemen-voici-un-titre-iconique-im-no-hero\\\/\",\"name\":\"Extrait de \\\"The Album\\\", LE nouvel album de Saddlemen, voici un titre iconique, \\\"I'm No Hero\\\" - Radio Castor\",\"isPartOf\":{\"@id\":\"https:\\\/\\\/www.radiocastor.com\\\/#website\"},\"primaryImageOfPage\":{\"@id\":\"https:\\\/\\\/www.radiocastor.com\\\/index.php\\\/extrait-de-the-album-le-nouvel-album-de-saddlemen-voici-un-titre-iconique-im-no-hero\\\/#primaryimage\"},\"image\":{\"@id\":\"https:\\\/\\\/www.radiocastor.com\\\/index.php\\\/extrait-de-the-album-le-nouvel-album-de-saddlemen-voici-un-titre-iconique-im-no-hero\\\/#primaryimage\"},\"thumbnailUrl\":\"https:\\\/\\\/www.radiocastor.com\\\/wp-content\\\/uploads\\\/2022\\\/09\\\/304452675_724420368982045_5366481308053408827_n.jpg\",\"datePublished\":\"2022-09-25T14:44:01+00:00\",\"dateModified\":\"2022-09-25T14:48:22+00:00\",\"breadcrumb\":{\"@id\":\"https:\\\/\\\/www.radiocastor.com\\\/index.php\\\/extrait-de-the-album-le-nouvel-album-de-saddlemen-voici-un-titre-iconique-im-no-hero\\\/#breadcrumb\"},\"inLanguage\":\"fr-FR\",\"potentialAction\":[{\"@type\":\"ReadAction\",\"target\":[\"https:\\\/\\\/www.radiocastor.com\\\/index.php\\\/extrait-de-the-album-le-nouvel-album-de-saddlemen-voici-un-titre-iconique-im-no-hero\\\/\"]}]},{\"@type\":\"ImageObject\",\"inLanguage\":\"fr-FR\",\"@id\":\"https:\\\/\\\/www.radiocastor.com\\\/index.php\\\/extrait-de-the-album-le-nouvel-album-de-saddlemen-voici-un-titre-iconique-im-no-hero\\\/#primaryimage\",\"url\":\"https:\\\/\\\/www.radiocastor.com\\\/wp-content\\\/uploads\\\/2022\\\/09\\\/304452675_724420368982045_5366481308053408827_n.jpg\",\"contentUrl\":\"https:\\\/\\\/www.radiocastor.com\\\/wp-content\\\/uploads\\\/2022\\\/09\\\/304452675_724420368982045_5366481308053408827_n.jpg\",\"width\":942,\"height\":875},{\"@type\":\"BreadcrumbList\",\"@id\":\"https:\\\/\\\/www.radiocastor.com\\\/index.php\\\/extrait-de-the-album-le-nouvel-album-de-saddlemen-voici-un-titre-iconique-im-no-hero\\\/#breadcrumb\",\"itemListElement\":[{\"@type\":\"ListItem\",\"position\":1,\"name\":\"Accueil\",\"item\":\"https:\\\/\\\/www.radiocastor.com\\\/\"},{\"@type\":\"ListItem\",\"position\":2,\"name\":\"Extrait de \u00ab\u00a0The Album\u00a0\u00bb, LE nouvel album de Saddlemen, voici un titre iconique, \u00ab\u00a0I&rsquo;m No Hero\u00a0\u00bb\"}]},{\"@type\":\"WebSite\",\"@id\":\"https:\\\/\\\/www.radiocastor.com\\\/#website\",\"url\":\"https:\\\/\\\/www.radiocastor.com\\\/\",\"name\":\"Radio Castor\",\"description\":\"La voix !\",\"publisher\":{\"@id\":\"https:\\\/\\\/www.radiocastor.com\\\/#organization\"},\"potentialAction\":[{\"@type\":\"SearchAction\",\"target\":{\"@type\":\"EntryPoint\",\"urlTemplate\":\"https:\\\/\\\/www.radiocastor.com\\\/?s={search_term_string}\"},\"query-input\":{\"@type\":\"PropertyValueSpecification\",\"valueRequired\":true,\"valueName\":\"search_term_string\"}}],\"inLanguage\":\"fr-FR\"},{\"@type\":\"Organization\",\"@id\":\"https:\\\/\\\/www.radiocastor.com\\\/#organization\",\"name\":\"Radio Castor\",\"url\":\"https:\\\/\\\/www.radiocastor.com\\\/\",\"logo\":{\"@type\":\"ImageObject\",\"inLanguage\":\"fr-FR\",\"@id\":\"https:\\\/\\\/www.radiocastor.com\\\/#\\\/schema\\\/logo\\\/image\\\/\",\"url\":\"https:\\\/\\\/www.radiocastor.com\\\/wp-content\\\/uploads\\\/2021\\\/11\\\/cropped-Radio-castor-logo-2.png\",\"contentUrl\":\"https:\\\/\\\/www.radiocastor.com\\\/wp-content\\\/uploads\\\/2021\\\/11\\\/cropped-Radio-castor-logo-2.png\",\"width\":437,\"height\":219,\"caption\":\"Radio Castor\"},\"image\":{\"@id\":\"https:\\\/\\\/www.radiocastor.com\\\/#\\\/schema\\\/logo\\\/image\\\/\"},\"sameAs\":[\"https:\\\/\\\/www.facebook.com\\\/theradiocastor\",\"https:\\\/\\\/x.com\\\/TheRadioCastor\",\"https:\\\/\\\/www.instagram.com\\\/theradiocastor\",\"https:\\\/\\\/www.youtube.com\\\/c\\\/RadioCastor\"]},{\"@type\":\"Person\",\"@id\":\"https:\\\/\\\/www.radiocastor.com\\\/#\\\/schema\\\/person\\\/558b0e47dc4c11fa52b2220ba6a78779\",\"name\":\"R\u00e9daction R C\",\"image\":{\"@type\":\"ImageObject\",\"inLanguage\":\"fr-FR\",\"@id\":\"https:\\\/\\\/secure.gravatar.com\\\/avatar\\\/1d3e4f4c4a0d129f7ed4838ea20c33760c2484b9bc381993df6c0e3f5bf89c23?s=96&d=mm&r=g\",\"url\":\"https:\\\/\\\/secure.gravatar.com\\\/avatar\\\/1d3e4f4c4a0d129f7ed4838ea20c33760c2484b9bc381993df6c0e3f5bf89c23?s=96&d=mm&r=g\",\"contentUrl\":\"https:\\\/\\\/secure.gravatar.com\\\/avatar\\\/1d3e4f4c4a0d129f7ed4838ea20c33760c2484b9bc381993df6c0e3f5bf89c23?s=96&d=mm&r=g\",\"caption\":\"R\u00e9daction R C\"},\"sameAs\":[\"http:\\\/\\\/www.radiocastor.com\"],\"url\":\"https:\\\/\\\/www.radiocastor.com\\\/index.php\\\/author\\\/radio-castor\\\/\"}]}<\/script>\n<!-- \/ Yoast SEO plugin. -->","yoast_head_json":{"title":"Extrait de \"The Album\", LE nouvel album de Saddlemen, voici un titre iconique, \"I'm No Hero\" - Radio Castor","robots":{"index":"index","follow":"follow","max-snippet":"max-snippet:-1","max-image-preview":"max-image-preview:large","max-video-preview":"max-video-preview:-1"},"canonical":"https:\/\/www.radiocastor.com\/index.php\/extrait-de-the-album-le-nouvel-album-de-saddlemen-voici-un-titre-iconique-im-no-hero\/","og_locale":"fr_FR","og_type":"article","og_title":"Extrait de \"The Album\", LE nouvel album de Saddlemen, voici un titre iconique, \"I'm No Hero\" - Radio Castor","og_description":"Saddlemen, groupe de rock &amp; roll de Brooklyn, a sorti le 23 septembre dernier, un...","og_url":"https:\/\/www.radiocastor.com\/index.php\/extrait-de-the-album-le-nouvel-album-de-saddlemen-voici-un-titre-iconique-im-no-hero\/","og_site_name":"Radio Castor","article_publisher":"https:\/\/www.facebook.com\/theradiocastor","article_published_time":"2022-09-25T14:44:01+00:00","article_modified_time":"2022-09-25T14:48:22+00:00","og_image":[{"width":942,"height":875,"url":"https:\/\/www.radiocastor.com\/wp-content\/uploads\/2022\/09\/304452675_724420368982045_5366481308053408827_n.jpg","type":"image\/jpeg"}],"author":"R\u00e9daction R C","twitter_card":"summary_large_image","twitter_creator":"@TheRadioCastor","twitter_site":"@TheRadioCastor","twitter_misc":{"\u00c9crit par":"R\u00e9daction R C"},"schema":{"@context":"https:\/\/schema.org","@graph":[{"@type":"Article","@id":"https:\/\/www.radiocastor.com\/index.php\/extrait-de-the-album-le-nouvel-album-de-saddlemen-voici-un-titre-iconique-im-no-hero\/#article","isPartOf":{"@id":"https:\/\/www.radiocastor.com\/index.php\/extrait-de-the-album-le-nouvel-album-de-saddlemen-voici-un-titre-iconique-im-no-hero\/"},"author":{"name":"R\u00e9daction R C","@id":"https:\/\/www.radiocastor.com\/#\/schema\/person\/558b0e47dc4c11fa52b2220ba6a78779"},"headline":"Extrait de \u00ab\u00a0The Album\u00a0\u00bb, LE nouvel album de Saddlemen, voici un titre iconique, \u00ab\u00a0I&rsquo;m No Hero\u00a0\u00bb","datePublished":"2022-09-25T14:44:01+00:00","dateModified":"2022-09-25T14:48:22+00:00","mainEntityOfPage":{"@id":"https:\/\/www.radiocastor.com\/index.php\/extrait-de-the-album-le-nouvel-album-de-saddlemen-voici-un-titre-iconique-im-no-hero\/"},"wordCount":114,"publisher":{"@id":"https:\/\/www.radiocastor.com\/#organization"},"image":{"@id":"https:\/\/www.radiocastor.com\/index.php\/extrait-de-the-album-le-nouvel-album-de-saddlemen-voici-un-titre-iconique-im-no-hero\/#primaryimage"},"thumbnailUrl":"https:\/\/www.radiocastor.com\/wp-content\/uploads\/2022\/09\/304452675_724420368982045_5366481308053408827_n.jpg","articleSection":["Album","Country","Rock","Sortie"],"inLanguage":"fr-FR"},{"@type":"WebPage","@id":"https:\/\/www.radiocastor.com\/index.php\/extrait-de-the-album-le-nouvel-album-de-saddlemen-voici-un-titre-iconique-im-no-hero\/","url":"https:\/\/www.radiocastor.com\/index.php\/extrait-de-the-album-le-nouvel-album-de-saddlemen-voici-un-titre-iconique-im-no-hero\/","name":"Extrait de \"The Album\", LE nouvel album de Saddlemen, voici un titre iconique, \"I'm No Hero\" - Radio Castor","isPartOf":{"@id":"https:\/\/www.radiocastor.com\/#website"},"primaryImageOfPage":{"@id":"https:\/\/www.radiocastor.com\/index.php\/extrait-de-the-album-le-nouvel-album-de-saddlemen-voici-un-titre-iconique-im-no-hero\/#primaryimage"},"image":{"@id":"https:\/\/www.radiocastor.com\/index.php\/extrait-de-the-album-le-nouvel-album-de-saddlemen-voici-un-titre-iconique-im-no-hero\/#primaryimage"},"thumbnailUrl":"https:\/\/www.radiocastor.com\/wp-content\/uploads\/2022\/09\/304452675_724420368982045_5366481308053408827_n.jpg","datePublished":"2022-09-25T14:44:01+00:00","dateModified":"2022-09-25T14:48:22+00:00","breadcrumb":{"@id":"https:\/\/www.radiocastor.com\/index.php\/extrait-de-the-album-le-nouvel-album-de-saddlemen-voici-un-titre-iconique-im-no-hero\/#breadcrumb"},"inLanguage":"fr-FR","potentialAction":[{"@type":"ReadAction","target":["https:\/\/www.radiocastor.com\/index.php\/extrait-de-the-album-le-nouvel-album-de-saddlemen-voici-un-titre-iconique-im-no-hero\/"]}]},{"@type":"ImageObject","inLanguage":"fr-FR","@id":"https:\/\/www.radiocastor.com\/index.php\/extrait-de-the-album-le-nouvel-album-de-saddlemen-voici-un-titre-iconique-im-no-hero\/#primaryimage","url":"https:\/\/www.radiocastor.com\/wp-content\/uploads\/2022\/09\/304452675_724420368982045_5366481308053408827_n.jpg","contentUrl":"https:\/\/www.radiocastor.com\/wp-content\/uploads\/2022\/09\/304452675_724420368982045_5366481308053408827_n.jpg","width":942,"height":875},{"@type":"BreadcrumbList","@id":"https:\/\/www.radiocastor.com\/index.php\/extrait-de-the-album-le-nouvel-album-de-saddlemen-voici-un-titre-iconique-im-no-hero\/#breadcrumb","itemListElement":[{"@type":"ListItem","position":1,"name":"Accueil","item":"https:\/\/www.radiocastor.com\/"},{"@type":"ListItem","position":2,"name":"Extrait de \u00ab\u00a0The Album\u00a0\u00bb, LE nouvel album de Saddlemen, voici un titre iconique, \u00ab\u00a0I&rsquo;m No Hero\u00a0\u00bb"}]},{"@type":"WebSite","@id":"https:\/\/www.radiocastor.com\/#website","url":"https:\/\/www.radiocastor.com\/","name":"Radio Castor","description":"La voix !","publisher":{"@id":"https:\/\/www.radiocastor.com\/#organization"},"potentialAction":[{"@type":"SearchAction","target":{"@type":"EntryPoint","urlTemplate":"https:\/\/www.radiocastor.com\/?s={search_term_string}"},"query-input":{"@type":"PropertyValueSpecification","valueRequired":true,"valueName":"search_term_string"}}],"inLanguage":"fr-FR"},{"@type":"Organization","@id":"https:\/\/www.radiocastor.com\/#organization","name":"Radio Castor","url":"https:\/\/www.radiocastor.com\/","logo":{"@type":"ImageObject","inLanguage":"fr-FR","@id":"https:\/\/www.radiocastor.com\/#\/schema\/logo\/image\/","url":"https:\/\/www.radiocastor.com\/wp-content\/uploads\/2021\/11\/cropped-Radio-castor-logo-2.png","contentUrl":"https:\/\/www.radiocastor.com\/wp-content\/uploads\/2021\/11\/cropped-Radio-castor-logo-2.png","width":437,"height":219,"caption":"Radio Castor"},"image":{"@id":"https:\/\/www.radiocastor.com\/#\/schema\/logo\/image\/"},"sameAs":["https:\/\/www.facebook.com\/theradiocastor","https:\/\/x.com\/TheRadioCastor","https:\/\/www.instagram.com\/theradiocastor","https:\/\/www.youtube.com\/c\/RadioCastor"]},{"@type":"Person","@id":"https:\/\/www.radiocastor.com\/#\/schema\/person\/558b0e47dc4c11fa52b2220ba6a78779","name":"R\u00e9daction R C","image":{"@type":"ImageObject","inLanguage":"fr-FR","@id":"https:\/\/secure.gravatar.com\/avatar\/1d3e4f4c4a0d129f7ed4838ea20c33760c2484b9bc381993df6c0e3f5bf89c23?s=96&d=mm&r=g","url":"https:\/\/secure.gravatar.com\/avatar\/1d3e4f4c4a0d129f7ed4838ea20c33760c2484b9bc381993df6c0e3f5bf89c23?s=96&d=mm&r=g","contentUrl":"https:\/\/secure.gravatar.com\/avatar\/1d3e4f4c4a0d129f7ed4838ea20c33760c2484b9bc381993df6c0e3f5bf89c23?s=96&d=mm&r=g","caption":"R\u00e9daction R C"},"sameAs":["http:\/\/www.radiocastor.com"],"url":"https:\/\/www.radiocastor.com\/index.php\/author\/radio-castor\/"}]}},"uagb_featured_image_src":{"full":["https:\/\/www.radiocastor.com\/wp-content\/uploads\/2022\/09\/304452675_724420368982045_5366481308053408827_n.jpg",942,875,false],"thumbnail":["https:\/\/www.radiocastor.com\/wp-content\/uploads\/2022\/09\/304452675_724420368982045_5366481308053408827_n-150x150.jpg",150,150,true],"medium":["https:\/\/www.radiocastor.com\/wp-content\/uploads\/2022\/09\/304452675_724420368982045_5366481308053408827_n-300x279.jpg",300,279,true],"medium_large":["https:\/\/www.radiocastor.com\/wp-content\/uploads\/2022\/09\/304452675_724420368982045_5366481308053408827_n-768x713.jpg",640,594,true],"large":["https:\/\/www.radiocastor.com\/wp-content\/uploads\/2022\/09\/304452675_724420368982045_5366481308053408827_n.jpg",640,594,false],"1536x1536":["https:\/\/www.radiocastor.com\/wp-content\/uploads\/2022\/09\/304452675_724420368982045_5366481308053408827_n.jpg",942,875,false],"2048x2048":["https:\/\/www.radiocastor.com\/wp-content\/uploads\/2022\/09\/304452675_724420368982045_5366481308053408827_n.jpg",942,875,false],"newsever-slider-full":["https:\/\/www.radiocastor.com\/wp-content\/uploads\/2022\/09\/304452675_724420368982045_5366481308053408827_n-942x845.jpg",942,845,true],"newsever-featured":["https:\/\/www.radiocastor.com\/wp-content\/uploads\/2022\/09\/304452675_724420368982045_5366481308053408827_n.jpg",942,875,false],"newsever-medium":["https:\/\/www.radiocastor.com\/wp-content\/uploads\/2022\/09\/304452675_724420368982045_5366481308053408827_n-720x475.jpg",720,475,true]},"uagb_author_info":{"display_name":"R\u00e9daction R C","author_link":"https:\/\/www.radiocastor.com\/index.php\/author\/radio-castor\/"},"uagb_comment_info":0,"uagb_excerpt":"Saddlemen, groupe de rock &amp; roll de Brooklyn, a sorti le 23 septembre dernier, un...","_links":{"self":[{"href":"https:\/\/www.radiocastor.com\/index.php\/wp-json\/wp\/v2\/posts\/2862","targetHints":{"allow":["GET"]}}],"collection":[{"href":"https:\/\/www.radiocastor.com\/index.php\/wp-json\/wp\/v2\/posts"}],"about":[{"href":"https:\/\/www.radiocastor.com\/index.php\/wp-json\/wp\/v2\/types\/post"}],"author":[{"embeddable":true,"href":"https:\/\/www.radiocastor.com\/index.php\/wp-json\/wp\/v2\/users\/1"}],"replies":[{"embeddable":true,"href":"https:\/\/www.radiocastor.com\/index.php\/wp-json\/wp\/v2\/comments?post=2862"}],"version-history":[{"count":0,"href":"https:\/\/www.radiocastor.com\/index.php\/wp-json\/wp\/v2\/posts\/2862\/revisions"}],"wp:featuredmedia":[{"embeddable":true,"href":"https:\/\/www.radiocastor.com\/index.php\/wp-json\/wp\/v2\/media\/2863"}],"wp:attachment":[{"href":"https:\/\/www.radiocastor.com\/index.php\/wp-json\/wp\/v2\/media?parent=2862"}],"wp:term":[{"taxonomy":"category","embeddable":true,"href":"https:\/\/www.radiocastor.com\/index.php\/wp-json\/wp\/v2\/categories?post=2862"},{"taxonomy":"post_tag","embeddable":true,"href":"https:\/\/www.radiocastor.com\/index.php\/wp-json\/wp\/v2\/tags?post=2862"}],"curies":[{"name":"wp","href":"https:\/\/api.w.org\/{rel}","templated":true}]}}