{"id":17500,"date":"2026-09-06T05:04:14","date_gmt":"2026-09-06T03:04:14","guid":{"rendered":"https:\/\/www.radiocastor.com\/?p=17500"},"modified":"2026-09-06T05:04:16","modified_gmt":"2026-09-06T03:04:16","slug":"titre-du-jour-hayden-joseph-seduit-avec-le-vibrant-et-confessionnel-fight-or-flight","status":"publish","type":"post","link":"https:\/\/www.radiocastor.com\/index.php\/titre-du-jour-hayden-joseph-seduit-avec-le-vibrant-et-confessionnel-fight-or-flight\/","title":{"rendered":"Titre du jour : Hayden Joseph s\u00e9duit avec le vibrant et confessionnel Fight Or Flight"},"content":{"rendered":"\n<div class=\"wp-block-group is-layout-constrained wp-block-group-is-layout-constrained\">\n\n\n<p>Pour sa toute premi\u00e8re apparition sur RadioCastor, l&rsquo;auteur-compositeur-interpr\u00e8te n\u00e9o-yorkais <strong>Hayden Joseph<\/strong> d\u00e9voile \u00ab Fight Or Flight \u00bb, un single intense paru le 5 juin 2026. Extrait de son futur concept-album <em>Disorganized<\/em>, le morceau explore avec une honn\u00eatet\u00e9 poignante les m\u00e9canismes psychologiques de l&rsquo;attachement anxieux et la peur de l&rsquo;intimit\u00e9 au sein d&rsquo;une relation amoureuse.<\/p>\n\n\n\n<p>Alliant la nostalgie du Soft Rock de la fin des ann\u00e9es 90 \u00e0 la modernit\u00e9 narrative de l&rsquo;Indie Pop, \u00ab Fight Or Flight \u00bb se distingue par des arrangements chaleureux, une production soign\u00e9e et une interpr\u00e9tation vocale vibrante. Le texte d\u00e9peint ce reflexe d&rsquo;auto-sabotage quand la passion devient trop intense (\u00ab <em>When sparks fly, my circuits short \/ And these bright lights will dim once more \/ I&rsquo;ll cross the wires, start cutting cords \/ And running for my life<\/em> \u00bb). \u00c9voquant l&rsquo;esprit de Matchbox 20, Sheryl Crow, The 1975 ou Alec Benjamin, Hayden Joseph offre une \u0153uvre intime, captivante et r\u00e9solument authentique.<\/p>\n\n\n\n<p><em>\u00c0 \u00e9couter sur <a href=\"https:\/\/www.radiocastor.com\/index.php\/playlist\/\" target=\"_blank\" rel=\"noreferrer noopener\">nos playlists<\/a> !<\/em><\/p>\n\n\n\n<figure class=\"wp-block-embed is-type-video is-provider-youtube wp-block-embed-youtube wp-embed-aspect-16-9 wp-has-aspect-ratio\"><div class=\"wp-block-embed__wrapper\">\n<iframe loading=\"lazy\" title=\"Hayden Joseph - &quot;Fight or Flight&quot; (Official Lyric Video)\" width=\"640\" height=\"360\" src=\"https:\/\/www.youtube.com\/embed\/wf8kRol7E7g?feature=oembed\" frameborder=\"0\" allow=\"accelerometer; autoplay; clipboard-write; encrypted-media; gyroscope; picture-in-picture; web-share\" referrerpolicy=\"strict-origin-when-cross-origin\" allowfullscreen><\/iframe>\n<\/div><\/figure>\n\n\n\n<p class=\"has-text-align-center\"><a href=\"https:\/\/www.facebook.com\/haydenjosephmusic\/\" target=\"_blank\" rel=\"noreferrer noopener\">Facebook<\/a> | <a href=\"https:\/\/www.instagram.com\/haydenjoseph\" target=\"_blank\" rel=\"noreferrer noopener\">Instagram<\/a> | <a href=\"https:\/\/x.com\/haydenjoseph94\" target=\"_blank\" rel=\"noreferrer noopener\">X<\/a><\/p>\n\n\n<\/div>\n","protected":false},"excerpt":{"rendered":"<p>Pour sa toute premi\u00e8re apparition sur RadioCastor, l&rsquo;auteur-compositeur-interpr\u00e8te n\u00e9o-yorkais Hayden Joseph d\u00e9voile \u00ab Fight Or&#8230;<\/p>\n","protected":false},"author":1,"featured_media":17501,"comment_status":"closed","ping_status":"open","sticky":false,"template":"","format":"standard","meta":{"_uag_custom_page_level_css":"","footnotes":""},"categories":[45],"tags":[],"class_list":["post-17500","post","type-post","status-publish","format-standard","has-post-thumbnail","hentry","category-titre-du-jour"],"yoast_head":"<!-- This site is optimized with the Yoast SEO plugin v28.4 - https:\/\/yoast.com\/product\/yoast-seo-wordpress\/ -->\n<title>Titre du jour : Hayden Joseph s\u00e9duit avec le vibrant et confessionnel Fight Or Flight - Radio Castor<\/title>\n<meta name=\"robots\" content=\"index, follow, max-snippet:-1, max-image-preview:large, max-video-preview:-1\" \/>\n<link rel=\"canonical\" href=\"https:\/\/www.radiocastor.com\/index.php\/titre-du-jour-hayden-joseph-seduit-avec-le-vibrant-et-confessionnel-fight-or-flight\/\" \/>\n<meta property=\"og:locale\" content=\"fr_FR\" \/>\n<meta property=\"og:type\" content=\"article\" \/>\n<meta property=\"og:title\" content=\"Titre du jour : Hayden Joseph s\u00e9duit avec le vibrant et confessionnel Fight Or Flight - Radio Castor\" \/>\n<meta property=\"og:description\" content=\"Pour sa toute premi\u00e8re apparition sur RadioCastor, l&rsquo;auteur-compositeur-interpr\u00e8te n\u00e9o-yorkais Hayden Joseph d\u00e9voile \u00ab Fight Or...\" \/>\n<meta property=\"og:url\" content=\"https:\/\/www.radiocastor.com\/index.php\/titre-du-jour-hayden-joseph-seduit-avec-le-vibrant-et-confessionnel-fight-or-flight\/\" \/>\n<meta property=\"og:site_name\" content=\"Radio Castor\" \/>\n<meta property=\"article:publisher\" content=\"https:\/\/www.facebook.com\/theradiocastor\" \/>\n<meta property=\"article:published_time\" content=\"2026-09-06T03:04:14+00:00\" \/>\n<meta property=\"article:modified_time\" content=\"2026-09-06T03:04:16+00:00\" \/>\n<meta property=\"og:image\" content=\"https:\/\/www.radiocastor.com\/wp-content\/uploads\/2026\/09\/Hayden-Joseph.webp\" \/>\n\t<meta property=\"og:image:width\" content=\"1000\" \/>\n\t<meta property=\"og:image:height\" content=\"1000\" \/>\n\t<meta property=\"og:image:type\" content=\"image\/webp\" \/>\n<meta name=\"author\" content=\"R\u00e9daction R C\" \/>\n<meta name=\"twitter:card\" content=\"summary_large_image\" \/>\n<meta name=\"twitter:creator\" content=\"@TheRadioCastor\" \/>\n<meta name=\"twitter:site\" content=\"@TheRadioCastor\" \/>\n<meta name=\"twitter:label1\" content=\"\u00c9crit par\" \/>\n\t<meta name=\"twitter:data1\" content=\"R\u00e9daction R C\" \/>\n\t<meta name=\"twitter:label2\" content=\"Dur\u00e9e de lecture estim\u00e9e\" \/>\n\t<meta name=\"twitter:data2\" content=\"2 minutes\" \/>\n<script type=\"application\/ld+json\" class=\"yoast-schema-graph\">{\"@context\":\"https:\\\/\\\/schema.org\",\"@graph\":[{\"@type\":\"Article\",\"@id\":\"https:\\\/\\\/www.radiocastor.com\\\/index.php\\\/titre-du-jour-hayden-joseph-seduit-avec-le-vibrant-et-confessionnel-fight-or-flight\\\/#article\",\"isPartOf\":{\"@id\":\"https:\\\/\\\/www.radiocastor.com\\\/index.php\\\/titre-du-jour-hayden-joseph-seduit-avec-le-vibrant-et-confessionnel-fight-or-flight\\\/\"},\"author\":{\"name\":\"R\u00e9daction R C\",\"@id\":\"https:\\\/\\\/www.radiocastor.com\\\/#\\\/schema\\\/person\\\/558b0e47dc4c11fa52b2220ba6a78779\"},\"headline\":\"Titre du jour : Hayden Joseph s\u00e9duit avec le vibrant et confessionnel Fight Or Flight\",\"datePublished\":\"2026-09-06T03:04:14+00:00\",\"dateModified\":\"2026-09-06T03:04:16+00:00\",\"mainEntityOfPage\":{\"@id\":\"https:\\\/\\\/www.radiocastor.com\\\/index.php\\\/titre-du-jour-hayden-joseph-seduit-avec-le-vibrant-et-confessionnel-fight-or-flight\\\/\"},\"wordCount\":193,\"publisher\":{\"@id\":\"https:\\\/\\\/www.radiocastor.com\\\/#organization\"},\"image\":{\"@id\":\"https:\\\/\\\/www.radiocastor.com\\\/index.php\\\/titre-du-jour-hayden-joseph-seduit-avec-le-vibrant-et-confessionnel-fight-or-flight\\\/#primaryimage\"},\"thumbnailUrl\":\"https:\\\/\\\/www.radiocastor.com\\\/wp-content\\\/uploads\\\/2026\\\/09\\\/Hayden-Joseph.webp\",\"articleSection\":[\"Titre du jour\"],\"inLanguage\":\"fr-FR\"},{\"@type\":\"WebPage\",\"@id\":\"https:\\\/\\\/www.radiocastor.com\\\/index.php\\\/titre-du-jour-hayden-joseph-seduit-avec-le-vibrant-et-confessionnel-fight-or-flight\\\/\",\"url\":\"https:\\\/\\\/www.radiocastor.com\\\/index.php\\\/titre-du-jour-hayden-joseph-seduit-avec-le-vibrant-et-confessionnel-fight-or-flight\\\/\",\"name\":\"Titre du jour : Hayden Joseph s\u00e9duit avec le vibrant et confessionnel Fight Or Flight - Radio Castor\",\"isPartOf\":{\"@id\":\"https:\\\/\\\/www.radiocastor.com\\\/#website\"},\"primaryImageOfPage\":{\"@id\":\"https:\\\/\\\/www.radiocastor.com\\\/index.php\\\/titre-du-jour-hayden-joseph-seduit-avec-le-vibrant-et-confessionnel-fight-or-flight\\\/#primaryimage\"},\"image\":{\"@id\":\"https:\\\/\\\/www.radiocastor.com\\\/index.php\\\/titre-du-jour-hayden-joseph-seduit-avec-le-vibrant-et-confessionnel-fight-or-flight\\\/#primaryimage\"},\"thumbnailUrl\":\"https:\\\/\\\/www.radiocastor.com\\\/wp-content\\\/uploads\\\/2026\\\/09\\\/Hayden-Joseph.webp\",\"datePublished\":\"2026-09-06T03:04:14+00:00\",\"dateModified\":\"2026-09-06T03:04:16+00:00\",\"breadcrumb\":{\"@id\":\"https:\\\/\\\/www.radiocastor.com\\\/index.php\\\/titre-du-jour-hayden-joseph-seduit-avec-le-vibrant-et-confessionnel-fight-or-flight\\\/#breadcrumb\"},\"inLanguage\":\"fr-FR\",\"potentialAction\":[{\"@type\":\"ReadAction\",\"target\":[\"https:\\\/\\\/www.radiocastor.com\\\/index.php\\\/titre-du-jour-hayden-joseph-seduit-avec-le-vibrant-et-confessionnel-fight-or-flight\\\/\"]}]},{\"@type\":\"ImageObject\",\"inLanguage\":\"fr-FR\",\"@id\":\"https:\\\/\\\/www.radiocastor.com\\\/index.php\\\/titre-du-jour-hayden-joseph-seduit-avec-le-vibrant-et-confessionnel-fight-or-flight\\\/#primaryimage\",\"url\":\"https:\\\/\\\/www.radiocastor.com\\\/wp-content\\\/uploads\\\/2026\\\/09\\\/Hayden-Joseph.webp\",\"contentUrl\":\"https:\\\/\\\/www.radiocastor.com\\\/wp-content\\\/uploads\\\/2026\\\/09\\\/Hayden-Joseph.webp\",\"width\":1000,\"height\":1000,\"caption\":\"Hayden Joseph\"},{\"@type\":\"BreadcrumbList\",\"@id\":\"https:\\\/\\\/www.radiocastor.com\\\/index.php\\\/titre-du-jour-hayden-joseph-seduit-avec-le-vibrant-et-confessionnel-fight-or-flight\\\/#breadcrumb\",\"itemListElement\":[{\"@type\":\"ListItem\",\"position\":1,\"name\":\"Accueil\",\"item\":\"https:\\\/\\\/www.radiocastor.com\\\/\"},{\"@type\":\"ListItem\",\"position\":2,\"name\":\"Titre du jour : Hayden Joseph s\u00e9duit avec le vibrant et confessionnel Fight Or Flight\"}]},{\"@type\":\"WebSite\",\"@id\":\"https:\\\/\\\/www.radiocastor.com\\\/#website\",\"url\":\"https:\\\/\\\/www.radiocastor.com\\\/\",\"name\":\"Radio Castor\",\"description\":\"La voix !\",\"publisher\":{\"@id\":\"https:\\\/\\\/www.radiocastor.com\\\/#organization\"},\"potentialAction\":[{\"@type\":\"SearchAction\",\"target\":{\"@type\":\"EntryPoint\",\"urlTemplate\":\"https:\\\/\\\/www.radiocastor.com\\\/?s={search_term_string}\"},\"query-input\":{\"@type\":\"PropertyValueSpecification\",\"valueRequired\":true,\"valueName\":\"search_term_string\"}}],\"inLanguage\":\"fr-FR\"},{\"@type\":\"Organization\",\"@id\":\"https:\\\/\\\/www.radiocastor.com\\\/#organization\",\"name\":\"Radio Castor\",\"url\":\"https:\\\/\\\/www.radiocastor.com\\\/\",\"logo\":{\"@type\":\"ImageObject\",\"inLanguage\":\"fr-FR\",\"@id\":\"https:\\\/\\\/www.radiocastor.com\\\/#\\\/schema\\\/logo\\\/image\\\/\",\"url\":\"https:\\\/\\\/www.radiocastor.com\\\/wp-content\\\/uploads\\\/2021\\\/11\\\/cropped-Radio-castor-logo-2.png\",\"contentUrl\":\"https:\\\/\\\/www.radiocastor.com\\\/wp-content\\\/uploads\\\/2021\\\/11\\\/cropped-Radio-castor-logo-2.png\",\"width\":437,\"height\":219,\"caption\":\"Radio Castor\"},\"image\":{\"@id\":\"https:\\\/\\\/www.radiocastor.com\\\/#\\\/schema\\\/logo\\\/image\\\/\"},\"sameAs\":[\"https:\\\/\\\/www.facebook.com\\\/theradiocastor\",\"https:\\\/\\\/x.com\\\/TheRadioCastor\",\"https:\\\/\\\/www.instagram.com\\\/theradiocastor\",\"https:\\\/\\\/www.youtube.com\\\/c\\\/RadioCastor\"]},{\"@type\":\"Person\",\"@id\":\"https:\\\/\\\/www.radiocastor.com\\\/#\\\/schema\\\/person\\\/558b0e47dc4c11fa52b2220ba6a78779\",\"name\":\"R\u00e9daction R C\",\"image\":{\"@type\":\"ImageObject\",\"inLanguage\":\"fr-FR\",\"@id\":\"https:\\\/\\\/secure.gravatar.com\\\/avatar\\\/1d3e4f4c4a0d129f7ed4838ea20c33760c2484b9bc381993df6c0e3f5bf89c23?s=96&d=mm&r=g\",\"url\":\"https:\\\/\\\/secure.gravatar.com\\\/avatar\\\/1d3e4f4c4a0d129f7ed4838ea20c33760c2484b9bc381993df6c0e3f5bf89c23?s=96&d=mm&r=g\",\"contentUrl\":\"https:\\\/\\\/secure.gravatar.com\\\/avatar\\\/1d3e4f4c4a0d129f7ed4838ea20c33760c2484b9bc381993df6c0e3f5bf89c23?s=96&d=mm&r=g\",\"caption\":\"R\u00e9daction R C\"},\"sameAs\":[\"http:\\\/\\\/www.radiocastor.com\"],\"url\":\"https:\\\/\\\/www.radiocastor.com\\\/index.php\\\/author\\\/radio-castor\\\/\"}]}<\/script>\n<!-- \/ Yoast SEO plugin. -->","yoast_head_json":{"title":"Titre du jour : Hayden Joseph s\u00e9duit avec le vibrant et confessionnel Fight Or Flight - Radio Castor","robots":{"index":"index","follow":"follow","max-snippet":"max-snippet:-1","max-image-preview":"max-image-preview:large","max-video-preview":"max-video-preview:-1"},"canonical":"https:\/\/www.radiocastor.com\/index.php\/titre-du-jour-hayden-joseph-seduit-avec-le-vibrant-et-confessionnel-fight-or-flight\/","og_locale":"fr_FR","og_type":"article","og_title":"Titre du jour : Hayden Joseph s\u00e9duit avec le vibrant et confessionnel Fight Or Flight - Radio Castor","og_description":"Pour sa toute premi\u00e8re apparition sur RadioCastor, l&rsquo;auteur-compositeur-interpr\u00e8te n\u00e9o-yorkais Hayden Joseph d\u00e9voile \u00ab Fight Or...","og_url":"https:\/\/www.radiocastor.com\/index.php\/titre-du-jour-hayden-joseph-seduit-avec-le-vibrant-et-confessionnel-fight-or-flight\/","og_site_name":"Radio Castor","article_publisher":"https:\/\/www.facebook.com\/theradiocastor","article_published_time":"2026-09-06T03:04:14+00:00","article_modified_time":"2026-09-06T03:04:16+00:00","og_image":[{"width":1000,"height":1000,"url":"https:\/\/www.radiocastor.com\/wp-content\/uploads\/2026\/09\/Hayden-Joseph.webp","type":"image\/webp"}],"author":"R\u00e9daction R C","twitter_card":"summary_large_image","twitter_creator":"@TheRadioCastor","twitter_site":"@TheRadioCastor","twitter_misc":{"\u00c9crit par":"R\u00e9daction R C","Dur\u00e9e de lecture estim\u00e9e":"2 minutes"},"schema":{"@context":"https:\/\/schema.org","@graph":[{"@type":"Article","@id":"https:\/\/www.radiocastor.com\/index.php\/titre-du-jour-hayden-joseph-seduit-avec-le-vibrant-et-confessionnel-fight-or-flight\/#article","isPartOf":{"@id":"https:\/\/www.radiocastor.com\/index.php\/titre-du-jour-hayden-joseph-seduit-avec-le-vibrant-et-confessionnel-fight-or-flight\/"},"author":{"name":"R\u00e9daction R C","@id":"https:\/\/www.radiocastor.com\/#\/schema\/person\/558b0e47dc4c11fa52b2220ba6a78779"},"headline":"Titre du jour : Hayden Joseph s\u00e9duit avec le vibrant et confessionnel Fight Or Flight","datePublished":"2026-09-06T03:04:14+00:00","dateModified":"2026-09-06T03:04:16+00:00","mainEntityOfPage":{"@id":"https:\/\/www.radiocastor.com\/index.php\/titre-du-jour-hayden-joseph-seduit-avec-le-vibrant-et-confessionnel-fight-or-flight\/"},"wordCount":193,"publisher":{"@id":"https:\/\/www.radiocastor.com\/#organization"},"image":{"@id":"https:\/\/www.radiocastor.com\/index.php\/titre-du-jour-hayden-joseph-seduit-avec-le-vibrant-et-confessionnel-fight-or-flight\/#primaryimage"},"thumbnailUrl":"https:\/\/www.radiocastor.com\/wp-content\/uploads\/2026\/09\/Hayden-Joseph.webp","articleSection":["Titre du jour"],"inLanguage":"fr-FR"},{"@type":"WebPage","@id":"https:\/\/www.radiocastor.com\/index.php\/titre-du-jour-hayden-joseph-seduit-avec-le-vibrant-et-confessionnel-fight-or-flight\/","url":"https:\/\/www.radiocastor.com\/index.php\/titre-du-jour-hayden-joseph-seduit-avec-le-vibrant-et-confessionnel-fight-or-flight\/","name":"Titre du jour : Hayden Joseph s\u00e9duit avec le vibrant et confessionnel Fight Or Flight - Radio Castor","isPartOf":{"@id":"https:\/\/www.radiocastor.com\/#website"},"primaryImageOfPage":{"@id":"https:\/\/www.radiocastor.com\/index.php\/titre-du-jour-hayden-joseph-seduit-avec-le-vibrant-et-confessionnel-fight-or-flight\/#primaryimage"},"image":{"@id":"https:\/\/www.radiocastor.com\/index.php\/titre-du-jour-hayden-joseph-seduit-avec-le-vibrant-et-confessionnel-fight-or-flight\/#primaryimage"},"thumbnailUrl":"https:\/\/www.radiocastor.com\/wp-content\/uploads\/2026\/09\/Hayden-Joseph.webp","datePublished":"2026-09-06T03:04:14+00:00","dateModified":"2026-09-06T03:04:16+00:00","breadcrumb":{"@id":"https:\/\/www.radiocastor.com\/index.php\/titre-du-jour-hayden-joseph-seduit-avec-le-vibrant-et-confessionnel-fight-or-flight\/#breadcrumb"},"inLanguage":"fr-FR","potentialAction":[{"@type":"ReadAction","target":["https:\/\/www.radiocastor.com\/index.php\/titre-du-jour-hayden-joseph-seduit-avec-le-vibrant-et-confessionnel-fight-or-flight\/"]}]},{"@type":"ImageObject","inLanguage":"fr-FR","@id":"https:\/\/www.radiocastor.com\/index.php\/titre-du-jour-hayden-joseph-seduit-avec-le-vibrant-et-confessionnel-fight-or-flight\/#primaryimage","url":"https:\/\/www.radiocastor.com\/wp-content\/uploads\/2026\/09\/Hayden-Joseph.webp","contentUrl":"https:\/\/www.radiocastor.com\/wp-content\/uploads\/2026\/09\/Hayden-Joseph.webp","width":1000,"height":1000,"caption":"Hayden Joseph"},{"@type":"BreadcrumbList","@id":"https:\/\/www.radiocastor.com\/index.php\/titre-du-jour-hayden-joseph-seduit-avec-le-vibrant-et-confessionnel-fight-or-flight\/#breadcrumb","itemListElement":[{"@type":"ListItem","position":1,"name":"Accueil","item":"https:\/\/www.radiocastor.com\/"},{"@type":"ListItem","position":2,"name":"Titre du jour : Hayden Joseph s\u00e9duit avec le vibrant et confessionnel Fight Or Flight"}]},{"@type":"WebSite","@id":"https:\/\/www.radiocastor.com\/#website","url":"https:\/\/www.radiocastor.com\/","name":"Radio Castor","description":"La voix !","publisher":{"@id":"https:\/\/www.radiocastor.com\/#organization"},"potentialAction":[{"@type":"SearchAction","target":{"@type":"EntryPoint","urlTemplate":"https:\/\/www.radiocastor.com\/?s={search_term_string}"},"query-input":{"@type":"PropertyValueSpecification","valueRequired":true,"valueName":"search_term_string"}}],"inLanguage":"fr-FR"},{"@type":"Organization","@id":"https:\/\/www.radiocastor.com\/#organization","name":"Radio Castor","url":"https:\/\/www.radiocastor.com\/","logo":{"@type":"ImageObject","inLanguage":"fr-FR","@id":"https:\/\/www.radiocastor.com\/#\/schema\/logo\/image\/","url":"https:\/\/www.radiocastor.com\/wp-content\/uploads\/2021\/11\/cropped-Radio-castor-logo-2.png","contentUrl":"https:\/\/www.radiocastor.com\/wp-content\/uploads\/2021\/11\/cropped-Radio-castor-logo-2.png","width":437,"height":219,"caption":"Radio Castor"},"image":{"@id":"https:\/\/www.radiocastor.com\/#\/schema\/logo\/image\/"},"sameAs":["https:\/\/www.facebook.com\/theradiocastor","https:\/\/x.com\/TheRadioCastor","https:\/\/www.instagram.com\/theradiocastor","https:\/\/www.youtube.com\/c\/RadioCastor"]},{"@type":"Person","@id":"https:\/\/www.radiocastor.com\/#\/schema\/person\/558b0e47dc4c11fa52b2220ba6a78779","name":"R\u00e9daction R C","image":{"@type":"ImageObject","inLanguage":"fr-FR","@id":"https:\/\/secure.gravatar.com\/avatar\/1d3e4f4c4a0d129f7ed4838ea20c33760c2484b9bc381993df6c0e3f5bf89c23?s=96&d=mm&r=g","url":"https:\/\/secure.gravatar.com\/avatar\/1d3e4f4c4a0d129f7ed4838ea20c33760c2484b9bc381993df6c0e3f5bf89c23?s=96&d=mm&r=g","contentUrl":"https:\/\/secure.gravatar.com\/avatar\/1d3e4f4c4a0d129f7ed4838ea20c33760c2484b9bc381993df6c0e3f5bf89c23?s=96&d=mm&r=g","caption":"R\u00e9daction R C"},"sameAs":["http:\/\/www.radiocastor.com"],"url":"https:\/\/www.radiocastor.com\/index.php\/author\/radio-castor\/"}]}},"uagb_featured_image_src":{"full":["https:\/\/www.radiocastor.com\/wp-content\/uploads\/2026\/09\/Hayden-Joseph.webp",1000,1000,false],"thumbnail":["https:\/\/www.radiocastor.com\/wp-content\/uploads\/2026\/09\/Hayden-Joseph-150x150.webp",150,150,true],"medium":["https:\/\/www.radiocastor.com\/wp-content\/uploads\/2026\/09\/Hayden-Joseph-300x300.webp",300,300,true],"medium_large":["https:\/\/www.radiocastor.com\/wp-content\/uploads\/2026\/09\/Hayden-Joseph-768x768.webp",640,640,true],"large":["https:\/\/www.radiocastor.com\/wp-content\/uploads\/2026\/09\/Hayden-Joseph.webp",640,640,false],"1536x1536":["https:\/\/www.radiocastor.com\/wp-content\/uploads\/2026\/09\/Hayden-Joseph.webp",1000,1000,false],"2048x2048":["https:\/\/www.radiocastor.com\/wp-content\/uploads\/2026\/09\/Hayden-Joseph.webp",1000,1000,false],"newsever-slider-full":["https:\/\/www.radiocastor.com\/wp-content\/uploads\/2026\/09\/Hayden-Joseph-1000x845.webp",1000,845,true],"newsever-featured":["https:\/\/www.radiocastor.com\/wp-content\/uploads\/2026\/09\/Hayden-Joseph.webp",1000,1000,false],"newsever-medium":["https:\/\/www.radiocastor.com\/wp-content\/uploads\/2026\/09\/Hayden-Joseph-720x475.webp",720,475,true]},"uagb_author_info":{"display_name":"R\u00e9daction R C","author_link":"https:\/\/www.radiocastor.com\/index.php\/author\/radio-castor\/"},"uagb_comment_info":0,"uagb_excerpt":"Pour sa toute premi\u00e8re apparition sur RadioCastor, l&rsquo;auteur-compositeur-interpr\u00e8te n\u00e9o-yorkais Hayden Joseph d\u00e9voile \u00ab Fight Or...","_links":{"self":[{"href":"https:\/\/www.radiocastor.com\/index.php\/wp-json\/wp\/v2\/posts\/17500","targetHints":{"allow":["GET"]}}],"collection":[{"href":"https:\/\/www.radiocastor.com\/index.php\/wp-json\/wp\/v2\/posts"}],"about":[{"href":"https:\/\/www.radiocastor.com\/index.php\/wp-json\/wp\/v2\/types\/post"}],"author":[{"embeddable":true,"href":"https:\/\/www.radiocastor.com\/index.php\/wp-json\/wp\/v2\/users\/1"}],"replies":[{"embeddable":true,"href":"https:\/\/www.radiocastor.com\/index.php\/wp-json\/wp\/v2\/comments?post=17500"}],"version-history":[{"count":1,"href":"https:\/\/www.radiocastor.com\/index.php\/wp-json\/wp\/v2\/posts\/17500\/revisions"}],"predecessor-version":[{"id":17502,"href":"https:\/\/www.radiocastor.com\/index.php\/wp-json\/wp\/v2\/posts\/17500\/revisions\/17502"}],"wp:featuredmedia":[{"embeddable":true,"href":"https:\/\/www.radiocastor.com\/index.php\/wp-json\/wp\/v2\/media\/17501"}],"wp:attachment":[{"href":"https:\/\/www.radiocastor.com\/index.php\/wp-json\/wp\/v2\/media?parent=17500"}],"wp:term":[{"taxonomy":"category","embeddable":true,"href":"https:\/\/www.radiocastor.com\/index.php\/wp-json\/wp\/v2\/categories?post=17500"},{"taxonomy":"post_tag","embeddable":true,"href":"https:\/\/www.radiocastor.com\/index.php\/wp-json\/wp\/v2\/tags?post=17500"}],"curies":[{"name":"wp","href":"https:\/\/api.w.org\/{rel}","templated":true}]}}