{"id":17475,"date":"2026-09-05T02:27:45","date_gmt":"2026-09-05T00:27:45","guid":{"rendered":"https:\/\/www.radiocastor.com\/?p=17475"},"modified":"2026-09-05T02:27:48","modified_gmt":"2026-09-05T00:27:48","slug":"grace-de-gier-illumine-radiocastor-avec-le-puissant-et-cinematographique-your-name","status":"publish","type":"post","link":"https:\/\/www.radiocastor.com\/index.php\/grace-de-gier-illumine-radiocastor-avec-le-puissant-et-cinematographique-your-name\/","title":{"rendered":"Grace De Gier illumine RadioCastor avec le puissant et cin\u00e9matographique Your Name"},"content":{"rendered":"\n<div class=\"wp-block-group is-layout-constrained wp-block-group-is-layout-constrained\">\n\n\n<p>Pour sa toute premi\u00e8re apparition sur RadioCastor, l&rsquo;autrice-compositrice-interpr\u00e8te colombienne bas\u00e9e aux Pays-Bas <strong>Grace De Gier<\/strong> d\u00e9voile \u00ab Your Name \u00bb, un single saisissant paru le 31 ao\u00fbt 2026. Entour\u00e9e de son fid\u00e8le complice, le producteur et multi-instrumentiste Edgar Grimaldos, ainsi que du c\u00e9l\u00e8bre batteur Alejandro Duque, la chanteuse insuffle un nouvel \u00e9lan international \u00e0 son r\u00e9pertoire Classic Rock et Rock Alternatif.<\/p>\n\n\n\n<p>Initi\u00e9 par une intro cin\u00e9matographique au piano, \u00ab Your Name \u00bb monte rapidement en puissance pour d\u00e9ployer des guitares ac\u00e9r\u00e9es et une section rythmique incisive au tempo entra\u00eenant. M\u00ealant racines latino-am\u00e9ricaines et \u00e9nergie rock europ\u00e9enne enregistr\u00e9e entre Paris et Amsterdam, le titre t\u00e9moigne de la voix intense et de la sensibilit\u00e9 vibrante de l&rsquo;artiste. D\u00e9j\u00e0 salu\u00e9e par la presse internationale (Rolling Stone UK, Rolling Stone en Espa\u00f1ol), Grace De Gier livre une performance passionn\u00e9e, envo\u00fbtante et r\u00e9solument authentique.<\/p>\n\n\n\n<p><em>\u00c0 \u00e9couter sur <a href=\"https:\/\/www.radiocastor.com\/index.php\/playlist\/\" target=\"_blank\" rel=\"noreferrer noopener\">nos playlists<\/a> !<\/em><\/p>\n\n\n\n<figure class=\"wp-block-embed is-type-video is-provider-youtube wp-block-embed-youtube wp-embed-aspect-16-9 wp-has-aspect-ratio\"><div class=\"wp-block-embed__wrapper\">\n<iframe loading=\"lazy\" title=\"Grace de Gier - Your Name (Lyrics video)\" width=\"640\" height=\"360\" src=\"https:\/\/www.youtube.com\/embed\/DoVG-gm1hNE?feature=oembed\" frameborder=\"0\" allow=\"accelerometer; autoplay; clipboard-write; encrypted-media; gyroscope; picture-in-picture; web-share\" referrerpolicy=\"strict-origin-when-cross-origin\" allowfullscreen><\/iframe>\n<\/div><\/figure>\n\n\n\n<p class=\"has-text-align-center\"><a href=\"https:\/\/www.facebook.com\/Gracedegier\/\" target=\"_blank\" rel=\"noreferrer noopener\">Facebook<\/a> | <a href=\"https:\/\/www.instagram.com\/gracedegier\" target=\"_blank\" rel=\"noreferrer noopener\">Instagram<\/a><\/p>\n\n\n<\/div>\n","protected":false},"excerpt":{"rendered":"<p>Pour sa toute premi\u00e8re apparition sur RadioCastor, l&rsquo;autrice-compositrice-interpr\u00e8te colombienne bas\u00e9e aux Pays-Bas Grace De Gier&#8230;<\/p>\n","protected":false},"author":1,"featured_media":17476,"comment_status":"closed","ping_status":"open","sticky":false,"template":"","format":"standard","meta":{"_uag_custom_page_level_css":"","footnotes":""},"categories":[5,32,46],"tags":[],"class_list":["post-17475","post","type-post","status-publish","format-standard","has-post-thumbnail","hentry","category-rock","category-single","category-sortie"],"yoast_head":"<!-- This site is optimized with the Yoast SEO plugin v28.4 - https:\/\/yoast.com\/product\/yoast-seo-wordpress\/ -->\n<title>Grace De Gier illumine RadioCastor avec le puissant et cin\u00e9matographique Your Name - Radio Castor<\/title>\n<meta name=\"robots\" content=\"index, follow, max-snippet:-1, max-image-preview:large, max-video-preview:-1\" \/>\n<link rel=\"canonical\" href=\"https:\/\/www.radiocastor.com\/index.php\/grace-de-gier-illumine-radiocastor-avec-le-puissant-et-cinematographique-your-name\/\" \/>\n<meta property=\"og:locale\" content=\"fr_FR\" \/>\n<meta property=\"og:type\" content=\"article\" \/>\n<meta property=\"og:title\" content=\"Grace De Gier illumine RadioCastor avec le puissant et cin\u00e9matographique Your Name - Radio Castor\" \/>\n<meta property=\"og:description\" content=\"Pour sa toute premi\u00e8re apparition sur RadioCastor, l&rsquo;autrice-compositrice-interpr\u00e8te colombienne bas\u00e9e aux Pays-Bas Grace De Gier...\" \/>\n<meta property=\"og:url\" content=\"https:\/\/www.radiocastor.com\/index.php\/grace-de-gier-illumine-radiocastor-avec-le-puissant-et-cinematographique-your-name\/\" \/>\n<meta property=\"og:site_name\" content=\"Radio Castor\" \/>\n<meta property=\"article:publisher\" content=\"https:\/\/www.facebook.com\/theradiocastor\" \/>\n<meta property=\"article:published_time\" content=\"2026-09-05T00:27:45+00:00\" \/>\n<meta property=\"article:modified_time\" content=\"2026-09-05T00:27:48+00:00\" \/>\n<meta property=\"og:image\" content=\"https:\/\/www.radiocastor.com\/wp-content\/uploads\/2026\/09\/Screenshot-2026-09-05-at-02-23-29-Instagram.png\" \/>\n\t<meta property=\"og:image:width\" content=\"543\" \/>\n\t<meta property=\"og:image:height\" content=\"354\" \/>\n\t<meta property=\"og:image:type\" content=\"image\/png\" \/>\n<meta name=\"author\" content=\"R\u00e9daction R C\" \/>\n<meta name=\"twitter:card\" content=\"summary_large_image\" \/>\n<meta name=\"twitter:creator\" content=\"@TheRadioCastor\" \/>\n<meta name=\"twitter:site\" content=\"@TheRadioCastor\" \/>\n<meta name=\"twitter:label1\" content=\"\u00c9crit par\" \/>\n\t<meta name=\"twitter:data1\" content=\"R\u00e9daction R C\" \/>\n\t<meta name=\"twitter:label2\" content=\"Dur\u00e9e de lecture estim\u00e9e\" \/>\n\t<meta name=\"twitter:data2\" content=\"1 minute\" \/>\n<script type=\"application\/ld+json\" class=\"yoast-schema-graph\">{\"@context\":\"https:\\\/\\\/schema.org\",\"@graph\":[{\"@type\":\"Article\",\"@id\":\"https:\\\/\\\/www.radiocastor.com\\\/index.php\\\/grace-de-gier-illumine-radiocastor-avec-le-puissant-et-cinematographique-your-name\\\/#article\",\"isPartOf\":{\"@id\":\"https:\\\/\\\/www.radiocastor.com\\\/index.php\\\/grace-de-gier-illumine-radiocastor-avec-le-puissant-et-cinematographique-your-name\\\/\"},\"author\":{\"name\":\"R\u00e9daction R C\",\"@id\":\"https:\\\/\\\/www.radiocastor.com\\\/#\\\/schema\\\/person\\\/558b0e47dc4c11fa52b2220ba6a78779\"},\"headline\":\"Grace De Gier illumine RadioCastor avec le puissant et cin\u00e9matographique Your Name\",\"datePublished\":\"2026-09-05T00:27:45+00:00\",\"dateModified\":\"2026-09-05T00:27:48+00:00\",\"mainEntityOfPage\":{\"@id\":\"https:\\\/\\\/www.radiocastor.com\\\/index.php\\\/grace-de-gier-illumine-radiocastor-avec-le-puissant-et-cinematographique-your-name\\\/\"},\"wordCount\":188,\"publisher\":{\"@id\":\"https:\\\/\\\/www.radiocastor.com\\\/#organization\"},\"image\":{\"@id\":\"https:\\\/\\\/www.radiocastor.com\\\/index.php\\\/grace-de-gier-illumine-radiocastor-avec-le-puissant-et-cinematographique-your-name\\\/#primaryimage\"},\"thumbnailUrl\":\"https:\\\/\\\/www.radiocastor.com\\\/wp-content\\\/uploads\\\/2026\\\/09\\\/Screenshot-2026-09-05-at-02-23-29-Instagram.png\",\"articleSection\":[\"Rock\",\"Single\",\"Sortie\"],\"inLanguage\":\"fr-FR\"},{\"@type\":\"WebPage\",\"@id\":\"https:\\\/\\\/www.radiocastor.com\\\/index.php\\\/grace-de-gier-illumine-radiocastor-avec-le-puissant-et-cinematographique-your-name\\\/\",\"url\":\"https:\\\/\\\/www.radiocastor.com\\\/index.php\\\/grace-de-gier-illumine-radiocastor-avec-le-puissant-et-cinematographique-your-name\\\/\",\"name\":\"Grace De Gier illumine RadioCastor avec le puissant et cin\u00e9matographique Your Name - Radio Castor\",\"isPartOf\":{\"@id\":\"https:\\\/\\\/www.radiocastor.com\\\/#website\"},\"primaryImageOfPage\":{\"@id\":\"https:\\\/\\\/www.radiocastor.com\\\/index.php\\\/grace-de-gier-illumine-radiocastor-avec-le-puissant-et-cinematographique-your-name\\\/#primaryimage\"},\"image\":{\"@id\":\"https:\\\/\\\/www.radiocastor.com\\\/index.php\\\/grace-de-gier-illumine-radiocastor-avec-le-puissant-et-cinematographique-your-name\\\/#primaryimage\"},\"thumbnailUrl\":\"https:\\\/\\\/www.radiocastor.com\\\/wp-content\\\/uploads\\\/2026\\\/09\\\/Screenshot-2026-09-05-at-02-23-29-Instagram.png\",\"datePublished\":\"2026-09-05T00:27:45+00:00\",\"dateModified\":\"2026-09-05T00:27:48+00:00\",\"breadcrumb\":{\"@id\":\"https:\\\/\\\/www.radiocastor.com\\\/index.php\\\/grace-de-gier-illumine-radiocastor-avec-le-puissant-et-cinematographique-your-name\\\/#breadcrumb\"},\"inLanguage\":\"fr-FR\",\"potentialAction\":[{\"@type\":\"ReadAction\",\"target\":[\"https:\\\/\\\/www.radiocastor.com\\\/index.php\\\/grace-de-gier-illumine-radiocastor-avec-le-puissant-et-cinematographique-your-name\\\/\"]}]},{\"@type\":\"ImageObject\",\"inLanguage\":\"fr-FR\",\"@id\":\"https:\\\/\\\/www.radiocastor.com\\\/index.php\\\/grace-de-gier-illumine-radiocastor-avec-le-puissant-et-cinematographique-your-name\\\/#primaryimage\",\"url\":\"https:\\\/\\\/www.radiocastor.com\\\/wp-content\\\/uploads\\\/2026\\\/09\\\/Screenshot-2026-09-05-at-02-23-29-Instagram.png\",\"contentUrl\":\"https:\\\/\\\/www.radiocastor.com\\\/wp-content\\\/uploads\\\/2026\\\/09\\\/Screenshot-2026-09-05-at-02-23-29-Instagram.png\",\"width\":543,\"height\":354,\"caption\":\"Grace De Gier\"},{\"@type\":\"BreadcrumbList\",\"@id\":\"https:\\\/\\\/www.radiocastor.com\\\/index.php\\\/grace-de-gier-illumine-radiocastor-avec-le-puissant-et-cinematographique-your-name\\\/#breadcrumb\",\"itemListElement\":[{\"@type\":\"ListItem\",\"position\":1,\"name\":\"Accueil\",\"item\":\"https:\\\/\\\/www.radiocastor.com\\\/\"},{\"@type\":\"ListItem\",\"position\":2,\"name\":\"Grace De Gier illumine RadioCastor avec le puissant et cin\u00e9matographique Your Name\"}]},{\"@type\":\"WebSite\",\"@id\":\"https:\\\/\\\/www.radiocastor.com\\\/#website\",\"url\":\"https:\\\/\\\/www.radiocastor.com\\\/\",\"name\":\"Radio Castor\",\"description\":\"La voix !\",\"publisher\":{\"@id\":\"https:\\\/\\\/www.radiocastor.com\\\/#organization\"},\"potentialAction\":[{\"@type\":\"SearchAction\",\"target\":{\"@type\":\"EntryPoint\",\"urlTemplate\":\"https:\\\/\\\/www.radiocastor.com\\\/?s={search_term_string}\"},\"query-input\":{\"@type\":\"PropertyValueSpecification\",\"valueRequired\":true,\"valueName\":\"search_term_string\"}}],\"inLanguage\":\"fr-FR\"},{\"@type\":\"Organization\",\"@id\":\"https:\\\/\\\/www.radiocastor.com\\\/#organization\",\"name\":\"Radio Castor\",\"url\":\"https:\\\/\\\/www.radiocastor.com\\\/\",\"logo\":{\"@type\":\"ImageObject\",\"inLanguage\":\"fr-FR\",\"@id\":\"https:\\\/\\\/www.radiocastor.com\\\/#\\\/schema\\\/logo\\\/image\\\/\",\"url\":\"https:\\\/\\\/www.radiocastor.com\\\/wp-content\\\/uploads\\\/2021\\\/11\\\/cropped-Radio-castor-logo-2.png\",\"contentUrl\":\"https:\\\/\\\/www.radiocastor.com\\\/wp-content\\\/uploads\\\/2021\\\/11\\\/cropped-Radio-castor-logo-2.png\",\"width\":437,\"height\":219,\"caption\":\"Radio Castor\"},\"image\":{\"@id\":\"https:\\\/\\\/www.radiocastor.com\\\/#\\\/schema\\\/logo\\\/image\\\/\"},\"sameAs\":[\"https:\\\/\\\/www.facebook.com\\\/theradiocastor\",\"https:\\\/\\\/x.com\\\/TheRadioCastor\",\"https:\\\/\\\/www.instagram.com\\\/theradiocastor\",\"https:\\\/\\\/www.youtube.com\\\/c\\\/RadioCastor\"]},{\"@type\":\"Person\",\"@id\":\"https:\\\/\\\/www.radiocastor.com\\\/#\\\/schema\\\/person\\\/558b0e47dc4c11fa52b2220ba6a78779\",\"name\":\"R\u00e9daction R C\",\"image\":{\"@type\":\"ImageObject\",\"inLanguage\":\"fr-FR\",\"@id\":\"https:\\\/\\\/secure.gravatar.com\\\/avatar\\\/1d3e4f4c4a0d129f7ed4838ea20c33760c2484b9bc381993df6c0e3f5bf89c23?s=96&d=mm&r=g\",\"url\":\"https:\\\/\\\/secure.gravatar.com\\\/avatar\\\/1d3e4f4c4a0d129f7ed4838ea20c33760c2484b9bc381993df6c0e3f5bf89c23?s=96&d=mm&r=g\",\"contentUrl\":\"https:\\\/\\\/secure.gravatar.com\\\/avatar\\\/1d3e4f4c4a0d129f7ed4838ea20c33760c2484b9bc381993df6c0e3f5bf89c23?s=96&d=mm&r=g\",\"caption\":\"R\u00e9daction R C\"},\"sameAs\":[\"http:\\\/\\\/www.radiocastor.com\"],\"url\":\"https:\\\/\\\/www.radiocastor.com\\\/index.php\\\/author\\\/radio-castor\\\/\"}]}<\/script>\n<!-- \/ Yoast SEO plugin. -->","yoast_head_json":{"title":"Grace De Gier illumine RadioCastor avec le puissant et cin\u00e9matographique Your Name - Radio Castor","robots":{"index":"index","follow":"follow","max-snippet":"max-snippet:-1","max-image-preview":"max-image-preview:large","max-video-preview":"max-video-preview:-1"},"canonical":"https:\/\/www.radiocastor.com\/index.php\/grace-de-gier-illumine-radiocastor-avec-le-puissant-et-cinematographique-your-name\/","og_locale":"fr_FR","og_type":"article","og_title":"Grace De Gier illumine RadioCastor avec le puissant et cin\u00e9matographique Your Name - Radio Castor","og_description":"Pour sa toute premi\u00e8re apparition sur RadioCastor, l&rsquo;autrice-compositrice-interpr\u00e8te colombienne bas\u00e9e aux Pays-Bas Grace De Gier...","og_url":"https:\/\/www.radiocastor.com\/index.php\/grace-de-gier-illumine-radiocastor-avec-le-puissant-et-cinematographique-your-name\/","og_site_name":"Radio Castor","article_publisher":"https:\/\/www.facebook.com\/theradiocastor","article_published_time":"2026-09-05T00:27:45+00:00","article_modified_time":"2026-09-05T00:27:48+00:00","og_image":[{"width":543,"height":354,"url":"https:\/\/www.radiocastor.com\/wp-content\/uploads\/2026\/09\/Screenshot-2026-09-05-at-02-23-29-Instagram.png","type":"image\/png"}],"author":"R\u00e9daction R C","twitter_card":"summary_large_image","twitter_creator":"@TheRadioCastor","twitter_site":"@TheRadioCastor","twitter_misc":{"\u00c9crit par":"R\u00e9daction R C","Dur\u00e9e de lecture estim\u00e9e":"1 minute"},"schema":{"@context":"https:\/\/schema.org","@graph":[{"@type":"Article","@id":"https:\/\/www.radiocastor.com\/index.php\/grace-de-gier-illumine-radiocastor-avec-le-puissant-et-cinematographique-your-name\/#article","isPartOf":{"@id":"https:\/\/www.radiocastor.com\/index.php\/grace-de-gier-illumine-radiocastor-avec-le-puissant-et-cinematographique-your-name\/"},"author":{"name":"R\u00e9daction R C","@id":"https:\/\/www.radiocastor.com\/#\/schema\/person\/558b0e47dc4c11fa52b2220ba6a78779"},"headline":"Grace De Gier illumine RadioCastor avec le puissant et cin\u00e9matographique Your Name","datePublished":"2026-09-05T00:27:45+00:00","dateModified":"2026-09-05T00:27:48+00:00","mainEntityOfPage":{"@id":"https:\/\/www.radiocastor.com\/index.php\/grace-de-gier-illumine-radiocastor-avec-le-puissant-et-cinematographique-your-name\/"},"wordCount":188,"publisher":{"@id":"https:\/\/www.radiocastor.com\/#organization"},"image":{"@id":"https:\/\/www.radiocastor.com\/index.php\/grace-de-gier-illumine-radiocastor-avec-le-puissant-et-cinematographique-your-name\/#primaryimage"},"thumbnailUrl":"https:\/\/www.radiocastor.com\/wp-content\/uploads\/2026\/09\/Screenshot-2026-09-05-at-02-23-29-Instagram.png","articleSection":["Rock","Single","Sortie"],"inLanguage":"fr-FR"},{"@type":"WebPage","@id":"https:\/\/www.radiocastor.com\/index.php\/grace-de-gier-illumine-radiocastor-avec-le-puissant-et-cinematographique-your-name\/","url":"https:\/\/www.radiocastor.com\/index.php\/grace-de-gier-illumine-radiocastor-avec-le-puissant-et-cinematographique-your-name\/","name":"Grace De Gier illumine RadioCastor avec le puissant et cin\u00e9matographique Your Name - Radio Castor","isPartOf":{"@id":"https:\/\/www.radiocastor.com\/#website"},"primaryImageOfPage":{"@id":"https:\/\/www.radiocastor.com\/index.php\/grace-de-gier-illumine-radiocastor-avec-le-puissant-et-cinematographique-your-name\/#primaryimage"},"image":{"@id":"https:\/\/www.radiocastor.com\/index.php\/grace-de-gier-illumine-radiocastor-avec-le-puissant-et-cinematographique-your-name\/#primaryimage"},"thumbnailUrl":"https:\/\/www.radiocastor.com\/wp-content\/uploads\/2026\/09\/Screenshot-2026-09-05-at-02-23-29-Instagram.png","datePublished":"2026-09-05T00:27:45+00:00","dateModified":"2026-09-05T00:27:48+00:00","breadcrumb":{"@id":"https:\/\/www.radiocastor.com\/index.php\/grace-de-gier-illumine-radiocastor-avec-le-puissant-et-cinematographique-your-name\/#breadcrumb"},"inLanguage":"fr-FR","potentialAction":[{"@type":"ReadAction","target":["https:\/\/www.radiocastor.com\/index.php\/grace-de-gier-illumine-radiocastor-avec-le-puissant-et-cinematographique-your-name\/"]}]},{"@type":"ImageObject","inLanguage":"fr-FR","@id":"https:\/\/www.radiocastor.com\/index.php\/grace-de-gier-illumine-radiocastor-avec-le-puissant-et-cinematographique-your-name\/#primaryimage","url":"https:\/\/www.radiocastor.com\/wp-content\/uploads\/2026\/09\/Screenshot-2026-09-05-at-02-23-29-Instagram.png","contentUrl":"https:\/\/www.radiocastor.com\/wp-content\/uploads\/2026\/09\/Screenshot-2026-09-05-at-02-23-29-Instagram.png","width":543,"height":354,"caption":"Grace De Gier"},{"@type":"BreadcrumbList","@id":"https:\/\/www.radiocastor.com\/index.php\/grace-de-gier-illumine-radiocastor-avec-le-puissant-et-cinematographique-your-name\/#breadcrumb","itemListElement":[{"@type":"ListItem","position":1,"name":"Accueil","item":"https:\/\/www.radiocastor.com\/"},{"@type":"ListItem","position":2,"name":"Grace De Gier illumine RadioCastor avec le puissant et cin\u00e9matographique Your Name"}]},{"@type":"WebSite","@id":"https:\/\/www.radiocastor.com\/#website","url":"https:\/\/www.radiocastor.com\/","name":"Radio Castor","description":"La voix !","publisher":{"@id":"https:\/\/www.radiocastor.com\/#organization"},"potentialAction":[{"@type":"SearchAction","target":{"@type":"EntryPoint","urlTemplate":"https:\/\/www.radiocastor.com\/?s={search_term_string}"},"query-input":{"@type":"PropertyValueSpecification","valueRequired":true,"valueName":"search_term_string"}}],"inLanguage":"fr-FR"},{"@type":"Organization","@id":"https:\/\/www.radiocastor.com\/#organization","name":"Radio Castor","url":"https:\/\/www.radiocastor.com\/","logo":{"@type":"ImageObject","inLanguage":"fr-FR","@id":"https:\/\/www.radiocastor.com\/#\/schema\/logo\/image\/","url":"https:\/\/www.radiocastor.com\/wp-content\/uploads\/2021\/11\/cropped-Radio-castor-logo-2.png","contentUrl":"https:\/\/www.radiocastor.com\/wp-content\/uploads\/2021\/11\/cropped-Radio-castor-logo-2.png","width":437,"height":219,"caption":"Radio Castor"},"image":{"@id":"https:\/\/www.radiocastor.com\/#\/schema\/logo\/image\/"},"sameAs":["https:\/\/www.facebook.com\/theradiocastor","https:\/\/x.com\/TheRadioCastor","https:\/\/www.instagram.com\/theradiocastor","https:\/\/www.youtube.com\/c\/RadioCastor"]},{"@type":"Person","@id":"https:\/\/www.radiocastor.com\/#\/schema\/person\/558b0e47dc4c11fa52b2220ba6a78779","name":"R\u00e9daction R C","image":{"@type":"ImageObject","inLanguage":"fr-FR","@id":"https:\/\/secure.gravatar.com\/avatar\/1d3e4f4c4a0d129f7ed4838ea20c33760c2484b9bc381993df6c0e3f5bf89c23?s=96&d=mm&r=g","url":"https:\/\/secure.gravatar.com\/avatar\/1d3e4f4c4a0d129f7ed4838ea20c33760c2484b9bc381993df6c0e3f5bf89c23?s=96&d=mm&r=g","contentUrl":"https:\/\/secure.gravatar.com\/avatar\/1d3e4f4c4a0d129f7ed4838ea20c33760c2484b9bc381993df6c0e3f5bf89c23?s=96&d=mm&r=g","caption":"R\u00e9daction R C"},"sameAs":["http:\/\/www.radiocastor.com"],"url":"https:\/\/www.radiocastor.com\/index.php\/author\/radio-castor\/"}]}},"uagb_featured_image_src":{"full":["https:\/\/www.radiocastor.com\/wp-content\/uploads\/2026\/09\/Screenshot-2026-09-05-at-02-23-29-Instagram.png",543,354,false],"thumbnail":["https:\/\/www.radiocastor.com\/wp-content\/uploads\/2026\/09\/Screenshot-2026-09-05-at-02-23-29-Instagram-150x150.png",150,150,true],"medium":["https:\/\/www.radiocastor.com\/wp-content\/uploads\/2026\/09\/Screenshot-2026-09-05-at-02-23-29-Instagram-300x196.png",300,196,true],"medium_large":["https:\/\/www.radiocastor.com\/wp-content\/uploads\/2026\/09\/Screenshot-2026-09-05-at-02-23-29-Instagram.png",543,354,false],"large":["https:\/\/www.radiocastor.com\/wp-content\/uploads\/2026\/09\/Screenshot-2026-09-05-at-02-23-29-Instagram.png",543,354,false],"1536x1536":["https:\/\/www.radiocastor.com\/wp-content\/uploads\/2026\/09\/Screenshot-2026-09-05-at-02-23-29-Instagram.png",543,354,false],"2048x2048":["https:\/\/www.radiocastor.com\/wp-content\/uploads\/2026\/09\/Screenshot-2026-09-05-at-02-23-29-Instagram.png",543,354,false],"newsever-slider-full":["https:\/\/www.radiocastor.com\/wp-content\/uploads\/2026\/09\/Screenshot-2026-09-05-at-02-23-29-Instagram.png",543,354,false],"newsever-featured":["https:\/\/www.radiocastor.com\/wp-content\/uploads\/2026\/09\/Screenshot-2026-09-05-at-02-23-29-Instagram.png",543,354,false],"newsever-medium":["https:\/\/www.radiocastor.com\/wp-content\/uploads\/2026\/09\/Screenshot-2026-09-05-at-02-23-29-Instagram.png",543,354,false]},"uagb_author_info":{"display_name":"R\u00e9daction R C","author_link":"https:\/\/www.radiocastor.com\/index.php\/author\/radio-castor\/"},"uagb_comment_info":0,"uagb_excerpt":"Pour sa toute premi\u00e8re apparition sur RadioCastor, l&rsquo;autrice-compositrice-interpr\u00e8te colombienne bas\u00e9e aux Pays-Bas Grace De Gier...","_links":{"self":[{"href":"https:\/\/www.radiocastor.com\/index.php\/wp-json\/wp\/v2\/posts\/17475","targetHints":{"allow":["GET"]}}],"collection":[{"href":"https:\/\/www.radiocastor.com\/index.php\/wp-json\/wp\/v2\/posts"}],"about":[{"href":"https:\/\/www.radiocastor.com\/index.php\/wp-json\/wp\/v2\/types\/post"}],"author":[{"embeddable":true,"href":"https:\/\/www.radiocastor.com\/index.php\/wp-json\/wp\/v2\/users\/1"}],"replies":[{"embeddable":true,"href":"https:\/\/www.radiocastor.com\/index.php\/wp-json\/wp\/v2\/comments?post=17475"}],"version-history":[{"count":2,"href":"https:\/\/www.radiocastor.com\/index.php\/wp-json\/wp\/v2\/posts\/17475\/revisions"}],"predecessor-version":[{"id":17479,"href":"https:\/\/www.radiocastor.com\/index.php\/wp-json\/wp\/v2\/posts\/17475\/revisions\/17479"}],"wp:featuredmedia":[{"embeddable":true,"href":"https:\/\/www.radiocastor.com\/index.php\/wp-json\/wp\/v2\/media\/17476"}],"wp:attachment":[{"href":"https:\/\/www.radiocastor.com\/index.php\/wp-json\/wp\/v2\/media?parent=17475"}],"wp:term":[{"taxonomy":"category","embeddable":true,"href":"https:\/\/www.radiocastor.com\/index.php\/wp-json\/wp\/v2\/categories?post=17475"},{"taxonomy":"post_tag","embeddable":true,"href":"https:\/\/www.radiocastor.com\/index.php\/wp-json\/wp\/v2\/tags?post=17475"}],"curies":[{"name":"wp","href":"https:\/\/api.w.org\/{rel}","templated":true}]}}