{"id":17424,"date":"2026-09-03T19:49:35","date_gmt":"2026-09-03T17:49:35","guid":{"rendered":"https:\/\/www.radiocastor.com\/?p=17424"},"modified":"2026-09-03T19:49:38","modified_gmt":"2026-09-03T17:49:38","slug":"titre-du-jour-seba-reyes-enchante-avec-lenergique-et-chaleureux-vuelvo-hacia-el-mar","status":"publish","type":"post","link":"https:\/\/www.radiocastor.com\/index.php\/titre-du-jour-seba-reyes-enchante-avec-lenergique-et-chaleureux-vuelvo-hacia-el-mar\/","title":{"rendered":"Titre du jour : Seba Reyes enchante avec l&rsquo;\u00e9nergique et chaleureux Vuelvo hacia el mar"},"content":{"rendered":"\n<div class=\"wp-block-group is-layout-constrained wp-block-group-is-layout-constrained\">\n\n\n<p>Pour sa toute premi\u00e8re apparition sur RadioCastor, l&rsquo;auteur-compositeur-interpr\u00e8te argentin install\u00e9 \u00e0 Barcelone <strong>Seba Reyes<\/strong> d\u00e9voile \u00ab Vuelvo hacia el mar \u00bb, un single solaire paru le 29 juillet 2026 sous le label Matrix Music. R\u00e9alis\u00e9 en collaboration avec l&rsquo;artiste espagnol Rafa Pons, le morceau marie avec brio l&rsquo;esprit de la Chanson \u00e0 texte \/ Singer-Songwriter, de la Latin Pop et du Rockabilly.<\/p>\n\n\n\n<p>Enregistr\u00e9 avec de vrais musiciens en studio \u2014 incluant une trompette vivante et une section rythmique organique, sans autotune ni artifices \u2014, le titre insuffle une fra\u00eecheur communicative et une \u00e9nergie r\u00e9solument positive. \u00c9voquant la po\u00e9sie et le charme intemporel de figures majeures telles que Joaqu\u00edn Sabina, Joan Manuel Serrat ou Pedro Guerra, \u00ab Vuelvo hacia el mar \u00bb s\u00e9duit par ses m\u00e9lodies cuivr\u00e9es, son swing entra\u00eenant et son authenticit\u00e9 rafra\u00eechissante.<\/p>\n\n\n\n<p><em>\u00c0 \u00e9couter sur <a href=\"https:\/\/www.radiocastor.com\/index.php\/playlist\/\" target=\"_blank\" rel=\"noreferrer noopener\">nos playlists<\/a> !<\/em><\/p>\n\n\n\n<figure class=\"wp-block-embed is-type-video is-provider-youtube wp-block-embed-youtube wp-embed-aspect-16-9 wp-has-aspect-ratio\"><div class=\"wp-block-embed__wrapper\">\n<iframe loading=\"lazy\" title=\"Seba Reyes \u2014 Vuelvo Hacia el Mar (feat. Rafa Pons)\" width=\"640\" height=\"360\" src=\"https:\/\/www.youtube.com\/embed\/uGYguVPswD4?feature=oembed\" frameborder=\"0\" allow=\"accelerometer; autoplay; clipboard-write; encrypted-media; gyroscope; picture-in-picture; web-share\" referrerpolicy=\"strict-origin-when-cross-origin\" allowfullscreen><\/iframe>\n<\/div><\/figure>\n\n\n\n<p class=\"has-text-align-center\"><a href=\"https:\/\/www.facebook.com\/Sebareyes.Music\" target=\"_blank\" rel=\"noreferrer noopener\">Facebook<\/a> | <a href=\"https:\/\/www.instagram.com\/sebareyes_music\" target=\"_blank\" rel=\"noreferrer noopener\">Instagram<\/a><\/p>\n\n\n<\/div>\n","protected":false},"excerpt":{"rendered":"<p>Pour sa toute premi\u00e8re apparition sur RadioCastor, l&rsquo;auteur-compositeur-interpr\u00e8te argentin install\u00e9 \u00e0 Barcelone Seba Reyes d\u00e9voile&#8230;<\/p>\n","protected":false},"author":1,"featured_media":17425,"comment_status":"closed","ping_status":"open","sticky":false,"template":"","format":"standard","meta":{"_uag_custom_page_level_css":"","footnotes":""},"categories":[45],"tags":[],"class_list":["post-17424","post","type-post","status-publish","format-standard","has-post-thumbnail","hentry","category-titre-du-jour"],"yoast_head":"<!-- This site is optimized with the Yoast SEO plugin v28.4 - https:\/\/yoast.com\/product\/yoast-seo-wordpress\/ -->\n<title>Titre du jour : Seba Reyes enchante avec l&#039;\u00e9nergique et chaleureux Vuelvo hacia el mar - Radio Castor<\/title>\n<meta name=\"robots\" content=\"index, follow, max-snippet:-1, max-image-preview:large, max-video-preview:-1\" \/>\n<link rel=\"canonical\" href=\"https:\/\/www.radiocastor.com\/index.php\/titre-du-jour-seba-reyes-enchante-avec-lenergique-et-chaleureux-vuelvo-hacia-el-mar\/\" \/>\n<meta property=\"og:locale\" content=\"fr_FR\" \/>\n<meta property=\"og:type\" content=\"article\" \/>\n<meta property=\"og:title\" content=\"Titre du jour : Seba Reyes enchante avec l&#039;\u00e9nergique et chaleureux Vuelvo hacia el mar - Radio Castor\" \/>\n<meta property=\"og:description\" content=\"Pour sa toute premi\u00e8re apparition sur RadioCastor, l&rsquo;auteur-compositeur-interpr\u00e8te argentin install\u00e9 \u00e0 Barcelone Seba Reyes d\u00e9voile...\" \/>\n<meta property=\"og:url\" content=\"https:\/\/www.radiocastor.com\/index.php\/titre-du-jour-seba-reyes-enchante-avec-lenergique-et-chaleureux-vuelvo-hacia-el-mar\/\" \/>\n<meta property=\"og:site_name\" content=\"Radio Castor\" \/>\n<meta property=\"article:publisher\" content=\"https:\/\/www.facebook.com\/theradiocastor\" \/>\n<meta property=\"article:published_time\" content=\"2026-09-03T17:49:35+00:00\" \/>\n<meta property=\"article:modified_time\" content=\"2026-09-03T17:49:38+00:00\" \/>\n<meta property=\"og:image\" content=\"https:\/\/www.radiocastor.com\/wp-content\/uploads\/2026\/09\/Seba-Reyes.jpg\" \/>\n\t<meta property=\"og:image:width\" content=\"431\" \/>\n\t<meta property=\"og:image:height\" content=\"431\" \/>\n\t<meta property=\"og:image:type\" content=\"image\/jpeg\" \/>\n<meta name=\"author\" content=\"R\u00e9daction R C\" \/>\n<meta name=\"twitter:card\" content=\"summary_large_image\" \/>\n<meta name=\"twitter:creator\" content=\"@TheRadioCastor\" \/>\n<meta name=\"twitter:site\" content=\"@TheRadioCastor\" \/>\n<meta name=\"twitter:label1\" content=\"\u00c9crit par\" \/>\n\t<meta name=\"twitter:data1\" content=\"R\u00e9daction R C\" \/>\n\t<meta name=\"twitter:label2\" content=\"Dur\u00e9e de lecture estim\u00e9e\" \/>\n\t<meta name=\"twitter:data2\" content=\"1 minute\" \/>\n<script type=\"application\/ld+json\" class=\"yoast-schema-graph\">{\"@context\":\"https:\\\/\\\/schema.org\",\"@graph\":[{\"@type\":\"Article\",\"@id\":\"https:\\\/\\\/www.radiocastor.com\\\/index.php\\\/titre-du-jour-seba-reyes-enchante-avec-lenergique-et-chaleureux-vuelvo-hacia-el-mar\\\/#article\",\"isPartOf\":{\"@id\":\"https:\\\/\\\/www.radiocastor.com\\\/index.php\\\/titre-du-jour-seba-reyes-enchante-avec-lenergique-et-chaleureux-vuelvo-hacia-el-mar\\\/\"},\"author\":{\"name\":\"R\u00e9daction R C\",\"@id\":\"https:\\\/\\\/www.radiocastor.com\\\/#\\\/schema\\\/person\\\/558b0e47dc4c11fa52b2220ba6a78779\"},\"headline\":\"Titre du jour : Seba Reyes enchante avec l&rsquo;\u00e9nergique et chaleureux Vuelvo hacia el mar\",\"datePublished\":\"2026-09-03T17:49:35+00:00\",\"dateModified\":\"2026-09-03T17:49:38+00:00\",\"mainEntityOfPage\":{\"@id\":\"https:\\\/\\\/www.radiocastor.com\\\/index.php\\\/titre-du-jour-seba-reyes-enchante-avec-lenergique-et-chaleureux-vuelvo-hacia-el-mar\\\/\"},\"wordCount\":166,\"publisher\":{\"@id\":\"https:\\\/\\\/www.radiocastor.com\\\/#organization\"},\"image\":{\"@id\":\"https:\\\/\\\/www.radiocastor.com\\\/index.php\\\/titre-du-jour-seba-reyes-enchante-avec-lenergique-et-chaleureux-vuelvo-hacia-el-mar\\\/#primaryimage\"},\"thumbnailUrl\":\"https:\\\/\\\/www.radiocastor.com\\\/wp-content\\\/uploads\\\/2026\\\/09\\\/Seba-Reyes.jpg\",\"articleSection\":[\"Titre du jour\"],\"inLanguage\":\"fr-FR\"},{\"@type\":\"WebPage\",\"@id\":\"https:\\\/\\\/www.radiocastor.com\\\/index.php\\\/titre-du-jour-seba-reyes-enchante-avec-lenergique-et-chaleureux-vuelvo-hacia-el-mar\\\/\",\"url\":\"https:\\\/\\\/www.radiocastor.com\\\/index.php\\\/titre-du-jour-seba-reyes-enchante-avec-lenergique-et-chaleureux-vuelvo-hacia-el-mar\\\/\",\"name\":\"Titre du jour : Seba Reyes enchante avec l'\u00e9nergique et chaleureux Vuelvo hacia el mar - Radio Castor\",\"isPartOf\":{\"@id\":\"https:\\\/\\\/www.radiocastor.com\\\/#website\"},\"primaryImageOfPage\":{\"@id\":\"https:\\\/\\\/www.radiocastor.com\\\/index.php\\\/titre-du-jour-seba-reyes-enchante-avec-lenergique-et-chaleureux-vuelvo-hacia-el-mar\\\/#primaryimage\"},\"image\":{\"@id\":\"https:\\\/\\\/www.radiocastor.com\\\/index.php\\\/titre-du-jour-seba-reyes-enchante-avec-lenergique-et-chaleureux-vuelvo-hacia-el-mar\\\/#primaryimage\"},\"thumbnailUrl\":\"https:\\\/\\\/www.radiocastor.com\\\/wp-content\\\/uploads\\\/2026\\\/09\\\/Seba-Reyes.jpg\",\"datePublished\":\"2026-09-03T17:49:35+00:00\",\"dateModified\":\"2026-09-03T17:49:38+00:00\",\"breadcrumb\":{\"@id\":\"https:\\\/\\\/www.radiocastor.com\\\/index.php\\\/titre-du-jour-seba-reyes-enchante-avec-lenergique-et-chaleureux-vuelvo-hacia-el-mar\\\/#breadcrumb\"},\"inLanguage\":\"fr-FR\",\"potentialAction\":[{\"@type\":\"ReadAction\",\"target\":[\"https:\\\/\\\/www.radiocastor.com\\\/index.php\\\/titre-du-jour-seba-reyes-enchante-avec-lenergique-et-chaleureux-vuelvo-hacia-el-mar\\\/\"]}]},{\"@type\":\"ImageObject\",\"inLanguage\":\"fr-FR\",\"@id\":\"https:\\\/\\\/www.radiocastor.com\\\/index.php\\\/titre-du-jour-seba-reyes-enchante-avec-lenergique-et-chaleureux-vuelvo-hacia-el-mar\\\/#primaryimage\",\"url\":\"https:\\\/\\\/www.radiocastor.com\\\/wp-content\\\/uploads\\\/2026\\\/09\\\/Seba-Reyes.jpg\",\"contentUrl\":\"https:\\\/\\\/www.radiocastor.com\\\/wp-content\\\/uploads\\\/2026\\\/09\\\/Seba-Reyes.jpg\",\"width\":431,\"height\":431,\"caption\":\"Seba Reyes\"},{\"@type\":\"BreadcrumbList\",\"@id\":\"https:\\\/\\\/www.radiocastor.com\\\/index.php\\\/titre-du-jour-seba-reyes-enchante-avec-lenergique-et-chaleureux-vuelvo-hacia-el-mar\\\/#breadcrumb\",\"itemListElement\":[{\"@type\":\"ListItem\",\"position\":1,\"name\":\"Accueil\",\"item\":\"https:\\\/\\\/www.radiocastor.com\\\/\"},{\"@type\":\"ListItem\",\"position\":2,\"name\":\"Titre du jour : Seba Reyes enchante avec l&rsquo;\u00e9nergique et chaleureux Vuelvo hacia el mar\"}]},{\"@type\":\"WebSite\",\"@id\":\"https:\\\/\\\/www.radiocastor.com\\\/#website\",\"url\":\"https:\\\/\\\/www.radiocastor.com\\\/\",\"name\":\"Radio Castor\",\"description\":\"La voix !\",\"publisher\":{\"@id\":\"https:\\\/\\\/www.radiocastor.com\\\/#organization\"},\"potentialAction\":[{\"@type\":\"SearchAction\",\"target\":{\"@type\":\"EntryPoint\",\"urlTemplate\":\"https:\\\/\\\/www.radiocastor.com\\\/?s={search_term_string}\"},\"query-input\":{\"@type\":\"PropertyValueSpecification\",\"valueRequired\":true,\"valueName\":\"search_term_string\"}}],\"inLanguage\":\"fr-FR\"},{\"@type\":\"Organization\",\"@id\":\"https:\\\/\\\/www.radiocastor.com\\\/#organization\",\"name\":\"Radio Castor\",\"url\":\"https:\\\/\\\/www.radiocastor.com\\\/\",\"logo\":{\"@type\":\"ImageObject\",\"inLanguage\":\"fr-FR\",\"@id\":\"https:\\\/\\\/www.radiocastor.com\\\/#\\\/schema\\\/logo\\\/image\\\/\",\"url\":\"https:\\\/\\\/www.radiocastor.com\\\/wp-content\\\/uploads\\\/2021\\\/11\\\/cropped-Radio-castor-logo-2.png\",\"contentUrl\":\"https:\\\/\\\/www.radiocastor.com\\\/wp-content\\\/uploads\\\/2021\\\/11\\\/cropped-Radio-castor-logo-2.png\",\"width\":437,\"height\":219,\"caption\":\"Radio Castor\"},\"image\":{\"@id\":\"https:\\\/\\\/www.radiocastor.com\\\/#\\\/schema\\\/logo\\\/image\\\/\"},\"sameAs\":[\"https:\\\/\\\/www.facebook.com\\\/theradiocastor\",\"https:\\\/\\\/x.com\\\/TheRadioCastor\",\"https:\\\/\\\/www.instagram.com\\\/theradiocastor\",\"https:\\\/\\\/www.youtube.com\\\/c\\\/RadioCastor\"]},{\"@type\":\"Person\",\"@id\":\"https:\\\/\\\/www.radiocastor.com\\\/#\\\/schema\\\/person\\\/558b0e47dc4c11fa52b2220ba6a78779\",\"name\":\"R\u00e9daction R C\",\"image\":{\"@type\":\"ImageObject\",\"inLanguage\":\"fr-FR\",\"@id\":\"https:\\\/\\\/secure.gravatar.com\\\/avatar\\\/1d3e4f4c4a0d129f7ed4838ea20c33760c2484b9bc381993df6c0e3f5bf89c23?s=96&d=mm&r=g\",\"url\":\"https:\\\/\\\/secure.gravatar.com\\\/avatar\\\/1d3e4f4c4a0d129f7ed4838ea20c33760c2484b9bc381993df6c0e3f5bf89c23?s=96&d=mm&r=g\",\"contentUrl\":\"https:\\\/\\\/secure.gravatar.com\\\/avatar\\\/1d3e4f4c4a0d129f7ed4838ea20c33760c2484b9bc381993df6c0e3f5bf89c23?s=96&d=mm&r=g\",\"caption\":\"R\u00e9daction R C\"},\"sameAs\":[\"http:\\\/\\\/www.radiocastor.com\"],\"url\":\"https:\\\/\\\/www.radiocastor.com\\\/index.php\\\/author\\\/radio-castor\\\/\"}]}<\/script>\n<!-- \/ Yoast SEO plugin. -->","yoast_head_json":{"title":"Titre du jour : Seba Reyes enchante avec l'\u00e9nergique et chaleureux Vuelvo hacia el mar - Radio Castor","robots":{"index":"index","follow":"follow","max-snippet":"max-snippet:-1","max-image-preview":"max-image-preview:large","max-video-preview":"max-video-preview:-1"},"canonical":"https:\/\/www.radiocastor.com\/index.php\/titre-du-jour-seba-reyes-enchante-avec-lenergique-et-chaleureux-vuelvo-hacia-el-mar\/","og_locale":"fr_FR","og_type":"article","og_title":"Titre du jour : Seba Reyes enchante avec l'\u00e9nergique et chaleureux Vuelvo hacia el mar - Radio Castor","og_description":"Pour sa toute premi\u00e8re apparition sur RadioCastor, l&rsquo;auteur-compositeur-interpr\u00e8te argentin install\u00e9 \u00e0 Barcelone Seba Reyes d\u00e9voile...","og_url":"https:\/\/www.radiocastor.com\/index.php\/titre-du-jour-seba-reyes-enchante-avec-lenergique-et-chaleureux-vuelvo-hacia-el-mar\/","og_site_name":"Radio Castor","article_publisher":"https:\/\/www.facebook.com\/theradiocastor","article_published_time":"2026-09-03T17:49:35+00:00","article_modified_time":"2026-09-03T17:49:38+00:00","og_image":[{"width":431,"height":431,"url":"https:\/\/www.radiocastor.com\/wp-content\/uploads\/2026\/09\/Seba-Reyes.jpg","type":"image\/jpeg"}],"author":"R\u00e9daction R C","twitter_card":"summary_large_image","twitter_creator":"@TheRadioCastor","twitter_site":"@TheRadioCastor","twitter_misc":{"\u00c9crit par":"R\u00e9daction R C","Dur\u00e9e de lecture estim\u00e9e":"1 minute"},"schema":{"@context":"https:\/\/schema.org","@graph":[{"@type":"Article","@id":"https:\/\/www.radiocastor.com\/index.php\/titre-du-jour-seba-reyes-enchante-avec-lenergique-et-chaleureux-vuelvo-hacia-el-mar\/#article","isPartOf":{"@id":"https:\/\/www.radiocastor.com\/index.php\/titre-du-jour-seba-reyes-enchante-avec-lenergique-et-chaleureux-vuelvo-hacia-el-mar\/"},"author":{"name":"R\u00e9daction R C","@id":"https:\/\/www.radiocastor.com\/#\/schema\/person\/558b0e47dc4c11fa52b2220ba6a78779"},"headline":"Titre du jour : Seba Reyes enchante avec l&rsquo;\u00e9nergique et chaleureux Vuelvo hacia el mar","datePublished":"2026-09-03T17:49:35+00:00","dateModified":"2026-09-03T17:49:38+00:00","mainEntityOfPage":{"@id":"https:\/\/www.radiocastor.com\/index.php\/titre-du-jour-seba-reyes-enchante-avec-lenergique-et-chaleureux-vuelvo-hacia-el-mar\/"},"wordCount":166,"publisher":{"@id":"https:\/\/www.radiocastor.com\/#organization"},"image":{"@id":"https:\/\/www.radiocastor.com\/index.php\/titre-du-jour-seba-reyes-enchante-avec-lenergique-et-chaleureux-vuelvo-hacia-el-mar\/#primaryimage"},"thumbnailUrl":"https:\/\/www.radiocastor.com\/wp-content\/uploads\/2026\/09\/Seba-Reyes.jpg","articleSection":["Titre du jour"],"inLanguage":"fr-FR"},{"@type":"WebPage","@id":"https:\/\/www.radiocastor.com\/index.php\/titre-du-jour-seba-reyes-enchante-avec-lenergique-et-chaleureux-vuelvo-hacia-el-mar\/","url":"https:\/\/www.radiocastor.com\/index.php\/titre-du-jour-seba-reyes-enchante-avec-lenergique-et-chaleureux-vuelvo-hacia-el-mar\/","name":"Titre du jour : Seba Reyes enchante avec l'\u00e9nergique et chaleureux Vuelvo hacia el mar - Radio Castor","isPartOf":{"@id":"https:\/\/www.radiocastor.com\/#website"},"primaryImageOfPage":{"@id":"https:\/\/www.radiocastor.com\/index.php\/titre-du-jour-seba-reyes-enchante-avec-lenergique-et-chaleureux-vuelvo-hacia-el-mar\/#primaryimage"},"image":{"@id":"https:\/\/www.radiocastor.com\/index.php\/titre-du-jour-seba-reyes-enchante-avec-lenergique-et-chaleureux-vuelvo-hacia-el-mar\/#primaryimage"},"thumbnailUrl":"https:\/\/www.radiocastor.com\/wp-content\/uploads\/2026\/09\/Seba-Reyes.jpg","datePublished":"2026-09-03T17:49:35+00:00","dateModified":"2026-09-03T17:49:38+00:00","breadcrumb":{"@id":"https:\/\/www.radiocastor.com\/index.php\/titre-du-jour-seba-reyes-enchante-avec-lenergique-et-chaleureux-vuelvo-hacia-el-mar\/#breadcrumb"},"inLanguage":"fr-FR","potentialAction":[{"@type":"ReadAction","target":["https:\/\/www.radiocastor.com\/index.php\/titre-du-jour-seba-reyes-enchante-avec-lenergique-et-chaleureux-vuelvo-hacia-el-mar\/"]}]},{"@type":"ImageObject","inLanguage":"fr-FR","@id":"https:\/\/www.radiocastor.com\/index.php\/titre-du-jour-seba-reyes-enchante-avec-lenergique-et-chaleureux-vuelvo-hacia-el-mar\/#primaryimage","url":"https:\/\/www.radiocastor.com\/wp-content\/uploads\/2026\/09\/Seba-Reyes.jpg","contentUrl":"https:\/\/www.radiocastor.com\/wp-content\/uploads\/2026\/09\/Seba-Reyes.jpg","width":431,"height":431,"caption":"Seba Reyes"},{"@type":"BreadcrumbList","@id":"https:\/\/www.radiocastor.com\/index.php\/titre-du-jour-seba-reyes-enchante-avec-lenergique-et-chaleureux-vuelvo-hacia-el-mar\/#breadcrumb","itemListElement":[{"@type":"ListItem","position":1,"name":"Accueil","item":"https:\/\/www.radiocastor.com\/"},{"@type":"ListItem","position":2,"name":"Titre du jour : Seba Reyes enchante avec l&rsquo;\u00e9nergique et chaleureux Vuelvo hacia el mar"}]},{"@type":"WebSite","@id":"https:\/\/www.radiocastor.com\/#website","url":"https:\/\/www.radiocastor.com\/","name":"Radio Castor","description":"La voix !","publisher":{"@id":"https:\/\/www.radiocastor.com\/#organization"},"potentialAction":[{"@type":"SearchAction","target":{"@type":"EntryPoint","urlTemplate":"https:\/\/www.radiocastor.com\/?s={search_term_string}"},"query-input":{"@type":"PropertyValueSpecification","valueRequired":true,"valueName":"search_term_string"}}],"inLanguage":"fr-FR"},{"@type":"Organization","@id":"https:\/\/www.radiocastor.com\/#organization","name":"Radio Castor","url":"https:\/\/www.radiocastor.com\/","logo":{"@type":"ImageObject","inLanguage":"fr-FR","@id":"https:\/\/www.radiocastor.com\/#\/schema\/logo\/image\/","url":"https:\/\/www.radiocastor.com\/wp-content\/uploads\/2021\/11\/cropped-Radio-castor-logo-2.png","contentUrl":"https:\/\/www.radiocastor.com\/wp-content\/uploads\/2021\/11\/cropped-Radio-castor-logo-2.png","width":437,"height":219,"caption":"Radio Castor"},"image":{"@id":"https:\/\/www.radiocastor.com\/#\/schema\/logo\/image\/"},"sameAs":["https:\/\/www.facebook.com\/theradiocastor","https:\/\/x.com\/TheRadioCastor","https:\/\/www.instagram.com\/theradiocastor","https:\/\/www.youtube.com\/c\/RadioCastor"]},{"@type":"Person","@id":"https:\/\/www.radiocastor.com\/#\/schema\/person\/558b0e47dc4c11fa52b2220ba6a78779","name":"R\u00e9daction R C","image":{"@type":"ImageObject","inLanguage":"fr-FR","@id":"https:\/\/secure.gravatar.com\/avatar\/1d3e4f4c4a0d129f7ed4838ea20c33760c2484b9bc381993df6c0e3f5bf89c23?s=96&d=mm&r=g","url":"https:\/\/secure.gravatar.com\/avatar\/1d3e4f4c4a0d129f7ed4838ea20c33760c2484b9bc381993df6c0e3f5bf89c23?s=96&d=mm&r=g","contentUrl":"https:\/\/secure.gravatar.com\/avatar\/1d3e4f4c4a0d129f7ed4838ea20c33760c2484b9bc381993df6c0e3f5bf89c23?s=96&d=mm&r=g","caption":"R\u00e9daction R C"},"sameAs":["http:\/\/www.radiocastor.com"],"url":"https:\/\/www.radiocastor.com\/index.php\/author\/radio-castor\/"}]}},"uagb_featured_image_src":{"full":["https:\/\/www.radiocastor.com\/wp-content\/uploads\/2026\/09\/Seba-Reyes.jpg",431,431,false],"thumbnail":["https:\/\/www.radiocastor.com\/wp-content\/uploads\/2026\/09\/Seba-Reyes-150x150.jpg",150,150,true],"medium":["https:\/\/www.radiocastor.com\/wp-content\/uploads\/2026\/09\/Seba-Reyes-300x300.jpg",300,300,true],"medium_large":["https:\/\/www.radiocastor.com\/wp-content\/uploads\/2026\/09\/Seba-Reyes.jpg",431,431,false],"large":["https:\/\/www.radiocastor.com\/wp-content\/uploads\/2026\/09\/Seba-Reyes.jpg",431,431,false],"1536x1536":["https:\/\/www.radiocastor.com\/wp-content\/uploads\/2026\/09\/Seba-Reyes.jpg",431,431,false],"2048x2048":["https:\/\/www.radiocastor.com\/wp-content\/uploads\/2026\/09\/Seba-Reyes.jpg",431,431,false],"newsever-slider-full":["https:\/\/www.radiocastor.com\/wp-content\/uploads\/2026\/09\/Seba-Reyes.jpg",431,431,false],"newsever-featured":["https:\/\/www.radiocastor.com\/wp-content\/uploads\/2026\/09\/Seba-Reyes.jpg",431,431,false],"newsever-medium":["https:\/\/www.radiocastor.com\/wp-content\/uploads\/2026\/09\/Seba-Reyes.jpg",431,431,false]},"uagb_author_info":{"display_name":"R\u00e9daction R C","author_link":"https:\/\/www.radiocastor.com\/index.php\/author\/radio-castor\/"},"uagb_comment_info":0,"uagb_excerpt":"Pour sa toute premi\u00e8re apparition sur RadioCastor, l&rsquo;auteur-compositeur-interpr\u00e8te argentin install\u00e9 \u00e0 Barcelone Seba Reyes d\u00e9voile...","_links":{"self":[{"href":"https:\/\/www.radiocastor.com\/index.php\/wp-json\/wp\/v2\/posts\/17424","targetHints":{"allow":["GET"]}}],"collection":[{"href":"https:\/\/www.radiocastor.com\/index.php\/wp-json\/wp\/v2\/posts"}],"about":[{"href":"https:\/\/www.radiocastor.com\/index.php\/wp-json\/wp\/v2\/types\/post"}],"author":[{"embeddable":true,"href":"https:\/\/www.radiocastor.com\/index.php\/wp-json\/wp\/v2\/users\/1"}],"replies":[{"embeddable":true,"href":"https:\/\/www.radiocastor.com\/index.php\/wp-json\/wp\/v2\/comments?post=17424"}],"version-history":[{"count":1,"href":"https:\/\/www.radiocastor.com\/index.php\/wp-json\/wp\/v2\/posts\/17424\/revisions"}],"predecessor-version":[{"id":17426,"href":"https:\/\/www.radiocastor.com\/index.php\/wp-json\/wp\/v2\/posts\/17424\/revisions\/17426"}],"wp:featuredmedia":[{"embeddable":true,"href":"https:\/\/www.radiocastor.com\/index.php\/wp-json\/wp\/v2\/media\/17425"}],"wp:attachment":[{"href":"https:\/\/www.radiocastor.com\/index.php\/wp-json\/wp\/v2\/media?parent=17424"}],"wp:term":[{"taxonomy":"category","embeddable":true,"href":"https:\/\/www.radiocastor.com\/index.php\/wp-json\/wp\/v2\/categories?post=17424"},{"taxonomy":"post_tag","embeddable":true,"href":"https:\/\/www.radiocastor.com\/index.php\/wp-json\/wp\/v2\/tags?post=17424"}],"curies":[{"name":"wp","href":"https:\/\/api.w.org\/{rel}","templated":true}]}}