{"id":17420,"date":"2026-09-03T19:42:35","date_gmt":"2026-09-03T17:42:35","guid":{"rendered":"https:\/\/www.radiocastor.com\/?p=17420"},"modified":"2026-09-03T19:42:38","modified_gmt":"2026-09-03T17:42:38","slug":"eric-johanson-deploie-un-blues-rock-lourd-et-psychedelique-avec-shake-the-fever","status":"publish","type":"post","link":"https:\/\/www.radiocastor.com\/index.php\/eric-johanson-deploie-un-blues-rock-lourd-et-psychedelique-avec-shake-the-fever\/","title":{"rendered":"Eric Johanson d\u00e9ploie un Blues Rock lourd et psych\u00e9d\u00e9lique avec Shake The Fever"},"content":{"rendered":"\n<div class=\"wp-block-group is-layout-constrained wp-block-group-is-layout-constrained\">\n\n\n<p>Pour sa toute premi\u00e8re apparition sur RadioCastor, le guitariste, auteur-compositeur et interpr\u00e8te originaire de La Nouvelle-Orl\u00e9ans <strong>Eric Johanson<\/strong> d\u00e9voile \u00ab Shake The Fever \u00bb, un single brut et incandescent paru le 28 ao\u00fbt 2026 sous son label Levee Ward Records. Premier extrait de son album \u00e0 venir <em>The Open Bayou<\/em> (attendu pour le 16 octobre), le morceau s&rsquo;\u00e9panouit \u00e0 la crois\u00e9e du Blues Rock, du Rock Psych\u00e9d\u00e9lique et du Garage Rock.<\/p>\n\n\n\n<p>Auto-produit et con\u00e7u en collaboration avec l&rsquo;ing\u00e9nieur du son Bill Skibbe (connu pour son travail aux c\u00f4t\u00e9s de Jack White, The Raconteurs ou The Kills), le titre repose sur une formule power-trio d&rsquo;une efficacit\u00e9 redoutable. \u00c9voquant la hargne et la virtuosit\u00e9 d&rsquo;artistes tels que Gary Clark Jr. ou The Black Keys, \u00ab Shake The Fever \u00bb marie des riffs satur\u00e9s au fuzz, une section rythmique fi\u00e9vreuse et des paroles nocturnes envo\u00fbtantes (\u00ab <em>Can\u2019t shake the fever \/ My heart pounds out through the speaker \/ Make it loud so you believe it<\/em> \u00bb). Une v\u00e9ritable d\u00e9charge d&rsquo;\u00e9nergie \u00e9lectrique, authentique et sans concession.<\/p>\n\n\n\n<p><em>\u00c0 \u00e9couter sur <a href=\"https:\/\/www.radiocastor.com\/index.php\/playlist\/\" target=\"_blank\" rel=\"noreferrer noopener\">nos playlists<\/a> !<\/em><\/p>\n\n\n\n<figure class=\"wp-block-embed is-type-video is-provider-youtube wp-block-embed-youtube wp-embed-aspect-16-9 wp-has-aspect-ratio\"><div class=\"wp-block-embed__wrapper\">\n<iframe loading=\"lazy\" title=\"Eric Johanson - Shake the Fever (Official Lyric Video)\" width=\"640\" height=\"360\" src=\"https:\/\/www.youtube.com\/embed\/s1b5gs2iVVM?feature=oembed\" frameborder=\"0\" allow=\"accelerometer; autoplay; clipboard-write; encrypted-media; gyroscope; picture-in-picture; web-share\" referrerpolicy=\"strict-origin-when-cross-origin\" allowfullscreen><\/iframe>\n<\/div><\/figure>\n\n\n\n<p class=\"has-text-align-center\"><a href=\"https:\/\/www.facebook.com\/EricJohanson504\/\" target=\"_blank\" rel=\"noreferrer noopener\">Facebook<\/a> | <a href=\"https:\/\/www.instagram.com\/ericjohanson504\" target=\"_blank\" rel=\"noreferrer noopener\">Instagram<\/a> | <a href=\"https:\/\/x.com\/ericjohanson504\" target=\"_blank\" rel=\"noreferrer noopener\">X<\/a><\/p>\n\n\n<\/div>\n","protected":false},"excerpt":{"rendered":"<p>Pour sa toute premi\u00e8re apparition sur RadioCastor, le guitariste, auteur-compositeur et interpr\u00e8te originaire de La&#8230;<\/p>\n","protected":false},"author":1,"featured_media":17421,"comment_status":"closed","ping_status":"open","sticky":false,"template":"","format":"standard","meta":{"_uag_custom_page_level_css":"","footnotes":""},"categories":[25,5,32,46],"tags":[],"class_list":["post-17420","post","type-post","status-publish","format-standard","has-post-thumbnail","hentry","category-blues","category-rock","category-single","category-sortie"],"yoast_head":"<!-- This site is optimized with the Yoast SEO plugin v28.4 - https:\/\/yoast.com\/product\/yoast-seo-wordpress\/ -->\n<title>Eric Johanson d\u00e9ploie un Blues Rock lourd et psych\u00e9d\u00e9lique avec Shake The Fever - Radio Castor<\/title>\n<meta name=\"robots\" content=\"index, follow, max-snippet:-1, max-image-preview:large, max-video-preview:-1\" \/>\n<link rel=\"canonical\" href=\"https:\/\/www.radiocastor.com\/index.php\/eric-johanson-deploie-un-blues-rock-lourd-et-psychedelique-avec-shake-the-fever\/\" \/>\n<meta property=\"og:locale\" content=\"fr_FR\" \/>\n<meta property=\"og:type\" content=\"article\" \/>\n<meta property=\"og:title\" content=\"Eric Johanson d\u00e9ploie un Blues Rock lourd et psych\u00e9d\u00e9lique avec Shake The Fever - Radio Castor\" \/>\n<meta property=\"og:description\" content=\"Pour sa toute premi\u00e8re apparition sur RadioCastor, le guitariste, auteur-compositeur et interpr\u00e8te originaire de La...\" \/>\n<meta property=\"og:url\" content=\"https:\/\/www.radiocastor.com\/index.php\/eric-johanson-deploie-un-blues-rock-lourd-et-psychedelique-avec-shake-the-fever\/\" \/>\n<meta property=\"og:site_name\" content=\"Radio Castor\" \/>\n<meta property=\"article:publisher\" content=\"https:\/\/www.facebook.com\/theradiocastor\" \/>\n<meta property=\"article:published_time\" content=\"2026-09-03T17:42:35+00:00\" \/>\n<meta property=\"article:modified_time\" content=\"2026-09-03T17:42:38+00:00\" \/>\n<meta property=\"og:image\" content=\"https:\/\/www.radiocastor.com\/wp-content\/uploads\/2026\/09\/Screenshot-2026-09-03-at-19-38-33-Facebook.png\" \/>\n\t<meta property=\"og:image:width\" content=\"862\" \/>\n\t<meta property=\"og:image:height\" content=\"517\" \/>\n\t<meta property=\"og:image:type\" content=\"image\/png\" \/>\n<meta name=\"author\" content=\"R\u00e9daction R C\" \/>\n<meta name=\"twitter:card\" content=\"summary_large_image\" \/>\n<meta name=\"twitter:creator\" content=\"@TheRadioCastor\" \/>\n<meta name=\"twitter:site\" content=\"@TheRadioCastor\" \/>\n<meta name=\"twitter:label1\" content=\"\u00c9crit par\" \/>\n\t<meta name=\"twitter:data1\" content=\"R\u00e9daction R C\" \/>\n\t<meta name=\"twitter:label2\" content=\"Dur\u00e9e de lecture estim\u00e9e\" \/>\n\t<meta name=\"twitter:data2\" content=\"2 minutes\" \/>\n<script type=\"application\/ld+json\" class=\"yoast-schema-graph\">{\"@context\":\"https:\\\/\\\/schema.org\",\"@graph\":[{\"@type\":\"Article\",\"@id\":\"https:\\\/\\\/www.radiocastor.com\\\/index.php\\\/eric-johanson-deploie-un-blues-rock-lourd-et-psychedelique-avec-shake-the-fever\\\/#article\",\"isPartOf\":{\"@id\":\"https:\\\/\\\/www.radiocastor.com\\\/index.php\\\/eric-johanson-deploie-un-blues-rock-lourd-et-psychedelique-avec-shake-the-fever\\\/\"},\"author\":{\"name\":\"R\u00e9daction R C\",\"@id\":\"https:\\\/\\\/www.radiocastor.com\\\/#\\\/schema\\\/person\\\/558b0e47dc4c11fa52b2220ba6a78779\"},\"headline\":\"Eric Johanson d\u00e9ploie un Blues Rock lourd et psych\u00e9d\u00e9lique avec Shake The Fever\",\"datePublished\":\"2026-09-03T17:42:35+00:00\",\"dateModified\":\"2026-09-03T17:42:38+00:00\",\"mainEntityOfPage\":{\"@id\":\"https:\\\/\\\/www.radiocastor.com\\\/index.php\\\/eric-johanson-deploie-un-blues-rock-lourd-et-psychedelique-avec-shake-the-fever\\\/\"},\"wordCount\":219,\"publisher\":{\"@id\":\"https:\\\/\\\/www.radiocastor.com\\\/#organization\"},\"image\":{\"@id\":\"https:\\\/\\\/www.radiocastor.com\\\/index.php\\\/eric-johanson-deploie-un-blues-rock-lourd-et-psychedelique-avec-shake-the-fever\\\/#primaryimage\"},\"thumbnailUrl\":\"https:\\\/\\\/www.radiocastor.com\\\/wp-content\\\/uploads\\\/2026\\\/09\\\/Screenshot-2026-09-03-at-19-38-33-Facebook.png\",\"articleSection\":[\"Blues\",\"Rock\",\"Single\",\"Sortie\"],\"inLanguage\":\"fr-FR\"},{\"@type\":\"WebPage\",\"@id\":\"https:\\\/\\\/www.radiocastor.com\\\/index.php\\\/eric-johanson-deploie-un-blues-rock-lourd-et-psychedelique-avec-shake-the-fever\\\/\",\"url\":\"https:\\\/\\\/www.radiocastor.com\\\/index.php\\\/eric-johanson-deploie-un-blues-rock-lourd-et-psychedelique-avec-shake-the-fever\\\/\",\"name\":\"Eric Johanson d\u00e9ploie un Blues Rock lourd et psych\u00e9d\u00e9lique avec Shake The Fever - Radio Castor\",\"isPartOf\":{\"@id\":\"https:\\\/\\\/www.radiocastor.com\\\/#website\"},\"primaryImageOfPage\":{\"@id\":\"https:\\\/\\\/www.radiocastor.com\\\/index.php\\\/eric-johanson-deploie-un-blues-rock-lourd-et-psychedelique-avec-shake-the-fever\\\/#primaryimage\"},\"image\":{\"@id\":\"https:\\\/\\\/www.radiocastor.com\\\/index.php\\\/eric-johanson-deploie-un-blues-rock-lourd-et-psychedelique-avec-shake-the-fever\\\/#primaryimage\"},\"thumbnailUrl\":\"https:\\\/\\\/www.radiocastor.com\\\/wp-content\\\/uploads\\\/2026\\\/09\\\/Screenshot-2026-09-03-at-19-38-33-Facebook.png\",\"datePublished\":\"2026-09-03T17:42:35+00:00\",\"dateModified\":\"2026-09-03T17:42:38+00:00\",\"breadcrumb\":{\"@id\":\"https:\\\/\\\/www.radiocastor.com\\\/index.php\\\/eric-johanson-deploie-un-blues-rock-lourd-et-psychedelique-avec-shake-the-fever\\\/#breadcrumb\"},\"inLanguage\":\"fr-FR\",\"potentialAction\":[{\"@type\":\"ReadAction\",\"target\":[\"https:\\\/\\\/www.radiocastor.com\\\/index.php\\\/eric-johanson-deploie-un-blues-rock-lourd-et-psychedelique-avec-shake-the-fever\\\/\"]}]},{\"@type\":\"ImageObject\",\"inLanguage\":\"fr-FR\",\"@id\":\"https:\\\/\\\/www.radiocastor.com\\\/index.php\\\/eric-johanson-deploie-un-blues-rock-lourd-et-psychedelique-avec-shake-the-fever\\\/#primaryimage\",\"url\":\"https:\\\/\\\/www.radiocastor.com\\\/wp-content\\\/uploads\\\/2026\\\/09\\\/Screenshot-2026-09-03-at-19-38-33-Facebook.png\",\"contentUrl\":\"https:\\\/\\\/www.radiocastor.com\\\/wp-content\\\/uploads\\\/2026\\\/09\\\/Screenshot-2026-09-03-at-19-38-33-Facebook.png\",\"width\":862,\"height\":517,\"caption\":\"Eric Johanson\"},{\"@type\":\"BreadcrumbList\",\"@id\":\"https:\\\/\\\/www.radiocastor.com\\\/index.php\\\/eric-johanson-deploie-un-blues-rock-lourd-et-psychedelique-avec-shake-the-fever\\\/#breadcrumb\",\"itemListElement\":[{\"@type\":\"ListItem\",\"position\":1,\"name\":\"Accueil\",\"item\":\"https:\\\/\\\/www.radiocastor.com\\\/\"},{\"@type\":\"ListItem\",\"position\":2,\"name\":\"Eric Johanson d\u00e9ploie un Blues Rock lourd et psych\u00e9d\u00e9lique avec Shake The Fever\"}]},{\"@type\":\"WebSite\",\"@id\":\"https:\\\/\\\/www.radiocastor.com\\\/#website\",\"url\":\"https:\\\/\\\/www.radiocastor.com\\\/\",\"name\":\"Radio Castor\",\"description\":\"La voix !\",\"publisher\":{\"@id\":\"https:\\\/\\\/www.radiocastor.com\\\/#organization\"},\"potentialAction\":[{\"@type\":\"SearchAction\",\"target\":{\"@type\":\"EntryPoint\",\"urlTemplate\":\"https:\\\/\\\/www.radiocastor.com\\\/?s={search_term_string}\"},\"query-input\":{\"@type\":\"PropertyValueSpecification\",\"valueRequired\":true,\"valueName\":\"search_term_string\"}}],\"inLanguage\":\"fr-FR\"},{\"@type\":\"Organization\",\"@id\":\"https:\\\/\\\/www.radiocastor.com\\\/#organization\",\"name\":\"Radio Castor\",\"url\":\"https:\\\/\\\/www.radiocastor.com\\\/\",\"logo\":{\"@type\":\"ImageObject\",\"inLanguage\":\"fr-FR\",\"@id\":\"https:\\\/\\\/www.radiocastor.com\\\/#\\\/schema\\\/logo\\\/image\\\/\",\"url\":\"https:\\\/\\\/www.radiocastor.com\\\/wp-content\\\/uploads\\\/2021\\\/11\\\/cropped-Radio-castor-logo-2.png\",\"contentUrl\":\"https:\\\/\\\/www.radiocastor.com\\\/wp-content\\\/uploads\\\/2021\\\/11\\\/cropped-Radio-castor-logo-2.png\",\"width\":437,\"height\":219,\"caption\":\"Radio Castor\"},\"image\":{\"@id\":\"https:\\\/\\\/www.radiocastor.com\\\/#\\\/schema\\\/logo\\\/image\\\/\"},\"sameAs\":[\"https:\\\/\\\/www.facebook.com\\\/theradiocastor\",\"https:\\\/\\\/x.com\\\/TheRadioCastor\",\"https:\\\/\\\/www.instagram.com\\\/theradiocastor\",\"https:\\\/\\\/www.youtube.com\\\/c\\\/RadioCastor\"]},{\"@type\":\"Person\",\"@id\":\"https:\\\/\\\/www.radiocastor.com\\\/#\\\/schema\\\/person\\\/558b0e47dc4c11fa52b2220ba6a78779\",\"name\":\"R\u00e9daction R C\",\"image\":{\"@type\":\"ImageObject\",\"inLanguage\":\"fr-FR\",\"@id\":\"https:\\\/\\\/secure.gravatar.com\\\/avatar\\\/1d3e4f4c4a0d129f7ed4838ea20c33760c2484b9bc381993df6c0e3f5bf89c23?s=96&d=mm&r=g\",\"url\":\"https:\\\/\\\/secure.gravatar.com\\\/avatar\\\/1d3e4f4c4a0d129f7ed4838ea20c33760c2484b9bc381993df6c0e3f5bf89c23?s=96&d=mm&r=g\",\"contentUrl\":\"https:\\\/\\\/secure.gravatar.com\\\/avatar\\\/1d3e4f4c4a0d129f7ed4838ea20c33760c2484b9bc381993df6c0e3f5bf89c23?s=96&d=mm&r=g\",\"caption\":\"R\u00e9daction R C\"},\"sameAs\":[\"http:\\\/\\\/www.radiocastor.com\"],\"url\":\"https:\\\/\\\/www.radiocastor.com\\\/index.php\\\/author\\\/radio-castor\\\/\"}]}<\/script>\n<!-- \/ Yoast SEO plugin. -->","yoast_head_json":{"title":"Eric Johanson d\u00e9ploie un Blues Rock lourd et psych\u00e9d\u00e9lique avec Shake The Fever - Radio Castor","robots":{"index":"index","follow":"follow","max-snippet":"max-snippet:-1","max-image-preview":"max-image-preview:large","max-video-preview":"max-video-preview:-1"},"canonical":"https:\/\/www.radiocastor.com\/index.php\/eric-johanson-deploie-un-blues-rock-lourd-et-psychedelique-avec-shake-the-fever\/","og_locale":"fr_FR","og_type":"article","og_title":"Eric Johanson d\u00e9ploie un Blues Rock lourd et psych\u00e9d\u00e9lique avec Shake The Fever - Radio Castor","og_description":"Pour sa toute premi\u00e8re apparition sur RadioCastor, le guitariste, auteur-compositeur et interpr\u00e8te originaire de La...","og_url":"https:\/\/www.radiocastor.com\/index.php\/eric-johanson-deploie-un-blues-rock-lourd-et-psychedelique-avec-shake-the-fever\/","og_site_name":"Radio Castor","article_publisher":"https:\/\/www.facebook.com\/theradiocastor","article_published_time":"2026-09-03T17:42:35+00:00","article_modified_time":"2026-09-03T17:42:38+00:00","og_image":[{"width":862,"height":517,"url":"https:\/\/www.radiocastor.com\/wp-content\/uploads\/2026\/09\/Screenshot-2026-09-03-at-19-38-33-Facebook.png","type":"image\/png"}],"author":"R\u00e9daction R C","twitter_card":"summary_large_image","twitter_creator":"@TheRadioCastor","twitter_site":"@TheRadioCastor","twitter_misc":{"\u00c9crit par":"R\u00e9daction R C","Dur\u00e9e de lecture estim\u00e9e":"2 minutes"},"schema":{"@context":"https:\/\/schema.org","@graph":[{"@type":"Article","@id":"https:\/\/www.radiocastor.com\/index.php\/eric-johanson-deploie-un-blues-rock-lourd-et-psychedelique-avec-shake-the-fever\/#article","isPartOf":{"@id":"https:\/\/www.radiocastor.com\/index.php\/eric-johanson-deploie-un-blues-rock-lourd-et-psychedelique-avec-shake-the-fever\/"},"author":{"name":"R\u00e9daction R C","@id":"https:\/\/www.radiocastor.com\/#\/schema\/person\/558b0e47dc4c11fa52b2220ba6a78779"},"headline":"Eric Johanson d\u00e9ploie un Blues Rock lourd et psych\u00e9d\u00e9lique avec Shake The Fever","datePublished":"2026-09-03T17:42:35+00:00","dateModified":"2026-09-03T17:42:38+00:00","mainEntityOfPage":{"@id":"https:\/\/www.radiocastor.com\/index.php\/eric-johanson-deploie-un-blues-rock-lourd-et-psychedelique-avec-shake-the-fever\/"},"wordCount":219,"publisher":{"@id":"https:\/\/www.radiocastor.com\/#organization"},"image":{"@id":"https:\/\/www.radiocastor.com\/index.php\/eric-johanson-deploie-un-blues-rock-lourd-et-psychedelique-avec-shake-the-fever\/#primaryimage"},"thumbnailUrl":"https:\/\/www.radiocastor.com\/wp-content\/uploads\/2026\/09\/Screenshot-2026-09-03-at-19-38-33-Facebook.png","articleSection":["Blues","Rock","Single","Sortie"],"inLanguage":"fr-FR"},{"@type":"WebPage","@id":"https:\/\/www.radiocastor.com\/index.php\/eric-johanson-deploie-un-blues-rock-lourd-et-psychedelique-avec-shake-the-fever\/","url":"https:\/\/www.radiocastor.com\/index.php\/eric-johanson-deploie-un-blues-rock-lourd-et-psychedelique-avec-shake-the-fever\/","name":"Eric Johanson d\u00e9ploie un Blues Rock lourd et psych\u00e9d\u00e9lique avec Shake The Fever - Radio Castor","isPartOf":{"@id":"https:\/\/www.radiocastor.com\/#website"},"primaryImageOfPage":{"@id":"https:\/\/www.radiocastor.com\/index.php\/eric-johanson-deploie-un-blues-rock-lourd-et-psychedelique-avec-shake-the-fever\/#primaryimage"},"image":{"@id":"https:\/\/www.radiocastor.com\/index.php\/eric-johanson-deploie-un-blues-rock-lourd-et-psychedelique-avec-shake-the-fever\/#primaryimage"},"thumbnailUrl":"https:\/\/www.radiocastor.com\/wp-content\/uploads\/2026\/09\/Screenshot-2026-09-03-at-19-38-33-Facebook.png","datePublished":"2026-09-03T17:42:35+00:00","dateModified":"2026-09-03T17:42:38+00:00","breadcrumb":{"@id":"https:\/\/www.radiocastor.com\/index.php\/eric-johanson-deploie-un-blues-rock-lourd-et-psychedelique-avec-shake-the-fever\/#breadcrumb"},"inLanguage":"fr-FR","potentialAction":[{"@type":"ReadAction","target":["https:\/\/www.radiocastor.com\/index.php\/eric-johanson-deploie-un-blues-rock-lourd-et-psychedelique-avec-shake-the-fever\/"]}]},{"@type":"ImageObject","inLanguage":"fr-FR","@id":"https:\/\/www.radiocastor.com\/index.php\/eric-johanson-deploie-un-blues-rock-lourd-et-psychedelique-avec-shake-the-fever\/#primaryimage","url":"https:\/\/www.radiocastor.com\/wp-content\/uploads\/2026\/09\/Screenshot-2026-09-03-at-19-38-33-Facebook.png","contentUrl":"https:\/\/www.radiocastor.com\/wp-content\/uploads\/2026\/09\/Screenshot-2026-09-03-at-19-38-33-Facebook.png","width":862,"height":517,"caption":"Eric Johanson"},{"@type":"BreadcrumbList","@id":"https:\/\/www.radiocastor.com\/index.php\/eric-johanson-deploie-un-blues-rock-lourd-et-psychedelique-avec-shake-the-fever\/#breadcrumb","itemListElement":[{"@type":"ListItem","position":1,"name":"Accueil","item":"https:\/\/www.radiocastor.com\/"},{"@type":"ListItem","position":2,"name":"Eric Johanson d\u00e9ploie un Blues Rock lourd et psych\u00e9d\u00e9lique avec Shake The Fever"}]},{"@type":"WebSite","@id":"https:\/\/www.radiocastor.com\/#website","url":"https:\/\/www.radiocastor.com\/","name":"Radio Castor","description":"La voix !","publisher":{"@id":"https:\/\/www.radiocastor.com\/#organization"},"potentialAction":[{"@type":"SearchAction","target":{"@type":"EntryPoint","urlTemplate":"https:\/\/www.radiocastor.com\/?s={search_term_string}"},"query-input":{"@type":"PropertyValueSpecification","valueRequired":true,"valueName":"search_term_string"}}],"inLanguage":"fr-FR"},{"@type":"Organization","@id":"https:\/\/www.radiocastor.com\/#organization","name":"Radio Castor","url":"https:\/\/www.radiocastor.com\/","logo":{"@type":"ImageObject","inLanguage":"fr-FR","@id":"https:\/\/www.radiocastor.com\/#\/schema\/logo\/image\/","url":"https:\/\/www.radiocastor.com\/wp-content\/uploads\/2021\/11\/cropped-Radio-castor-logo-2.png","contentUrl":"https:\/\/www.radiocastor.com\/wp-content\/uploads\/2021\/11\/cropped-Radio-castor-logo-2.png","width":437,"height":219,"caption":"Radio Castor"},"image":{"@id":"https:\/\/www.radiocastor.com\/#\/schema\/logo\/image\/"},"sameAs":["https:\/\/www.facebook.com\/theradiocastor","https:\/\/x.com\/TheRadioCastor","https:\/\/www.instagram.com\/theradiocastor","https:\/\/www.youtube.com\/c\/RadioCastor"]},{"@type":"Person","@id":"https:\/\/www.radiocastor.com\/#\/schema\/person\/558b0e47dc4c11fa52b2220ba6a78779","name":"R\u00e9daction R C","image":{"@type":"ImageObject","inLanguage":"fr-FR","@id":"https:\/\/secure.gravatar.com\/avatar\/1d3e4f4c4a0d129f7ed4838ea20c33760c2484b9bc381993df6c0e3f5bf89c23?s=96&d=mm&r=g","url":"https:\/\/secure.gravatar.com\/avatar\/1d3e4f4c4a0d129f7ed4838ea20c33760c2484b9bc381993df6c0e3f5bf89c23?s=96&d=mm&r=g","contentUrl":"https:\/\/secure.gravatar.com\/avatar\/1d3e4f4c4a0d129f7ed4838ea20c33760c2484b9bc381993df6c0e3f5bf89c23?s=96&d=mm&r=g","caption":"R\u00e9daction R C"},"sameAs":["http:\/\/www.radiocastor.com"],"url":"https:\/\/www.radiocastor.com\/index.php\/author\/radio-castor\/"}]}},"uagb_featured_image_src":{"full":["https:\/\/www.radiocastor.com\/wp-content\/uploads\/2026\/09\/Screenshot-2026-09-03-at-19-38-33-Facebook.png",862,517,false],"thumbnail":["https:\/\/www.radiocastor.com\/wp-content\/uploads\/2026\/09\/Screenshot-2026-09-03-at-19-38-33-Facebook-150x150.png",150,150,true],"medium":["https:\/\/www.radiocastor.com\/wp-content\/uploads\/2026\/09\/Screenshot-2026-09-03-at-19-38-33-Facebook-300x180.png",300,180,true],"medium_large":["https:\/\/www.radiocastor.com\/wp-content\/uploads\/2026\/09\/Screenshot-2026-09-03-at-19-38-33-Facebook-768x461.png",640,384,true],"large":["https:\/\/www.radiocastor.com\/wp-content\/uploads\/2026\/09\/Screenshot-2026-09-03-at-19-38-33-Facebook.png",640,384,false],"1536x1536":["https:\/\/www.radiocastor.com\/wp-content\/uploads\/2026\/09\/Screenshot-2026-09-03-at-19-38-33-Facebook.png",862,517,false],"2048x2048":["https:\/\/www.radiocastor.com\/wp-content\/uploads\/2026\/09\/Screenshot-2026-09-03-at-19-38-33-Facebook.png",862,517,false],"newsever-slider-full":["https:\/\/www.radiocastor.com\/wp-content\/uploads\/2026\/09\/Screenshot-2026-09-03-at-19-38-33-Facebook.png",862,517,false],"newsever-featured":["https:\/\/www.radiocastor.com\/wp-content\/uploads\/2026\/09\/Screenshot-2026-09-03-at-19-38-33-Facebook.png",862,517,false],"newsever-medium":["https:\/\/www.radiocastor.com\/wp-content\/uploads\/2026\/09\/Screenshot-2026-09-03-at-19-38-33-Facebook-720x475.png",720,475,true]},"uagb_author_info":{"display_name":"R\u00e9daction R C","author_link":"https:\/\/www.radiocastor.com\/index.php\/author\/radio-castor\/"},"uagb_comment_info":0,"uagb_excerpt":"Pour sa toute premi\u00e8re apparition sur RadioCastor, le guitariste, auteur-compositeur et interpr\u00e8te originaire de La...","_links":{"self":[{"href":"https:\/\/www.radiocastor.com\/index.php\/wp-json\/wp\/v2\/posts\/17420","targetHints":{"allow":["GET"]}}],"collection":[{"href":"https:\/\/www.radiocastor.com\/index.php\/wp-json\/wp\/v2\/posts"}],"about":[{"href":"https:\/\/www.radiocastor.com\/index.php\/wp-json\/wp\/v2\/types\/post"}],"author":[{"embeddable":true,"href":"https:\/\/www.radiocastor.com\/index.php\/wp-json\/wp\/v2\/users\/1"}],"replies":[{"embeddable":true,"href":"https:\/\/www.radiocastor.com\/index.php\/wp-json\/wp\/v2\/comments?post=17420"}],"version-history":[{"count":1,"href":"https:\/\/www.radiocastor.com\/index.php\/wp-json\/wp\/v2\/posts\/17420\/revisions"}],"predecessor-version":[{"id":17422,"href":"https:\/\/www.radiocastor.com\/index.php\/wp-json\/wp\/v2\/posts\/17420\/revisions\/17422"}],"wp:featuredmedia":[{"embeddable":true,"href":"https:\/\/www.radiocastor.com\/index.php\/wp-json\/wp\/v2\/media\/17421"}],"wp:attachment":[{"href":"https:\/\/www.radiocastor.com\/index.php\/wp-json\/wp\/v2\/media?parent=17420"}],"wp:term":[{"taxonomy":"category","embeddable":true,"href":"https:\/\/www.radiocastor.com\/index.php\/wp-json\/wp\/v2\/categories?post=17420"},{"taxonomy":"post_tag","embeddable":true,"href":"https:\/\/www.radiocastor.com\/index.php\/wp-json\/wp\/v2\/tags?post=17420"}],"curies":[{"name":"wp","href":"https:\/\/api.w.org\/{rel}","templated":true}]}}