{"id":17381,"date":"2026-09-03T17:57:16","date_gmt":"2026-09-03T15:57:16","guid":{"rendered":"https:\/\/www.radiocastor.com\/?p=17381"},"modified":"2026-09-03T17:57:19","modified_gmt":"2026-09-03T15:57:19","slug":"kelly-morris-partage-une-reflexion-poignante-et-patriotique-dans-lemouvant-my-america","status":"publish","type":"post","link":"https:\/\/www.radiocastor.com\/index.php\/kelly-morris-partage-une-reflexion-poignante-et-patriotique-dans-lemouvant-my-america\/","title":{"rendered":"Kelly Morris partage une r\u00e9flexion poignante et patriotique dans l\u2019\u00e9mouvant My America"},"content":{"rendered":"\n<div class=\"wp-block-group is-layout-constrained wp-block-group-is-layout-constrained\">\n\n\n<p>Pour sa toute premi\u00e8re apparition sur RadioCastor, l\u2019auteure-compositrice-interpr\u00e8te et pianiste <strong>Kelly Morris<\/strong> (\u00e9galement connue sous le nom de Kelly Patrice Pate) pr\u00e9sente \u00ab My America \u00bb, un projet musical d&rsquo;une profondeur \u00e9motionnelle singuli\u00e8re paru le 20 ao\u00fbt 2026. S&rsquo;inscrivant dans un registre Singer-Songwriter et Adult Contemporary, le titre offre une m\u00e9ditation intime et vibrante sur la m\u00e9moire et la transmission.<\/p>\n\n\n\n<p>N\u00e9e du souvenir ind\u00e9l\u00e9bile du 11 septembre 2001 \u2014 alors que l&rsquo;artiste \u00e9tait une jeune enseignante assistant avec ses \u00e9l\u00e8ves \u00e0 l&rsquo;incroyable choc de cet \u00e9v\u00e9nement \u2014, la chanson avait \u00e9t\u00e9 enregistr\u00e9e il y a plusieurs ann\u00e9es avant d&rsquo;\u00eatre mise de c\u00f4t\u00e9 durant son parcours aupr\u00e8s des forces arm\u00e9es. \u00c0 l&rsquo;approche du 25e anniversaire de cette trag\u00e9die, Kelly Morris redonne vie \u00e0 ce morceau \u00e0 travers un hommage visuel et musical \u00e9pur\u00e9. Port\u00e9 par un arrangement d\u00e9licat au piano et une interpr\u00e9tation vocale empreinte de ferveur spirituelle, \u00ab My America \u00bb interroge avec pudeur l&rsquo;h\u00e9ritage des g\u00e9n\u00e9rations pass\u00e9es et le sens de la libert\u00e9, livrant un message universel de r\u00e9flexion et d&rsquo;espoir.<\/p>\n\n\n\n<p><em>\u00c0 \u00e9couter sur <a href=\"https:\/\/www.radiocastor.com\/index.php\/playlist\/\" target=\"_blank\" rel=\"noreferrer noopener\">nos playlists<\/a> !<\/em><\/p>\n\n\n\n<figure class=\"wp-block-embed is-type-video is-provider-youtube wp-block-embed-youtube wp-embed-aspect-16-9 wp-has-aspect-ratio\"><div class=\"wp-block-embed__wrapper\">\n<iframe loading=\"lazy\" title=\"My America by Kelly Patrice Pate (Kelly Morris)\" width=\"640\" height=\"360\" src=\"https:\/\/www.youtube.com\/embed\/X8G42ZZ6Ihg?feature=oembed\" frameborder=\"0\" allow=\"accelerometer; autoplay; clipboard-write; encrypted-media; gyroscope; picture-in-picture; web-share\" referrerpolicy=\"strict-origin-when-cross-origin\" allowfullscreen><\/iframe>\n<\/div><\/figure>\n\n\n<\/div>\n","protected":false},"excerpt":{"rendered":"<p>Pour sa toute premi\u00e8re apparition sur RadioCastor, l\u2019auteure-compositrice-interpr\u00e8te et pianiste Kelly Morris (\u00e9galement connue sous&#8230;<\/p>\n","protected":false},"author":1,"featured_media":17382,"comment_status":"closed","ping_status":"open","sticky":false,"template":"","format":"standard","meta":{"_uag_custom_page_level_css":"","footnotes":""},"categories":[94,4,32,46],"tags":[],"class_list":["post-17381","post","type-post","status-publish","format-standard","has-post-thumbnail","hentry","category-auteur","category-pop","category-single","category-sortie"],"yoast_head":"<!-- This site is optimized with the Yoast SEO plugin v28.4 - https:\/\/yoast.com\/product\/yoast-seo-wordpress\/ -->\n<title>Kelly Morris partage une r\u00e9flexion poignante et patriotique dans l\u2019\u00e9mouvant My America - Radio Castor<\/title>\n<meta name=\"robots\" content=\"index, follow, max-snippet:-1, max-image-preview:large, max-video-preview:-1\" \/>\n<link rel=\"canonical\" href=\"https:\/\/www.radiocastor.com\/index.php\/kelly-morris-partage-une-reflexion-poignante-et-patriotique-dans-lemouvant-my-america\/\" \/>\n<meta property=\"og:locale\" content=\"fr_FR\" \/>\n<meta property=\"og:type\" content=\"article\" \/>\n<meta property=\"og:title\" content=\"Kelly Morris partage une r\u00e9flexion poignante et patriotique dans l\u2019\u00e9mouvant My America - Radio Castor\" \/>\n<meta property=\"og:description\" content=\"Pour sa toute premi\u00e8re apparition sur RadioCastor, l\u2019auteure-compositrice-interpr\u00e8te et pianiste Kelly Morris (\u00e9galement connue sous...\" \/>\n<meta property=\"og:url\" content=\"https:\/\/www.radiocastor.com\/index.php\/kelly-morris-partage-une-reflexion-poignante-et-patriotique-dans-lemouvant-my-america\/\" \/>\n<meta property=\"og:site_name\" content=\"Radio Castor\" \/>\n<meta property=\"article:publisher\" content=\"https:\/\/www.facebook.com\/theradiocastor\" \/>\n<meta property=\"article:published_time\" content=\"2026-09-03T15:57:16+00:00\" \/>\n<meta property=\"article:modified_time\" content=\"2026-09-03T15:57:19+00:00\" \/>\n<meta property=\"og:image\" content=\"https:\/\/www.radiocastor.com\/wp-content\/uploads\/2026\/09\/Screenshot-2026-09-03-at-17-54-49-myakellypmorrisusa-dq6yamh.jpg-Image-JPEG-985-\u00d7-1208-pixels-Redimensionnee-77.png\" \/>\n\t<meta property=\"og:image:width\" content=\"759\" \/>\n\t<meta property=\"og:image:height\" content=\"719\" \/>\n\t<meta property=\"og:image:type\" content=\"image\/png\" \/>\n<meta name=\"author\" content=\"R\u00e9daction R C\" \/>\n<meta name=\"twitter:card\" content=\"summary_large_image\" \/>\n<meta name=\"twitter:creator\" content=\"@TheRadioCastor\" \/>\n<meta name=\"twitter:site\" content=\"@TheRadioCastor\" \/>\n<meta name=\"twitter:label1\" content=\"\u00c9crit par\" \/>\n\t<meta name=\"twitter:data1\" content=\"R\u00e9daction R C\" \/>\n\t<meta name=\"twitter:label2\" content=\"Dur\u00e9e de lecture estim\u00e9e\" \/>\n\t<meta name=\"twitter:data2\" content=\"2 minutes\" \/>\n<script type=\"application\/ld+json\" class=\"yoast-schema-graph\">{\"@context\":\"https:\\\/\\\/schema.org\",\"@graph\":[{\"@type\":\"Article\",\"@id\":\"https:\\\/\\\/www.radiocastor.com\\\/index.php\\\/kelly-morris-partage-une-reflexion-poignante-et-patriotique-dans-lemouvant-my-america\\\/#article\",\"isPartOf\":{\"@id\":\"https:\\\/\\\/www.radiocastor.com\\\/index.php\\\/kelly-morris-partage-une-reflexion-poignante-et-patriotique-dans-lemouvant-my-america\\\/\"},\"author\":{\"name\":\"R\u00e9daction R C\",\"@id\":\"https:\\\/\\\/www.radiocastor.com\\\/#\\\/schema\\\/person\\\/558b0e47dc4c11fa52b2220ba6a78779\"},\"headline\":\"Kelly Morris partage une r\u00e9flexion poignante et patriotique dans l\u2019\u00e9mouvant My America\",\"datePublished\":\"2026-09-03T15:57:16+00:00\",\"dateModified\":\"2026-09-03T15:57:19+00:00\",\"mainEntityOfPage\":{\"@id\":\"https:\\\/\\\/www.radiocastor.com\\\/index.php\\\/kelly-morris-partage-une-reflexion-poignante-et-patriotique-dans-lemouvant-my-america\\\/\"},\"wordCount\":223,\"publisher\":{\"@id\":\"https:\\\/\\\/www.radiocastor.com\\\/#organization\"},\"image\":{\"@id\":\"https:\\\/\\\/www.radiocastor.com\\\/index.php\\\/kelly-morris-partage-une-reflexion-poignante-et-patriotique-dans-lemouvant-my-america\\\/#primaryimage\"},\"thumbnailUrl\":\"https:\\\/\\\/www.radiocastor.com\\\/wp-content\\\/uploads\\\/2026\\\/09\\\/Screenshot-2026-09-03-at-17-54-49-myakellypmorrisusa-dq6yamh.jpg-Image-JPEG-985-\u00d7-1208-pixels-Redimensionnee-77.png\",\"articleSection\":[\"Auteur\",\"Pop\",\"Single\",\"Sortie\"],\"inLanguage\":\"fr-FR\"},{\"@type\":\"WebPage\",\"@id\":\"https:\\\/\\\/www.radiocastor.com\\\/index.php\\\/kelly-morris-partage-une-reflexion-poignante-et-patriotique-dans-lemouvant-my-america\\\/\",\"url\":\"https:\\\/\\\/www.radiocastor.com\\\/index.php\\\/kelly-morris-partage-une-reflexion-poignante-et-patriotique-dans-lemouvant-my-america\\\/\",\"name\":\"Kelly Morris partage une r\u00e9flexion poignante et patriotique dans l\u2019\u00e9mouvant My America - Radio Castor\",\"isPartOf\":{\"@id\":\"https:\\\/\\\/www.radiocastor.com\\\/#website\"},\"primaryImageOfPage\":{\"@id\":\"https:\\\/\\\/www.radiocastor.com\\\/index.php\\\/kelly-morris-partage-une-reflexion-poignante-et-patriotique-dans-lemouvant-my-america\\\/#primaryimage\"},\"image\":{\"@id\":\"https:\\\/\\\/www.radiocastor.com\\\/index.php\\\/kelly-morris-partage-une-reflexion-poignante-et-patriotique-dans-lemouvant-my-america\\\/#primaryimage\"},\"thumbnailUrl\":\"https:\\\/\\\/www.radiocastor.com\\\/wp-content\\\/uploads\\\/2026\\\/09\\\/Screenshot-2026-09-03-at-17-54-49-myakellypmorrisusa-dq6yamh.jpg-Image-JPEG-985-\u00d7-1208-pixels-Redimensionnee-77.png\",\"datePublished\":\"2026-09-03T15:57:16+00:00\",\"dateModified\":\"2026-09-03T15:57:19+00:00\",\"breadcrumb\":{\"@id\":\"https:\\\/\\\/www.radiocastor.com\\\/index.php\\\/kelly-morris-partage-une-reflexion-poignante-et-patriotique-dans-lemouvant-my-america\\\/#breadcrumb\"},\"inLanguage\":\"fr-FR\",\"potentialAction\":[{\"@type\":\"ReadAction\",\"target\":[\"https:\\\/\\\/www.radiocastor.com\\\/index.php\\\/kelly-morris-partage-une-reflexion-poignante-et-patriotique-dans-lemouvant-my-america\\\/\"]}]},{\"@type\":\"ImageObject\",\"inLanguage\":\"fr-FR\",\"@id\":\"https:\\\/\\\/www.radiocastor.com\\\/index.php\\\/kelly-morris-partage-une-reflexion-poignante-et-patriotique-dans-lemouvant-my-america\\\/#primaryimage\",\"url\":\"https:\\\/\\\/www.radiocastor.com\\\/wp-content\\\/uploads\\\/2026\\\/09\\\/Screenshot-2026-09-03-at-17-54-49-myakellypmorrisusa-dq6yamh.jpg-Image-JPEG-985-\u00d7-1208-pixels-Redimensionnee-77.png\",\"contentUrl\":\"https:\\\/\\\/www.radiocastor.com\\\/wp-content\\\/uploads\\\/2026\\\/09\\\/Screenshot-2026-09-03-at-17-54-49-myakellypmorrisusa-dq6yamh.jpg-Image-JPEG-985-\u00d7-1208-pixels-Redimensionnee-77.png\",\"width\":759,\"height\":719,\"caption\":\"Kelly Morris\"},{\"@type\":\"BreadcrumbList\",\"@id\":\"https:\\\/\\\/www.radiocastor.com\\\/index.php\\\/kelly-morris-partage-une-reflexion-poignante-et-patriotique-dans-lemouvant-my-america\\\/#breadcrumb\",\"itemListElement\":[{\"@type\":\"ListItem\",\"position\":1,\"name\":\"Accueil\",\"item\":\"https:\\\/\\\/www.radiocastor.com\\\/\"},{\"@type\":\"ListItem\",\"position\":2,\"name\":\"Kelly Morris partage une r\u00e9flexion poignante et patriotique dans l\u2019\u00e9mouvant My America\"}]},{\"@type\":\"WebSite\",\"@id\":\"https:\\\/\\\/www.radiocastor.com\\\/#website\",\"url\":\"https:\\\/\\\/www.radiocastor.com\\\/\",\"name\":\"Radio Castor\",\"description\":\"La voix !\",\"publisher\":{\"@id\":\"https:\\\/\\\/www.radiocastor.com\\\/#organization\"},\"potentialAction\":[{\"@type\":\"SearchAction\",\"target\":{\"@type\":\"EntryPoint\",\"urlTemplate\":\"https:\\\/\\\/www.radiocastor.com\\\/?s={search_term_string}\"},\"query-input\":{\"@type\":\"PropertyValueSpecification\",\"valueRequired\":true,\"valueName\":\"search_term_string\"}}],\"inLanguage\":\"fr-FR\"},{\"@type\":\"Organization\",\"@id\":\"https:\\\/\\\/www.radiocastor.com\\\/#organization\",\"name\":\"Radio Castor\",\"url\":\"https:\\\/\\\/www.radiocastor.com\\\/\",\"logo\":{\"@type\":\"ImageObject\",\"inLanguage\":\"fr-FR\",\"@id\":\"https:\\\/\\\/www.radiocastor.com\\\/#\\\/schema\\\/logo\\\/image\\\/\",\"url\":\"https:\\\/\\\/www.radiocastor.com\\\/wp-content\\\/uploads\\\/2021\\\/11\\\/cropped-Radio-castor-logo-2.png\",\"contentUrl\":\"https:\\\/\\\/www.radiocastor.com\\\/wp-content\\\/uploads\\\/2021\\\/11\\\/cropped-Radio-castor-logo-2.png\",\"width\":437,\"height\":219,\"caption\":\"Radio Castor\"},\"image\":{\"@id\":\"https:\\\/\\\/www.radiocastor.com\\\/#\\\/schema\\\/logo\\\/image\\\/\"},\"sameAs\":[\"https:\\\/\\\/www.facebook.com\\\/theradiocastor\",\"https:\\\/\\\/x.com\\\/TheRadioCastor\",\"https:\\\/\\\/www.instagram.com\\\/theradiocastor\",\"https:\\\/\\\/www.youtube.com\\\/c\\\/RadioCastor\"]},{\"@type\":\"Person\",\"@id\":\"https:\\\/\\\/www.radiocastor.com\\\/#\\\/schema\\\/person\\\/558b0e47dc4c11fa52b2220ba6a78779\",\"name\":\"R\u00e9daction R C\",\"image\":{\"@type\":\"ImageObject\",\"inLanguage\":\"fr-FR\",\"@id\":\"https:\\\/\\\/secure.gravatar.com\\\/avatar\\\/1d3e4f4c4a0d129f7ed4838ea20c33760c2484b9bc381993df6c0e3f5bf89c23?s=96&d=mm&r=g\",\"url\":\"https:\\\/\\\/secure.gravatar.com\\\/avatar\\\/1d3e4f4c4a0d129f7ed4838ea20c33760c2484b9bc381993df6c0e3f5bf89c23?s=96&d=mm&r=g\",\"contentUrl\":\"https:\\\/\\\/secure.gravatar.com\\\/avatar\\\/1d3e4f4c4a0d129f7ed4838ea20c33760c2484b9bc381993df6c0e3f5bf89c23?s=96&d=mm&r=g\",\"caption\":\"R\u00e9daction R C\"},\"sameAs\":[\"http:\\\/\\\/www.radiocastor.com\"],\"url\":\"https:\\\/\\\/www.radiocastor.com\\\/index.php\\\/author\\\/radio-castor\\\/\"}]}<\/script>\n<!-- \/ Yoast SEO plugin. -->","yoast_head_json":{"title":"Kelly Morris partage une r\u00e9flexion poignante et patriotique dans l\u2019\u00e9mouvant My America - Radio Castor","robots":{"index":"index","follow":"follow","max-snippet":"max-snippet:-1","max-image-preview":"max-image-preview:large","max-video-preview":"max-video-preview:-1"},"canonical":"https:\/\/www.radiocastor.com\/index.php\/kelly-morris-partage-une-reflexion-poignante-et-patriotique-dans-lemouvant-my-america\/","og_locale":"fr_FR","og_type":"article","og_title":"Kelly Morris partage une r\u00e9flexion poignante et patriotique dans l\u2019\u00e9mouvant My America - Radio Castor","og_description":"Pour sa toute premi\u00e8re apparition sur RadioCastor, l\u2019auteure-compositrice-interpr\u00e8te et pianiste Kelly Morris (\u00e9galement connue sous...","og_url":"https:\/\/www.radiocastor.com\/index.php\/kelly-morris-partage-une-reflexion-poignante-et-patriotique-dans-lemouvant-my-america\/","og_site_name":"Radio Castor","article_publisher":"https:\/\/www.facebook.com\/theradiocastor","article_published_time":"2026-09-03T15:57:16+00:00","article_modified_time":"2026-09-03T15:57:19+00:00","og_image":[{"width":759,"height":719,"url":"https:\/\/www.radiocastor.com\/wp-content\/uploads\/2026\/09\/Screenshot-2026-09-03-at-17-54-49-myakellypmorrisusa-dq6yamh.jpg-Image-JPEG-985-\u00d7-1208-pixels-Redimensionnee-77.png","type":"image\/png"}],"author":"R\u00e9daction R C","twitter_card":"summary_large_image","twitter_creator":"@TheRadioCastor","twitter_site":"@TheRadioCastor","twitter_misc":{"\u00c9crit par":"R\u00e9daction R C","Dur\u00e9e de lecture estim\u00e9e":"2 minutes"},"schema":{"@context":"https:\/\/schema.org","@graph":[{"@type":"Article","@id":"https:\/\/www.radiocastor.com\/index.php\/kelly-morris-partage-une-reflexion-poignante-et-patriotique-dans-lemouvant-my-america\/#article","isPartOf":{"@id":"https:\/\/www.radiocastor.com\/index.php\/kelly-morris-partage-une-reflexion-poignante-et-patriotique-dans-lemouvant-my-america\/"},"author":{"name":"R\u00e9daction R C","@id":"https:\/\/www.radiocastor.com\/#\/schema\/person\/558b0e47dc4c11fa52b2220ba6a78779"},"headline":"Kelly Morris partage une r\u00e9flexion poignante et patriotique dans l\u2019\u00e9mouvant My America","datePublished":"2026-09-03T15:57:16+00:00","dateModified":"2026-09-03T15:57:19+00:00","mainEntityOfPage":{"@id":"https:\/\/www.radiocastor.com\/index.php\/kelly-morris-partage-une-reflexion-poignante-et-patriotique-dans-lemouvant-my-america\/"},"wordCount":223,"publisher":{"@id":"https:\/\/www.radiocastor.com\/#organization"},"image":{"@id":"https:\/\/www.radiocastor.com\/index.php\/kelly-morris-partage-une-reflexion-poignante-et-patriotique-dans-lemouvant-my-america\/#primaryimage"},"thumbnailUrl":"https:\/\/www.radiocastor.com\/wp-content\/uploads\/2026\/09\/Screenshot-2026-09-03-at-17-54-49-myakellypmorrisusa-dq6yamh.jpg-Image-JPEG-985-\u00d7-1208-pixels-Redimensionnee-77.png","articleSection":["Auteur","Pop","Single","Sortie"],"inLanguage":"fr-FR"},{"@type":"WebPage","@id":"https:\/\/www.radiocastor.com\/index.php\/kelly-morris-partage-une-reflexion-poignante-et-patriotique-dans-lemouvant-my-america\/","url":"https:\/\/www.radiocastor.com\/index.php\/kelly-morris-partage-une-reflexion-poignante-et-patriotique-dans-lemouvant-my-america\/","name":"Kelly Morris partage une r\u00e9flexion poignante et patriotique dans l\u2019\u00e9mouvant My America - Radio Castor","isPartOf":{"@id":"https:\/\/www.radiocastor.com\/#website"},"primaryImageOfPage":{"@id":"https:\/\/www.radiocastor.com\/index.php\/kelly-morris-partage-une-reflexion-poignante-et-patriotique-dans-lemouvant-my-america\/#primaryimage"},"image":{"@id":"https:\/\/www.radiocastor.com\/index.php\/kelly-morris-partage-une-reflexion-poignante-et-patriotique-dans-lemouvant-my-america\/#primaryimage"},"thumbnailUrl":"https:\/\/www.radiocastor.com\/wp-content\/uploads\/2026\/09\/Screenshot-2026-09-03-at-17-54-49-myakellypmorrisusa-dq6yamh.jpg-Image-JPEG-985-\u00d7-1208-pixels-Redimensionnee-77.png","datePublished":"2026-09-03T15:57:16+00:00","dateModified":"2026-09-03T15:57:19+00:00","breadcrumb":{"@id":"https:\/\/www.radiocastor.com\/index.php\/kelly-morris-partage-une-reflexion-poignante-et-patriotique-dans-lemouvant-my-america\/#breadcrumb"},"inLanguage":"fr-FR","potentialAction":[{"@type":"ReadAction","target":["https:\/\/www.radiocastor.com\/index.php\/kelly-morris-partage-une-reflexion-poignante-et-patriotique-dans-lemouvant-my-america\/"]}]},{"@type":"ImageObject","inLanguage":"fr-FR","@id":"https:\/\/www.radiocastor.com\/index.php\/kelly-morris-partage-une-reflexion-poignante-et-patriotique-dans-lemouvant-my-america\/#primaryimage","url":"https:\/\/www.radiocastor.com\/wp-content\/uploads\/2026\/09\/Screenshot-2026-09-03-at-17-54-49-myakellypmorrisusa-dq6yamh.jpg-Image-JPEG-985-\u00d7-1208-pixels-Redimensionnee-77.png","contentUrl":"https:\/\/www.radiocastor.com\/wp-content\/uploads\/2026\/09\/Screenshot-2026-09-03-at-17-54-49-myakellypmorrisusa-dq6yamh.jpg-Image-JPEG-985-\u00d7-1208-pixels-Redimensionnee-77.png","width":759,"height":719,"caption":"Kelly Morris"},{"@type":"BreadcrumbList","@id":"https:\/\/www.radiocastor.com\/index.php\/kelly-morris-partage-une-reflexion-poignante-et-patriotique-dans-lemouvant-my-america\/#breadcrumb","itemListElement":[{"@type":"ListItem","position":1,"name":"Accueil","item":"https:\/\/www.radiocastor.com\/"},{"@type":"ListItem","position":2,"name":"Kelly Morris partage une r\u00e9flexion poignante et patriotique dans l\u2019\u00e9mouvant My America"}]},{"@type":"WebSite","@id":"https:\/\/www.radiocastor.com\/#website","url":"https:\/\/www.radiocastor.com\/","name":"Radio Castor","description":"La voix !","publisher":{"@id":"https:\/\/www.radiocastor.com\/#organization"},"potentialAction":[{"@type":"SearchAction","target":{"@type":"EntryPoint","urlTemplate":"https:\/\/www.radiocastor.com\/?s={search_term_string}"},"query-input":{"@type":"PropertyValueSpecification","valueRequired":true,"valueName":"search_term_string"}}],"inLanguage":"fr-FR"},{"@type":"Organization","@id":"https:\/\/www.radiocastor.com\/#organization","name":"Radio Castor","url":"https:\/\/www.radiocastor.com\/","logo":{"@type":"ImageObject","inLanguage":"fr-FR","@id":"https:\/\/www.radiocastor.com\/#\/schema\/logo\/image\/","url":"https:\/\/www.radiocastor.com\/wp-content\/uploads\/2021\/11\/cropped-Radio-castor-logo-2.png","contentUrl":"https:\/\/www.radiocastor.com\/wp-content\/uploads\/2021\/11\/cropped-Radio-castor-logo-2.png","width":437,"height":219,"caption":"Radio Castor"},"image":{"@id":"https:\/\/www.radiocastor.com\/#\/schema\/logo\/image\/"},"sameAs":["https:\/\/www.facebook.com\/theradiocastor","https:\/\/x.com\/TheRadioCastor","https:\/\/www.instagram.com\/theradiocastor","https:\/\/www.youtube.com\/c\/RadioCastor"]},{"@type":"Person","@id":"https:\/\/www.radiocastor.com\/#\/schema\/person\/558b0e47dc4c11fa52b2220ba6a78779","name":"R\u00e9daction R C","image":{"@type":"ImageObject","inLanguage":"fr-FR","@id":"https:\/\/secure.gravatar.com\/avatar\/1d3e4f4c4a0d129f7ed4838ea20c33760c2484b9bc381993df6c0e3f5bf89c23?s=96&d=mm&r=g","url":"https:\/\/secure.gravatar.com\/avatar\/1d3e4f4c4a0d129f7ed4838ea20c33760c2484b9bc381993df6c0e3f5bf89c23?s=96&d=mm&r=g","contentUrl":"https:\/\/secure.gravatar.com\/avatar\/1d3e4f4c4a0d129f7ed4838ea20c33760c2484b9bc381993df6c0e3f5bf89c23?s=96&d=mm&r=g","caption":"R\u00e9daction R C"},"sameAs":["http:\/\/www.radiocastor.com"],"url":"https:\/\/www.radiocastor.com\/index.php\/author\/radio-castor\/"}]}},"uagb_featured_image_src":{"full":["https:\/\/www.radiocastor.com\/wp-content\/uploads\/2026\/09\/Screenshot-2026-09-03-at-17-54-49-myakellypmorrisusa-dq6yamh.jpg-Image-JPEG-985-\u00d7-1208-pixels-Redimensionnee-77.png",759,719,false],"thumbnail":["https:\/\/www.radiocastor.com\/wp-content\/uploads\/2026\/09\/Screenshot-2026-09-03-at-17-54-49-myakellypmorrisusa-dq6yamh.jpg-Image-JPEG-985-\u00d7-1208-pixels-Redimensionnee-77-150x150.png",150,150,true],"medium":["https:\/\/www.radiocastor.com\/wp-content\/uploads\/2026\/09\/Screenshot-2026-09-03-at-17-54-49-myakellypmorrisusa-dq6yamh.jpg-Image-JPEG-985-\u00d7-1208-pixels-Redimensionnee-77-300x284.png",300,284,true],"medium_large":["https:\/\/www.radiocastor.com\/wp-content\/uploads\/2026\/09\/Screenshot-2026-09-03-at-17-54-49-myakellypmorrisusa-dq6yamh.jpg-Image-JPEG-985-\u00d7-1208-pixels-Redimensionnee-77.png",640,606,false],"large":["https:\/\/www.radiocastor.com\/wp-content\/uploads\/2026\/09\/Screenshot-2026-09-03-at-17-54-49-myakellypmorrisusa-dq6yamh.jpg-Image-JPEG-985-\u00d7-1208-pixels-Redimensionnee-77.png",640,606,false],"1536x1536":["https:\/\/www.radiocastor.com\/wp-content\/uploads\/2026\/09\/Screenshot-2026-09-03-at-17-54-49-myakellypmorrisusa-dq6yamh.jpg-Image-JPEG-985-\u00d7-1208-pixels-Redimensionnee-77.png",759,719,false],"2048x2048":["https:\/\/www.radiocastor.com\/wp-content\/uploads\/2026\/09\/Screenshot-2026-09-03-at-17-54-49-myakellypmorrisusa-dq6yamh.jpg-Image-JPEG-985-\u00d7-1208-pixels-Redimensionnee-77.png",759,719,false],"newsever-slider-full":["https:\/\/www.radiocastor.com\/wp-content\/uploads\/2026\/09\/Screenshot-2026-09-03-at-17-54-49-myakellypmorrisusa-dq6yamh.jpg-Image-JPEG-985-\u00d7-1208-pixels-Redimensionnee-77.png",759,719,false],"newsever-featured":["https:\/\/www.radiocastor.com\/wp-content\/uploads\/2026\/09\/Screenshot-2026-09-03-at-17-54-49-myakellypmorrisusa-dq6yamh.jpg-Image-JPEG-985-\u00d7-1208-pixels-Redimensionnee-77.png",759,719,false],"newsever-medium":["https:\/\/www.radiocastor.com\/wp-content\/uploads\/2026\/09\/Screenshot-2026-09-03-at-17-54-49-myakellypmorrisusa-dq6yamh.jpg-Image-JPEG-985-\u00d7-1208-pixels-Redimensionnee-77-720x475.png",720,475,true]},"uagb_author_info":{"display_name":"R\u00e9daction R C","author_link":"https:\/\/www.radiocastor.com\/index.php\/author\/radio-castor\/"},"uagb_comment_info":0,"uagb_excerpt":"Pour sa toute premi\u00e8re apparition sur RadioCastor, l\u2019auteure-compositrice-interpr\u00e8te et pianiste Kelly Morris (\u00e9galement connue sous...","_links":{"self":[{"href":"https:\/\/www.radiocastor.com\/index.php\/wp-json\/wp\/v2\/posts\/17381","targetHints":{"allow":["GET"]}}],"collection":[{"href":"https:\/\/www.radiocastor.com\/index.php\/wp-json\/wp\/v2\/posts"}],"about":[{"href":"https:\/\/www.radiocastor.com\/index.php\/wp-json\/wp\/v2\/types\/post"}],"author":[{"embeddable":true,"href":"https:\/\/www.radiocastor.com\/index.php\/wp-json\/wp\/v2\/users\/1"}],"replies":[{"embeddable":true,"href":"https:\/\/www.radiocastor.com\/index.php\/wp-json\/wp\/v2\/comments?post=17381"}],"version-history":[{"count":1,"href":"https:\/\/www.radiocastor.com\/index.php\/wp-json\/wp\/v2\/posts\/17381\/revisions"}],"predecessor-version":[{"id":17383,"href":"https:\/\/www.radiocastor.com\/index.php\/wp-json\/wp\/v2\/posts\/17381\/revisions\/17383"}],"wp:featuredmedia":[{"embeddable":true,"href":"https:\/\/www.radiocastor.com\/index.php\/wp-json\/wp\/v2\/media\/17382"}],"wp:attachment":[{"href":"https:\/\/www.radiocastor.com\/index.php\/wp-json\/wp\/v2\/media?parent=17381"}],"wp:term":[{"taxonomy":"category","embeddable":true,"href":"https:\/\/www.radiocastor.com\/index.php\/wp-json\/wp\/v2\/categories?post=17381"},{"taxonomy":"post_tag","embeddable":true,"href":"https:\/\/www.radiocastor.com\/index.php\/wp-json\/wp\/v2\/tags?post=17381"}],"curies":[{"name":"wp","href":"https:\/\/api.w.org\/{rel}","templated":true}]}}