{"id":17373,"date":"2026-09-03T04:41:14","date_gmt":"2026-09-03T02:41:14","guid":{"rendered":"https:\/\/www.radiocastor.com\/?p=17373"},"modified":"2026-09-03T04:41:16","modified_gmt":"2026-09-03T02:41:16","slug":"ezra-vancil-nous-plonge-dans-une-epopee-folk-envoutante-et-atemporelle-avec-ballad-of-young-gray","status":"publish","type":"post","link":"https:\/\/www.radiocastor.com\/index.php\/ezra-vancil-nous-plonge-dans-une-epopee-folk-envoutante-et-atemporelle-avec-ballad-of-young-gray\/","title":{"rendered":"Ezra Vancil nous plonge dans une \u00e9pop\u00e9e Folk envo\u00fbtante et atemporelle avec Ballad of Young Gray"},"content":{"rendered":"\n<div class=\"wp-block-group is-layout-constrained wp-block-group-is-layout-constrained\">\n\n\n<p>De retour sur RadioCastor, le talentueux auteur-compositeur-interpr\u00e8te texan <strong><a href=\"https:\/\/radiocastor.com\/?s=Ezra+Vancil\" target=\"_blank\" rel=\"noreferrer noopener\">Ezra Vancil<\/a><\/strong> pr\u00e9sente \u00ab Ballad of Young Gray \u00bb, un magnifique single paru le 28 ao\u00fbt 2026. Issu du volet <em>Midnight<\/em> de son ambitieux double album de 20 titres <em>Morning &amp; Midnight<\/em>, enregistr\u00e9 en grande partie dans son studio au c\u0153ur des for\u00eats de l&rsquo;Est du Texas, le morceau confirme la ma\u00eetrise exceptionnelle de l&rsquo;artiste dans l&rsquo;univers Indie Folk et Singer-Songwriter.<\/p>\n\n\n\n<p>Inspir\u00e9e par un vieux portrait circulaire du XIXe si\u00e8cle repr\u00e9sentant un jeune anc\u00eatre tenant une mandoline, la chanson raconte l&rsquo;histoire tragique d&rsquo;un soldat parti \u00e0 la guerre avant d&rsquo;avoir connu le v\u00e9ritable amour. Entre lettres d\u00e9chirantes et regrets poignants (\u00ab <em>I should have loved you yesterday \/ Now it weighs a ton<\/em> \u00bb), le morceau d\u00e9ploie une atmosph\u00e8re m\u00e9lancolique et intemporelle. Enrichie par la voix de sa fille Cozi Vancil, la mandoline envo\u00fbtante du musicien australien Luke Moller, ainsi que le soutien rythmique fid\u00e8le de Chris Brush et Jon Estes, cette ballade acoustique r\u00e9sonne comme un r\u00e9cit po\u00e9tique captur\u00e9 du pass\u00e9, empreint d&rsquo;une poignante humanit\u00e9.<\/p>\n\n\n\n<p><em>\u00c0 \u00e9couter sur <a href=\"https:\/\/www.radiocastor.com\/index.php\/playlist\/\" target=\"_blank\" rel=\"noreferrer noopener\">nos playlists<\/a> !<\/em><\/p>\n\n\n\n<figure class=\"wp-block-embed is-type-video is-provider-youtube wp-block-embed-youtube wp-embed-aspect-16-9 wp-has-aspect-ratio\"><div class=\"wp-block-embed__wrapper\">\n<iframe loading=\"lazy\" title=\"Ballad of Young Gray (feat. Cozi)\" width=\"640\" height=\"480\" src=\"https:\/\/www.youtube.com\/embed\/2umAYCc4ApU?feature=oembed\" frameborder=\"0\" allow=\"accelerometer; autoplay; clipboard-write; encrypted-media; gyroscope; picture-in-picture; web-share\" referrerpolicy=\"strict-origin-when-cross-origin\" allowfullscreen><\/iframe>\n<\/div><\/figure>\n\n\n\n<p class=\"has-text-align-center\"><a href=\"https:\/\/www.facebook.com\/ezravancilmusic\" target=\"_blank\" rel=\"noreferrer noopener\">Facebook<\/a> | <a href=\"https:\/\/www.instagram.com\/ezravancil\" target=\"_blank\" rel=\"noreferrer noopener\">Instagram<\/a> | <a href=\"https:\/\/x.com\/ezravancil\" target=\"_blank\" rel=\"noreferrer noopener\">X<\/a><\/p>\n\n\n<\/div>\n","protected":false},"excerpt":{"rendered":"<p>De retour sur RadioCastor, le talentueux auteur-compositeur-interpr\u00e8te texan Ezra Vancil pr\u00e9sente \u00ab Ballad of Young&#8230;<\/p>\n","protected":false},"author":1,"featured_media":17374,"comment_status":"closed","ping_status":"open","sticky":false,"template":"","format":"standard","meta":{"_uag_custom_page_level_css":"","footnotes":""},"categories":[94,76,32,46],"tags":[],"class_list":["post-17373","post","type-post","status-publish","format-standard","has-post-thumbnail","hentry","category-auteur","category-folk","category-single","category-sortie"],"yoast_head":"<!-- This site is optimized with the Yoast SEO plugin v28.4 - https:\/\/yoast.com\/product\/yoast-seo-wordpress\/ -->\n<title>Ezra Vancil nous plonge dans une \u00e9pop\u00e9e Folk envo\u00fbtante et atemporelle avec Ballad of Young Gray - Radio Castor<\/title>\n<meta name=\"robots\" content=\"index, follow, max-snippet:-1, max-image-preview:large, max-video-preview:-1\" \/>\n<link rel=\"canonical\" href=\"https:\/\/www.radiocastor.com\/index.php\/ezra-vancil-nous-plonge-dans-une-epopee-folk-envoutante-et-atemporelle-avec-ballad-of-young-gray\/\" \/>\n<meta property=\"og:locale\" content=\"fr_FR\" \/>\n<meta property=\"og:type\" content=\"article\" \/>\n<meta property=\"og:title\" content=\"Ezra Vancil nous plonge dans une \u00e9pop\u00e9e Folk envo\u00fbtante et atemporelle avec Ballad of Young Gray - Radio Castor\" \/>\n<meta property=\"og:description\" content=\"De retour sur RadioCastor, le talentueux auteur-compositeur-interpr\u00e8te texan Ezra Vancil pr\u00e9sente \u00ab Ballad of Young...\" \/>\n<meta property=\"og:url\" content=\"https:\/\/www.radiocastor.com\/index.php\/ezra-vancil-nous-plonge-dans-une-epopee-folk-envoutante-et-atemporelle-avec-ballad-of-young-gray\/\" \/>\n<meta property=\"og:site_name\" content=\"Radio Castor\" \/>\n<meta property=\"article:publisher\" content=\"https:\/\/www.facebook.com\/theradiocastor\" \/>\n<meta property=\"article:published_time\" content=\"2026-09-03T02:41:14+00:00\" \/>\n<meta property=\"article:modified_time\" content=\"2026-09-03T02:41:16+00:00\" \/>\n<meta property=\"og:image\" content=\"https:\/\/www.radiocastor.com\/wp-content\/uploads\/2026\/09\/Screenshot-2026-09-03-at-04-36-52-hightezra-vancil-lady-of-my-heart-1770663178371.jpg-Image-JPEG-2048-\u00d7-1080-pixels-Redimensionnee-58.png\" \/>\n\t<meta property=\"og:image:width\" content=\"826\" \/>\n\t<meta property=\"og:image:height\" content=\"637\" \/>\n\t<meta property=\"og:image:type\" content=\"image\/png\" \/>\n<meta name=\"author\" content=\"R\u00e9daction R C\" \/>\n<meta name=\"twitter:card\" content=\"summary_large_image\" \/>\n<meta name=\"twitter:creator\" content=\"@TheRadioCastor\" \/>\n<meta name=\"twitter:site\" content=\"@TheRadioCastor\" \/>\n<meta name=\"twitter:label1\" content=\"\u00c9crit par\" \/>\n\t<meta name=\"twitter:data1\" content=\"R\u00e9daction R C\" \/>\n\t<meta name=\"twitter:label2\" content=\"Dur\u00e9e de lecture estim\u00e9e\" \/>\n\t<meta name=\"twitter:data2\" content=\"2 minutes\" \/>\n<script type=\"application\/ld+json\" class=\"yoast-schema-graph\">{\"@context\":\"https:\\\/\\\/schema.org\",\"@graph\":[{\"@type\":\"Article\",\"@id\":\"https:\\\/\\\/www.radiocastor.com\\\/index.php\\\/ezra-vancil-nous-plonge-dans-une-epopee-folk-envoutante-et-atemporelle-avec-ballad-of-young-gray\\\/#article\",\"isPartOf\":{\"@id\":\"https:\\\/\\\/www.radiocastor.com\\\/index.php\\\/ezra-vancil-nous-plonge-dans-une-epopee-folk-envoutante-et-atemporelle-avec-ballad-of-young-gray\\\/\"},\"author\":{\"name\":\"R\u00e9daction R C\",\"@id\":\"https:\\\/\\\/www.radiocastor.com\\\/#\\\/schema\\\/person\\\/558b0e47dc4c11fa52b2220ba6a78779\"},\"headline\":\"Ezra Vancil nous plonge dans une \u00e9pop\u00e9e Folk envo\u00fbtante et atemporelle avec Ballad of Young Gray\",\"datePublished\":\"2026-09-03T02:41:14+00:00\",\"dateModified\":\"2026-09-03T02:41:16+00:00\",\"mainEntityOfPage\":{\"@id\":\"https:\\\/\\\/www.radiocastor.com\\\/index.php\\\/ezra-vancil-nous-plonge-dans-une-epopee-folk-envoutante-et-atemporelle-avec-ballad-of-young-gray\\\/\"},\"wordCount\":226,\"publisher\":{\"@id\":\"https:\\\/\\\/www.radiocastor.com\\\/#organization\"},\"image\":{\"@id\":\"https:\\\/\\\/www.radiocastor.com\\\/index.php\\\/ezra-vancil-nous-plonge-dans-une-epopee-folk-envoutante-et-atemporelle-avec-ballad-of-young-gray\\\/#primaryimage\"},\"thumbnailUrl\":\"https:\\\/\\\/www.radiocastor.com\\\/wp-content\\\/uploads\\\/2026\\\/09\\\/Screenshot-2026-09-03-at-04-36-52-hightezra-vancil-lady-of-my-heart-1770663178371.jpg-Image-JPEG-2048-\u00d7-1080-pixels-Redimensionnee-58.png\",\"articleSection\":[\"Auteur\",\"Folk\",\"Single\",\"Sortie\"],\"inLanguage\":\"fr-FR\"},{\"@type\":\"WebPage\",\"@id\":\"https:\\\/\\\/www.radiocastor.com\\\/index.php\\\/ezra-vancil-nous-plonge-dans-une-epopee-folk-envoutante-et-atemporelle-avec-ballad-of-young-gray\\\/\",\"url\":\"https:\\\/\\\/www.radiocastor.com\\\/index.php\\\/ezra-vancil-nous-plonge-dans-une-epopee-folk-envoutante-et-atemporelle-avec-ballad-of-young-gray\\\/\",\"name\":\"Ezra Vancil nous plonge dans une \u00e9pop\u00e9e Folk envo\u00fbtante et atemporelle avec Ballad of Young Gray - Radio Castor\",\"isPartOf\":{\"@id\":\"https:\\\/\\\/www.radiocastor.com\\\/#website\"},\"primaryImageOfPage\":{\"@id\":\"https:\\\/\\\/www.radiocastor.com\\\/index.php\\\/ezra-vancil-nous-plonge-dans-une-epopee-folk-envoutante-et-atemporelle-avec-ballad-of-young-gray\\\/#primaryimage\"},\"image\":{\"@id\":\"https:\\\/\\\/www.radiocastor.com\\\/index.php\\\/ezra-vancil-nous-plonge-dans-une-epopee-folk-envoutante-et-atemporelle-avec-ballad-of-young-gray\\\/#primaryimage\"},\"thumbnailUrl\":\"https:\\\/\\\/www.radiocastor.com\\\/wp-content\\\/uploads\\\/2026\\\/09\\\/Screenshot-2026-09-03-at-04-36-52-hightezra-vancil-lady-of-my-heart-1770663178371.jpg-Image-JPEG-2048-\u00d7-1080-pixels-Redimensionnee-58.png\",\"datePublished\":\"2026-09-03T02:41:14+00:00\",\"dateModified\":\"2026-09-03T02:41:16+00:00\",\"breadcrumb\":{\"@id\":\"https:\\\/\\\/www.radiocastor.com\\\/index.php\\\/ezra-vancil-nous-plonge-dans-une-epopee-folk-envoutante-et-atemporelle-avec-ballad-of-young-gray\\\/#breadcrumb\"},\"inLanguage\":\"fr-FR\",\"potentialAction\":[{\"@type\":\"ReadAction\",\"target\":[\"https:\\\/\\\/www.radiocastor.com\\\/index.php\\\/ezra-vancil-nous-plonge-dans-une-epopee-folk-envoutante-et-atemporelle-avec-ballad-of-young-gray\\\/\"]}]},{\"@type\":\"ImageObject\",\"inLanguage\":\"fr-FR\",\"@id\":\"https:\\\/\\\/www.radiocastor.com\\\/index.php\\\/ezra-vancil-nous-plonge-dans-une-epopee-folk-envoutante-et-atemporelle-avec-ballad-of-young-gray\\\/#primaryimage\",\"url\":\"https:\\\/\\\/www.radiocastor.com\\\/wp-content\\\/uploads\\\/2026\\\/09\\\/Screenshot-2026-09-03-at-04-36-52-hightezra-vancil-lady-of-my-heart-1770663178371.jpg-Image-JPEG-2048-\u00d7-1080-pixels-Redimensionnee-58.png\",\"contentUrl\":\"https:\\\/\\\/www.radiocastor.com\\\/wp-content\\\/uploads\\\/2026\\\/09\\\/Screenshot-2026-09-03-at-04-36-52-hightezra-vancil-lady-of-my-heart-1770663178371.jpg-Image-JPEG-2048-\u00d7-1080-pixels-Redimensionnee-58.png\",\"width\":826,\"height\":637,\"caption\":\"Ezra Vancil\"},{\"@type\":\"BreadcrumbList\",\"@id\":\"https:\\\/\\\/www.radiocastor.com\\\/index.php\\\/ezra-vancil-nous-plonge-dans-une-epopee-folk-envoutante-et-atemporelle-avec-ballad-of-young-gray\\\/#breadcrumb\",\"itemListElement\":[{\"@type\":\"ListItem\",\"position\":1,\"name\":\"Accueil\",\"item\":\"https:\\\/\\\/www.radiocastor.com\\\/\"},{\"@type\":\"ListItem\",\"position\":2,\"name\":\"Ezra Vancil nous plonge dans une \u00e9pop\u00e9e Folk envo\u00fbtante et atemporelle avec Ballad of Young Gray\"}]},{\"@type\":\"WebSite\",\"@id\":\"https:\\\/\\\/www.radiocastor.com\\\/#website\",\"url\":\"https:\\\/\\\/www.radiocastor.com\\\/\",\"name\":\"Radio Castor\",\"description\":\"La voix !\",\"publisher\":{\"@id\":\"https:\\\/\\\/www.radiocastor.com\\\/#organization\"},\"potentialAction\":[{\"@type\":\"SearchAction\",\"target\":{\"@type\":\"EntryPoint\",\"urlTemplate\":\"https:\\\/\\\/www.radiocastor.com\\\/?s={search_term_string}\"},\"query-input\":{\"@type\":\"PropertyValueSpecification\",\"valueRequired\":true,\"valueName\":\"search_term_string\"}}],\"inLanguage\":\"fr-FR\"},{\"@type\":\"Organization\",\"@id\":\"https:\\\/\\\/www.radiocastor.com\\\/#organization\",\"name\":\"Radio Castor\",\"url\":\"https:\\\/\\\/www.radiocastor.com\\\/\",\"logo\":{\"@type\":\"ImageObject\",\"inLanguage\":\"fr-FR\",\"@id\":\"https:\\\/\\\/www.radiocastor.com\\\/#\\\/schema\\\/logo\\\/image\\\/\",\"url\":\"https:\\\/\\\/www.radiocastor.com\\\/wp-content\\\/uploads\\\/2021\\\/11\\\/cropped-Radio-castor-logo-2.png\",\"contentUrl\":\"https:\\\/\\\/www.radiocastor.com\\\/wp-content\\\/uploads\\\/2021\\\/11\\\/cropped-Radio-castor-logo-2.png\",\"width\":437,\"height\":219,\"caption\":\"Radio Castor\"},\"image\":{\"@id\":\"https:\\\/\\\/www.radiocastor.com\\\/#\\\/schema\\\/logo\\\/image\\\/\"},\"sameAs\":[\"https:\\\/\\\/www.facebook.com\\\/theradiocastor\",\"https:\\\/\\\/x.com\\\/TheRadioCastor\",\"https:\\\/\\\/www.instagram.com\\\/theradiocastor\",\"https:\\\/\\\/www.youtube.com\\\/c\\\/RadioCastor\"]},{\"@type\":\"Person\",\"@id\":\"https:\\\/\\\/www.radiocastor.com\\\/#\\\/schema\\\/person\\\/558b0e47dc4c11fa52b2220ba6a78779\",\"name\":\"R\u00e9daction R C\",\"image\":{\"@type\":\"ImageObject\",\"inLanguage\":\"fr-FR\",\"@id\":\"https:\\\/\\\/secure.gravatar.com\\\/avatar\\\/1d3e4f4c4a0d129f7ed4838ea20c33760c2484b9bc381993df6c0e3f5bf89c23?s=96&d=mm&r=g\",\"url\":\"https:\\\/\\\/secure.gravatar.com\\\/avatar\\\/1d3e4f4c4a0d129f7ed4838ea20c33760c2484b9bc381993df6c0e3f5bf89c23?s=96&d=mm&r=g\",\"contentUrl\":\"https:\\\/\\\/secure.gravatar.com\\\/avatar\\\/1d3e4f4c4a0d129f7ed4838ea20c33760c2484b9bc381993df6c0e3f5bf89c23?s=96&d=mm&r=g\",\"caption\":\"R\u00e9daction R C\"},\"sameAs\":[\"http:\\\/\\\/www.radiocastor.com\"],\"url\":\"https:\\\/\\\/www.radiocastor.com\\\/index.php\\\/author\\\/radio-castor\\\/\"}]}<\/script>\n<!-- \/ Yoast SEO plugin. -->","yoast_head_json":{"title":"Ezra Vancil nous plonge dans une \u00e9pop\u00e9e Folk envo\u00fbtante et atemporelle avec Ballad of Young Gray - Radio Castor","robots":{"index":"index","follow":"follow","max-snippet":"max-snippet:-1","max-image-preview":"max-image-preview:large","max-video-preview":"max-video-preview:-1"},"canonical":"https:\/\/www.radiocastor.com\/index.php\/ezra-vancil-nous-plonge-dans-une-epopee-folk-envoutante-et-atemporelle-avec-ballad-of-young-gray\/","og_locale":"fr_FR","og_type":"article","og_title":"Ezra Vancil nous plonge dans une \u00e9pop\u00e9e Folk envo\u00fbtante et atemporelle avec Ballad of Young Gray - Radio Castor","og_description":"De retour sur RadioCastor, le talentueux auteur-compositeur-interpr\u00e8te texan Ezra Vancil pr\u00e9sente \u00ab Ballad of Young...","og_url":"https:\/\/www.radiocastor.com\/index.php\/ezra-vancil-nous-plonge-dans-une-epopee-folk-envoutante-et-atemporelle-avec-ballad-of-young-gray\/","og_site_name":"Radio Castor","article_publisher":"https:\/\/www.facebook.com\/theradiocastor","article_published_time":"2026-09-03T02:41:14+00:00","article_modified_time":"2026-09-03T02:41:16+00:00","og_image":[{"width":826,"height":637,"url":"https:\/\/www.radiocastor.com\/wp-content\/uploads\/2026\/09\/Screenshot-2026-09-03-at-04-36-52-hightezra-vancil-lady-of-my-heart-1770663178371.jpg-Image-JPEG-2048-\u00d7-1080-pixels-Redimensionnee-58.png","type":"image\/png"}],"author":"R\u00e9daction R C","twitter_card":"summary_large_image","twitter_creator":"@TheRadioCastor","twitter_site":"@TheRadioCastor","twitter_misc":{"\u00c9crit par":"R\u00e9daction R C","Dur\u00e9e de lecture estim\u00e9e":"2 minutes"},"schema":{"@context":"https:\/\/schema.org","@graph":[{"@type":"Article","@id":"https:\/\/www.radiocastor.com\/index.php\/ezra-vancil-nous-plonge-dans-une-epopee-folk-envoutante-et-atemporelle-avec-ballad-of-young-gray\/#article","isPartOf":{"@id":"https:\/\/www.radiocastor.com\/index.php\/ezra-vancil-nous-plonge-dans-une-epopee-folk-envoutante-et-atemporelle-avec-ballad-of-young-gray\/"},"author":{"name":"R\u00e9daction R C","@id":"https:\/\/www.radiocastor.com\/#\/schema\/person\/558b0e47dc4c11fa52b2220ba6a78779"},"headline":"Ezra Vancil nous plonge dans une \u00e9pop\u00e9e Folk envo\u00fbtante et atemporelle avec Ballad of Young Gray","datePublished":"2026-09-03T02:41:14+00:00","dateModified":"2026-09-03T02:41:16+00:00","mainEntityOfPage":{"@id":"https:\/\/www.radiocastor.com\/index.php\/ezra-vancil-nous-plonge-dans-une-epopee-folk-envoutante-et-atemporelle-avec-ballad-of-young-gray\/"},"wordCount":226,"publisher":{"@id":"https:\/\/www.radiocastor.com\/#organization"},"image":{"@id":"https:\/\/www.radiocastor.com\/index.php\/ezra-vancil-nous-plonge-dans-une-epopee-folk-envoutante-et-atemporelle-avec-ballad-of-young-gray\/#primaryimage"},"thumbnailUrl":"https:\/\/www.radiocastor.com\/wp-content\/uploads\/2026\/09\/Screenshot-2026-09-03-at-04-36-52-hightezra-vancil-lady-of-my-heart-1770663178371.jpg-Image-JPEG-2048-\u00d7-1080-pixels-Redimensionnee-58.png","articleSection":["Auteur","Folk","Single","Sortie"],"inLanguage":"fr-FR"},{"@type":"WebPage","@id":"https:\/\/www.radiocastor.com\/index.php\/ezra-vancil-nous-plonge-dans-une-epopee-folk-envoutante-et-atemporelle-avec-ballad-of-young-gray\/","url":"https:\/\/www.radiocastor.com\/index.php\/ezra-vancil-nous-plonge-dans-une-epopee-folk-envoutante-et-atemporelle-avec-ballad-of-young-gray\/","name":"Ezra Vancil nous plonge dans une \u00e9pop\u00e9e Folk envo\u00fbtante et atemporelle avec Ballad of Young Gray - Radio Castor","isPartOf":{"@id":"https:\/\/www.radiocastor.com\/#website"},"primaryImageOfPage":{"@id":"https:\/\/www.radiocastor.com\/index.php\/ezra-vancil-nous-plonge-dans-une-epopee-folk-envoutante-et-atemporelle-avec-ballad-of-young-gray\/#primaryimage"},"image":{"@id":"https:\/\/www.radiocastor.com\/index.php\/ezra-vancil-nous-plonge-dans-une-epopee-folk-envoutante-et-atemporelle-avec-ballad-of-young-gray\/#primaryimage"},"thumbnailUrl":"https:\/\/www.radiocastor.com\/wp-content\/uploads\/2026\/09\/Screenshot-2026-09-03-at-04-36-52-hightezra-vancil-lady-of-my-heart-1770663178371.jpg-Image-JPEG-2048-\u00d7-1080-pixels-Redimensionnee-58.png","datePublished":"2026-09-03T02:41:14+00:00","dateModified":"2026-09-03T02:41:16+00:00","breadcrumb":{"@id":"https:\/\/www.radiocastor.com\/index.php\/ezra-vancil-nous-plonge-dans-une-epopee-folk-envoutante-et-atemporelle-avec-ballad-of-young-gray\/#breadcrumb"},"inLanguage":"fr-FR","potentialAction":[{"@type":"ReadAction","target":["https:\/\/www.radiocastor.com\/index.php\/ezra-vancil-nous-plonge-dans-une-epopee-folk-envoutante-et-atemporelle-avec-ballad-of-young-gray\/"]}]},{"@type":"ImageObject","inLanguage":"fr-FR","@id":"https:\/\/www.radiocastor.com\/index.php\/ezra-vancil-nous-plonge-dans-une-epopee-folk-envoutante-et-atemporelle-avec-ballad-of-young-gray\/#primaryimage","url":"https:\/\/www.radiocastor.com\/wp-content\/uploads\/2026\/09\/Screenshot-2026-09-03-at-04-36-52-hightezra-vancil-lady-of-my-heart-1770663178371.jpg-Image-JPEG-2048-\u00d7-1080-pixels-Redimensionnee-58.png","contentUrl":"https:\/\/www.radiocastor.com\/wp-content\/uploads\/2026\/09\/Screenshot-2026-09-03-at-04-36-52-hightezra-vancil-lady-of-my-heart-1770663178371.jpg-Image-JPEG-2048-\u00d7-1080-pixels-Redimensionnee-58.png","width":826,"height":637,"caption":"Ezra Vancil"},{"@type":"BreadcrumbList","@id":"https:\/\/www.radiocastor.com\/index.php\/ezra-vancil-nous-plonge-dans-une-epopee-folk-envoutante-et-atemporelle-avec-ballad-of-young-gray\/#breadcrumb","itemListElement":[{"@type":"ListItem","position":1,"name":"Accueil","item":"https:\/\/www.radiocastor.com\/"},{"@type":"ListItem","position":2,"name":"Ezra Vancil nous plonge dans une \u00e9pop\u00e9e Folk envo\u00fbtante et atemporelle avec Ballad of Young Gray"}]},{"@type":"WebSite","@id":"https:\/\/www.radiocastor.com\/#website","url":"https:\/\/www.radiocastor.com\/","name":"Radio Castor","description":"La voix !","publisher":{"@id":"https:\/\/www.radiocastor.com\/#organization"},"potentialAction":[{"@type":"SearchAction","target":{"@type":"EntryPoint","urlTemplate":"https:\/\/www.radiocastor.com\/?s={search_term_string}"},"query-input":{"@type":"PropertyValueSpecification","valueRequired":true,"valueName":"search_term_string"}}],"inLanguage":"fr-FR"},{"@type":"Organization","@id":"https:\/\/www.radiocastor.com\/#organization","name":"Radio Castor","url":"https:\/\/www.radiocastor.com\/","logo":{"@type":"ImageObject","inLanguage":"fr-FR","@id":"https:\/\/www.radiocastor.com\/#\/schema\/logo\/image\/","url":"https:\/\/www.radiocastor.com\/wp-content\/uploads\/2021\/11\/cropped-Radio-castor-logo-2.png","contentUrl":"https:\/\/www.radiocastor.com\/wp-content\/uploads\/2021\/11\/cropped-Radio-castor-logo-2.png","width":437,"height":219,"caption":"Radio Castor"},"image":{"@id":"https:\/\/www.radiocastor.com\/#\/schema\/logo\/image\/"},"sameAs":["https:\/\/www.facebook.com\/theradiocastor","https:\/\/x.com\/TheRadioCastor","https:\/\/www.instagram.com\/theradiocastor","https:\/\/www.youtube.com\/c\/RadioCastor"]},{"@type":"Person","@id":"https:\/\/www.radiocastor.com\/#\/schema\/person\/558b0e47dc4c11fa52b2220ba6a78779","name":"R\u00e9daction R C","image":{"@type":"ImageObject","inLanguage":"fr-FR","@id":"https:\/\/secure.gravatar.com\/avatar\/1d3e4f4c4a0d129f7ed4838ea20c33760c2484b9bc381993df6c0e3f5bf89c23?s=96&d=mm&r=g","url":"https:\/\/secure.gravatar.com\/avatar\/1d3e4f4c4a0d129f7ed4838ea20c33760c2484b9bc381993df6c0e3f5bf89c23?s=96&d=mm&r=g","contentUrl":"https:\/\/secure.gravatar.com\/avatar\/1d3e4f4c4a0d129f7ed4838ea20c33760c2484b9bc381993df6c0e3f5bf89c23?s=96&d=mm&r=g","caption":"R\u00e9daction R C"},"sameAs":["http:\/\/www.radiocastor.com"],"url":"https:\/\/www.radiocastor.com\/index.php\/author\/radio-castor\/"}]}},"uagb_featured_image_src":{"full":["https:\/\/www.radiocastor.com\/wp-content\/uploads\/2026\/09\/Screenshot-2026-09-03-at-04-36-52-hightezra-vancil-lady-of-my-heart-1770663178371.jpg-Image-JPEG-2048-\u00d7-1080-pixels-Redimensionnee-58.png",826,637,false],"thumbnail":["https:\/\/www.radiocastor.com\/wp-content\/uploads\/2026\/09\/Screenshot-2026-09-03-at-04-36-52-hightezra-vancil-lady-of-my-heart-1770663178371.jpg-Image-JPEG-2048-\u00d7-1080-pixels-Redimensionnee-58-150x150.png",150,150,true],"medium":["https:\/\/www.radiocastor.com\/wp-content\/uploads\/2026\/09\/Screenshot-2026-09-03-at-04-36-52-hightezra-vancil-lady-of-my-heart-1770663178371.jpg-Image-JPEG-2048-\u00d7-1080-pixels-Redimensionnee-58-300x231.png",300,231,true],"medium_large":["https:\/\/www.radiocastor.com\/wp-content\/uploads\/2026\/09\/Screenshot-2026-09-03-at-04-36-52-hightezra-vancil-lady-of-my-heart-1770663178371.jpg-Image-JPEG-2048-\u00d7-1080-pixels-Redimensionnee-58-768x592.png",640,493,true],"large":["https:\/\/www.radiocastor.com\/wp-content\/uploads\/2026\/09\/Screenshot-2026-09-03-at-04-36-52-hightezra-vancil-lady-of-my-heart-1770663178371.jpg-Image-JPEG-2048-\u00d7-1080-pixels-Redimensionnee-58.png",640,494,false],"1536x1536":["https:\/\/www.radiocastor.com\/wp-content\/uploads\/2026\/09\/Screenshot-2026-09-03-at-04-36-52-hightezra-vancil-lady-of-my-heart-1770663178371.jpg-Image-JPEG-2048-\u00d7-1080-pixels-Redimensionnee-58.png",826,637,false],"2048x2048":["https:\/\/www.radiocastor.com\/wp-content\/uploads\/2026\/09\/Screenshot-2026-09-03-at-04-36-52-hightezra-vancil-lady-of-my-heart-1770663178371.jpg-Image-JPEG-2048-\u00d7-1080-pixels-Redimensionnee-58.png",826,637,false],"newsever-slider-full":["https:\/\/www.radiocastor.com\/wp-content\/uploads\/2026\/09\/Screenshot-2026-09-03-at-04-36-52-hightezra-vancil-lady-of-my-heart-1770663178371.jpg-Image-JPEG-2048-\u00d7-1080-pixels-Redimensionnee-58.png",826,637,false],"newsever-featured":["https:\/\/www.radiocastor.com\/wp-content\/uploads\/2026\/09\/Screenshot-2026-09-03-at-04-36-52-hightezra-vancil-lady-of-my-heart-1770663178371.jpg-Image-JPEG-2048-\u00d7-1080-pixels-Redimensionnee-58.png",826,637,false],"newsever-medium":["https:\/\/www.radiocastor.com\/wp-content\/uploads\/2026\/09\/Screenshot-2026-09-03-at-04-36-52-hightezra-vancil-lady-of-my-heart-1770663178371.jpg-Image-JPEG-2048-\u00d7-1080-pixels-Redimensionnee-58-720x475.png",720,475,true]},"uagb_author_info":{"display_name":"R\u00e9daction R C","author_link":"https:\/\/www.radiocastor.com\/index.php\/author\/radio-castor\/"},"uagb_comment_info":0,"uagb_excerpt":"De retour sur RadioCastor, le talentueux auteur-compositeur-interpr\u00e8te texan Ezra Vancil pr\u00e9sente \u00ab Ballad of Young...","_links":{"self":[{"href":"https:\/\/www.radiocastor.com\/index.php\/wp-json\/wp\/v2\/posts\/17373","targetHints":{"allow":["GET"]}}],"collection":[{"href":"https:\/\/www.radiocastor.com\/index.php\/wp-json\/wp\/v2\/posts"}],"about":[{"href":"https:\/\/www.radiocastor.com\/index.php\/wp-json\/wp\/v2\/types\/post"}],"author":[{"embeddable":true,"href":"https:\/\/www.radiocastor.com\/index.php\/wp-json\/wp\/v2\/users\/1"}],"replies":[{"embeddable":true,"href":"https:\/\/www.radiocastor.com\/index.php\/wp-json\/wp\/v2\/comments?post=17373"}],"version-history":[{"count":1,"href":"https:\/\/www.radiocastor.com\/index.php\/wp-json\/wp\/v2\/posts\/17373\/revisions"}],"predecessor-version":[{"id":17375,"href":"https:\/\/www.radiocastor.com\/index.php\/wp-json\/wp\/v2\/posts\/17373\/revisions\/17375"}],"wp:featuredmedia":[{"embeddable":true,"href":"https:\/\/www.radiocastor.com\/index.php\/wp-json\/wp\/v2\/media\/17374"}],"wp:attachment":[{"href":"https:\/\/www.radiocastor.com\/index.php\/wp-json\/wp\/v2\/media?parent=17373"}],"wp:term":[{"taxonomy":"category","embeddable":true,"href":"https:\/\/www.radiocastor.com\/index.php\/wp-json\/wp\/v2\/categories?post=17373"},{"taxonomy":"post_tag","embeddable":true,"href":"https:\/\/www.radiocastor.com\/index.php\/wp-json\/wp\/v2\/tags?post=17373"}],"curies":[{"name":"wp","href":"https:\/\/api.w.org\/{rel}","templated":true}]}}