{"id":17350,"date":"2026-09-03T01:11:33","date_gmt":"2026-09-02T23:11:33","guid":{"rendered":"https:\/\/www.radiocastor.com\/?p=17350"},"modified":"2026-09-03T01:11:36","modified_gmt":"2026-09-02T23:11:36","slug":"susie-maddocks-explore-le-doute-et-la-foi-dans-le-vibrant-morceau-pop-rock-i-cant-say","status":"publish","type":"post","link":"https:\/\/www.radiocastor.com\/index.php\/susie-maddocks-explore-le-doute-et-la-foi-dans-le-vibrant-morceau-pop-rock-i-cant-say\/","title":{"rendered":"Susie Maddocks explore le doute et la foi dans le vibrant morceau Pop Rock I Can\u2019t Say"},"content":{"rendered":"\n<div class=\"wp-block-group is-layout-constrained wp-block-group-is-layout-constrained\">\n\n\n<p>Pour sa toute premi\u00e8re apparition sur RadioCastor, l\u2019auteure-compositrice, pianiste et interpr\u00e8te <strong>Susie Maddocks<\/strong> d\u00e9voile \u00ab I Can\u2019t Say \u00bb, un single paru le 28 ao\u00fbt 2026 sous son label Susie&rsquo;s Songs. M\u00ealant habilement Pop Rock, Singer-Songwriter et Adult Contemporary, l&rsquo;artiste propose une composition \u00e0 la fois rythm\u00e9e, poignante et profond\u00e9ment personnelle.<\/p>\n\n\n\n<p>N\u00e9 d\u2019une tension intime entre incertitude et confiance, \u00ab I Can\u2019t Say \u00bb aborde ce moment charni\u00e8re o\u00f9 les pri\u00e8res semblent rester sans r\u00e9ponse et o\u00f9 l&rsquo;inqui\u00e9tude s&rsquo;installe. \u00c0 travers des paroles empreintes d&rsquo;une grande vuln\u00e9rabilit\u00e9 (\u00ab <em>I can\u2019t say you\u2019re unfaithful \/ All I know is you\u2019re able<\/em> \u00bb), Susie Maddocks exprime ce choix d\u00e9lib\u00e9r\u00e9 d&rsquo;accrocher son esp\u00e9rance au-del\u00e0 du doute, refusant de c\u00e9der \u00e0 l&rsquo;amertume. Port\u00e9e par une rythmique pop entra\u00eenante et des lignes de guitare percutantes apport\u00e9es par Charlie Maddocks (Holdfast), la chanson transforme une \u00e9preuve int\u00e9rieure en un \u00e9lan de r\u00e9silience lumineux et f\u00e9d\u00e9rateur.<\/p>\n\n\n\n<p><em>\u00c0 \u00e9couter sur <a href=\"https:\/\/www.radiocastor.com\/index.php\/playlist\/\" target=\"_blank\" rel=\"noreferrer noopener\">nos playlists<\/a> !<\/em><\/p>\n\n\n\n<figure class=\"wp-block-embed is-type-video is-provider-youtube wp-block-embed-youtube wp-embed-aspect-16-9 wp-has-aspect-ratio\"><div class=\"wp-block-embed__wrapper\">\n<iframe loading=\"lazy\" title=\"I Can&#039;t Say\" width=\"640\" height=\"480\" src=\"https:\/\/www.youtube.com\/embed\/b9cydvxAh8w?feature=oembed\" frameborder=\"0\" allow=\"accelerometer; autoplay; clipboard-write; encrypted-media; gyroscope; picture-in-picture; web-share\" referrerpolicy=\"strict-origin-when-cross-origin\" allowfullscreen><\/iframe>\n<\/div><\/figure>\n\n\n\n<p class=\"has-text-align-center\"><a href=\"https:\/\/www.facebook.com\/susan.e.maddocks\" target=\"_blank\" rel=\"noreferrer noopener\">Facebook<\/a> | <a href=\"https:\/\/www.instagram.com\/susiemaddocks\" target=\"_blank\" rel=\"noreferrer noopener\">Instagram<\/a><\/p>\n\n\n<\/div>\n","protected":false},"excerpt":{"rendered":"<p>Pour sa toute premi\u00e8re apparition sur RadioCastor, l\u2019auteure-compositrice, pianiste et interpr\u00e8te Susie Maddocks d\u00e9voile \u00ab&#8230;<\/p>\n","protected":false},"author":1,"featured_media":17351,"comment_status":"closed","ping_status":"open","sticky":false,"template":"","format":"standard","meta":{"_uag_custom_page_level_css":"","footnotes":""},"categories":[94,4,5,32,46],"tags":[],"class_list":["post-17350","post","type-post","status-publish","format-standard","has-post-thumbnail","hentry","category-auteur","category-pop","category-rock","category-single","category-sortie"],"yoast_head":"<!-- This site is optimized with the Yoast SEO plugin v28.4 - https:\/\/yoast.com\/product\/yoast-seo-wordpress\/ -->\n<title>Susie Maddocks explore le doute et la foi dans le vibrant morceau Pop Rock I Can\u2019t Say - Radio Castor<\/title>\n<meta name=\"robots\" content=\"index, follow, max-snippet:-1, max-image-preview:large, max-video-preview:-1\" \/>\n<link rel=\"canonical\" href=\"https:\/\/www.radiocastor.com\/index.php\/susie-maddocks-explore-le-doute-et-la-foi-dans-le-vibrant-morceau-pop-rock-i-cant-say\/\" \/>\n<meta property=\"og:locale\" content=\"fr_FR\" \/>\n<meta property=\"og:type\" content=\"article\" \/>\n<meta property=\"og:title\" content=\"Susie Maddocks explore le doute et la foi dans le vibrant morceau Pop Rock I Can\u2019t Say - Radio Castor\" \/>\n<meta property=\"og:description\" content=\"Pour sa toute premi\u00e8re apparition sur RadioCastor, l\u2019auteure-compositrice, pianiste et interpr\u00e8te Susie Maddocks d\u00e9voile \u00ab...\" \/>\n<meta property=\"og:url\" content=\"https:\/\/www.radiocastor.com\/index.php\/susie-maddocks-explore-le-doute-et-la-foi-dans-le-vibrant-morceau-pop-rock-i-cant-say\/\" \/>\n<meta property=\"og:site_name\" content=\"Radio Castor\" \/>\n<meta property=\"article:publisher\" content=\"https:\/\/www.facebook.com\/theradiocastor\" \/>\n<meta property=\"article:published_time\" content=\"2026-09-02T23:11:33+00:00\" \/>\n<meta property=\"article:modified_time\" content=\"2026-09-02T23:11:36+00:00\" \/>\n<meta property=\"og:image\" content=\"https:\/\/www.radiocastor.com\/wp-content\/uploads\/2026\/09\/Susie-Maddocks.jpg\" \/>\n\t<meta property=\"og:image:width\" content=\"2500\" \/>\n\t<meta property=\"og:image:height\" content=\"1669\" \/>\n\t<meta property=\"og:image:type\" content=\"image\/jpeg\" \/>\n<meta name=\"author\" content=\"R\u00e9daction R C\" \/>\n<meta name=\"twitter:card\" content=\"summary_large_image\" \/>\n<meta name=\"twitter:creator\" content=\"@TheRadioCastor\" \/>\n<meta name=\"twitter:site\" content=\"@TheRadioCastor\" \/>\n<meta name=\"twitter:label1\" content=\"\u00c9crit par\" \/>\n\t<meta name=\"twitter:data1\" content=\"R\u00e9daction R C\" \/>\n\t<meta name=\"twitter:label2\" content=\"Dur\u00e9e de lecture estim\u00e9e\" \/>\n\t<meta name=\"twitter:data2\" content=\"1 minute\" \/>\n<script type=\"application\/ld+json\" class=\"yoast-schema-graph\">{\"@context\":\"https:\\\/\\\/schema.org\",\"@graph\":[{\"@type\":\"Article\",\"@id\":\"https:\\\/\\\/www.radiocastor.com\\\/index.php\\\/susie-maddocks-explore-le-doute-et-la-foi-dans-le-vibrant-morceau-pop-rock-i-cant-say\\\/#article\",\"isPartOf\":{\"@id\":\"https:\\\/\\\/www.radiocastor.com\\\/index.php\\\/susie-maddocks-explore-le-doute-et-la-foi-dans-le-vibrant-morceau-pop-rock-i-cant-say\\\/\"},\"author\":{\"name\":\"R\u00e9daction R C\",\"@id\":\"https:\\\/\\\/www.radiocastor.com\\\/#\\\/schema\\\/person\\\/558b0e47dc4c11fa52b2220ba6a78779\"},\"headline\":\"Susie Maddocks explore le doute et la foi dans le vibrant morceau Pop Rock I Can\u2019t Say\",\"datePublished\":\"2026-09-02T23:11:33+00:00\",\"dateModified\":\"2026-09-02T23:11:36+00:00\",\"mainEntityOfPage\":{\"@id\":\"https:\\\/\\\/www.radiocastor.com\\\/index.php\\\/susie-maddocks-explore-le-doute-et-la-foi-dans-le-vibrant-morceau-pop-rock-i-cant-say\\\/\"},\"wordCount\":209,\"publisher\":{\"@id\":\"https:\\\/\\\/www.radiocastor.com\\\/#organization\"},\"image\":{\"@id\":\"https:\\\/\\\/www.radiocastor.com\\\/index.php\\\/susie-maddocks-explore-le-doute-et-la-foi-dans-le-vibrant-morceau-pop-rock-i-cant-say\\\/#primaryimage\"},\"thumbnailUrl\":\"https:\\\/\\\/www.radiocastor.com\\\/wp-content\\\/uploads\\\/2026\\\/09\\\/Susie-Maddocks.jpg\",\"articleSection\":[\"Auteur\",\"Pop\",\"Rock\",\"Single\",\"Sortie\"],\"inLanguage\":\"fr-FR\"},{\"@type\":\"WebPage\",\"@id\":\"https:\\\/\\\/www.radiocastor.com\\\/index.php\\\/susie-maddocks-explore-le-doute-et-la-foi-dans-le-vibrant-morceau-pop-rock-i-cant-say\\\/\",\"url\":\"https:\\\/\\\/www.radiocastor.com\\\/index.php\\\/susie-maddocks-explore-le-doute-et-la-foi-dans-le-vibrant-morceau-pop-rock-i-cant-say\\\/\",\"name\":\"Susie Maddocks explore le doute et la foi dans le vibrant morceau Pop Rock I Can\u2019t Say - Radio Castor\",\"isPartOf\":{\"@id\":\"https:\\\/\\\/www.radiocastor.com\\\/#website\"},\"primaryImageOfPage\":{\"@id\":\"https:\\\/\\\/www.radiocastor.com\\\/index.php\\\/susie-maddocks-explore-le-doute-et-la-foi-dans-le-vibrant-morceau-pop-rock-i-cant-say\\\/#primaryimage\"},\"image\":{\"@id\":\"https:\\\/\\\/www.radiocastor.com\\\/index.php\\\/susie-maddocks-explore-le-doute-et-la-foi-dans-le-vibrant-morceau-pop-rock-i-cant-say\\\/#primaryimage\"},\"thumbnailUrl\":\"https:\\\/\\\/www.radiocastor.com\\\/wp-content\\\/uploads\\\/2026\\\/09\\\/Susie-Maddocks.jpg\",\"datePublished\":\"2026-09-02T23:11:33+00:00\",\"dateModified\":\"2026-09-02T23:11:36+00:00\",\"breadcrumb\":{\"@id\":\"https:\\\/\\\/www.radiocastor.com\\\/index.php\\\/susie-maddocks-explore-le-doute-et-la-foi-dans-le-vibrant-morceau-pop-rock-i-cant-say\\\/#breadcrumb\"},\"inLanguage\":\"fr-FR\",\"potentialAction\":[{\"@type\":\"ReadAction\",\"target\":[\"https:\\\/\\\/www.radiocastor.com\\\/index.php\\\/susie-maddocks-explore-le-doute-et-la-foi-dans-le-vibrant-morceau-pop-rock-i-cant-say\\\/\"]}]},{\"@type\":\"ImageObject\",\"inLanguage\":\"fr-FR\",\"@id\":\"https:\\\/\\\/www.radiocastor.com\\\/index.php\\\/susie-maddocks-explore-le-doute-et-la-foi-dans-le-vibrant-morceau-pop-rock-i-cant-say\\\/#primaryimage\",\"url\":\"https:\\\/\\\/www.radiocastor.com\\\/wp-content\\\/uploads\\\/2026\\\/09\\\/Susie-Maddocks.jpg\",\"contentUrl\":\"https:\\\/\\\/www.radiocastor.com\\\/wp-content\\\/uploads\\\/2026\\\/09\\\/Susie-Maddocks.jpg\",\"width\":2500,\"height\":1669,\"caption\":\"Susie Maddocks\"},{\"@type\":\"BreadcrumbList\",\"@id\":\"https:\\\/\\\/www.radiocastor.com\\\/index.php\\\/susie-maddocks-explore-le-doute-et-la-foi-dans-le-vibrant-morceau-pop-rock-i-cant-say\\\/#breadcrumb\",\"itemListElement\":[{\"@type\":\"ListItem\",\"position\":1,\"name\":\"Accueil\",\"item\":\"https:\\\/\\\/www.radiocastor.com\\\/\"},{\"@type\":\"ListItem\",\"position\":2,\"name\":\"Susie Maddocks explore le doute et la foi dans le vibrant morceau Pop Rock I Can\u2019t Say\"}]},{\"@type\":\"WebSite\",\"@id\":\"https:\\\/\\\/www.radiocastor.com\\\/#website\",\"url\":\"https:\\\/\\\/www.radiocastor.com\\\/\",\"name\":\"Radio Castor\",\"description\":\"La voix !\",\"publisher\":{\"@id\":\"https:\\\/\\\/www.radiocastor.com\\\/#organization\"},\"potentialAction\":[{\"@type\":\"SearchAction\",\"target\":{\"@type\":\"EntryPoint\",\"urlTemplate\":\"https:\\\/\\\/www.radiocastor.com\\\/?s={search_term_string}\"},\"query-input\":{\"@type\":\"PropertyValueSpecification\",\"valueRequired\":true,\"valueName\":\"search_term_string\"}}],\"inLanguage\":\"fr-FR\"},{\"@type\":\"Organization\",\"@id\":\"https:\\\/\\\/www.radiocastor.com\\\/#organization\",\"name\":\"Radio Castor\",\"url\":\"https:\\\/\\\/www.radiocastor.com\\\/\",\"logo\":{\"@type\":\"ImageObject\",\"inLanguage\":\"fr-FR\",\"@id\":\"https:\\\/\\\/www.radiocastor.com\\\/#\\\/schema\\\/logo\\\/image\\\/\",\"url\":\"https:\\\/\\\/www.radiocastor.com\\\/wp-content\\\/uploads\\\/2021\\\/11\\\/cropped-Radio-castor-logo-2.png\",\"contentUrl\":\"https:\\\/\\\/www.radiocastor.com\\\/wp-content\\\/uploads\\\/2021\\\/11\\\/cropped-Radio-castor-logo-2.png\",\"width\":437,\"height\":219,\"caption\":\"Radio Castor\"},\"image\":{\"@id\":\"https:\\\/\\\/www.radiocastor.com\\\/#\\\/schema\\\/logo\\\/image\\\/\"},\"sameAs\":[\"https:\\\/\\\/www.facebook.com\\\/theradiocastor\",\"https:\\\/\\\/x.com\\\/TheRadioCastor\",\"https:\\\/\\\/www.instagram.com\\\/theradiocastor\",\"https:\\\/\\\/www.youtube.com\\\/c\\\/RadioCastor\"]},{\"@type\":\"Person\",\"@id\":\"https:\\\/\\\/www.radiocastor.com\\\/#\\\/schema\\\/person\\\/558b0e47dc4c11fa52b2220ba6a78779\",\"name\":\"R\u00e9daction R C\",\"image\":{\"@type\":\"ImageObject\",\"inLanguage\":\"fr-FR\",\"@id\":\"https:\\\/\\\/secure.gravatar.com\\\/avatar\\\/1d3e4f4c4a0d129f7ed4838ea20c33760c2484b9bc381993df6c0e3f5bf89c23?s=96&d=mm&r=g\",\"url\":\"https:\\\/\\\/secure.gravatar.com\\\/avatar\\\/1d3e4f4c4a0d129f7ed4838ea20c33760c2484b9bc381993df6c0e3f5bf89c23?s=96&d=mm&r=g\",\"contentUrl\":\"https:\\\/\\\/secure.gravatar.com\\\/avatar\\\/1d3e4f4c4a0d129f7ed4838ea20c33760c2484b9bc381993df6c0e3f5bf89c23?s=96&d=mm&r=g\",\"caption\":\"R\u00e9daction R C\"},\"sameAs\":[\"http:\\\/\\\/www.radiocastor.com\"],\"url\":\"https:\\\/\\\/www.radiocastor.com\\\/index.php\\\/author\\\/radio-castor\\\/\"}]}<\/script>\n<!-- \/ Yoast SEO plugin. -->","yoast_head_json":{"title":"Susie Maddocks explore le doute et la foi dans le vibrant morceau Pop Rock I Can\u2019t Say - Radio Castor","robots":{"index":"index","follow":"follow","max-snippet":"max-snippet:-1","max-image-preview":"max-image-preview:large","max-video-preview":"max-video-preview:-1"},"canonical":"https:\/\/www.radiocastor.com\/index.php\/susie-maddocks-explore-le-doute-et-la-foi-dans-le-vibrant-morceau-pop-rock-i-cant-say\/","og_locale":"fr_FR","og_type":"article","og_title":"Susie Maddocks explore le doute et la foi dans le vibrant morceau Pop Rock I Can\u2019t Say - Radio Castor","og_description":"Pour sa toute premi\u00e8re apparition sur RadioCastor, l\u2019auteure-compositrice, pianiste et interpr\u00e8te Susie Maddocks d\u00e9voile \u00ab...","og_url":"https:\/\/www.radiocastor.com\/index.php\/susie-maddocks-explore-le-doute-et-la-foi-dans-le-vibrant-morceau-pop-rock-i-cant-say\/","og_site_name":"Radio Castor","article_publisher":"https:\/\/www.facebook.com\/theradiocastor","article_published_time":"2026-09-02T23:11:33+00:00","article_modified_time":"2026-09-02T23:11:36+00:00","og_image":[{"width":2500,"height":1669,"url":"https:\/\/www.radiocastor.com\/wp-content\/uploads\/2026\/09\/Susie-Maddocks.jpg","type":"image\/jpeg"}],"author":"R\u00e9daction R C","twitter_card":"summary_large_image","twitter_creator":"@TheRadioCastor","twitter_site":"@TheRadioCastor","twitter_misc":{"\u00c9crit par":"R\u00e9daction R C","Dur\u00e9e de lecture estim\u00e9e":"1 minute"},"schema":{"@context":"https:\/\/schema.org","@graph":[{"@type":"Article","@id":"https:\/\/www.radiocastor.com\/index.php\/susie-maddocks-explore-le-doute-et-la-foi-dans-le-vibrant-morceau-pop-rock-i-cant-say\/#article","isPartOf":{"@id":"https:\/\/www.radiocastor.com\/index.php\/susie-maddocks-explore-le-doute-et-la-foi-dans-le-vibrant-morceau-pop-rock-i-cant-say\/"},"author":{"name":"R\u00e9daction R C","@id":"https:\/\/www.radiocastor.com\/#\/schema\/person\/558b0e47dc4c11fa52b2220ba6a78779"},"headline":"Susie Maddocks explore le doute et la foi dans le vibrant morceau Pop Rock I Can\u2019t Say","datePublished":"2026-09-02T23:11:33+00:00","dateModified":"2026-09-02T23:11:36+00:00","mainEntityOfPage":{"@id":"https:\/\/www.radiocastor.com\/index.php\/susie-maddocks-explore-le-doute-et-la-foi-dans-le-vibrant-morceau-pop-rock-i-cant-say\/"},"wordCount":209,"publisher":{"@id":"https:\/\/www.radiocastor.com\/#organization"},"image":{"@id":"https:\/\/www.radiocastor.com\/index.php\/susie-maddocks-explore-le-doute-et-la-foi-dans-le-vibrant-morceau-pop-rock-i-cant-say\/#primaryimage"},"thumbnailUrl":"https:\/\/www.radiocastor.com\/wp-content\/uploads\/2026\/09\/Susie-Maddocks.jpg","articleSection":["Auteur","Pop","Rock","Single","Sortie"],"inLanguage":"fr-FR"},{"@type":"WebPage","@id":"https:\/\/www.radiocastor.com\/index.php\/susie-maddocks-explore-le-doute-et-la-foi-dans-le-vibrant-morceau-pop-rock-i-cant-say\/","url":"https:\/\/www.radiocastor.com\/index.php\/susie-maddocks-explore-le-doute-et-la-foi-dans-le-vibrant-morceau-pop-rock-i-cant-say\/","name":"Susie Maddocks explore le doute et la foi dans le vibrant morceau Pop Rock I Can\u2019t Say - Radio Castor","isPartOf":{"@id":"https:\/\/www.radiocastor.com\/#website"},"primaryImageOfPage":{"@id":"https:\/\/www.radiocastor.com\/index.php\/susie-maddocks-explore-le-doute-et-la-foi-dans-le-vibrant-morceau-pop-rock-i-cant-say\/#primaryimage"},"image":{"@id":"https:\/\/www.radiocastor.com\/index.php\/susie-maddocks-explore-le-doute-et-la-foi-dans-le-vibrant-morceau-pop-rock-i-cant-say\/#primaryimage"},"thumbnailUrl":"https:\/\/www.radiocastor.com\/wp-content\/uploads\/2026\/09\/Susie-Maddocks.jpg","datePublished":"2026-09-02T23:11:33+00:00","dateModified":"2026-09-02T23:11:36+00:00","breadcrumb":{"@id":"https:\/\/www.radiocastor.com\/index.php\/susie-maddocks-explore-le-doute-et-la-foi-dans-le-vibrant-morceau-pop-rock-i-cant-say\/#breadcrumb"},"inLanguage":"fr-FR","potentialAction":[{"@type":"ReadAction","target":["https:\/\/www.radiocastor.com\/index.php\/susie-maddocks-explore-le-doute-et-la-foi-dans-le-vibrant-morceau-pop-rock-i-cant-say\/"]}]},{"@type":"ImageObject","inLanguage":"fr-FR","@id":"https:\/\/www.radiocastor.com\/index.php\/susie-maddocks-explore-le-doute-et-la-foi-dans-le-vibrant-morceau-pop-rock-i-cant-say\/#primaryimage","url":"https:\/\/www.radiocastor.com\/wp-content\/uploads\/2026\/09\/Susie-Maddocks.jpg","contentUrl":"https:\/\/www.radiocastor.com\/wp-content\/uploads\/2026\/09\/Susie-Maddocks.jpg","width":2500,"height":1669,"caption":"Susie Maddocks"},{"@type":"BreadcrumbList","@id":"https:\/\/www.radiocastor.com\/index.php\/susie-maddocks-explore-le-doute-et-la-foi-dans-le-vibrant-morceau-pop-rock-i-cant-say\/#breadcrumb","itemListElement":[{"@type":"ListItem","position":1,"name":"Accueil","item":"https:\/\/www.radiocastor.com\/"},{"@type":"ListItem","position":2,"name":"Susie Maddocks explore le doute et la foi dans le vibrant morceau Pop Rock I Can\u2019t Say"}]},{"@type":"WebSite","@id":"https:\/\/www.radiocastor.com\/#website","url":"https:\/\/www.radiocastor.com\/","name":"Radio Castor","description":"La voix !","publisher":{"@id":"https:\/\/www.radiocastor.com\/#organization"},"potentialAction":[{"@type":"SearchAction","target":{"@type":"EntryPoint","urlTemplate":"https:\/\/www.radiocastor.com\/?s={search_term_string}"},"query-input":{"@type":"PropertyValueSpecification","valueRequired":true,"valueName":"search_term_string"}}],"inLanguage":"fr-FR"},{"@type":"Organization","@id":"https:\/\/www.radiocastor.com\/#organization","name":"Radio Castor","url":"https:\/\/www.radiocastor.com\/","logo":{"@type":"ImageObject","inLanguage":"fr-FR","@id":"https:\/\/www.radiocastor.com\/#\/schema\/logo\/image\/","url":"https:\/\/www.radiocastor.com\/wp-content\/uploads\/2021\/11\/cropped-Radio-castor-logo-2.png","contentUrl":"https:\/\/www.radiocastor.com\/wp-content\/uploads\/2021\/11\/cropped-Radio-castor-logo-2.png","width":437,"height":219,"caption":"Radio Castor"},"image":{"@id":"https:\/\/www.radiocastor.com\/#\/schema\/logo\/image\/"},"sameAs":["https:\/\/www.facebook.com\/theradiocastor","https:\/\/x.com\/TheRadioCastor","https:\/\/www.instagram.com\/theradiocastor","https:\/\/www.youtube.com\/c\/RadioCastor"]},{"@type":"Person","@id":"https:\/\/www.radiocastor.com\/#\/schema\/person\/558b0e47dc4c11fa52b2220ba6a78779","name":"R\u00e9daction R C","image":{"@type":"ImageObject","inLanguage":"fr-FR","@id":"https:\/\/secure.gravatar.com\/avatar\/1d3e4f4c4a0d129f7ed4838ea20c33760c2484b9bc381993df6c0e3f5bf89c23?s=96&d=mm&r=g","url":"https:\/\/secure.gravatar.com\/avatar\/1d3e4f4c4a0d129f7ed4838ea20c33760c2484b9bc381993df6c0e3f5bf89c23?s=96&d=mm&r=g","contentUrl":"https:\/\/secure.gravatar.com\/avatar\/1d3e4f4c4a0d129f7ed4838ea20c33760c2484b9bc381993df6c0e3f5bf89c23?s=96&d=mm&r=g","caption":"R\u00e9daction R C"},"sameAs":["http:\/\/www.radiocastor.com"],"url":"https:\/\/www.radiocastor.com\/index.php\/author\/radio-castor\/"}]}},"uagb_featured_image_src":{"full":["https:\/\/www.radiocastor.com\/wp-content\/uploads\/2026\/09\/Susie-Maddocks.jpg",2500,1669,false],"thumbnail":["https:\/\/www.radiocastor.com\/wp-content\/uploads\/2026\/09\/Susie-Maddocks-150x150.jpg",150,150,true],"medium":["https:\/\/www.radiocastor.com\/wp-content\/uploads\/2026\/09\/Susie-Maddocks-300x200.jpg",300,200,true],"medium_large":["https:\/\/www.radiocastor.com\/wp-content\/uploads\/2026\/09\/Susie-Maddocks-768x513.jpg",640,428,true],"large":["https:\/\/www.radiocastor.com\/wp-content\/uploads\/2026\/09\/Susie-Maddocks-1024x684.jpg",640,428,true],"1536x1536":["https:\/\/www.radiocastor.com\/wp-content\/uploads\/2026\/09\/Susie-Maddocks-1536x1025.jpg",1536,1025,true],"2048x2048":["https:\/\/www.radiocastor.com\/wp-content\/uploads\/2026\/09\/Susie-Maddocks-2048x1367.jpg",2048,1367,true],"newsever-slider-full":["https:\/\/www.radiocastor.com\/wp-content\/uploads\/2026\/09\/Susie-Maddocks-1280x845.jpg",1280,845,true],"newsever-featured":["https:\/\/www.radiocastor.com\/wp-content\/uploads\/2026\/09\/Susie-Maddocks-1024x684.jpg",1024,684,true],"newsever-medium":["https:\/\/www.radiocastor.com\/wp-content\/uploads\/2026\/09\/Susie-Maddocks-720x475.jpg",720,475,true]},"uagb_author_info":{"display_name":"R\u00e9daction R C","author_link":"https:\/\/www.radiocastor.com\/index.php\/author\/radio-castor\/"},"uagb_comment_info":0,"uagb_excerpt":"Pour sa toute premi\u00e8re apparition sur RadioCastor, l\u2019auteure-compositrice, pianiste et interpr\u00e8te Susie Maddocks d\u00e9voile \u00ab...","_links":{"self":[{"href":"https:\/\/www.radiocastor.com\/index.php\/wp-json\/wp\/v2\/posts\/17350","targetHints":{"allow":["GET"]}}],"collection":[{"href":"https:\/\/www.radiocastor.com\/index.php\/wp-json\/wp\/v2\/posts"}],"about":[{"href":"https:\/\/www.radiocastor.com\/index.php\/wp-json\/wp\/v2\/types\/post"}],"author":[{"embeddable":true,"href":"https:\/\/www.radiocastor.com\/index.php\/wp-json\/wp\/v2\/users\/1"}],"replies":[{"embeddable":true,"href":"https:\/\/www.radiocastor.com\/index.php\/wp-json\/wp\/v2\/comments?post=17350"}],"version-history":[{"count":1,"href":"https:\/\/www.radiocastor.com\/index.php\/wp-json\/wp\/v2\/posts\/17350\/revisions"}],"predecessor-version":[{"id":17352,"href":"https:\/\/www.radiocastor.com\/index.php\/wp-json\/wp\/v2\/posts\/17350\/revisions\/17352"}],"wp:featuredmedia":[{"embeddable":true,"href":"https:\/\/www.radiocastor.com\/index.php\/wp-json\/wp\/v2\/media\/17351"}],"wp:attachment":[{"href":"https:\/\/www.radiocastor.com\/index.php\/wp-json\/wp\/v2\/media?parent=17350"}],"wp:term":[{"taxonomy":"category","embeddable":true,"href":"https:\/\/www.radiocastor.com\/index.php\/wp-json\/wp\/v2\/categories?post=17350"},{"taxonomy":"post_tag","embeddable":true,"href":"https:\/\/www.radiocastor.com\/index.php\/wp-json\/wp\/v2\/tags?post=17350"}],"curies":[{"name":"wp","href":"https:\/\/api.w.org\/{rel}","templated":true}]}}