{"id":17326,"date":"2026-09-02T01:52:31","date_gmt":"2026-09-01T23:52:31","guid":{"rendered":"https:\/\/www.radiocastor.com\/?p=17326"},"modified":"2026-09-02T01:52:34","modified_gmt":"2026-09-01T23:52:34","slug":"jeff-toth-capture-le-vertige-du-temps-qui-passe-dans-lhymne-pop-rock-et-indie-folk-swept-up","status":"publish","type":"post","link":"https:\/\/www.radiocastor.com\/index.php\/jeff-toth-capture-le-vertige-du-temps-qui-passe-dans-lhymne-pop-rock-et-indie-folk-swept-up\/","title":{"rendered":"Jeff Toth capture le vertige du temps qui passe dans l&rsquo;hymne Pop Rock et Indie Folk Swept Up"},"content":{"rendered":"\n<div class=\"wp-block-group is-layout-constrained wp-block-group-is-layout-constrained\">\n\n\n<p>Pour sa toute premi\u00e8re apparition sur RadioCastor, l\u2019artiste et producteur originaire du New Jersey et bas\u00e9 \u00e0 Nashville <strong>Jeff Toth<\/strong> d\u00e9voile \u00ab Swept Up \u00bb, un extrait captivant paru le 21 ao\u00fbt 2026. Naviguant avec aisance entre Pop Rock, Indie Folk et Folk Pop, il signe un morceau chaleureux qui touche imm\u00e9diatement par sa sinc\u00e9rit\u00e9.<\/p>\n\n\n\n<p>N\u00e9 d\u2019un moment d&rsquo;inattention au volant sur l&rsquo;autoroute alors que l&rsquo;artiste s&rsquo;\u00e9tait laiss\u00e9 distraire par ses pens\u00e9es, \u00ab Swept Up \u00bb aborde le vertige face au temps qui s&rsquo;acc\u00e9l\u00e8re et \u00e0 la peur de se perdre en grandissant. \u00c0 travers des paroles tr\u00e8s parlantes (\u00ab <em>Like a landslide the future\u2019s coming at me \/ And I don\u2019t wanna be swept up again<\/em> \u00bb), Jeff Toth exprime ce d\u00e9sir d&rsquo;ancrage face au tourbillon du quotidien, entre responsabilit\u00e9s et r\u00eaves d&rsquo;avenir. Port\u00e9e par une production organique rappelant des figures comme Noah Kahan ou Sam Fender, la chanson transforme une crise existentielle intime en un hymne f\u00e9d\u00e9rateur, lumineux et profond\u00e9ment humain.<\/p>\n\n\n\n<p><em>\u00c0 \u00e9couter sur <a href=\"https:\/\/www.radiocastor.com\/index.php\/playlist\/\" target=\"_blank\" rel=\"noreferrer noopener\">nos playlists<\/a> !<\/em><\/p>\n\n\n\n<figure class=\"wp-block-embed is-type-video is-provider-youtube wp-block-embed-youtube wp-embed-aspect-16-9 wp-has-aspect-ratio\"><div class=\"wp-block-embed__wrapper\">\n<iframe loading=\"lazy\" title=\"Swept Up - Jeff Toth (Official Music Video)\" width=\"640\" height=\"360\" src=\"https:\/\/www.youtube.com\/embed\/0B5PR_uRtTw?feature=oembed\" frameborder=\"0\" allow=\"accelerometer; autoplay; clipboard-write; encrypted-media; gyroscope; picture-in-picture; web-share\" referrerpolicy=\"strict-origin-when-cross-origin\" allowfullscreen><\/iframe>\n<\/div><\/figure>\n\n\n\n<p class=\"has-text-align-center\"><a href=\"https:\/\/www.instagram.com\/jefftothmakesmusic\" target=\"_blank\" rel=\"noreferrer noopener\">Instagram<\/a><\/p>\n\n\n<\/div>\n","protected":false},"excerpt":{"rendered":"<p>Pour sa toute premi\u00e8re apparition sur RadioCastor, l\u2019artiste et producteur originaire du New Jersey et&#8230;<\/p>\n","protected":false},"author":1,"featured_media":17327,"comment_status":"closed","ping_status":"open","sticky":false,"template":"","format":"standard","meta":{"_uag_custom_page_level_css":"","footnotes":""},"categories":[76,4,5,32,46],"tags":[],"class_list":["post-17326","post","type-post","status-publish","format-standard","has-post-thumbnail","hentry","category-folk","category-pop","category-rock","category-single","category-sortie"],"yoast_head":"<!-- This site is optimized with the Yoast SEO plugin v28.4 - https:\/\/yoast.com\/product\/yoast-seo-wordpress\/ -->\n<title>Jeff Toth capture le vertige du temps qui passe dans l&#039;hymne Pop Rock et Indie Folk Swept Up - Radio Castor<\/title>\n<meta name=\"robots\" content=\"index, follow, max-snippet:-1, max-image-preview:large, max-video-preview:-1\" \/>\n<link rel=\"canonical\" href=\"https:\/\/www.radiocastor.com\/index.php\/jeff-toth-capture-le-vertige-du-temps-qui-passe-dans-lhymne-pop-rock-et-indie-folk-swept-up\/\" \/>\n<meta property=\"og:locale\" content=\"fr_FR\" \/>\n<meta property=\"og:type\" content=\"article\" \/>\n<meta property=\"og:title\" content=\"Jeff Toth capture le vertige du temps qui passe dans l&#039;hymne Pop Rock et Indie Folk Swept Up - Radio Castor\" \/>\n<meta property=\"og:description\" content=\"Pour sa toute premi\u00e8re apparition sur RadioCastor, l\u2019artiste et producteur originaire du New Jersey et...\" \/>\n<meta property=\"og:url\" content=\"https:\/\/www.radiocastor.com\/index.php\/jeff-toth-capture-le-vertige-du-temps-qui-passe-dans-lhymne-pop-rock-et-indie-folk-swept-up\/\" \/>\n<meta property=\"og:site_name\" content=\"Radio Castor\" \/>\n<meta property=\"article:publisher\" content=\"https:\/\/www.facebook.com\/theradiocastor\" \/>\n<meta property=\"article:published_time\" content=\"2026-09-01T23:52:31+00:00\" \/>\n<meta property=\"article:modified_time\" content=\"2026-09-01T23:52:34+00:00\" \/>\n<meta property=\"og:image\" content=\"https:\/\/www.radiocastor.com\/wp-content\/uploads\/2026\/09\/Screenshot-2026-09-02-at-01-45-56-Jeff-Toth-Spotify.png\" \/>\n\t<meta property=\"og:image:width\" content=\"410\" \/>\n\t<meta property=\"og:image:height\" content=\"461\" \/>\n\t<meta property=\"og:image:type\" content=\"image\/png\" \/>\n<meta name=\"author\" content=\"R\u00e9daction R C\" \/>\n<meta name=\"twitter:card\" content=\"summary_large_image\" \/>\n<meta name=\"twitter:creator\" content=\"@TheRadioCastor\" \/>\n<meta name=\"twitter:site\" content=\"@TheRadioCastor\" \/>\n<meta name=\"twitter:label1\" content=\"\u00c9crit par\" \/>\n\t<meta name=\"twitter:data1\" content=\"R\u00e9daction R C\" \/>\n\t<meta name=\"twitter:label2\" content=\"Dur\u00e9e de lecture estim\u00e9e\" \/>\n\t<meta name=\"twitter:data2\" content=\"2 minutes\" \/>\n<script type=\"application\/ld+json\" class=\"yoast-schema-graph\">{\"@context\":\"https:\\\/\\\/schema.org\",\"@graph\":[{\"@type\":\"Article\",\"@id\":\"https:\\\/\\\/www.radiocastor.com\\\/index.php\\\/jeff-toth-capture-le-vertige-du-temps-qui-passe-dans-lhymne-pop-rock-et-indie-folk-swept-up\\\/#article\",\"isPartOf\":{\"@id\":\"https:\\\/\\\/www.radiocastor.com\\\/index.php\\\/jeff-toth-capture-le-vertige-du-temps-qui-passe-dans-lhymne-pop-rock-et-indie-folk-swept-up\\\/\"},\"author\":{\"name\":\"R\u00e9daction R C\",\"@id\":\"https:\\\/\\\/www.radiocastor.com\\\/#\\\/schema\\\/person\\\/558b0e47dc4c11fa52b2220ba6a78779\"},\"headline\":\"Jeff Toth capture le vertige du temps qui passe dans l&rsquo;hymne Pop Rock et Indie Folk Swept Up\",\"datePublished\":\"2026-09-01T23:52:31+00:00\",\"dateModified\":\"2026-09-01T23:52:34+00:00\",\"mainEntityOfPage\":{\"@id\":\"https:\\\/\\\/www.radiocastor.com\\\/index.php\\\/jeff-toth-capture-le-vertige-du-temps-qui-passe-dans-lhymne-pop-rock-et-indie-folk-swept-up\\\/\"},\"wordCount\":212,\"publisher\":{\"@id\":\"https:\\\/\\\/www.radiocastor.com\\\/#organization\"},\"image\":{\"@id\":\"https:\\\/\\\/www.radiocastor.com\\\/index.php\\\/jeff-toth-capture-le-vertige-du-temps-qui-passe-dans-lhymne-pop-rock-et-indie-folk-swept-up\\\/#primaryimage\"},\"thumbnailUrl\":\"https:\\\/\\\/www.radiocastor.com\\\/wp-content\\\/uploads\\\/2026\\\/09\\\/Screenshot-2026-09-02-at-01-45-56-Jeff-Toth-Spotify.png\",\"articleSection\":[\"Folk\",\"Pop\",\"Rock\",\"Single\",\"Sortie\"],\"inLanguage\":\"fr-FR\"},{\"@type\":\"WebPage\",\"@id\":\"https:\\\/\\\/www.radiocastor.com\\\/index.php\\\/jeff-toth-capture-le-vertige-du-temps-qui-passe-dans-lhymne-pop-rock-et-indie-folk-swept-up\\\/\",\"url\":\"https:\\\/\\\/www.radiocastor.com\\\/index.php\\\/jeff-toth-capture-le-vertige-du-temps-qui-passe-dans-lhymne-pop-rock-et-indie-folk-swept-up\\\/\",\"name\":\"Jeff Toth capture le vertige du temps qui passe dans l'hymne Pop Rock et Indie Folk Swept Up - Radio Castor\",\"isPartOf\":{\"@id\":\"https:\\\/\\\/www.radiocastor.com\\\/#website\"},\"primaryImageOfPage\":{\"@id\":\"https:\\\/\\\/www.radiocastor.com\\\/index.php\\\/jeff-toth-capture-le-vertige-du-temps-qui-passe-dans-lhymne-pop-rock-et-indie-folk-swept-up\\\/#primaryimage\"},\"image\":{\"@id\":\"https:\\\/\\\/www.radiocastor.com\\\/index.php\\\/jeff-toth-capture-le-vertige-du-temps-qui-passe-dans-lhymne-pop-rock-et-indie-folk-swept-up\\\/#primaryimage\"},\"thumbnailUrl\":\"https:\\\/\\\/www.radiocastor.com\\\/wp-content\\\/uploads\\\/2026\\\/09\\\/Screenshot-2026-09-02-at-01-45-56-Jeff-Toth-Spotify.png\",\"datePublished\":\"2026-09-01T23:52:31+00:00\",\"dateModified\":\"2026-09-01T23:52:34+00:00\",\"breadcrumb\":{\"@id\":\"https:\\\/\\\/www.radiocastor.com\\\/index.php\\\/jeff-toth-capture-le-vertige-du-temps-qui-passe-dans-lhymne-pop-rock-et-indie-folk-swept-up\\\/#breadcrumb\"},\"inLanguage\":\"fr-FR\",\"potentialAction\":[{\"@type\":\"ReadAction\",\"target\":[\"https:\\\/\\\/www.radiocastor.com\\\/index.php\\\/jeff-toth-capture-le-vertige-du-temps-qui-passe-dans-lhymne-pop-rock-et-indie-folk-swept-up\\\/\"]}]},{\"@type\":\"ImageObject\",\"inLanguage\":\"fr-FR\",\"@id\":\"https:\\\/\\\/www.radiocastor.com\\\/index.php\\\/jeff-toth-capture-le-vertige-du-temps-qui-passe-dans-lhymne-pop-rock-et-indie-folk-swept-up\\\/#primaryimage\",\"url\":\"https:\\\/\\\/www.radiocastor.com\\\/wp-content\\\/uploads\\\/2026\\\/09\\\/Screenshot-2026-09-02-at-01-45-56-Jeff-Toth-Spotify.png\",\"contentUrl\":\"https:\\\/\\\/www.radiocastor.com\\\/wp-content\\\/uploads\\\/2026\\\/09\\\/Screenshot-2026-09-02-at-01-45-56-Jeff-Toth-Spotify.png\",\"width\":410,\"height\":461,\"caption\":\"Jeff Toth\"},{\"@type\":\"BreadcrumbList\",\"@id\":\"https:\\\/\\\/www.radiocastor.com\\\/index.php\\\/jeff-toth-capture-le-vertige-du-temps-qui-passe-dans-lhymne-pop-rock-et-indie-folk-swept-up\\\/#breadcrumb\",\"itemListElement\":[{\"@type\":\"ListItem\",\"position\":1,\"name\":\"Accueil\",\"item\":\"https:\\\/\\\/www.radiocastor.com\\\/\"},{\"@type\":\"ListItem\",\"position\":2,\"name\":\"Jeff Toth capture le vertige du temps qui passe dans l&rsquo;hymne Pop Rock et Indie Folk Swept Up\"}]},{\"@type\":\"WebSite\",\"@id\":\"https:\\\/\\\/www.radiocastor.com\\\/#website\",\"url\":\"https:\\\/\\\/www.radiocastor.com\\\/\",\"name\":\"Radio Castor\",\"description\":\"La voix !\",\"publisher\":{\"@id\":\"https:\\\/\\\/www.radiocastor.com\\\/#organization\"},\"potentialAction\":[{\"@type\":\"SearchAction\",\"target\":{\"@type\":\"EntryPoint\",\"urlTemplate\":\"https:\\\/\\\/www.radiocastor.com\\\/?s={search_term_string}\"},\"query-input\":{\"@type\":\"PropertyValueSpecification\",\"valueRequired\":true,\"valueName\":\"search_term_string\"}}],\"inLanguage\":\"fr-FR\"},{\"@type\":\"Organization\",\"@id\":\"https:\\\/\\\/www.radiocastor.com\\\/#organization\",\"name\":\"Radio Castor\",\"url\":\"https:\\\/\\\/www.radiocastor.com\\\/\",\"logo\":{\"@type\":\"ImageObject\",\"inLanguage\":\"fr-FR\",\"@id\":\"https:\\\/\\\/www.radiocastor.com\\\/#\\\/schema\\\/logo\\\/image\\\/\",\"url\":\"https:\\\/\\\/www.radiocastor.com\\\/wp-content\\\/uploads\\\/2021\\\/11\\\/cropped-Radio-castor-logo-2.png\",\"contentUrl\":\"https:\\\/\\\/www.radiocastor.com\\\/wp-content\\\/uploads\\\/2021\\\/11\\\/cropped-Radio-castor-logo-2.png\",\"width\":437,\"height\":219,\"caption\":\"Radio Castor\"},\"image\":{\"@id\":\"https:\\\/\\\/www.radiocastor.com\\\/#\\\/schema\\\/logo\\\/image\\\/\"},\"sameAs\":[\"https:\\\/\\\/www.facebook.com\\\/theradiocastor\",\"https:\\\/\\\/x.com\\\/TheRadioCastor\",\"https:\\\/\\\/www.instagram.com\\\/theradiocastor\",\"https:\\\/\\\/www.youtube.com\\\/c\\\/RadioCastor\"]},{\"@type\":\"Person\",\"@id\":\"https:\\\/\\\/www.radiocastor.com\\\/#\\\/schema\\\/person\\\/558b0e47dc4c11fa52b2220ba6a78779\",\"name\":\"R\u00e9daction R C\",\"image\":{\"@type\":\"ImageObject\",\"inLanguage\":\"fr-FR\",\"@id\":\"https:\\\/\\\/secure.gravatar.com\\\/avatar\\\/1d3e4f4c4a0d129f7ed4838ea20c33760c2484b9bc381993df6c0e3f5bf89c23?s=96&d=mm&r=g\",\"url\":\"https:\\\/\\\/secure.gravatar.com\\\/avatar\\\/1d3e4f4c4a0d129f7ed4838ea20c33760c2484b9bc381993df6c0e3f5bf89c23?s=96&d=mm&r=g\",\"contentUrl\":\"https:\\\/\\\/secure.gravatar.com\\\/avatar\\\/1d3e4f4c4a0d129f7ed4838ea20c33760c2484b9bc381993df6c0e3f5bf89c23?s=96&d=mm&r=g\",\"caption\":\"R\u00e9daction R C\"},\"sameAs\":[\"http:\\\/\\\/www.radiocastor.com\"],\"url\":\"https:\\\/\\\/www.radiocastor.com\\\/index.php\\\/author\\\/radio-castor\\\/\"}]}<\/script>\n<!-- \/ Yoast SEO plugin. -->","yoast_head_json":{"title":"Jeff Toth capture le vertige du temps qui passe dans l'hymne Pop Rock et Indie Folk Swept Up - Radio Castor","robots":{"index":"index","follow":"follow","max-snippet":"max-snippet:-1","max-image-preview":"max-image-preview:large","max-video-preview":"max-video-preview:-1"},"canonical":"https:\/\/www.radiocastor.com\/index.php\/jeff-toth-capture-le-vertige-du-temps-qui-passe-dans-lhymne-pop-rock-et-indie-folk-swept-up\/","og_locale":"fr_FR","og_type":"article","og_title":"Jeff Toth capture le vertige du temps qui passe dans l'hymne Pop Rock et Indie Folk Swept Up - Radio Castor","og_description":"Pour sa toute premi\u00e8re apparition sur RadioCastor, l\u2019artiste et producteur originaire du New Jersey et...","og_url":"https:\/\/www.radiocastor.com\/index.php\/jeff-toth-capture-le-vertige-du-temps-qui-passe-dans-lhymne-pop-rock-et-indie-folk-swept-up\/","og_site_name":"Radio Castor","article_publisher":"https:\/\/www.facebook.com\/theradiocastor","article_published_time":"2026-09-01T23:52:31+00:00","article_modified_time":"2026-09-01T23:52:34+00:00","og_image":[{"width":410,"height":461,"url":"https:\/\/www.radiocastor.com\/wp-content\/uploads\/2026\/09\/Screenshot-2026-09-02-at-01-45-56-Jeff-Toth-Spotify.png","type":"image\/png"}],"author":"R\u00e9daction R C","twitter_card":"summary_large_image","twitter_creator":"@TheRadioCastor","twitter_site":"@TheRadioCastor","twitter_misc":{"\u00c9crit par":"R\u00e9daction R C","Dur\u00e9e de lecture estim\u00e9e":"2 minutes"},"schema":{"@context":"https:\/\/schema.org","@graph":[{"@type":"Article","@id":"https:\/\/www.radiocastor.com\/index.php\/jeff-toth-capture-le-vertige-du-temps-qui-passe-dans-lhymne-pop-rock-et-indie-folk-swept-up\/#article","isPartOf":{"@id":"https:\/\/www.radiocastor.com\/index.php\/jeff-toth-capture-le-vertige-du-temps-qui-passe-dans-lhymne-pop-rock-et-indie-folk-swept-up\/"},"author":{"name":"R\u00e9daction R C","@id":"https:\/\/www.radiocastor.com\/#\/schema\/person\/558b0e47dc4c11fa52b2220ba6a78779"},"headline":"Jeff Toth capture le vertige du temps qui passe dans l&rsquo;hymne Pop Rock et Indie Folk Swept Up","datePublished":"2026-09-01T23:52:31+00:00","dateModified":"2026-09-01T23:52:34+00:00","mainEntityOfPage":{"@id":"https:\/\/www.radiocastor.com\/index.php\/jeff-toth-capture-le-vertige-du-temps-qui-passe-dans-lhymne-pop-rock-et-indie-folk-swept-up\/"},"wordCount":212,"publisher":{"@id":"https:\/\/www.radiocastor.com\/#organization"},"image":{"@id":"https:\/\/www.radiocastor.com\/index.php\/jeff-toth-capture-le-vertige-du-temps-qui-passe-dans-lhymne-pop-rock-et-indie-folk-swept-up\/#primaryimage"},"thumbnailUrl":"https:\/\/www.radiocastor.com\/wp-content\/uploads\/2026\/09\/Screenshot-2026-09-02-at-01-45-56-Jeff-Toth-Spotify.png","articleSection":["Folk","Pop","Rock","Single","Sortie"],"inLanguage":"fr-FR"},{"@type":"WebPage","@id":"https:\/\/www.radiocastor.com\/index.php\/jeff-toth-capture-le-vertige-du-temps-qui-passe-dans-lhymne-pop-rock-et-indie-folk-swept-up\/","url":"https:\/\/www.radiocastor.com\/index.php\/jeff-toth-capture-le-vertige-du-temps-qui-passe-dans-lhymne-pop-rock-et-indie-folk-swept-up\/","name":"Jeff Toth capture le vertige du temps qui passe dans l'hymne Pop Rock et Indie Folk Swept Up - Radio Castor","isPartOf":{"@id":"https:\/\/www.radiocastor.com\/#website"},"primaryImageOfPage":{"@id":"https:\/\/www.radiocastor.com\/index.php\/jeff-toth-capture-le-vertige-du-temps-qui-passe-dans-lhymne-pop-rock-et-indie-folk-swept-up\/#primaryimage"},"image":{"@id":"https:\/\/www.radiocastor.com\/index.php\/jeff-toth-capture-le-vertige-du-temps-qui-passe-dans-lhymne-pop-rock-et-indie-folk-swept-up\/#primaryimage"},"thumbnailUrl":"https:\/\/www.radiocastor.com\/wp-content\/uploads\/2026\/09\/Screenshot-2026-09-02-at-01-45-56-Jeff-Toth-Spotify.png","datePublished":"2026-09-01T23:52:31+00:00","dateModified":"2026-09-01T23:52:34+00:00","breadcrumb":{"@id":"https:\/\/www.radiocastor.com\/index.php\/jeff-toth-capture-le-vertige-du-temps-qui-passe-dans-lhymne-pop-rock-et-indie-folk-swept-up\/#breadcrumb"},"inLanguage":"fr-FR","potentialAction":[{"@type":"ReadAction","target":["https:\/\/www.radiocastor.com\/index.php\/jeff-toth-capture-le-vertige-du-temps-qui-passe-dans-lhymne-pop-rock-et-indie-folk-swept-up\/"]}]},{"@type":"ImageObject","inLanguage":"fr-FR","@id":"https:\/\/www.radiocastor.com\/index.php\/jeff-toth-capture-le-vertige-du-temps-qui-passe-dans-lhymne-pop-rock-et-indie-folk-swept-up\/#primaryimage","url":"https:\/\/www.radiocastor.com\/wp-content\/uploads\/2026\/09\/Screenshot-2026-09-02-at-01-45-56-Jeff-Toth-Spotify.png","contentUrl":"https:\/\/www.radiocastor.com\/wp-content\/uploads\/2026\/09\/Screenshot-2026-09-02-at-01-45-56-Jeff-Toth-Spotify.png","width":410,"height":461,"caption":"Jeff Toth"},{"@type":"BreadcrumbList","@id":"https:\/\/www.radiocastor.com\/index.php\/jeff-toth-capture-le-vertige-du-temps-qui-passe-dans-lhymne-pop-rock-et-indie-folk-swept-up\/#breadcrumb","itemListElement":[{"@type":"ListItem","position":1,"name":"Accueil","item":"https:\/\/www.radiocastor.com\/"},{"@type":"ListItem","position":2,"name":"Jeff Toth capture le vertige du temps qui passe dans l&rsquo;hymne Pop Rock et Indie Folk Swept Up"}]},{"@type":"WebSite","@id":"https:\/\/www.radiocastor.com\/#website","url":"https:\/\/www.radiocastor.com\/","name":"Radio Castor","description":"La voix !","publisher":{"@id":"https:\/\/www.radiocastor.com\/#organization"},"potentialAction":[{"@type":"SearchAction","target":{"@type":"EntryPoint","urlTemplate":"https:\/\/www.radiocastor.com\/?s={search_term_string}"},"query-input":{"@type":"PropertyValueSpecification","valueRequired":true,"valueName":"search_term_string"}}],"inLanguage":"fr-FR"},{"@type":"Organization","@id":"https:\/\/www.radiocastor.com\/#organization","name":"Radio Castor","url":"https:\/\/www.radiocastor.com\/","logo":{"@type":"ImageObject","inLanguage":"fr-FR","@id":"https:\/\/www.radiocastor.com\/#\/schema\/logo\/image\/","url":"https:\/\/www.radiocastor.com\/wp-content\/uploads\/2021\/11\/cropped-Radio-castor-logo-2.png","contentUrl":"https:\/\/www.radiocastor.com\/wp-content\/uploads\/2021\/11\/cropped-Radio-castor-logo-2.png","width":437,"height":219,"caption":"Radio Castor"},"image":{"@id":"https:\/\/www.radiocastor.com\/#\/schema\/logo\/image\/"},"sameAs":["https:\/\/www.facebook.com\/theradiocastor","https:\/\/x.com\/TheRadioCastor","https:\/\/www.instagram.com\/theradiocastor","https:\/\/www.youtube.com\/c\/RadioCastor"]},{"@type":"Person","@id":"https:\/\/www.radiocastor.com\/#\/schema\/person\/558b0e47dc4c11fa52b2220ba6a78779","name":"R\u00e9daction R C","image":{"@type":"ImageObject","inLanguage":"fr-FR","@id":"https:\/\/secure.gravatar.com\/avatar\/1d3e4f4c4a0d129f7ed4838ea20c33760c2484b9bc381993df6c0e3f5bf89c23?s=96&d=mm&r=g","url":"https:\/\/secure.gravatar.com\/avatar\/1d3e4f4c4a0d129f7ed4838ea20c33760c2484b9bc381993df6c0e3f5bf89c23?s=96&d=mm&r=g","contentUrl":"https:\/\/secure.gravatar.com\/avatar\/1d3e4f4c4a0d129f7ed4838ea20c33760c2484b9bc381993df6c0e3f5bf89c23?s=96&d=mm&r=g","caption":"R\u00e9daction R C"},"sameAs":["http:\/\/www.radiocastor.com"],"url":"https:\/\/www.radiocastor.com\/index.php\/author\/radio-castor\/"}]}},"uagb_featured_image_src":{"full":["https:\/\/www.radiocastor.com\/wp-content\/uploads\/2026\/09\/Screenshot-2026-09-02-at-01-45-56-Jeff-Toth-Spotify.png",410,461,false],"thumbnail":["https:\/\/www.radiocastor.com\/wp-content\/uploads\/2026\/09\/Screenshot-2026-09-02-at-01-45-56-Jeff-Toth-Spotify-150x150.png",150,150,true],"medium":["https:\/\/www.radiocastor.com\/wp-content\/uploads\/2026\/09\/Screenshot-2026-09-02-at-01-45-56-Jeff-Toth-Spotify-267x300.png",267,300,true],"medium_large":["https:\/\/www.radiocastor.com\/wp-content\/uploads\/2026\/09\/Screenshot-2026-09-02-at-01-45-56-Jeff-Toth-Spotify.png",410,461,false],"large":["https:\/\/www.radiocastor.com\/wp-content\/uploads\/2026\/09\/Screenshot-2026-09-02-at-01-45-56-Jeff-Toth-Spotify.png",410,461,false],"1536x1536":["https:\/\/www.radiocastor.com\/wp-content\/uploads\/2026\/09\/Screenshot-2026-09-02-at-01-45-56-Jeff-Toth-Spotify.png",410,461,false],"2048x2048":["https:\/\/www.radiocastor.com\/wp-content\/uploads\/2026\/09\/Screenshot-2026-09-02-at-01-45-56-Jeff-Toth-Spotify.png",410,461,false],"newsever-slider-full":["https:\/\/www.radiocastor.com\/wp-content\/uploads\/2026\/09\/Screenshot-2026-09-02-at-01-45-56-Jeff-Toth-Spotify.png",410,461,false],"newsever-featured":["https:\/\/www.radiocastor.com\/wp-content\/uploads\/2026\/09\/Screenshot-2026-09-02-at-01-45-56-Jeff-Toth-Spotify.png",410,461,false],"newsever-medium":["https:\/\/www.radiocastor.com\/wp-content\/uploads\/2026\/09\/Screenshot-2026-09-02-at-01-45-56-Jeff-Toth-Spotify.png",410,461,false]},"uagb_author_info":{"display_name":"R\u00e9daction R C","author_link":"https:\/\/www.radiocastor.com\/index.php\/author\/radio-castor\/"},"uagb_comment_info":0,"uagb_excerpt":"Pour sa toute premi\u00e8re apparition sur RadioCastor, l\u2019artiste et producteur originaire du New Jersey et...","_links":{"self":[{"href":"https:\/\/www.radiocastor.com\/index.php\/wp-json\/wp\/v2\/posts\/17326","targetHints":{"allow":["GET"]}}],"collection":[{"href":"https:\/\/www.radiocastor.com\/index.php\/wp-json\/wp\/v2\/posts"}],"about":[{"href":"https:\/\/www.radiocastor.com\/index.php\/wp-json\/wp\/v2\/types\/post"}],"author":[{"embeddable":true,"href":"https:\/\/www.radiocastor.com\/index.php\/wp-json\/wp\/v2\/users\/1"}],"replies":[{"embeddable":true,"href":"https:\/\/www.radiocastor.com\/index.php\/wp-json\/wp\/v2\/comments?post=17326"}],"version-history":[{"count":2,"href":"https:\/\/www.radiocastor.com\/index.php\/wp-json\/wp\/v2\/posts\/17326\/revisions"}],"predecessor-version":[{"id":17330,"href":"https:\/\/www.radiocastor.com\/index.php\/wp-json\/wp\/v2\/posts\/17326\/revisions\/17330"}],"wp:featuredmedia":[{"embeddable":true,"href":"https:\/\/www.radiocastor.com\/index.php\/wp-json\/wp\/v2\/media\/17327"}],"wp:attachment":[{"href":"https:\/\/www.radiocastor.com\/index.php\/wp-json\/wp\/v2\/media?parent=17326"}],"wp:term":[{"taxonomy":"category","embeddable":true,"href":"https:\/\/www.radiocastor.com\/index.php\/wp-json\/wp\/v2\/categories?post=17326"},{"taxonomy":"post_tag","embeddable":true,"href":"https:\/\/www.radiocastor.com\/index.php\/wp-json\/wp\/v2\/tags?post=17326"}],"curies":[{"name":"wp","href":"https:\/\/api.w.org\/{rel}","templated":true}]}}