{"id":17298,"date":"2026-08-30T18:48:59","date_gmt":"2026-08-30T16:48:59","guid":{"rendered":"https:\/\/www.radiocastor.com\/?p=17298"},"modified":"2026-08-30T18:49:02","modified_gmt":"2026-08-30T16:49:02","slug":"sun-on-fire-celebre-la-resilience-et-la-vie-avec-lenergie-folk-rock-de-forever-young","status":"publish","type":"post","link":"https:\/\/www.radiocastor.com\/index.php\/sun-on-fire-celebre-la-resilience-et-la-vie-avec-lenergie-folk-rock-de-forever-young\/","title":{"rendered":"Sun On Fire c\u00e9l\u00e8bre la r\u00e9silience et la vie avec l\u2019\u00e9nergie Folk Rock de Forever Young"},"content":{"rendered":"\n<div class=\"wp-block-group is-layout-constrained wp-block-group-is-layout-constrained\">\n\n\n<p>Pour sa toute premi\u00e8re apparition sur RadioCastor, le projet de l\u2019artiste n\u00e9o-yorkais d\u2019origine palestinienne <strong>Sun On Fire<\/strong> frappe droit au c\u0153ur avec \u00ab Forever Young \u00bb, paru le 21 ao\u00fbt 2026 sous le label OOTB Records. \u00c9voluant au croisement de l\u2019Acoustic Folk, du Folk Rock et du Rock Alternatif, ce titre offre un souffle puissant d\u2019espoir et d\u2019\u00e9nergie brute.<\/p>\n\n\n\n<p>\u00c9crit lors de la r\u00e9mission d\u2019une \u00e9preuve de sant\u00e9 majeure, \u00ab Forever Young \u00bb s\u2019impose comme un v\u00e9ritable hymne \u00e0 la renaissance et \u00e0 la r\u00e9silience. Port\u00e9 par des guitares entra\u00eenantes, une voix masculine rocailleuse et des paroles c\u00e9l\u00e9brant l&rsquo;audace d&rsquo;assumer ses rides et ses cheveux d&rsquo;argent, Sun On Fire transforme le combat personnel en un \u00e9lan collectif vibrant, nous rappelant de vivre pleinement sans regrets.<\/p>\n\n\n\n<p><em>\u00c0 \u00e9couter sur <a href=\"https:\/\/www.radiocastor.com\/index.php\/playlist\/\" target=\"_blank\" rel=\"noreferrer noopener\">nos playlists<\/a> !<\/em><\/p>\n\n\n\n<figure class=\"wp-block-embed is-type-video is-provider-youtube wp-block-embed-youtube wp-embed-aspect-16-9 wp-has-aspect-ratio\"><div class=\"wp-block-embed__wrapper\">\n<iframe loading=\"lazy\" title=\"Sun On Fire - Forever Young (Official Music Video)\" width=\"640\" height=\"360\" src=\"https:\/\/www.youtube.com\/embed\/fzQHZTw42CY?feature=oembed\" frameborder=\"0\" allow=\"accelerometer; autoplay; clipboard-write; encrypted-media; gyroscope; picture-in-picture; web-share\" referrerpolicy=\"strict-origin-when-cross-origin\" allowfullscreen><\/iframe>\n<\/div><\/figure>\n\n\n\n<p class=\"has-text-align-center\"><a href=\"https:\/\/www.facebook.com\/sunonfire.music\" target=\"_blank\" rel=\"noreferrer noopener\">Facebook<\/a> | <a href=\"https:\/\/www.instagram.com\/sunonfire.music\" target=\"_blank\" rel=\"noreferrer noopener\">Instagram<\/a><\/p>\n\n\n<\/div>\n","protected":false},"excerpt":{"rendered":"<p>Pour sa toute premi\u00e8re apparition sur RadioCastor, le projet de l\u2019artiste n\u00e9o-yorkais d\u2019origine palestinienne Sun&#8230;<\/p>\n","protected":false},"author":1,"featured_media":17299,"comment_status":"closed","ping_status":"open","sticky":false,"template":"","format":"standard","meta":{"_uag_custom_page_level_css":"","footnotes":""},"categories":[85,76,5,32,46],"tags":[],"class_list":["post-17298","post","type-post","status-publish","format-standard","has-post-thumbnail","hentry","category-alternatif","category-folk","category-rock","category-single","category-sortie"],"yoast_head":"<!-- This site is optimized with the Yoast SEO plugin v28.3 - https:\/\/yoast.com\/product\/yoast-seo-wordpress\/ -->\n<title>Sun On Fire c\u00e9l\u00e8bre la r\u00e9silience et la vie avec l\u2019\u00e9nergie Folk Rock de Forever Young - Radio Castor<\/title>\n<meta name=\"robots\" content=\"index, follow, max-snippet:-1, max-image-preview:large, max-video-preview:-1\" \/>\n<link rel=\"canonical\" href=\"https:\/\/www.radiocastor.com\/index.php\/sun-on-fire-celebre-la-resilience-et-la-vie-avec-lenergie-folk-rock-de-forever-young\/\" \/>\n<meta property=\"og:locale\" content=\"fr_FR\" \/>\n<meta property=\"og:type\" content=\"article\" \/>\n<meta property=\"og:title\" content=\"Sun On Fire c\u00e9l\u00e8bre la r\u00e9silience et la vie avec l\u2019\u00e9nergie Folk Rock de Forever Young - Radio Castor\" \/>\n<meta property=\"og:description\" content=\"Pour sa toute premi\u00e8re apparition sur RadioCastor, le projet de l\u2019artiste n\u00e9o-yorkais d\u2019origine palestinienne Sun...\" \/>\n<meta property=\"og:url\" content=\"https:\/\/www.radiocastor.com\/index.php\/sun-on-fire-celebre-la-resilience-et-la-vie-avec-lenergie-folk-rock-de-forever-young\/\" \/>\n<meta property=\"og:site_name\" content=\"Radio Castor\" \/>\n<meta property=\"article:publisher\" content=\"https:\/\/www.facebook.com\/theradiocastor\" \/>\n<meta property=\"article:published_time\" content=\"2026-08-30T16:48:59+00:00\" \/>\n<meta property=\"article:modified_time\" content=\"2026-08-30T16:49:02+00:00\" \/>\n<meta property=\"og:image\" content=\"https:\/\/www.radiocastor.com\/wp-content\/uploads\/2026\/08\/Screenshot-2026-08-30-at-18-44-43-cover-image-2000-x-1125-1761439414546.jpg-Image-JPEG-2000-\u00d7-1125-pixels-Redimensionnee-60.png\" \/>\n\t<meta property=\"og:image:width\" content=\"618\" \/>\n\t<meta property=\"og:image:height\" content=\"679\" \/>\n\t<meta property=\"og:image:type\" content=\"image\/png\" \/>\n<meta name=\"author\" content=\"R\u00e9daction R C\" \/>\n<meta name=\"twitter:card\" content=\"summary_large_image\" \/>\n<meta name=\"twitter:creator\" content=\"@TheRadioCastor\" \/>\n<meta name=\"twitter:site\" content=\"@TheRadioCastor\" \/>\n<meta name=\"twitter:label1\" content=\"\u00c9crit par\" \/>\n\t<meta name=\"twitter:data1\" content=\"R\u00e9daction R C\" \/>\n\t<meta name=\"twitter:label2\" content=\"Dur\u00e9e de lecture estim\u00e9e\" \/>\n\t<meta name=\"twitter:data2\" content=\"1 minute\" \/>\n<script type=\"application\/ld+json\" class=\"yoast-schema-graph\">{\"@context\":\"https:\\\/\\\/schema.org\",\"@graph\":[{\"@type\":\"Article\",\"@id\":\"https:\\\/\\\/www.radiocastor.com\\\/index.php\\\/sun-on-fire-celebre-la-resilience-et-la-vie-avec-lenergie-folk-rock-de-forever-young\\\/#article\",\"isPartOf\":{\"@id\":\"https:\\\/\\\/www.radiocastor.com\\\/index.php\\\/sun-on-fire-celebre-la-resilience-et-la-vie-avec-lenergie-folk-rock-de-forever-young\\\/\"},\"author\":{\"name\":\"R\u00e9daction R C\",\"@id\":\"https:\\\/\\\/www.radiocastor.com\\\/#\\\/schema\\\/person\\\/558b0e47dc4c11fa52b2220ba6a78779\"},\"headline\":\"Sun On Fire c\u00e9l\u00e8bre la r\u00e9silience et la vie avec l\u2019\u00e9nergie Folk Rock de Forever Young\",\"datePublished\":\"2026-08-30T16:48:59+00:00\",\"dateModified\":\"2026-08-30T16:49:02+00:00\",\"mainEntityOfPage\":{\"@id\":\"https:\\\/\\\/www.radiocastor.com\\\/index.php\\\/sun-on-fire-celebre-la-resilience-et-la-vie-avec-lenergie-folk-rock-de-forever-young\\\/\"},\"wordCount\":170,\"publisher\":{\"@id\":\"https:\\\/\\\/www.radiocastor.com\\\/#organization\"},\"image\":{\"@id\":\"https:\\\/\\\/www.radiocastor.com\\\/index.php\\\/sun-on-fire-celebre-la-resilience-et-la-vie-avec-lenergie-folk-rock-de-forever-young\\\/#primaryimage\"},\"thumbnailUrl\":\"https:\\\/\\\/www.radiocastor.com\\\/wp-content\\\/uploads\\\/2026\\\/08\\\/Screenshot-2026-08-30-at-18-44-43-cover-image-2000-x-1125-1761439414546.jpg-Image-JPEG-2000-\u00d7-1125-pixels-Redimensionnee-60.png\",\"articleSection\":[\"Alternatif\",\"Folk\",\"Rock\",\"Single\",\"Sortie\"],\"inLanguage\":\"fr-FR\"},{\"@type\":\"WebPage\",\"@id\":\"https:\\\/\\\/www.radiocastor.com\\\/index.php\\\/sun-on-fire-celebre-la-resilience-et-la-vie-avec-lenergie-folk-rock-de-forever-young\\\/\",\"url\":\"https:\\\/\\\/www.radiocastor.com\\\/index.php\\\/sun-on-fire-celebre-la-resilience-et-la-vie-avec-lenergie-folk-rock-de-forever-young\\\/\",\"name\":\"Sun On Fire c\u00e9l\u00e8bre la r\u00e9silience et la vie avec l\u2019\u00e9nergie Folk Rock de Forever Young - Radio Castor\",\"isPartOf\":{\"@id\":\"https:\\\/\\\/www.radiocastor.com\\\/#website\"},\"primaryImageOfPage\":{\"@id\":\"https:\\\/\\\/www.radiocastor.com\\\/index.php\\\/sun-on-fire-celebre-la-resilience-et-la-vie-avec-lenergie-folk-rock-de-forever-young\\\/#primaryimage\"},\"image\":{\"@id\":\"https:\\\/\\\/www.radiocastor.com\\\/index.php\\\/sun-on-fire-celebre-la-resilience-et-la-vie-avec-lenergie-folk-rock-de-forever-young\\\/#primaryimage\"},\"thumbnailUrl\":\"https:\\\/\\\/www.radiocastor.com\\\/wp-content\\\/uploads\\\/2026\\\/08\\\/Screenshot-2026-08-30-at-18-44-43-cover-image-2000-x-1125-1761439414546.jpg-Image-JPEG-2000-\u00d7-1125-pixels-Redimensionnee-60.png\",\"datePublished\":\"2026-08-30T16:48:59+00:00\",\"dateModified\":\"2026-08-30T16:49:02+00:00\",\"breadcrumb\":{\"@id\":\"https:\\\/\\\/www.radiocastor.com\\\/index.php\\\/sun-on-fire-celebre-la-resilience-et-la-vie-avec-lenergie-folk-rock-de-forever-young\\\/#breadcrumb\"},\"inLanguage\":\"fr-FR\",\"potentialAction\":[{\"@type\":\"ReadAction\",\"target\":[\"https:\\\/\\\/www.radiocastor.com\\\/index.php\\\/sun-on-fire-celebre-la-resilience-et-la-vie-avec-lenergie-folk-rock-de-forever-young\\\/\"]}]},{\"@type\":\"ImageObject\",\"inLanguage\":\"fr-FR\",\"@id\":\"https:\\\/\\\/www.radiocastor.com\\\/index.php\\\/sun-on-fire-celebre-la-resilience-et-la-vie-avec-lenergie-folk-rock-de-forever-young\\\/#primaryimage\",\"url\":\"https:\\\/\\\/www.radiocastor.com\\\/wp-content\\\/uploads\\\/2026\\\/08\\\/Screenshot-2026-08-30-at-18-44-43-cover-image-2000-x-1125-1761439414546.jpg-Image-JPEG-2000-\u00d7-1125-pixels-Redimensionnee-60.png\",\"contentUrl\":\"https:\\\/\\\/www.radiocastor.com\\\/wp-content\\\/uploads\\\/2026\\\/08\\\/Screenshot-2026-08-30-at-18-44-43-cover-image-2000-x-1125-1761439414546.jpg-Image-JPEG-2000-\u00d7-1125-pixels-Redimensionnee-60.png\",\"width\":618,\"height\":679,\"caption\":\"Sun On Fire\"},{\"@type\":\"BreadcrumbList\",\"@id\":\"https:\\\/\\\/www.radiocastor.com\\\/index.php\\\/sun-on-fire-celebre-la-resilience-et-la-vie-avec-lenergie-folk-rock-de-forever-young\\\/#breadcrumb\",\"itemListElement\":[{\"@type\":\"ListItem\",\"position\":1,\"name\":\"Accueil\",\"item\":\"https:\\\/\\\/www.radiocastor.com\\\/\"},{\"@type\":\"ListItem\",\"position\":2,\"name\":\"Sun On Fire c\u00e9l\u00e8bre la r\u00e9silience et la vie avec l\u2019\u00e9nergie Folk Rock de Forever Young\"}]},{\"@type\":\"WebSite\",\"@id\":\"https:\\\/\\\/www.radiocastor.com\\\/#website\",\"url\":\"https:\\\/\\\/www.radiocastor.com\\\/\",\"name\":\"Radio Castor\",\"description\":\"La voix !\",\"publisher\":{\"@id\":\"https:\\\/\\\/www.radiocastor.com\\\/#organization\"},\"potentialAction\":[{\"@type\":\"SearchAction\",\"target\":{\"@type\":\"EntryPoint\",\"urlTemplate\":\"https:\\\/\\\/www.radiocastor.com\\\/?s={search_term_string}\"},\"query-input\":{\"@type\":\"PropertyValueSpecification\",\"valueRequired\":true,\"valueName\":\"search_term_string\"}}],\"inLanguage\":\"fr-FR\"},{\"@type\":\"Organization\",\"@id\":\"https:\\\/\\\/www.radiocastor.com\\\/#organization\",\"name\":\"Radio Castor\",\"url\":\"https:\\\/\\\/www.radiocastor.com\\\/\",\"logo\":{\"@type\":\"ImageObject\",\"inLanguage\":\"fr-FR\",\"@id\":\"https:\\\/\\\/www.radiocastor.com\\\/#\\\/schema\\\/logo\\\/image\\\/\",\"url\":\"https:\\\/\\\/www.radiocastor.com\\\/wp-content\\\/uploads\\\/2021\\\/11\\\/cropped-Radio-castor-logo-2.png\",\"contentUrl\":\"https:\\\/\\\/www.radiocastor.com\\\/wp-content\\\/uploads\\\/2021\\\/11\\\/cropped-Radio-castor-logo-2.png\",\"width\":437,\"height\":219,\"caption\":\"Radio Castor\"},\"image\":{\"@id\":\"https:\\\/\\\/www.radiocastor.com\\\/#\\\/schema\\\/logo\\\/image\\\/\"},\"sameAs\":[\"https:\\\/\\\/www.facebook.com\\\/theradiocastor\",\"https:\\\/\\\/x.com\\\/TheRadioCastor\",\"https:\\\/\\\/www.instagram.com\\\/theradiocastor\",\"https:\\\/\\\/www.youtube.com\\\/c\\\/RadioCastor\"]},{\"@type\":\"Person\",\"@id\":\"https:\\\/\\\/www.radiocastor.com\\\/#\\\/schema\\\/person\\\/558b0e47dc4c11fa52b2220ba6a78779\",\"name\":\"R\u00e9daction R C\",\"image\":{\"@type\":\"ImageObject\",\"inLanguage\":\"fr-FR\",\"@id\":\"https:\\\/\\\/secure.gravatar.com\\\/avatar\\\/1d3e4f4c4a0d129f7ed4838ea20c33760c2484b9bc381993df6c0e3f5bf89c23?s=96&d=mm&r=g\",\"url\":\"https:\\\/\\\/secure.gravatar.com\\\/avatar\\\/1d3e4f4c4a0d129f7ed4838ea20c33760c2484b9bc381993df6c0e3f5bf89c23?s=96&d=mm&r=g\",\"contentUrl\":\"https:\\\/\\\/secure.gravatar.com\\\/avatar\\\/1d3e4f4c4a0d129f7ed4838ea20c33760c2484b9bc381993df6c0e3f5bf89c23?s=96&d=mm&r=g\",\"caption\":\"R\u00e9daction R C\"},\"sameAs\":[\"http:\\\/\\\/www.radiocastor.com\"],\"url\":\"https:\\\/\\\/www.radiocastor.com\\\/index.php\\\/author\\\/radio-castor\\\/\"}]}<\/script>\n<!-- \/ Yoast SEO plugin. -->","yoast_head_json":{"title":"Sun On Fire c\u00e9l\u00e8bre la r\u00e9silience et la vie avec l\u2019\u00e9nergie Folk Rock de Forever Young - Radio Castor","robots":{"index":"index","follow":"follow","max-snippet":"max-snippet:-1","max-image-preview":"max-image-preview:large","max-video-preview":"max-video-preview:-1"},"canonical":"https:\/\/www.radiocastor.com\/index.php\/sun-on-fire-celebre-la-resilience-et-la-vie-avec-lenergie-folk-rock-de-forever-young\/","og_locale":"fr_FR","og_type":"article","og_title":"Sun On Fire c\u00e9l\u00e8bre la r\u00e9silience et la vie avec l\u2019\u00e9nergie Folk Rock de Forever Young - Radio Castor","og_description":"Pour sa toute premi\u00e8re apparition sur RadioCastor, le projet de l\u2019artiste n\u00e9o-yorkais d\u2019origine palestinienne Sun...","og_url":"https:\/\/www.radiocastor.com\/index.php\/sun-on-fire-celebre-la-resilience-et-la-vie-avec-lenergie-folk-rock-de-forever-young\/","og_site_name":"Radio Castor","article_publisher":"https:\/\/www.facebook.com\/theradiocastor","article_published_time":"2026-08-30T16:48:59+00:00","article_modified_time":"2026-08-30T16:49:02+00:00","og_image":[{"width":618,"height":679,"url":"https:\/\/www.radiocastor.com\/wp-content\/uploads\/2026\/08\/Screenshot-2026-08-30-at-18-44-43-cover-image-2000-x-1125-1761439414546.jpg-Image-JPEG-2000-\u00d7-1125-pixels-Redimensionnee-60.png","type":"image\/png"}],"author":"R\u00e9daction R C","twitter_card":"summary_large_image","twitter_creator":"@TheRadioCastor","twitter_site":"@TheRadioCastor","twitter_misc":{"\u00c9crit par":"R\u00e9daction R C","Dur\u00e9e de lecture estim\u00e9e":"1 minute"},"schema":{"@context":"https:\/\/schema.org","@graph":[{"@type":"Article","@id":"https:\/\/www.radiocastor.com\/index.php\/sun-on-fire-celebre-la-resilience-et-la-vie-avec-lenergie-folk-rock-de-forever-young\/#article","isPartOf":{"@id":"https:\/\/www.radiocastor.com\/index.php\/sun-on-fire-celebre-la-resilience-et-la-vie-avec-lenergie-folk-rock-de-forever-young\/"},"author":{"name":"R\u00e9daction R C","@id":"https:\/\/www.radiocastor.com\/#\/schema\/person\/558b0e47dc4c11fa52b2220ba6a78779"},"headline":"Sun On Fire c\u00e9l\u00e8bre la r\u00e9silience et la vie avec l\u2019\u00e9nergie Folk Rock de Forever Young","datePublished":"2026-08-30T16:48:59+00:00","dateModified":"2026-08-30T16:49:02+00:00","mainEntityOfPage":{"@id":"https:\/\/www.radiocastor.com\/index.php\/sun-on-fire-celebre-la-resilience-et-la-vie-avec-lenergie-folk-rock-de-forever-young\/"},"wordCount":170,"publisher":{"@id":"https:\/\/www.radiocastor.com\/#organization"},"image":{"@id":"https:\/\/www.radiocastor.com\/index.php\/sun-on-fire-celebre-la-resilience-et-la-vie-avec-lenergie-folk-rock-de-forever-young\/#primaryimage"},"thumbnailUrl":"https:\/\/www.radiocastor.com\/wp-content\/uploads\/2026\/08\/Screenshot-2026-08-30-at-18-44-43-cover-image-2000-x-1125-1761439414546.jpg-Image-JPEG-2000-\u00d7-1125-pixels-Redimensionnee-60.png","articleSection":["Alternatif","Folk","Rock","Single","Sortie"],"inLanguage":"fr-FR"},{"@type":"WebPage","@id":"https:\/\/www.radiocastor.com\/index.php\/sun-on-fire-celebre-la-resilience-et-la-vie-avec-lenergie-folk-rock-de-forever-young\/","url":"https:\/\/www.radiocastor.com\/index.php\/sun-on-fire-celebre-la-resilience-et-la-vie-avec-lenergie-folk-rock-de-forever-young\/","name":"Sun On Fire c\u00e9l\u00e8bre la r\u00e9silience et la vie avec l\u2019\u00e9nergie Folk Rock de Forever Young - Radio Castor","isPartOf":{"@id":"https:\/\/www.radiocastor.com\/#website"},"primaryImageOfPage":{"@id":"https:\/\/www.radiocastor.com\/index.php\/sun-on-fire-celebre-la-resilience-et-la-vie-avec-lenergie-folk-rock-de-forever-young\/#primaryimage"},"image":{"@id":"https:\/\/www.radiocastor.com\/index.php\/sun-on-fire-celebre-la-resilience-et-la-vie-avec-lenergie-folk-rock-de-forever-young\/#primaryimage"},"thumbnailUrl":"https:\/\/www.radiocastor.com\/wp-content\/uploads\/2026\/08\/Screenshot-2026-08-30-at-18-44-43-cover-image-2000-x-1125-1761439414546.jpg-Image-JPEG-2000-\u00d7-1125-pixels-Redimensionnee-60.png","datePublished":"2026-08-30T16:48:59+00:00","dateModified":"2026-08-30T16:49:02+00:00","breadcrumb":{"@id":"https:\/\/www.radiocastor.com\/index.php\/sun-on-fire-celebre-la-resilience-et-la-vie-avec-lenergie-folk-rock-de-forever-young\/#breadcrumb"},"inLanguage":"fr-FR","potentialAction":[{"@type":"ReadAction","target":["https:\/\/www.radiocastor.com\/index.php\/sun-on-fire-celebre-la-resilience-et-la-vie-avec-lenergie-folk-rock-de-forever-young\/"]}]},{"@type":"ImageObject","inLanguage":"fr-FR","@id":"https:\/\/www.radiocastor.com\/index.php\/sun-on-fire-celebre-la-resilience-et-la-vie-avec-lenergie-folk-rock-de-forever-young\/#primaryimage","url":"https:\/\/www.radiocastor.com\/wp-content\/uploads\/2026\/08\/Screenshot-2026-08-30-at-18-44-43-cover-image-2000-x-1125-1761439414546.jpg-Image-JPEG-2000-\u00d7-1125-pixels-Redimensionnee-60.png","contentUrl":"https:\/\/www.radiocastor.com\/wp-content\/uploads\/2026\/08\/Screenshot-2026-08-30-at-18-44-43-cover-image-2000-x-1125-1761439414546.jpg-Image-JPEG-2000-\u00d7-1125-pixels-Redimensionnee-60.png","width":618,"height":679,"caption":"Sun On Fire"},{"@type":"BreadcrumbList","@id":"https:\/\/www.radiocastor.com\/index.php\/sun-on-fire-celebre-la-resilience-et-la-vie-avec-lenergie-folk-rock-de-forever-young\/#breadcrumb","itemListElement":[{"@type":"ListItem","position":1,"name":"Accueil","item":"https:\/\/www.radiocastor.com\/"},{"@type":"ListItem","position":2,"name":"Sun On Fire c\u00e9l\u00e8bre la r\u00e9silience et la vie avec l\u2019\u00e9nergie Folk Rock de Forever Young"}]},{"@type":"WebSite","@id":"https:\/\/www.radiocastor.com\/#website","url":"https:\/\/www.radiocastor.com\/","name":"Radio Castor","description":"La voix !","publisher":{"@id":"https:\/\/www.radiocastor.com\/#organization"},"potentialAction":[{"@type":"SearchAction","target":{"@type":"EntryPoint","urlTemplate":"https:\/\/www.radiocastor.com\/?s={search_term_string}"},"query-input":{"@type":"PropertyValueSpecification","valueRequired":true,"valueName":"search_term_string"}}],"inLanguage":"fr-FR"},{"@type":"Organization","@id":"https:\/\/www.radiocastor.com\/#organization","name":"Radio Castor","url":"https:\/\/www.radiocastor.com\/","logo":{"@type":"ImageObject","inLanguage":"fr-FR","@id":"https:\/\/www.radiocastor.com\/#\/schema\/logo\/image\/","url":"https:\/\/www.radiocastor.com\/wp-content\/uploads\/2021\/11\/cropped-Radio-castor-logo-2.png","contentUrl":"https:\/\/www.radiocastor.com\/wp-content\/uploads\/2021\/11\/cropped-Radio-castor-logo-2.png","width":437,"height":219,"caption":"Radio Castor"},"image":{"@id":"https:\/\/www.radiocastor.com\/#\/schema\/logo\/image\/"},"sameAs":["https:\/\/www.facebook.com\/theradiocastor","https:\/\/x.com\/TheRadioCastor","https:\/\/www.instagram.com\/theradiocastor","https:\/\/www.youtube.com\/c\/RadioCastor"]},{"@type":"Person","@id":"https:\/\/www.radiocastor.com\/#\/schema\/person\/558b0e47dc4c11fa52b2220ba6a78779","name":"R\u00e9daction R C","image":{"@type":"ImageObject","inLanguage":"fr-FR","@id":"https:\/\/secure.gravatar.com\/avatar\/1d3e4f4c4a0d129f7ed4838ea20c33760c2484b9bc381993df6c0e3f5bf89c23?s=96&d=mm&r=g","url":"https:\/\/secure.gravatar.com\/avatar\/1d3e4f4c4a0d129f7ed4838ea20c33760c2484b9bc381993df6c0e3f5bf89c23?s=96&d=mm&r=g","contentUrl":"https:\/\/secure.gravatar.com\/avatar\/1d3e4f4c4a0d129f7ed4838ea20c33760c2484b9bc381993df6c0e3f5bf89c23?s=96&d=mm&r=g","caption":"R\u00e9daction R C"},"sameAs":["http:\/\/www.radiocastor.com"],"url":"https:\/\/www.radiocastor.com\/index.php\/author\/radio-castor\/"}]}},"uagb_featured_image_src":{"full":["https:\/\/www.radiocastor.com\/wp-content\/uploads\/2026\/08\/Screenshot-2026-08-30-at-18-44-43-cover-image-2000-x-1125-1761439414546.jpg-Image-JPEG-2000-\u00d7-1125-pixels-Redimensionnee-60.png",618,679,false],"thumbnail":["https:\/\/www.radiocastor.com\/wp-content\/uploads\/2026\/08\/Screenshot-2026-08-30-at-18-44-43-cover-image-2000-x-1125-1761439414546.jpg-Image-JPEG-2000-\u00d7-1125-pixels-Redimensionnee-60-150x150.png",150,150,true],"medium":["https:\/\/www.radiocastor.com\/wp-content\/uploads\/2026\/08\/Screenshot-2026-08-30-at-18-44-43-cover-image-2000-x-1125-1761439414546.jpg-Image-JPEG-2000-\u00d7-1125-pixels-Redimensionnee-60-273x300.png",273,300,true],"medium_large":["https:\/\/www.radiocastor.com\/wp-content\/uploads\/2026\/08\/Screenshot-2026-08-30-at-18-44-43-cover-image-2000-x-1125-1761439414546.jpg-Image-JPEG-2000-\u00d7-1125-pixels-Redimensionnee-60.png",618,679,false],"large":["https:\/\/www.radiocastor.com\/wp-content\/uploads\/2026\/08\/Screenshot-2026-08-30-at-18-44-43-cover-image-2000-x-1125-1761439414546.jpg-Image-JPEG-2000-\u00d7-1125-pixels-Redimensionnee-60.png",618,679,false],"1536x1536":["https:\/\/www.radiocastor.com\/wp-content\/uploads\/2026\/08\/Screenshot-2026-08-30-at-18-44-43-cover-image-2000-x-1125-1761439414546.jpg-Image-JPEG-2000-\u00d7-1125-pixels-Redimensionnee-60.png",618,679,false],"2048x2048":["https:\/\/www.radiocastor.com\/wp-content\/uploads\/2026\/08\/Screenshot-2026-08-30-at-18-44-43-cover-image-2000-x-1125-1761439414546.jpg-Image-JPEG-2000-\u00d7-1125-pixels-Redimensionnee-60.png",618,679,false],"newsever-slider-full":["https:\/\/www.radiocastor.com\/wp-content\/uploads\/2026\/08\/Screenshot-2026-08-30-at-18-44-43-cover-image-2000-x-1125-1761439414546.jpg-Image-JPEG-2000-\u00d7-1125-pixels-Redimensionnee-60.png",618,679,false],"newsever-featured":["https:\/\/www.radiocastor.com\/wp-content\/uploads\/2026\/08\/Screenshot-2026-08-30-at-18-44-43-cover-image-2000-x-1125-1761439414546.jpg-Image-JPEG-2000-\u00d7-1125-pixels-Redimensionnee-60.png",618,679,false],"newsever-medium":["https:\/\/www.radiocastor.com\/wp-content\/uploads\/2026\/08\/Screenshot-2026-08-30-at-18-44-43-cover-image-2000-x-1125-1761439414546.jpg-Image-JPEG-2000-\u00d7-1125-pixels-Redimensionnee-60-618x475.png",618,475,true]},"uagb_author_info":{"display_name":"R\u00e9daction R C","author_link":"https:\/\/www.radiocastor.com\/index.php\/author\/radio-castor\/"},"uagb_comment_info":0,"uagb_excerpt":"Pour sa toute premi\u00e8re apparition sur RadioCastor, le projet de l\u2019artiste n\u00e9o-yorkais d\u2019origine palestinienne Sun...","_links":{"self":[{"href":"https:\/\/www.radiocastor.com\/index.php\/wp-json\/wp\/v2\/posts\/17298","targetHints":{"allow":["GET"]}}],"collection":[{"href":"https:\/\/www.radiocastor.com\/index.php\/wp-json\/wp\/v2\/posts"}],"about":[{"href":"https:\/\/www.radiocastor.com\/index.php\/wp-json\/wp\/v2\/types\/post"}],"author":[{"embeddable":true,"href":"https:\/\/www.radiocastor.com\/index.php\/wp-json\/wp\/v2\/users\/1"}],"replies":[{"embeddable":true,"href":"https:\/\/www.radiocastor.com\/index.php\/wp-json\/wp\/v2\/comments?post=17298"}],"version-history":[{"count":1,"href":"https:\/\/www.radiocastor.com\/index.php\/wp-json\/wp\/v2\/posts\/17298\/revisions"}],"predecessor-version":[{"id":17300,"href":"https:\/\/www.radiocastor.com\/index.php\/wp-json\/wp\/v2\/posts\/17298\/revisions\/17300"}],"wp:featuredmedia":[{"embeddable":true,"href":"https:\/\/www.radiocastor.com\/index.php\/wp-json\/wp\/v2\/media\/17299"}],"wp:attachment":[{"href":"https:\/\/www.radiocastor.com\/index.php\/wp-json\/wp\/v2\/media?parent=17298"}],"wp:term":[{"taxonomy":"category","embeddable":true,"href":"https:\/\/www.radiocastor.com\/index.php\/wp-json\/wp\/v2\/categories?post=17298"},{"taxonomy":"post_tag","embeddable":true,"href":"https:\/\/www.radiocastor.com\/index.php\/wp-json\/wp\/v2\/tags?post=17298"}],"curies":[{"name":"wp","href":"https:\/\/api.w.org\/{rel}","templated":true}]}}