{"id":17294,"date":"2026-08-30T18:39:17","date_gmt":"2026-08-30T16:39:17","guid":{"rendered":"https:\/\/www.radiocastor.com\/?p=17294"},"modified":"2026-08-30T18:39:20","modified_gmt":"2026-08-30T16:39:20","slug":"amelie-aldner-eblouit-avec-la-puissance-vocale-et-lelegance-pop-rock-de-bold-and-beautiful","status":"publish","type":"post","link":"https:\/\/www.radiocastor.com\/index.php\/amelie-aldner-eblouit-avec-la-puissance-vocale-et-lelegance-pop-rock-de-bold-and-beautiful\/","title":{"rendered":"Amelie Aldner \u00e9blouit avec la puissance vocale et l\u2019\u00e9l\u00e9gance pop-rock de Bold and Beautiful"},"content":{"rendered":"\n<div class=\"wp-block-group is-layout-constrained wp-block-group-is-layout-constrained\">\n\n\n<p>Pour sa toute premi\u00e8re apparition sur RadioCastor, l\u2019artiste <strong>Amelie Aldner<\/strong> frappe fort avec \u00ab Bold and Beautiful \u00bb, paru le 21 ao\u00fbt 2026 sous le label Fashion Moves Music. \u00c9voluant au croisement de l\u2019Adult Contemporary, de l\u2019Indie Rock et de l\u2019Indie Pop, ce titre vibrant d\u00e9ploie une \u00e9nergie lumineuse et f\u00e9d\u00e9ratrice.<\/p>\n\n\n\n<p>Baign\u00e9e d\u00e8s son plus jeune \u00e2ge dans des influences \u00e9clectiques allant de Whitney Houston aux Doors en passant par Adele et Queen, Amelie Aldner livre une performance vocale habit\u00e9e et magistrale. \u00ab Bold and Beautiful \u00bb s\u2019impose comme un hymne affirm\u00e9 et passionn\u00e9, o\u00f9 m\u00e9lodies pop accrocheuses et \u00e9nergie rock s\u2019unissent pour offrir un v\u00e9ritable \u00e9lan de force et de reconnexion \u00e0 soi.<\/p>\n\n\n\n<p><em>\u00c0 \u00e9couter sur <a href=\"https:\/\/www.radiocastor.com\/index.php\/playlist\/\" target=\"_blank\" rel=\"noreferrer noopener\">nos playlists<\/a> !<\/em><\/p>\n\n\n\n<figure class=\"wp-block-embed is-type-video is-provider-youtube wp-block-embed-youtube wp-embed-aspect-16-9 wp-has-aspect-ratio\"><div class=\"wp-block-embed__wrapper\">\n<iframe loading=\"lazy\" title=\"Bold and Beautiful\" width=\"640\" height=\"480\" src=\"https:\/\/www.youtube.com\/embed\/cWeE5NBMgTU?feature=oembed\" frameborder=\"0\" allow=\"accelerometer; autoplay; clipboard-write; encrypted-media; gyroscope; picture-in-picture; web-share\" referrerpolicy=\"strict-origin-when-cross-origin\" allowfullscreen><\/iframe>\n<\/div><\/figure>\n\n\n\n<p class=\"has-text-align-center\"><a href=\"https:\/\/www.facebook.com\/ameliealdner\" target=\"_blank\" rel=\"noreferrer noopener\">Facebook<\/a> | <a href=\"https:\/\/www.instagram.com\/aldneramelie\/\" target=\"_blank\" rel=\"noreferrer noopener\">Instagram<\/a><\/p>\n\n\n<\/div>\n","protected":false},"excerpt":{"rendered":"<p>Pour sa toute premi\u00e8re apparition sur RadioCastor, l\u2019artiste Amelie Aldner frappe fort avec \u00ab Bold&#8230;<\/p>\n","protected":false},"author":1,"featured_media":17295,"comment_status":"closed","ping_status":"open","sticky":false,"template":"","format":"standard","meta":{"_uag_custom_page_level_css":"","footnotes":""},"categories":[4,5,32,46],"tags":[],"class_list":["post-17294","post","type-post","status-publish","format-standard","has-post-thumbnail","hentry","category-pop","category-rock","category-single","category-sortie"],"yoast_head":"<!-- This site is optimized with the Yoast SEO plugin v28.3 - https:\/\/yoast.com\/product\/yoast-seo-wordpress\/ -->\n<title>Amelie Aldner \u00e9blouit avec la puissance vocale et l\u2019\u00e9l\u00e9gance pop-rock de Bold and Beautiful - Radio Castor<\/title>\n<meta name=\"robots\" content=\"index, follow, max-snippet:-1, max-image-preview:large, max-video-preview:-1\" \/>\n<link rel=\"canonical\" href=\"https:\/\/www.radiocastor.com\/index.php\/amelie-aldner-eblouit-avec-la-puissance-vocale-et-lelegance-pop-rock-de-bold-and-beautiful\/\" \/>\n<meta property=\"og:locale\" content=\"fr_FR\" \/>\n<meta property=\"og:type\" content=\"article\" \/>\n<meta property=\"og:title\" content=\"Amelie Aldner \u00e9blouit avec la puissance vocale et l\u2019\u00e9l\u00e9gance pop-rock de Bold and Beautiful - Radio Castor\" \/>\n<meta property=\"og:description\" content=\"Pour sa toute premi\u00e8re apparition sur RadioCastor, l\u2019artiste Amelie Aldner frappe fort avec \u00ab Bold...\" \/>\n<meta property=\"og:url\" content=\"https:\/\/www.radiocastor.com\/index.php\/amelie-aldner-eblouit-avec-la-puissance-vocale-et-lelegance-pop-rock-de-bold-and-beautiful\/\" \/>\n<meta property=\"og:site_name\" content=\"Radio Castor\" \/>\n<meta property=\"article:publisher\" content=\"https:\/\/www.facebook.com\/theradiocastor\" \/>\n<meta property=\"article:published_time\" content=\"2026-08-30T16:39:17+00:00\" \/>\n<meta property=\"article:modified_time\" content=\"2026-08-30T16:39:20+00:00\" \/>\n<meta property=\"og:image\" content=\"https:\/\/www.radiocastor.com\/wp-content\/uploads\/2026\/08\/Amelie-Aldner.jpg\" \/>\n\t<meta property=\"og:image:width\" content=\"2048\" \/>\n\t<meta property=\"og:image:height\" content=\"2048\" \/>\n\t<meta property=\"og:image:type\" content=\"image\/jpeg\" \/>\n<meta name=\"author\" content=\"R\u00e9daction R C\" \/>\n<meta name=\"twitter:card\" content=\"summary_large_image\" \/>\n<meta name=\"twitter:creator\" content=\"@TheRadioCastor\" \/>\n<meta name=\"twitter:site\" content=\"@TheRadioCastor\" \/>\n<meta name=\"twitter:label1\" content=\"\u00c9crit par\" \/>\n\t<meta name=\"twitter:data1\" content=\"R\u00e9daction R C\" \/>\n\t<meta name=\"twitter:label2\" content=\"Dur\u00e9e de lecture estim\u00e9e\" \/>\n\t<meta name=\"twitter:data2\" content=\"1 minute\" \/>\n<script type=\"application\/ld+json\" class=\"yoast-schema-graph\">{\"@context\":\"https:\\\/\\\/schema.org\",\"@graph\":[{\"@type\":\"Article\",\"@id\":\"https:\\\/\\\/www.radiocastor.com\\\/index.php\\\/amelie-aldner-eblouit-avec-la-puissance-vocale-et-lelegance-pop-rock-de-bold-and-beautiful\\\/#article\",\"isPartOf\":{\"@id\":\"https:\\\/\\\/www.radiocastor.com\\\/index.php\\\/amelie-aldner-eblouit-avec-la-puissance-vocale-et-lelegance-pop-rock-de-bold-and-beautiful\\\/\"},\"author\":{\"name\":\"R\u00e9daction R C\",\"@id\":\"https:\\\/\\\/www.radiocastor.com\\\/#\\\/schema\\\/person\\\/558b0e47dc4c11fa52b2220ba6a78779\"},\"headline\":\"Amelie Aldner \u00e9blouit avec la puissance vocale et l\u2019\u00e9l\u00e9gance pop-rock de Bold and Beautiful\",\"datePublished\":\"2026-08-30T16:39:17+00:00\",\"dateModified\":\"2026-08-30T16:39:20+00:00\",\"mainEntityOfPage\":{\"@id\":\"https:\\\/\\\/www.radiocastor.com\\\/index.php\\\/amelie-aldner-eblouit-avec-la-puissance-vocale-et-lelegance-pop-rock-de-bold-and-beautiful\\\/\"},\"wordCount\":156,\"publisher\":{\"@id\":\"https:\\\/\\\/www.radiocastor.com\\\/#organization\"},\"image\":{\"@id\":\"https:\\\/\\\/www.radiocastor.com\\\/index.php\\\/amelie-aldner-eblouit-avec-la-puissance-vocale-et-lelegance-pop-rock-de-bold-and-beautiful\\\/#primaryimage\"},\"thumbnailUrl\":\"https:\\\/\\\/www.radiocastor.com\\\/wp-content\\\/uploads\\\/2026\\\/08\\\/Amelie-Aldner.jpg\",\"articleSection\":[\"Pop\",\"Rock\",\"Single\",\"Sortie\"],\"inLanguage\":\"fr-FR\"},{\"@type\":\"WebPage\",\"@id\":\"https:\\\/\\\/www.radiocastor.com\\\/index.php\\\/amelie-aldner-eblouit-avec-la-puissance-vocale-et-lelegance-pop-rock-de-bold-and-beautiful\\\/\",\"url\":\"https:\\\/\\\/www.radiocastor.com\\\/index.php\\\/amelie-aldner-eblouit-avec-la-puissance-vocale-et-lelegance-pop-rock-de-bold-and-beautiful\\\/\",\"name\":\"Amelie Aldner \u00e9blouit avec la puissance vocale et l\u2019\u00e9l\u00e9gance pop-rock de Bold and Beautiful - Radio Castor\",\"isPartOf\":{\"@id\":\"https:\\\/\\\/www.radiocastor.com\\\/#website\"},\"primaryImageOfPage\":{\"@id\":\"https:\\\/\\\/www.radiocastor.com\\\/index.php\\\/amelie-aldner-eblouit-avec-la-puissance-vocale-et-lelegance-pop-rock-de-bold-and-beautiful\\\/#primaryimage\"},\"image\":{\"@id\":\"https:\\\/\\\/www.radiocastor.com\\\/index.php\\\/amelie-aldner-eblouit-avec-la-puissance-vocale-et-lelegance-pop-rock-de-bold-and-beautiful\\\/#primaryimage\"},\"thumbnailUrl\":\"https:\\\/\\\/www.radiocastor.com\\\/wp-content\\\/uploads\\\/2026\\\/08\\\/Amelie-Aldner.jpg\",\"datePublished\":\"2026-08-30T16:39:17+00:00\",\"dateModified\":\"2026-08-30T16:39:20+00:00\",\"breadcrumb\":{\"@id\":\"https:\\\/\\\/www.radiocastor.com\\\/index.php\\\/amelie-aldner-eblouit-avec-la-puissance-vocale-et-lelegance-pop-rock-de-bold-and-beautiful\\\/#breadcrumb\"},\"inLanguage\":\"fr-FR\",\"potentialAction\":[{\"@type\":\"ReadAction\",\"target\":[\"https:\\\/\\\/www.radiocastor.com\\\/index.php\\\/amelie-aldner-eblouit-avec-la-puissance-vocale-et-lelegance-pop-rock-de-bold-and-beautiful\\\/\"]}]},{\"@type\":\"ImageObject\",\"inLanguage\":\"fr-FR\",\"@id\":\"https:\\\/\\\/www.radiocastor.com\\\/index.php\\\/amelie-aldner-eblouit-avec-la-puissance-vocale-et-lelegance-pop-rock-de-bold-and-beautiful\\\/#primaryimage\",\"url\":\"https:\\\/\\\/www.radiocastor.com\\\/wp-content\\\/uploads\\\/2026\\\/08\\\/Amelie-Aldner.jpg\",\"contentUrl\":\"https:\\\/\\\/www.radiocastor.com\\\/wp-content\\\/uploads\\\/2026\\\/08\\\/Amelie-Aldner.jpg\",\"width\":2048,\"height\":2048,\"caption\":\"Amelie Aldner\"},{\"@type\":\"BreadcrumbList\",\"@id\":\"https:\\\/\\\/www.radiocastor.com\\\/index.php\\\/amelie-aldner-eblouit-avec-la-puissance-vocale-et-lelegance-pop-rock-de-bold-and-beautiful\\\/#breadcrumb\",\"itemListElement\":[{\"@type\":\"ListItem\",\"position\":1,\"name\":\"Accueil\",\"item\":\"https:\\\/\\\/www.radiocastor.com\\\/\"},{\"@type\":\"ListItem\",\"position\":2,\"name\":\"Amelie Aldner \u00e9blouit avec la puissance vocale et l\u2019\u00e9l\u00e9gance pop-rock de Bold and Beautiful\"}]},{\"@type\":\"WebSite\",\"@id\":\"https:\\\/\\\/www.radiocastor.com\\\/#website\",\"url\":\"https:\\\/\\\/www.radiocastor.com\\\/\",\"name\":\"Radio Castor\",\"description\":\"La voix !\",\"publisher\":{\"@id\":\"https:\\\/\\\/www.radiocastor.com\\\/#organization\"},\"potentialAction\":[{\"@type\":\"SearchAction\",\"target\":{\"@type\":\"EntryPoint\",\"urlTemplate\":\"https:\\\/\\\/www.radiocastor.com\\\/?s={search_term_string}\"},\"query-input\":{\"@type\":\"PropertyValueSpecification\",\"valueRequired\":true,\"valueName\":\"search_term_string\"}}],\"inLanguage\":\"fr-FR\"},{\"@type\":\"Organization\",\"@id\":\"https:\\\/\\\/www.radiocastor.com\\\/#organization\",\"name\":\"Radio Castor\",\"url\":\"https:\\\/\\\/www.radiocastor.com\\\/\",\"logo\":{\"@type\":\"ImageObject\",\"inLanguage\":\"fr-FR\",\"@id\":\"https:\\\/\\\/www.radiocastor.com\\\/#\\\/schema\\\/logo\\\/image\\\/\",\"url\":\"https:\\\/\\\/www.radiocastor.com\\\/wp-content\\\/uploads\\\/2021\\\/11\\\/cropped-Radio-castor-logo-2.png\",\"contentUrl\":\"https:\\\/\\\/www.radiocastor.com\\\/wp-content\\\/uploads\\\/2021\\\/11\\\/cropped-Radio-castor-logo-2.png\",\"width\":437,\"height\":219,\"caption\":\"Radio Castor\"},\"image\":{\"@id\":\"https:\\\/\\\/www.radiocastor.com\\\/#\\\/schema\\\/logo\\\/image\\\/\"},\"sameAs\":[\"https:\\\/\\\/www.facebook.com\\\/theradiocastor\",\"https:\\\/\\\/x.com\\\/TheRadioCastor\",\"https:\\\/\\\/www.instagram.com\\\/theradiocastor\",\"https:\\\/\\\/www.youtube.com\\\/c\\\/RadioCastor\"]},{\"@type\":\"Person\",\"@id\":\"https:\\\/\\\/www.radiocastor.com\\\/#\\\/schema\\\/person\\\/558b0e47dc4c11fa52b2220ba6a78779\",\"name\":\"R\u00e9daction R C\",\"image\":{\"@type\":\"ImageObject\",\"inLanguage\":\"fr-FR\",\"@id\":\"https:\\\/\\\/secure.gravatar.com\\\/avatar\\\/1d3e4f4c4a0d129f7ed4838ea20c33760c2484b9bc381993df6c0e3f5bf89c23?s=96&d=mm&r=g\",\"url\":\"https:\\\/\\\/secure.gravatar.com\\\/avatar\\\/1d3e4f4c4a0d129f7ed4838ea20c33760c2484b9bc381993df6c0e3f5bf89c23?s=96&d=mm&r=g\",\"contentUrl\":\"https:\\\/\\\/secure.gravatar.com\\\/avatar\\\/1d3e4f4c4a0d129f7ed4838ea20c33760c2484b9bc381993df6c0e3f5bf89c23?s=96&d=mm&r=g\",\"caption\":\"R\u00e9daction R C\"},\"sameAs\":[\"http:\\\/\\\/www.radiocastor.com\"],\"url\":\"https:\\\/\\\/www.radiocastor.com\\\/index.php\\\/author\\\/radio-castor\\\/\"}]}<\/script>\n<!-- \/ Yoast SEO plugin. -->","yoast_head_json":{"title":"Amelie Aldner \u00e9blouit avec la puissance vocale et l\u2019\u00e9l\u00e9gance pop-rock de Bold and Beautiful - Radio Castor","robots":{"index":"index","follow":"follow","max-snippet":"max-snippet:-1","max-image-preview":"max-image-preview:large","max-video-preview":"max-video-preview:-1"},"canonical":"https:\/\/www.radiocastor.com\/index.php\/amelie-aldner-eblouit-avec-la-puissance-vocale-et-lelegance-pop-rock-de-bold-and-beautiful\/","og_locale":"fr_FR","og_type":"article","og_title":"Amelie Aldner \u00e9blouit avec la puissance vocale et l\u2019\u00e9l\u00e9gance pop-rock de Bold and Beautiful - Radio Castor","og_description":"Pour sa toute premi\u00e8re apparition sur RadioCastor, l\u2019artiste Amelie Aldner frappe fort avec \u00ab Bold...","og_url":"https:\/\/www.radiocastor.com\/index.php\/amelie-aldner-eblouit-avec-la-puissance-vocale-et-lelegance-pop-rock-de-bold-and-beautiful\/","og_site_name":"Radio Castor","article_publisher":"https:\/\/www.facebook.com\/theradiocastor","article_published_time":"2026-08-30T16:39:17+00:00","article_modified_time":"2026-08-30T16:39:20+00:00","og_image":[{"width":2048,"height":2048,"url":"https:\/\/www.radiocastor.com\/wp-content\/uploads\/2026\/08\/Amelie-Aldner.jpg","type":"image\/jpeg"}],"author":"R\u00e9daction R C","twitter_card":"summary_large_image","twitter_creator":"@TheRadioCastor","twitter_site":"@TheRadioCastor","twitter_misc":{"\u00c9crit par":"R\u00e9daction R C","Dur\u00e9e de lecture estim\u00e9e":"1 minute"},"schema":{"@context":"https:\/\/schema.org","@graph":[{"@type":"Article","@id":"https:\/\/www.radiocastor.com\/index.php\/amelie-aldner-eblouit-avec-la-puissance-vocale-et-lelegance-pop-rock-de-bold-and-beautiful\/#article","isPartOf":{"@id":"https:\/\/www.radiocastor.com\/index.php\/amelie-aldner-eblouit-avec-la-puissance-vocale-et-lelegance-pop-rock-de-bold-and-beautiful\/"},"author":{"name":"R\u00e9daction R C","@id":"https:\/\/www.radiocastor.com\/#\/schema\/person\/558b0e47dc4c11fa52b2220ba6a78779"},"headline":"Amelie Aldner \u00e9blouit avec la puissance vocale et l\u2019\u00e9l\u00e9gance pop-rock de Bold and Beautiful","datePublished":"2026-08-30T16:39:17+00:00","dateModified":"2026-08-30T16:39:20+00:00","mainEntityOfPage":{"@id":"https:\/\/www.radiocastor.com\/index.php\/amelie-aldner-eblouit-avec-la-puissance-vocale-et-lelegance-pop-rock-de-bold-and-beautiful\/"},"wordCount":156,"publisher":{"@id":"https:\/\/www.radiocastor.com\/#organization"},"image":{"@id":"https:\/\/www.radiocastor.com\/index.php\/amelie-aldner-eblouit-avec-la-puissance-vocale-et-lelegance-pop-rock-de-bold-and-beautiful\/#primaryimage"},"thumbnailUrl":"https:\/\/www.radiocastor.com\/wp-content\/uploads\/2026\/08\/Amelie-Aldner.jpg","articleSection":["Pop","Rock","Single","Sortie"],"inLanguage":"fr-FR"},{"@type":"WebPage","@id":"https:\/\/www.radiocastor.com\/index.php\/amelie-aldner-eblouit-avec-la-puissance-vocale-et-lelegance-pop-rock-de-bold-and-beautiful\/","url":"https:\/\/www.radiocastor.com\/index.php\/amelie-aldner-eblouit-avec-la-puissance-vocale-et-lelegance-pop-rock-de-bold-and-beautiful\/","name":"Amelie Aldner \u00e9blouit avec la puissance vocale et l\u2019\u00e9l\u00e9gance pop-rock de Bold and Beautiful - Radio Castor","isPartOf":{"@id":"https:\/\/www.radiocastor.com\/#website"},"primaryImageOfPage":{"@id":"https:\/\/www.radiocastor.com\/index.php\/amelie-aldner-eblouit-avec-la-puissance-vocale-et-lelegance-pop-rock-de-bold-and-beautiful\/#primaryimage"},"image":{"@id":"https:\/\/www.radiocastor.com\/index.php\/amelie-aldner-eblouit-avec-la-puissance-vocale-et-lelegance-pop-rock-de-bold-and-beautiful\/#primaryimage"},"thumbnailUrl":"https:\/\/www.radiocastor.com\/wp-content\/uploads\/2026\/08\/Amelie-Aldner.jpg","datePublished":"2026-08-30T16:39:17+00:00","dateModified":"2026-08-30T16:39:20+00:00","breadcrumb":{"@id":"https:\/\/www.radiocastor.com\/index.php\/amelie-aldner-eblouit-avec-la-puissance-vocale-et-lelegance-pop-rock-de-bold-and-beautiful\/#breadcrumb"},"inLanguage":"fr-FR","potentialAction":[{"@type":"ReadAction","target":["https:\/\/www.radiocastor.com\/index.php\/amelie-aldner-eblouit-avec-la-puissance-vocale-et-lelegance-pop-rock-de-bold-and-beautiful\/"]}]},{"@type":"ImageObject","inLanguage":"fr-FR","@id":"https:\/\/www.radiocastor.com\/index.php\/amelie-aldner-eblouit-avec-la-puissance-vocale-et-lelegance-pop-rock-de-bold-and-beautiful\/#primaryimage","url":"https:\/\/www.radiocastor.com\/wp-content\/uploads\/2026\/08\/Amelie-Aldner.jpg","contentUrl":"https:\/\/www.radiocastor.com\/wp-content\/uploads\/2026\/08\/Amelie-Aldner.jpg","width":2048,"height":2048,"caption":"Amelie Aldner"},{"@type":"BreadcrumbList","@id":"https:\/\/www.radiocastor.com\/index.php\/amelie-aldner-eblouit-avec-la-puissance-vocale-et-lelegance-pop-rock-de-bold-and-beautiful\/#breadcrumb","itemListElement":[{"@type":"ListItem","position":1,"name":"Accueil","item":"https:\/\/www.radiocastor.com\/"},{"@type":"ListItem","position":2,"name":"Amelie Aldner \u00e9blouit avec la puissance vocale et l\u2019\u00e9l\u00e9gance pop-rock de Bold and Beautiful"}]},{"@type":"WebSite","@id":"https:\/\/www.radiocastor.com\/#website","url":"https:\/\/www.radiocastor.com\/","name":"Radio Castor","description":"La voix !","publisher":{"@id":"https:\/\/www.radiocastor.com\/#organization"},"potentialAction":[{"@type":"SearchAction","target":{"@type":"EntryPoint","urlTemplate":"https:\/\/www.radiocastor.com\/?s={search_term_string}"},"query-input":{"@type":"PropertyValueSpecification","valueRequired":true,"valueName":"search_term_string"}}],"inLanguage":"fr-FR"},{"@type":"Organization","@id":"https:\/\/www.radiocastor.com\/#organization","name":"Radio Castor","url":"https:\/\/www.radiocastor.com\/","logo":{"@type":"ImageObject","inLanguage":"fr-FR","@id":"https:\/\/www.radiocastor.com\/#\/schema\/logo\/image\/","url":"https:\/\/www.radiocastor.com\/wp-content\/uploads\/2021\/11\/cropped-Radio-castor-logo-2.png","contentUrl":"https:\/\/www.radiocastor.com\/wp-content\/uploads\/2021\/11\/cropped-Radio-castor-logo-2.png","width":437,"height":219,"caption":"Radio Castor"},"image":{"@id":"https:\/\/www.radiocastor.com\/#\/schema\/logo\/image\/"},"sameAs":["https:\/\/www.facebook.com\/theradiocastor","https:\/\/x.com\/TheRadioCastor","https:\/\/www.instagram.com\/theradiocastor","https:\/\/www.youtube.com\/c\/RadioCastor"]},{"@type":"Person","@id":"https:\/\/www.radiocastor.com\/#\/schema\/person\/558b0e47dc4c11fa52b2220ba6a78779","name":"R\u00e9daction R C","image":{"@type":"ImageObject","inLanguage":"fr-FR","@id":"https:\/\/secure.gravatar.com\/avatar\/1d3e4f4c4a0d129f7ed4838ea20c33760c2484b9bc381993df6c0e3f5bf89c23?s=96&d=mm&r=g","url":"https:\/\/secure.gravatar.com\/avatar\/1d3e4f4c4a0d129f7ed4838ea20c33760c2484b9bc381993df6c0e3f5bf89c23?s=96&d=mm&r=g","contentUrl":"https:\/\/secure.gravatar.com\/avatar\/1d3e4f4c4a0d129f7ed4838ea20c33760c2484b9bc381993df6c0e3f5bf89c23?s=96&d=mm&r=g","caption":"R\u00e9daction R C"},"sameAs":["http:\/\/www.radiocastor.com"],"url":"https:\/\/www.radiocastor.com\/index.php\/author\/radio-castor\/"}]}},"uagb_featured_image_src":{"full":["https:\/\/www.radiocastor.com\/wp-content\/uploads\/2026\/08\/Amelie-Aldner.jpg",2048,2048,false],"thumbnail":["https:\/\/www.radiocastor.com\/wp-content\/uploads\/2026\/08\/Amelie-Aldner-150x150.jpg",150,150,true],"medium":["https:\/\/www.radiocastor.com\/wp-content\/uploads\/2026\/08\/Amelie-Aldner-300x300.jpg",300,300,true],"medium_large":["https:\/\/www.radiocastor.com\/wp-content\/uploads\/2026\/08\/Amelie-Aldner-768x768.jpg",640,640,true],"large":["https:\/\/www.radiocastor.com\/wp-content\/uploads\/2026\/08\/Amelie-Aldner-1024x1024.jpg",640,640,true],"1536x1536":["https:\/\/www.radiocastor.com\/wp-content\/uploads\/2026\/08\/Amelie-Aldner-1536x1536.jpg",1536,1536,true],"2048x2048":["https:\/\/www.radiocastor.com\/wp-content\/uploads\/2026\/08\/Amelie-Aldner.jpg",2048,2048,false],"newsever-slider-full":["https:\/\/www.radiocastor.com\/wp-content\/uploads\/2026\/08\/Amelie-Aldner-1280x845.jpg",1280,845,true],"newsever-featured":["https:\/\/www.radiocastor.com\/wp-content\/uploads\/2026\/08\/Amelie-Aldner-1024x1024.jpg",1024,1024,true],"newsever-medium":["https:\/\/www.radiocastor.com\/wp-content\/uploads\/2026\/08\/Amelie-Aldner-720x475.jpg",720,475,true]},"uagb_author_info":{"display_name":"R\u00e9daction R C","author_link":"https:\/\/www.radiocastor.com\/index.php\/author\/radio-castor\/"},"uagb_comment_info":0,"uagb_excerpt":"Pour sa toute premi\u00e8re apparition sur RadioCastor, l\u2019artiste Amelie Aldner frappe fort avec \u00ab Bold...","_links":{"self":[{"href":"https:\/\/www.radiocastor.com\/index.php\/wp-json\/wp\/v2\/posts\/17294","targetHints":{"allow":["GET"]}}],"collection":[{"href":"https:\/\/www.radiocastor.com\/index.php\/wp-json\/wp\/v2\/posts"}],"about":[{"href":"https:\/\/www.radiocastor.com\/index.php\/wp-json\/wp\/v2\/types\/post"}],"author":[{"embeddable":true,"href":"https:\/\/www.radiocastor.com\/index.php\/wp-json\/wp\/v2\/users\/1"}],"replies":[{"embeddable":true,"href":"https:\/\/www.radiocastor.com\/index.php\/wp-json\/wp\/v2\/comments?post=17294"}],"version-history":[{"count":1,"href":"https:\/\/www.radiocastor.com\/index.php\/wp-json\/wp\/v2\/posts\/17294\/revisions"}],"predecessor-version":[{"id":17296,"href":"https:\/\/www.radiocastor.com\/index.php\/wp-json\/wp\/v2\/posts\/17294\/revisions\/17296"}],"wp:featuredmedia":[{"embeddable":true,"href":"https:\/\/www.radiocastor.com\/index.php\/wp-json\/wp\/v2\/media\/17295"}],"wp:attachment":[{"href":"https:\/\/www.radiocastor.com\/index.php\/wp-json\/wp\/v2\/media?parent=17294"}],"wp:term":[{"taxonomy":"category","embeddable":true,"href":"https:\/\/www.radiocastor.com\/index.php\/wp-json\/wp\/v2\/categories?post=17294"},{"taxonomy":"post_tag","embeddable":true,"href":"https:\/\/www.radiocastor.com\/index.php\/wp-json\/wp\/v2\/tags?post=17294"}],"curies":[{"name":"wp","href":"https:\/\/api.w.org\/{rel}","templated":true}]}}