{"id":17291,"date":"2026-08-30T18:31:19","date_gmt":"2026-08-30T16:31:19","guid":{"rendered":"https:\/\/www.radiocastor.com\/?p=17291"},"modified":"2026-08-30T18:31:23","modified_gmt":"2026-08-30T16:31:23","slug":"jensc-emeut-avec-la-poesie-organique-et-la-profondeur-folk-de-song-for-gaia","status":"publish","type":"post","link":"https:\/\/www.radiocastor.com\/index.php\/jensc-emeut-avec-la-poesie-organique-et-la-profondeur-folk-de-song-for-gaia\/","title":{"rendered":"Jensc \u00e9meut avec la po\u00e9sie organique et la profondeur folk de Song for Gaia"},"content":{"rendered":"\n<div class=\"wp-block-group is-layout-constrained wp-block-group-is-layout-constrained\">\n\n\n<p>De retour sur RadioCastor, l\u2019artiste franco-am\u00e9ricain <strong><a href=\"https:\/\/radiocastor.com\/?s=Jensc\" target=\"_blank\" rel=\"noreferrer noopener\">Jensc<\/a><\/strong> nous livre \u00ab Song for Gaia \u00bb, paru le 7 ao\u00fbt 2026. \u00c9voluant au croisement de l\u2019Indie Folk, du Pop Rock et de l\u2019Acoustic Folk, ce titre vibrant offre une m\u00e9ditation touchante entre tendresse, nostalgie et conscience existentielle.<\/p>\n\n\n\n<p>\u00c0 travers des arrangements acoustiques d\u00e9licats et une \u00e9criture po\u00e9tique poignante, \u00ab Song for Gaia \u00bb prend la forme d\u2019une d\u00e9claration vibrante adress\u00e9e \u00e0 la Terre et \u00e0 la nature. Entre regret, espoir d\u2019une seconde chance et c\u00e9l\u00e9bration de la beaut\u00e9 du monde, Jensc insuffle une authenticit\u00e9 rare, port\u00e9e par une \u00e9motion \u00e0 la fois intime et universelle.<\/p>\n\n\n\n<p><em>\u00c0 \u00e9couter sur <a href=\"https:\/\/www.radiocastor.com\/index.php\/playlist\/\" target=\"_blank\" rel=\"noreferrer noopener\">nos playlists<\/a> !<\/em><\/p>\n\n\n\n<figure class=\"wp-block-embed is-type-video is-provider-youtube wp-block-embed-youtube wp-embed-aspect-16-9 wp-has-aspect-ratio\"><div class=\"wp-block-embed__wrapper\">\n<iframe loading=\"lazy\" title=\"Jensc - Song for Gaia\" width=\"640\" height=\"360\" src=\"https:\/\/www.youtube.com\/embed\/LiRWtYEmSMg?feature=oembed\" frameborder=\"0\" allow=\"accelerometer; autoplay; clipboard-write; encrypted-media; gyroscope; picture-in-picture; web-share\" referrerpolicy=\"strict-origin-when-cross-origin\" allowfullscreen><\/iframe>\n<\/div><\/figure>\n\n\n\n<p class=\"has-text-align-center\"><a href=\"https:\/\/www.instagram.com\/jenscmusic\" target=\"_blank\" rel=\"noreferrer noopener\">Instagram<\/a><\/p>\n\n\n<\/div>\n","protected":false},"excerpt":{"rendered":"<p>De retour sur RadioCastor, l\u2019artiste franco-am\u00e9ricain Jensc nous livre \u00ab Song for Gaia \u00bb, paru&#8230;<\/p>\n","protected":false},"author":1,"featured_media":11391,"comment_status":"closed","ping_status":"open","sticky":false,"template":"","format":"standard","meta":{"_uag_custom_page_level_css":"","footnotes":""},"categories":[76,4,5,32,46],"tags":[],"class_list":["post-17291","post","type-post","status-publish","format-standard","has-post-thumbnail","hentry","category-folk","category-pop","category-rock","category-single","category-sortie"],"yoast_head":"<!-- This site is optimized with the Yoast SEO plugin v28.3 - https:\/\/yoast.com\/product\/yoast-seo-wordpress\/ -->\n<title>Jensc \u00e9meut avec la po\u00e9sie organique et la profondeur folk de Song for Gaia - Radio Castor<\/title>\n<meta name=\"robots\" content=\"index, follow, max-snippet:-1, max-image-preview:large, max-video-preview:-1\" \/>\n<link rel=\"canonical\" href=\"https:\/\/www.radiocastor.com\/index.php\/jensc-emeut-avec-la-poesie-organique-et-la-profondeur-folk-de-song-for-gaia\/\" \/>\n<meta property=\"og:locale\" content=\"fr_FR\" \/>\n<meta property=\"og:type\" content=\"article\" \/>\n<meta property=\"og:title\" content=\"Jensc \u00e9meut avec la po\u00e9sie organique et la profondeur folk de Song for Gaia - Radio Castor\" \/>\n<meta property=\"og:description\" content=\"De retour sur RadioCastor, l\u2019artiste franco-am\u00e9ricain Jensc nous livre \u00ab Song for Gaia \u00bb, paru...\" \/>\n<meta property=\"og:url\" content=\"https:\/\/www.radiocastor.com\/index.php\/jensc-emeut-avec-la-poesie-organique-et-la-profondeur-folk-de-song-for-gaia\/\" \/>\n<meta property=\"og:site_name\" content=\"Radio Castor\" \/>\n<meta property=\"article:publisher\" content=\"https:\/\/www.facebook.com\/theradiocastor\" \/>\n<meta property=\"article:published_time\" content=\"2026-08-30T16:31:19+00:00\" \/>\n<meta property=\"article:modified_time\" content=\"2026-08-30T16:31:23+00:00\" \/>\n<meta property=\"og:image\" content=\"https:\/\/www.radiocastor.com\/wp-content\/uploads\/2025\/05\/Jensc.jpg\" \/>\n\t<meta property=\"og:image:width\" content=\"640\" \/>\n\t<meta property=\"og:image:height\" content=\"640\" \/>\n\t<meta property=\"og:image:type\" content=\"image\/jpeg\" \/>\n<meta name=\"author\" content=\"R\u00e9daction R C\" \/>\n<meta name=\"twitter:card\" content=\"summary_large_image\" \/>\n<meta name=\"twitter:creator\" content=\"@TheRadioCastor\" \/>\n<meta name=\"twitter:site\" content=\"@TheRadioCastor\" \/>\n<meta name=\"twitter:label1\" content=\"\u00c9crit par\" \/>\n\t<meta name=\"twitter:data1\" content=\"R\u00e9daction R C\" \/>\n\t<meta name=\"twitter:label2\" content=\"Dur\u00e9e de lecture estim\u00e9e\" \/>\n\t<meta name=\"twitter:data2\" content=\"1 minute\" \/>\n<script type=\"application\/ld+json\" class=\"yoast-schema-graph\">{\"@context\":\"https:\\\/\\\/schema.org\",\"@graph\":[{\"@type\":\"Article\",\"@id\":\"https:\\\/\\\/www.radiocastor.com\\\/index.php\\\/jensc-emeut-avec-la-poesie-organique-et-la-profondeur-folk-de-song-for-gaia\\\/#article\",\"isPartOf\":{\"@id\":\"https:\\\/\\\/www.radiocastor.com\\\/index.php\\\/jensc-emeut-avec-la-poesie-organique-et-la-profondeur-folk-de-song-for-gaia\\\/\"},\"author\":{\"name\":\"R\u00e9daction R C\",\"@id\":\"https:\\\/\\\/www.radiocastor.com\\\/#\\\/schema\\\/person\\\/558b0e47dc4c11fa52b2220ba6a78779\"},\"headline\":\"Jensc \u00e9meut avec la po\u00e9sie organique et la profondeur folk de Song for Gaia\",\"datePublished\":\"2026-08-30T16:31:19+00:00\",\"dateModified\":\"2026-08-30T16:31:23+00:00\",\"mainEntityOfPage\":{\"@id\":\"https:\\\/\\\/www.radiocastor.com\\\/index.php\\\/jensc-emeut-avec-la-poesie-organique-et-la-profondeur-folk-de-song-for-gaia\\\/\"},\"wordCount\":138,\"publisher\":{\"@id\":\"https:\\\/\\\/www.radiocastor.com\\\/#organization\"},\"image\":{\"@id\":\"https:\\\/\\\/www.radiocastor.com\\\/index.php\\\/jensc-emeut-avec-la-poesie-organique-et-la-profondeur-folk-de-song-for-gaia\\\/#primaryimage\"},\"thumbnailUrl\":\"https:\\\/\\\/www.radiocastor.com\\\/wp-content\\\/uploads\\\/2025\\\/05\\\/Jensc.jpg\",\"articleSection\":[\"Folk\",\"Pop\",\"Rock\",\"Single\",\"Sortie\"],\"inLanguage\":\"fr-FR\"},{\"@type\":\"WebPage\",\"@id\":\"https:\\\/\\\/www.radiocastor.com\\\/index.php\\\/jensc-emeut-avec-la-poesie-organique-et-la-profondeur-folk-de-song-for-gaia\\\/\",\"url\":\"https:\\\/\\\/www.radiocastor.com\\\/index.php\\\/jensc-emeut-avec-la-poesie-organique-et-la-profondeur-folk-de-song-for-gaia\\\/\",\"name\":\"Jensc \u00e9meut avec la po\u00e9sie organique et la profondeur folk de Song for Gaia - Radio Castor\",\"isPartOf\":{\"@id\":\"https:\\\/\\\/www.radiocastor.com\\\/#website\"},\"primaryImageOfPage\":{\"@id\":\"https:\\\/\\\/www.radiocastor.com\\\/index.php\\\/jensc-emeut-avec-la-poesie-organique-et-la-profondeur-folk-de-song-for-gaia\\\/#primaryimage\"},\"image\":{\"@id\":\"https:\\\/\\\/www.radiocastor.com\\\/index.php\\\/jensc-emeut-avec-la-poesie-organique-et-la-profondeur-folk-de-song-for-gaia\\\/#primaryimage\"},\"thumbnailUrl\":\"https:\\\/\\\/www.radiocastor.com\\\/wp-content\\\/uploads\\\/2025\\\/05\\\/Jensc.jpg\",\"datePublished\":\"2026-08-30T16:31:19+00:00\",\"dateModified\":\"2026-08-30T16:31:23+00:00\",\"breadcrumb\":{\"@id\":\"https:\\\/\\\/www.radiocastor.com\\\/index.php\\\/jensc-emeut-avec-la-poesie-organique-et-la-profondeur-folk-de-song-for-gaia\\\/#breadcrumb\"},\"inLanguage\":\"fr-FR\",\"potentialAction\":[{\"@type\":\"ReadAction\",\"target\":[\"https:\\\/\\\/www.radiocastor.com\\\/index.php\\\/jensc-emeut-avec-la-poesie-organique-et-la-profondeur-folk-de-song-for-gaia\\\/\"]}]},{\"@type\":\"ImageObject\",\"inLanguage\":\"fr-FR\",\"@id\":\"https:\\\/\\\/www.radiocastor.com\\\/index.php\\\/jensc-emeut-avec-la-poesie-organique-et-la-profondeur-folk-de-song-for-gaia\\\/#primaryimage\",\"url\":\"https:\\\/\\\/www.radiocastor.com\\\/wp-content\\\/uploads\\\/2025\\\/05\\\/Jensc.jpg\",\"contentUrl\":\"https:\\\/\\\/www.radiocastor.com\\\/wp-content\\\/uploads\\\/2025\\\/05\\\/Jensc.jpg\",\"width\":640,\"height\":640,\"caption\":\"Jensc\"},{\"@type\":\"BreadcrumbList\",\"@id\":\"https:\\\/\\\/www.radiocastor.com\\\/index.php\\\/jensc-emeut-avec-la-poesie-organique-et-la-profondeur-folk-de-song-for-gaia\\\/#breadcrumb\",\"itemListElement\":[{\"@type\":\"ListItem\",\"position\":1,\"name\":\"Accueil\",\"item\":\"https:\\\/\\\/www.radiocastor.com\\\/\"},{\"@type\":\"ListItem\",\"position\":2,\"name\":\"Jensc \u00e9meut avec la po\u00e9sie organique et la profondeur folk de Song for Gaia\"}]},{\"@type\":\"WebSite\",\"@id\":\"https:\\\/\\\/www.radiocastor.com\\\/#website\",\"url\":\"https:\\\/\\\/www.radiocastor.com\\\/\",\"name\":\"Radio Castor\",\"description\":\"La voix !\",\"publisher\":{\"@id\":\"https:\\\/\\\/www.radiocastor.com\\\/#organization\"},\"potentialAction\":[{\"@type\":\"SearchAction\",\"target\":{\"@type\":\"EntryPoint\",\"urlTemplate\":\"https:\\\/\\\/www.radiocastor.com\\\/?s={search_term_string}\"},\"query-input\":{\"@type\":\"PropertyValueSpecification\",\"valueRequired\":true,\"valueName\":\"search_term_string\"}}],\"inLanguage\":\"fr-FR\"},{\"@type\":\"Organization\",\"@id\":\"https:\\\/\\\/www.radiocastor.com\\\/#organization\",\"name\":\"Radio Castor\",\"url\":\"https:\\\/\\\/www.radiocastor.com\\\/\",\"logo\":{\"@type\":\"ImageObject\",\"inLanguage\":\"fr-FR\",\"@id\":\"https:\\\/\\\/www.radiocastor.com\\\/#\\\/schema\\\/logo\\\/image\\\/\",\"url\":\"https:\\\/\\\/www.radiocastor.com\\\/wp-content\\\/uploads\\\/2021\\\/11\\\/cropped-Radio-castor-logo-2.png\",\"contentUrl\":\"https:\\\/\\\/www.radiocastor.com\\\/wp-content\\\/uploads\\\/2021\\\/11\\\/cropped-Radio-castor-logo-2.png\",\"width\":437,\"height\":219,\"caption\":\"Radio Castor\"},\"image\":{\"@id\":\"https:\\\/\\\/www.radiocastor.com\\\/#\\\/schema\\\/logo\\\/image\\\/\"},\"sameAs\":[\"https:\\\/\\\/www.facebook.com\\\/theradiocastor\",\"https:\\\/\\\/x.com\\\/TheRadioCastor\",\"https:\\\/\\\/www.instagram.com\\\/theradiocastor\",\"https:\\\/\\\/www.youtube.com\\\/c\\\/RadioCastor\"]},{\"@type\":\"Person\",\"@id\":\"https:\\\/\\\/www.radiocastor.com\\\/#\\\/schema\\\/person\\\/558b0e47dc4c11fa52b2220ba6a78779\",\"name\":\"R\u00e9daction R C\",\"image\":{\"@type\":\"ImageObject\",\"inLanguage\":\"fr-FR\",\"@id\":\"https:\\\/\\\/secure.gravatar.com\\\/avatar\\\/1d3e4f4c4a0d129f7ed4838ea20c33760c2484b9bc381993df6c0e3f5bf89c23?s=96&d=mm&r=g\",\"url\":\"https:\\\/\\\/secure.gravatar.com\\\/avatar\\\/1d3e4f4c4a0d129f7ed4838ea20c33760c2484b9bc381993df6c0e3f5bf89c23?s=96&d=mm&r=g\",\"contentUrl\":\"https:\\\/\\\/secure.gravatar.com\\\/avatar\\\/1d3e4f4c4a0d129f7ed4838ea20c33760c2484b9bc381993df6c0e3f5bf89c23?s=96&d=mm&r=g\",\"caption\":\"R\u00e9daction R C\"},\"sameAs\":[\"http:\\\/\\\/www.radiocastor.com\"],\"url\":\"https:\\\/\\\/www.radiocastor.com\\\/index.php\\\/author\\\/radio-castor\\\/\"}]}<\/script>\n<!-- \/ Yoast SEO plugin. -->","yoast_head_json":{"title":"Jensc \u00e9meut avec la po\u00e9sie organique et la profondeur folk de Song for Gaia - Radio Castor","robots":{"index":"index","follow":"follow","max-snippet":"max-snippet:-1","max-image-preview":"max-image-preview:large","max-video-preview":"max-video-preview:-1"},"canonical":"https:\/\/www.radiocastor.com\/index.php\/jensc-emeut-avec-la-poesie-organique-et-la-profondeur-folk-de-song-for-gaia\/","og_locale":"fr_FR","og_type":"article","og_title":"Jensc \u00e9meut avec la po\u00e9sie organique et la profondeur folk de Song for Gaia - Radio Castor","og_description":"De retour sur RadioCastor, l\u2019artiste franco-am\u00e9ricain Jensc nous livre \u00ab Song for Gaia \u00bb, paru...","og_url":"https:\/\/www.radiocastor.com\/index.php\/jensc-emeut-avec-la-poesie-organique-et-la-profondeur-folk-de-song-for-gaia\/","og_site_name":"Radio Castor","article_publisher":"https:\/\/www.facebook.com\/theradiocastor","article_published_time":"2026-08-30T16:31:19+00:00","article_modified_time":"2026-08-30T16:31:23+00:00","og_image":[{"width":640,"height":640,"url":"https:\/\/www.radiocastor.com\/wp-content\/uploads\/2025\/05\/Jensc.jpg","type":"image\/jpeg"}],"author":"R\u00e9daction R C","twitter_card":"summary_large_image","twitter_creator":"@TheRadioCastor","twitter_site":"@TheRadioCastor","twitter_misc":{"\u00c9crit par":"R\u00e9daction R C","Dur\u00e9e de lecture estim\u00e9e":"1 minute"},"schema":{"@context":"https:\/\/schema.org","@graph":[{"@type":"Article","@id":"https:\/\/www.radiocastor.com\/index.php\/jensc-emeut-avec-la-poesie-organique-et-la-profondeur-folk-de-song-for-gaia\/#article","isPartOf":{"@id":"https:\/\/www.radiocastor.com\/index.php\/jensc-emeut-avec-la-poesie-organique-et-la-profondeur-folk-de-song-for-gaia\/"},"author":{"name":"R\u00e9daction R C","@id":"https:\/\/www.radiocastor.com\/#\/schema\/person\/558b0e47dc4c11fa52b2220ba6a78779"},"headline":"Jensc \u00e9meut avec la po\u00e9sie organique et la profondeur folk de Song for Gaia","datePublished":"2026-08-30T16:31:19+00:00","dateModified":"2026-08-30T16:31:23+00:00","mainEntityOfPage":{"@id":"https:\/\/www.radiocastor.com\/index.php\/jensc-emeut-avec-la-poesie-organique-et-la-profondeur-folk-de-song-for-gaia\/"},"wordCount":138,"publisher":{"@id":"https:\/\/www.radiocastor.com\/#organization"},"image":{"@id":"https:\/\/www.radiocastor.com\/index.php\/jensc-emeut-avec-la-poesie-organique-et-la-profondeur-folk-de-song-for-gaia\/#primaryimage"},"thumbnailUrl":"https:\/\/www.radiocastor.com\/wp-content\/uploads\/2025\/05\/Jensc.jpg","articleSection":["Folk","Pop","Rock","Single","Sortie"],"inLanguage":"fr-FR"},{"@type":"WebPage","@id":"https:\/\/www.radiocastor.com\/index.php\/jensc-emeut-avec-la-poesie-organique-et-la-profondeur-folk-de-song-for-gaia\/","url":"https:\/\/www.radiocastor.com\/index.php\/jensc-emeut-avec-la-poesie-organique-et-la-profondeur-folk-de-song-for-gaia\/","name":"Jensc \u00e9meut avec la po\u00e9sie organique et la profondeur folk de Song for Gaia - Radio Castor","isPartOf":{"@id":"https:\/\/www.radiocastor.com\/#website"},"primaryImageOfPage":{"@id":"https:\/\/www.radiocastor.com\/index.php\/jensc-emeut-avec-la-poesie-organique-et-la-profondeur-folk-de-song-for-gaia\/#primaryimage"},"image":{"@id":"https:\/\/www.radiocastor.com\/index.php\/jensc-emeut-avec-la-poesie-organique-et-la-profondeur-folk-de-song-for-gaia\/#primaryimage"},"thumbnailUrl":"https:\/\/www.radiocastor.com\/wp-content\/uploads\/2025\/05\/Jensc.jpg","datePublished":"2026-08-30T16:31:19+00:00","dateModified":"2026-08-30T16:31:23+00:00","breadcrumb":{"@id":"https:\/\/www.radiocastor.com\/index.php\/jensc-emeut-avec-la-poesie-organique-et-la-profondeur-folk-de-song-for-gaia\/#breadcrumb"},"inLanguage":"fr-FR","potentialAction":[{"@type":"ReadAction","target":["https:\/\/www.radiocastor.com\/index.php\/jensc-emeut-avec-la-poesie-organique-et-la-profondeur-folk-de-song-for-gaia\/"]}]},{"@type":"ImageObject","inLanguage":"fr-FR","@id":"https:\/\/www.radiocastor.com\/index.php\/jensc-emeut-avec-la-poesie-organique-et-la-profondeur-folk-de-song-for-gaia\/#primaryimage","url":"https:\/\/www.radiocastor.com\/wp-content\/uploads\/2025\/05\/Jensc.jpg","contentUrl":"https:\/\/www.radiocastor.com\/wp-content\/uploads\/2025\/05\/Jensc.jpg","width":640,"height":640,"caption":"Jensc"},{"@type":"BreadcrumbList","@id":"https:\/\/www.radiocastor.com\/index.php\/jensc-emeut-avec-la-poesie-organique-et-la-profondeur-folk-de-song-for-gaia\/#breadcrumb","itemListElement":[{"@type":"ListItem","position":1,"name":"Accueil","item":"https:\/\/www.radiocastor.com\/"},{"@type":"ListItem","position":2,"name":"Jensc \u00e9meut avec la po\u00e9sie organique et la profondeur folk de Song for Gaia"}]},{"@type":"WebSite","@id":"https:\/\/www.radiocastor.com\/#website","url":"https:\/\/www.radiocastor.com\/","name":"Radio Castor","description":"La voix !","publisher":{"@id":"https:\/\/www.radiocastor.com\/#organization"},"potentialAction":[{"@type":"SearchAction","target":{"@type":"EntryPoint","urlTemplate":"https:\/\/www.radiocastor.com\/?s={search_term_string}"},"query-input":{"@type":"PropertyValueSpecification","valueRequired":true,"valueName":"search_term_string"}}],"inLanguage":"fr-FR"},{"@type":"Organization","@id":"https:\/\/www.radiocastor.com\/#organization","name":"Radio Castor","url":"https:\/\/www.radiocastor.com\/","logo":{"@type":"ImageObject","inLanguage":"fr-FR","@id":"https:\/\/www.radiocastor.com\/#\/schema\/logo\/image\/","url":"https:\/\/www.radiocastor.com\/wp-content\/uploads\/2021\/11\/cropped-Radio-castor-logo-2.png","contentUrl":"https:\/\/www.radiocastor.com\/wp-content\/uploads\/2021\/11\/cropped-Radio-castor-logo-2.png","width":437,"height":219,"caption":"Radio Castor"},"image":{"@id":"https:\/\/www.radiocastor.com\/#\/schema\/logo\/image\/"},"sameAs":["https:\/\/www.facebook.com\/theradiocastor","https:\/\/x.com\/TheRadioCastor","https:\/\/www.instagram.com\/theradiocastor","https:\/\/www.youtube.com\/c\/RadioCastor"]},{"@type":"Person","@id":"https:\/\/www.radiocastor.com\/#\/schema\/person\/558b0e47dc4c11fa52b2220ba6a78779","name":"R\u00e9daction R C","image":{"@type":"ImageObject","inLanguage":"fr-FR","@id":"https:\/\/secure.gravatar.com\/avatar\/1d3e4f4c4a0d129f7ed4838ea20c33760c2484b9bc381993df6c0e3f5bf89c23?s=96&d=mm&r=g","url":"https:\/\/secure.gravatar.com\/avatar\/1d3e4f4c4a0d129f7ed4838ea20c33760c2484b9bc381993df6c0e3f5bf89c23?s=96&d=mm&r=g","contentUrl":"https:\/\/secure.gravatar.com\/avatar\/1d3e4f4c4a0d129f7ed4838ea20c33760c2484b9bc381993df6c0e3f5bf89c23?s=96&d=mm&r=g","caption":"R\u00e9daction R C"},"sameAs":["http:\/\/www.radiocastor.com"],"url":"https:\/\/www.radiocastor.com\/index.php\/author\/radio-castor\/"}]}},"uagb_featured_image_src":{"full":["https:\/\/www.radiocastor.com\/wp-content\/uploads\/2025\/05\/Jensc.jpg",640,640,false],"thumbnail":["https:\/\/www.radiocastor.com\/wp-content\/uploads\/2025\/05\/Jensc-150x150.jpg",150,150,true],"medium":["https:\/\/www.radiocastor.com\/wp-content\/uploads\/2025\/05\/Jensc-300x300.jpg",300,300,true],"medium_large":["https:\/\/www.radiocastor.com\/wp-content\/uploads\/2025\/05\/Jensc.jpg",640,640,false],"large":["https:\/\/www.radiocastor.com\/wp-content\/uploads\/2025\/05\/Jensc.jpg",640,640,false],"1536x1536":["https:\/\/www.radiocastor.com\/wp-content\/uploads\/2025\/05\/Jensc.jpg",640,640,false],"2048x2048":["https:\/\/www.radiocastor.com\/wp-content\/uploads\/2025\/05\/Jensc.jpg",640,640,false],"newsever-slider-full":["https:\/\/www.radiocastor.com\/wp-content\/uploads\/2025\/05\/Jensc.jpg",640,640,false],"newsever-featured":["https:\/\/www.radiocastor.com\/wp-content\/uploads\/2025\/05\/Jensc.jpg",640,640,false],"newsever-medium":["https:\/\/www.radiocastor.com\/wp-content\/uploads\/2025\/05\/Jensc-640x475.jpg",640,475,true]},"uagb_author_info":{"display_name":"R\u00e9daction R C","author_link":"https:\/\/www.radiocastor.com\/index.php\/author\/radio-castor\/"},"uagb_comment_info":0,"uagb_excerpt":"De retour sur RadioCastor, l\u2019artiste franco-am\u00e9ricain Jensc nous livre \u00ab Song for Gaia \u00bb, paru...","_links":{"self":[{"href":"https:\/\/www.radiocastor.com\/index.php\/wp-json\/wp\/v2\/posts\/17291","targetHints":{"allow":["GET"]}}],"collection":[{"href":"https:\/\/www.radiocastor.com\/index.php\/wp-json\/wp\/v2\/posts"}],"about":[{"href":"https:\/\/www.radiocastor.com\/index.php\/wp-json\/wp\/v2\/types\/post"}],"author":[{"embeddable":true,"href":"https:\/\/www.radiocastor.com\/index.php\/wp-json\/wp\/v2\/users\/1"}],"replies":[{"embeddable":true,"href":"https:\/\/www.radiocastor.com\/index.php\/wp-json\/wp\/v2\/comments?post=17291"}],"version-history":[{"count":1,"href":"https:\/\/www.radiocastor.com\/index.php\/wp-json\/wp\/v2\/posts\/17291\/revisions"}],"predecessor-version":[{"id":17292,"href":"https:\/\/www.radiocastor.com\/index.php\/wp-json\/wp\/v2\/posts\/17291\/revisions\/17292"}],"wp:featuredmedia":[{"embeddable":true,"href":"https:\/\/www.radiocastor.com\/index.php\/wp-json\/wp\/v2\/media\/11391"}],"wp:attachment":[{"href":"https:\/\/www.radiocastor.com\/index.php\/wp-json\/wp\/v2\/media?parent=17291"}],"wp:term":[{"taxonomy":"category","embeddable":true,"href":"https:\/\/www.radiocastor.com\/index.php\/wp-json\/wp\/v2\/categories?post=17291"},{"taxonomy":"post_tag","embeddable":true,"href":"https:\/\/www.radiocastor.com\/index.php\/wp-json\/wp\/v2\/tags?post=17291"}],"curies":[{"name":"wp","href":"https:\/\/api.w.org\/{rel}","templated":true}]}}