{"id":1719,"date":"2022-05-24T08:00:00","date_gmt":"2022-05-24T06:00:00","guid":{"rendered":"https:\/\/www.radiocastor.com\/?p=1719"},"modified":"2022-06-24T18:26:27","modified_gmt":"2022-06-24T16:26:27","slug":"chronique-de-la-chanson-francaise-episode-4-une-creation-internationale","status":"publish","type":"post","link":"https:\/\/www.radiocastor.com\/index.php\/chronique-de-la-chanson-francaise-episode-4-une-creation-internationale\/","title":{"rendered":"Chronique de la chanson fran\u00e7aise \u00e9pisode 4, une cr\u00e9ation internationale !"},"content":{"rendered":"\n<p>Vous \u00eates maintenant habitu\u00e9s \u00e0 notre rubrique mensuelle consacr\u00e9e \u00e0 la chanson fran\u00e7aise.<br>Hors comme nous l&rsquo;avons prouv\u00e9, la francophonie ne se limite pas \u00e0 la France, et touche quasiment tous les styles musicaux, vari\u00e9t\u00e9, rock, pop, folk, rap, reggae, blues, R&amp;B, musiques traditionnelles.<br>Une richesse culturelle que nous allons continuer \u00e0 vous faire d\u00e9couvrir.<br>Ce mois-ci, une nouvelle s\u00e9lection de 10 titres de 10 artistes, \u00e0 red\u00e9couvrir dans nos playlists.<\/p>\n\n\n\n<h2 class=\"has-text-color wp-block-heading\" style=\"color:#c35100\">Guillaume Laroche \u2013 \u00c7a fait longtemps<\/h2>\n\n\n\n<p>Voici le premier single, tir\u00e9 de l&rsquo;album \u00e0 para\u00eetre en 2023, de  Guillaume Laroche, originaire de Rouyn-Noranda en Abitibi-T\u00e9miscamingue (bon, ok, c&rsquo;est au Canada&#8230;)<br>Guillaume est un auteur-compositeur-interpr\u00e8te, chanteur, guitariste et pianiste de 26 ans qui joue avec les mots, les sonorit\u00e9s et les rimes de mani\u00e8re tr\u00e8s polyvalente, lui qui \u00e9crit pour des styles musicaux tels que le populaire, le hip-hop, l\u2019\u00e9lectro, l\u2019alternatif et le folk en plus de po\u00e8mes et de monologues.<\/p>\n\n\n\n<p><iframe loading=\"lazy\" src=\"https:\/\/www.youtube.com\/embed\/9jcblBScUHg\" title=\"YouTube video player\" allow=\"accelerometer; autoplay; clipboard-write; encrypted-media; gyroscope; picture-in-picture\" allowfullscreen=\"\" width=\"560\" height=\"315\" frameborder=\"0\"><\/iframe><\/p>\n\n\n\n<p class=\"has-text-align-center\"><a rel=\"noreferrer noopener\" href=\"https:\/\/www.facebook.com\/guillaumelarocheartiste\" target=\"_blank\">Facebook<\/a> &#8211; <a href=\"https:\/\/www.instagram.com\/guillaume.l.musique\/\" target=\"_blank\" rel=\"noreferrer noopener\">Instagram<\/a><\/p>\n\n\n\n<h2 class=\"has-text-color wp-block-heading\" style=\"color:#c35100\">C\u00e9line Aviani \u2013 La Nuit<\/h2>\n\n\n\n<p>Auteur-compositeur et interpr\u00e8te, C\u00e9line Aviani nous pr\u00e9sente \u00ab\u00a0La Nuit\u00a0\u00bb, une chanson qui parle de tous les r\u00eaves que nous portons en nous et que nous retrouvons lors d\u2019une nuit qui peut tout changer.<br>De ses terres gasconnes \u00e0 Paris, du conservatoire de musique de Toulouse en passant par les pianos-bars, elle d\u00e9livre un texte vivant d&rsquo;une voix douce et sensuelle, sur un air entra\u00eenant et dynamique.<br>Berc\u00e9e par les m\u00e9lodies fran\u00e7aises, s\u2019inspirant de la pop actuelle et de la richesse artistique des musiciens avec qui elle collabore, elle construit sa propre direction et nous offre un r\u00e9pertoire en fran\u00e7ais \u00e0 son image, vivant, sensible et qui n\u2019a de cesse de poursuivre un objectif : relier les gens les uns aux autres.<\/p>\n\n\n\n<p><iframe loading=\"lazy\" src=\"https:\/\/www.youtube.com\/embed\/-Lp3V04RANM\" title=\"YouTube video player\" allow=\"accelerometer; autoplay; clipboard-write; encrypted-media; gyroscope; picture-in-picture\" allowfullscreen=\"\" width=\"560\" height=\"315\" frameborder=\"0\"><\/iframe><\/p>\n\n\n\n<p class=\"has-text-align-center\"><a rel=\"noreferrer noopener\" href=\"https:\/\/www.facebook.com\/CelineAviani\" target=\"_blank\">Facebook<\/a> &#8211; <a rel=\"noreferrer noopener\" href=\"https:\/\/www.instagram.com\/celineaviani\/\" target=\"_blank\">Instagram<\/a> &#8211; <a href=\"https:\/\/twitter.com\/CelineAviani\" target=\"_blank\" rel=\"noreferrer noopener\">Twitter<\/a><\/p>\n\n\n\n<h2 class=\"has-text-color wp-block-heading\" style=\"color:#c35100\">G\u00e9n\u00e9rale Pery &#8211; Je quitte mon job<\/h2>\n\n\n\n<p>G\u00e9n\u00e9rale Pery est un groupe d\u2019\u00e9lectro pop urbaine compos\u00e9e de Perrine Megret (aka G\u00e9n\u00e9rale Pery) et de Antoine Lefort (aka Le Programmeur).<br>Deuxi\u00e8me morceau du projet de G\u00e9n\u00e9rale Pery, \u00ab\u00a0Je quitte mon job\u00a0\u00bb nous invite \u00e0 prendre joyeusement la fuite en cas de non-alignement avec notre environnement professionnel !<br>Texte incisif, rythme \u00e0 s\u2019essouffler, on surfe entre l&rsquo;engag\u00e9 et la provoc&rsquo;, la r\u00e9volte et la caricature; r\u00e9bellion \u00e0 la fran\u00e7aise !!!<\/p>\n\n\n\n<p><iframe loading=\"lazy\" src=\"https:\/\/www.youtube.com\/embed\/L4rXIX51gLo\" title=\"YouTube video player\" allow=\"accelerometer; autoplay; clipboard-write; encrypted-media; gyroscope; picture-in-picture\" allowfullscreen=\"\" width=\"560\" height=\"315\" frameborder=\"0\"><\/iframe><\/p>\n\n\n\n<p class=\"has-text-align-center\"><a rel=\"noreferrer noopener\" href=\"https:\/\/www.generalepery.com\" target=\"_blank\">Site Officiel<\/a> &#8211; <a rel=\"noreferrer noopener\" href=\"https:\/\/www.facebook.com\/generalepery\" target=\"_blank\">Facebook<\/a> &#8211; <a rel=\"noreferrer noopener\" href=\"https:\/\/www.instagram.com\/generalepery\/\" target=\"_blank\">Instagram<\/a> &#8211; <a href=\"https:\/\/twitter.com\/GeneralePery\" target=\"_blank\" rel=\"noreferrer noopener\">Twitter<\/a><\/p>\n\n\n\n<h2 class=\"has-text-color wp-block-heading\" style=\"color:#c35100\">Fox Nigon &#8211; Les Paradis Perdus<\/h2>\n\n\n\n<p>Extrait de \u00ab\u00a0\u00eatre ET rena\u00eetre\u00a0\u00bb, le tout premier album de Fox Nigon, \u00ab\u00a0Les Paradis Perdus\u00a0\u00bb est un texte au second degr\u00e9, qui s&rsquo;entrem\u00ealent \u00e0 des extraits de comptines populaires.<br>Sur un air de reggae-pop, tel un Serge Gainsbourg dans sa meilleure version Gainsbarre, Fox fait l\u2019apologie du sexe, de l&rsquo;alcool et de la drogue, ces paradis perdus flirtent avec les tabous, nos vices et nos vertus, comme il les appelle.<br>H\u00e9las, ce titre a beaucoup \u00e9t\u00e9 censur\u00e9, tant pour ses propos que pour les images de la vid\u00e9o !<\/p>\n\n\n\n<p><\/p>\n\n\n\n<p><iframe loading=\"lazy\" src=\"https:\/\/www.youtube.com\/embed\/NQnGEnURZEs\" title=\"YouTube video player\" allow=\"accelerometer; autoplay; clipboard-write; encrypted-media; gyroscope; picture-in-picture\" allowfullscreen=\"\" width=\"560\" height=\"315\" frameborder=\"0\"><\/iframe><\/p>\n\n\n\n<p class=\"has-text-align-center\"> <a rel=\"noreferrer noopener\" href=\"http:\/\/www.foxnigon.com\/\" target=\"_blank\">Site Officiel<\/a> \u2013 <a rel=\"noreferrer noopener\" href=\"https:\/\/www.youtube.com\/c\/FoxNigon\" target=\"_blank\">Chaine YouTube<\/a> \u2013 <a rel=\"noreferrer noopener\" href=\"https:\/\/www.facebook.com\/foxnigon\" target=\"_blank\">Facebook <\/a>\u2013 <a rel=\"noreferrer noopener\" href=\"https:\/\/twitter.com\/foxnigon\/\" target=\"_blank\">Twitter <\/a>\u2013 <a rel=\"noreferrer noopener\" href=\"https:\/\/www.instagram.com\/foxnigon\/\" target=\"_blank\">Instagram<\/a><\/p>\n\n\n\n<h2 class=\"has-text-color wp-block-heading\" style=\"color:#c35100\">Mariko &#8211; Calmer les orages<\/h2>\n\n\n\n<p>L&rsquo;autrice-compositrice-interpr\u00e8te qu\u00e9b\u00e9coise Mariko repr\u00e9sente dignement la chanson fran\u00e7aise; il y a peu encore, elle montait avec Renee Wilkin et Antoine Lachance sur les sc\u00e8nes du Festival International de Jazz de Montr\u00e9al et des Francofolies de Montr\u00e9al \u00e0 titre de choriste \/ percussionniste.<br>En plus de s&rsquo;\u00eatre distingu\u00e9e par le pass\u00e9 dans une multitude de concours, Mariko se rend jusqu&rsquo;en demi-finale de Chante en fran\u00e7ais en 2019.<\/p>\n\n\n\n<p><iframe loading=\"lazy\" src=\"https:\/\/www.youtube.com\/embed\/1lO0c4GJ340\" title=\"YouTube video player\" allow=\"accelerometer; autoplay; clipboard-write; encrypted-media; gyroscope; picture-in-picture\" allowfullscreen=\"\" width=\"560\" height=\"315\" frameborder=\"0\"><\/iframe><\/p>\n\n\n\n<p class=\"has-text-align-center\"><a rel=\"noreferrer noopener\" href=\"https:\/\/www.facebook.com\/marikomusique\/\" target=\"_blank\">Facebook<\/a> &#8211; <a href=\"https:\/\/www.instagram.com\/marikomusique\/\" target=\"_blank\" rel=\"noreferrer noopener\">Instagram<\/a><\/p>\n\n\n\n<h2 class=\"has-text-color wp-block-heading\" style=\"color:#c35100\">Mila Auguste &#8211; Shoot de tendresse<\/h2>\n\n\n\n<p>Mila Auguste est une chanteuse auteur-compositeur originaire de Corse du sud, elle orchestre la rencontre entre une pop lumineuse, une \u00e9lectro classieuse et des textes qui ont l&rsquo;\u00e9l\u00e9gance du d\u00e9sespoir, la situant ainsi au centre d&rsquo;une carte musicale dont les points cardinaux auraient pour noms Harry Styles, James Blake, Frank Ocean ou encore William Sheller&#8230;<br>\u00c9norm\u00e9ment de personnalit\u00e9 dans l&rsquo;interpr\u00e9tation, une artiste qui n&rsquo;h\u00e9site pas \u00e0 sortir des sentiers battus.<\/p>\n\n\n\n<p class=\"has-text-align-center\"><iframe loading=\"lazy\" style=\"border-radius:12px\" src=\"https:\/\/open.spotify.com\/embed\/track\/4szbyUHKwOG15m1cSfpavf?utm_source=generator\" allowfullscreen=\"\" allow=\"autoplay; clipboard-write; encrypted-media; fullscreen; picture-in-picture\" width=\"380\" height=\"380\" frameborder=\"0\"><\/iframe><\/p>\n\n\n\n<p class=\"has-text-align-center\"><a rel=\"noreferrer noopener\" href=\"https:\/\/www.facebook.com\/mila.auguste\" target=\"_blank\">Facebook<\/a> &#8211; <a href=\"https:\/\/www.instagram.com\/milaauguste\/\" target=\"_blank\" rel=\"noreferrer noopener\">Instagram<\/a><\/p>\n\n\n\n<h2 class=\"has-text-color wp-block-heading\" style=\"color:#c35100\">Lisa Ducasse &#8211; Qui sont<\/h2>\n\n\n\n<p>Entre po\u00e9sie et musique, Lisa Ducasse propose un voyage tout en douceur et subtilit\u00e9s.<br>Avec \u00ab\u00a0Qui sont\u00a0\u00bb, elle associe la parole et le chant.<br>\u00c9criture cisel\u00e9e et touches modernes pour deviner ce qu&rsquo;esp\u00e8rent deux \u00eatres devant un amour farouche et naissant. Lisa Ducasse nous invite \u00e0 leur rencontre, en nous laissant imaginer la suite\u2026<br>Ses chansons font preuve d&rsquo;une volont\u00e9 de dire la rencontre du vuln\u00e9rable et de l&rsquo;indomptable, en notes et en mots d\u00e9li\u00e9s, personnels et actuels.<\/p>\n\n\n\n<p><iframe loading=\"lazy\" src=\"https:\/\/www.youtube.com\/embed\/Yx846nQTzTw\" title=\"YouTube video player\" allow=\"accelerometer; autoplay; clipboard-write; encrypted-media; gyroscope; picture-in-picture\" allowfullscreen=\"\" width=\"560\" height=\"315\" frameborder=\"0\"><\/iframe><\/p>\n\n\n\n<p class=\"has-text-align-center\"><a rel=\"noreferrer noopener\" href=\"https:\/\/www.facebook.com\/lisaducasseoff\" target=\"_blank\">Facebook<\/a> &#8211; <a href=\"https:\/\/www.instagram.com\/lisa.ducasse\/\" target=\"_blank\" rel=\"noreferrer noopener\">Instagram<\/a><\/p>\n\n\n\n<h2 class=\"has-text-color wp-block-heading\" style=\"color:#c35100\">Noraya \u2013 Le\u00efla<\/h2>\n\n\n\n<p>Originaire de r\u00e9gion parisienne, d&rsquo;une m\u00e8re alg\u00e9rienne et d&rsquo;un p\u00e8re fran\u00e7ais, Noraya a fait de sa mixit\u00e9 son carburant.<br>Le\u00efla est une chanson qui questionne les identit\u00e9s. Elle \u00e9voque ces questions autour du m\u00e9tissage, de l\u2019exil ou des traditions familiales qui sont transmises, bien souvent sans les mots.<br>Une voix chaude et douce pos\u00e9e sur une musique pop orientale, avec des mots qui touchent.<\/p>\n\n\n\n<p><iframe loading=\"lazy\" src=\"https:\/\/www.youtube.com\/embed\/_PXNGmcGkwg\" title=\"YouTube video player\" allow=\"accelerometer; autoplay; clipboard-write; encrypted-media; gyroscope; picture-in-picture\" allowfullscreen=\"\" width=\"560\" height=\"315\" frameborder=\"0\"><\/iframe><\/p>\n\n\n\n<p class=\"has-text-align-center\"><a rel=\"noreferrer noopener\" href=\"https:\/\/www.facebook.com\/noracoustic\" target=\"_blank\">Facebook<\/a> &#8211; <a rel=\"noreferrer noopener\" href=\"https:\/\/www.instagram.com\/noraya_music\" target=\"_blank\">Instagram<\/a><\/p>\n\n\n\n<h2 class=\"has-text-color wp-block-heading\" style=\"color:#c35100\">Margot Kurtis &#8211; 4 ans plus tard<\/h2>\n\n\n\n<p>Autrice-compositrice-interpre\u0300te, Margot Kurtis fait partie de la nouvelle sce\u0300ne pop e\u0301lectro franc\u0327aise.<br>Plongeant au plus profond de son ressenti et de ses expe\u0301riences personnelles, elle nous partage ses doutes et les difficult\u00e9s qu\u2019elle a pu rencontrer en tant que femme et artiste.<br>A\u0300 travers ses titres, Margot Kurtis nous plonge dans l\u2019intimite\u0301 d\u2019une self the\u0301rapie ou\u0300 elle se libe\u0300re des cliche\u0301s qui l&rsquo;oppressent, avec beaucoup d&rsquo;originalit\u00e9, et une voix percutante.<\/p>\n\n\n\n<p><iframe loading=\"lazy\" src=\"https:\/\/www.youtube.com\/embed\/JqIklJQ0L1M\" title=\"YouTube video player\" allow=\"accelerometer; autoplay; clipboard-write; encrypted-media; gyroscope; picture-in-picture\" allowfullscreen=\"\" width=\"560\" height=\"315\" frameborder=\"0\"><\/iframe><\/p>\n\n\n\n<p class=\"has-text-align-center\"><a rel=\"noreferrer noopener\" href=\"https:\/\/www.facebook.com\/MargotKurtis\" target=\"_blank\">Facebook<\/a> &#8211; <a href=\"https:\/\/www.instagram.com\/margot_kurtis\/\" target=\"_blank\" rel=\"noreferrer noopener\">Instagram<\/a><\/p>\n\n\n\n<h2 class=\"has-text-color wp-block-heading\" style=\"color:#c35100\">Andr\u00e9e Beaubois &#8211; H. Bogart<\/h2>\n\n\n\n<p>Apr\u00e8s avoir quitt\u00e9 le littoral Cal\u00e9donien, Andr\u00e9e Beaubois participe \u00e0 diff\u00e9rents groupes de la sc\u00e8ne ind\u00e9pendante parisienne.<br>Cam\u00e9ra \u00e0 l\u2019\u00e9paule, Andr\u00e9e nous propose une balade \u00e0 travers les ruines des amours exil\u00e9es.<br>Sur un air de bossa nova lointain, ce crooner en papier-m\u00e2ch\u00e9 confronte les fantasmes d\u2019amour \u00e0 la H. Bogart face \u00e0 la banalit\u00e9 comique du quotidien.<br>Projet androgyne, c\u2019est un amour de la pop qui anime et rythme les chansons d\u2019un crooner en papier m\u00e2ch\u00e9.<br>Ce sont les r\u00eaves de jeunesse \u00e9ternelle, les stigmates des relations amoureuses qui font les feux qu\u2019entretient Andr\u00e9e.<\/p>\n\n\n\n<p><iframe loading=\"lazy\" src=\"https:\/\/www.youtube.com\/embed\/A8YweWE6lec\" title=\"YouTube video player\" allow=\"accelerometer; autoplay; clipboard-write; encrypted-media; gyroscope; picture-in-picture\" allowfullscreen=\"\" width=\"560\" height=\"315\" frameborder=\"0\"><\/iframe><\/p>\n\n\n\n<p class=\"has-text-align-center\"><a href=\"https:\/\/www.instagram.com\/andree.beaubois\" target=\"_blank\" rel=\"noreferrer noopener\">Instagram<\/a><\/p>\n","protected":false},"excerpt":{"rendered":"<p>Vous \u00eates maintenant habitu\u00e9s \u00e0 notre rubrique mensuelle consacr\u00e9e \u00e0 la chanson fran\u00e7aise.Hors comme nous&#8230;<\/p>\n","protected":false},"author":1,"featured_media":1476,"comment_status":"closed","ping_status":"open","sticky":false,"template":"","format":"standard","meta":{"_uag_custom_page_level_css":"","footnotes":""},"categories":[42,81,43],"tags":[],"class_list":["post-1719","post","type-post","status-publish","format-standard","has-post-thumbnail","hentry","category-artistes","category-chanson-francaise","category-presentation"],"yoast_head":"<!-- This site is optimized with the Yoast SEO plugin v27.4 - https:\/\/yoast.com\/product\/yoast-seo-wordpress\/ -->\n<title>Chronique de la chanson fran\u00e7aise \u00e9pisode 4, une cr\u00e9ation internationale ! - Radio Castor<\/title>\n<meta name=\"robots\" content=\"index, follow, max-snippet:-1, max-image-preview:large, max-video-preview:-1\" \/>\n<link rel=\"canonical\" href=\"https:\/\/www.radiocastor.com\/index.php\/chronique-de-la-chanson-francaise-episode-4-une-creation-internationale\/\" \/>\n<meta property=\"og:locale\" content=\"fr_FR\" \/>\n<meta property=\"og:type\" content=\"article\" \/>\n<meta property=\"og:title\" content=\"Chronique de la chanson fran\u00e7aise \u00e9pisode 4, une cr\u00e9ation internationale ! - Radio Castor\" \/>\n<meta property=\"og:description\" content=\"Vous \u00eates maintenant habitu\u00e9s \u00e0 notre rubrique mensuelle consacr\u00e9e \u00e0 la chanson fran\u00e7aise.Hors comme nous...\" \/>\n<meta property=\"og:url\" content=\"https:\/\/www.radiocastor.com\/index.php\/chronique-de-la-chanson-francaise-episode-4-une-creation-internationale\/\" \/>\n<meta property=\"og:site_name\" content=\"Radio Castor\" \/>\n<meta property=\"article:publisher\" content=\"https:\/\/www.facebook.com\/theradiocastor\" \/>\n<meta property=\"article:published_time\" content=\"2022-05-24T06:00:00+00:00\" \/>\n<meta property=\"article:modified_time\" content=\"2022-06-24T16:26:27+00:00\" \/>\n<meta property=\"og:image\" content=\"https:\/\/www.radiocastor.com\/wp-content\/uploads\/2022\/04\/francophonie-3.jpg\" \/>\n\t<meta property=\"og:image:width\" content=\"500\" \/>\n\t<meta property=\"og:image:height\" content=\"368\" \/>\n\t<meta property=\"og:image:type\" content=\"image\/jpeg\" \/>\n<meta name=\"author\" content=\"R\u00e9daction R C\" \/>\n<meta name=\"twitter:card\" content=\"summary_large_image\" \/>\n<meta name=\"twitter:creator\" content=\"@TheRadioCastor\" \/>\n<meta name=\"twitter:site\" content=\"@TheRadioCastor\" \/>\n<meta name=\"twitter:label1\" content=\"\u00c9crit par\" \/>\n\t<meta name=\"twitter:data1\" content=\"R\u00e9daction R C\" \/>\n\t<meta name=\"twitter:label2\" content=\"Dur\u00e9e de lecture estim\u00e9e\" \/>\n\t<meta name=\"twitter:data2\" content=\"5 minutes\" \/>\n<script type=\"application\/ld+json\" class=\"yoast-schema-graph\">{\"@context\":\"https:\\\/\\\/schema.org\",\"@graph\":[{\"@type\":\"Article\",\"@id\":\"https:\\\/\\\/www.radiocastor.com\\\/index.php\\\/chronique-de-la-chanson-francaise-episode-4-une-creation-internationale\\\/#article\",\"isPartOf\":{\"@id\":\"https:\\\/\\\/www.radiocastor.com\\\/index.php\\\/chronique-de-la-chanson-francaise-episode-4-une-creation-internationale\\\/\"},\"author\":{\"name\":\"R\u00e9daction R C\",\"@id\":\"https:\\\/\\\/www.radiocastor.com\\\/#\\\/schema\\\/person\\\/558b0e47dc4c11fa52b2220ba6a78779\"},\"headline\":\"Chronique de la chanson fran\u00e7aise \u00e9pisode 4, une cr\u00e9ation internationale !\",\"datePublished\":\"2022-05-24T06:00:00+00:00\",\"dateModified\":\"2022-06-24T16:26:27+00:00\",\"mainEntityOfPage\":{\"@id\":\"https:\\\/\\\/www.radiocastor.com\\\/index.php\\\/chronique-de-la-chanson-francaise-episode-4-une-creation-internationale\\\/\"},\"wordCount\":1078,\"publisher\":{\"@id\":\"https:\\\/\\\/www.radiocastor.com\\\/#organization\"},\"image\":{\"@id\":\"https:\\\/\\\/www.radiocastor.com\\\/index.php\\\/chronique-de-la-chanson-francaise-episode-4-une-creation-internationale\\\/#primaryimage\"},\"thumbnailUrl\":\"https:\\\/\\\/www.radiocastor.com\\\/wp-content\\\/uploads\\\/2022\\\/04\\\/francophonie-3.jpg\",\"articleSection\":[\"Artistes\",\"Chanson Fran\u00e7aise\",\"Pr\u00e9sentation\"],\"inLanguage\":\"fr-FR\"},{\"@type\":\"WebPage\",\"@id\":\"https:\\\/\\\/www.radiocastor.com\\\/index.php\\\/chronique-de-la-chanson-francaise-episode-4-une-creation-internationale\\\/\",\"url\":\"https:\\\/\\\/www.radiocastor.com\\\/index.php\\\/chronique-de-la-chanson-francaise-episode-4-une-creation-internationale\\\/\",\"name\":\"Chronique de la chanson fran\u00e7aise \u00e9pisode 4, une cr\u00e9ation internationale ! - Radio Castor\",\"isPartOf\":{\"@id\":\"https:\\\/\\\/www.radiocastor.com\\\/#website\"},\"primaryImageOfPage\":{\"@id\":\"https:\\\/\\\/www.radiocastor.com\\\/index.php\\\/chronique-de-la-chanson-francaise-episode-4-une-creation-internationale\\\/#primaryimage\"},\"image\":{\"@id\":\"https:\\\/\\\/www.radiocastor.com\\\/index.php\\\/chronique-de-la-chanson-francaise-episode-4-une-creation-internationale\\\/#primaryimage\"},\"thumbnailUrl\":\"https:\\\/\\\/www.radiocastor.com\\\/wp-content\\\/uploads\\\/2022\\\/04\\\/francophonie-3.jpg\",\"datePublished\":\"2022-05-24T06:00:00+00:00\",\"dateModified\":\"2022-06-24T16:26:27+00:00\",\"breadcrumb\":{\"@id\":\"https:\\\/\\\/www.radiocastor.com\\\/index.php\\\/chronique-de-la-chanson-francaise-episode-4-une-creation-internationale\\\/#breadcrumb\"},\"inLanguage\":\"fr-FR\",\"potentialAction\":[{\"@type\":\"ReadAction\",\"target\":[\"https:\\\/\\\/www.radiocastor.com\\\/index.php\\\/chronique-de-la-chanson-francaise-episode-4-une-creation-internationale\\\/\"]}]},{\"@type\":\"ImageObject\",\"inLanguage\":\"fr-FR\",\"@id\":\"https:\\\/\\\/www.radiocastor.com\\\/index.php\\\/chronique-de-la-chanson-francaise-episode-4-une-creation-internationale\\\/#primaryimage\",\"url\":\"https:\\\/\\\/www.radiocastor.com\\\/wp-content\\\/uploads\\\/2022\\\/04\\\/francophonie-3.jpg\",\"contentUrl\":\"https:\\\/\\\/www.radiocastor.com\\\/wp-content\\\/uploads\\\/2022\\\/04\\\/francophonie-3.jpg\",\"width\":500,\"height\":368,\"caption\":\"francophonie\"},{\"@type\":\"BreadcrumbList\",\"@id\":\"https:\\\/\\\/www.radiocastor.com\\\/index.php\\\/chronique-de-la-chanson-francaise-episode-4-une-creation-internationale\\\/#breadcrumb\",\"itemListElement\":[{\"@type\":\"ListItem\",\"position\":1,\"name\":\"Accueil\",\"item\":\"https:\\\/\\\/www.radiocastor.com\\\/\"},{\"@type\":\"ListItem\",\"position\":2,\"name\":\"Chronique de la chanson fran\u00e7aise \u00e9pisode 4, une cr\u00e9ation internationale !\"}]},{\"@type\":\"WebSite\",\"@id\":\"https:\\\/\\\/www.radiocastor.com\\\/#website\",\"url\":\"https:\\\/\\\/www.radiocastor.com\\\/\",\"name\":\"Radio Castor\",\"description\":\"La voix !\",\"publisher\":{\"@id\":\"https:\\\/\\\/www.radiocastor.com\\\/#organization\"},\"potentialAction\":[{\"@type\":\"SearchAction\",\"target\":{\"@type\":\"EntryPoint\",\"urlTemplate\":\"https:\\\/\\\/www.radiocastor.com\\\/?s={search_term_string}\"},\"query-input\":{\"@type\":\"PropertyValueSpecification\",\"valueRequired\":true,\"valueName\":\"search_term_string\"}}],\"inLanguage\":\"fr-FR\"},{\"@type\":\"Organization\",\"@id\":\"https:\\\/\\\/www.radiocastor.com\\\/#organization\",\"name\":\"Radio Castor\",\"url\":\"https:\\\/\\\/www.radiocastor.com\\\/\",\"logo\":{\"@type\":\"ImageObject\",\"inLanguage\":\"fr-FR\",\"@id\":\"https:\\\/\\\/www.radiocastor.com\\\/#\\\/schema\\\/logo\\\/image\\\/\",\"url\":\"https:\\\/\\\/www.radiocastor.com\\\/wp-content\\\/uploads\\\/2021\\\/11\\\/cropped-Radio-castor-logo-2.png\",\"contentUrl\":\"https:\\\/\\\/www.radiocastor.com\\\/wp-content\\\/uploads\\\/2021\\\/11\\\/cropped-Radio-castor-logo-2.png\",\"width\":437,\"height\":219,\"caption\":\"Radio Castor\"},\"image\":{\"@id\":\"https:\\\/\\\/www.radiocastor.com\\\/#\\\/schema\\\/logo\\\/image\\\/\"},\"sameAs\":[\"https:\\\/\\\/www.facebook.com\\\/theradiocastor\",\"https:\\\/\\\/x.com\\\/TheRadioCastor\",\"https:\\\/\\\/www.instagram.com\\\/theradiocastor\",\"https:\\\/\\\/www.youtube.com\\\/c\\\/RadioCastor\"]},{\"@type\":\"Person\",\"@id\":\"https:\\\/\\\/www.radiocastor.com\\\/#\\\/schema\\\/person\\\/558b0e47dc4c11fa52b2220ba6a78779\",\"name\":\"R\u00e9daction R C\",\"image\":{\"@type\":\"ImageObject\",\"inLanguage\":\"fr-FR\",\"@id\":\"https:\\\/\\\/secure.gravatar.com\\\/avatar\\\/1d3e4f4c4a0d129f7ed4838ea20c33760c2484b9bc381993df6c0e3f5bf89c23?s=96&d=mm&r=g\",\"url\":\"https:\\\/\\\/secure.gravatar.com\\\/avatar\\\/1d3e4f4c4a0d129f7ed4838ea20c33760c2484b9bc381993df6c0e3f5bf89c23?s=96&d=mm&r=g\",\"contentUrl\":\"https:\\\/\\\/secure.gravatar.com\\\/avatar\\\/1d3e4f4c4a0d129f7ed4838ea20c33760c2484b9bc381993df6c0e3f5bf89c23?s=96&d=mm&r=g\",\"caption\":\"R\u00e9daction R C\"},\"sameAs\":[\"http:\\\/\\\/www.radiocastor.com\"],\"url\":\"https:\\\/\\\/www.radiocastor.com\\\/index.php\\\/author\\\/radio-castor\\\/\"}]}<\/script>\n<!-- \/ Yoast SEO plugin. -->","yoast_head_json":{"title":"Chronique de la chanson fran\u00e7aise \u00e9pisode 4, une cr\u00e9ation internationale ! - Radio Castor","robots":{"index":"index","follow":"follow","max-snippet":"max-snippet:-1","max-image-preview":"max-image-preview:large","max-video-preview":"max-video-preview:-1"},"canonical":"https:\/\/www.radiocastor.com\/index.php\/chronique-de-la-chanson-francaise-episode-4-une-creation-internationale\/","og_locale":"fr_FR","og_type":"article","og_title":"Chronique de la chanson fran\u00e7aise \u00e9pisode 4, une cr\u00e9ation internationale ! - Radio Castor","og_description":"Vous \u00eates maintenant habitu\u00e9s \u00e0 notre rubrique mensuelle consacr\u00e9e \u00e0 la chanson fran\u00e7aise.Hors comme nous...","og_url":"https:\/\/www.radiocastor.com\/index.php\/chronique-de-la-chanson-francaise-episode-4-une-creation-internationale\/","og_site_name":"Radio Castor","article_publisher":"https:\/\/www.facebook.com\/theradiocastor","article_published_time":"2022-05-24T06:00:00+00:00","article_modified_time":"2022-06-24T16:26:27+00:00","og_image":[{"width":500,"height":368,"url":"https:\/\/www.radiocastor.com\/wp-content\/uploads\/2022\/04\/francophonie-3.jpg","type":"image\/jpeg"}],"author":"R\u00e9daction R C","twitter_card":"summary_large_image","twitter_creator":"@TheRadioCastor","twitter_site":"@TheRadioCastor","twitter_misc":{"\u00c9crit par":"R\u00e9daction R C","Dur\u00e9e de lecture estim\u00e9e":"5 minutes"},"schema":{"@context":"https:\/\/schema.org","@graph":[{"@type":"Article","@id":"https:\/\/www.radiocastor.com\/index.php\/chronique-de-la-chanson-francaise-episode-4-une-creation-internationale\/#article","isPartOf":{"@id":"https:\/\/www.radiocastor.com\/index.php\/chronique-de-la-chanson-francaise-episode-4-une-creation-internationale\/"},"author":{"name":"R\u00e9daction R C","@id":"https:\/\/www.radiocastor.com\/#\/schema\/person\/558b0e47dc4c11fa52b2220ba6a78779"},"headline":"Chronique de la chanson fran\u00e7aise \u00e9pisode 4, une cr\u00e9ation internationale !","datePublished":"2022-05-24T06:00:00+00:00","dateModified":"2022-06-24T16:26:27+00:00","mainEntityOfPage":{"@id":"https:\/\/www.radiocastor.com\/index.php\/chronique-de-la-chanson-francaise-episode-4-une-creation-internationale\/"},"wordCount":1078,"publisher":{"@id":"https:\/\/www.radiocastor.com\/#organization"},"image":{"@id":"https:\/\/www.radiocastor.com\/index.php\/chronique-de-la-chanson-francaise-episode-4-une-creation-internationale\/#primaryimage"},"thumbnailUrl":"https:\/\/www.radiocastor.com\/wp-content\/uploads\/2022\/04\/francophonie-3.jpg","articleSection":["Artistes","Chanson Fran\u00e7aise","Pr\u00e9sentation"],"inLanguage":"fr-FR"},{"@type":"WebPage","@id":"https:\/\/www.radiocastor.com\/index.php\/chronique-de-la-chanson-francaise-episode-4-une-creation-internationale\/","url":"https:\/\/www.radiocastor.com\/index.php\/chronique-de-la-chanson-francaise-episode-4-une-creation-internationale\/","name":"Chronique de la chanson fran\u00e7aise \u00e9pisode 4, une cr\u00e9ation internationale ! - Radio Castor","isPartOf":{"@id":"https:\/\/www.radiocastor.com\/#website"},"primaryImageOfPage":{"@id":"https:\/\/www.radiocastor.com\/index.php\/chronique-de-la-chanson-francaise-episode-4-une-creation-internationale\/#primaryimage"},"image":{"@id":"https:\/\/www.radiocastor.com\/index.php\/chronique-de-la-chanson-francaise-episode-4-une-creation-internationale\/#primaryimage"},"thumbnailUrl":"https:\/\/www.radiocastor.com\/wp-content\/uploads\/2022\/04\/francophonie-3.jpg","datePublished":"2022-05-24T06:00:00+00:00","dateModified":"2022-06-24T16:26:27+00:00","breadcrumb":{"@id":"https:\/\/www.radiocastor.com\/index.php\/chronique-de-la-chanson-francaise-episode-4-une-creation-internationale\/#breadcrumb"},"inLanguage":"fr-FR","potentialAction":[{"@type":"ReadAction","target":["https:\/\/www.radiocastor.com\/index.php\/chronique-de-la-chanson-francaise-episode-4-une-creation-internationale\/"]}]},{"@type":"ImageObject","inLanguage":"fr-FR","@id":"https:\/\/www.radiocastor.com\/index.php\/chronique-de-la-chanson-francaise-episode-4-une-creation-internationale\/#primaryimage","url":"https:\/\/www.radiocastor.com\/wp-content\/uploads\/2022\/04\/francophonie-3.jpg","contentUrl":"https:\/\/www.radiocastor.com\/wp-content\/uploads\/2022\/04\/francophonie-3.jpg","width":500,"height":368,"caption":"francophonie"},{"@type":"BreadcrumbList","@id":"https:\/\/www.radiocastor.com\/index.php\/chronique-de-la-chanson-francaise-episode-4-une-creation-internationale\/#breadcrumb","itemListElement":[{"@type":"ListItem","position":1,"name":"Accueil","item":"https:\/\/www.radiocastor.com\/"},{"@type":"ListItem","position":2,"name":"Chronique de la chanson fran\u00e7aise \u00e9pisode 4, une cr\u00e9ation internationale !"}]},{"@type":"WebSite","@id":"https:\/\/www.radiocastor.com\/#website","url":"https:\/\/www.radiocastor.com\/","name":"Radio Castor","description":"La voix !","publisher":{"@id":"https:\/\/www.radiocastor.com\/#organization"},"potentialAction":[{"@type":"SearchAction","target":{"@type":"EntryPoint","urlTemplate":"https:\/\/www.radiocastor.com\/?s={search_term_string}"},"query-input":{"@type":"PropertyValueSpecification","valueRequired":true,"valueName":"search_term_string"}}],"inLanguage":"fr-FR"},{"@type":"Organization","@id":"https:\/\/www.radiocastor.com\/#organization","name":"Radio Castor","url":"https:\/\/www.radiocastor.com\/","logo":{"@type":"ImageObject","inLanguage":"fr-FR","@id":"https:\/\/www.radiocastor.com\/#\/schema\/logo\/image\/","url":"https:\/\/www.radiocastor.com\/wp-content\/uploads\/2021\/11\/cropped-Radio-castor-logo-2.png","contentUrl":"https:\/\/www.radiocastor.com\/wp-content\/uploads\/2021\/11\/cropped-Radio-castor-logo-2.png","width":437,"height":219,"caption":"Radio Castor"},"image":{"@id":"https:\/\/www.radiocastor.com\/#\/schema\/logo\/image\/"},"sameAs":["https:\/\/www.facebook.com\/theradiocastor","https:\/\/x.com\/TheRadioCastor","https:\/\/www.instagram.com\/theradiocastor","https:\/\/www.youtube.com\/c\/RadioCastor"]},{"@type":"Person","@id":"https:\/\/www.radiocastor.com\/#\/schema\/person\/558b0e47dc4c11fa52b2220ba6a78779","name":"R\u00e9daction R C","image":{"@type":"ImageObject","inLanguage":"fr-FR","@id":"https:\/\/secure.gravatar.com\/avatar\/1d3e4f4c4a0d129f7ed4838ea20c33760c2484b9bc381993df6c0e3f5bf89c23?s=96&d=mm&r=g","url":"https:\/\/secure.gravatar.com\/avatar\/1d3e4f4c4a0d129f7ed4838ea20c33760c2484b9bc381993df6c0e3f5bf89c23?s=96&d=mm&r=g","contentUrl":"https:\/\/secure.gravatar.com\/avatar\/1d3e4f4c4a0d129f7ed4838ea20c33760c2484b9bc381993df6c0e3f5bf89c23?s=96&d=mm&r=g","caption":"R\u00e9daction R C"},"sameAs":["http:\/\/www.radiocastor.com"],"url":"https:\/\/www.radiocastor.com\/index.php\/author\/radio-castor\/"}]}},"uagb_featured_image_src":{"full":["https:\/\/www.radiocastor.com\/wp-content\/uploads\/2022\/04\/francophonie-3.jpg",500,368,false],"thumbnail":["https:\/\/www.radiocastor.com\/wp-content\/uploads\/2022\/04\/francophonie-3-150x150.jpg",150,150,true],"medium":["https:\/\/www.radiocastor.com\/wp-content\/uploads\/2022\/04\/francophonie-3-300x221.jpg",300,221,true],"medium_large":["https:\/\/www.radiocastor.com\/wp-content\/uploads\/2022\/04\/francophonie-3.jpg",500,368,false],"large":["https:\/\/www.radiocastor.com\/wp-content\/uploads\/2022\/04\/francophonie-3.jpg",500,368,false],"1536x1536":["https:\/\/www.radiocastor.com\/wp-content\/uploads\/2022\/04\/francophonie-3.jpg",500,368,false],"2048x2048":["https:\/\/www.radiocastor.com\/wp-content\/uploads\/2022\/04\/francophonie-3.jpg",500,368,false],"newsever-slider-full":["https:\/\/www.radiocastor.com\/wp-content\/uploads\/2022\/04\/francophonie-3.jpg",500,368,false],"newsever-featured":["https:\/\/www.radiocastor.com\/wp-content\/uploads\/2022\/04\/francophonie-3.jpg",500,368,false],"newsever-medium":["https:\/\/www.radiocastor.com\/wp-content\/uploads\/2022\/04\/francophonie-3.jpg",500,368,false]},"uagb_author_info":{"display_name":"R\u00e9daction R C","author_link":"https:\/\/www.radiocastor.com\/index.php\/author\/radio-castor\/"},"uagb_comment_info":0,"uagb_excerpt":"Vous \u00eates maintenant habitu\u00e9s \u00e0 notre rubrique mensuelle consacr\u00e9e \u00e0 la chanson fran\u00e7aise.Hors comme nous...","_links":{"self":[{"href":"https:\/\/www.radiocastor.com\/index.php\/wp-json\/wp\/v2\/posts\/1719","targetHints":{"allow":["GET"]}}],"collection":[{"href":"https:\/\/www.radiocastor.com\/index.php\/wp-json\/wp\/v2\/posts"}],"about":[{"href":"https:\/\/www.radiocastor.com\/index.php\/wp-json\/wp\/v2\/types\/post"}],"author":[{"embeddable":true,"href":"https:\/\/www.radiocastor.com\/index.php\/wp-json\/wp\/v2\/users\/1"}],"replies":[{"embeddable":true,"href":"https:\/\/www.radiocastor.com\/index.php\/wp-json\/wp\/v2\/comments?post=1719"}],"version-history":[{"count":0,"href":"https:\/\/www.radiocastor.com\/index.php\/wp-json\/wp\/v2\/posts\/1719\/revisions"}],"wp:featuredmedia":[{"embeddable":true,"href":"https:\/\/www.radiocastor.com\/index.php\/wp-json\/wp\/v2\/media\/1476"}],"wp:attachment":[{"href":"https:\/\/www.radiocastor.com\/index.php\/wp-json\/wp\/v2\/media?parent=1719"}],"wp:term":[{"taxonomy":"category","embeddable":true,"href":"https:\/\/www.radiocastor.com\/index.php\/wp-json\/wp\/v2\/categories?post=1719"},{"taxonomy":"post_tag","embeddable":true,"href":"https:\/\/www.radiocastor.com\/index.php\/wp-json\/wp\/v2\/tags?post=1719"}],"curies":[{"name":"wp","href":"https:\/\/api.w.org\/{rel}","templated":true}]}}