{"id":15218,"date":"2026-04-30T23:36:02","date_gmt":"2026-04-30T21:36:02","guid":{"rendered":"https:\/\/www.radiocastor.com\/?p=15218"},"modified":"2026-04-30T23:36:03","modified_gmt":"2026-04-30T21:36:03","slug":"lenergie-epique-de-frida-and-the-mann-avec-anxiety","status":"publish","type":"post","link":"https:\/\/www.radiocastor.com\/index.php\/lenergie-epique-de-frida-and-the-mann-avec-anxiety\/","title":{"rendered":"L&rsquo;\u00e9nergie \u00e9pique de Frida and The Mann avec Anxiety"},"content":{"rendered":"\n<p>Le groupe de Cleveland, Frida and The Mann, nous pr\u00e9sente son titre, \u201cAnxiety\u201d, sorti le 24 avril 2026.<\/p>\n\n\n\n<p>Nous avons d\u00e9j\u00e0 pr\u00e9sent\u00e9 <a href=\"https:\/\/www.radiocastor.com\/?s=%22Frida+and+The+Mann%22\" target=\"_blank\" rel=\"noreferrer noopener\">Frida and The Mann<\/a>. Issu de la sc\u00e8ne de Cleveland, dans l&rsquo;Ohio, le groupe a \u00e9t\u00e9 fond\u00e9 fin 2023 dans un petit sous-sol avant de remporter le prix du \u00ab\u00a0Meilleur Nouvel Artiste\u00a0\u00bb aux Cleveland Music Awards en 2024. Portant une \u00e9nergie brute et authentique, le groupe fusionne l&rsquo;alternative rock et l&rsquo;indie pop. Ils se distinguent par une volont\u00e9 farouche de cr\u00e9er une musique visc\u00e9rale et sans concessions, marquant une cadence de sorties prolifique qui t\u00e9moigne de leur dynamisme cr\u00e9atif.<\/p>\n\n\n\n<p>\u201cAnxiety\u201d est une composition \u00e9pique et \u00e9nergique qui traite de l&rsquo;impact lourd de l&rsquo;anxi\u00e9t\u00e9 sur l&rsquo;individu et de la lutte pour la surmonter. \u00c0 travers des paroles directes et lucides, le morceau personnifie cette voix int\u00e9rieure (\u00ab chatterbox \u00bb) qui perturbe le quotidien avant de c\u00e9der la place \u00e0 un refrain f\u00e9d\u00e9rateur et triomphal. Musicalement, le titre s&rsquo;inscrit dans un style Pop Rock percutant, avec des sonorit\u00e9s qui rappellent la dynamique de Maroon 5 ou de Paramore. C&rsquo;est un hymne \u00e0 la r\u00e9silience, port\u00e9 par une production intense qui traduit \u00e0 la fois la vuln\u00e9rabilit\u00e9 et le triomphe sur la peur.<\/p>\n\n\n\n<p><em>A \u00e9couter sur <a href=\"https:\/\/www.radiocastor.com\/index.php\/playlist\/\" target=\"_blank\" rel=\"noreferrer noopener\">nos playlists<\/a> !<\/em><\/p>\n\n\n\n<p style=\"text-align: center;\"><iframe loading=\"lazy\" width=\"560\" height=\"315\" src=\"https:\/\/www.youtube.com\/embed\/DVZ3OuGod6o?si=1bN02DsicKUFobVo\" title=\"YouTube video player\" frameborder=\"0\" allow=\"accelerometer; autoplay; clipboard-write; encrypted-media; gyroscope; picture-in-picture; web-share\" referrerpolicy=\"strict-origin-when-cross-origin\" allowfullscreen><\/iframe><\/p>\n\n\n\n<p class=\"has-text-align-center\"><a href=\"https:\/\/www.facebook.com\/profile.php?id=61556209380742\" target=\"_blank\" rel=\"noreferrer noopener\">Facebook<\/a> \u2013 <a href=\"https:\/\/www.instagram.com\/fridaandthemann\" target=\"_blank\" rel=\"noreferrer noopener\">Instagram<\/a><\/p>\n","protected":false},"excerpt":{"rendered":"<p>Le groupe de Cleveland, Frida and The Mann, nous pr\u00e9sente son titre, \u201cAnxiety\u201d, sorti le&#8230;<\/p>\n","protected":false},"author":1,"featured_media":14700,"comment_status":"closed","ping_status":"open","sticky":false,"template":"","format":"standard","meta":{"_uag_custom_page_level_css":"","footnotes":""},"categories":[85,4,5,32,46],"tags":[],"class_list":["post-15218","post","type-post","status-publish","format-standard","has-post-thumbnail","hentry","category-alternatif","category-pop","category-rock","category-single","category-sortie"],"yoast_head":"<!-- This site is optimized with the Yoast SEO plugin v27.5 - https:\/\/yoast.com\/product\/yoast-seo-wordpress\/ -->\n<title>L&#039;\u00e9nergie \u00e9pique de Frida and The Mann avec Anxiety - Radio Castor<\/title>\n<meta name=\"robots\" content=\"index, follow, max-snippet:-1, max-image-preview:large, max-video-preview:-1\" \/>\n<link rel=\"canonical\" href=\"https:\/\/www.radiocastor.com\/index.php\/lenergie-epique-de-frida-and-the-mann-avec-anxiety\/\" \/>\n<meta property=\"og:locale\" content=\"fr_FR\" \/>\n<meta property=\"og:type\" content=\"article\" \/>\n<meta property=\"og:title\" content=\"L&#039;\u00e9nergie \u00e9pique de Frida and The Mann avec Anxiety - Radio Castor\" \/>\n<meta property=\"og:description\" content=\"Le groupe de Cleveland, Frida and The Mann, nous pr\u00e9sente son titre, \u201cAnxiety\u201d, sorti le...\" \/>\n<meta property=\"og:url\" content=\"https:\/\/www.radiocastor.com\/index.php\/lenergie-epique-de-frida-and-the-mann-avec-anxiety\/\" \/>\n<meta property=\"og:site_name\" content=\"Radio Castor\" \/>\n<meta property=\"article:publisher\" content=\"https:\/\/www.facebook.com\/theradiocastor\" \/>\n<meta property=\"article:published_time\" content=\"2026-04-30T21:36:02+00:00\" \/>\n<meta property=\"article:modified_time\" content=\"2026-04-30T21:36:03+00:00\" \/>\n<meta property=\"og:image\" content=\"https:\/\/www.radiocastor.com\/wp-content\/uploads\/2026\/03\/Screenshot-2026-03-23-at-00-52-30-Facebook.png\" \/>\n\t<meta property=\"og:image:width\" content=\"1137\" \/>\n\t<meta property=\"og:image:height\" content=\"724\" \/>\n\t<meta property=\"og:image:type\" content=\"image\/png\" \/>\n<meta name=\"author\" content=\"R\u00e9daction R C\" \/>\n<meta name=\"twitter:card\" content=\"summary_large_image\" \/>\n<meta name=\"twitter:creator\" content=\"@TheRadioCastor\" \/>\n<meta name=\"twitter:site\" content=\"@TheRadioCastor\" \/>\n<meta name=\"twitter:label1\" content=\"\u00c9crit par\" \/>\n\t<meta name=\"twitter:data1\" content=\"R\u00e9daction R C\" \/>\n\t<meta name=\"twitter:label2\" content=\"Dur\u00e9e de lecture estim\u00e9e\" \/>\n\t<meta name=\"twitter:data2\" content=\"2 minutes\" \/>\n<script type=\"application\/ld+json\" class=\"yoast-schema-graph\">{\"@context\":\"https:\\\/\\\/schema.org\",\"@graph\":[{\"@type\":\"Article\",\"@id\":\"https:\\\/\\\/www.radiocastor.com\\\/index.php\\\/lenergie-epique-de-frida-and-the-mann-avec-anxiety\\\/#article\",\"isPartOf\":{\"@id\":\"https:\\\/\\\/www.radiocastor.com\\\/index.php\\\/lenergie-epique-de-frida-and-the-mann-avec-anxiety\\\/\"},\"author\":{\"name\":\"R\u00e9daction R C\",\"@id\":\"https:\\\/\\\/www.radiocastor.com\\\/#\\\/schema\\\/person\\\/558b0e47dc4c11fa52b2220ba6a78779\"},\"headline\":\"L&rsquo;\u00e9nergie \u00e9pique de Frida and The Mann avec Anxiety\",\"datePublished\":\"2026-04-30T21:36:02+00:00\",\"dateModified\":\"2026-04-30T21:36:03+00:00\",\"mainEntityOfPage\":{\"@id\":\"https:\\\/\\\/www.radiocastor.com\\\/index.php\\\/lenergie-epique-de-frida-and-the-mann-avec-anxiety\\\/\"},\"wordCount\":232,\"publisher\":{\"@id\":\"https:\\\/\\\/www.radiocastor.com\\\/#organization\"},\"image\":{\"@id\":\"https:\\\/\\\/www.radiocastor.com\\\/index.php\\\/lenergie-epique-de-frida-and-the-mann-avec-anxiety\\\/#primaryimage\"},\"thumbnailUrl\":\"https:\\\/\\\/www.radiocastor.com\\\/wp-content\\\/uploads\\\/2026\\\/03\\\/Screenshot-2026-03-23-at-00-52-30-Facebook.png\",\"articleSection\":[\"Alternatif\",\"Pop\",\"Rock\",\"Single\",\"Sortie\"],\"inLanguage\":\"fr-FR\"},{\"@type\":\"WebPage\",\"@id\":\"https:\\\/\\\/www.radiocastor.com\\\/index.php\\\/lenergie-epique-de-frida-and-the-mann-avec-anxiety\\\/\",\"url\":\"https:\\\/\\\/www.radiocastor.com\\\/index.php\\\/lenergie-epique-de-frida-and-the-mann-avec-anxiety\\\/\",\"name\":\"L'\u00e9nergie \u00e9pique de Frida and The Mann avec Anxiety - Radio Castor\",\"isPartOf\":{\"@id\":\"https:\\\/\\\/www.radiocastor.com\\\/#website\"},\"primaryImageOfPage\":{\"@id\":\"https:\\\/\\\/www.radiocastor.com\\\/index.php\\\/lenergie-epique-de-frida-and-the-mann-avec-anxiety\\\/#primaryimage\"},\"image\":{\"@id\":\"https:\\\/\\\/www.radiocastor.com\\\/index.php\\\/lenergie-epique-de-frida-and-the-mann-avec-anxiety\\\/#primaryimage\"},\"thumbnailUrl\":\"https:\\\/\\\/www.radiocastor.com\\\/wp-content\\\/uploads\\\/2026\\\/03\\\/Screenshot-2026-03-23-at-00-52-30-Facebook.png\",\"datePublished\":\"2026-04-30T21:36:02+00:00\",\"dateModified\":\"2026-04-30T21:36:03+00:00\",\"breadcrumb\":{\"@id\":\"https:\\\/\\\/www.radiocastor.com\\\/index.php\\\/lenergie-epique-de-frida-and-the-mann-avec-anxiety\\\/#breadcrumb\"},\"inLanguage\":\"fr-FR\",\"potentialAction\":[{\"@type\":\"ReadAction\",\"target\":[\"https:\\\/\\\/www.radiocastor.com\\\/index.php\\\/lenergie-epique-de-frida-and-the-mann-avec-anxiety\\\/\"]}]},{\"@type\":\"ImageObject\",\"inLanguage\":\"fr-FR\",\"@id\":\"https:\\\/\\\/www.radiocastor.com\\\/index.php\\\/lenergie-epique-de-frida-and-the-mann-avec-anxiety\\\/#primaryimage\",\"url\":\"https:\\\/\\\/www.radiocastor.com\\\/wp-content\\\/uploads\\\/2026\\\/03\\\/Screenshot-2026-03-23-at-00-52-30-Facebook.png\",\"contentUrl\":\"https:\\\/\\\/www.radiocastor.com\\\/wp-content\\\/uploads\\\/2026\\\/03\\\/Screenshot-2026-03-23-at-00-52-30-Facebook.png\",\"width\":1137,\"height\":724,\"caption\":\"Frida and The Mann\"},{\"@type\":\"BreadcrumbList\",\"@id\":\"https:\\\/\\\/www.radiocastor.com\\\/index.php\\\/lenergie-epique-de-frida-and-the-mann-avec-anxiety\\\/#breadcrumb\",\"itemListElement\":[{\"@type\":\"ListItem\",\"position\":1,\"name\":\"Accueil\",\"item\":\"https:\\\/\\\/www.radiocastor.com\\\/\"},{\"@type\":\"ListItem\",\"position\":2,\"name\":\"L&rsquo;\u00e9nergie \u00e9pique de Frida and The Mann avec Anxiety\"}]},{\"@type\":\"WebSite\",\"@id\":\"https:\\\/\\\/www.radiocastor.com\\\/#website\",\"url\":\"https:\\\/\\\/www.radiocastor.com\\\/\",\"name\":\"Radio Castor\",\"description\":\"La voix !\",\"publisher\":{\"@id\":\"https:\\\/\\\/www.radiocastor.com\\\/#organization\"},\"potentialAction\":[{\"@type\":\"SearchAction\",\"target\":{\"@type\":\"EntryPoint\",\"urlTemplate\":\"https:\\\/\\\/www.radiocastor.com\\\/?s={search_term_string}\"},\"query-input\":{\"@type\":\"PropertyValueSpecification\",\"valueRequired\":true,\"valueName\":\"search_term_string\"}}],\"inLanguage\":\"fr-FR\"},{\"@type\":\"Organization\",\"@id\":\"https:\\\/\\\/www.radiocastor.com\\\/#organization\",\"name\":\"Radio Castor\",\"url\":\"https:\\\/\\\/www.radiocastor.com\\\/\",\"logo\":{\"@type\":\"ImageObject\",\"inLanguage\":\"fr-FR\",\"@id\":\"https:\\\/\\\/www.radiocastor.com\\\/#\\\/schema\\\/logo\\\/image\\\/\",\"url\":\"https:\\\/\\\/www.radiocastor.com\\\/wp-content\\\/uploads\\\/2021\\\/11\\\/cropped-Radio-castor-logo-2.png\",\"contentUrl\":\"https:\\\/\\\/www.radiocastor.com\\\/wp-content\\\/uploads\\\/2021\\\/11\\\/cropped-Radio-castor-logo-2.png\",\"width\":437,\"height\":219,\"caption\":\"Radio Castor\"},\"image\":{\"@id\":\"https:\\\/\\\/www.radiocastor.com\\\/#\\\/schema\\\/logo\\\/image\\\/\"},\"sameAs\":[\"https:\\\/\\\/www.facebook.com\\\/theradiocastor\",\"https:\\\/\\\/x.com\\\/TheRadioCastor\",\"https:\\\/\\\/www.instagram.com\\\/theradiocastor\",\"https:\\\/\\\/www.youtube.com\\\/c\\\/RadioCastor\"]},{\"@type\":\"Person\",\"@id\":\"https:\\\/\\\/www.radiocastor.com\\\/#\\\/schema\\\/person\\\/558b0e47dc4c11fa52b2220ba6a78779\",\"name\":\"R\u00e9daction R C\",\"image\":{\"@type\":\"ImageObject\",\"inLanguage\":\"fr-FR\",\"@id\":\"https:\\\/\\\/secure.gravatar.com\\\/avatar\\\/1d3e4f4c4a0d129f7ed4838ea20c33760c2484b9bc381993df6c0e3f5bf89c23?s=96&d=mm&r=g\",\"url\":\"https:\\\/\\\/secure.gravatar.com\\\/avatar\\\/1d3e4f4c4a0d129f7ed4838ea20c33760c2484b9bc381993df6c0e3f5bf89c23?s=96&d=mm&r=g\",\"contentUrl\":\"https:\\\/\\\/secure.gravatar.com\\\/avatar\\\/1d3e4f4c4a0d129f7ed4838ea20c33760c2484b9bc381993df6c0e3f5bf89c23?s=96&d=mm&r=g\",\"caption\":\"R\u00e9daction R C\"},\"sameAs\":[\"http:\\\/\\\/www.radiocastor.com\"],\"url\":\"https:\\\/\\\/www.radiocastor.com\\\/index.php\\\/author\\\/radio-castor\\\/\"}]}<\/script>\n<!-- \/ Yoast SEO plugin. -->","yoast_head_json":{"title":"L'\u00e9nergie \u00e9pique de Frida and The Mann avec Anxiety - Radio Castor","robots":{"index":"index","follow":"follow","max-snippet":"max-snippet:-1","max-image-preview":"max-image-preview:large","max-video-preview":"max-video-preview:-1"},"canonical":"https:\/\/www.radiocastor.com\/index.php\/lenergie-epique-de-frida-and-the-mann-avec-anxiety\/","og_locale":"fr_FR","og_type":"article","og_title":"L'\u00e9nergie \u00e9pique de Frida and The Mann avec Anxiety - Radio Castor","og_description":"Le groupe de Cleveland, Frida and The Mann, nous pr\u00e9sente son titre, \u201cAnxiety\u201d, sorti le...","og_url":"https:\/\/www.radiocastor.com\/index.php\/lenergie-epique-de-frida-and-the-mann-avec-anxiety\/","og_site_name":"Radio Castor","article_publisher":"https:\/\/www.facebook.com\/theradiocastor","article_published_time":"2026-04-30T21:36:02+00:00","article_modified_time":"2026-04-30T21:36:03+00:00","og_image":[{"width":1137,"height":724,"url":"https:\/\/www.radiocastor.com\/wp-content\/uploads\/2026\/03\/Screenshot-2026-03-23-at-00-52-30-Facebook.png","type":"image\/png"}],"author":"R\u00e9daction R C","twitter_card":"summary_large_image","twitter_creator":"@TheRadioCastor","twitter_site":"@TheRadioCastor","twitter_misc":{"\u00c9crit par":"R\u00e9daction R C","Dur\u00e9e de lecture estim\u00e9e":"2 minutes"},"schema":{"@context":"https:\/\/schema.org","@graph":[{"@type":"Article","@id":"https:\/\/www.radiocastor.com\/index.php\/lenergie-epique-de-frida-and-the-mann-avec-anxiety\/#article","isPartOf":{"@id":"https:\/\/www.radiocastor.com\/index.php\/lenergie-epique-de-frida-and-the-mann-avec-anxiety\/"},"author":{"name":"R\u00e9daction R C","@id":"https:\/\/www.radiocastor.com\/#\/schema\/person\/558b0e47dc4c11fa52b2220ba6a78779"},"headline":"L&rsquo;\u00e9nergie \u00e9pique de Frida and The Mann avec Anxiety","datePublished":"2026-04-30T21:36:02+00:00","dateModified":"2026-04-30T21:36:03+00:00","mainEntityOfPage":{"@id":"https:\/\/www.radiocastor.com\/index.php\/lenergie-epique-de-frida-and-the-mann-avec-anxiety\/"},"wordCount":232,"publisher":{"@id":"https:\/\/www.radiocastor.com\/#organization"},"image":{"@id":"https:\/\/www.radiocastor.com\/index.php\/lenergie-epique-de-frida-and-the-mann-avec-anxiety\/#primaryimage"},"thumbnailUrl":"https:\/\/www.radiocastor.com\/wp-content\/uploads\/2026\/03\/Screenshot-2026-03-23-at-00-52-30-Facebook.png","articleSection":["Alternatif","Pop","Rock","Single","Sortie"],"inLanguage":"fr-FR"},{"@type":"WebPage","@id":"https:\/\/www.radiocastor.com\/index.php\/lenergie-epique-de-frida-and-the-mann-avec-anxiety\/","url":"https:\/\/www.radiocastor.com\/index.php\/lenergie-epique-de-frida-and-the-mann-avec-anxiety\/","name":"L'\u00e9nergie \u00e9pique de Frida and The Mann avec Anxiety - Radio Castor","isPartOf":{"@id":"https:\/\/www.radiocastor.com\/#website"},"primaryImageOfPage":{"@id":"https:\/\/www.radiocastor.com\/index.php\/lenergie-epique-de-frida-and-the-mann-avec-anxiety\/#primaryimage"},"image":{"@id":"https:\/\/www.radiocastor.com\/index.php\/lenergie-epique-de-frida-and-the-mann-avec-anxiety\/#primaryimage"},"thumbnailUrl":"https:\/\/www.radiocastor.com\/wp-content\/uploads\/2026\/03\/Screenshot-2026-03-23-at-00-52-30-Facebook.png","datePublished":"2026-04-30T21:36:02+00:00","dateModified":"2026-04-30T21:36:03+00:00","breadcrumb":{"@id":"https:\/\/www.radiocastor.com\/index.php\/lenergie-epique-de-frida-and-the-mann-avec-anxiety\/#breadcrumb"},"inLanguage":"fr-FR","potentialAction":[{"@type":"ReadAction","target":["https:\/\/www.radiocastor.com\/index.php\/lenergie-epique-de-frida-and-the-mann-avec-anxiety\/"]}]},{"@type":"ImageObject","inLanguage":"fr-FR","@id":"https:\/\/www.radiocastor.com\/index.php\/lenergie-epique-de-frida-and-the-mann-avec-anxiety\/#primaryimage","url":"https:\/\/www.radiocastor.com\/wp-content\/uploads\/2026\/03\/Screenshot-2026-03-23-at-00-52-30-Facebook.png","contentUrl":"https:\/\/www.radiocastor.com\/wp-content\/uploads\/2026\/03\/Screenshot-2026-03-23-at-00-52-30-Facebook.png","width":1137,"height":724,"caption":"Frida and The Mann"},{"@type":"BreadcrumbList","@id":"https:\/\/www.radiocastor.com\/index.php\/lenergie-epique-de-frida-and-the-mann-avec-anxiety\/#breadcrumb","itemListElement":[{"@type":"ListItem","position":1,"name":"Accueil","item":"https:\/\/www.radiocastor.com\/"},{"@type":"ListItem","position":2,"name":"L&rsquo;\u00e9nergie \u00e9pique de Frida and The Mann avec Anxiety"}]},{"@type":"WebSite","@id":"https:\/\/www.radiocastor.com\/#website","url":"https:\/\/www.radiocastor.com\/","name":"Radio Castor","description":"La voix !","publisher":{"@id":"https:\/\/www.radiocastor.com\/#organization"},"potentialAction":[{"@type":"SearchAction","target":{"@type":"EntryPoint","urlTemplate":"https:\/\/www.radiocastor.com\/?s={search_term_string}"},"query-input":{"@type":"PropertyValueSpecification","valueRequired":true,"valueName":"search_term_string"}}],"inLanguage":"fr-FR"},{"@type":"Organization","@id":"https:\/\/www.radiocastor.com\/#organization","name":"Radio Castor","url":"https:\/\/www.radiocastor.com\/","logo":{"@type":"ImageObject","inLanguage":"fr-FR","@id":"https:\/\/www.radiocastor.com\/#\/schema\/logo\/image\/","url":"https:\/\/www.radiocastor.com\/wp-content\/uploads\/2021\/11\/cropped-Radio-castor-logo-2.png","contentUrl":"https:\/\/www.radiocastor.com\/wp-content\/uploads\/2021\/11\/cropped-Radio-castor-logo-2.png","width":437,"height":219,"caption":"Radio Castor"},"image":{"@id":"https:\/\/www.radiocastor.com\/#\/schema\/logo\/image\/"},"sameAs":["https:\/\/www.facebook.com\/theradiocastor","https:\/\/x.com\/TheRadioCastor","https:\/\/www.instagram.com\/theradiocastor","https:\/\/www.youtube.com\/c\/RadioCastor"]},{"@type":"Person","@id":"https:\/\/www.radiocastor.com\/#\/schema\/person\/558b0e47dc4c11fa52b2220ba6a78779","name":"R\u00e9daction R C","image":{"@type":"ImageObject","inLanguage":"fr-FR","@id":"https:\/\/secure.gravatar.com\/avatar\/1d3e4f4c4a0d129f7ed4838ea20c33760c2484b9bc381993df6c0e3f5bf89c23?s=96&d=mm&r=g","url":"https:\/\/secure.gravatar.com\/avatar\/1d3e4f4c4a0d129f7ed4838ea20c33760c2484b9bc381993df6c0e3f5bf89c23?s=96&d=mm&r=g","contentUrl":"https:\/\/secure.gravatar.com\/avatar\/1d3e4f4c4a0d129f7ed4838ea20c33760c2484b9bc381993df6c0e3f5bf89c23?s=96&d=mm&r=g","caption":"R\u00e9daction R C"},"sameAs":["http:\/\/www.radiocastor.com"],"url":"https:\/\/www.radiocastor.com\/index.php\/author\/radio-castor\/"}]}},"uagb_featured_image_src":{"full":["https:\/\/www.radiocastor.com\/wp-content\/uploads\/2026\/03\/Screenshot-2026-03-23-at-00-52-30-Facebook.png",1137,724,false],"thumbnail":["https:\/\/www.radiocastor.com\/wp-content\/uploads\/2026\/03\/Screenshot-2026-03-23-at-00-52-30-Facebook-150x150.png",150,150,true],"medium":["https:\/\/www.radiocastor.com\/wp-content\/uploads\/2026\/03\/Screenshot-2026-03-23-at-00-52-30-Facebook-300x191.png",300,191,true],"medium_large":["https:\/\/www.radiocastor.com\/wp-content\/uploads\/2026\/03\/Screenshot-2026-03-23-at-00-52-30-Facebook-768x489.png",640,408,true],"large":["https:\/\/www.radiocastor.com\/wp-content\/uploads\/2026\/03\/Screenshot-2026-03-23-at-00-52-30-Facebook-1024x652.png",640,408,true],"1536x1536":["https:\/\/www.radiocastor.com\/wp-content\/uploads\/2026\/03\/Screenshot-2026-03-23-at-00-52-30-Facebook.png",1137,724,false],"2048x2048":["https:\/\/www.radiocastor.com\/wp-content\/uploads\/2026\/03\/Screenshot-2026-03-23-at-00-52-30-Facebook.png",1137,724,false],"newsever-slider-full":["https:\/\/www.radiocastor.com\/wp-content\/uploads\/2026\/03\/Screenshot-2026-03-23-at-00-52-30-Facebook.png",1137,724,false],"newsever-featured":["https:\/\/www.radiocastor.com\/wp-content\/uploads\/2026\/03\/Screenshot-2026-03-23-at-00-52-30-Facebook-1024x652.png",1024,652,true],"newsever-medium":["https:\/\/www.radiocastor.com\/wp-content\/uploads\/2026\/03\/Screenshot-2026-03-23-at-00-52-30-Facebook-720x475.png",720,475,true]},"uagb_author_info":{"display_name":"R\u00e9daction R C","author_link":"https:\/\/www.radiocastor.com\/index.php\/author\/radio-castor\/"},"uagb_comment_info":0,"uagb_excerpt":"Le groupe de Cleveland, Frida and The Mann, nous pr\u00e9sente son titre, \u201cAnxiety\u201d, sorti le...","_links":{"self":[{"href":"https:\/\/www.radiocastor.com\/index.php\/wp-json\/wp\/v2\/posts\/15218","targetHints":{"allow":["GET"]}}],"collection":[{"href":"https:\/\/www.radiocastor.com\/index.php\/wp-json\/wp\/v2\/posts"}],"about":[{"href":"https:\/\/www.radiocastor.com\/index.php\/wp-json\/wp\/v2\/types\/post"}],"author":[{"embeddable":true,"href":"https:\/\/www.radiocastor.com\/index.php\/wp-json\/wp\/v2\/users\/1"}],"replies":[{"embeddable":true,"href":"https:\/\/www.radiocastor.com\/index.php\/wp-json\/wp\/v2\/comments?post=15218"}],"version-history":[{"count":1,"href":"https:\/\/www.radiocastor.com\/index.php\/wp-json\/wp\/v2\/posts\/15218\/revisions"}],"predecessor-version":[{"id":15219,"href":"https:\/\/www.radiocastor.com\/index.php\/wp-json\/wp\/v2\/posts\/15218\/revisions\/15219"}],"wp:featuredmedia":[{"embeddable":true,"href":"https:\/\/www.radiocastor.com\/index.php\/wp-json\/wp\/v2\/media\/14700"}],"wp:attachment":[{"href":"https:\/\/www.radiocastor.com\/index.php\/wp-json\/wp\/v2\/media?parent=15218"}],"wp:term":[{"taxonomy":"category","embeddable":true,"href":"https:\/\/www.radiocastor.com\/index.php\/wp-json\/wp\/v2\/categories?post=15218"},{"taxonomy":"post_tag","embeddable":true,"href":"https:\/\/www.radiocastor.com\/index.php\/wp-json\/wp\/v2\/tags?post=15218"}],"curies":[{"name":"wp","href":"https:\/\/api.w.org\/{rel}","templated":true}]}}