{"id":15192,"date":"2026-04-28T00:32:12","date_gmt":"2026-04-27T22:32:12","guid":{"rendered":"https:\/\/www.radiocastor.com\/?p=15192"},"modified":"2026-04-28T00:32:13","modified_gmt":"2026-04-27T22:32:13","slug":"la-vulnerabilite-cinematographique-de-sami-the-collector-avec-hollow-hearts","status":"publish","type":"post","link":"https:\/\/www.radiocastor.com\/index.php\/la-vulnerabilite-cinematographique-de-sami-the-collector-avec-hollow-hearts\/","title":{"rendered":"La vuln\u00e9rabilit\u00e9 cin\u00e9matographique de Sami The Collector avec Hollow Hearts"},"content":{"rendered":"\n<p>L\u2019artiste Sami The Collector nous pr\u00e9sente son dernier titre, \u201cHollow Hearts\u201d, sorti le 17 avril 2026.<\/p>\n\n\n\n<p>Originaire d&rsquo;Indianapolis, Sami The Collector est un cr\u00e9ateur qui puise son inspiration dans la collecte de moments, d&rsquo;\u00e9motions et d&rsquo;exp\u00e9riences v\u00e9cues. Sa musique, qu&rsquo;il d\u00e9crit comme venant \u00ab\u00a0tout droit du c\u0153ur\u00a0\u00bb, navigue entre l&rsquo;Indie Pop m\u00e9lancolique et le R&amp;B alternatif. Avec une approche centr\u00e9e sur l&rsquo;honn\u00eatet\u00e9 \u00e9motionnelle, il cherche \u00e0 cr\u00e9er un pont avec son auditoire en mettant en lumi\u00e8re les zones d&rsquo;ombre de l&rsquo;\u00e2me humaine. Artiste introspectif, il s&rsquo;attache \u00e0 transformer ses propres blessures en paysages sonores, offrant une voix \u00e0 ceux qui se reconnaissent dans ses r\u00e9cits de cicatrices et de qu\u00eate de soi.<\/p>\n\n\n\n<p>Hollow Hearts est une pi\u00e8ce de Dark Pop envo\u00fbtante qui explore la prise de conscience douloureuse d&rsquo;\u00eatre l&rsquo;artisan de sa propre destruction amoureuse. Le morceau habite un espace sonore nocturne et moody, port\u00e9 par une m\u00e9lodie hant\u00e9e qui souligne la vuln\u00e9rabilit\u00e9 de l&rsquo;interpr\u00e9tation. Les paroles d\u00e9peignent avec une franchise d\u00e9sarmante un homme \u00ab\u00a0cousu de cicatrices\u00a0\u00bb qui finit par blesser ceux qu&rsquo;il aime par manque de gu\u00e9rison personnelle : \u00ab You give me love, I give you splinters \u00bb (Tu me donnes de l&rsquo;amour, je te donne des \u00e9clats). La production privil\u00e9gie une atmosph\u00e8re \u00e9th\u00e9r\u00e9e et cin\u00e9matographique, o\u00f9 chaque silence semble peser le poids de la honte et du regret. C&rsquo;est un titre puissant et honn\u00eate, destin\u00e9 \u00e0 ceux qui acceptent de s&rsquo;asseoir face \u00e0 leurs propres d\u00e9mons pour essayer, enfin, de ressentir quelque chose de r\u00e9el.<\/p>\n\n\n\n<p><em>A \u00e9couter sur <a href=\"https:\/\/www.radiocastor.com\/index.php\/playlist\/\" target=\"_blank\" rel=\"noreferrer noopener\">nos playlists<\/a> !<\/em><\/p>\n\n\n\n<p style=\"text-align: center;\"><iframe loading=\"lazy\" width=\"560\" height=\"315\" src=\"https:\/\/www.youtube.com\/embed\/bXDECInlCqY?si=JpnDuIeOoYoKTz6d\" title=\"YouTube video player\" frameborder=\"0\" allow=\"accelerometer; autoplay; clipboard-write; encrypted-media; gyroscope; picture-in-picture; web-share\" referrerpolicy=\"strict-origin-when-cross-origin\" allowfullscreen><\/iframe><\/p>\n\n\n\n<p class=\"has-text-align-center\"><a href=\"https:\/\/www.instagram.com\/samithecollector\" target=\"_blank\" rel=\"noreferrer noopener\">Instagram<\/a><\/p>\n","protected":false},"excerpt":{"rendered":"<p>L\u2019artiste Sami The Collector nous pr\u00e9sente son dernier titre, \u201cHollow Hearts\u201d, sorti le 17 avril&#8230;<\/p>\n","protected":false},"author":1,"featured_media":15193,"comment_status":"closed","ping_status":"open","sticky":false,"template":"","format":"standard","meta":{"_uag_custom_page_level_css":"","footnotes":""},"categories":[85,4,32,46],"tags":[],"class_list":["post-15192","post","type-post","status-publish","format-standard","has-post-thumbnail","hentry","category-alternatif","category-pop","category-single","category-sortie"],"yoast_head":"<!-- This site is optimized with the Yoast SEO plugin v27.4 - https:\/\/yoast.com\/product\/yoast-seo-wordpress\/ -->\n<title>La vuln\u00e9rabilit\u00e9 cin\u00e9matographique de Sami The Collector avec Hollow Hearts - Radio Castor<\/title>\n<meta name=\"robots\" content=\"index, follow, max-snippet:-1, max-image-preview:large, max-video-preview:-1\" \/>\n<link rel=\"canonical\" href=\"https:\/\/www.radiocastor.com\/index.php\/la-vulnerabilite-cinematographique-de-sami-the-collector-avec-hollow-hearts\/\" \/>\n<meta property=\"og:locale\" content=\"fr_FR\" \/>\n<meta property=\"og:type\" content=\"article\" \/>\n<meta property=\"og:title\" content=\"La vuln\u00e9rabilit\u00e9 cin\u00e9matographique de Sami The Collector avec Hollow Hearts - Radio Castor\" \/>\n<meta property=\"og:description\" content=\"L\u2019artiste Sami The Collector nous pr\u00e9sente son dernier titre, \u201cHollow Hearts\u201d, sorti le 17 avril...\" \/>\n<meta property=\"og:url\" content=\"https:\/\/www.radiocastor.com\/index.php\/la-vulnerabilite-cinematographique-de-sami-the-collector-avec-hollow-hearts\/\" \/>\n<meta property=\"og:site_name\" content=\"Radio Castor\" \/>\n<meta property=\"article:publisher\" content=\"https:\/\/www.facebook.com\/theradiocastor\" \/>\n<meta property=\"article:published_time\" content=\"2026-04-27T22:32:12+00:00\" \/>\n<meta property=\"article:modified_time\" content=\"2026-04-27T22:32:13+00:00\" \/>\n<meta property=\"og:image\" content=\"https:\/\/www.radiocastor.com\/wp-content\/uploads\/2026\/04\/Screenshot-2026-04-28-at-00-27-09-Instagram.png\" \/>\n\t<meta property=\"og:image:width\" content=\"553\" \/>\n\t<meta property=\"og:image:height\" content=\"636\" \/>\n\t<meta property=\"og:image:type\" content=\"image\/png\" \/>\n<meta name=\"author\" content=\"R\u00e9daction R C\" \/>\n<meta name=\"twitter:card\" content=\"summary_large_image\" \/>\n<meta name=\"twitter:creator\" content=\"@TheRadioCastor\" \/>\n<meta name=\"twitter:site\" content=\"@TheRadioCastor\" \/>\n<meta name=\"twitter:label1\" content=\"\u00c9crit par\" \/>\n\t<meta name=\"twitter:data1\" content=\"R\u00e9daction R C\" \/>\n\t<meta name=\"twitter:label2\" content=\"Dur\u00e9e de lecture estim\u00e9e\" \/>\n\t<meta name=\"twitter:data2\" content=\"2 minutes\" \/>\n<script type=\"application\/ld+json\" class=\"yoast-schema-graph\">{\"@context\":\"https:\\\/\\\/schema.org\",\"@graph\":[{\"@type\":\"Article\",\"@id\":\"https:\\\/\\\/www.radiocastor.com\\\/index.php\\\/la-vulnerabilite-cinematographique-de-sami-the-collector-avec-hollow-hearts\\\/#article\",\"isPartOf\":{\"@id\":\"https:\\\/\\\/www.radiocastor.com\\\/index.php\\\/la-vulnerabilite-cinematographique-de-sami-the-collector-avec-hollow-hearts\\\/\"},\"author\":{\"name\":\"R\u00e9daction R C\",\"@id\":\"https:\\\/\\\/www.radiocastor.com\\\/#\\\/schema\\\/person\\\/558b0e47dc4c11fa52b2220ba6a78779\"},\"headline\":\"La vuln\u00e9rabilit\u00e9 cin\u00e9matographique de Sami The Collector avec Hollow Hearts\",\"datePublished\":\"2026-04-27T22:32:12+00:00\",\"dateModified\":\"2026-04-27T22:32:13+00:00\",\"mainEntityOfPage\":{\"@id\":\"https:\\\/\\\/www.radiocastor.com\\\/index.php\\\/la-vulnerabilite-cinematographique-de-sami-the-collector-avec-hollow-hearts\\\/\"},\"wordCount\":305,\"publisher\":{\"@id\":\"https:\\\/\\\/www.radiocastor.com\\\/#organization\"},\"image\":{\"@id\":\"https:\\\/\\\/www.radiocastor.com\\\/index.php\\\/la-vulnerabilite-cinematographique-de-sami-the-collector-avec-hollow-hearts\\\/#primaryimage\"},\"thumbnailUrl\":\"https:\\\/\\\/www.radiocastor.com\\\/wp-content\\\/uploads\\\/2026\\\/04\\\/Screenshot-2026-04-28-at-00-27-09-Instagram.png\",\"articleSection\":[\"Alternatif\",\"Pop\",\"Single\",\"Sortie\"],\"inLanguage\":\"fr-FR\"},{\"@type\":\"WebPage\",\"@id\":\"https:\\\/\\\/www.radiocastor.com\\\/index.php\\\/la-vulnerabilite-cinematographique-de-sami-the-collector-avec-hollow-hearts\\\/\",\"url\":\"https:\\\/\\\/www.radiocastor.com\\\/index.php\\\/la-vulnerabilite-cinematographique-de-sami-the-collector-avec-hollow-hearts\\\/\",\"name\":\"La vuln\u00e9rabilit\u00e9 cin\u00e9matographique de Sami The Collector avec Hollow Hearts - Radio Castor\",\"isPartOf\":{\"@id\":\"https:\\\/\\\/www.radiocastor.com\\\/#website\"},\"primaryImageOfPage\":{\"@id\":\"https:\\\/\\\/www.radiocastor.com\\\/index.php\\\/la-vulnerabilite-cinematographique-de-sami-the-collector-avec-hollow-hearts\\\/#primaryimage\"},\"image\":{\"@id\":\"https:\\\/\\\/www.radiocastor.com\\\/index.php\\\/la-vulnerabilite-cinematographique-de-sami-the-collector-avec-hollow-hearts\\\/#primaryimage\"},\"thumbnailUrl\":\"https:\\\/\\\/www.radiocastor.com\\\/wp-content\\\/uploads\\\/2026\\\/04\\\/Screenshot-2026-04-28-at-00-27-09-Instagram.png\",\"datePublished\":\"2026-04-27T22:32:12+00:00\",\"dateModified\":\"2026-04-27T22:32:13+00:00\",\"breadcrumb\":{\"@id\":\"https:\\\/\\\/www.radiocastor.com\\\/index.php\\\/la-vulnerabilite-cinematographique-de-sami-the-collector-avec-hollow-hearts\\\/#breadcrumb\"},\"inLanguage\":\"fr-FR\",\"potentialAction\":[{\"@type\":\"ReadAction\",\"target\":[\"https:\\\/\\\/www.radiocastor.com\\\/index.php\\\/la-vulnerabilite-cinematographique-de-sami-the-collector-avec-hollow-hearts\\\/\"]}]},{\"@type\":\"ImageObject\",\"inLanguage\":\"fr-FR\",\"@id\":\"https:\\\/\\\/www.radiocastor.com\\\/index.php\\\/la-vulnerabilite-cinematographique-de-sami-the-collector-avec-hollow-hearts\\\/#primaryimage\",\"url\":\"https:\\\/\\\/www.radiocastor.com\\\/wp-content\\\/uploads\\\/2026\\\/04\\\/Screenshot-2026-04-28-at-00-27-09-Instagram.png\",\"contentUrl\":\"https:\\\/\\\/www.radiocastor.com\\\/wp-content\\\/uploads\\\/2026\\\/04\\\/Screenshot-2026-04-28-at-00-27-09-Instagram.png\",\"width\":553,\"height\":636,\"caption\":\"Sami The Collector\"},{\"@type\":\"BreadcrumbList\",\"@id\":\"https:\\\/\\\/www.radiocastor.com\\\/index.php\\\/la-vulnerabilite-cinematographique-de-sami-the-collector-avec-hollow-hearts\\\/#breadcrumb\",\"itemListElement\":[{\"@type\":\"ListItem\",\"position\":1,\"name\":\"Accueil\",\"item\":\"https:\\\/\\\/www.radiocastor.com\\\/\"},{\"@type\":\"ListItem\",\"position\":2,\"name\":\"La vuln\u00e9rabilit\u00e9 cin\u00e9matographique de Sami The Collector avec Hollow Hearts\"}]},{\"@type\":\"WebSite\",\"@id\":\"https:\\\/\\\/www.radiocastor.com\\\/#website\",\"url\":\"https:\\\/\\\/www.radiocastor.com\\\/\",\"name\":\"Radio Castor\",\"description\":\"La voix !\",\"publisher\":{\"@id\":\"https:\\\/\\\/www.radiocastor.com\\\/#organization\"},\"potentialAction\":[{\"@type\":\"SearchAction\",\"target\":{\"@type\":\"EntryPoint\",\"urlTemplate\":\"https:\\\/\\\/www.radiocastor.com\\\/?s={search_term_string}\"},\"query-input\":{\"@type\":\"PropertyValueSpecification\",\"valueRequired\":true,\"valueName\":\"search_term_string\"}}],\"inLanguage\":\"fr-FR\"},{\"@type\":\"Organization\",\"@id\":\"https:\\\/\\\/www.radiocastor.com\\\/#organization\",\"name\":\"Radio Castor\",\"url\":\"https:\\\/\\\/www.radiocastor.com\\\/\",\"logo\":{\"@type\":\"ImageObject\",\"inLanguage\":\"fr-FR\",\"@id\":\"https:\\\/\\\/www.radiocastor.com\\\/#\\\/schema\\\/logo\\\/image\\\/\",\"url\":\"https:\\\/\\\/www.radiocastor.com\\\/wp-content\\\/uploads\\\/2021\\\/11\\\/cropped-Radio-castor-logo-2.png\",\"contentUrl\":\"https:\\\/\\\/www.radiocastor.com\\\/wp-content\\\/uploads\\\/2021\\\/11\\\/cropped-Radio-castor-logo-2.png\",\"width\":437,\"height\":219,\"caption\":\"Radio Castor\"},\"image\":{\"@id\":\"https:\\\/\\\/www.radiocastor.com\\\/#\\\/schema\\\/logo\\\/image\\\/\"},\"sameAs\":[\"https:\\\/\\\/www.facebook.com\\\/theradiocastor\",\"https:\\\/\\\/x.com\\\/TheRadioCastor\",\"https:\\\/\\\/www.instagram.com\\\/theradiocastor\",\"https:\\\/\\\/www.youtube.com\\\/c\\\/RadioCastor\"]},{\"@type\":\"Person\",\"@id\":\"https:\\\/\\\/www.radiocastor.com\\\/#\\\/schema\\\/person\\\/558b0e47dc4c11fa52b2220ba6a78779\",\"name\":\"R\u00e9daction R C\",\"image\":{\"@type\":\"ImageObject\",\"inLanguage\":\"fr-FR\",\"@id\":\"https:\\\/\\\/secure.gravatar.com\\\/avatar\\\/1d3e4f4c4a0d129f7ed4838ea20c33760c2484b9bc381993df6c0e3f5bf89c23?s=96&d=mm&r=g\",\"url\":\"https:\\\/\\\/secure.gravatar.com\\\/avatar\\\/1d3e4f4c4a0d129f7ed4838ea20c33760c2484b9bc381993df6c0e3f5bf89c23?s=96&d=mm&r=g\",\"contentUrl\":\"https:\\\/\\\/secure.gravatar.com\\\/avatar\\\/1d3e4f4c4a0d129f7ed4838ea20c33760c2484b9bc381993df6c0e3f5bf89c23?s=96&d=mm&r=g\",\"caption\":\"R\u00e9daction R C\"},\"sameAs\":[\"http:\\\/\\\/www.radiocastor.com\"],\"url\":\"https:\\\/\\\/www.radiocastor.com\\\/index.php\\\/author\\\/radio-castor\\\/\"}]}<\/script>\n<!-- \/ Yoast SEO plugin. -->","yoast_head_json":{"title":"La vuln\u00e9rabilit\u00e9 cin\u00e9matographique de Sami The Collector avec Hollow Hearts - Radio Castor","robots":{"index":"index","follow":"follow","max-snippet":"max-snippet:-1","max-image-preview":"max-image-preview:large","max-video-preview":"max-video-preview:-1"},"canonical":"https:\/\/www.radiocastor.com\/index.php\/la-vulnerabilite-cinematographique-de-sami-the-collector-avec-hollow-hearts\/","og_locale":"fr_FR","og_type":"article","og_title":"La vuln\u00e9rabilit\u00e9 cin\u00e9matographique de Sami The Collector avec Hollow Hearts - Radio Castor","og_description":"L\u2019artiste Sami The Collector nous pr\u00e9sente son dernier titre, \u201cHollow Hearts\u201d, sorti le 17 avril...","og_url":"https:\/\/www.radiocastor.com\/index.php\/la-vulnerabilite-cinematographique-de-sami-the-collector-avec-hollow-hearts\/","og_site_name":"Radio Castor","article_publisher":"https:\/\/www.facebook.com\/theradiocastor","article_published_time":"2026-04-27T22:32:12+00:00","article_modified_time":"2026-04-27T22:32:13+00:00","og_image":[{"width":553,"height":636,"url":"https:\/\/www.radiocastor.com\/wp-content\/uploads\/2026\/04\/Screenshot-2026-04-28-at-00-27-09-Instagram.png","type":"image\/png"}],"author":"R\u00e9daction R C","twitter_card":"summary_large_image","twitter_creator":"@TheRadioCastor","twitter_site":"@TheRadioCastor","twitter_misc":{"\u00c9crit par":"R\u00e9daction R C","Dur\u00e9e de lecture estim\u00e9e":"2 minutes"},"schema":{"@context":"https:\/\/schema.org","@graph":[{"@type":"Article","@id":"https:\/\/www.radiocastor.com\/index.php\/la-vulnerabilite-cinematographique-de-sami-the-collector-avec-hollow-hearts\/#article","isPartOf":{"@id":"https:\/\/www.radiocastor.com\/index.php\/la-vulnerabilite-cinematographique-de-sami-the-collector-avec-hollow-hearts\/"},"author":{"name":"R\u00e9daction R C","@id":"https:\/\/www.radiocastor.com\/#\/schema\/person\/558b0e47dc4c11fa52b2220ba6a78779"},"headline":"La vuln\u00e9rabilit\u00e9 cin\u00e9matographique de Sami The Collector avec Hollow Hearts","datePublished":"2026-04-27T22:32:12+00:00","dateModified":"2026-04-27T22:32:13+00:00","mainEntityOfPage":{"@id":"https:\/\/www.radiocastor.com\/index.php\/la-vulnerabilite-cinematographique-de-sami-the-collector-avec-hollow-hearts\/"},"wordCount":305,"publisher":{"@id":"https:\/\/www.radiocastor.com\/#organization"},"image":{"@id":"https:\/\/www.radiocastor.com\/index.php\/la-vulnerabilite-cinematographique-de-sami-the-collector-avec-hollow-hearts\/#primaryimage"},"thumbnailUrl":"https:\/\/www.radiocastor.com\/wp-content\/uploads\/2026\/04\/Screenshot-2026-04-28-at-00-27-09-Instagram.png","articleSection":["Alternatif","Pop","Single","Sortie"],"inLanguage":"fr-FR"},{"@type":"WebPage","@id":"https:\/\/www.radiocastor.com\/index.php\/la-vulnerabilite-cinematographique-de-sami-the-collector-avec-hollow-hearts\/","url":"https:\/\/www.radiocastor.com\/index.php\/la-vulnerabilite-cinematographique-de-sami-the-collector-avec-hollow-hearts\/","name":"La vuln\u00e9rabilit\u00e9 cin\u00e9matographique de Sami The Collector avec Hollow Hearts - Radio Castor","isPartOf":{"@id":"https:\/\/www.radiocastor.com\/#website"},"primaryImageOfPage":{"@id":"https:\/\/www.radiocastor.com\/index.php\/la-vulnerabilite-cinematographique-de-sami-the-collector-avec-hollow-hearts\/#primaryimage"},"image":{"@id":"https:\/\/www.radiocastor.com\/index.php\/la-vulnerabilite-cinematographique-de-sami-the-collector-avec-hollow-hearts\/#primaryimage"},"thumbnailUrl":"https:\/\/www.radiocastor.com\/wp-content\/uploads\/2026\/04\/Screenshot-2026-04-28-at-00-27-09-Instagram.png","datePublished":"2026-04-27T22:32:12+00:00","dateModified":"2026-04-27T22:32:13+00:00","breadcrumb":{"@id":"https:\/\/www.radiocastor.com\/index.php\/la-vulnerabilite-cinematographique-de-sami-the-collector-avec-hollow-hearts\/#breadcrumb"},"inLanguage":"fr-FR","potentialAction":[{"@type":"ReadAction","target":["https:\/\/www.radiocastor.com\/index.php\/la-vulnerabilite-cinematographique-de-sami-the-collector-avec-hollow-hearts\/"]}]},{"@type":"ImageObject","inLanguage":"fr-FR","@id":"https:\/\/www.radiocastor.com\/index.php\/la-vulnerabilite-cinematographique-de-sami-the-collector-avec-hollow-hearts\/#primaryimage","url":"https:\/\/www.radiocastor.com\/wp-content\/uploads\/2026\/04\/Screenshot-2026-04-28-at-00-27-09-Instagram.png","contentUrl":"https:\/\/www.radiocastor.com\/wp-content\/uploads\/2026\/04\/Screenshot-2026-04-28-at-00-27-09-Instagram.png","width":553,"height":636,"caption":"Sami The Collector"},{"@type":"BreadcrumbList","@id":"https:\/\/www.radiocastor.com\/index.php\/la-vulnerabilite-cinematographique-de-sami-the-collector-avec-hollow-hearts\/#breadcrumb","itemListElement":[{"@type":"ListItem","position":1,"name":"Accueil","item":"https:\/\/www.radiocastor.com\/"},{"@type":"ListItem","position":2,"name":"La vuln\u00e9rabilit\u00e9 cin\u00e9matographique de Sami The Collector avec Hollow Hearts"}]},{"@type":"WebSite","@id":"https:\/\/www.radiocastor.com\/#website","url":"https:\/\/www.radiocastor.com\/","name":"Radio Castor","description":"La voix !","publisher":{"@id":"https:\/\/www.radiocastor.com\/#organization"},"potentialAction":[{"@type":"SearchAction","target":{"@type":"EntryPoint","urlTemplate":"https:\/\/www.radiocastor.com\/?s={search_term_string}"},"query-input":{"@type":"PropertyValueSpecification","valueRequired":true,"valueName":"search_term_string"}}],"inLanguage":"fr-FR"},{"@type":"Organization","@id":"https:\/\/www.radiocastor.com\/#organization","name":"Radio Castor","url":"https:\/\/www.radiocastor.com\/","logo":{"@type":"ImageObject","inLanguage":"fr-FR","@id":"https:\/\/www.radiocastor.com\/#\/schema\/logo\/image\/","url":"https:\/\/www.radiocastor.com\/wp-content\/uploads\/2021\/11\/cropped-Radio-castor-logo-2.png","contentUrl":"https:\/\/www.radiocastor.com\/wp-content\/uploads\/2021\/11\/cropped-Radio-castor-logo-2.png","width":437,"height":219,"caption":"Radio Castor"},"image":{"@id":"https:\/\/www.radiocastor.com\/#\/schema\/logo\/image\/"},"sameAs":["https:\/\/www.facebook.com\/theradiocastor","https:\/\/x.com\/TheRadioCastor","https:\/\/www.instagram.com\/theradiocastor","https:\/\/www.youtube.com\/c\/RadioCastor"]},{"@type":"Person","@id":"https:\/\/www.radiocastor.com\/#\/schema\/person\/558b0e47dc4c11fa52b2220ba6a78779","name":"R\u00e9daction R C","image":{"@type":"ImageObject","inLanguage":"fr-FR","@id":"https:\/\/secure.gravatar.com\/avatar\/1d3e4f4c4a0d129f7ed4838ea20c33760c2484b9bc381993df6c0e3f5bf89c23?s=96&d=mm&r=g","url":"https:\/\/secure.gravatar.com\/avatar\/1d3e4f4c4a0d129f7ed4838ea20c33760c2484b9bc381993df6c0e3f5bf89c23?s=96&d=mm&r=g","contentUrl":"https:\/\/secure.gravatar.com\/avatar\/1d3e4f4c4a0d129f7ed4838ea20c33760c2484b9bc381993df6c0e3f5bf89c23?s=96&d=mm&r=g","caption":"R\u00e9daction R C"},"sameAs":["http:\/\/www.radiocastor.com"],"url":"https:\/\/www.radiocastor.com\/index.php\/author\/radio-castor\/"}]}},"uagb_featured_image_src":{"full":["https:\/\/www.radiocastor.com\/wp-content\/uploads\/2026\/04\/Screenshot-2026-04-28-at-00-27-09-Instagram.png",553,636,false],"thumbnail":["https:\/\/www.radiocastor.com\/wp-content\/uploads\/2026\/04\/Screenshot-2026-04-28-at-00-27-09-Instagram-150x150.png",150,150,true],"medium":["https:\/\/www.radiocastor.com\/wp-content\/uploads\/2026\/04\/Screenshot-2026-04-28-at-00-27-09-Instagram-261x300.png",261,300,true],"medium_large":["https:\/\/www.radiocastor.com\/wp-content\/uploads\/2026\/04\/Screenshot-2026-04-28-at-00-27-09-Instagram.png",553,636,false],"large":["https:\/\/www.radiocastor.com\/wp-content\/uploads\/2026\/04\/Screenshot-2026-04-28-at-00-27-09-Instagram.png",553,636,false],"1536x1536":["https:\/\/www.radiocastor.com\/wp-content\/uploads\/2026\/04\/Screenshot-2026-04-28-at-00-27-09-Instagram.png",553,636,false],"2048x2048":["https:\/\/www.radiocastor.com\/wp-content\/uploads\/2026\/04\/Screenshot-2026-04-28-at-00-27-09-Instagram.png",553,636,false],"newsever-slider-full":["https:\/\/www.radiocastor.com\/wp-content\/uploads\/2026\/04\/Screenshot-2026-04-28-at-00-27-09-Instagram.png",553,636,false],"newsever-featured":["https:\/\/www.radiocastor.com\/wp-content\/uploads\/2026\/04\/Screenshot-2026-04-28-at-00-27-09-Instagram.png",553,636,false],"newsever-medium":["https:\/\/www.radiocastor.com\/wp-content\/uploads\/2026\/04\/Screenshot-2026-04-28-at-00-27-09-Instagram-553x475.png",553,475,true]},"uagb_author_info":{"display_name":"R\u00e9daction R C","author_link":"https:\/\/www.radiocastor.com\/index.php\/author\/radio-castor\/"},"uagb_comment_info":0,"uagb_excerpt":"L\u2019artiste Sami The Collector nous pr\u00e9sente son dernier titre, \u201cHollow Hearts\u201d, sorti le 17 avril...","_links":{"self":[{"href":"https:\/\/www.radiocastor.com\/index.php\/wp-json\/wp\/v2\/posts\/15192","targetHints":{"allow":["GET"]}}],"collection":[{"href":"https:\/\/www.radiocastor.com\/index.php\/wp-json\/wp\/v2\/posts"}],"about":[{"href":"https:\/\/www.radiocastor.com\/index.php\/wp-json\/wp\/v2\/types\/post"}],"author":[{"embeddable":true,"href":"https:\/\/www.radiocastor.com\/index.php\/wp-json\/wp\/v2\/users\/1"}],"replies":[{"embeddable":true,"href":"https:\/\/www.radiocastor.com\/index.php\/wp-json\/wp\/v2\/comments?post=15192"}],"version-history":[{"count":1,"href":"https:\/\/www.radiocastor.com\/index.php\/wp-json\/wp\/v2\/posts\/15192\/revisions"}],"predecessor-version":[{"id":15194,"href":"https:\/\/www.radiocastor.com\/index.php\/wp-json\/wp\/v2\/posts\/15192\/revisions\/15194"}],"wp:featuredmedia":[{"embeddable":true,"href":"https:\/\/www.radiocastor.com\/index.php\/wp-json\/wp\/v2\/media\/15193"}],"wp:attachment":[{"href":"https:\/\/www.radiocastor.com\/index.php\/wp-json\/wp\/v2\/media?parent=15192"}],"wp:term":[{"taxonomy":"category","embeddable":true,"href":"https:\/\/www.radiocastor.com\/index.php\/wp-json\/wp\/v2\/categories?post=15192"},{"taxonomy":"post_tag","embeddable":true,"href":"https:\/\/www.radiocastor.com\/index.php\/wp-json\/wp\/v2\/tags?post=15192"}],"curies":[{"name":"wp","href":"https:\/\/api.w.org\/{rel}","templated":true}]}}