{"id":15186,"date":"2026-04-27T23:00:00","date_gmt":"2026-04-27T21:00:00","guid":{"rendered":"https:\/\/www.radiocastor.com\/?p=15186"},"modified":"2026-04-28T00:05:45","modified_gmt":"2026-04-27T22:05:45","slug":"titre-du-jour-lhommage-poignant-de-dennis-wahl-avec-i-carry-on","status":"publish","type":"post","link":"https:\/\/www.radiocastor.com\/index.php\/titre-du-jour-lhommage-poignant-de-dennis-wahl-avec-i-carry-on\/","title":{"rendered":"Titre du jour : l&rsquo;hommage poignant de Dennis Wahl avec I Carry On"},"content":{"rendered":"\n<p>L\u2019artiste Dennis Wahl nous pr\u00e9sente son dernier titre, \u201cI Carry On\u201d, sorti le 27 mars 2026.<\/p>\n\n\n\n<p>Originaire de Haute-Bavi\u00e8re, en Allemagne, Dennis Wahl est un artiste ind\u00e9pendant qui incarne l&rsquo;autonomie cr\u00e9ative. Musicien accompli ayant d\u00e9but\u00e9 la batterie \u00e0 l&rsquo;\u00e2ge de quatre ans avant de ma\u00eetriser la guitare, la basse et le piano, il assure seul l&rsquo;int\u00e9gralit\u00e9 du processus de cr\u00e9ation, de l&rsquo;enregistrement \u00e0 la production, jusqu&rsquo;aux contenus visuels. Son r\u00e9pertoire oscille entre ballades sinc\u00e8res, rock et country rock moderne, avec une capacit\u00e9 naturelle \u00e0 naviguer entre l&rsquo;anglais et l&rsquo;allemand. \u00c0 travers son propre label, dewaRecords, il propose une musique authentique qui puise sa force dans son parcours multi-instrumentiste et sa rigueur technique.<\/p>\n\n\n\n<p>I Carry On est une \u0153uvre charg\u00e9e d&rsquo;une \u00e9motion particuli\u00e8re, compos\u00e9e comme un hommage vibrant \u00e0 la m\u00e8re de l&rsquo;artiste, disparue cinq ans jour pour jour avant la sortie du morceau. S&rsquo;inscrivant dans un style Country et Alt Country, le titre transforme le deuil en une source de r\u00e9silience et de courage. La composition s&rsquo;appuie sur une m\u00e9lodie \u00e0 la fois m\u00e9lancolique et puissante, port\u00e9e par une instrumentation organique qui souligne la sinc\u00e9rit\u00e9 du propos. \u00c0 travers ses paroles, Dennis Wahl exprime sa gratitude pour l&rsquo;\u00e9nergie transmise par sa m\u00e8re et affirme sa volont\u00e9 de ne jamais abandonner : \u00ab I don\u2018t quit, I carry on \u00bb. La production, soign\u00e9e et habit\u00e9e, parvient \u00e0 capturer cette promesse de continuer malgr\u00e9 l&rsquo;absence, offrant un morceau universel sur la force des liens familiaux et la pers\u00e9v\u00e9rance face \u00e0 l&rsquo;adversit\u00e9.<\/p>\n\n\n\n<p><em>A \u00e9couter sur <a href=\"https:\/\/www.radiocastor.com\/index.php\/playlist\/\" target=\"_blank\" rel=\"noreferrer noopener\">nos playlists<\/a> !<\/em><\/p>\n\n\n\n<p style=\"text-align: center;\"><iframe loading=\"lazy\" width=\"560\" height=\"315\" src=\"https:\/\/www.youtube.com\/embed\/WLZWeyvwxkQ?si=en5U-SRQ0mUUBpFX\" title=\"YouTube video player\" frameborder=\"0\" allow=\"accelerometer; autoplay; clipboard-write; encrypted-media; gyroscope; picture-in-picture; web-share\" referrerpolicy=\"strict-origin-when-cross-origin\" allowfullscreen><\/iframe><\/p>\n\n\n\n<p class=\"has-text-align-center\"><a href=\"https:\/\/www.instagram.com\/_denniswahl_\" target=\"_blank\" rel=\"noreferrer noopener\">Instagram<\/a><\/p>\n","protected":false},"excerpt":{"rendered":"<p>L\u2019artiste Dennis Wahl nous pr\u00e9sente son dernier titre, \u201cI Carry On\u201d, sorti le 27 mars&#8230;<\/p>\n","protected":false},"author":1,"featured_media":15187,"comment_status":"closed","ping_status":"open","sticky":false,"template":"","format":"standard","meta":{"_uag_custom_page_level_css":"","footnotes":""},"categories":[45],"tags":[],"class_list":["post-15186","post","type-post","status-publish","format-standard","has-post-thumbnail","hentry","category-titre-du-jour"],"yoast_head":"<!-- This site is optimized with the Yoast SEO plugin v27.5 - https:\/\/yoast.com\/product\/yoast-seo-wordpress\/ -->\n<title>Titre du jour : l&#039;hommage poignant de Dennis Wahl avec I Carry On - Radio Castor<\/title>\n<meta name=\"robots\" content=\"index, follow, max-snippet:-1, max-image-preview:large, max-video-preview:-1\" \/>\n<link rel=\"canonical\" href=\"https:\/\/www.radiocastor.com\/index.php\/titre-du-jour-lhommage-poignant-de-dennis-wahl-avec-i-carry-on\/\" \/>\n<meta property=\"og:locale\" content=\"fr_FR\" \/>\n<meta property=\"og:type\" content=\"article\" \/>\n<meta property=\"og:title\" content=\"Titre du jour : l&#039;hommage poignant de Dennis Wahl avec I Carry On - Radio Castor\" \/>\n<meta property=\"og:description\" content=\"L\u2019artiste Dennis Wahl nous pr\u00e9sente son dernier titre, \u201cI Carry On\u201d, sorti le 27 mars...\" \/>\n<meta property=\"og:url\" content=\"https:\/\/www.radiocastor.com\/index.php\/titre-du-jour-lhommage-poignant-de-dennis-wahl-avec-i-carry-on\/\" \/>\n<meta property=\"og:site_name\" content=\"Radio Castor\" \/>\n<meta property=\"article:publisher\" content=\"https:\/\/www.facebook.com\/theradiocastor\" \/>\n<meta property=\"article:published_time\" content=\"2026-04-27T21:00:00+00:00\" \/>\n<meta property=\"article:modified_time\" content=\"2026-04-27T22:05:45+00:00\" \/>\n<meta property=\"og:image\" content=\"https:\/\/www.radiocastor.com\/wp-content\/uploads\/2026\/04\/Dennis-Wahl-e1777327376566.jpg\" \/>\n\t<meta property=\"og:image:width\" content=\"538\" \/>\n\t<meta property=\"og:image:height\" content=\"397\" \/>\n\t<meta property=\"og:image:type\" content=\"image\/jpeg\" \/>\n<meta name=\"author\" content=\"R\u00e9daction R C\" \/>\n<meta name=\"twitter:card\" content=\"summary_large_image\" \/>\n<meta name=\"twitter:creator\" content=\"@TheRadioCastor\" \/>\n<meta name=\"twitter:site\" content=\"@TheRadioCastor\" \/>\n<meta name=\"twitter:label1\" content=\"\u00c9crit par\" \/>\n\t<meta name=\"twitter:data1\" content=\"R\u00e9daction R C\" \/>\n\t<meta name=\"twitter:label2\" content=\"Dur\u00e9e de lecture estim\u00e9e\" \/>\n\t<meta name=\"twitter:data2\" content=\"2 minutes\" \/>\n<script type=\"application\/ld+json\" class=\"yoast-schema-graph\">{\"@context\":\"https:\\\/\\\/schema.org\",\"@graph\":[{\"@type\":\"Article\",\"@id\":\"https:\\\/\\\/www.radiocastor.com\\\/index.php\\\/titre-du-jour-lhommage-poignant-de-dennis-wahl-avec-i-carry-on\\\/#article\",\"isPartOf\":{\"@id\":\"https:\\\/\\\/www.radiocastor.com\\\/index.php\\\/titre-du-jour-lhommage-poignant-de-dennis-wahl-avec-i-carry-on\\\/\"},\"author\":{\"name\":\"R\u00e9daction R C\",\"@id\":\"https:\\\/\\\/www.radiocastor.com\\\/#\\\/schema\\\/person\\\/558b0e47dc4c11fa52b2220ba6a78779\"},\"headline\":\"Titre du jour : l&rsquo;hommage poignant de Dennis Wahl avec I Carry On\",\"datePublished\":\"2026-04-27T21:00:00+00:00\",\"dateModified\":\"2026-04-27T22:05:45+00:00\",\"mainEntityOfPage\":{\"@id\":\"https:\\\/\\\/www.radiocastor.com\\\/index.php\\\/titre-du-jour-lhommage-poignant-de-dennis-wahl-avec-i-carry-on\\\/\"},\"wordCount\":294,\"publisher\":{\"@id\":\"https:\\\/\\\/www.radiocastor.com\\\/#organization\"},\"image\":{\"@id\":\"https:\\\/\\\/www.radiocastor.com\\\/index.php\\\/titre-du-jour-lhommage-poignant-de-dennis-wahl-avec-i-carry-on\\\/#primaryimage\"},\"thumbnailUrl\":\"https:\\\/\\\/www.radiocastor.com\\\/wp-content\\\/uploads\\\/2026\\\/04\\\/Dennis-Wahl-e1777327376566.jpg\",\"articleSection\":[\"Titre du jour\"],\"inLanguage\":\"fr-FR\"},{\"@type\":\"WebPage\",\"@id\":\"https:\\\/\\\/www.radiocastor.com\\\/index.php\\\/titre-du-jour-lhommage-poignant-de-dennis-wahl-avec-i-carry-on\\\/\",\"url\":\"https:\\\/\\\/www.radiocastor.com\\\/index.php\\\/titre-du-jour-lhommage-poignant-de-dennis-wahl-avec-i-carry-on\\\/\",\"name\":\"Titre du jour : l'hommage poignant de Dennis Wahl avec I Carry On - Radio Castor\",\"isPartOf\":{\"@id\":\"https:\\\/\\\/www.radiocastor.com\\\/#website\"},\"primaryImageOfPage\":{\"@id\":\"https:\\\/\\\/www.radiocastor.com\\\/index.php\\\/titre-du-jour-lhommage-poignant-de-dennis-wahl-avec-i-carry-on\\\/#primaryimage\"},\"image\":{\"@id\":\"https:\\\/\\\/www.radiocastor.com\\\/index.php\\\/titre-du-jour-lhommage-poignant-de-dennis-wahl-avec-i-carry-on\\\/#primaryimage\"},\"thumbnailUrl\":\"https:\\\/\\\/www.radiocastor.com\\\/wp-content\\\/uploads\\\/2026\\\/04\\\/Dennis-Wahl-e1777327376566.jpg\",\"datePublished\":\"2026-04-27T21:00:00+00:00\",\"dateModified\":\"2026-04-27T22:05:45+00:00\",\"breadcrumb\":{\"@id\":\"https:\\\/\\\/www.radiocastor.com\\\/index.php\\\/titre-du-jour-lhommage-poignant-de-dennis-wahl-avec-i-carry-on\\\/#breadcrumb\"},\"inLanguage\":\"fr-FR\",\"potentialAction\":[{\"@type\":\"ReadAction\",\"target\":[\"https:\\\/\\\/www.radiocastor.com\\\/index.php\\\/titre-du-jour-lhommage-poignant-de-dennis-wahl-avec-i-carry-on\\\/\"]}]},{\"@type\":\"ImageObject\",\"inLanguage\":\"fr-FR\",\"@id\":\"https:\\\/\\\/www.radiocastor.com\\\/index.php\\\/titre-du-jour-lhommage-poignant-de-dennis-wahl-avec-i-carry-on\\\/#primaryimage\",\"url\":\"https:\\\/\\\/www.radiocastor.com\\\/wp-content\\\/uploads\\\/2026\\\/04\\\/Dennis-Wahl-e1777327376566.jpg\",\"contentUrl\":\"https:\\\/\\\/www.radiocastor.com\\\/wp-content\\\/uploads\\\/2026\\\/04\\\/Dennis-Wahl-e1777327376566.jpg\",\"width\":538,\"height\":397,\"caption\":\"Dennis Wahl\"},{\"@type\":\"BreadcrumbList\",\"@id\":\"https:\\\/\\\/www.radiocastor.com\\\/index.php\\\/titre-du-jour-lhommage-poignant-de-dennis-wahl-avec-i-carry-on\\\/#breadcrumb\",\"itemListElement\":[{\"@type\":\"ListItem\",\"position\":1,\"name\":\"Accueil\",\"item\":\"https:\\\/\\\/www.radiocastor.com\\\/\"},{\"@type\":\"ListItem\",\"position\":2,\"name\":\"Titre du jour : l&rsquo;hommage poignant de Dennis Wahl avec I Carry On\"}]},{\"@type\":\"WebSite\",\"@id\":\"https:\\\/\\\/www.radiocastor.com\\\/#website\",\"url\":\"https:\\\/\\\/www.radiocastor.com\\\/\",\"name\":\"Radio Castor\",\"description\":\"La voix !\",\"publisher\":{\"@id\":\"https:\\\/\\\/www.radiocastor.com\\\/#organization\"},\"potentialAction\":[{\"@type\":\"SearchAction\",\"target\":{\"@type\":\"EntryPoint\",\"urlTemplate\":\"https:\\\/\\\/www.radiocastor.com\\\/?s={search_term_string}\"},\"query-input\":{\"@type\":\"PropertyValueSpecification\",\"valueRequired\":true,\"valueName\":\"search_term_string\"}}],\"inLanguage\":\"fr-FR\"},{\"@type\":\"Organization\",\"@id\":\"https:\\\/\\\/www.radiocastor.com\\\/#organization\",\"name\":\"Radio Castor\",\"url\":\"https:\\\/\\\/www.radiocastor.com\\\/\",\"logo\":{\"@type\":\"ImageObject\",\"inLanguage\":\"fr-FR\",\"@id\":\"https:\\\/\\\/www.radiocastor.com\\\/#\\\/schema\\\/logo\\\/image\\\/\",\"url\":\"https:\\\/\\\/www.radiocastor.com\\\/wp-content\\\/uploads\\\/2021\\\/11\\\/cropped-Radio-castor-logo-2.png\",\"contentUrl\":\"https:\\\/\\\/www.radiocastor.com\\\/wp-content\\\/uploads\\\/2021\\\/11\\\/cropped-Radio-castor-logo-2.png\",\"width\":437,\"height\":219,\"caption\":\"Radio Castor\"},\"image\":{\"@id\":\"https:\\\/\\\/www.radiocastor.com\\\/#\\\/schema\\\/logo\\\/image\\\/\"},\"sameAs\":[\"https:\\\/\\\/www.facebook.com\\\/theradiocastor\",\"https:\\\/\\\/x.com\\\/TheRadioCastor\",\"https:\\\/\\\/www.instagram.com\\\/theradiocastor\",\"https:\\\/\\\/www.youtube.com\\\/c\\\/RadioCastor\"]},{\"@type\":\"Person\",\"@id\":\"https:\\\/\\\/www.radiocastor.com\\\/#\\\/schema\\\/person\\\/558b0e47dc4c11fa52b2220ba6a78779\",\"name\":\"R\u00e9daction R C\",\"image\":{\"@type\":\"ImageObject\",\"inLanguage\":\"fr-FR\",\"@id\":\"https:\\\/\\\/secure.gravatar.com\\\/avatar\\\/1d3e4f4c4a0d129f7ed4838ea20c33760c2484b9bc381993df6c0e3f5bf89c23?s=96&d=mm&r=g\",\"url\":\"https:\\\/\\\/secure.gravatar.com\\\/avatar\\\/1d3e4f4c4a0d129f7ed4838ea20c33760c2484b9bc381993df6c0e3f5bf89c23?s=96&d=mm&r=g\",\"contentUrl\":\"https:\\\/\\\/secure.gravatar.com\\\/avatar\\\/1d3e4f4c4a0d129f7ed4838ea20c33760c2484b9bc381993df6c0e3f5bf89c23?s=96&d=mm&r=g\",\"caption\":\"R\u00e9daction R C\"},\"sameAs\":[\"http:\\\/\\\/www.radiocastor.com\"],\"url\":\"https:\\\/\\\/www.radiocastor.com\\\/index.php\\\/author\\\/radio-castor\\\/\"}]}<\/script>\n<!-- \/ Yoast SEO plugin. -->","yoast_head_json":{"title":"Titre du jour : l'hommage poignant de Dennis Wahl avec I Carry On - Radio Castor","robots":{"index":"index","follow":"follow","max-snippet":"max-snippet:-1","max-image-preview":"max-image-preview:large","max-video-preview":"max-video-preview:-1"},"canonical":"https:\/\/www.radiocastor.com\/index.php\/titre-du-jour-lhommage-poignant-de-dennis-wahl-avec-i-carry-on\/","og_locale":"fr_FR","og_type":"article","og_title":"Titre du jour : l'hommage poignant de Dennis Wahl avec I Carry On - Radio Castor","og_description":"L\u2019artiste Dennis Wahl nous pr\u00e9sente son dernier titre, \u201cI Carry On\u201d, sorti le 27 mars...","og_url":"https:\/\/www.radiocastor.com\/index.php\/titre-du-jour-lhommage-poignant-de-dennis-wahl-avec-i-carry-on\/","og_site_name":"Radio Castor","article_publisher":"https:\/\/www.facebook.com\/theradiocastor","article_published_time":"2026-04-27T21:00:00+00:00","article_modified_time":"2026-04-27T22:05:45+00:00","og_image":[{"width":538,"height":397,"url":"https:\/\/www.radiocastor.com\/wp-content\/uploads\/2026\/04\/Dennis-Wahl-e1777327376566.jpg","type":"image\/jpeg"}],"author":"R\u00e9daction R C","twitter_card":"summary_large_image","twitter_creator":"@TheRadioCastor","twitter_site":"@TheRadioCastor","twitter_misc":{"\u00c9crit par":"R\u00e9daction R C","Dur\u00e9e de lecture estim\u00e9e":"2 minutes"},"schema":{"@context":"https:\/\/schema.org","@graph":[{"@type":"Article","@id":"https:\/\/www.radiocastor.com\/index.php\/titre-du-jour-lhommage-poignant-de-dennis-wahl-avec-i-carry-on\/#article","isPartOf":{"@id":"https:\/\/www.radiocastor.com\/index.php\/titre-du-jour-lhommage-poignant-de-dennis-wahl-avec-i-carry-on\/"},"author":{"name":"R\u00e9daction R C","@id":"https:\/\/www.radiocastor.com\/#\/schema\/person\/558b0e47dc4c11fa52b2220ba6a78779"},"headline":"Titre du jour : l&rsquo;hommage poignant de Dennis Wahl avec I Carry On","datePublished":"2026-04-27T21:00:00+00:00","dateModified":"2026-04-27T22:05:45+00:00","mainEntityOfPage":{"@id":"https:\/\/www.radiocastor.com\/index.php\/titre-du-jour-lhommage-poignant-de-dennis-wahl-avec-i-carry-on\/"},"wordCount":294,"publisher":{"@id":"https:\/\/www.radiocastor.com\/#organization"},"image":{"@id":"https:\/\/www.radiocastor.com\/index.php\/titre-du-jour-lhommage-poignant-de-dennis-wahl-avec-i-carry-on\/#primaryimage"},"thumbnailUrl":"https:\/\/www.radiocastor.com\/wp-content\/uploads\/2026\/04\/Dennis-Wahl-e1777327376566.jpg","articleSection":["Titre du jour"],"inLanguage":"fr-FR"},{"@type":"WebPage","@id":"https:\/\/www.radiocastor.com\/index.php\/titre-du-jour-lhommage-poignant-de-dennis-wahl-avec-i-carry-on\/","url":"https:\/\/www.radiocastor.com\/index.php\/titre-du-jour-lhommage-poignant-de-dennis-wahl-avec-i-carry-on\/","name":"Titre du jour : l'hommage poignant de Dennis Wahl avec I Carry On - Radio Castor","isPartOf":{"@id":"https:\/\/www.radiocastor.com\/#website"},"primaryImageOfPage":{"@id":"https:\/\/www.radiocastor.com\/index.php\/titre-du-jour-lhommage-poignant-de-dennis-wahl-avec-i-carry-on\/#primaryimage"},"image":{"@id":"https:\/\/www.radiocastor.com\/index.php\/titre-du-jour-lhommage-poignant-de-dennis-wahl-avec-i-carry-on\/#primaryimage"},"thumbnailUrl":"https:\/\/www.radiocastor.com\/wp-content\/uploads\/2026\/04\/Dennis-Wahl-e1777327376566.jpg","datePublished":"2026-04-27T21:00:00+00:00","dateModified":"2026-04-27T22:05:45+00:00","breadcrumb":{"@id":"https:\/\/www.radiocastor.com\/index.php\/titre-du-jour-lhommage-poignant-de-dennis-wahl-avec-i-carry-on\/#breadcrumb"},"inLanguage":"fr-FR","potentialAction":[{"@type":"ReadAction","target":["https:\/\/www.radiocastor.com\/index.php\/titre-du-jour-lhommage-poignant-de-dennis-wahl-avec-i-carry-on\/"]}]},{"@type":"ImageObject","inLanguage":"fr-FR","@id":"https:\/\/www.radiocastor.com\/index.php\/titre-du-jour-lhommage-poignant-de-dennis-wahl-avec-i-carry-on\/#primaryimage","url":"https:\/\/www.radiocastor.com\/wp-content\/uploads\/2026\/04\/Dennis-Wahl-e1777327376566.jpg","contentUrl":"https:\/\/www.radiocastor.com\/wp-content\/uploads\/2026\/04\/Dennis-Wahl-e1777327376566.jpg","width":538,"height":397,"caption":"Dennis Wahl"},{"@type":"BreadcrumbList","@id":"https:\/\/www.radiocastor.com\/index.php\/titre-du-jour-lhommage-poignant-de-dennis-wahl-avec-i-carry-on\/#breadcrumb","itemListElement":[{"@type":"ListItem","position":1,"name":"Accueil","item":"https:\/\/www.radiocastor.com\/"},{"@type":"ListItem","position":2,"name":"Titre du jour : l&rsquo;hommage poignant de Dennis Wahl avec I Carry On"}]},{"@type":"WebSite","@id":"https:\/\/www.radiocastor.com\/#website","url":"https:\/\/www.radiocastor.com\/","name":"Radio Castor","description":"La voix !","publisher":{"@id":"https:\/\/www.radiocastor.com\/#organization"},"potentialAction":[{"@type":"SearchAction","target":{"@type":"EntryPoint","urlTemplate":"https:\/\/www.radiocastor.com\/?s={search_term_string}"},"query-input":{"@type":"PropertyValueSpecification","valueRequired":true,"valueName":"search_term_string"}}],"inLanguage":"fr-FR"},{"@type":"Organization","@id":"https:\/\/www.radiocastor.com\/#organization","name":"Radio Castor","url":"https:\/\/www.radiocastor.com\/","logo":{"@type":"ImageObject","inLanguage":"fr-FR","@id":"https:\/\/www.radiocastor.com\/#\/schema\/logo\/image\/","url":"https:\/\/www.radiocastor.com\/wp-content\/uploads\/2021\/11\/cropped-Radio-castor-logo-2.png","contentUrl":"https:\/\/www.radiocastor.com\/wp-content\/uploads\/2021\/11\/cropped-Radio-castor-logo-2.png","width":437,"height":219,"caption":"Radio Castor"},"image":{"@id":"https:\/\/www.radiocastor.com\/#\/schema\/logo\/image\/"},"sameAs":["https:\/\/www.facebook.com\/theradiocastor","https:\/\/x.com\/TheRadioCastor","https:\/\/www.instagram.com\/theradiocastor","https:\/\/www.youtube.com\/c\/RadioCastor"]},{"@type":"Person","@id":"https:\/\/www.radiocastor.com\/#\/schema\/person\/558b0e47dc4c11fa52b2220ba6a78779","name":"R\u00e9daction R C","image":{"@type":"ImageObject","inLanguage":"fr-FR","@id":"https:\/\/secure.gravatar.com\/avatar\/1d3e4f4c4a0d129f7ed4838ea20c33760c2484b9bc381993df6c0e3f5bf89c23?s=96&d=mm&r=g","url":"https:\/\/secure.gravatar.com\/avatar\/1d3e4f4c4a0d129f7ed4838ea20c33760c2484b9bc381993df6c0e3f5bf89c23?s=96&d=mm&r=g","contentUrl":"https:\/\/secure.gravatar.com\/avatar\/1d3e4f4c4a0d129f7ed4838ea20c33760c2484b9bc381993df6c0e3f5bf89c23?s=96&d=mm&r=g","caption":"R\u00e9daction R C"},"sameAs":["http:\/\/www.radiocastor.com"],"url":"https:\/\/www.radiocastor.com\/index.php\/author\/radio-castor\/"}]}},"uagb_featured_image_src":{"full":["https:\/\/www.radiocastor.com\/wp-content\/uploads\/2026\/04\/Dennis-Wahl-e1777327376566.jpg",538,397,false],"thumbnail":["https:\/\/www.radiocastor.com\/wp-content\/uploads\/2026\/04\/Dennis-Wahl-e1777327376566-150x150.jpg",150,150,true],"medium":["https:\/\/www.radiocastor.com\/wp-content\/uploads\/2026\/04\/Dennis-Wahl-e1777327376566-300x221.jpg",300,221,true],"medium_large":["https:\/\/www.radiocastor.com\/wp-content\/uploads\/2026\/04\/Dennis-Wahl-e1777327376566.jpg",538,397,false],"large":["https:\/\/www.radiocastor.com\/wp-content\/uploads\/2026\/04\/Dennis-Wahl-e1777327376566.jpg",538,397,false],"1536x1536":["https:\/\/www.radiocastor.com\/wp-content\/uploads\/2026\/04\/Dennis-Wahl-e1777327376566.jpg",538,397,false],"2048x2048":["https:\/\/www.radiocastor.com\/wp-content\/uploads\/2026\/04\/Dennis-Wahl-e1777327376566.jpg",538,397,false],"newsever-slider-full":["https:\/\/www.radiocastor.com\/wp-content\/uploads\/2026\/04\/Dennis-Wahl-e1777327376566.jpg",538,397,false],"newsever-featured":["https:\/\/www.radiocastor.com\/wp-content\/uploads\/2026\/04\/Dennis-Wahl-e1777327376566.jpg",538,397,false],"newsever-medium":["https:\/\/www.radiocastor.com\/wp-content\/uploads\/2026\/04\/Dennis-Wahl-538x475.jpg",538,475,true]},"uagb_author_info":{"display_name":"R\u00e9daction R C","author_link":"https:\/\/www.radiocastor.com\/index.php\/author\/radio-castor\/"},"uagb_comment_info":0,"uagb_excerpt":"L\u2019artiste Dennis Wahl nous pr\u00e9sente son dernier titre, \u201cI Carry On\u201d, sorti le 27 mars...","_links":{"self":[{"href":"https:\/\/www.radiocastor.com\/index.php\/wp-json\/wp\/v2\/posts\/15186","targetHints":{"allow":["GET"]}}],"collection":[{"href":"https:\/\/www.radiocastor.com\/index.php\/wp-json\/wp\/v2\/posts"}],"about":[{"href":"https:\/\/www.radiocastor.com\/index.php\/wp-json\/wp\/v2\/types\/post"}],"author":[{"embeddable":true,"href":"https:\/\/www.radiocastor.com\/index.php\/wp-json\/wp\/v2\/users\/1"}],"replies":[{"embeddable":true,"href":"https:\/\/www.radiocastor.com\/index.php\/wp-json\/wp\/v2\/comments?post=15186"}],"version-history":[{"count":1,"href":"https:\/\/www.radiocastor.com\/index.php\/wp-json\/wp\/v2\/posts\/15186\/revisions"}],"predecessor-version":[{"id":15188,"href":"https:\/\/www.radiocastor.com\/index.php\/wp-json\/wp\/v2\/posts\/15186\/revisions\/15188"}],"wp:featuredmedia":[{"embeddable":true,"href":"https:\/\/www.radiocastor.com\/index.php\/wp-json\/wp\/v2\/media\/15187"}],"wp:attachment":[{"href":"https:\/\/www.radiocastor.com\/index.php\/wp-json\/wp\/v2\/media?parent=15186"}],"wp:term":[{"taxonomy":"category","embeddable":true,"href":"https:\/\/www.radiocastor.com\/index.php\/wp-json\/wp\/v2\/categories?post=15186"},{"taxonomy":"post_tag","embeddable":true,"href":"https:\/\/www.radiocastor.com\/index.php\/wp-json\/wp\/v2\/tags?post=15186"}],"curies":[{"name":"wp","href":"https:\/\/api.w.org\/{rel}","templated":true}]}}