{"id":15145,"date":"2026-04-25T01:10:07","date_gmt":"2026-04-24T23:10:07","guid":{"rendered":"https:\/\/www.radiocastor.com\/?p=15145"},"modified":"2026-04-25T01:10:08","modified_gmt":"2026-04-24T23:10:08","slug":"daniel-baylis-la-poesie-sauvage-dun-gardien-de-phare","status":"publish","type":"post","link":"https:\/\/www.radiocastor.com\/index.php\/daniel-baylis-la-poesie-sauvage-dun-gardien-de-phare\/","title":{"rendered":"Daniel Baylis : La po\u00e9sie sauvage d&rsquo;un gardien de phare"},"content":{"rendered":"\n<p>L&rsquo;auteur-compositeur canadien <strong>Daniel Baylis<\/strong> nous offre une pi\u00e8ce d&rsquo;une rare d\u00e9licatesse avec \u00ab\u00a0you remind me of the wild\u00a0\u00bb, extrait de son premier album paru le 13 avril 2026.<\/p>\n\n\n\n<p>Le parcours de Daniel Baylis est celui d&rsquo;un explorateur des grands espaces et de l&rsquo;\u00e2me humaine. \u00c9crivain publi\u00e9, po\u00e8te et photographe, il a parcouru le monde \u00e0 pied ou \u00e0 v\u00e9lo avant de retrouver son premier langage : la musique. Apr\u00e8s vingt ans de silence cr\u00e9atif sur le plan musical, c&rsquo;est l&rsquo;isolement total qui a servi de d\u00e9clic. Engag\u00e9 comme gardien de phare rempla\u00e7ant pour la Garde c\u00f4ti\u00e8re canadienne, il a pass\u00e9 trois mois seul sur une \u00eele recul\u00e9e de la Colombie-Britannique. C\u2019est l\u00e0, face \u00e0 l\u2019immensit\u00e9 sauvage, que les chansons ont enfin jailli.<\/p>\n\n\n\n<p>Le morceau <strong>you remind me of the wild<\/strong> est le fruit de cette solitude f\u00e9conde. Enregistr\u00e9 \u00e0 Montr\u00e9al et produit par Matthew Rogers, le titre se situe dans un espace cin\u00e9matographique et intime, quelque part entre la profondeur lyrique de Leonard Cohen et l&rsquo;atmosph\u00e8re \u00e9th\u00e9r\u00e9e d&rsquo;une Phoebe Bridgers. La voix de Baylis, fragile et chaleureuse, se pose sur des textures acoustiques bois\u00e9es qui rappellent la m\u00e9lancolie organique de Feist. C&rsquo;est une invitation \u00e0 ralentir, une ode \u00e0 la nature sauvage qui r\u00e9sonne en chacun de nous, port\u00e9e par une authenticit\u00e9 que seul un retour aux sources apr\u00e8s deux d\u00e9cennies peut offrir.<\/p>\n\n\n\n<p><em>A \u00e9couter sur <a href=\"https:\/\/www.radiocastor.com\/index.php\/playlist\/\" target=\"_blank\" rel=\"noreferrer noopener\">nos playlists<\/a> !<\/em><\/p>\n\n\n\n<p style=\"text-align: center;\"><iframe loading=\"lazy\" width=\"560\" height=\"315\" src=\"https:\/\/www.youtube.com\/embed\/BRWcpNRyBMg?si=4lVaj1xifhRbqfRs\" title=\"YouTube video player\" frameborder=\"0\" allow=\"accelerometer; autoplay; clipboard-write; encrypted-media; gyroscope; picture-in-picture; web-share\" referrerpolicy=\"strict-origin-when-cross-origin\" allowfullscreen><\/iframe><\/p>\n\n\n\n<p class=\"has-text-align-center\"><a href=\"https:\/\/www.facebook.com\/danielbaylis\" target=\"_blank\" rel=\"noreferrer noopener\">Facebook<\/a> &#8211; <a href=\"https:\/\/www.instagram.com\/daniel_baylis\" target=\"_blank\" rel=\"noreferrer noopener\">Instagram<\/a><\/p>\n","protected":false},"excerpt":{"rendered":"<p>L&rsquo;auteur-compositeur canadien Daniel Baylis nous offre une pi\u00e8ce d&rsquo;une rare d\u00e9licatesse avec \u00ab\u00a0you remind me&#8230;<\/p>\n","protected":false},"author":1,"featured_media":15146,"comment_status":"closed","ping_status":"open","sticky":false,"template":"","format":"standard","meta":{"_uag_custom_page_level_css":"","footnotes":""},"categories":[76,32,46],"tags":[],"class_list":["post-15145","post","type-post","status-publish","format-standard","has-post-thumbnail","hentry","category-folk","category-single","category-sortie"],"yoast_head":"<!-- This site is optimized with the Yoast SEO plugin v27.4 - https:\/\/yoast.com\/product\/yoast-seo-wordpress\/ -->\n<title>Daniel Baylis : La po\u00e9sie sauvage d&#039;un gardien de phare - Radio Castor<\/title>\n<meta name=\"robots\" content=\"index, follow, max-snippet:-1, max-image-preview:large, max-video-preview:-1\" \/>\n<link rel=\"canonical\" href=\"https:\/\/www.radiocastor.com\/index.php\/daniel-baylis-la-poesie-sauvage-dun-gardien-de-phare\/\" \/>\n<meta property=\"og:locale\" content=\"fr_FR\" \/>\n<meta property=\"og:type\" content=\"article\" \/>\n<meta property=\"og:title\" content=\"Daniel Baylis : La po\u00e9sie sauvage d&#039;un gardien de phare - Radio Castor\" \/>\n<meta property=\"og:description\" content=\"L&rsquo;auteur-compositeur canadien Daniel Baylis nous offre une pi\u00e8ce d&rsquo;une rare d\u00e9licatesse avec \u00ab\u00a0you remind me...\" \/>\n<meta property=\"og:url\" content=\"https:\/\/www.radiocastor.com\/index.php\/daniel-baylis-la-poesie-sauvage-dun-gardien-de-phare\/\" \/>\n<meta property=\"og:site_name\" content=\"Radio Castor\" \/>\n<meta property=\"article:publisher\" content=\"https:\/\/www.facebook.com\/theradiocastor\" \/>\n<meta property=\"article:published_time\" content=\"2026-04-24T23:10:07+00:00\" \/>\n<meta property=\"article:modified_time\" content=\"2026-04-24T23:10:08+00:00\" \/>\n<meta property=\"og:image\" content=\"https:\/\/www.radiocastor.com\/wp-content\/uploads\/2026\/04\/Daniel-Baylis.webp\" \/>\n\t<meta property=\"og:image:width\" content=\"750\" \/>\n\t<meta property=\"og:image:height\" content=\"1000\" \/>\n\t<meta property=\"og:image:type\" content=\"image\/webp\" \/>\n<meta name=\"author\" content=\"R\u00e9daction R C\" \/>\n<meta name=\"twitter:card\" content=\"summary_large_image\" \/>\n<meta name=\"twitter:creator\" content=\"@TheRadioCastor\" \/>\n<meta name=\"twitter:site\" content=\"@TheRadioCastor\" \/>\n<meta name=\"twitter:label1\" content=\"\u00c9crit par\" \/>\n\t<meta name=\"twitter:data1\" content=\"R\u00e9daction R C\" \/>\n\t<meta name=\"twitter:label2\" content=\"Dur\u00e9e de lecture estim\u00e9e\" \/>\n\t<meta name=\"twitter:data2\" content=\"2 minutes\" \/>\n<script type=\"application\/ld+json\" class=\"yoast-schema-graph\">{\"@context\":\"https:\\\/\\\/schema.org\",\"@graph\":[{\"@type\":\"Article\",\"@id\":\"https:\\\/\\\/www.radiocastor.com\\\/index.php\\\/daniel-baylis-la-poesie-sauvage-dun-gardien-de-phare\\\/#article\",\"isPartOf\":{\"@id\":\"https:\\\/\\\/www.radiocastor.com\\\/index.php\\\/daniel-baylis-la-poesie-sauvage-dun-gardien-de-phare\\\/\"},\"author\":{\"name\":\"R\u00e9daction R C\",\"@id\":\"https:\\\/\\\/www.radiocastor.com\\\/#\\\/schema\\\/person\\\/558b0e47dc4c11fa52b2220ba6a78779\"},\"headline\":\"Daniel Baylis : La po\u00e9sie sauvage d&rsquo;un gardien de phare\",\"datePublished\":\"2026-04-24T23:10:07+00:00\",\"dateModified\":\"2026-04-24T23:10:08+00:00\",\"mainEntityOfPage\":{\"@id\":\"https:\\\/\\\/www.radiocastor.com\\\/index.php\\\/daniel-baylis-la-poesie-sauvage-dun-gardien-de-phare\\\/\"},\"wordCount\":267,\"publisher\":{\"@id\":\"https:\\\/\\\/www.radiocastor.com\\\/#organization\"},\"image\":{\"@id\":\"https:\\\/\\\/www.radiocastor.com\\\/index.php\\\/daniel-baylis-la-poesie-sauvage-dun-gardien-de-phare\\\/#primaryimage\"},\"thumbnailUrl\":\"https:\\\/\\\/www.radiocastor.com\\\/wp-content\\\/uploads\\\/2026\\\/04\\\/Daniel-Baylis.webp\",\"articleSection\":[\"Folk\",\"Single\",\"Sortie\"],\"inLanguage\":\"fr-FR\"},{\"@type\":\"WebPage\",\"@id\":\"https:\\\/\\\/www.radiocastor.com\\\/index.php\\\/daniel-baylis-la-poesie-sauvage-dun-gardien-de-phare\\\/\",\"url\":\"https:\\\/\\\/www.radiocastor.com\\\/index.php\\\/daniel-baylis-la-poesie-sauvage-dun-gardien-de-phare\\\/\",\"name\":\"Daniel Baylis : La po\u00e9sie sauvage d'un gardien de phare - Radio Castor\",\"isPartOf\":{\"@id\":\"https:\\\/\\\/www.radiocastor.com\\\/#website\"},\"primaryImageOfPage\":{\"@id\":\"https:\\\/\\\/www.radiocastor.com\\\/index.php\\\/daniel-baylis-la-poesie-sauvage-dun-gardien-de-phare\\\/#primaryimage\"},\"image\":{\"@id\":\"https:\\\/\\\/www.radiocastor.com\\\/index.php\\\/daniel-baylis-la-poesie-sauvage-dun-gardien-de-phare\\\/#primaryimage\"},\"thumbnailUrl\":\"https:\\\/\\\/www.radiocastor.com\\\/wp-content\\\/uploads\\\/2026\\\/04\\\/Daniel-Baylis.webp\",\"datePublished\":\"2026-04-24T23:10:07+00:00\",\"dateModified\":\"2026-04-24T23:10:08+00:00\",\"breadcrumb\":{\"@id\":\"https:\\\/\\\/www.radiocastor.com\\\/index.php\\\/daniel-baylis-la-poesie-sauvage-dun-gardien-de-phare\\\/#breadcrumb\"},\"inLanguage\":\"fr-FR\",\"potentialAction\":[{\"@type\":\"ReadAction\",\"target\":[\"https:\\\/\\\/www.radiocastor.com\\\/index.php\\\/daniel-baylis-la-poesie-sauvage-dun-gardien-de-phare\\\/\"]}]},{\"@type\":\"ImageObject\",\"inLanguage\":\"fr-FR\",\"@id\":\"https:\\\/\\\/www.radiocastor.com\\\/index.php\\\/daniel-baylis-la-poesie-sauvage-dun-gardien-de-phare\\\/#primaryimage\",\"url\":\"https:\\\/\\\/www.radiocastor.com\\\/wp-content\\\/uploads\\\/2026\\\/04\\\/Daniel-Baylis.webp\",\"contentUrl\":\"https:\\\/\\\/www.radiocastor.com\\\/wp-content\\\/uploads\\\/2026\\\/04\\\/Daniel-Baylis.webp\",\"width\":750,\"height\":1000,\"caption\":\"Daniel Baylis\"},{\"@type\":\"BreadcrumbList\",\"@id\":\"https:\\\/\\\/www.radiocastor.com\\\/index.php\\\/daniel-baylis-la-poesie-sauvage-dun-gardien-de-phare\\\/#breadcrumb\",\"itemListElement\":[{\"@type\":\"ListItem\",\"position\":1,\"name\":\"Accueil\",\"item\":\"https:\\\/\\\/www.radiocastor.com\\\/\"},{\"@type\":\"ListItem\",\"position\":2,\"name\":\"Daniel Baylis : La po\u00e9sie sauvage d&rsquo;un gardien de phare\"}]},{\"@type\":\"WebSite\",\"@id\":\"https:\\\/\\\/www.radiocastor.com\\\/#website\",\"url\":\"https:\\\/\\\/www.radiocastor.com\\\/\",\"name\":\"Radio Castor\",\"description\":\"La voix !\",\"publisher\":{\"@id\":\"https:\\\/\\\/www.radiocastor.com\\\/#organization\"},\"potentialAction\":[{\"@type\":\"SearchAction\",\"target\":{\"@type\":\"EntryPoint\",\"urlTemplate\":\"https:\\\/\\\/www.radiocastor.com\\\/?s={search_term_string}\"},\"query-input\":{\"@type\":\"PropertyValueSpecification\",\"valueRequired\":true,\"valueName\":\"search_term_string\"}}],\"inLanguage\":\"fr-FR\"},{\"@type\":\"Organization\",\"@id\":\"https:\\\/\\\/www.radiocastor.com\\\/#organization\",\"name\":\"Radio Castor\",\"url\":\"https:\\\/\\\/www.radiocastor.com\\\/\",\"logo\":{\"@type\":\"ImageObject\",\"inLanguage\":\"fr-FR\",\"@id\":\"https:\\\/\\\/www.radiocastor.com\\\/#\\\/schema\\\/logo\\\/image\\\/\",\"url\":\"https:\\\/\\\/www.radiocastor.com\\\/wp-content\\\/uploads\\\/2021\\\/11\\\/cropped-Radio-castor-logo-2.png\",\"contentUrl\":\"https:\\\/\\\/www.radiocastor.com\\\/wp-content\\\/uploads\\\/2021\\\/11\\\/cropped-Radio-castor-logo-2.png\",\"width\":437,\"height\":219,\"caption\":\"Radio Castor\"},\"image\":{\"@id\":\"https:\\\/\\\/www.radiocastor.com\\\/#\\\/schema\\\/logo\\\/image\\\/\"},\"sameAs\":[\"https:\\\/\\\/www.facebook.com\\\/theradiocastor\",\"https:\\\/\\\/x.com\\\/TheRadioCastor\",\"https:\\\/\\\/www.instagram.com\\\/theradiocastor\",\"https:\\\/\\\/www.youtube.com\\\/c\\\/RadioCastor\"]},{\"@type\":\"Person\",\"@id\":\"https:\\\/\\\/www.radiocastor.com\\\/#\\\/schema\\\/person\\\/558b0e47dc4c11fa52b2220ba6a78779\",\"name\":\"R\u00e9daction R C\",\"image\":{\"@type\":\"ImageObject\",\"inLanguage\":\"fr-FR\",\"@id\":\"https:\\\/\\\/secure.gravatar.com\\\/avatar\\\/1d3e4f4c4a0d129f7ed4838ea20c33760c2484b9bc381993df6c0e3f5bf89c23?s=96&d=mm&r=g\",\"url\":\"https:\\\/\\\/secure.gravatar.com\\\/avatar\\\/1d3e4f4c4a0d129f7ed4838ea20c33760c2484b9bc381993df6c0e3f5bf89c23?s=96&d=mm&r=g\",\"contentUrl\":\"https:\\\/\\\/secure.gravatar.com\\\/avatar\\\/1d3e4f4c4a0d129f7ed4838ea20c33760c2484b9bc381993df6c0e3f5bf89c23?s=96&d=mm&r=g\",\"caption\":\"R\u00e9daction R C\"},\"sameAs\":[\"http:\\\/\\\/www.radiocastor.com\"],\"url\":\"https:\\\/\\\/www.radiocastor.com\\\/index.php\\\/author\\\/radio-castor\\\/\"}]}<\/script>\n<!-- \/ Yoast SEO plugin. -->","yoast_head_json":{"title":"Daniel Baylis : La po\u00e9sie sauvage d'un gardien de phare - Radio Castor","robots":{"index":"index","follow":"follow","max-snippet":"max-snippet:-1","max-image-preview":"max-image-preview:large","max-video-preview":"max-video-preview:-1"},"canonical":"https:\/\/www.radiocastor.com\/index.php\/daniel-baylis-la-poesie-sauvage-dun-gardien-de-phare\/","og_locale":"fr_FR","og_type":"article","og_title":"Daniel Baylis : La po\u00e9sie sauvage d'un gardien de phare - Radio Castor","og_description":"L&rsquo;auteur-compositeur canadien Daniel Baylis nous offre une pi\u00e8ce d&rsquo;une rare d\u00e9licatesse avec \u00ab\u00a0you remind me...","og_url":"https:\/\/www.radiocastor.com\/index.php\/daniel-baylis-la-poesie-sauvage-dun-gardien-de-phare\/","og_site_name":"Radio Castor","article_publisher":"https:\/\/www.facebook.com\/theradiocastor","article_published_time":"2026-04-24T23:10:07+00:00","article_modified_time":"2026-04-24T23:10:08+00:00","og_image":[{"width":750,"height":1000,"url":"https:\/\/www.radiocastor.com\/wp-content\/uploads\/2026\/04\/Daniel-Baylis.webp","type":"image\/webp"}],"author":"R\u00e9daction R C","twitter_card":"summary_large_image","twitter_creator":"@TheRadioCastor","twitter_site":"@TheRadioCastor","twitter_misc":{"\u00c9crit par":"R\u00e9daction R C","Dur\u00e9e de lecture estim\u00e9e":"2 minutes"},"schema":{"@context":"https:\/\/schema.org","@graph":[{"@type":"Article","@id":"https:\/\/www.radiocastor.com\/index.php\/daniel-baylis-la-poesie-sauvage-dun-gardien-de-phare\/#article","isPartOf":{"@id":"https:\/\/www.radiocastor.com\/index.php\/daniel-baylis-la-poesie-sauvage-dun-gardien-de-phare\/"},"author":{"name":"R\u00e9daction R C","@id":"https:\/\/www.radiocastor.com\/#\/schema\/person\/558b0e47dc4c11fa52b2220ba6a78779"},"headline":"Daniel Baylis : La po\u00e9sie sauvage d&rsquo;un gardien de phare","datePublished":"2026-04-24T23:10:07+00:00","dateModified":"2026-04-24T23:10:08+00:00","mainEntityOfPage":{"@id":"https:\/\/www.radiocastor.com\/index.php\/daniel-baylis-la-poesie-sauvage-dun-gardien-de-phare\/"},"wordCount":267,"publisher":{"@id":"https:\/\/www.radiocastor.com\/#organization"},"image":{"@id":"https:\/\/www.radiocastor.com\/index.php\/daniel-baylis-la-poesie-sauvage-dun-gardien-de-phare\/#primaryimage"},"thumbnailUrl":"https:\/\/www.radiocastor.com\/wp-content\/uploads\/2026\/04\/Daniel-Baylis.webp","articleSection":["Folk","Single","Sortie"],"inLanguage":"fr-FR"},{"@type":"WebPage","@id":"https:\/\/www.radiocastor.com\/index.php\/daniel-baylis-la-poesie-sauvage-dun-gardien-de-phare\/","url":"https:\/\/www.radiocastor.com\/index.php\/daniel-baylis-la-poesie-sauvage-dun-gardien-de-phare\/","name":"Daniel Baylis : La po\u00e9sie sauvage d'un gardien de phare - Radio Castor","isPartOf":{"@id":"https:\/\/www.radiocastor.com\/#website"},"primaryImageOfPage":{"@id":"https:\/\/www.radiocastor.com\/index.php\/daniel-baylis-la-poesie-sauvage-dun-gardien-de-phare\/#primaryimage"},"image":{"@id":"https:\/\/www.radiocastor.com\/index.php\/daniel-baylis-la-poesie-sauvage-dun-gardien-de-phare\/#primaryimage"},"thumbnailUrl":"https:\/\/www.radiocastor.com\/wp-content\/uploads\/2026\/04\/Daniel-Baylis.webp","datePublished":"2026-04-24T23:10:07+00:00","dateModified":"2026-04-24T23:10:08+00:00","breadcrumb":{"@id":"https:\/\/www.radiocastor.com\/index.php\/daniel-baylis-la-poesie-sauvage-dun-gardien-de-phare\/#breadcrumb"},"inLanguage":"fr-FR","potentialAction":[{"@type":"ReadAction","target":["https:\/\/www.radiocastor.com\/index.php\/daniel-baylis-la-poesie-sauvage-dun-gardien-de-phare\/"]}]},{"@type":"ImageObject","inLanguage":"fr-FR","@id":"https:\/\/www.radiocastor.com\/index.php\/daniel-baylis-la-poesie-sauvage-dun-gardien-de-phare\/#primaryimage","url":"https:\/\/www.radiocastor.com\/wp-content\/uploads\/2026\/04\/Daniel-Baylis.webp","contentUrl":"https:\/\/www.radiocastor.com\/wp-content\/uploads\/2026\/04\/Daniel-Baylis.webp","width":750,"height":1000,"caption":"Daniel Baylis"},{"@type":"BreadcrumbList","@id":"https:\/\/www.radiocastor.com\/index.php\/daniel-baylis-la-poesie-sauvage-dun-gardien-de-phare\/#breadcrumb","itemListElement":[{"@type":"ListItem","position":1,"name":"Accueil","item":"https:\/\/www.radiocastor.com\/"},{"@type":"ListItem","position":2,"name":"Daniel Baylis : La po\u00e9sie sauvage d&rsquo;un gardien de phare"}]},{"@type":"WebSite","@id":"https:\/\/www.radiocastor.com\/#website","url":"https:\/\/www.radiocastor.com\/","name":"Radio Castor","description":"La voix !","publisher":{"@id":"https:\/\/www.radiocastor.com\/#organization"},"potentialAction":[{"@type":"SearchAction","target":{"@type":"EntryPoint","urlTemplate":"https:\/\/www.radiocastor.com\/?s={search_term_string}"},"query-input":{"@type":"PropertyValueSpecification","valueRequired":true,"valueName":"search_term_string"}}],"inLanguage":"fr-FR"},{"@type":"Organization","@id":"https:\/\/www.radiocastor.com\/#organization","name":"Radio Castor","url":"https:\/\/www.radiocastor.com\/","logo":{"@type":"ImageObject","inLanguage":"fr-FR","@id":"https:\/\/www.radiocastor.com\/#\/schema\/logo\/image\/","url":"https:\/\/www.radiocastor.com\/wp-content\/uploads\/2021\/11\/cropped-Radio-castor-logo-2.png","contentUrl":"https:\/\/www.radiocastor.com\/wp-content\/uploads\/2021\/11\/cropped-Radio-castor-logo-2.png","width":437,"height":219,"caption":"Radio Castor"},"image":{"@id":"https:\/\/www.radiocastor.com\/#\/schema\/logo\/image\/"},"sameAs":["https:\/\/www.facebook.com\/theradiocastor","https:\/\/x.com\/TheRadioCastor","https:\/\/www.instagram.com\/theradiocastor","https:\/\/www.youtube.com\/c\/RadioCastor"]},{"@type":"Person","@id":"https:\/\/www.radiocastor.com\/#\/schema\/person\/558b0e47dc4c11fa52b2220ba6a78779","name":"R\u00e9daction R C","image":{"@type":"ImageObject","inLanguage":"fr-FR","@id":"https:\/\/secure.gravatar.com\/avatar\/1d3e4f4c4a0d129f7ed4838ea20c33760c2484b9bc381993df6c0e3f5bf89c23?s=96&d=mm&r=g","url":"https:\/\/secure.gravatar.com\/avatar\/1d3e4f4c4a0d129f7ed4838ea20c33760c2484b9bc381993df6c0e3f5bf89c23?s=96&d=mm&r=g","contentUrl":"https:\/\/secure.gravatar.com\/avatar\/1d3e4f4c4a0d129f7ed4838ea20c33760c2484b9bc381993df6c0e3f5bf89c23?s=96&d=mm&r=g","caption":"R\u00e9daction R C"},"sameAs":["http:\/\/www.radiocastor.com"],"url":"https:\/\/www.radiocastor.com\/index.php\/author\/radio-castor\/"}]}},"uagb_featured_image_src":{"full":["https:\/\/www.radiocastor.com\/wp-content\/uploads\/2026\/04\/Daniel-Baylis.webp",750,1000,false],"thumbnail":["https:\/\/www.radiocastor.com\/wp-content\/uploads\/2026\/04\/Daniel-Baylis-150x150.webp",150,150,true],"medium":["https:\/\/www.radiocastor.com\/wp-content\/uploads\/2026\/04\/Daniel-Baylis-225x300.webp",225,300,true],"medium_large":["https:\/\/www.radiocastor.com\/wp-content\/uploads\/2026\/04\/Daniel-Baylis.webp",640,853,false],"large":["https:\/\/www.radiocastor.com\/wp-content\/uploads\/2026\/04\/Daniel-Baylis.webp",640,853,false],"1536x1536":["https:\/\/www.radiocastor.com\/wp-content\/uploads\/2026\/04\/Daniel-Baylis.webp",750,1000,false],"2048x2048":["https:\/\/www.radiocastor.com\/wp-content\/uploads\/2026\/04\/Daniel-Baylis.webp",750,1000,false],"newsever-slider-full":["https:\/\/www.radiocastor.com\/wp-content\/uploads\/2026\/04\/Daniel-Baylis-750x845.webp",750,845,true],"newsever-featured":["https:\/\/www.radiocastor.com\/wp-content\/uploads\/2026\/04\/Daniel-Baylis.webp",750,1000,false],"newsever-medium":["https:\/\/www.radiocastor.com\/wp-content\/uploads\/2026\/04\/Daniel-Baylis-720x475.webp",720,475,true]},"uagb_author_info":{"display_name":"R\u00e9daction R C","author_link":"https:\/\/www.radiocastor.com\/index.php\/author\/radio-castor\/"},"uagb_comment_info":0,"uagb_excerpt":"L&rsquo;auteur-compositeur canadien Daniel Baylis nous offre une pi\u00e8ce d&rsquo;une rare d\u00e9licatesse avec \u00ab\u00a0you remind me...","_links":{"self":[{"href":"https:\/\/www.radiocastor.com\/index.php\/wp-json\/wp\/v2\/posts\/15145","targetHints":{"allow":["GET"]}}],"collection":[{"href":"https:\/\/www.radiocastor.com\/index.php\/wp-json\/wp\/v2\/posts"}],"about":[{"href":"https:\/\/www.radiocastor.com\/index.php\/wp-json\/wp\/v2\/types\/post"}],"author":[{"embeddable":true,"href":"https:\/\/www.radiocastor.com\/index.php\/wp-json\/wp\/v2\/users\/1"}],"replies":[{"embeddable":true,"href":"https:\/\/www.radiocastor.com\/index.php\/wp-json\/wp\/v2\/comments?post=15145"}],"version-history":[{"count":1,"href":"https:\/\/www.radiocastor.com\/index.php\/wp-json\/wp\/v2\/posts\/15145\/revisions"}],"predecessor-version":[{"id":15147,"href":"https:\/\/www.radiocastor.com\/index.php\/wp-json\/wp\/v2\/posts\/15145\/revisions\/15147"}],"wp:featuredmedia":[{"embeddable":true,"href":"https:\/\/www.radiocastor.com\/index.php\/wp-json\/wp\/v2\/media\/15146"}],"wp:attachment":[{"href":"https:\/\/www.radiocastor.com\/index.php\/wp-json\/wp\/v2\/media?parent=15145"}],"wp:term":[{"taxonomy":"category","embeddable":true,"href":"https:\/\/www.radiocastor.com\/index.php\/wp-json\/wp\/v2\/categories?post=15145"},{"taxonomy":"post_tag","embeddable":true,"href":"https:\/\/www.radiocastor.com\/index.php\/wp-json\/wp\/v2\/tags?post=15145"}],"curies":[{"name":"wp","href":"https:\/\/api.w.org\/{rel}","templated":true}]}}