{"id":15109,"date":"2026-04-23T23:00:00","date_gmt":"2026-04-23T21:00:00","guid":{"rendered":"https:\/\/www.radiocastor.com\/?p=15109"},"modified":"2026-04-23T23:32:02","modified_gmt":"2026-04-23T21:32:02","slug":"titre-du-jour-raude-la-deferlante-altruiste-de-wave","status":"publish","type":"post","link":"https:\/\/www.radiocastor.com\/index.php\/titre-du-jour-raude-la-deferlante-altruiste-de-wave\/","title":{"rendered":"Titre du jour : Raude, la d\u00e9ferlante altruiste de Wave"},"content":{"rendered":"\n<p>Le groupe de rock ind\u00e9pendant lyonnais <strong>Raude<\/strong> nous submerge avec son nouveau single \u00ab\u00a0Wave\u00a0\u00bb, extrait de leur r\u00e9cent EP intitul\u00e9 <em>THOUGHTS<\/em>, sorti le 3 avril 2026.<\/p>\n\n\n\n<p>Form\u00e9 sur la sc\u00e8ne lyonnaise, Raude est un groupe qui puise sa force dans une sinc\u00e9rit\u00e9 brute et une \u00e9nergie communicative. Leur univers musical est un carrefour o\u00f9 se croisent les m\u00e9lodies m\u00e9lancoliques de <em>The Cure<\/em>, la puissance de <em>Linkin Park<\/em> et la fougue de <em>Paramore<\/em>. Pour le groupe, la musique n&rsquo;est pas seulement un art, c&rsquo;est un exutoire, une mani\u00e8re de transformer les tourments du quotidien en une force collective capable de toucher et d&rsquo;aider ceux qui l&rsquo;\u00e9coutent.<\/p>\n\n\n\n<p>Le morceau <strong>Wave<\/strong> explore avec intensit\u00e9 le th\u00e8me du sacrifice et de l&rsquo;\u00e9quilibre fragile entre l&rsquo;altruisme et la pr\u00e9servation de soi. \u00c0 travers la m\u00e9taphore d&rsquo;une vague d\u00e9vastatrice, le texte d\u00e9peint un individu qui s&rsquo;\u00e9puise \u00e0 maintenir le bateau des autres \u00e0 flot (<em>\u00ab\u00a0I try to keep their boat afloat\u00a0\u00bb<\/em>) tout en oubliant sa propre vuln\u00e9rabilit\u00e9 face \u00e0 la temp\u00eate. Port\u00e9 par une section rythmique puissante et des batteries marquantes, le titre pose une question universelle : \u00e0 quel prix doit-on s&rsquo;effacer pour prot\u00e9ger ses proches ? Avec ce morceau taill\u00e9 pour le live, Raude confirme son talent pour marier rock \u00e9nergique et r\u00e9flexions introspectives profondes.<\/p>\n\n\n\n<p><em>A \u00e9couter sur <a href=\"https:\/\/www.radiocastor.com\/index.php\/playlist\/\" target=\"_blank\" rel=\"noreferrer noopener\">nos playlists<\/a> !<\/em><\/p>\n\n\n\n<p style=\"text-align: center;\"><iframe loading=\"lazy\" width=\"560\" height=\"315\" src=\"https:\/\/www.youtube.com\/embed\/bjOb9w33NS8?si=WIKqtLpsNw2CseNf\" title=\"YouTube video player\" frameborder=\"0\" allow=\"accelerometer; autoplay; clipboard-write; encrypted-media; gyroscope; picture-in-picture; web-share\" referrerpolicy=\"strict-origin-when-cross-origin\" allowfullscreen><\/iframe><\/p>\n\n\n\n<p class=\"has-text-align-center\"><a href=\"https:\/\/www.instagram.com\/raude_band\" target=\"_blank\" rel=\"noreferrer noopener\">Instagram<\/a><\/p>\n","protected":false},"excerpt":{"rendered":"<p>Le groupe de rock ind\u00e9pendant lyonnais Raude nous submerge avec son nouveau single \u00ab\u00a0Wave\u00a0\u00bb, extrait&#8230;<\/p>\n","protected":false},"author":1,"featured_media":15110,"comment_status":"closed","ping_status":"open","sticky":false,"template":"","format":"standard","meta":{"_uag_custom_page_level_css":"","footnotes":""},"categories":[45],"tags":[],"class_list":["post-15109","post","type-post","status-publish","format-standard","has-post-thumbnail","hentry","category-titre-du-jour"],"yoast_head":"<!-- This site is optimized with the Yoast SEO plugin v27.4 - https:\/\/yoast.com\/product\/yoast-seo-wordpress\/ -->\n<title>Titre du jour : Raude, la d\u00e9ferlante altruiste de Wave - Radio Castor<\/title>\n<meta name=\"robots\" content=\"index, follow, max-snippet:-1, max-image-preview:large, max-video-preview:-1\" \/>\n<link rel=\"canonical\" href=\"https:\/\/www.radiocastor.com\/index.php\/titre-du-jour-raude-la-deferlante-altruiste-de-wave\/\" \/>\n<meta property=\"og:locale\" content=\"fr_FR\" \/>\n<meta property=\"og:type\" content=\"article\" \/>\n<meta property=\"og:title\" content=\"Titre du jour : Raude, la d\u00e9ferlante altruiste de Wave - Radio Castor\" \/>\n<meta property=\"og:description\" content=\"Le groupe de rock ind\u00e9pendant lyonnais Raude nous submerge avec son nouveau single \u00ab\u00a0Wave\u00a0\u00bb, extrait...\" \/>\n<meta property=\"og:url\" content=\"https:\/\/www.radiocastor.com\/index.php\/titre-du-jour-raude-la-deferlante-altruiste-de-wave\/\" \/>\n<meta property=\"og:site_name\" content=\"Radio Castor\" \/>\n<meta property=\"article:publisher\" content=\"https:\/\/www.facebook.com\/theradiocastor\" \/>\n<meta property=\"article:published_time\" content=\"2026-04-23T21:00:00+00:00\" \/>\n<meta property=\"article:modified_time\" content=\"2026-04-23T21:32:02+00:00\" \/>\n<meta property=\"og:image\" content=\"https:\/\/www.radiocastor.com\/wp-content\/uploads\/2026\/04\/Raude.jpg\" \/>\n\t<meta property=\"og:image:width\" content=\"640\" \/>\n\t<meta property=\"og:image:height\" content=\"640\" \/>\n\t<meta property=\"og:image:type\" content=\"image\/jpeg\" \/>\n<meta name=\"author\" content=\"R\u00e9daction R C\" \/>\n<meta name=\"twitter:card\" content=\"summary_large_image\" \/>\n<meta name=\"twitter:creator\" content=\"@TheRadioCastor\" \/>\n<meta name=\"twitter:site\" content=\"@TheRadioCastor\" \/>\n<meta name=\"twitter:label1\" content=\"\u00c9crit par\" \/>\n\t<meta name=\"twitter:data1\" content=\"R\u00e9daction R C\" \/>\n\t<meta name=\"twitter:label2\" content=\"Dur\u00e9e de lecture estim\u00e9e\" \/>\n\t<meta name=\"twitter:data2\" content=\"2 minutes\" \/>\n<script type=\"application\/ld+json\" class=\"yoast-schema-graph\">{\"@context\":\"https:\\\/\\\/schema.org\",\"@graph\":[{\"@type\":\"Article\",\"@id\":\"https:\\\/\\\/www.radiocastor.com\\\/index.php\\\/titre-du-jour-raude-la-deferlante-altruiste-de-wave\\\/#article\",\"isPartOf\":{\"@id\":\"https:\\\/\\\/www.radiocastor.com\\\/index.php\\\/titre-du-jour-raude-la-deferlante-altruiste-de-wave\\\/\"},\"author\":{\"name\":\"R\u00e9daction R C\",\"@id\":\"https:\\\/\\\/www.radiocastor.com\\\/#\\\/schema\\\/person\\\/558b0e47dc4c11fa52b2220ba6a78779\"},\"headline\":\"Titre du jour : Raude, la d\u00e9ferlante altruiste de Wave\",\"datePublished\":\"2026-04-23T21:00:00+00:00\",\"dateModified\":\"2026-04-23T21:32:02+00:00\",\"mainEntityOfPage\":{\"@id\":\"https:\\\/\\\/www.radiocastor.com\\\/index.php\\\/titre-du-jour-raude-la-deferlante-altruiste-de-wave\\\/\"},\"wordCount\":243,\"publisher\":{\"@id\":\"https:\\\/\\\/www.radiocastor.com\\\/#organization\"},\"image\":{\"@id\":\"https:\\\/\\\/www.radiocastor.com\\\/index.php\\\/titre-du-jour-raude-la-deferlante-altruiste-de-wave\\\/#primaryimage\"},\"thumbnailUrl\":\"https:\\\/\\\/www.radiocastor.com\\\/wp-content\\\/uploads\\\/2026\\\/04\\\/Raude.jpg\",\"articleSection\":[\"Titre du jour\"],\"inLanguage\":\"fr-FR\"},{\"@type\":\"WebPage\",\"@id\":\"https:\\\/\\\/www.radiocastor.com\\\/index.php\\\/titre-du-jour-raude-la-deferlante-altruiste-de-wave\\\/\",\"url\":\"https:\\\/\\\/www.radiocastor.com\\\/index.php\\\/titre-du-jour-raude-la-deferlante-altruiste-de-wave\\\/\",\"name\":\"Titre du jour : Raude, la d\u00e9ferlante altruiste de Wave - Radio Castor\",\"isPartOf\":{\"@id\":\"https:\\\/\\\/www.radiocastor.com\\\/#website\"},\"primaryImageOfPage\":{\"@id\":\"https:\\\/\\\/www.radiocastor.com\\\/index.php\\\/titre-du-jour-raude-la-deferlante-altruiste-de-wave\\\/#primaryimage\"},\"image\":{\"@id\":\"https:\\\/\\\/www.radiocastor.com\\\/index.php\\\/titre-du-jour-raude-la-deferlante-altruiste-de-wave\\\/#primaryimage\"},\"thumbnailUrl\":\"https:\\\/\\\/www.radiocastor.com\\\/wp-content\\\/uploads\\\/2026\\\/04\\\/Raude.jpg\",\"datePublished\":\"2026-04-23T21:00:00+00:00\",\"dateModified\":\"2026-04-23T21:32:02+00:00\",\"breadcrumb\":{\"@id\":\"https:\\\/\\\/www.radiocastor.com\\\/index.php\\\/titre-du-jour-raude-la-deferlante-altruiste-de-wave\\\/#breadcrumb\"},\"inLanguage\":\"fr-FR\",\"potentialAction\":[{\"@type\":\"ReadAction\",\"target\":[\"https:\\\/\\\/www.radiocastor.com\\\/index.php\\\/titre-du-jour-raude-la-deferlante-altruiste-de-wave\\\/\"]}]},{\"@type\":\"ImageObject\",\"inLanguage\":\"fr-FR\",\"@id\":\"https:\\\/\\\/www.radiocastor.com\\\/index.php\\\/titre-du-jour-raude-la-deferlante-altruiste-de-wave\\\/#primaryimage\",\"url\":\"https:\\\/\\\/www.radiocastor.com\\\/wp-content\\\/uploads\\\/2026\\\/04\\\/Raude.jpg\",\"contentUrl\":\"https:\\\/\\\/www.radiocastor.com\\\/wp-content\\\/uploads\\\/2026\\\/04\\\/Raude.jpg\",\"width\":640,\"height\":640,\"caption\":\"Raude\"},{\"@type\":\"BreadcrumbList\",\"@id\":\"https:\\\/\\\/www.radiocastor.com\\\/index.php\\\/titre-du-jour-raude-la-deferlante-altruiste-de-wave\\\/#breadcrumb\",\"itemListElement\":[{\"@type\":\"ListItem\",\"position\":1,\"name\":\"Accueil\",\"item\":\"https:\\\/\\\/www.radiocastor.com\\\/\"},{\"@type\":\"ListItem\",\"position\":2,\"name\":\"Titre du jour : Raude, la d\u00e9ferlante altruiste de Wave\"}]},{\"@type\":\"WebSite\",\"@id\":\"https:\\\/\\\/www.radiocastor.com\\\/#website\",\"url\":\"https:\\\/\\\/www.radiocastor.com\\\/\",\"name\":\"Radio Castor\",\"description\":\"La voix !\",\"publisher\":{\"@id\":\"https:\\\/\\\/www.radiocastor.com\\\/#organization\"},\"potentialAction\":[{\"@type\":\"SearchAction\",\"target\":{\"@type\":\"EntryPoint\",\"urlTemplate\":\"https:\\\/\\\/www.radiocastor.com\\\/?s={search_term_string}\"},\"query-input\":{\"@type\":\"PropertyValueSpecification\",\"valueRequired\":true,\"valueName\":\"search_term_string\"}}],\"inLanguage\":\"fr-FR\"},{\"@type\":\"Organization\",\"@id\":\"https:\\\/\\\/www.radiocastor.com\\\/#organization\",\"name\":\"Radio Castor\",\"url\":\"https:\\\/\\\/www.radiocastor.com\\\/\",\"logo\":{\"@type\":\"ImageObject\",\"inLanguage\":\"fr-FR\",\"@id\":\"https:\\\/\\\/www.radiocastor.com\\\/#\\\/schema\\\/logo\\\/image\\\/\",\"url\":\"https:\\\/\\\/www.radiocastor.com\\\/wp-content\\\/uploads\\\/2021\\\/11\\\/cropped-Radio-castor-logo-2.png\",\"contentUrl\":\"https:\\\/\\\/www.radiocastor.com\\\/wp-content\\\/uploads\\\/2021\\\/11\\\/cropped-Radio-castor-logo-2.png\",\"width\":437,\"height\":219,\"caption\":\"Radio Castor\"},\"image\":{\"@id\":\"https:\\\/\\\/www.radiocastor.com\\\/#\\\/schema\\\/logo\\\/image\\\/\"},\"sameAs\":[\"https:\\\/\\\/www.facebook.com\\\/theradiocastor\",\"https:\\\/\\\/x.com\\\/TheRadioCastor\",\"https:\\\/\\\/www.instagram.com\\\/theradiocastor\",\"https:\\\/\\\/www.youtube.com\\\/c\\\/RadioCastor\"]},{\"@type\":\"Person\",\"@id\":\"https:\\\/\\\/www.radiocastor.com\\\/#\\\/schema\\\/person\\\/558b0e47dc4c11fa52b2220ba6a78779\",\"name\":\"R\u00e9daction R C\",\"image\":{\"@type\":\"ImageObject\",\"inLanguage\":\"fr-FR\",\"@id\":\"https:\\\/\\\/secure.gravatar.com\\\/avatar\\\/1d3e4f4c4a0d129f7ed4838ea20c33760c2484b9bc381993df6c0e3f5bf89c23?s=96&d=mm&r=g\",\"url\":\"https:\\\/\\\/secure.gravatar.com\\\/avatar\\\/1d3e4f4c4a0d129f7ed4838ea20c33760c2484b9bc381993df6c0e3f5bf89c23?s=96&d=mm&r=g\",\"contentUrl\":\"https:\\\/\\\/secure.gravatar.com\\\/avatar\\\/1d3e4f4c4a0d129f7ed4838ea20c33760c2484b9bc381993df6c0e3f5bf89c23?s=96&d=mm&r=g\",\"caption\":\"R\u00e9daction R C\"},\"sameAs\":[\"http:\\\/\\\/www.radiocastor.com\"],\"url\":\"https:\\\/\\\/www.radiocastor.com\\\/index.php\\\/author\\\/radio-castor\\\/\"}]}<\/script>\n<!-- \/ Yoast SEO plugin. -->","yoast_head_json":{"title":"Titre du jour : Raude, la d\u00e9ferlante altruiste de Wave - Radio Castor","robots":{"index":"index","follow":"follow","max-snippet":"max-snippet:-1","max-image-preview":"max-image-preview:large","max-video-preview":"max-video-preview:-1"},"canonical":"https:\/\/www.radiocastor.com\/index.php\/titre-du-jour-raude-la-deferlante-altruiste-de-wave\/","og_locale":"fr_FR","og_type":"article","og_title":"Titre du jour : Raude, la d\u00e9ferlante altruiste de Wave - Radio Castor","og_description":"Le groupe de rock ind\u00e9pendant lyonnais Raude nous submerge avec son nouveau single \u00ab\u00a0Wave\u00a0\u00bb, extrait...","og_url":"https:\/\/www.radiocastor.com\/index.php\/titre-du-jour-raude-la-deferlante-altruiste-de-wave\/","og_site_name":"Radio Castor","article_publisher":"https:\/\/www.facebook.com\/theradiocastor","article_published_time":"2026-04-23T21:00:00+00:00","article_modified_time":"2026-04-23T21:32:02+00:00","og_image":[{"width":640,"height":640,"url":"https:\/\/www.radiocastor.com\/wp-content\/uploads\/2026\/04\/Raude.jpg","type":"image\/jpeg"}],"author":"R\u00e9daction R C","twitter_card":"summary_large_image","twitter_creator":"@TheRadioCastor","twitter_site":"@TheRadioCastor","twitter_misc":{"\u00c9crit par":"R\u00e9daction R C","Dur\u00e9e de lecture estim\u00e9e":"2 minutes"},"schema":{"@context":"https:\/\/schema.org","@graph":[{"@type":"Article","@id":"https:\/\/www.radiocastor.com\/index.php\/titre-du-jour-raude-la-deferlante-altruiste-de-wave\/#article","isPartOf":{"@id":"https:\/\/www.radiocastor.com\/index.php\/titre-du-jour-raude-la-deferlante-altruiste-de-wave\/"},"author":{"name":"R\u00e9daction R C","@id":"https:\/\/www.radiocastor.com\/#\/schema\/person\/558b0e47dc4c11fa52b2220ba6a78779"},"headline":"Titre du jour : Raude, la d\u00e9ferlante altruiste de Wave","datePublished":"2026-04-23T21:00:00+00:00","dateModified":"2026-04-23T21:32:02+00:00","mainEntityOfPage":{"@id":"https:\/\/www.radiocastor.com\/index.php\/titre-du-jour-raude-la-deferlante-altruiste-de-wave\/"},"wordCount":243,"publisher":{"@id":"https:\/\/www.radiocastor.com\/#organization"},"image":{"@id":"https:\/\/www.radiocastor.com\/index.php\/titre-du-jour-raude-la-deferlante-altruiste-de-wave\/#primaryimage"},"thumbnailUrl":"https:\/\/www.radiocastor.com\/wp-content\/uploads\/2026\/04\/Raude.jpg","articleSection":["Titre du jour"],"inLanguage":"fr-FR"},{"@type":"WebPage","@id":"https:\/\/www.radiocastor.com\/index.php\/titre-du-jour-raude-la-deferlante-altruiste-de-wave\/","url":"https:\/\/www.radiocastor.com\/index.php\/titre-du-jour-raude-la-deferlante-altruiste-de-wave\/","name":"Titre du jour : Raude, la d\u00e9ferlante altruiste de Wave - Radio Castor","isPartOf":{"@id":"https:\/\/www.radiocastor.com\/#website"},"primaryImageOfPage":{"@id":"https:\/\/www.radiocastor.com\/index.php\/titre-du-jour-raude-la-deferlante-altruiste-de-wave\/#primaryimage"},"image":{"@id":"https:\/\/www.radiocastor.com\/index.php\/titre-du-jour-raude-la-deferlante-altruiste-de-wave\/#primaryimage"},"thumbnailUrl":"https:\/\/www.radiocastor.com\/wp-content\/uploads\/2026\/04\/Raude.jpg","datePublished":"2026-04-23T21:00:00+00:00","dateModified":"2026-04-23T21:32:02+00:00","breadcrumb":{"@id":"https:\/\/www.radiocastor.com\/index.php\/titre-du-jour-raude-la-deferlante-altruiste-de-wave\/#breadcrumb"},"inLanguage":"fr-FR","potentialAction":[{"@type":"ReadAction","target":["https:\/\/www.radiocastor.com\/index.php\/titre-du-jour-raude-la-deferlante-altruiste-de-wave\/"]}]},{"@type":"ImageObject","inLanguage":"fr-FR","@id":"https:\/\/www.radiocastor.com\/index.php\/titre-du-jour-raude-la-deferlante-altruiste-de-wave\/#primaryimage","url":"https:\/\/www.radiocastor.com\/wp-content\/uploads\/2026\/04\/Raude.jpg","contentUrl":"https:\/\/www.radiocastor.com\/wp-content\/uploads\/2026\/04\/Raude.jpg","width":640,"height":640,"caption":"Raude"},{"@type":"BreadcrumbList","@id":"https:\/\/www.radiocastor.com\/index.php\/titre-du-jour-raude-la-deferlante-altruiste-de-wave\/#breadcrumb","itemListElement":[{"@type":"ListItem","position":1,"name":"Accueil","item":"https:\/\/www.radiocastor.com\/"},{"@type":"ListItem","position":2,"name":"Titre du jour : Raude, la d\u00e9ferlante altruiste de Wave"}]},{"@type":"WebSite","@id":"https:\/\/www.radiocastor.com\/#website","url":"https:\/\/www.radiocastor.com\/","name":"Radio Castor","description":"La voix !","publisher":{"@id":"https:\/\/www.radiocastor.com\/#organization"},"potentialAction":[{"@type":"SearchAction","target":{"@type":"EntryPoint","urlTemplate":"https:\/\/www.radiocastor.com\/?s={search_term_string}"},"query-input":{"@type":"PropertyValueSpecification","valueRequired":true,"valueName":"search_term_string"}}],"inLanguage":"fr-FR"},{"@type":"Organization","@id":"https:\/\/www.radiocastor.com\/#organization","name":"Radio Castor","url":"https:\/\/www.radiocastor.com\/","logo":{"@type":"ImageObject","inLanguage":"fr-FR","@id":"https:\/\/www.radiocastor.com\/#\/schema\/logo\/image\/","url":"https:\/\/www.radiocastor.com\/wp-content\/uploads\/2021\/11\/cropped-Radio-castor-logo-2.png","contentUrl":"https:\/\/www.radiocastor.com\/wp-content\/uploads\/2021\/11\/cropped-Radio-castor-logo-2.png","width":437,"height":219,"caption":"Radio Castor"},"image":{"@id":"https:\/\/www.radiocastor.com\/#\/schema\/logo\/image\/"},"sameAs":["https:\/\/www.facebook.com\/theradiocastor","https:\/\/x.com\/TheRadioCastor","https:\/\/www.instagram.com\/theradiocastor","https:\/\/www.youtube.com\/c\/RadioCastor"]},{"@type":"Person","@id":"https:\/\/www.radiocastor.com\/#\/schema\/person\/558b0e47dc4c11fa52b2220ba6a78779","name":"R\u00e9daction R C","image":{"@type":"ImageObject","inLanguage":"fr-FR","@id":"https:\/\/secure.gravatar.com\/avatar\/1d3e4f4c4a0d129f7ed4838ea20c33760c2484b9bc381993df6c0e3f5bf89c23?s=96&d=mm&r=g","url":"https:\/\/secure.gravatar.com\/avatar\/1d3e4f4c4a0d129f7ed4838ea20c33760c2484b9bc381993df6c0e3f5bf89c23?s=96&d=mm&r=g","contentUrl":"https:\/\/secure.gravatar.com\/avatar\/1d3e4f4c4a0d129f7ed4838ea20c33760c2484b9bc381993df6c0e3f5bf89c23?s=96&d=mm&r=g","caption":"R\u00e9daction R C"},"sameAs":["http:\/\/www.radiocastor.com"],"url":"https:\/\/www.radiocastor.com\/index.php\/author\/radio-castor\/"}]}},"uagb_featured_image_src":{"full":["https:\/\/www.radiocastor.com\/wp-content\/uploads\/2026\/04\/Raude.jpg",640,640,false],"thumbnail":["https:\/\/www.radiocastor.com\/wp-content\/uploads\/2026\/04\/Raude-150x150.jpg",150,150,true],"medium":["https:\/\/www.radiocastor.com\/wp-content\/uploads\/2026\/04\/Raude-300x300.jpg",300,300,true],"medium_large":["https:\/\/www.radiocastor.com\/wp-content\/uploads\/2026\/04\/Raude.jpg",640,640,false],"large":["https:\/\/www.radiocastor.com\/wp-content\/uploads\/2026\/04\/Raude.jpg",640,640,false],"1536x1536":["https:\/\/www.radiocastor.com\/wp-content\/uploads\/2026\/04\/Raude.jpg",640,640,false],"2048x2048":["https:\/\/www.radiocastor.com\/wp-content\/uploads\/2026\/04\/Raude.jpg",640,640,false],"newsever-slider-full":["https:\/\/www.radiocastor.com\/wp-content\/uploads\/2026\/04\/Raude.jpg",640,640,false],"newsever-featured":["https:\/\/www.radiocastor.com\/wp-content\/uploads\/2026\/04\/Raude.jpg",640,640,false],"newsever-medium":["https:\/\/www.radiocastor.com\/wp-content\/uploads\/2026\/04\/Raude-640x475.jpg",640,475,true]},"uagb_author_info":{"display_name":"R\u00e9daction R C","author_link":"https:\/\/www.radiocastor.com\/index.php\/author\/radio-castor\/"},"uagb_comment_info":0,"uagb_excerpt":"Le groupe de rock ind\u00e9pendant lyonnais Raude nous submerge avec son nouveau single \u00ab\u00a0Wave\u00a0\u00bb, extrait...","_links":{"self":[{"href":"https:\/\/www.radiocastor.com\/index.php\/wp-json\/wp\/v2\/posts\/15109","targetHints":{"allow":["GET"]}}],"collection":[{"href":"https:\/\/www.radiocastor.com\/index.php\/wp-json\/wp\/v2\/posts"}],"about":[{"href":"https:\/\/www.radiocastor.com\/index.php\/wp-json\/wp\/v2\/types\/post"}],"author":[{"embeddable":true,"href":"https:\/\/www.radiocastor.com\/index.php\/wp-json\/wp\/v2\/users\/1"}],"replies":[{"embeddable":true,"href":"https:\/\/www.radiocastor.com\/index.php\/wp-json\/wp\/v2\/comments?post=15109"}],"version-history":[{"count":1,"href":"https:\/\/www.radiocastor.com\/index.php\/wp-json\/wp\/v2\/posts\/15109\/revisions"}],"predecessor-version":[{"id":15111,"href":"https:\/\/www.radiocastor.com\/index.php\/wp-json\/wp\/v2\/posts\/15109\/revisions\/15111"}],"wp:featuredmedia":[{"embeddable":true,"href":"https:\/\/www.radiocastor.com\/index.php\/wp-json\/wp\/v2\/media\/15110"}],"wp:attachment":[{"href":"https:\/\/www.radiocastor.com\/index.php\/wp-json\/wp\/v2\/media?parent=15109"}],"wp:term":[{"taxonomy":"category","embeddable":true,"href":"https:\/\/www.radiocastor.com\/index.php\/wp-json\/wp\/v2\/categories?post=15109"},{"taxonomy":"post_tag","embeddable":true,"href":"https:\/\/www.radiocastor.com\/index.php\/wp-json\/wp\/v2\/tags?post=15109"}],"curies":[{"name":"wp","href":"https:\/\/api.w.org\/{rel}","templated":true}]}}