{"id":15050,"date":"2026-04-18T05:09:25","date_gmt":"2026-04-18T03:09:25","guid":{"rendered":"https:\/\/www.radiocastor.com\/?p=15050"},"modified":"2026-04-18T05:09:28","modified_gmt":"2026-04-18T03:09:28","slug":"may-dae-lesthetique-de-la-revolte-avec-am-i-pretty","status":"publish","type":"post","link":"https:\/\/www.radiocastor.com\/index.php\/may-dae-lesthetique-de-la-revolte-avec-am-i-pretty\/","title":{"rendered":"May Dae : L&rsquo;esth\u00e9tique de la r\u00e9volte avec Am I Pretty?!"},"content":{"rendered":"\n<p>La singer-songwriter belge <strong>May Dae<\/strong> nous livre un titre percutant avec \u00ab\u00a0Am I Pretty?!\u00a0\u00bb, sorti le 9 avril 2026 sous le label Press Play Music.<\/p>\n\n\n\n<p>D\u00e9crite comme une \u00e2me tendre dot\u00e9e d&rsquo;un esprit rebelle, May Dae \u00e9crit ses chansons comme on r\u00e9dige un journal intime : avec une honn\u00eatet\u00e9 brute et sans fard. Naviguant entre Americana, Indie Rock et Alt Pop, elle poss\u00e8de une voix capable de passer de la fragilit\u00e9 \u00e0 la ferveur en un instant. Son univers, qui rappelle des artistes comme Sheryl Crow ou Bishop Briggs, explore les th\u00e8mes de la reconqu\u00eate de soi et des luttes int\u00e9rieures, offrant une musique qui \u00e0 la fois blesse et r\u00e9conforte.<\/p>\n\n\n\n<p>Le morceau <strong>Am I Pretty?!<\/strong> est bien plus qu&rsquo;une interrogation sur l&rsquo;apparence physique ; c&rsquo;est une r\u00e9flexion profonde sur la valeur que la soci\u00e9t\u00e9 attribue aux individus. \u00c9crit durant une p\u00e9riode de transformation personnelle o\u00f9 l&rsquo;artiste a perdu beaucoup de poids, le titre souligne le d\u00e9calage entre sa croissance int\u00e9rieure et les compliments du monde ext\u00e9rieur, uniquement focalis\u00e9s sur son image. \u00c0 travers des paroles incisives (<em>\u00ab\u00a0I\u2019m pretty tired of being trimmed to size\u00a0\u00bb<\/em>), May Dae d\u00e9nonce les projections contradictoires qu&rsquo;on lui impose \u2014 tour \u00e0 tour \u00ab\u00a0trop douce\u00a0\u00bb ou \u00ab\u00a0trop sauvage\u00a0\u00bb. Ce m\u00e9lange de pop-rock \u00e9nergique et d&rsquo;observations tranchantes fait de ce single un v\u00e9ritable manifeste sur l&rsquo;identit\u00e9 et les pressions de l&rsquo;industrie musicale.<\/p>\n\n\n\n<p><em>A \u00e9couter sur <a href=\"https:\/\/www.radiocastor.com\/index.php\/playlist\/\" target=\"_blank\" rel=\"noreferrer noopener\">nos playlists<\/a> !<\/em><\/p>\n\n\n\n<p style=\"text-align: center;\"><iframe loading=\"lazy\" width=\"560\" height=\"315\" src=\"https:\/\/www.youtube.com\/embed\/P5BhvF38PDs?si=8NepeSirhtEpXXTf\" title=\"YouTube video player\" frameborder=\"0\" allow=\"accelerometer; autoplay; clipboard-write; encrypted-media; gyroscope; picture-in-picture; web-share\" referrerpolicy=\"strict-origin-when-cross-origin\" allowfullscreen><\/iframe><\/p>\n\n\n\n<p class=\"has-text-align-center\"><a href=\"https:\/\/www.facebook.com\/itsmaydae\" target=\"_blank\" rel=\"noreferrer noopener\">Facebook<\/a> &#8211; <a href=\"https:\/\/www.instagram.com\/itsmaydae\" target=\"_blank\" rel=\"noreferrer noopener\">Instagram<\/a><\/p>\n","protected":false},"excerpt":{"rendered":"<p>La singer-songwriter belge May Dae nous livre un titre percutant avec \u00ab\u00a0Am I Pretty?!\u00a0\u00bb, sorti&#8230;<\/p>\n","protected":false},"author":1,"featured_media":15051,"comment_status":"closed","ping_status":"open","sticky":false,"template":"","format":"standard","meta":{"_uag_custom_page_level_css":"","footnotes":""},"categories":[85,92,4,5,32,46],"tags":[],"class_list":["post-15050","post","type-post","status-publish","format-standard","has-post-thumbnail","hentry","category-alternatif","category-americana","category-pop","category-rock","category-single","category-sortie"],"yoast_head":"<!-- This site is optimized with the Yoast SEO plugin v27.4 - https:\/\/yoast.com\/product\/yoast-seo-wordpress\/ -->\n<title>May Dae : L&#039;esth\u00e9tique de la r\u00e9volte avec Am I Pretty?! - Radio Castor<\/title>\n<meta name=\"robots\" content=\"index, follow, max-snippet:-1, max-image-preview:large, max-video-preview:-1\" \/>\n<link rel=\"canonical\" href=\"https:\/\/www.radiocastor.com\/index.php\/may-dae-lesthetique-de-la-revolte-avec-am-i-pretty\/\" \/>\n<meta property=\"og:locale\" content=\"fr_FR\" \/>\n<meta property=\"og:type\" content=\"article\" \/>\n<meta property=\"og:title\" content=\"May Dae : L&#039;esth\u00e9tique de la r\u00e9volte avec Am I Pretty?! - Radio Castor\" \/>\n<meta property=\"og:description\" content=\"La singer-songwriter belge May Dae nous livre un titre percutant avec \u00ab\u00a0Am I Pretty?!\u00a0\u00bb, sorti...\" \/>\n<meta property=\"og:url\" content=\"https:\/\/www.radiocastor.com\/index.php\/may-dae-lesthetique-de-la-revolte-avec-am-i-pretty\/\" \/>\n<meta property=\"og:site_name\" content=\"Radio Castor\" \/>\n<meta property=\"article:publisher\" content=\"https:\/\/www.facebook.com\/theradiocastor\" \/>\n<meta property=\"article:published_time\" content=\"2026-04-18T03:09:25+00:00\" \/>\n<meta property=\"article:modified_time\" content=\"2026-04-18T03:09:28+00:00\" \/>\n<meta property=\"og:image\" content=\"https:\/\/www.radiocastor.com\/wp-content\/uploads\/2026\/04\/May-Dae.jpg\" \/>\n\t<meta property=\"og:image:width\" content=\"532\" \/>\n\t<meta property=\"og:image:height\" content=\"640\" \/>\n\t<meta property=\"og:image:type\" content=\"image\/jpeg\" \/>\n<meta name=\"author\" content=\"R\u00e9daction R C\" \/>\n<meta name=\"twitter:card\" content=\"summary_large_image\" \/>\n<meta name=\"twitter:creator\" content=\"@TheRadioCastor\" \/>\n<meta name=\"twitter:site\" content=\"@TheRadioCastor\" \/>\n<meta name=\"twitter:label1\" content=\"\u00c9crit par\" \/>\n\t<meta name=\"twitter:data1\" content=\"R\u00e9daction R C\" \/>\n\t<meta name=\"twitter:label2\" content=\"Dur\u00e9e de lecture estim\u00e9e\" \/>\n\t<meta name=\"twitter:data2\" content=\"2 minutes\" \/>\n<script type=\"application\/ld+json\" class=\"yoast-schema-graph\">{\"@context\":\"https:\\\/\\\/schema.org\",\"@graph\":[{\"@type\":\"Article\",\"@id\":\"https:\\\/\\\/www.radiocastor.com\\\/index.php\\\/may-dae-lesthetique-de-la-revolte-avec-am-i-pretty\\\/#article\",\"isPartOf\":{\"@id\":\"https:\\\/\\\/www.radiocastor.com\\\/index.php\\\/may-dae-lesthetique-de-la-revolte-avec-am-i-pretty\\\/\"},\"author\":{\"name\":\"R\u00e9daction R C\",\"@id\":\"https:\\\/\\\/www.radiocastor.com\\\/#\\\/schema\\\/person\\\/558b0e47dc4c11fa52b2220ba6a78779\"},\"headline\":\"May Dae : L&rsquo;esth\u00e9tique de la r\u00e9volte avec Am I Pretty?!\",\"datePublished\":\"2026-04-18T03:09:25+00:00\",\"dateModified\":\"2026-04-18T03:09:28+00:00\",\"mainEntityOfPage\":{\"@id\":\"https:\\\/\\\/www.radiocastor.com\\\/index.php\\\/may-dae-lesthetique-de-la-revolte-avec-am-i-pretty\\\/\"},\"wordCount\":267,\"publisher\":{\"@id\":\"https:\\\/\\\/www.radiocastor.com\\\/#organization\"},\"image\":{\"@id\":\"https:\\\/\\\/www.radiocastor.com\\\/index.php\\\/may-dae-lesthetique-de-la-revolte-avec-am-i-pretty\\\/#primaryimage\"},\"thumbnailUrl\":\"https:\\\/\\\/www.radiocastor.com\\\/wp-content\\\/uploads\\\/2026\\\/04\\\/May-Dae.jpg\",\"articleSection\":[\"Alternatif\",\"Americana\",\"Pop\",\"Rock\",\"Single\",\"Sortie\"],\"inLanguage\":\"fr-FR\"},{\"@type\":\"WebPage\",\"@id\":\"https:\\\/\\\/www.radiocastor.com\\\/index.php\\\/may-dae-lesthetique-de-la-revolte-avec-am-i-pretty\\\/\",\"url\":\"https:\\\/\\\/www.radiocastor.com\\\/index.php\\\/may-dae-lesthetique-de-la-revolte-avec-am-i-pretty\\\/\",\"name\":\"May Dae : L'esth\u00e9tique de la r\u00e9volte avec Am I Pretty?! - Radio Castor\",\"isPartOf\":{\"@id\":\"https:\\\/\\\/www.radiocastor.com\\\/#website\"},\"primaryImageOfPage\":{\"@id\":\"https:\\\/\\\/www.radiocastor.com\\\/index.php\\\/may-dae-lesthetique-de-la-revolte-avec-am-i-pretty\\\/#primaryimage\"},\"image\":{\"@id\":\"https:\\\/\\\/www.radiocastor.com\\\/index.php\\\/may-dae-lesthetique-de-la-revolte-avec-am-i-pretty\\\/#primaryimage\"},\"thumbnailUrl\":\"https:\\\/\\\/www.radiocastor.com\\\/wp-content\\\/uploads\\\/2026\\\/04\\\/May-Dae.jpg\",\"datePublished\":\"2026-04-18T03:09:25+00:00\",\"dateModified\":\"2026-04-18T03:09:28+00:00\",\"breadcrumb\":{\"@id\":\"https:\\\/\\\/www.radiocastor.com\\\/index.php\\\/may-dae-lesthetique-de-la-revolte-avec-am-i-pretty\\\/#breadcrumb\"},\"inLanguage\":\"fr-FR\",\"potentialAction\":[{\"@type\":\"ReadAction\",\"target\":[\"https:\\\/\\\/www.radiocastor.com\\\/index.php\\\/may-dae-lesthetique-de-la-revolte-avec-am-i-pretty\\\/\"]}]},{\"@type\":\"ImageObject\",\"inLanguage\":\"fr-FR\",\"@id\":\"https:\\\/\\\/www.radiocastor.com\\\/index.php\\\/may-dae-lesthetique-de-la-revolte-avec-am-i-pretty\\\/#primaryimage\",\"url\":\"https:\\\/\\\/www.radiocastor.com\\\/wp-content\\\/uploads\\\/2026\\\/04\\\/May-Dae.jpg\",\"contentUrl\":\"https:\\\/\\\/www.radiocastor.com\\\/wp-content\\\/uploads\\\/2026\\\/04\\\/May-Dae.jpg\",\"width\":532,\"height\":640,\"caption\":\"May Dae\"},{\"@type\":\"BreadcrumbList\",\"@id\":\"https:\\\/\\\/www.radiocastor.com\\\/index.php\\\/may-dae-lesthetique-de-la-revolte-avec-am-i-pretty\\\/#breadcrumb\",\"itemListElement\":[{\"@type\":\"ListItem\",\"position\":1,\"name\":\"Accueil\",\"item\":\"https:\\\/\\\/www.radiocastor.com\\\/\"},{\"@type\":\"ListItem\",\"position\":2,\"name\":\"May Dae : L&rsquo;esth\u00e9tique de la r\u00e9volte avec Am I Pretty?!\"}]},{\"@type\":\"WebSite\",\"@id\":\"https:\\\/\\\/www.radiocastor.com\\\/#website\",\"url\":\"https:\\\/\\\/www.radiocastor.com\\\/\",\"name\":\"Radio Castor\",\"description\":\"La voix !\",\"publisher\":{\"@id\":\"https:\\\/\\\/www.radiocastor.com\\\/#organization\"},\"potentialAction\":[{\"@type\":\"SearchAction\",\"target\":{\"@type\":\"EntryPoint\",\"urlTemplate\":\"https:\\\/\\\/www.radiocastor.com\\\/?s={search_term_string}\"},\"query-input\":{\"@type\":\"PropertyValueSpecification\",\"valueRequired\":true,\"valueName\":\"search_term_string\"}}],\"inLanguage\":\"fr-FR\"},{\"@type\":\"Organization\",\"@id\":\"https:\\\/\\\/www.radiocastor.com\\\/#organization\",\"name\":\"Radio Castor\",\"url\":\"https:\\\/\\\/www.radiocastor.com\\\/\",\"logo\":{\"@type\":\"ImageObject\",\"inLanguage\":\"fr-FR\",\"@id\":\"https:\\\/\\\/www.radiocastor.com\\\/#\\\/schema\\\/logo\\\/image\\\/\",\"url\":\"https:\\\/\\\/www.radiocastor.com\\\/wp-content\\\/uploads\\\/2021\\\/11\\\/cropped-Radio-castor-logo-2.png\",\"contentUrl\":\"https:\\\/\\\/www.radiocastor.com\\\/wp-content\\\/uploads\\\/2021\\\/11\\\/cropped-Radio-castor-logo-2.png\",\"width\":437,\"height\":219,\"caption\":\"Radio Castor\"},\"image\":{\"@id\":\"https:\\\/\\\/www.radiocastor.com\\\/#\\\/schema\\\/logo\\\/image\\\/\"},\"sameAs\":[\"https:\\\/\\\/www.facebook.com\\\/theradiocastor\",\"https:\\\/\\\/x.com\\\/TheRadioCastor\",\"https:\\\/\\\/www.instagram.com\\\/theradiocastor\",\"https:\\\/\\\/www.youtube.com\\\/c\\\/RadioCastor\"]},{\"@type\":\"Person\",\"@id\":\"https:\\\/\\\/www.radiocastor.com\\\/#\\\/schema\\\/person\\\/558b0e47dc4c11fa52b2220ba6a78779\",\"name\":\"R\u00e9daction R C\",\"image\":{\"@type\":\"ImageObject\",\"inLanguage\":\"fr-FR\",\"@id\":\"https:\\\/\\\/secure.gravatar.com\\\/avatar\\\/1d3e4f4c4a0d129f7ed4838ea20c33760c2484b9bc381993df6c0e3f5bf89c23?s=96&d=mm&r=g\",\"url\":\"https:\\\/\\\/secure.gravatar.com\\\/avatar\\\/1d3e4f4c4a0d129f7ed4838ea20c33760c2484b9bc381993df6c0e3f5bf89c23?s=96&d=mm&r=g\",\"contentUrl\":\"https:\\\/\\\/secure.gravatar.com\\\/avatar\\\/1d3e4f4c4a0d129f7ed4838ea20c33760c2484b9bc381993df6c0e3f5bf89c23?s=96&d=mm&r=g\",\"caption\":\"R\u00e9daction R C\"},\"sameAs\":[\"http:\\\/\\\/www.radiocastor.com\"],\"url\":\"https:\\\/\\\/www.radiocastor.com\\\/index.php\\\/author\\\/radio-castor\\\/\"}]}<\/script>\n<!-- \/ Yoast SEO plugin. -->","yoast_head_json":{"title":"May Dae : L'esth\u00e9tique de la r\u00e9volte avec Am I Pretty?! - Radio Castor","robots":{"index":"index","follow":"follow","max-snippet":"max-snippet:-1","max-image-preview":"max-image-preview:large","max-video-preview":"max-video-preview:-1"},"canonical":"https:\/\/www.radiocastor.com\/index.php\/may-dae-lesthetique-de-la-revolte-avec-am-i-pretty\/","og_locale":"fr_FR","og_type":"article","og_title":"May Dae : L'esth\u00e9tique de la r\u00e9volte avec Am I Pretty?! - Radio Castor","og_description":"La singer-songwriter belge May Dae nous livre un titre percutant avec \u00ab\u00a0Am I Pretty?!\u00a0\u00bb, sorti...","og_url":"https:\/\/www.radiocastor.com\/index.php\/may-dae-lesthetique-de-la-revolte-avec-am-i-pretty\/","og_site_name":"Radio Castor","article_publisher":"https:\/\/www.facebook.com\/theradiocastor","article_published_time":"2026-04-18T03:09:25+00:00","article_modified_time":"2026-04-18T03:09:28+00:00","og_image":[{"width":532,"height":640,"url":"https:\/\/www.radiocastor.com\/wp-content\/uploads\/2026\/04\/May-Dae.jpg","type":"image\/jpeg"}],"author":"R\u00e9daction R C","twitter_card":"summary_large_image","twitter_creator":"@TheRadioCastor","twitter_site":"@TheRadioCastor","twitter_misc":{"\u00c9crit par":"R\u00e9daction R C","Dur\u00e9e de lecture estim\u00e9e":"2 minutes"},"schema":{"@context":"https:\/\/schema.org","@graph":[{"@type":"Article","@id":"https:\/\/www.radiocastor.com\/index.php\/may-dae-lesthetique-de-la-revolte-avec-am-i-pretty\/#article","isPartOf":{"@id":"https:\/\/www.radiocastor.com\/index.php\/may-dae-lesthetique-de-la-revolte-avec-am-i-pretty\/"},"author":{"name":"R\u00e9daction R C","@id":"https:\/\/www.radiocastor.com\/#\/schema\/person\/558b0e47dc4c11fa52b2220ba6a78779"},"headline":"May Dae : L&rsquo;esth\u00e9tique de la r\u00e9volte avec Am I Pretty?!","datePublished":"2026-04-18T03:09:25+00:00","dateModified":"2026-04-18T03:09:28+00:00","mainEntityOfPage":{"@id":"https:\/\/www.radiocastor.com\/index.php\/may-dae-lesthetique-de-la-revolte-avec-am-i-pretty\/"},"wordCount":267,"publisher":{"@id":"https:\/\/www.radiocastor.com\/#organization"},"image":{"@id":"https:\/\/www.radiocastor.com\/index.php\/may-dae-lesthetique-de-la-revolte-avec-am-i-pretty\/#primaryimage"},"thumbnailUrl":"https:\/\/www.radiocastor.com\/wp-content\/uploads\/2026\/04\/May-Dae.jpg","articleSection":["Alternatif","Americana","Pop","Rock","Single","Sortie"],"inLanguage":"fr-FR"},{"@type":"WebPage","@id":"https:\/\/www.radiocastor.com\/index.php\/may-dae-lesthetique-de-la-revolte-avec-am-i-pretty\/","url":"https:\/\/www.radiocastor.com\/index.php\/may-dae-lesthetique-de-la-revolte-avec-am-i-pretty\/","name":"May Dae : L'esth\u00e9tique de la r\u00e9volte avec Am I Pretty?! - Radio Castor","isPartOf":{"@id":"https:\/\/www.radiocastor.com\/#website"},"primaryImageOfPage":{"@id":"https:\/\/www.radiocastor.com\/index.php\/may-dae-lesthetique-de-la-revolte-avec-am-i-pretty\/#primaryimage"},"image":{"@id":"https:\/\/www.radiocastor.com\/index.php\/may-dae-lesthetique-de-la-revolte-avec-am-i-pretty\/#primaryimage"},"thumbnailUrl":"https:\/\/www.radiocastor.com\/wp-content\/uploads\/2026\/04\/May-Dae.jpg","datePublished":"2026-04-18T03:09:25+00:00","dateModified":"2026-04-18T03:09:28+00:00","breadcrumb":{"@id":"https:\/\/www.radiocastor.com\/index.php\/may-dae-lesthetique-de-la-revolte-avec-am-i-pretty\/#breadcrumb"},"inLanguage":"fr-FR","potentialAction":[{"@type":"ReadAction","target":["https:\/\/www.radiocastor.com\/index.php\/may-dae-lesthetique-de-la-revolte-avec-am-i-pretty\/"]}]},{"@type":"ImageObject","inLanguage":"fr-FR","@id":"https:\/\/www.radiocastor.com\/index.php\/may-dae-lesthetique-de-la-revolte-avec-am-i-pretty\/#primaryimage","url":"https:\/\/www.radiocastor.com\/wp-content\/uploads\/2026\/04\/May-Dae.jpg","contentUrl":"https:\/\/www.radiocastor.com\/wp-content\/uploads\/2026\/04\/May-Dae.jpg","width":532,"height":640,"caption":"May Dae"},{"@type":"BreadcrumbList","@id":"https:\/\/www.radiocastor.com\/index.php\/may-dae-lesthetique-de-la-revolte-avec-am-i-pretty\/#breadcrumb","itemListElement":[{"@type":"ListItem","position":1,"name":"Accueil","item":"https:\/\/www.radiocastor.com\/"},{"@type":"ListItem","position":2,"name":"May Dae : L&rsquo;esth\u00e9tique de la r\u00e9volte avec Am I Pretty?!"}]},{"@type":"WebSite","@id":"https:\/\/www.radiocastor.com\/#website","url":"https:\/\/www.radiocastor.com\/","name":"Radio Castor","description":"La voix !","publisher":{"@id":"https:\/\/www.radiocastor.com\/#organization"},"potentialAction":[{"@type":"SearchAction","target":{"@type":"EntryPoint","urlTemplate":"https:\/\/www.radiocastor.com\/?s={search_term_string}"},"query-input":{"@type":"PropertyValueSpecification","valueRequired":true,"valueName":"search_term_string"}}],"inLanguage":"fr-FR"},{"@type":"Organization","@id":"https:\/\/www.radiocastor.com\/#organization","name":"Radio Castor","url":"https:\/\/www.radiocastor.com\/","logo":{"@type":"ImageObject","inLanguage":"fr-FR","@id":"https:\/\/www.radiocastor.com\/#\/schema\/logo\/image\/","url":"https:\/\/www.radiocastor.com\/wp-content\/uploads\/2021\/11\/cropped-Radio-castor-logo-2.png","contentUrl":"https:\/\/www.radiocastor.com\/wp-content\/uploads\/2021\/11\/cropped-Radio-castor-logo-2.png","width":437,"height":219,"caption":"Radio Castor"},"image":{"@id":"https:\/\/www.radiocastor.com\/#\/schema\/logo\/image\/"},"sameAs":["https:\/\/www.facebook.com\/theradiocastor","https:\/\/x.com\/TheRadioCastor","https:\/\/www.instagram.com\/theradiocastor","https:\/\/www.youtube.com\/c\/RadioCastor"]},{"@type":"Person","@id":"https:\/\/www.radiocastor.com\/#\/schema\/person\/558b0e47dc4c11fa52b2220ba6a78779","name":"R\u00e9daction R C","image":{"@type":"ImageObject","inLanguage":"fr-FR","@id":"https:\/\/secure.gravatar.com\/avatar\/1d3e4f4c4a0d129f7ed4838ea20c33760c2484b9bc381993df6c0e3f5bf89c23?s=96&d=mm&r=g","url":"https:\/\/secure.gravatar.com\/avatar\/1d3e4f4c4a0d129f7ed4838ea20c33760c2484b9bc381993df6c0e3f5bf89c23?s=96&d=mm&r=g","contentUrl":"https:\/\/secure.gravatar.com\/avatar\/1d3e4f4c4a0d129f7ed4838ea20c33760c2484b9bc381993df6c0e3f5bf89c23?s=96&d=mm&r=g","caption":"R\u00e9daction R C"},"sameAs":["http:\/\/www.radiocastor.com"],"url":"https:\/\/www.radiocastor.com\/index.php\/author\/radio-castor\/"}]}},"uagb_featured_image_src":{"full":["https:\/\/www.radiocastor.com\/wp-content\/uploads\/2026\/04\/May-Dae.jpg",532,640,false],"thumbnail":["https:\/\/www.radiocastor.com\/wp-content\/uploads\/2026\/04\/May-Dae-150x150.jpg",150,150,true],"medium":["https:\/\/www.radiocastor.com\/wp-content\/uploads\/2026\/04\/May-Dae-249x300.jpg",249,300,true],"medium_large":["https:\/\/www.radiocastor.com\/wp-content\/uploads\/2026\/04\/May-Dae.jpg",532,640,false],"large":["https:\/\/www.radiocastor.com\/wp-content\/uploads\/2026\/04\/May-Dae.jpg",532,640,false],"1536x1536":["https:\/\/www.radiocastor.com\/wp-content\/uploads\/2026\/04\/May-Dae.jpg",532,640,false],"2048x2048":["https:\/\/www.radiocastor.com\/wp-content\/uploads\/2026\/04\/May-Dae.jpg",532,640,false],"newsever-slider-full":["https:\/\/www.radiocastor.com\/wp-content\/uploads\/2026\/04\/May-Dae.jpg",532,640,false],"newsever-featured":["https:\/\/www.radiocastor.com\/wp-content\/uploads\/2026\/04\/May-Dae.jpg",532,640,false],"newsever-medium":["https:\/\/www.radiocastor.com\/wp-content\/uploads\/2026\/04\/May-Dae-532x475.jpg",532,475,true]},"uagb_author_info":{"display_name":"R\u00e9daction R C","author_link":"https:\/\/www.radiocastor.com\/index.php\/author\/radio-castor\/"},"uagb_comment_info":0,"uagb_excerpt":"La singer-songwriter belge May Dae nous livre un titre percutant avec \u00ab\u00a0Am I Pretty?!\u00a0\u00bb, sorti...","_links":{"self":[{"href":"https:\/\/www.radiocastor.com\/index.php\/wp-json\/wp\/v2\/posts\/15050","targetHints":{"allow":["GET"]}}],"collection":[{"href":"https:\/\/www.radiocastor.com\/index.php\/wp-json\/wp\/v2\/posts"}],"about":[{"href":"https:\/\/www.radiocastor.com\/index.php\/wp-json\/wp\/v2\/types\/post"}],"author":[{"embeddable":true,"href":"https:\/\/www.radiocastor.com\/index.php\/wp-json\/wp\/v2\/users\/1"}],"replies":[{"embeddable":true,"href":"https:\/\/www.radiocastor.com\/index.php\/wp-json\/wp\/v2\/comments?post=15050"}],"version-history":[{"count":1,"href":"https:\/\/www.radiocastor.com\/index.php\/wp-json\/wp\/v2\/posts\/15050\/revisions"}],"predecessor-version":[{"id":15052,"href":"https:\/\/www.radiocastor.com\/index.php\/wp-json\/wp\/v2\/posts\/15050\/revisions\/15052"}],"wp:featuredmedia":[{"embeddable":true,"href":"https:\/\/www.radiocastor.com\/index.php\/wp-json\/wp\/v2\/media\/15051"}],"wp:attachment":[{"href":"https:\/\/www.radiocastor.com\/index.php\/wp-json\/wp\/v2\/media?parent=15050"}],"wp:term":[{"taxonomy":"category","embeddable":true,"href":"https:\/\/www.radiocastor.com\/index.php\/wp-json\/wp\/v2\/categories?post=15050"},{"taxonomy":"post_tag","embeddable":true,"href":"https:\/\/www.radiocastor.com\/index.php\/wp-json\/wp\/v2\/tags?post=15050"}],"curies":[{"name":"wp","href":"https:\/\/api.w.org\/{rel}","templated":true}]}}