{"id":15022,"date":"2026-04-15T02:23:21","date_gmt":"2026-04-15T00:23:21","guid":{"rendered":"https:\/\/www.radiocastor.com\/?p=15022"},"modified":"2026-04-15T02:23:23","modified_gmt":"2026-04-15T00:23:23","slug":"janet-devlin-le-cri-dindependance-de-working-for-the-man","status":"publish","type":"post","link":"https:\/\/www.radiocastor.com\/index.php\/janet-devlin-le-cri-dindependance-de-working-for-the-man\/","title":{"rendered":"Janet Devlin : Le cri d&rsquo;ind\u00e9pendance de Working For The Man"},"content":{"rendered":"\n<p>La chanteuse irlandaise <strong>Janet Devlin<\/strong> fait un retour fracassant avec son nouveau single \u00ab\u00a0Working For The Man\u00a0\u00bb, sorti le 9 avril 2026 sous le label OK!Good Records.<\/p>\n\n\n\n<p>Nous avons d\u00e9j\u00e0 pr\u00e9sent\u00e9 <a href=\"https:\/\/www.radiocastor.com\/?s=Janet+Devlin\" target=\"_blank\" rel=\"noreferrer noopener\">Janet Devlin<\/a> sur RadioCastor. Depuis ses d\u00e9buts remarqu\u00e9s \u00e0 seulement 16 ans dans l&rsquo;\u00e9mission The X Factor UK, l&rsquo;artiste a parcouru un chemin impressionnant, s&rsquo;\u00e9loignant des paillettes de la t\u00e9l\u00e9vision pour forger une identit\u00e9 artistique brute et sinc\u00e8re. Apr\u00e8s le succ\u00e8s de son album-confession Confessional, accompagn\u00e9 d&rsquo;un livre autobiographique, elle continue d&rsquo;explorer les racines de la musique Country et Alt Country, tout en conservant ce charme irlandais qui la caract\u00e9rise.<\/p>\n\n\n\n<p>Le morceau <strong>Working For The Man<\/strong> est une \u0153uvre \u00e0 part dans sa discographie. \u00c9crit il y a plus de dix ans lors d&rsquo;un apr\u00e8s-midi pluvieux, ce titre \u00e9tait rest\u00e9 un favori des fans lors de ses concerts, sans jamais b\u00e9n\u00e9ficier d&rsquo;une sortie officielle. C&rsquo;est d\u00e9sormais chose faite. V\u00e9ritable hymne contre la \u00ab\u00a0rat race\u00a0\u00bb et l&rsquo;ali\u00e9nation au travail, la chanson pulse d&rsquo;une \u00e9nergie \u00ab\u00a0\u00e9pique\u00a0\u00bb et rebelle. Entre Country-Rock et Singer-Songwriter, Janet y d\u00e9peint avec cynisme le quotidien des travailleurs coinc\u00e9s entre les deadlines et les murs du bureau (<em>\u00ab\u00a0Running in a rat race \/ Always in the right place, at the wrong time\u00a0\u00bb<\/em>). Avec ses guitares entra\u00eenantes et son texte percutant sur les in\u00e9galit\u00e9s sociales, le morceau prouve que son message est, treize ans plus tard, plus actuel que jamais.<\/p>\n\n\n\n<p><em>A \u00e9couter sur <a href=\"https:\/\/www.radiocastor.com\/index.php\/playlist\/\" target=\"_blank\" rel=\"noreferrer noopener\">nos playlists<\/a> !<\/em><\/p>\n\n\n\n<p style=\"text-align: center;\"><iframe loading=\"lazy\" width=\"560\" height=\"315\" src=\"https:\/\/www.youtube.com\/embed\/r3BvJLAM28Q?si=6AmwtnjlhnxFzmPS\" title=\"YouTube video player\" frameborder=\"0\" allow=\"accelerometer; autoplay; clipboard-write; encrypted-media; gyroscope; picture-in-picture; web-share\" referrerpolicy=\"strict-origin-when-cross-origin\" allowfullscreen><\/iframe><\/p>\n\n\n\n<p class=\"has-text-align-center\"><a href=\"https:\/\/www.facebook.com\/thejanetdevlin\" target=\"_blank\" rel=\"noreferrer noopener\">Facebook<\/a> \u2013 <a href=\"https:\/\/www.instagram.com\/janetdevlinofficial\" target=\"_blank\" rel=\"noreferrer noopener\">Instagram<\/a> \u2013 <a href=\"https:\/\/twitter.com\/JanetJealousy\" target=\"_blank\" rel=\"noreferrer noopener\">Twitter<\/a><\/p>\n","protected":false},"excerpt":{"rendered":"<p>La chanteuse irlandaise Janet Devlin fait un retour fracassant avec son nouveau single \u00ab\u00a0Working For&#8230;<\/p>\n","protected":false},"author":1,"featured_media":15023,"comment_status":"closed","ping_status":"open","sticky":false,"template":"","format":"standard","meta":{"_uag_custom_page_level_css":"","footnotes":""},"categories":[85,94,77,32,46],"tags":[],"class_list":["post-15022","post","type-post","status-publish","format-standard","has-post-thumbnail","hentry","category-alternatif","category-auteur","category-country","category-single","category-sortie"],"yoast_head":"<!-- This site is optimized with the Yoast SEO plugin v27.4 - https:\/\/yoast.com\/product\/yoast-seo-wordpress\/ -->\n<title>Janet Devlin : Le cri d&#039;ind\u00e9pendance de Working For The Man - Radio Castor<\/title>\n<meta name=\"robots\" content=\"index, follow, max-snippet:-1, max-image-preview:large, max-video-preview:-1\" \/>\n<link rel=\"canonical\" href=\"https:\/\/www.radiocastor.com\/index.php\/janet-devlin-le-cri-dindependance-de-working-for-the-man\/\" \/>\n<meta property=\"og:locale\" content=\"fr_FR\" \/>\n<meta property=\"og:type\" content=\"article\" \/>\n<meta property=\"og:title\" content=\"Janet Devlin : Le cri d&#039;ind\u00e9pendance de Working For The Man - Radio Castor\" \/>\n<meta property=\"og:description\" content=\"La chanteuse irlandaise Janet Devlin fait un retour fracassant avec son nouveau single \u00ab\u00a0Working For...\" \/>\n<meta property=\"og:url\" content=\"https:\/\/www.radiocastor.com\/index.php\/janet-devlin-le-cri-dindependance-de-working-for-the-man\/\" \/>\n<meta property=\"og:site_name\" content=\"Radio Castor\" \/>\n<meta property=\"article:publisher\" content=\"https:\/\/www.facebook.com\/theradiocastor\" \/>\n<meta property=\"article:published_time\" content=\"2026-04-15T00:23:21+00:00\" \/>\n<meta property=\"article:modified_time\" content=\"2026-04-15T00:23:23+00:00\" \/>\n<meta property=\"og:image\" content=\"https:\/\/www.radiocastor.com\/wp-content\/uploads\/2026\/04\/Janet-Devlin.jpg\" \/>\n\t<meta property=\"og:image:width\" content=\"1440\" \/>\n\t<meta property=\"og:image:height\" content=\"1920\" \/>\n\t<meta property=\"og:image:type\" content=\"image\/jpeg\" \/>\n<meta name=\"author\" content=\"R\u00e9daction R C\" \/>\n<meta name=\"twitter:card\" content=\"summary_large_image\" \/>\n<meta name=\"twitter:creator\" content=\"@TheRadioCastor\" \/>\n<meta name=\"twitter:site\" content=\"@TheRadioCastor\" \/>\n<meta name=\"twitter:label1\" content=\"\u00c9crit par\" \/>\n\t<meta name=\"twitter:data1\" content=\"R\u00e9daction R C\" \/>\n\t<meta name=\"twitter:label2\" content=\"Dur\u00e9e de lecture estim\u00e9e\" \/>\n\t<meta name=\"twitter:data2\" content=\"2 minutes\" \/>\n<script type=\"application\/ld+json\" class=\"yoast-schema-graph\">{\"@context\":\"https:\\\/\\\/schema.org\",\"@graph\":[{\"@type\":\"Article\",\"@id\":\"https:\\\/\\\/www.radiocastor.com\\\/index.php\\\/janet-devlin-le-cri-dindependance-de-working-for-the-man\\\/#article\",\"isPartOf\":{\"@id\":\"https:\\\/\\\/www.radiocastor.com\\\/index.php\\\/janet-devlin-le-cri-dindependance-de-working-for-the-man\\\/\"},\"author\":{\"name\":\"R\u00e9daction R C\",\"@id\":\"https:\\\/\\\/www.radiocastor.com\\\/#\\\/schema\\\/person\\\/558b0e47dc4c11fa52b2220ba6a78779\"},\"headline\":\"Janet Devlin : Le cri d&rsquo;ind\u00e9pendance de Working For The Man\",\"datePublished\":\"2026-04-15T00:23:21+00:00\",\"dateModified\":\"2026-04-15T00:23:23+00:00\",\"mainEntityOfPage\":{\"@id\":\"https:\\\/\\\/www.radiocastor.com\\\/index.php\\\/janet-devlin-le-cri-dindependance-de-working-for-the-man\\\/\"},\"wordCount\":277,\"publisher\":{\"@id\":\"https:\\\/\\\/www.radiocastor.com\\\/#organization\"},\"image\":{\"@id\":\"https:\\\/\\\/www.radiocastor.com\\\/index.php\\\/janet-devlin-le-cri-dindependance-de-working-for-the-man\\\/#primaryimage\"},\"thumbnailUrl\":\"https:\\\/\\\/www.radiocastor.com\\\/wp-content\\\/uploads\\\/2026\\\/04\\\/Janet-Devlin.jpg\",\"articleSection\":[\"Alternatif\",\"Auteur\",\"Country\",\"Single\",\"Sortie\"],\"inLanguage\":\"fr-FR\"},{\"@type\":\"WebPage\",\"@id\":\"https:\\\/\\\/www.radiocastor.com\\\/index.php\\\/janet-devlin-le-cri-dindependance-de-working-for-the-man\\\/\",\"url\":\"https:\\\/\\\/www.radiocastor.com\\\/index.php\\\/janet-devlin-le-cri-dindependance-de-working-for-the-man\\\/\",\"name\":\"Janet Devlin : Le cri d'ind\u00e9pendance de Working For The Man - Radio Castor\",\"isPartOf\":{\"@id\":\"https:\\\/\\\/www.radiocastor.com\\\/#website\"},\"primaryImageOfPage\":{\"@id\":\"https:\\\/\\\/www.radiocastor.com\\\/index.php\\\/janet-devlin-le-cri-dindependance-de-working-for-the-man\\\/#primaryimage\"},\"image\":{\"@id\":\"https:\\\/\\\/www.radiocastor.com\\\/index.php\\\/janet-devlin-le-cri-dindependance-de-working-for-the-man\\\/#primaryimage\"},\"thumbnailUrl\":\"https:\\\/\\\/www.radiocastor.com\\\/wp-content\\\/uploads\\\/2026\\\/04\\\/Janet-Devlin.jpg\",\"datePublished\":\"2026-04-15T00:23:21+00:00\",\"dateModified\":\"2026-04-15T00:23:23+00:00\",\"breadcrumb\":{\"@id\":\"https:\\\/\\\/www.radiocastor.com\\\/index.php\\\/janet-devlin-le-cri-dindependance-de-working-for-the-man\\\/#breadcrumb\"},\"inLanguage\":\"fr-FR\",\"potentialAction\":[{\"@type\":\"ReadAction\",\"target\":[\"https:\\\/\\\/www.radiocastor.com\\\/index.php\\\/janet-devlin-le-cri-dindependance-de-working-for-the-man\\\/\"]}]},{\"@type\":\"ImageObject\",\"inLanguage\":\"fr-FR\",\"@id\":\"https:\\\/\\\/www.radiocastor.com\\\/index.php\\\/janet-devlin-le-cri-dindependance-de-working-for-the-man\\\/#primaryimage\",\"url\":\"https:\\\/\\\/www.radiocastor.com\\\/wp-content\\\/uploads\\\/2026\\\/04\\\/Janet-Devlin.jpg\",\"contentUrl\":\"https:\\\/\\\/www.radiocastor.com\\\/wp-content\\\/uploads\\\/2026\\\/04\\\/Janet-Devlin.jpg\",\"width\":1440,\"height\":1920,\"caption\":\"Janet Devlin\"},{\"@type\":\"BreadcrumbList\",\"@id\":\"https:\\\/\\\/www.radiocastor.com\\\/index.php\\\/janet-devlin-le-cri-dindependance-de-working-for-the-man\\\/#breadcrumb\",\"itemListElement\":[{\"@type\":\"ListItem\",\"position\":1,\"name\":\"Accueil\",\"item\":\"https:\\\/\\\/www.radiocastor.com\\\/\"},{\"@type\":\"ListItem\",\"position\":2,\"name\":\"Janet Devlin : Le cri d&rsquo;ind\u00e9pendance de Working For The Man\"}]},{\"@type\":\"WebSite\",\"@id\":\"https:\\\/\\\/www.radiocastor.com\\\/#website\",\"url\":\"https:\\\/\\\/www.radiocastor.com\\\/\",\"name\":\"Radio Castor\",\"description\":\"La voix !\",\"publisher\":{\"@id\":\"https:\\\/\\\/www.radiocastor.com\\\/#organization\"},\"potentialAction\":[{\"@type\":\"SearchAction\",\"target\":{\"@type\":\"EntryPoint\",\"urlTemplate\":\"https:\\\/\\\/www.radiocastor.com\\\/?s={search_term_string}\"},\"query-input\":{\"@type\":\"PropertyValueSpecification\",\"valueRequired\":true,\"valueName\":\"search_term_string\"}}],\"inLanguage\":\"fr-FR\"},{\"@type\":\"Organization\",\"@id\":\"https:\\\/\\\/www.radiocastor.com\\\/#organization\",\"name\":\"Radio Castor\",\"url\":\"https:\\\/\\\/www.radiocastor.com\\\/\",\"logo\":{\"@type\":\"ImageObject\",\"inLanguage\":\"fr-FR\",\"@id\":\"https:\\\/\\\/www.radiocastor.com\\\/#\\\/schema\\\/logo\\\/image\\\/\",\"url\":\"https:\\\/\\\/www.radiocastor.com\\\/wp-content\\\/uploads\\\/2021\\\/11\\\/cropped-Radio-castor-logo-2.png\",\"contentUrl\":\"https:\\\/\\\/www.radiocastor.com\\\/wp-content\\\/uploads\\\/2021\\\/11\\\/cropped-Radio-castor-logo-2.png\",\"width\":437,\"height\":219,\"caption\":\"Radio Castor\"},\"image\":{\"@id\":\"https:\\\/\\\/www.radiocastor.com\\\/#\\\/schema\\\/logo\\\/image\\\/\"},\"sameAs\":[\"https:\\\/\\\/www.facebook.com\\\/theradiocastor\",\"https:\\\/\\\/x.com\\\/TheRadioCastor\",\"https:\\\/\\\/www.instagram.com\\\/theradiocastor\",\"https:\\\/\\\/www.youtube.com\\\/c\\\/RadioCastor\"]},{\"@type\":\"Person\",\"@id\":\"https:\\\/\\\/www.radiocastor.com\\\/#\\\/schema\\\/person\\\/558b0e47dc4c11fa52b2220ba6a78779\",\"name\":\"R\u00e9daction R C\",\"image\":{\"@type\":\"ImageObject\",\"inLanguage\":\"fr-FR\",\"@id\":\"https:\\\/\\\/secure.gravatar.com\\\/avatar\\\/1d3e4f4c4a0d129f7ed4838ea20c33760c2484b9bc381993df6c0e3f5bf89c23?s=96&d=mm&r=g\",\"url\":\"https:\\\/\\\/secure.gravatar.com\\\/avatar\\\/1d3e4f4c4a0d129f7ed4838ea20c33760c2484b9bc381993df6c0e3f5bf89c23?s=96&d=mm&r=g\",\"contentUrl\":\"https:\\\/\\\/secure.gravatar.com\\\/avatar\\\/1d3e4f4c4a0d129f7ed4838ea20c33760c2484b9bc381993df6c0e3f5bf89c23?s=96&d=mm&r=g\",\"caption\":\"R\u00e9daction R C\"},\"sameAs\":[\"http:\\\/\\\/www.radiocastor.com\"],\"url\":\"https:\\\/\\\/www.radiocastor.com\\\/index.php\\\/author\\\/radio-castor\\\/\"}]}<\/script>\n<!-- \/ Yoast SEO plugin. -->","yoast_head_json":{"title":"Janet Devlin : Le cri d'ind\u00e9pendance de Working For The Man - Radio Castor","robots":{"index":"index","follow":"follow","max-snippet":"max-snippet:-1","max-image-preview":"max-image-preview:large","max-video-preview":"max-video-preview:-1"},"canonical":"https:\/\/www.radiocastor.com\/index.php\/janet-devlin-le-cri-dindependance-de-working-for-the-man\/","og_locale":"fr_FR","og_type":"article","og_title":"Janet Devlin : Le cri d'ind\u00e9pendance de Working For The Man - Radio Castor","og_description":"La chanteuse irlandaise Janet Devlin fait un retour fracassant avec son nouveau single \u00ab\u00a0Working For...","og_url":"https:\/\/www.radiocastor.com\/index.php\/janet-devlin-le-cri-dindependance-de-working-for-the-man\/","og_site_name":"Radio Castor","article_publisher":"https:\/\/www.facebook.com\/theradiocastor","article_published_time":"2026-04-15T00:23:21+00:00","article_modified_time":"2026-04-15T00:23:23+00:00","og_image":[{"width":1440,"height":1920,"url":"https:\/\/www.radiocastor.com\/wp-content\/uploads\/2026\/04\/Janet-Devlin.jpg","type":"image\/jpeg"}],"author":"R\u00e9daction R C","twitter_card":"summary_large_image","twitter_creator":"@TheRadioCastor","twitter_site":"@TheRadioCastor","twitter_misc":{"\u00c9crit par":"R\u00e9daction R C","Dur\u00e9e de lecture estim\u00e9e":"2 minutes"},"schema":{"@context":"https:\/\/schema.org","@graph":[{"@type":"Article","@id":"https:\/\/www.radiocastor.com\/index.php\/janet-devlin-le-cri-dindependance-de-working-for-the-man\/#article","isPartOf":{"@id":"https:\/\/www.radiocastor.com\/index.php\/janet-devlin-le-cri-dindependance-de-working-for-the-man\/"},"author":{"name":"R\u00e9daction R C","@id":"https:\/\/www.radiocastor.com\/#\/schema\/person\/558b0e47dc4c11fa52b2220ba6a78779"},"headline":"Janet Devlin : Le cri d&rsquo;ind\u00e9pendance de Working For The Man","datePublished":"2026-04-15T00:23:21+00:00","dateModified":"2026-04-15T00:23:23+00:00","mainEntityOfPage":{"@id":"https:\/\/www.radiocastor.com\/index.php\/janet-devlin-le-cri-dindependance-de-working-for-the-man\/"},"wordCount":277,"publisher":{"@id":"https:\/\/www.radiocastor.com\/#organization"},"image":{"@id":"https:\/\/www.radiocastor.com\/index.php\/janet-devlin-le-cri-dindependance-de-working-for-the-man\/#primaryimage"},"thumbnailUrl":"https:\/\/www.radiocastor.com\/wp-content\/uploads\/2026\/04\/Janet-Devlin.jpg","articleSection":["Alternatif","Auteur","Country","Single","Sortie"],"inLanguage":"fr-FR"},{"@type":"WebPage","@id":"https:\/\/www.radiocastor.com\/index.php\/janet-devlin-le-cri-dindependance-de-working-for-the-man\/","url":"https:\/\/www.radiocastor.com\/index.php\/janet-devlin-le-cri-dindependance-de-working-for-the-man\/","name":"Janet Devlin : Le cri d'ind\u00e9pendance de Working For The Man - Radio Castor","isPartOf":{"@id":"https:\/\/www.radiocastor.com\/#website"},"primaryImageOfPage":{"@id":"https:\/\/www.radiocastor.com\/index.php\/janet-devlin-le-cri-dindependance-de-working-for-the-man\/#primaryimage"},"image":{"@id":"https:\/\/www.radiocastor.com\/index.php\/janet-devlin-le-cri-dindependance-de-working-for-the-man\/#primaryimage"},"thumbnailUrl":"https:\/\/www.radiocastor.com\/wp-content\/uploads\/2026\/04\/Janet-Devlin.jpg","datePublished":"2026-04-15T00:23:21+00:00","dateModified":"2026-04-15T00:23:23+00:00","breadcrumb":{"@id":"https:\/\/www.radiocastor.com\/index.php\/janet-devlin-le-cri-dindependance-de-working-for-the-man\/#breadcrumb"},"inLanguage":"fr-FR","potentialAction":[{"@type":"ReadAction","target":["https:\/\/www.radiocastor.com\/index.php\/janet-devlin-le-cri-dindependance-de-working-for-the-man\/"]}]},{"@type":"ImageObject","inLanguage":"fr-FR","@id":"https:\/\/www.radiocastor.com\/index.php\/janet-devlin-le-cri-dindependance-de-working-for-the-man\/#primaryimage","url":"https:\/\/www.radiocastor.com\/wp-content\/uploads\/2026\/04\/Janet-Devlin.jpg","contentUrl":"https:\/\/www.radiocastor.com\/wp-content\/uploads\/2026\/04\/Janet-Devlin.jpg","width":1440,"height":1920,"caption":"Janet Devlin"},{"@type":"BreadcrumbList","@id":"https:\/\/www.radiocastor.com\/index.php\/janet-devlin-le-cri-dindependance-de-working-for-the-man\/#breadcrumb","itemListElement":[{"@type":"ListItem","position":1,"name":"Accueil","item":"https:\/\/www.radiocastor.com\/"},{"@type":"ListItem","position":2,"name":"Janet Devlin : Le cri d&rsquo;ind\u00e9pendance de Working For The Man"}]},{"@type":"WebSite","@id":"https:\/\/www.radiocastor.com\/#website","url":"https:\/\/www.radiocastor.com\/","name":"Radio Castor","description":"La voix !","publisher":{"@id":"https:\/\/www.radiocastor.com\/#organization"},"potentialAction":[{"@type":"SearchAction","target":{"@type":"EntryPoint","urlTemplate":"https:\/\/www.radiocastor.com\/?s={search_term_string}"},"query-input":{"@type":"PropertyValueSpecification","valueRequired":true,"valueName":"search_term_string"}}],"inLanguage":"fr-FR"},{"@type":"Organization","@id":"https:\/\/www.radiocastor.com\/#organization","name":"Radio Castor","url":"https:\/\/www.radiocastor.com\/","logo":{"@type":"ImageObject","inLanguage":"fr-FR","@id":"https:\/\/www.radiocastor.com\/#\/schema\/logo\/image\/","url":"https:\/\/www.radiocastor.com\/wp-content\/uploads\/2021\/11\/cropped-Radio-castor-logo-2.png","contentUrl":"https:\/\/www.radiocastor.com\/wp-content\/uploads\/2021\/11\/cropped-Radio-castor-logo-2.png","width":437,"height":219,"caption":"Radio Castor"},"image":{"@id":"https:\/\/www.radiocastor.com\/#\/schema\/logo\/image\/"},"sameAs":["https:\/\/www.facebook.com\/theradiocastor","https:\/\/x.com\/TheRadioCastor","https:\/\/www.instagram.com\/theradiocastor","https:\/\/www.youtube.com\/c\/RadioCastor"]},{"@type":"Person","@id":"https:\/\/www.radiocastor.com\/#\/schema\/person\/558b0e47dc4c11fa52b2220ba6a78779","name":"R\u00e9daction R C","image":{"@type":"ImageObject","inLanguage":"fr-FR","@id":"https:\/\/secure.gravatar.com\/avatar\/1d3e4f4c4a0d129f7ed4838ea20c33760c2484b9bc381993df6c0e3f5bf89c23?s=96&d=mm&r=g","url":"https:\/\/secure.gravatar.com\/avatar\/1d3e4f4c4a0d129f7ed4838ea20c33760c2484b9bc381993df6c0e3f5bf89c23?s=96&d=mm&r=g","contentUrl":"https:\/\/secure.gravatar.com\/avatar\/1d3e4f4c4a0d129f7ed4838ea20c33760c2484b9bc381993df6c0e3f5bf89c23?s=96&d=mm&r=g","caption":"R\u00e9daction R C"},"sameAs":["http:\/\/www.radiocastor.com"],"url":"https:\/\/www.radiocastor.com\/index.php\/author\/radio-castor\/"}]}},"uagb_featured_image_src":{"full":["https:\/\/www.radiocastor.com\/wp-content\/uploads\/2026\/04\/Janet-Devlin.jpg",1440,1920,false],"thumbnail":["https:\/\/www.radiocastor.com\/wp-content\/uploads\/2026\/04\/Janet-Devlin-150x150.jpg",150,150,true],"medium":["https:\/\/www.radiocastor.com\/wp-content\/uploads\/2026\/04\/Janet-Devlin-225x300.jpg",225,300,true],"medium_large":["https:\/\/www.radiocastor.com\/wp-content\/uploads\/2026\/04\/Janet-Devlin-768x1024.jpg",640,853,true],"large":["https:\/\/www.radiocastor.com\/wp-content\/uploads\/2026\/04\/Janet-Devlin-768x1024.jpg",640,853,true],"1536x1536":["https:\/\/www.radiocastor.com\/wp-content\/uploads\/2026\/04\/Janet-Devlin-1152x1536.jpg",1152,1536,true],"2048x2048":["https:\/\/www.radiocastor.com\/wp-content\/uploads\/2026\/04\/Janet-Devlin.jpg",1440,1920,false],"newsever-slider-full":["https:\/\/www.radiocastor.com\/wp-content\/uploads\/2026\/04\/Janet-Devlin-1280x845.jpg",1280,845,true],"newsever-featured":["https:\/\/www.radiocastor.com\/wp-content\/uploads\/2026\/04\/Janet-Devlin-1024x1365.jpg",1024,1365,true],"newsever-medium":["https:\/\/www.radiocastor.com\/wp-content\/uploads\/2026\/04\/Janet-Devlin-720x475.jpg",720,475,true]},"uagb_author_info":{"display_name":"R\u00e9daction R C","author_link":"https:\/\/www.radiocastor.com\/index.php\/author\/radio-castor\/"},"uagb_comment_info":0,"uagb_excerpt":"La chanteuse irlandaise Janet Devlin fait un retour fracassant avec son nouveau single \u00ab\u00a0Working For...","_links":{"self":[{"href":"https:\/\/www.radiocastor.com\/index.php\/wp-json\/wp\/v2\/posts\/15022","targetHints":{"allow":["GET"]}}],"collection":[{"href":"https:\/\/www.radiocastor.com\/index.php\/wp-json\/wp\/v2\/posts"}],"about":[{"href":"https:\/\/www.radiocastor.com\/index.php\/wp-json\/wp\/v2\/types\/post"}],"author":[{"embeddable":true,"href":"https:\/\/www.radiocastor.com\/index.php\/wp-json\/wp\/v2\/users\/1"}],"replies":[{"embeddable":true,"href":"https:\/\/www.radiocastor.com\/index.php\/wp-json\/wp\/v2\/comments?post=15022"}],"version-history":[{"count":1,"href":"https:\/\/www.radiocastor.com\/index.php\/wp-json\/wp\/v2\/posts\/15022\/revisions"}],"predecessor-version":[{"id":15024,"href":"https:\/\/www.radiocastor.com\/index.php\/wp-json\/wp\/v2\/posts\/15022\/revisions\/15024"}],"wp:featuredmedia":[{"embeddable":true,"href":"https:\/\/www.radiocastor.com\/index.php\/wp-json\/wp\/v2\/media\/15023"}],"wp:attachment":[{"href":"https:\/\/www.radiocastor.com\/index.php\/wp-json\/wp\/v2\/media?parent=15022"}],"wp:term":[{"taxonomy":"category","embeddable":true,"href":"https:\/\/www.radiocastor.com\/index.php\/wp-json\/wp\/v2\/categories?post=15022"},{"taxonomy":"post_tag","embeddable":true,"href":"https:\/\/www.radiocastor.com\/index.php\/wp-json\/wp\/v2\/tags?post=15022"}],"curies":[{"name":"wp","href":"https:\/\/api.w.org\/{rel}","templated":true}]}}