{"id":14978,"date":"2026-04-13T04:21:39","date_gmt":"2026-04-13T02:21:39","guid":{"rendered":"https:\/\/www.radiocastor.com\/?p=14978"},"modified":"2026-04-13T04:21:40","modified_gmt":"2026-04-13T02:21:40","slug":"jay-lapp-josh-kanusky-lelegance-du-depart-avec-goodbye-los-angeles","status":"publish","type":"post","link":"https:\/\/www.radiocastor.com\/index.php\/jay-lapp-josh-kanusky-lelegance-du-depart-avec-goodbye-los-angeles\/","title":{"rendered":"Jay Lapp &amp; Josh Kanusky : L&rsquo;\u00e9l\u00e9gance du d\u00e9part avec Goodbye Los Angeles"},"content":{"rendered":"\n<p>Le duo originaire de l&rsquo;est de la Pennsylvanie, <strong>Jay Lapp et Josh Kanusky<\/strong>, nous livre \u00ab\u00a0Goodbye Los Angeles\u00a0\u00bb, un titre extrait de leur nouveau projet sorti le 31 mars 2026 sous le label White House Records.<\/p>\n\n\n\n<p>Amis de longue date, ces deux musiciens accomplis fusionnent ici des d\u00e9cennies de collaboration. <strong>Jay Lapp<\/strong>, songwriter aguerri, a d\u00e9j\u00e0 ouvert pour des pointures comme Taylor Swift et a enregistr\u00e9 dans les mythiques OmniSound Studios de Nashville. De son c\u00f4t\u00e9, <strong>Josh Kanusky<\/strong> affiche un CV impressionnant en tant que batteur de tourn\u00e9e pour le David Bromberg Big Band, ayant partag\u00e9 la sc\u00e8ne avec des l\u00e9gendes telles que Levon Helm et Allen Toussaint. Ensemble, ils cr\u00e9ent un son qui puise sa source chez Tom Petty, The Band ou encore John Mayer.<\/p>\n\n\n\n<p>Le morceau <strong>Goodbye Los Angeles<\/strong> est une p\u00e9pite \u00e0 la crois\u00e9e de l&rsquo;Indie Rock et du Pop Rock m\u00e9lodique. Port\u00e9 par une musicalit\u00e9 \u00e9vidente et une production soign\u00e9e, le titre capture ce sentiment doux-amer li\u00e9 au d\u00e9part et au changement de chapitre. On y retrouve l&rsquo;authenticit\u00e9 des racines folk-rock am\u00e9ricaines combin\u00e9e \u00e0 un groove moderne et efficace. C&rsquo;est une chanson qui respire l&rsquo;exp\u00e9rience et la complicit\u00e9, offrant une \u00e9coute \u00e0 la fois rafra\u00eechissante et famili\u00e8re. Avec ce projet, Jay et Josh prouvent que leur synergie est \u00e0 son apog\u00e9e, livrant une musique honn\u00eate qui s&rsquo;adresse directement au c\u0153ur.<\/p>\n\n\n\n<p><em>A \u00e9couter sur <a href=\"https:\/\/www.radiocastor.com\/index.php\/playlist\/\" target=\"_blank\" rel=\"noreferrer noopener\">nos playlists<\/a> !<\/em><\/p>\n\n\n\n<p style=\"text-align: center;\"><iframe loading=\"lazy\" width=\"560\" height=\"315\" src=\"https:\/\/www.youtube.com\/embed\/il-pDOPRSNA?si=323u3Yp5s0puUhv4\" title=\"YouTube video player\" frameborder=\"0\" allow=\"accelerometer; autoplay; clipboard-write; encrypted-media; gyroscope; picture-in-picture; web-share\" referrerpolicy=\"strict-origin-when-cross-origin\" allowfullscreen><\/iframe><\/p>\n\n\n\n<p class=\"has-text-align-center\">Jay Lapp : <a href=\"https:\/\/www.facebook.com\/jlapp2\" target=\"_blank\" rel=\"noreferrer noopener\">Facebook<\/a> &#8211; <a href=\"https:\/\/www.instagram.com\/thejaylapp\" target=\"_blank\" rel=\"noreferrer noopener\">Instagram<\/a><\/p>\n\n\n\n<p class=\"has-text-align-center\">Josh Kanusky : <a href=\"https:\/\/www.facebook.com\/josh.kanusky\" target=\"_blank\" rel=\"noreferrer noopener\">Facebook<\/a><\/p>\n","protected":false},"excerpt":{"rendered":"<p>Le duo originaire de l&rsquo;est de la Pennsylvanie, Jay Lapp et Josh Kanusky, nous livre&#8230;<\/p>\n","protected":false},"author":1,"featured_media":14979,"comment_status":"closed","ping_status":"open","sticky":false,"template":"","format":"standard","meta":{"_uag_custom_page_level_css":"","footnotes":""},"categories":[85,4,5,32,46],"tags":[],"class_list":["post-14978","post","type-post","status-publish","format-standard","has-post-thumbnail","hentry","category-alternatif","category-pop","category-rock","category-single","category-sortie"],"yoast_head":"<!-- This site is optimized with the Yoast SEO plugin v27.4 - https:\/\/yoast.com\/product\/yoast-seo-wordpress\/ -->\n<title>Jay Lapp &amp; Josh Kanusky : L&#039;\u00e9l\u00e9gance du d\u00e9part avec Goodbye Los Angeles - Radio Castor<\/title>\n<meta name=\"robots\" content=\"index, follow, max-snippet:-1, max-image-preview:large, max-video-preview:-1\" \/>\n<link rel=\"canonical\" href=\"https:\/\/www.radiocastor.com\/index.php\/jay-lapp-josh-kanusky-lelegance-du-depart-avec-goodbye-los-angeles\/\" \/>\n<meta property=\"og:locale\" content=\"fr_FR\" \/>\n<meta property=\"og:type\" content=\"article\" \/>\n<meta property=\"og:title\" content=\"Jay Lapp &amp; Josh Kanusky : L&#039;\u00e9l\u00e9gance du d\u00e9part avec Goodbye Los Angeles - Radio Castor\" \/>\n<meta property=\"og:description\" content=\"Le duo originaire de l&rsquo;est de la Pennsylvanie, Jay Lapp et Josh Kanusky, nous livre...\" \/>\n<meta property=\"og:url\" content=\"https:\/\/www.radiocastor.com\/index.php\/jay-lapp-josh-kanusky-lelegance-du-depart-avec-goodbye-los-angeles\/\" \/>\n<meta property=\"og:site_name\" content=\"Radio Castor\" \/>\n<meta property=\"article:publisher\" content=\"https:\/\/www.facebook.com\/theradiocastor\" \/>\n<meta property=\"article:published_time\" content=\"2026-04-13T02:21:39+00:00\" \/>\n<meta property=\"article:modified_time\" content=\"2026-04-13T02:21:40+00:00\" \/>\n<meta property=\"og:image\" content=\"https:\/\/www.radiocastor.com\/wp-content\/uploads\/2026\/04\/Screenshot-2026-04-13-at-04-16-52-Facebook.png\" \/>\n\t<meta property=\"og:image:width\" content=\"859\" \/>\n\t<meta property=\"og:image:height\" content=\"669\" \/>\n\t<meta property=\"og:image:type\" content=\"image\/png\" \/>\n<meta name=\"author\" content=\"R\u00e9daction R C\" \/>\n<meta name=\"twitter:card\" content=\"summary_large_image\" \/>\n<meta name=\"twitter:creator\" content=\"@TheRadioCastor\" \/>\n<meta name=\"twitter:site\" content=\"@TheRadioCastor\" \/>\n<meta name=\"twitter:label1\" content=\"\u00c9crit par\" \/>\n\t<meta name=\"twitter:data1\" content=\"R\u00e9daction R C\" \/>\n\t<meta name=\"twitter:label2\" content=\"Dur\u00e9e de lecture estim\u00e9e\" \/>\n\t<meta name=\"twitter:data2\" content=\"2 minutes\" \/>\n<script type=\"application\/ld+json\" class=\"yoast-schema-graph\">{\"@context\":\"https:\\\/\\\/schema.org\",\"@graph\":[{\"@type\":\"Article\",\"@id\":\"https:\\\/\\\/www.radiocastor.com\\\/index.php\\\/jay-lapp-josh-kanusky-lelegance-du-depart-avec-goodbye-los-angeles\\\/#article\",\"isPartOf\":{\"@id\":\"https:\\\/\\\/www.radiocastor.com\\\/index.php\\\/jay-lapp-josh-kanusky-lelegance-du-depart-avec-goodbye-los-angeles\\\/\"},\"author\":{\"name\":\"R\u00e9daction R C\",\"@id\":\"https:\\\/\\\/www.radiocastor.com\\\/#\\\/schema\\\/person\\\/558b0e47dc4c11fa52b2220ba6a78779\"},\"headline\":\"Jay Lapp &amp; Josh Kanusky : L&rsquo;\u00e9l\u00e9gance du d\u00e9part avec Goodbye Los Angeles\",\"datePublished\":\"2026-04-13T02:21:39+00:00\",\"dateModified\":\"2026-04-13T02:21:40+00:00\",\"mainEntityOfPage\":{\"@id\":\"https:\\\/\\\/www.radiocastor.com\\\/index.php\\\/jay-lapp-josh-kanusky-lelegance-du-depart-avec-goodbye-los-angeles\\\/\"},\"wordCount\":272,\"publisher\":{\"@id\":\"https:\\\/\\\/www.radiocastor.com\\\/#organization\"},\"image\":{\"@id\":\"https:\\\/\\\/www.radiocastor.com\\\/index.php\\\/jay-lapp-josh-kanusky-lelegance-du-depart-avec-goodbye-los-angeles\\\/#primaryimage\"},\"thumbnailUrl\":\"https:\\\/\\\/www.radiocastor.com\\\/wp-content\\\/uploads\\\/2026\\\/04\\\/Screenshot-2026-04-13-at-04-16-52-Facebook.png\",\"articleSection\":[\"Alternatif\",\"Pop\",\"Rock\",\"Single\",\"Sortie\"],\"inLanguage\":\"fr-FR\"},{\"@type\":\"WebPage\",\"@id\":\"https:\\\/\\\/www.radiocastor.com\\\/index.php\\\/jay-lapp-josh-kanusky-lelegance-du-depart-avec-goodbye-los-angeles\\\/\",\"url\":\"https:\\\/\\\/www.radiocastor.com\\\/index.php\\\/jay-lapp-josh-kanusky-lelegance-du-depart-avec-goodbye-los-angeles\\\/\",\"name\":\"Jay Lapp &amp; Josh Kanusky : L'\u00e9l\u00e9gance du d\u00e9part avec Goodbye Los Angeles - Radio Castor\",\"isPartOf\":{\"@id\":\"https:\\\/\\\/www.radiocastor.com\\\/#website\"},\"primaryImageOfPage\":{\"@id\":\"https:\\\/\\\/www.radiocastor.com\\\/index.php\\\/jay-lapp-josh-kanusky-lelegance-du-depart-avec-goodbye-los-angeles\\\/#primaryimage\"},\"image\":{\"@id\":\"https:\\\/\\\/www.radiocastor.com\\\/index.php\\\/jay-lapp-josh-kanusky-lelegance-du-depart-avec-goodbye-los-angeles\\\/#primaryimage\"},\"thumbnailUrl\":\"https:\\\/\\\/www.radiocastor.com\\\/wp-content\\\/uploads\\\/2026\\\/04\\\/Screenshot-2026-04-13-at-04-16-52-Facebook.png\",\"datePublished\":\"2026-04-13T02:21:39+00:00\",\"dateModified\":\"2026-04-13T02:21:40+00:00\",\"breadcrumb\":{\"@id\":\"https:\\\/\\\/www.radiocastor.com\\\/index.php\\\/jay-lapp-josh-kanusky-lelegance-du-depart-avec-goodbye-los-angeles\\\/#breadcrumb\"},\"inLanguage\":\"fr-FR\",\"potentialAction\":[{\"@type\":\"ReadAction\",\"target\":[\"https:\\\/\\\/www.radiocastor.com\\\/index.php\\\/jay-lapp-josh-kanusky-lelegance-du-depart-avec-goodbye-los-angeles\\\/\"]}]},{\"@type\":\"ImageObject\",\"inLanguage\":\"fr-FR\",\"@id\":\"https:\\\/\\\/www.radiocastor.com\\\/index.php\\\/jay-lapp-josh-kanusky-lelegance-du-depart-avec-goodbye-los-angeles\\\/#primaryimage\",\"url\":\"https:\\\/\\\/www.radiocastor.com\\\/wp-content\\\/uploads\\\/2026\\\/04\\\/Screenshot-2026-04-13-at-04-16-52-Facebook.png\",\"contentUrl\":\"https:\\\/\\\/www.radiocastor.com\\\/wp-content\\\/uploads\\\/2026\\\/04\\\/Screenshot-2026-04-13-at-04-16-52-Facebook.png\",\"width\":859,\"height\":669,\"caption\":\"Jay Lapp + Josh Kanusky\"},{\"@type\":\"BreadcrumbList\",\"@id\":\"https:\\\/\\\/www.radiocastor.com\\\/index.php\\\/jay-lapp-josh-kanusky-lelegance-du-depart-avec-goodbye-los-angeles\\\/#breadcrumb\",\"itemListElement\":[{\"@type\":\"ListItem\",\"position\":1,\"name\":\"Accueil\",\"item\":\"https:\\\/\\\/www.radiocastor.com\\\/\"},{\"@type\":\"ListItem\",\"position\":2,\"name\":\"Jay Lapp &amp; Josh Kanusky : L&rsquo;\u00e9l\u00e9gance du d\u00e9part avec Goodbye Los Angeles\"}]},{\"@type\":\"WebSite\",\"@id\":\"https:\\\/\\\/www.radiocastor.com\\\/#website\",\"url\":\"https:\\\/\\\/www.radiocastor.com\\\/\",\"name\":\"Radio Castor\",\"description\":\"La voix !\",\"publisher\":{\"@id\":\"https:\\\/\\\/www.radiocastor.com\\\/#organization\"},\"potentialAction\":[{\"@type\":\"SearchAction\",\"target\":{\"@type\":\"EntryPoint\",\"urlTemplate\":\"https:\\\/\\\/www.radiocastor.com\\\/?s={search_term_string}\"},\"query-input\":{\"@type\":\"PropertyValueSpecification\",\"valueRequired\":true,\"valueName\":\"search_term_string\"}}],\"inLanguage\":\"fr-FR\"},{\"@type\":\"Organization\",\"@id\":\"https:\\\/\\\/www.radiocastor.com\\\/#organization\",\"name\":\"Radio Castor\",\"url\":\"https:\\\/\\\/www.radiocastor.com\\\/\",\"logo\":{\"@type\":\"ImageObject\",\"inLanguage\":\"fr-FR\",\"@id\":\"https:\\\/\\\/www.radiocastor.com\\\/#\\\/schema\\\/logo\\\/image\\\/\",\"url\":\"https:\\\/\\\/www.radiocastor.com\\\/wp-content\\\/uploads\\\/2021\\\/11\\\/cropped-Radio-castor-logo-2.png\",\"contentUrl\":\"https:\\\/\\\/www.radiocastor.com\\\/wp-content\\\/uploads\\\/2021\\\/11\\\/cropped-Radio-castor-logo-2.png\",\"width\":437,\"height\":219,\"caption\":\"Radio Castor\"},\"image\":{\"@id\":\"https:\\\/\\\/www.radiocastor.com\\\/#\\\/schema\\\/logo\\\/image\\\/\"},\"sameAs\":[\"https:\\\/\\\/www.facebook.com\\\/theradiocastor\",\"https:\\\/\\\/x.com\\\/TheRadioCastor\",\"https:\\\/\\\/www.instagram.com\\\/theradiocastor\",\"https:\\\/\\\/www.youtube.com\\\/c\\\/RadioCastor\"]},{\"@type\":\"Person\",\"@id\":\"https:\\\/\\\/www.radiocastor.com\\\/#\\\/schema\\\/person\\\/558b0e47dc4c11fa52b2220ba6a78779\",\"name\":\"R\u00e9daction R C\",\"image\":{\"@type\":\"ImageObject\",\"inLanguage\":\"fr-FR\",\"@id\":\"https:\\\/\\\/secure.gravatar.com\\\/avatar\\\/1d3e4f4c4a0d129f7ed4838ea20c33760c2484b9bc381993df6c0e3f5bf89c23?s=96&d=mm&r=g\",\"url\":\"https:\\\/\\\/secure.gravatar.com\\\/avatar\\\/1d3e4f4c4a0d129f7ed4838ea20c33760c2484b9bc381993df6c0e3f5bf89c23?s=96&d=mm&r=g\",\"contentUrl\":\"https:\\\/\\\/secure.gravatar.com\\\/avatar\\\/1d3e4f4c4a0d129f7ed4838ea20c33760c2484b9bc381993df6c0e3f5bf89c23?s=96&d=mm&r=g\",\"caption\":\"R\u00e9daction R C\"},\"sameAs\":[\"http:\\\/\\\/www.radiocastor.com\"],\"url\":\"https:\\\/\\\/www.radiocastor.com\\\/index.php\\\/author\\\/radio-castor\\\/\"}]}<\/script>\n<!-- \/ Yoast SEO plugin. -->","yoast_head_json":{"title":"Jay Lapp &amp; Josh Kanusky : L'\u00e9l\u00e9gance du d\u00e9part avec Goodbye Los Angeles - Radio Castor","robots":{"index":"index","follow":"follow","max-snippet":"max-snippet:-1","max-image-preview":"max-image-preview:large","max-video-preview":"max-video-preview:-1"},"canonical":"https:\/\/www.radiocastor.com\/index.php\/jay-lapp-josh-kanusky-lelegance-du-depart-avec-goodbye-los-angeles\/","og_locale":"fr_FR","og_type":"article","og_title":"Jay Lapp &amp; Josh Kanusky : L'\u00e9l\u00e9gance du d\u00e9part avec Goodbye Los Angeles - Radio Castor","og_description":"Le duo originaire de l&rsquo;est de la Pennsylvanie, Jay Lapp et Josh Kanusky, nous livre...","og_url":"https:\/\/www.radiocastor.com\/index.php\/jay-lapp-josh-kanusky-lelegance-du-depart-avec-goodbye-los-angeles\/","og_site_name":"Radio Castor","article_publisher":"https:\/\/www.facebook.com\/theradiocastor","article_published_time":"2026-04-13T02:21:39+00:00","article_modified_time":"2026-04-13T02:21:40+00:00","og_image":[{"width":859,"height":669,"url":"https:\/\/www.radiocastor.com\/wp-content\/uploads\/2026\/04\/Screenshot-2026-04-13-at-04-16-52-Facebook.png","type":"image\/png"}],"author":"R\u00e9daction R C","twitter_card":"summary_large_image","twitter_creator":"@TheRadioCastor","twitter_site":"@TheRadioCastor","twitter_misc":{"\u00c9crit par":"R\u00e9daction R C","Dur\u00e9e de lecture estim\u00e9e":"2 minutes"},"schema":{"@context":"https:\/\/schema.org","@graph":[{"@type":"Article","@id":"https:\/\/www.radiocastor.com\/index.php\/jay-lapp-josh-kanusky-lelegance-du-depart-avec-goodbye-los-angeles\/#article","isPartOf":{"@id":"https:\/\/www.radiocastor.com\/index.php\/jay-lapp-josh-kanusky-lelegance-du-depart-avec-goodbye-los-angeles\/"},"author":{"name":"R\u00e9daction R C","@id":"https:\/\/www.radiocastor.com\/#\/schema\/person\/558b0e47dc4c11fa52b2220ba6a78779"},"headline":"Jay Lapp &amp; Josh Kanusky : L&rsquo;\u00e9l\u00e9gance du d\u00e9part avec Goodbye Los Angeles","datePublished":"2026-04-13T02:21:39+00:00","dateModified":"2026-04-13T02:21:40+00:00","mainEntityOfPage":{"@id":"https:\/\/www.radiocastor.com\/index.php\/jay-lapp-josh-kanusky-lelegance-du-depart-avec-goodbye-los-angeles\/"},"wordCount":272,"publisher":{"@id":"https:\/\/www.radiocastor.com\/#organization"},"image":{"@id":"https:\/\/www.radiocastor.com\/index.php\/jay-lapp-josh-kanusky-lelegance-du-depart-avec-goodbye-los-angeles\/#primaryimage"},"thumbnailUrl":"https:\/\/www.radiocastor.com\/wp-content\/uploads\/2026\/04\/Screenshot-2026-04-13-at-04-16-52-Facebook.png","articleSection":["Alternatif","Pop","Rock","Single","Sortie"],"inLanguage":"fr-FR"},{"@type":"WebPage","@id":"https:\/\/www.radiocastor.com\/index.php\/jay-lapp-josh-kanusky-lelegance-du-depart-avec-goodbye-los-angeles\/","url":"https:\/\/www.radiocastor.com\/index.php\/jay-lapp-josh-kanusky-lelegance-du-depart-avec-goodbye-los-angeles\/","name":"Jay Lapp &amp; Josh Kanusky : L'\u00e9l\u00e9gance du d\u00e9part avec Goodbye Los Angeles - Radio Castor","isPartOf":{"@id":"https:\/\/www.radiocastor.com\/#website"},"primaryImageOfPage":{"@id":"https:\/\/www.radiocastor.com\/index.php\/jay-lapp-josh-kanusky-lelegance-du-depart-avec-goodbye-los-angeles\/#primaryimage"},"image":{"@id":"https:\/\/www.radiocastor.com\/index.php\/jay-lapp-josh-kanusky-lelegance-du-depart-avec-goodbye-los-angeles\/#primaryimage"},"thumbnailUrl":"https:\/\/www.radiocastor.com\/wp-content\/uploads\/2026\/04\/Screenshot-2026-04-13-at-04-16-52-Facebook.png","datePublished":"2026-04-13T02:21:39+00:00","dateModified":"2026-04-13T02:21:40+00:00","breadcrumb":{"@id":"https:\/\/www.radiocastor.com\/index.php\/jay-lapp-josh-kanusky-lelegance-du-depart-avec-goodbye-los-angeles\/#breadcrumb"},"inLanguage":"fr-FR","potentialAction":[{"@type":"ReadAction","target":["https:\/\/www.radiocastor.com\/index.php\/jay-lapp-josh-kanusky-lelegance-du-depart-avec-goodbye-los-angeles\/"]}]},{"@type":"ImageObject","inLanguage":"fr-FR","@id":"https:\/\/www.radiocastor.com\/index.php\/jay-lapp-josh-kanusky-lelegance-du-depart-avec-goodbye-los-angeles\/#primaryimage","url":"https:\/\/www.radiocastor.com\/wp-content\/uploads\/2026\/04\/Screenshot-2026-04-13-at-04-16-52-Facebook.png","contentUrl":"https:\/\/www.radiocastor.com\/wp-content\/uploads\/2026\/04\/Screenshot-2026-04-13-at-04-16-52-Facebook.png","width":859,"height":669,"caption":"Jay Lapp + Josh Kanusky"},{"@type":"BreadcrumbList","@id":"https:\/\/www.radiocastor.com\/index.php\/jay-lapp-josh-kanusky-lelegance-du-depart-avec-goodbye-los-angeles\/#breadcrumb","itemListElement":[{"@type":"ListItem","position":1,"name":"Accueil","item":"https:\/\/www.radiocastor.com\/"},{"@type":"ListItem","position":2,"name":"Jay Lapp &amp; Josh Kanusky : L&rsquo;\u00e9l\u00e9gance du d\u00e9part avec Goodbye Los Angeles"}]},{"@type":"WebSite","@id":"https:\/\/www.radiocastor.com\/#website","url":"https:\/\/www.radiocastor.com\/","name":"Radio Castor","description":"La voix !","publisher":{"@id":"https:\/\/www.radiocastor.com\/#organization"},"potentialAction":[{"@type":"SearchAction","target":{"@type":"EntryPoint","urlTemplate":"https:\/\/www.radiocastor.com\/?s={search_term_string}"},"query-input":{"@type":"PropertyValueSpecification","valueRequired":true,"valueName":"search_term_string"}}],"inLanguage":"fr-FR"},{"@type":"Organization","@id":"https:\/\/www.radiocastor.com\/#organization","name":"Radio Castor","url":"https:\/\/www.radiocastor.com\/","logo":{"@type":"ImageObject","inLanguage":"fr-FR","@id":"https:\/\/www.radiocastor.com\/#\/schema\/logo\/image\/","url":"https:\/\/www.radiocastor.com\/wp-content\/uploads\/2021\/11\/cropped-Radio-castor-logo-2.png","contentUrl":"https:\/\/www.radiocastor.com\/wp-content\/uploads\/2021\/11\/cropped-Radio-castor-logo-2.png","width":437,"height":219,"caption":"Radio Castor"},"image":{"@id":"https:\/\/www.radiocastor.com\/#\/schema\/logo\/image\/"},"sameAs":["https:\/\/www.facebook.com\/theradiocastor","https:\/\/x.com\/TheRadioCastor","https:\/\/www.instagram.com\/theradiocastor","https:\/\/www.youtube.com\/c\/RadioCastor"]},{"@type":"Person","@id":"https:\/\/www.radiocastor.com\/#\/schema\/person\/558b0e47dc4c11fa52b2220ba6a78779","name":"R\u00e9daction R C","image":{"@type":"ImageObject","inLanguage":"fr-FR","@id":"https:\/\/secure.gravatar.com\/avatar\/1d3e4f4c4a0d129f7ed4838ea20c33760c2484b9bc381993df6c0e3f5bf89c23?s=96&d=mm&r=g","url":"https:\/\/secure.gravatar.com\/avatar\/1d3e4f4c4a0d129f7ed4838ea20c33760c2484b9bc381993df6c0e3f5bf89c23?s=96&d=mm&r=g","contentUrl":"https:\/\/secure.gravatar.com\/avatar\/1d3e4f4c4a0d129f7ed4838ea20c33760c2484b9bc381993df6c0e3f5bf89c23?s=96&d=mm&r=g","caption":"R\u00e9daction R C"},"sameAs":["http:\/\/www.radiocastor.com"],"url":"https:\/\/www.radiocastor.com\/index.php\/author\/radio-castor\/"}]}},"uagb_featured_image_src":{"full":["https:\/\/www.radiocastor.com\/wp-content\/uploads\/2026\/04\/Screenshot-2026-04-13-at-04-16-52-Facebook.png",859,669,false],"thumbnail":["https:\/\/www.radiocastor.com\/wp-content\/uploads\/2026\/04\/Screenshot-2026-04-13-at-04-16-52-Facebook-150x150.png",150,150,true],"medium":["https:\/\/www.radiocastor.com\/wp-content\/uploads\/2026\/04\/Screenshot-2026-04-13-at-04-16-52-Facebook-300x234.png",300,234,true],"medium_large":["https:\/\/www.radiocastor.com\/wp-content\/uploads\/2026\/04\/Screenshot-2026-04-13-at-04-16-52-Facebook-768x598.png",640,498,true],"large":["https:\/\/www.radiocastor.com\/wp-content\/uploads\/2026\/04\/Screenshot-2026-04-13-at-04-16-52-Facebook.png",640,498,false],"1536x1536":["https:\/\/www.radiocastor.com\/wp-content\/uploads\/2026\/04\/Screenshot-2026-04-13-at-04-16-52-Facebook.png",859,669,false],"2048x2048":["https:\/\/www.radiocastor.com\/wp-content\/uploads\/2026\/04\/Screenshot-2026-04-13-at-04-16-52-Facebook.png",859,669,false],"newsever-slider-full":["https:\/\/www.radiocastor.com\/wp-content\/uploads\/2026\/04\/Screenshot-2026-04-13-at-04-16-52-Facebook.png",859,669,false],"newsever-featured":["https:\/\/www.radiocastor.com\/wp-content\/uploads\/2026\/04\/Screenshot-2026-04-13-at-04-16-52-Facebook.png",859,669,false],"newsever-medium":["https:\/\/www.radiocastor.com\/wp-content\/uploads\/2026\/04\/Screenshot-2026-04-13-at-04-16-52-Facebook-720x475.png",720,475,true]},"uagb_author_info":{"display_name":"R\u00e9daction R C","author_link":"https:\/\/www.radiocastor.com\/index.php\/author\/radio-castor\/"},"uagb_comment_info":0,"uagb_excerpt":"Le duo originaire de l&rsquo;est de la Pennsylvanie, Jay Lapp et Josh Kanusky, nous livre...","_links":{"self":[{"href":"https:\/\/www.radiocastor.com\/index.php\/wp-json\/wp\/v2\/posts\/14978","targetHints":{"allow":["GET"]}}],"collection":[{"href":"https:\/\/www.radiocastor.com\/index.php\/wp-json\/wp\/v2\/posts"}],"about":[{"href":"https:\/\/www.radiocastor.com\/index.php\/wp-json\/wp\/v2\/types\/post"}],"author":[{"embeddable":true,"href":"https:\/\/www.radiocastor.com\/index.php\/wp-json\/wp\/v2\/users\/1"}],"replies":[{"embeddable":true,"href":"https:\/\/www.radiocastor.com\/index.php\/wp-json\/wp\/v2\/comments?post=14978"}],"version-history":[{"count":1,"href":"https:\/\/www.radiocastor.com\/index.php\/wp-json\/wp\/v2\/posts\/14978\/revisions"}],"predecessor-version":[{"id":14980,"href":"https:\/\/www.radiocastor.com\/index.php\/wp-json\/wp\/v2\/posts\/14978\/revisions\/14980"}],"wp:featuredmedia":[{"embeddable":true,"href":"https:\/\/www.radiocastor.com\/index.php\/wp-json\/wp\/v2\/media\/14979"}],"wp:attachment":[{"href":"https:\/\/www.radiocastor.com\/index.php\/wp-json\/wp\/v2\/media?parent=14978"}],"wp:term":[{"taxonomy":"category","embeddable":true,"href":"https:\/\/www.radiocastor.com\/index.php\/wp-json\/wp\/v2\/categories?post=14978"},{"taxonomy":"post_tag","embeddable":true,"href":"https:\/\/www.radiocastor.com\/index.php\/wp-json\/wp\/v2\/tags?post=14978"}],"curies":[{"name":"wp","href":"https:\/\/api.w.org\/{rel}","templated":true}]}}