{"id":14966,"date":"2026-04-13T03:42:44","date_gmt":"2026-04-13T01:42:44","guid":{"rendered":"https:\/\/www.radiocastor.com\/?p=14966"},"modified":"2026-04-13T20:07:50","modified_gmt":"2026-04-13T18:07:50","slug":"kyle-t-hurley-lame-du-blues-rock-seveille-avec-ode-to-the-irish-john","status":"publish","type":"post","link":"https:\/\/www.radiocastor.com\/index.php\/kyle-t-hurley-lame-du-blues-rock-seveille-avec-ode-to-the-irish-john\/","title":{"rendered":"Kyle T Hurley : L&rsquo;\u00e2me du blues-rock s&rsquo;\u00e9veille avec \u00ab\u00a0ode to Irish John\u00a0\u00bb"},"content":{"rendered":"\n<p>L&rsquo;am\u00e9ricain bas\u00e9 \u00e0 Londres <strong>Kyle T Hurley<\/strong> nous pr\u00e9sente son nouveau single, \u201code to Irish John\u201d, sorti le 10 avril 2026.<\/p>\n\n\n\n<p>Originaire de la sc\u00e8ne des clubs de Los Angeles mais d\u00e9sormais figure incontournable du quartier de Camden \u00e0 Londres, Kyle T Hurley est un artisan du son. Sign\u00e9 chez <em>Spiritual Records<\/em>, il a fa\u00e7onn\u00e9 son prochain album, <em>KTH 3:16<\/em>, sous l&rsquo;\u00e9gide du producteur Jack Trouble. Son parcours est jalonn\u00e9 de collaborations prestigieuses, ayant notamment enregistr\u00e9 ses pr\u00e9c\u00e9dents opus aux mythiques studios Abbey Road avec Robin Banerjee (guitariste d&rsquo;Amy Winehouse). Pour ce nouveau projet, il a m\u00eame sollicit\u00e9 le r\u00e9alisateur Tony Kaye (nomm\u00e9 six fois aux Grammy et r\u00e9alisateur d&rsquo;<em>American History X<\/em>) pour concevoir l&rsquo;identit\u00e9 visuelle de l&rsquo;album.<\/p>\n\n\n\n<p>Le morceau <strong>ode to Irish John<\/strong> est une fusion audacieuse entre Pop Rock, Indie et Alternative Rock, injectant une dose de grunge des ann\u00e9es 90 dans un canevas country-blues classique. Inspir\u00e9 par le livre <em>The Giver<\/em> (Le Passeur), Hurley y explore la transmission de la m\u00e9moire et les secrets enfouis d&rsquo;une communaut\u00e9. La chanson se distingue par une approche stylistique qui refuse les choix \u00e9vidents, privil\u00e9giant des m\u00e9lodies modernes et des timbres innovants. C&rsquo;est un titre habit\u00e9, port\u00e9 par l&rsquo;exp\u00e9rience de la vie nocturne europ\u00e9enne de l&rsquo;artiste, qui confirme sa capacit\u00e9 \u00e0 renouveler les standards du rock avec une fra\u00eecheur brute.<\/p>\n\n\n\n<p><em>A \u00e9couter sur <a href=\"https:\/\/www.radiocastor.com\/index.php\/playlist\/\" target=\"_blank\" rel=\"noreferrer noopener\">nos playlists<\/a> !<\/em><\/p>\n\n\n\n<p style=\"text-align: center;\"><iframe loading=\"lazy\" width=\"560\" height=\"315\" src=\"https:\/\/www.youtube.com\/embed\/NEZbi12txcw?si=N0xHEm7ezXVUkchT\" title=\"YouTube video player\" frameborder=\"0\" allow=\"accelerometer; autoplay; clipboard-write; encrypted-media; gyroscope; picture-in-picture; web-share\" referrerpolicy=\"strict-origin-when-cross-origin\" allowfullscreen><\/iframe><\/p>\n\n\n\n<p class=\"has-text-align-center\"><a href=\"https:\/\/www.instagram.com\/kylethurley\" target=\"_blank\" rel=\"noreferrer noopener\">Instagram<\/a> &#8211; <a href=\"https:\/\/twitter.com\/KyleTHurley\" target=\"_blank\" rel=\"noreferrer noopener\">Twitter<\/a><\/p>\n","protected":false},"excerpt":{"rendered":"<p>L&rsquo;am\u00e9ricain bas\u00e9 \u00e0 Londres Kyle T Hurley nous pr\u00e9sente son nouveau single, \u201code to Irish&#8230;<\/p>\n","protected":false},"author":1,"featured_media":14967,"comment_status":"closed","ping_status":"open","sticky":false,"template":"","format":"standard","meta":{"_uag_custom_page_level_css":"","footnotes":""},"categories":[85,4,5,32,46],"tags":[],"class_list":["post-14966","post","type-post","status-publish","format-standard","has-post-thumbnail","hentry","category-alternatif","category-pop","category-rock","category-single","category-sortie"],"yoast_head":"<!-- This site is optimized with the Yoast SEO plugin v27.4 - https:\/\/yoast.com\/product\/yoast-seo-wordpress\/ -->\n<title>Kyle T Hurley : L&#039;\u00e2me du blues-rock s&#039;\u00e9veille avec &quot;ode to Irish John&quot; - Radio Castor<\/title>\n<meta name=\"robots\" content=\"index, follow, max-snippet:-1, max-image-preview:large, max-video-preview:-1\" \/>\n<link rel=\"canonical\" href=\"https:\/\/www.radiocastor.com\/index.php\/kyle-t-hurley-lame-du-blues-rock-seveille-avec-ode-to-the-irish-john\/\" \/>\n<meta property=\"og:locale\" content=\"fr_FR\" \/>\n<meta property=\"og:type\" content=\"article\" \/>\n<meta property=\"og:title\" content=\"Kyle T Hurley : L&#039;\u00e2me du blues-rock s&#039;\u00e9veille avec &quot;ode to Irish John&quot; - Radio Castor\" \/>\n<meta property=\"og:description\" content=\"L&rsquo;am\u00e9ricain bas\u00e9 \u00e0 Londres Kyle T Hurley nous pr\u00e9sente son nouveau single, \u201code to Irish...\" \/>\n<meta property=\"og:url\" content=\"https:\/\/www.radiocastor.com\/index.php\/kyle-t-hurley-lame-du-blues-rock-seveille-avec-ode-to-the-irish-john\/\" \/>\n<meta property=\"og:site_name\" content=\"Radio Castor\" \/>\n<meta property=\"article:publisher\" content=\"https:\/\/www.facebook.com\/theradiocastor\" \/>\n<meta property=\"article:published_time\" content=\"2026-04-13T01:42:44+00:00\" \/>\n<meta property=\"article:modified_time\" content=\"2026-04-13T18:07:50+00:00\" \/>\n<meta property=\"og:image\" content=\"https:\/\/www.radiocastor.com\/wp-content\/uploads\/2026\/04\/Screenshot-2026-04-13-at-03-36-23-ab6761610000e5ebffc822ba10a7fd979527d6af-Image-JPEG-640-\u00d7-640-pixels.png\" \/>\n\t<meta property=\"og:image:width\" content=\"640\" \/>\n\t<meta property=\"og:image:height\" content=\"438\" \/>\n\t<meta property=\"og:image:type\" content=\"image\/png\" \/>\n<meta name=\"author\" content=\"R\u00e9daction R C\" \/>\n<meta name=\"twitter:card\" content=\"summary_large_image\" \/>\n<meta name=\"twitter:creator\" content=\"@TheRadioCastor\" \/>\n<meta name=\"twitter:site\" content=\"@TheRadioCastor\" \/>\n<meta name=\"twitter:label1\" content=\"\u00c9crit par\" \/>\n\t<meta name=\"twitter:data1\" content=\"R\u00e9daction R C\" \/>\n\t<meta name=\"twitter:label2\" content=\"Dur\u00e9e de lecture estim\u00e9e\" \/>\n\t<meta name=\"twitter:data2\" content=\"2 minutes\" \/>\n<script type=\"application\/ld+json\" class=\"yoast-schema-graph\">{\"@context\":\"https:\\\/\\\/schema.org\",\"@graph\":[{\"@type\":\"Article\",\"@id\":\"https:\\\/\\\/www.radiocastor.com\\\/index.php\\\/kyle-t-hurley-lame-du-blues-rock-seveille-avec-ode-to-the-irish-john\\\/#article\",\"isPartOf\":{\"@id\":\"https:\\\/\\\/www.radiocastor.com\\\/index.php\\\/kyle-t-hurley-lame-du-blues-rock-seveille-avec-ode-to-the-irish-john\\\/\"},\"author\":{\"name\":\"R\u00e9daction R C\",\"@id\":\"https:\\\/\\\/www.radiocastor.com\\\/#\\\/schema\\\/person\\\/558b0e47dc4c11fa52b2220ba6a78779\"},\"headline\":\"Kyle T Hurley : L&rsquo;\u00e2me du blues-rock s&rsquo;\u00e9veille avec \u00ab\u00a0ode to Irish John\u00a0\u00bb\",\"datePublished\":\"2026-04-13T01:42:44+00:00\",\"dateModified\":\"2026-04-13T18:07:50+00:00\",\"mainEntityOfPage\":{\"@id\":\"https:\\\/\\\/www.radiocastor.com\\\/index.php\\\/kyle-t-hurley-lame-du-blues-rock-seveille-avec-ode-to-the-irish-john\\\/\"},\"wordCount\":261,\"publisher\":{\"@id\":\"https:\\\/\\\/www.radiocastor.com\\\/#organization\"},\"image\":{\"@id\":\"https:\\\/\\\/www.radiocastor.com\\\/index.php\\\/kyle-t-hurley-lame-du-blues-rock-seveille-avec-ode-to-the-irish-john\\\/#primaryimage\"},\"thumbnailUrl\":\"https:\\\/\\\/www.radiocastor.com\\\/wp-content\\\/uploads\\\/2026\\\/04\\\/Screenshot-2026-04-13-at-03-36-23-ab6761610000e5ebffc822ba10a7fd979527d6af-Image-JPEG-640-\u00d7-640-pixels.png\",\"articleSection\":[\"Alternatif\",\"Pop\",\"Rock\",\"Single\",\"Sortie\"],\"inLanguage\":\"fr-FR\"},{\"@type\":\"WebPage\",\"@id\":\"https:\\\/\\\/www.radiocastor.com\\\/index.php\\\/kyle-t-hurley-lame-du-blues-rock-seveille-avec-ode-to-the-irish-john\\\/\",\"url\":\"https:\\\/\\\/www.radiocastor.com\\\/index.php\\\/kyle-t-hurley-lame-du-blues-rock-seveille-avec-ode-to-the-irish-john\\\/\",\"name\":\"Kyle T Hurley : L'\u00e2me du blues-rock s'\u00e9veille avec \\\"ode to Irish John\\\" - Radio Castor\",\"isPartOf\":{\"@id\":\"https:\\\/\\\/www.radiocastor.com\\\/#website\"},\"primaryImageOfPage\":{\"@id\":\"https:\\\/\\\/www.radiocastor.com\\\/index.php\\\/kyle-t-hurley-lame-du-blues-rock-seveille-avec-ode-to-the-irish-john\\\/#primaryimage\"},\"image\":{\"@id\":\"https:\\\/\\\/www.radiocastor.com\\\/index.php\\\/kyle-t-hurley-lame-du-blues-rock-seveille-avec-ode-to-the-irish-john\\\/#primaryimage\"},\"thumbnailUrl\":\"https:\\\/\\\/www.radiocastor.com\\\/wp-content\\\/uploads\\\/2026\\\/04\\\/Screenshot-2026-04-13-at-03-36-23-ab6761610000e5ebffc822ba10a7fd979527d6af-Image-JPEG-640-\u00d7-640-pixels.png\",\"datePublished\":\"2026-04-13T01:42:44+00:00\",\"dateModified\":\"2026-04-13T18:07:50+00:00\",\"breadcrumb\":{\"@id\":\"https:\\\/\\\/www.radiocastor.com\\\/index.php\\\/kyle-t-hurley-lame-du-blues-rock-seveille-avec-ode-to-the-irish-john\\\/#breadcrumb\"},\"inLanguage\":\"fr-FR\",\"potentialAction\":[{\"@type\":\"ReadAction\",\"target\":[\"https:\\\/\\\/www.radiocastor.com\\\/index.php\\\/kyle-t-hurley-lame-du-blues-rock-seveille-avec-ode-to-the-irish-john\\\/\"]}]},{\"@type\":\"ImageObject\",\"inLanguage\":\"fr-FR\",\"@id\":\"https:\\\/\\\/www.radiocastor.com\\\/index.php\\\/kyle-t-hurley-lame-du-blues-rock-seveille-avec-ode-to-the-irish-john\\\/#primaryimage\",\"url\":\"https:\\\/\\\/www.radiocastor.com\\\/wp-content\\\/uploads\\\/2026\\\/04\\\/Screenshot-2026-04-13-at-03-36-23-ab6761610000e5ebffc822ba10a7fd979527d6af-Image-JPEG-640-\u00d7-640-pixels.png\",\"contentUrl\":\"https:\\\/\\\/www.radiocastor.com\\\/wp-content\\\/uploads\\\/2026\\\/04\\\/Screenshot-2026-04-13-at-03-36-23-ab6761610000e5ebffc822ba10a7fd979527d6af-Image-JPEG-640-\u00d7-640-pixels.png\",\"width\":640,\"height\":438,\"caption\":\"Kyle T. Hurley\"},{\"@type\":\"BreadcrumbList\",\"@id\":\"https:\\\/\\\/www.radiocastor.com\\\/index.php\\\/kyle-t-hurley-lame-du-blues-rock-seveille-avec-ode-to-the-irish-john\\\/#breadcrumb\",\"itemListElement\":[{\"@type\":\"ListItem\",\"position\":1,\"name\":\"Accueil\",\"item\":\"https:\\\/\\\/www.radiocastor.com\\\/\"},{\"@type\":\"ListItem\",\"position\":2,\"name\":\"Kyle T Hurley : L&rsquo;\u00e2me du blues-rock s&rsquo;\u00e9veille avec \u00ab\u00a0ode to Irish John\u00a0\u00bb\"}]},{\"@type\":\"WebSite\",\"@id\":\"https:\\\/\\\/www.radiocastor.com\\\/#website\",\"url\":\"https:\\\/\\\/www.radiocastor.com\\\/\",\"name\":\"Radio Castor\",\"description\":\"La voix !\",\"publisher\":{\"@id\":\"https:\\\/\\\/www.radiocastor.com\\\/#organization\"},\"potentialAction\":[{\"@type\":\"SearchAction\",\"target\":{\"@type\":\"EntryPoint\",\"urlTemplate\":\"https:\\\/\\\/www.radiocastor.com\\\/?s={search_term_string}\"},\"query-input\":{\"@type\":\"PropertyValueSpecification\",\"valueRequired\":true,\"valueName\":\"search_term_string\"}}],\"inLanguage\":\"fr-FR\"},{\"@type\":\"Organization\",\"@id\":\"https:\\\/\\\/www.radiocastor.com\\\/#organization\",\"name\":\"Radio Castor\",\"url\":\"https:\\\/\\\/www.radiocastor.com\\\/\",\"logo\":{\"@type\":\"ImageObject\",\"inLanguage\":\"fr-FR\",\"@id\":\"https:\\\/\\\/www.radiocastor.com\\\/#\\\/schema\\\/logo\\\/image\\\/\",\"url\":\"https:\\\/\\\/www.radiocastor.com\\\/wp-content\\\/uploads\\\/2021\\\/11\\\/cropped-Radio-castor-logo-2.png\",\"contentUrl\":\"https:\\\/\\\/www.radiocastor.com\\\/wp-content\\\/uploads\\\/2021\\\/11\\\/cropped-Radio-castor-logo-2.png\",\"width\":437,\"height\":219,\"caption\":\"Radio Castor\"},\"image\":{\"@id\":\"https:\\\/\\\/www.radiocastor.com\\\/#\\\/schema\\\/logo\\\/image\\\/\"},\"sameAs\":[\"https:\\\/\\\/www.facebook.com\\\/theradiocastor\",\"https:\\\/\\\/x.com\\\/TheRadioCastor\",\"https:\\\/\\\/www.instagram.com\\\/theradiocastor\",\"https:\\\/\\\/www.youtube.com\\\/c\\\/RadioCastor\"]},{\"@type\":\"Person\",\"@id\":\"https:\\\/\\\/www.radiocastor.com\\\/#\\\/schema\\\/person\\\/558b0e47dc4c11fa52b2220ba6a78779\",\"name\":\"R\u00e9daction R C\",\"image\":{\"@type\":\"ImageObject\",\"inLanguage\":\"fr-FR\",\"@id\":\"https:\\\/\\\/secure.gravatar.com\\\/avatar\\\/1d3e4f4c4a0d129f7ed4838ea20c33760c2484b9bc381993df6c0e3f5bf89c23?s=96&d=mm&r=g\",\"url\":\"https:\\\/\\\/secure.gravatar.com\\\/avatar\\\/1d3e4f4c4a0d129f7ed4838ea20c33760c2484b9bc381993df6c0e3f5bf89c23?s=96&d=mm&r=g\",\"contentUrl\":\"https:\\\/\\\/secure.gravatar.com\\\/avatar\\\/1d3e4f4c4a0d129f7ed4838ea20c33760c2484b9bc381993df6c0e3f5bf89c23?s=96&d=mm&r=g\",\"caption\":\"R\u00e9daction R C\"},\"sameAs\":[\"http:\\\/\\\/www.radiocastor.com\"],\"url\":\"https:\\\/\\\/www.radiocastor.com\\\/index.php\\\/author\\\/radio-castor\\\/\"}]}<\/script>\n<!-- \/ Yoast SEO plugin. -->","yoast_head_json":{"title":"Kyle T Hurley : L'\u00e2me du blues-rock s'\u00e9veille avec \"ode to Irish John\" - Radio Castor","robots":{"index":"index","follow":"follow","max-snippet":"max-snippet:-1","max-image-preview":"max-image-preview:large","max-video-preview":"max-video-preview:-1"},"canonical":"https:\/\/www.radiocastor.com\/index.php\/kyle-t-hurley-lame-du-blues-rock-seveille-avec-ode-to-the-irish-john\/","og_locale":"fr_FR","og_type":"article","og_title":"Kyle T Hurley : L'\u00e2me du blues-rock s'\u00e9veille avec \"ode to Irish John\" - Radio Castor","og_description":"L&rsquo;am\u00e9ricain bas\u00e9 \u00e0 Londres Kyle T Hurley nous pr\u00e9sente son nouveau single, \u201code to Irish...","og_url":"https:\/\/www.radiocastor.com\/index.php\/kyle-t-hurley-lame-du-blues-rock-seveille-avec-ode-to-the-irish-john\/","og_site_name":"Radio Castor","article_publisher":"https:\/\/www.facebook.com\/theradiocastor","article_published_time":"2026-04-13T01:42:44+00:00","article_modified_time":"2026-04-13T18:07:50+00:00","og_image":[{"width":640,"height":438,"url":"https:\/\/www.radiocastor.com\/wp-content\/uploads\/2026\/04\/Screenshot-2026-04-13-at-03-36-23-ab6761610000e5ebffc822ba10a7fd979527d6af-Image-JPEG-640-\u00d7-640-pixels.png","type":"image\/png"}],"author":"R\u00e9daction R C","twitter_card":"summary_large_image","twitter_creator":"@TheRadioCastor","twitter_site":"@TheRadioCastor","twitter_misc":{"\u00c9crit par":"R\u00e9daction R C","Dur\u00e9e de lecture estim\u00e9e":"2 minutes"},"schema":{"@context":"https:\/\/schema.org","@graph":[{"@type":"Article","@id":"https:\/\/www.radiocastor.com\/index.php\/kyle-t-hurley-lame-du-blues-rock-seveille-avec-ode-to-the-irish-john\/#article","isPartOf":{"@id":"https:\/\/www.radiocastor.com\/index.php\/kyle-t-hurley-lame-du-blues-rock-seveille-avec-ode-to-the-irish-john\/"},"author":{"name":"R\u00e9daction R C","@id":"https:\/\/www.radiocastor.com\/#\/schema\/person\/558b0e47dc4c11fa52b2220ba6a78779"},"headline":"Kyle T Hurley : L&rsquo;\u00e2me du blues-rock s&rsquo;\u00e9veille avec \u00ab\u00a0ode to Irish John\u00a0\u00bb","datePublished":"2026-04-13T01:42:44+00:00","dateModified":"2026-04-13T18:07:50+00:00","mainEntityOfPage":{"@id":"https:\/\/www.radiocastor.com\/index.php\/kyle-t-hurley-lame-du-blues-rock-seveille-avec-ode-to-the-irish-john\/"},"wordCount":261,"publisher":{"@id":"https:\/\/www.radiocastor.com\/#organization"},"image":{"@id":"https:\/\/www.radiocastor.com\/index.php\/kyle-t-hurley-lame-du-blues-rock-seveille-avec-ode-to-the-irish-john\/#primaryimage"},"thumbnailUrl":"https:\/\/www.radiocastor.com\/wp-content\/uploads\/2026\/04\/Screenshot-2026-04-13-at-03-36-23-ab6761610000e5ebffc822ba10a7fd979527d6af-Image-JPEG-640-\u00d7-640-pixels.png","articleSection":["Alternatif","Pop","Rock","Single","Sortie"],"inLanguage":"fr-FR"},{"@type":"WebPage","@id":"https:\/\/www.radiocastor.com\/index.php\/kyle-t-hurley-lame-du-blues-rock-seveille-avec-ode-to-the-irish-john\/","url":"https:\/\/www.radiocastor.com\/index.php\/kyle-t-hurley-lame-du-blues-rock-seveille-avec-ode-to-the-irish-john\/","name":"Kyle T Hurley : L'\u00e2me du blues-rock s'\u00e9veille avec \"ode to Irish John\" - Radio Castor","isPartOf":{"@id":"https:\/\/www.radiocastor.com\/#website"},"primaryImageOfPage":{"@id":"https:\/\/www.radiocastor.com\/index.php\/kyle-t-hurley-lame-du-blues-rock-seveille-avec-ode-to-the-irish-john\/#primaryimage"},"image":{"@id":"https:\/\/www.radiocastor.com\/index.php\/kyle-t-hurley-lame-du-blues-rock-seveille-avec-ode-to-the-irish-john\/#primaryimage"},"thumbnailUrl":"https:\/\/www.radiocastor.com\/wp-content\/uploads\/2026\/04\/Screenshot-2026-04-13-at-03-36-23-ab6761610000e5ebffc822ba10a7fd979527d6af-Image-JPEG-640-\u00d7-640-pixels.png","datePublished":"2026-04-13T01:42:44+00:00","dateModified":"2026-04-13T18:07:50+00:00","breadcrumb":{"@id":"https:\/\/www.radiocastor.com\/index.php\/kyle-t-hurley-lame-du-blues-rock-seveille-avec-ode-to-the-irish-john\/#breadcrumb"},"inLanguage":"fr-FR","potentialAction":[{"@type":"ReadAction","target":["https:\/\/www.radiocastor.com\/index.php\/kyle-t-hurley-lame-du-blues-rock-seveille-avec-ode-to-the-irish-john\/"]}]},{"@type":"ImageObject","inLanguage":"fr-FR","@id":"https:\/\/www.radiocastor.com\/index.php\/kyle-t-hurley-lame-du-blues-rock-seveille-avec-ode-to-the-irish-john\/#primaryimage","url":"https:\/\/www.radiocastor.com\/wp-content\/uploads\/2026\/04\/Screenshot-2026-04-13-at-03-36-23-ab6761610000e5ebffc822ba10a7fd979527d6af-Image-JPEG-640-\u00d7-640-pixels.png","contentUrl":"https:\/\/www.radiocastor.com\/wp-content\/uploads\/2026\/04\/Screenshot-2026-04-13-at-03-36-23-ab6761610000e5ebffc822ba10a7fd979527d6af-Image-JPEG-640-\u00d7-640-pixels.png","width":640,"height":438,"caption":"Kyle T. Hurley"},{"@type":"BreadcrumbList","@id":"https:\/\/www.radiocastor.com\/index.php\/kyle-t-hurley-lame-du-blues-rock-seveille-avec-ode-to-the-irish-john\/#breadcrumb","itemListElement":[{"@type":"ListItem","position":1,"name":"Accueil","item":"https:\/\/www.radiocastor.com\/"},{"@type":"ListItem","position":2,"name":"Kyle T Hurley : L&rsquo;\u00e2me du blues-rock s&rsquo;\u00e9veille avec \u00ab\u00a0ode to Irish John\u00a0\u00bb"}]},{"@type":"WebSite","@id":"https:\/\/www.radiocastor.com\/#website","url":"https:\/\/www.radiocastor.com\/","name":"Radio Castor","description":"La voix !","publisher":{"@id":"https:\/\/www.radiocastor.com\/#organization"},"potentialAction":[{"@type":"SearchAction","target":{"@type":"EntryPoint","urlTemplate":"https:\/\/www.radiocastor.com\/?s={search_term_string}"},"query-input":{"@type":"PropertyValueSpecification","valueRequired":true,"valueName":"search_term_string"}}],"inLanguage":"fr-FR"},{"@type":"Organization","@id":"https:\/\/www.radiocastor.com\/#organization","name":"Radio Castor","url":"https:\/\/www.radiocastor.com\/","logo":{"@type":"ImageObject","inLanguage":"fr-FR","@id":"https:\/\/www.radiocastor.com\/#\/schema\/logo\/image\/","url":"https:\/\/www.radiocastor.com\/wp-content\/uploads\/2021\/11\/cropped-Radio-castor-logo-2.png","contentUrl":"https:\/\/www.radiocastor.com\/wp-content\/uploads\/2021\/11\/cropped-Radio-castor-logo-2.png","width":437,"height":219,"caption":"Radio Castor"},"image":{"@id":"https:\/\/www.radiocastor.com\/#\/schema\/logo\/image\/"},"sameAs":["https:\/\/www.facebook.com\/theradiocastor","https:\/\/x.com\/TheRadioCastor","https:\/\/www.instagram.com\/theradiocastor","https:\/\/www.youtube.com\/c\/RadioCastor"]},{"@type":"Person","@id":"https:\/\/www.radiocastor.com\/#\/schema\/person\/558b0e47dc4c11fa52b2220ba6a78779","name":"R\u00e9daction R C","image":{"@type":"ImageObject","inLanguage":"fr-FR","@id":"https:\/\/secure.gravatar.com\/avatar\/1d3e4f4c4a0d129f7ed4838ea20c33760c2484b9bc381993df6c0e3f5bf89c23?s=96&d=mm&r=g","url":"https:\/\/secure.gravatar.com\/avatar\/1d3e4f4c4a0d129f7ed4838ea20c33760c2484b9bc381993df6c0e3f5bf89c23?s=96&d=mm&r=g","contentUrl":"https:\/\/secure.gravatar.com\/avatar\/1d3e4f4c4a0d129f7ed4838ea20c33760c2484b9bc381993df6c0e3f5bf89c23?s=96&d=mm&r=g","caption":"R\u00e9daction R C"},"sameAs":["http:\/\/www.radiocastor.com"],"url":"https:\/\/www.radiocastor.com\/index.php\/author\/radio-castor\/"}]}},"uagb_featured_image_src":{"full":["https:\/\/www.radiocastor.com\/wp-content\/uploads\/2026\/04\/Screenshot-2026-04-13-at-03-36-23-ab6761610000e5ebffc822ba10a7fd979527d6af-Image-JPEG-640-\u00d7-640-pixels.png",640,438,false],"thumbnail":["https:\/\/www.radiocastor.com\/wp-content\/uploads\/2026\/04\/Screenshot-2026-04-13-at-03-36-23-ab6761610000e5ebffc822ba10a7fd979527d6af-Image-JPEG-640-\u00d7-640-pixels-150x150.png",150,150,true],"medium":["https:\/\/www.radiocastor.com\/wp-content\/uploads\/2026\/04\/Screenshot-2026-04-13-at-03-36-23-ab6761610000e5ebffc822ba10a7fd979527d6af-Image-JPEG-640-\u00d7-640-pixels-300x205.png",300,205,true],"medium_large":["https:\/\/www.radiocastor.com\/wp-content\/uploads\/2026\/04\/Screenshot-2026-04-13-at-03-36-23-ab6761610000e5ebffc822ba10a7fd979527d6af-Image-JPEG-640-\u00d7-640-pixels.png",640,438,false],"large":["https:\/\/www.radiocastor.com\/wp-content\/uploads\/2026\/04\/Screenshot-2026-04-13-at-03-36-23-ab6761610000e5ebffc822ba10a7fd979527d6af-Image-JPEG-640-\u00d7-640-pixels.png",640,438,false],"1536x1536":["https:\/\/www.radiocastor.com\/wp-content\/uploads\/2026\/04\/Screenshot-2026-04-13-at-03-36-23-ab6761610000e5ebffc822ba10a7fd979527d6af-Image-JPEG-640-\u00d7-640-pixels.png",640,438,false],"2048x2048":["https:\/\/www.radiocastor.com\/wp-content\/uploads\/2026\/04\/Screenshot-2026-04-13-at-03-36-23-ab6761610000e5ebffc822ba10a7fd979527d6af-Image-JPEG-640-\u00d7-640-pixels.png",640,438,false],"newsever-slider-full":["https:\/\/www.radiocastor.com\/wp-content\/uploads\/2026\/04\/Screenshot-2026-04-13-at-03-36-23-ab6761610000e5ebffc822ba10a7fd979527d6af-Image-JPEG-640-\u00d7-640-pixels.png",640,438,false],"newsever-featured":["https:\/\/www.radiocastor.com\/wp-content\/uploads\/2026\/04\/Screenshot-2026-04-13-at-03-36-23-ab6761610000e5ebffc822ba10a7fd979527d6af-Image-JPEG-640-\u00d7-640-pixels.png",640,438,false],"newsever-medium":["https:\/\/www.radiocastor.com\/wp-content\/uploads\/2026\/04\/Screenshot-2026-04-13-at-03-36-23-ab6761610000e5ebffc822ba10a7fd979527d6af-Image-JPEG-640-\u00d7-640-pixels.png",640,438,false]},"uagb_author_info":{"display_name":"R\u00e9daction R C","author_link":"https:\/\/www.radiocastor.com\/index.php\/author\/radio-castor\/"},"uagb_comment_info":0,"uagb_excerpt":"L&rsquo;am\u00e9ricain bas\u00e9 \u00e0 Londres Kyle T Hurley nous pr\u00e9sente son nouveau single, \u201code to Irish...","_links":{"self":[{"href":"https:\/\/www.radiocastor.com\/index.php\/wp-json\/wp\/v2\/posts\/14966","targetHints":{"allow":["GET"]}}],"collection":[{"href":"https:\/\/www.radiocastor.com\/index.php\/wp-json\/wp\/v2\/posts"}],"about":[{"href":"https:\/\/www.radiocastor.com\/index.php\/wp-json\/wp\/v2\/types\/post"}],"author":[{"embeddable":true,"href":"https:\/\/www.radiocastor.com\/index.php\/wp-json\/wp\/v2\/users\/1"}],"replies":[{"embeddable":true,"href":"https:\/\/www.radiocastor.com\/index.php\/wp-json\/wp\/v2\/comments?post=14966"}],"version-history":[{"count":2,"href":"https:\/\/www.radiocastor.com\/index.php\/wp-json\/wp\/v2\/posts\/14966\/revisions"}],"predecessor-version":[{"id":14984,"href":"https:\/\/www.radiocastor.com\/index.php\/wp-json\/wp\/v2\/posts\/14966\/revisions\/14984"}],"wp:featuredmedia":[{"embeddable":true,"href":"https:\/\/www.radiocastor.com\/index.php\/wp-json\/wp\/v2\/media\/14967"}],"wp:attachment":[{"href":"https:\/\/www.radiocastor.com\/index.php\/wp-json\/wp\/v2\/media?parent=14966"}],"wp:term":[{"taxonomy":"category","embeddable":true,"href":"https:\/\/www.radiocastor.com\/index.php\/wp-json\/wp\/v2\/categories?post=14966"},{"taxonomy":"post_tag","embeddable":true,"href":"https:\/\/www.radiocastor.com\/index.php\/wp-json\/wp\/v2\/tags?post=14966"}],"curies":[{"name":"wp","href":"https:\/\/api.w.org\/{rel}","templated":true}]}}