{"id":14926,"date":"2026-04-08T23:00:00","date_gmt":"2026-04-08T21:00:00","guid":{"rendered":"https:\/\/www.radiocastor.com\/?p=14926"},"modified":"2026-04-11T01:15:38","modified_gmt":"2026-04-10T23:15:38","slug":"titre-du-jour-jola-recchioni-linvocation-blues-rock-face-a-la-tempete-avec-come-come-clouds","status":"publish","type":"post","link":"https:\/\/www.radiocastor.com\/index.php\/titre-du-jour-jola-recchioni-linvocation-blues-rock-face-a-la-tempete-avec-come-come-clouds\/","title":{"rendered":"Titre du jour : Jola Recchioni, l&rsquo;invocation Blues Rock face \u00e0 la temp\u00eate avec Come Come Clouds"},"content":{"rendered":"\n<p>Jola Recchioni nous pr\u00e9sente \u201cCome Come Clouds\u201d, le titre d&rsquo;ouverture de son album <em>Shine On Me<\/em>, disponible depuis le 2 janvier 2026.<\/p>\n\n\n\n<p>Le parcours de <strong>Jola Recchioni<\/strong> est celui d&rsquo;une passion longtemps contenue, nourrie par les contrastes. Ayant grandi au son du jazz et du blues avant de plonger dans le rock et le metal, elle n&rsquo;h\u00e9site pas \u00e0 faire cohabiter l&rsquo;\u00e2me d&rsquo;Etta James avec l&rsquo;\u00e9nergie de Black Sabbath. Pour Jola, le blues n&rsquo;est pas une question de technique vocale \u00ab\u00a0lisse\u00a0\u00bb, mais d&rsquo;expression brute : une voix qui se fait tour \u00e0 tour rugueuse, douce, col\u00e9rique ou triste, selon les battements de son c\u0153ur. Apr\u00e8s un premier album intitul\u00e9 <em>Wrongtime<\/em>, elle revient avec une assurance renouvel\u00e9e, prouvant que son heure est enfin arriv\u00e9e.<\/p>\n\n\n\n<p>Le morceau <strong>Come Come Clouds<\/strong> est un titre Blues Rock au tempo enlev\u00e9, con\u00e7u comme une pri\u00e8re pa\u00efenne adress\u00e9e aux \u00e9l\u00e9ments. Face \u00e0 un amour perdu qui l&rsquo;a men\u00e9e \u00ab\u00a0jusqu&rsquo;en enfer\u00a0\u00bb, l&rsquo;artiste appelle la pluie, le vent et la foudre pour laver sa douleur et noyer son d\u00e9sespoir. On ressent dans le rythme \u00ab\u00a0galopant\u00a0\u00bb de la chanson l&rsquo;imminence de l&rsquo;orage et la force des gouttes de pluie qui s&rsquo;\u00e9crasent. Dans la lign\u00e9e d&rsquo;artistes comme Beth Hart ou Samantha Fish, Jola Recchioni livre une performance intense o\u00f9 la nature devient le miroir d&rsquo;une catharsis n\u00e9cessaire. C&rsquo;est un morceau puissant, sombre et \u00e9nergique, parfait pour ceux qui aiment le blues qui \u00ab\u00a0mord\u00a0\u00bb et qui lib\u00e8re.<\/p>\n\n\n\n<p><em>A \u00e9couter sur <a href=\"https:\/\/www.radiocastor.com\/index.php\/playlist\/\" target=\"_blank\" rel=\"noreferrer noopener\">nos playlists<\/a> !<\/em><\/p>\n\n\n\n<p style=\"text-align: center;\"><iframe loading=\"lazy\" width=\"560\" height=\"315\" src=\"https:\/\/www.youtube.com\/embed\/aWErrJmUkzk?si=F1kggOBH7JPt99ti\" title=\"YouTube video player\" frameborder=\"0\" allow=\"accelerometer; autoplay; clipboard-write; encrypted-media; gyroscope; picture-in-picture; web-share\" referrerpolicy=\"strict-origin-when-cross-origin\" allowfullscreen><\/iframe><\/p>\n\n\n\n<p class=\"has-text-align-center\"><a href=\"https:\/\/www.facebook.com\/profile.php?id=61559408172310\" target=\"_blank\" rel=\"noreferrer noopener\">Facebook<\/a> &#8211; <a href=\"https:\/\/www.instagram.com\/jolarecchioni\" target=\"_blank\" rel=\"noreferrer noopener\">Instagram<\/a><\/p>\n","protected":false},"excerpt":{"rendered":"<p>Jola Recchioni nous pr\u00e9sente \u201cCome Come Clouds\u201d, le titre d&rsquo;ouverture de son album Shine On&#8230;<\/p>\n","protected":false},"author":1,"featured_media":14927,"comment_status":"closed","ping_status":"open","sticky":false,"template":"","format":"standard","meta":{"_uag_custom_page_level_css":"","footnotes":""},"categories":[45],"tags":[],"class_list":["post-14926","post","type-post","status-publish","format-standard","has-post-thumbnail","hentry","category-titre-du-jour"],"yoast_head":"<!-- This site is optimized with the Yoast SEO plugin v27.4 - https:\/\/yoast.com\/product\/yoast-seo-wordpress\/ -->\n<title>Titre du jour : Jola Recchioni, l&#039;invocation Blues Rock face \u00e0 la temp\u00eate avec Come Come Clouds - Radio Castor<\/title>\n<meta name=\"robots\" content=\"index, follow, max-snippet:-1, max-image-preview:large, max-video-preview:-1\" \/>\n<link rel=\"canonical\" href=\"https:\/\/www.radiocastor.com\/index.php\/titre-du-jour-jola-recchioni-linvocation-blues-rock-face-a-la-tempete-avec-come-come-clouds\/\" \/>\n<meta property=\"og:locale\" content=\"fr_FR\" \/>\n<meta property=\"og:type\" content=\"article\" \/>\n<meta property=\"og:title\" content=\"Titre du jour : Jola Recchioni, l&#039;invocation Blues Rock face \u00e0 la temp\u00eate avec Come Come Clouds - Radio Castor\" \/>\n<meta property=\"og:description\" content=\"Jola Recchioni nous pr\u00e9sente \u201cCome Come Clouds\u201d, le titre d&rsquo;ouverture de son album Shine On...\" \/>\n<meta property=\"og:url\" content=\"https:\/\/www.radiocastor.com\/index.php\/titre-du-jour-jola-recchioni-linvocation-blues-rock-face-a-la-tempete-avec-come-come-clouds\/\" \/>\n<meta property=\"og:site_name\" content=\"Radio Castor\" \/>\n<meta property=\"article:publisher\" content=\"https:\/\/www.facebook.com\/theradiocastor\" \/>\n<meta property=\"article:published_time\" content=\"2026-04-08T21:00:00+00:00\" \/>\n<meta property=\"article:modified_time\" content=\"2026-04-10T23:15:38+00:00\" \/>\n<meta property=\"og:image\" content=\"https:\/\/www.radiocastor.com\/wp-content\/uploads\/2026\/04\/Jola-Recchioni.webp\" \/>\n\t<meta property=\"og:image:width\" content=\"750\" \/>\n\t<meta property=\"og:image:height\" content=\"1000\" \/>\n\t<meta property=\"og:image:type\" content=\"image\/webp\" \/>\n<meta name=\"author\" content=\"R\u00e9daction R C\" \/>\n<meta name=\"twitter:card\" content=\"summary_large_image\" \/>\n<meta name=\"twitter:creator\" content=\"@TheRadioCastor\" \/>\n<meta name=\"twitter:site\" content=\"@TheRadioCastor\" \/>\n<meta name=\"twitter:label1\" content=\"\u00c9crit par\" \/>\n\t<meta name=\"twitter:data1\" content=\"R\u00e9daction R C\" \/>\n\t<meta name=\"twitter:label2\" content=\"Dur\u00e9e de lecture estim\u00e9e\" \/>\n\t<meta name=\"twitter:data2\" content=\"2 minutes\" \/>\n<script type=\"application\/ld+json\" class=\"yoast-schema-graph\">{\"@context\":\"https:\\\/\\\/schema.org\",\"@graph\":[{\"@type\":\"Article\",\"@id\":\"https:\\\/\\\/www.radiocastor.com\\\/index.php\\\/titre-du-jour-jola-recchioni-linvocation-blues-rock-face-a-la-tempete-avec-come-come-clouds\\\/#article\",\"isPartOf\":{\"@id\":\"https:\\\/\\\/www.radiocastor.com\\\/index.php\\\/titre-du-jour-jola-recchioni-linvocation-blues-rock-face-a-la-tempete-avec-come-come-clouds\\\/\"},\"author\":{\"name\":\"R\u00e9daction R C\",\"@id\":\"https:\\\/\\\/www.radiocastor.com\\\/#\\\/schema\\\/person\\\/558b0e47dc4c11fa52b2220ba6a78779\"},\"headline\":\"Titre du jour : Jola Recchioni, l&rsquo;invocation Blues Rock face \u00e0 la temp\u00eate avec Come Come Clouds\",\"datePublished\":\"2026-04-08T21:00:00+00:00\",\"dateModified\":\"2026-04-10T23:15:38+00:00\",\"mainEntityOfPage\":{\"@id\":\"https:\\\/\\\/www.radiocastor.com\\\/index.php\\\/titre-du-jour-jola-recchioni-linvocation-blues-rock-face-a-la-tempete-avec-come-come-clouds\\\/\"},\"wordCount\":289,\"publisher\":{\"@id\":\"https:\\\/\\\/www.radiocastor.com\\\/#organization\"},\"image\":{\"@id\":\"https:\\\/\\\/www.radiocastor.com\\\/index.php\\\/titre-du-jour-jola-recchioni-linvocation-blues-rock-face-a-la-tempete-avec-come-come-clouds\\\/#primaryimage\"},\"thumbnailUrl\":\"https:\\\/\\\/www.radiocastor.com\\\/wp-content\\\/uploads\\\/2026\\\/04\\\/Jola-Recchioni.webp\",\"articleSection\":[\"Titre du jour\"],\"inLanguage\":\"fr-FR\"},{\"@type\":\"WebPage\",\"@id\":\"https:\\\/\\\/www.radiocastor.com\\\/index.php\\\/titre-du-jour-jola-recchioni-linvocation-blues-rock-face-a-la-tempete-avec-come-come-clouds\\\/\",\"url\":\"https:\\\/\\\/www.radiocastor.com\\\/index.php\\\/titre-du-jour-jola-recchioni-linvocation-blues-rock-face-a-la-tempete-avec-come-come-clouds\\\/\",\"name\":\"Titre du jour : Jola Recchioni, l'invocation Blues Rock face \u00e0 la temp\u00eate avec Come Come Clouds - Radio Castor\",\"isPartOf\":{\"@id\":\"https:\\\/\\\/www.radiocastor.com\\\/#website\"},\"primaryImageOfPage\":{\"@id\":\"https:\\\/\\\/www.radiocastor.com\\\/index.php\\\/titre-du-jour-jola-recchioni-linvocation-blues-rock-face-a-la-tempete-avec-come-come-clouds\\\/#primaryimage\"},\"image\":{\"@id\":\"https:\\\/\\\/www.radiocastor.com\\\/index.php\\\/titre-du-jour-jola-recchioni-linvocation-blues-rock-face-a-la-tempete-avec-come-come-clouds\\\/#primaryimage\"},\"thumbnailUrl\":\"https:\\\/\\\/www.radiocastor.com\\\/wp-content\\\/uploads\\\/2026\\\/04\\\/Jola-Recchioni.webp\",\"datePublished\":\"2026-04-08T21:00:00+00:00\",\"dateModified\":\"2026-04-10T23:15:38+00:00\",\"breadcrumb\":{\"@id\":\"https:\\\/\\\/www.radiocastor.com\\\/index.php\\\/titre-du-jour-jola-recchioni-linvocation-blues-rock-face-a-la-tempete-avec-come-come-clouds\\\/#breadcrumb\"},\"inLanguage\":\"fr-FR\",\"potentialAction\":[{\"@type\":\"ReadAction\",\"target\":[\"https:\\\/\\\/www.radiocastor.com\\\/index.php\\\/titre-du-jour-jola-recchioni-linvocation-blues-rock-face-a-la-tempete-avec-come-come-clouds\\\/\"]}]},{\"@type\":\"ImageObject\",\"inLanguage\":\"fr-FR\",\"@id\":\"https:\\\/\\\/www.radiocastor.com\\\/index.php\\\/titre-du-jour-jola-recchioni-linvocation-blues-rock-face-a-la-tempete-avec-come-come-clouds\\\/#primaryimage\",\"url\":\"https:\\\/\\\/www.radiocastor.com\\\/wp-content\\\/uploads\\\/2026\\\/04\\\/Jola-Recchioni.webp\",\"contentUrl\":\"https:\\\/\\\/www.radiocastor.com\\\/wp-content\\\/uploads\\\/2026\\\/04\\\/Jola-Recchioni.webp\",\"width\":750,\"height\":1000,\"caption\":\"Jola Recchioni\"},{\"@type\":\"BreadcrumbList\",\"@id\":\"https:\\\/\\\/www.radiocastor.com\\\/index.php\\\/titre-du-jour-jola-recchioni-linvocation-blues-rock-face-a-la-tempete-avec-come-come-clouds\\\/#breadcrumb\",\"itemListElement\":[{\"@type\":\"ListItem\",\"position\":1,\"name\":\"Accueil\",\"item\":\"https:\\\/\\\/www.radiocastor.com\\\/\"},{\"@type\":\"ListItem\",\"position\":2,\"name\":\"Titre du jour : Jola Recchioni, l&rsquo;invocation Blues Rock face \u00e0 la temp\u00eate avec Come Come Clouds\"}]},{\"@type\":\"WebSite\",\"@id\":\"https:\\\/\\\/www.radiocastor.com\\\/#website\",\"url\":\"https:\\\/\\\/www.radiocastor.com\\\/\",\"name\":\"Radio Castor\",\"description\":\"La voix !\",\"publisher\":{\"@id\":\"https:\\\/\\\/www.radiocastor.com\\\/#organization\"},\"potentialAction\":[{\"@type\":\"SearchAction\",\"target\":{\"@type\":\"EntryPoint\",\"urlTemplate\":\"https:\\\/\\\/www.radiocastor.com\\\/?s={search_term_string}\"},\"query-input\":{\"@type\":\"PropertyValueSpecification\",\"valueRequired\":true,\"valueName\":\"search_term_string\"}}],\"inLanguage\":\"fr-FR\"},{\"@type\":\"Organization\",\"@id\":\"https:\\\/\\\/www.radiocastor.com\\\/#organization\",\"name\":\"Radio Castor\",\"url\":\"https:\\\/\\\/www.radiocastor.com\\\/\",\"logo\":{\"@type\":\"ImageObject\",\"inLanguage\":\"fr-FR\",\"@id\":\"https:\\\/\\\/www.radiocastor.com\\\/#\\\/schema\\\/logo\\\/image\\\/\",\"url\":\"https:\\\/\\\/www.radiocastor.com\\\/wp-content\\\/uploads\\\/2021\\\/11\\\/cropped-Radio-castor-logo-2.png\",\"contentUrl\":\"https:\\\/\\\/www.radiocastor.com\\\/wp-content\\\/uploads\\\/2021\\\/11\\\/cropped-Radio-castor-logo-2.png\",\"width\":437,\"height\":219,\"caption\":\"Radio Castor\"},\"image\":{\"@id\":\"https:\\\/\\\/www.radiocastor.com\\\/#\\\/schema\\\/logo\\\/image\\\/\"},\"sameAs\":[\"https:\\\/\\\/www.facebook.com\\\/theradiocastor\",\"https:\\\/\\\/x.com\\\/TheRadioCastor\",\"https:\\\/\\\/www.instagram.com\\\/theradiocastor\",\"https:\\\/\\\/www.youtube.com\\\/c\\\/RadioCastor\"]},{\"@type\":\"Person\",\"@id\":\"https:\\\/\\\/www.radiocastor.com\\\/#\\\/schema\\\/person\\\/558b0e47dc4c11fa52b2220ba6a78779\",\"name\":\"R\u00e9daction R C\",\"image\":{\"@type\":\"ImageObject\",\"inLanguage\":\"fr-FR\",\"@id\":\"https:\\\/\\\/secure.gravatar.com\\\/avatar\\\/1d3e4f4c4a0d129f7ed4838ea20c33760c2484b9bc381993df6c0e3f5bf89c23?s=96&d=mm&r=g\",\"url\":\"https:\\\/\\\/secure.gravatar.com\\\/avatar\\\/1d3e4f4c4a0d129f7ed4838ea20c33760c2484b9bc381993df6c0e3f5bf89c23?s=96&d=mm&r=g\",\"contentUrl\":\"https:\\\/\\\/secure.gravatar.com\\\/avatar\\\/1d3e4f4c4a0d129f7ed4838ea20c33760c2484b9bc381993df6c0e3f5bf89c23?s=96&d=mm&r=g\",\"caption\":\"R\u00e9daction R C\"},\"sameAs\":[\"http:\\\/\\\/www.radiocastor.com\"],\"url\":\"https:\\\/\\\/www.radiocastor.com\\\/index.php\\\/author\\\/radio-castor\\\/\"}]}<\/script>\n<!-- \/ Yoast SEO plugin. -->","yoast_head_json":{"title":"Titre du jour : Jola Recchioni, l'invocation Blues Rock face \u00e0 la temp\u00eate avec Come Come Clouds - Radio Castor","robots":{"index":"index","follow":"follow","max-snippet":"max-snippet:-1","max-image-preview":"max-image-preview:large","max-video-preview":"max-video-preview:-1"},"canonical":"https:\/\/www.radiocastor.com\/index.php\/titre-du-jour-jola-recchioni-linvocation-blues-rock-face-a-la-tempete-avec-come-come-clouds\/","og_locale":"fr_FR","og_type":"article","og_title":"Titre du jour : Jola Recchioni, l'invocation Blues Rock face \u00e0 la temp\u00eate avec Come Come Clouds - Radio Castor","og_description":"Jola Recchioni nous pr\u00e9sente \u201cCome Come Clouds\u201d, le titre d&rsquo;ouverture de son album Shine On...","og_url":"https:\/\/www.radiocastor.com\/index.php\/titre-du-jour-jola-recchioni-linvocation-blues-rock-face-a-la-tempete-avec-come-come-clouds\/","og_site_name":"Radio Castor","article_publisher":"https:\/\/www.facebook.com\/theradiocastor","article_published_time":"2026-04-08T21:00:00+00:00","article_modified_time":"2026-04-10T23:15:38+00:00","og_image":[{"width":750,"height":1000,"url":"https:\/\/www.radiocastor.com\/wp-content\/uploads\/2026\/04\/Jola-Recchioni.webp","type":"image\/webp"}],"author":"R\u00e9daction R C","twitter_card":"summary_large_image","twitter_creator":"@TheRadioCastor","twitter_site":"@TheRadioCastor","twitter_misc":{"\u00c9crit par":"R\u00e9daction R C","Dur\u00e9e de lecture estim\u00e9e":"2 minutes"},"schema":{"@context":"https:\/\/schema.org","@graph":[{"@type":"Article","@id":"https:\/\/www.radiocastor.com\/index.php\/titre-du-jour-jola-recchioni-linvocation-blues-rock-face-a-la-tempete-avec-come-come-clouds\/#article","isPartOf":{"@id":"https:\/\/www.radiocastor.com\/index.php\/titre-du-jour-jola-recchioni-linvocation-blues-rock-face-a-la-tempete-avec-come-come-clouds\/"},"author":{"name":"R\u00e9daction R C","@id":"https:\/\/www.radiocastor.com\/#\/schema\/person\/558b0e47dc4c11fa52b2220ba6a78779"},"headline":"Titre du jour : Jola Recchioni, l&rsquo;invocation Blues Rock face \u00e0 la temp\u00eate avec Come Come Clouds","datePublished":"2026-04-08T21:00:00+00:00","dateModified":"2026-04-10T23:15:38+00:00","mainEntityOfPage":{"@id":"https:\/\/www.radiocastor.com\/index.php\/titre-du-jour-jola-recchioni-linvocation-blues-rock-face-a-la-tempete-avec-come-come-clouds\/"},"wordCount":289,"publisher":{"@id":"https:\/\/www.radiocastor.com\/#organization"},"image":{"@id":"https:\/\/www.radiocastor.com\/index.php\/titre-du-jour-jola-recchioni-linvocation-blues-rock-face-a-la-tempete-avec-come-come-clouds\/#primaryimage"},"thumbnailUrl":"https:\/\/www.radiocastor.com\/wp-content\/uploads\/2026\/04\/Jola-Recchioni.webp","articleSection":["Titre du jour"],"inLanguage":"fr-FR"},{"@type":"WebPage","@id":"https:\/\/www.radiocastor.com\/index.php\/titre-du-jour-jola-recchioni-linvocation-blues-rock-face-a-la-tempete-avec-come-come-clouds\/","url":"https:\/\/www.radiocastor.com\/index.php\/titre-du-jour-jola-recchioni-linvocation-blues-rock-face-a-la-tempete-avec-come-come-clouds\/","name":"Titre du jour : Jola Recchioni, l'invocation Blues Rock face \u00e0 la temp\u00eate avec Come Come Clouds - Radio Castor","isPartOf":{"@id":"https:\/\/www.radiocastor.com\/#website"},"primaryImageOfPage":{"@id":"https:\/\/www.radiocastor.com\/index.php\/titre-du-jour-jola-recchioni-linvocation-blues-rock-face-a-la-tempete-avec-come-come-clouds\/#primaryimage"},"image":{"@id":"https:\/\/www.radiocastor.com\/index.php\/titre-du-jour-jola-recchioni-linvocation-blues-rock-face-a-la-tempete-avec-come-come-clouds\/#primaryimage"},"thumbnailUrl":"https:\/\/www.radiocastor.com\/wp-content\/uploads\/2026\/04\/Jola-Recchioni.webp","datePublished":"2026-04-08T21:00:00+00:00","dateModified":"2026-04-10T23:15:38+00:00","breadcrumb":{"@id":"https:\/\/www.radiocastor.com\/index.php\/titre-du-jour-jola-recchioni-linvocation-blues-rock-face-a-la-tempete-avec-come-come-clouds\/#breadcrumb"},"inLanguage":"fr-FR","potentialAction":[{"@type":"ReadAction","target":["https:\/\/www.radiocastor.com\/index.php\/titre-du-jour-jola-recchioni-linvocation-blues-rock-face-a-la-tempete-avec-come-come-clouds\/"]}]},{"@type":"ImageObject","inLanguage":"fr-FR","@id":"https:\/\/www.radiocastor.com\/index.php\/titre-du-jour-jola-recchioni-linvocation-blues-rock-face-a-la-tempete-avec-come-come-clouds\/#primaryimage","url":"https:\/\/www.radiocastor.com\/wp-content\/uploads\/2026\/04\/Jola-Recchioni.webp","contentUrl":"https:\/\/www.radiocastor.com\/wp-content\/uploads\/2026\/04\/Jola-Recchioni.webp","width":750,"height":1000,"caption":"Jola Recchioni"},{"@type":"BreadcrumbList","@id":"https:\/\/www.radiocastor.com\/index.php\/titre-du-jour-jola-recchioni-linvocation-blues-rock-face-a-la-tempete-avec-come-come-clouds\/#breadcrumb","itemListElement":[{"@type":"ListItem","position":1,"name":"Accueil","item":"https:\/\/www.radiocastor.com\/"},{"@type":"ListItem","position":2,"name":"Titre du jour : Jola Recchioni, l&rsquo;invocation Blues Rock face \u00e0 la temp\u00eate avec Come Come Clouds"}]},{"@type":"WebSite","@id":"https:\/\/www.radiocastor.com\/#website","url":"https:\/\/www.radiocastor.com\/","name":"Radio Castor","description":"La voix !","publisher":{"@id":"https:\/\/www.radiocastor.com\/#organization"},"potentialAction":[{"@type":"SearchAction","target":{"@type":"EntryPoint","urlTemplate":"https:\/\/www.radiocastor.com\/?s={search_term_string}"},"query-input":{"@type":"PropertyValueSpecification","valueRequired":true,"valueName":"search_term_string"}}],"inLanguage":"fr-FR"},{"@type":"Organization","@id":"https:\/\/www.radiocastor.com\/#organization","name":"Radio Castor","url":"https:\/\/www.radiocastor.com\/","logo":{"@type":"ImageObject","inLanguage":"fr-FR","@id":"https:\/\/www.radiocastor.com\/#\/schema\/logo\/image\/","url":"https:\/\/www.radiocastor.com\/wp-content\/uploads\/2021\/11\/cropped-Radio-castor-logo-2.png","contentUrl":"https:\/\/www.radiocastor.com\/wp-content\/uploads\/2021\/11\/cropped-Radio-castor-logo-2.png","width":437,"height":219,"caption":"Radio Castor"},"image":{"@id":"https:\/\/www.radiocastor.com\/#\/schema\/logo\/image\/"},"sameAs":["https:\/\/www.facebook.com\/theradiocastor","https:\/\/x.com\/TheRadioCastor","https:\/\/www.instagram.com\/theradiocastor","https:\/\/www.youtube.com\/c\/RadioCastor"]},{"@type":"Person","@id":"https:\/\/www.radiocastor.com\/#\/schema\/person\/558b0e47dc4c11fa52b2220ba6a78779","name":"R\u00e9daction R C","image":{"@type":"ImageObject","inLanguage":"fr-FR","@id":"https:\/\/secure.gravatar.com\/avatar\/1d3e4f4c4a0d129f7ed4838ea20c33760c2484b9bc381993df6c0e3f5bf89c23?s=96&d=mm&r=g","url":"https:\/\/secure.gravatar.com\/avatar\/1d3e4f4c4a0d129f7ed4838ea20c33760c2484b9bc381993df6c0e3f5bf89c23?s=96&d=mm&r=g","contentUrl":"https:\/\/secure.gravatar.com\/avatar\/1d3e4f4c4a0d129f7ed4838ea20c33760c2484b9bc381993df6c0e3f5bf89c23?s=96&d=mm&r=g","caption":"R\u00e9daction R C"},"sameAs":["http:\/\/www.radiocastor.com"],"url":"https:\/\/www.radiocastor.com\/index.php\/author\/radio-castor\/"}]}},"uagb_featured_image_src":{"full":["https:\/\/www.radiocastor.com\/wp-content\/uploads\/2026\/04\/Jola-Recchioni.webp",750,1000,false],"thumbnail":["https:\/\/www.radiocastor.com\/wp-content\/uploads\/2026\/04\/Jola-Recchioni-150x150.webp",150,150,true],"medium":["https:\/\/www.radiocastor.com\/wp-content\/uploads\/2026\/04\/Jola-Recchioni-225x300.webp",225,300,true],"medium_large":["https:\/\/www.radiocastor.com\/wp-content\/uploads\/2026\/04\/Jola-Recchioni.webp",640,853,false],"large":["https:\/\/www.radiocastor.com\/wp-content\/uploads\/2026\/04\/Jola-Recchioni.webp",640,853,false],"1536x1536":["https:\/\/www.radiocastor.com\/wp-content\/uploads\/2026\/04\/Jola-Recchioni.webp",750,1000,false],"2048x2048":["https:\/\/www.radiocastor.com\/wp-content\/uploads\/2026\/04\/Jola-Recchioni.webp",750,1000,false],"newsever-slider-full":["https:\/\/www.radiocastor.com\/wp-content\/uploads\/2026\/04\/Jola-Recchioni-750x845.webp",750,845,true],"newsever-featured":["https:\/\/www.radiocastor.com\/wp-content\/uploads\/2026\/04\/Jola-Recchioni.webp",750,1000,false],"newsever-medium":["https:\/\/www.radiocastor.com\/wp-content\/uploads\/2026\/04\/Jola-Recchioni-720x475.webp",720,475,true]},"uagb_author_info":{"display_name":"R\u00e9daction R C","author_link":"https:\/\/www.radiocastor.com\/index.php\/author\/radio-castor\/"},"uagb_comment_info":0,"uagb_excerpt":"Jola Recchioni nous pr\u00e9sente \u201cCome Come Clouds\u201d, le titre d&rsquo;ouverture de son album Shine On...","_links":{"self":[{"href":"https:\/\/www.radiocastor.com\/index.php\/wp-json\/wp\/v2\/posts\/14926","targetHints":{"allow":["GET"]}}],"collection":[{"href":"https:\/\/www.radiocastor.com\/index.php\/wp-json\/wp\/v2\/posts"}],"about":[{"href":"https:\/\/www.radiocastor.com\/index.php\/wp-json\/wp\/v2\/types\/post"}],"author":[{"embeddable":true,"href":"https:\/\/www.radiocastor.com\/index.php\/wp-json\/wp\/v2\/users\/1"}],"replies":[{"embeddable":true,"href":"https:\/\/www.radiocastor.com\/index.php\/wp-json\/wp\/v2\/comments?post=14926"}],"version-history":[{"count":1,"href":"https:\/\/www.radiocastor.com\/index.php\/wp-json\/wp\/v2\/posts\/14926\/revisions"}],"predecessor-version":[{"id":14928,"href":"https:\/\/www.radiocastor.com\/index.php\/wp-json\/wp\/v2\/posts\/14926\/revisions\/14928"}],"wp:featuredmedia":[{"embeddable":true,"href":"https:\/\/www.radiocastor.com\/index.php\/wp-json\/wp\/v2\/media\/14927"}],"wp:attachment":[{"href":"https:\/\/www.radiocastor.com\/index.php\/wp-json\/wp\/v2\/media?parent=14926"}],"wp:term":[{"taxonomy":"category","embeddable":true,"href":"https:\/\/www.radiocastor.com\/index.php\/wp-json\/wp\/v2\/categories?post=14926"},{"taxonomy":"post_tag","embeddable":true,"href":"https:\/\/www.radiocastor.com\/index.php\/wp-json\/wp\/v2\/tags?post=14926"}],"curies":[{"name":"wp","href":"https:\/\/api.w.org\/{rel}","templated":true}]}}