{"id":14920,"date":"2026-04-09T03:58:47","date_gmt":"2026-04-09T01:58:47","guid":{"rendered":"https:\/\/www.radiocastor.com\/?p=14920"},"modified":"2026-04-09T03:58:48","modified_gmt":"2026-04-09T01:58:48","slug":"bolero-radio-leveil-sensoriel-entre-indietronica-et-dream-pop-avec-dawn-of-day","status":"publish","type":"post","link":"https:\/\/www.radiocastor.com\/index.php\/bolero-radio-leveil-sensoriel-entre-indietronica-et-dream-pop-avec-dawn-of-day\/","title":{"rendered":"Bolero Radio : L&rsquo;\u00e9veil sensoriel entre Indietronica et Dream Pop avec Dawn of Day"},"content":{"rendered":"\n<p>Bolero Radio nous pr\u00e9sente son nouveau single, \u201cDawn of Day\u201d, sorti le 27 mars 2026.<\/p>\n\n\n\n<p>Bas\u00e9 \u00e0 Los Angeles, <strong>Bolero Radio<\/strong> est un projet qui fusionne habilement les textures \u00e9lectroniques et les rythmes du monde. En s&rsquo;impr\u00e9gnant de l&rsquo;atmosph\u00e8re californienne, l&rsquo;artiste propose une musique hybride, \u00e0 la crois\u00e9e du Dream Pop et de l&rsquo;Indietronica. Avec des influences revendiqu\u00e9es allant de Tame Impala \u00e0 James Blake, Bolero Radio parvient \u00e0 cr\u00e9er un univers sonore \u00e0 la fois moderne et nostalgique, o\u00f9 les synth\u00e9tiseurs enveloppants rencontrent des grooves hypnotiques.<\/p>\n\n\n\n<p>Le morceau <strong>Dawn of Day<\/strong> est une exploration romantique et habit\u00e9e. Port\u00e9 par une ambiance \u00ab\u00a0moody\u00a0\u00bb et feutr\u00e9e, le titre d\u00e9peint l&rsquo;attente languissante et la recherche des mots justes face \u00e0 un sentiment amoureux qui semble aussi rare que pr\u00e9cieux. Les paroles, teint\u00e9es d&rsquo;une certaine m\u00e9lancolie (<em>\u00ab\u00a0I&rsquo;ve been feeling lonely&#8230; my heart breaks for you\u00a0\u00bb<\/em>), contrastent avec une production soign\u00e9e qui invite \u00e0 l&rsquo;\u00e9vasion. Entre la douceur des m\u00e9lodies et la profondeur des basses, \u00ab\u00a0Dawn of Day\u00a0\u00bb capture cet instant fragile entre la nuit et le jour, offrant une exp\u00e9rience auditive immersive qui ravira les amateurs de pop alternative vaporeuse.<\/p>\n\n\n\n<p><em>A \u00e9couter sur <a href=\"https:\/\/www.radiocastor.com\/index.php\/playlist\/\" target=\"_blank\" rel=\"noreferrer noopener\">nos playlists<\/a> !<\/em><\/p>\n\n\n\n<p style=\"text-align: center;\"><iframe loading=\"lazy\" width=\"560\" height=\"315\" src=\"https:\/\/www.youtube.com\/embed\/TBe9e2XTGf8?si=FfJlyoyuhNZHcs3a\" title=\"YouTube video player\" frameborder=\"0\" allow=\"accelerometer; autoplay; clipboard-write; encrypted-media; gyroscope; picture-in-picture; web-share\" referrerpolicy=\"strict-origin-when-cross-origin\" allowfullscreen><\/iframe><\/p>\n","protected":false},"excerpt":{"rendered":"<p>Bolero Radio nous pr\u00e9sente son nouveau single, \u201cDawn of Day\u201d, sorti le 27 mars 2026&#8230;.<\/p>\n","protected":false},"author":1,"featured_media":14921,"comment_status":"closed","ping_status":"open","sticky":false,"template":"","format":"standard","meta":{"_uag_custom_page_level_css":"","footnotes":""},"categories":[4,5,32,46],"tags":[],"class_list":["post-14920","post","type-post","status-publish","format-standard","has-post-thumbnail","hentry","category-pop","category-rock","category-single","category-sortie"],"yoast_head":"<!-- This site is optimized with the Yoast SEO plugin v27.4 - https:\/\/yoast.com\/product\/yoast-seo-wordpress\/ -->\n<title>Bolero Radio : L&#039;\u00e9veil sensoriel entre Indietronica et Dream Pop avec Dawn of Day - Radio Castor<\/title>\n<meta name=\"robots\" content=\"index, follow, max-snippet:-1, max-image-preview:large, max-video-preview:-1\" \/>\n<link rel=\"canonical\" href=\"https:\/\/www.radiocastor.com\/index.php\/bolero-radio-leveil-sensoriel-entre-indietronica-et-dream-pop-avec-dawn-of-day\/\" \/>\n<meta property=\"og:locale\" content=\"fr_FR\" \/>\n<meta property=\"og:type\" content=\"article\" \/>\n<meta property=\"og:title\" content=\"Bolero Radio : L&#039;\u00e9veil sensoriel entre Indietronica et Dream Pop avec Dawn of Day - Radio Castor\" \/>\n<meta property=\"og:description\" content=\"Bolero Radio nous pr\u00e9sente son nouveau single, \u201cDawn of Day\u201d, sorti le 27 mars 2026....\" \/>\n<meta property=\"og:url\" content=\"https:\/\/www.radiocastor.com\/index.php\/bolero-radio-leveil-sensoriel-entre-indietronica-et-dream-pop-avec-dawn-of-day\/\" \/>\n<meta property=\"og:site_name\" content=\"Radio Castor\" \/>\n<meta property=\"article:publisher\" content=\"https:\/\/www.facebook.com\/theradiocastor\" \/>\n<meta property=\"article:published_time\" content=\"2026-04-09T01:58:47+00:00\" \/>\n<meta property=\"article:modified_time\" content=\"2026-04-09T01:58:48+00:00\" \/>\n<meta property=\"og:image\" content=\"https:\/\/www.radiocastor.com\/wp-content\/uploads\/2026\/04\/Screenshot-2026-04-09-at-03-54-18-danceagain-1767475883497.jpg-Image-JPEG-2316-\u00d7-3088-pixels-Redimensionnee-29.png\" \/>\n\t<meta property=\"og:image:width\" content=\"682\" \/>\n\t<meta property=\"og:image:height\" content=\"566\" \/>\n\t<meta property=\"og:image:type\" content=\"image\/png\" \/>\n<meta name=\"author\" content=\"R\u00e9daction R C\" \/>\n<meta name=\"twitter:card\" content=\"summary_large_image\" \/>\n<meta name=\"twitter:creator\" content=\"@TheRadioCastor\" \/>\n<meta name=\"twitter:site\" content=\"@TheRadioCastor\" \/>\n<meta name=\"twitter:label1\" content=\"\u00c9crit par\" \/>\n\t<meta name=\"twitter:data1\" content=\"R\u00e9daction R C\" \/>\n\t<meta name=\"twitter:label2\" content=\"Dur\u00e9e de lecture estim\u00e9e\" \/>\n\t<meta name=\"twitter:data2\" content=\"2 minutes\" \/>\n<script type=\"application\/ld+json\" class=\"yoast-schema-graph\">{\"@context\":\"https:\\\/\\\/schema.org\",\"@graph\":[{\"@type\":\"Article\",\"@id\":\"https:\\\/\\\/www.radiocastor.com\\\/index.php\\\/bolero-radio-leveil-sensoriel-entre-indietronica-et-dream-pop-avec-dawn-of-day\\\/#article\",\"isPartOf\":{\"@id\":\"https:\\\/\\\/www.radiocastor.com\\\/index.php\\\/bolero-radio-leveil-sensoriel-entre-indietronica-et-dream-pop-avec-dawn-of-day\\\/\"},\"author\":{\"name\":\"R\u00e9daction R C\",\"@id\":\"https:\\\/\\\/www.radiocastor.com\\\/#\\\/schema\\\/person\\\/558b0e47dc4c11fa52b2220ba6a78779\"},\"headline\":\"Bolero Radio : L&rsquo;\u00e9veil sensoriel entre Indietronica et Dream Pop avec Dawn of Day\",\"datePublished\":\"2026-04-09T01:58:47+00:00\",\"dateModified\":\"2026-04-09T01:58:48+00:00\",\"mainEntityOfPage\":{\"@id\":\"https:\\\/\\\/www.radiocastor.com\\\/index.php\\\/bolero-radio-leveil-sensoriel-entre-indietronica-et-dream-pop-avec-dawn-of-day\\\/\"},\"wordCount\":221,\"publisher\":{\"@id\":\"https:\\\/\\\/www.radiocastor.com\\\/#organization\"},\"image\":{\"@id\":\"https:\\\/\\\/www.radiocastor.com\\\/index.php\\\/bolero-radio-leveil-sensoriel-entre-indietronica-et-dream-pop-avec-dawn-of-day\\\/#primaryimage\"},\"thumbnailUrl\":\"https:\\\/\\\/www.radiocastor.com\\\/wp-content\\\/uploads\\\/2026\\\/04\\\/Screenshot-2026-04-09-at-03-54-18-danceagain-1767475883497.jpg-Image-JPEG-2316-\u00d7-3088-pixels-Redimensionnee-29.png\",\"articleSection\":[\"Pop\",\"Rock\",\"Single\",\"Sortie\"],\"inLanguage\":\"fr-FR\"},{\"@type\":\"WebPage\",\"@id\":\"https:\\\/\\\/www.radiocastor.com\\\/index.php\\\/bolero-radio-leveil-sensoriel-entre-indietronica-et-dream-pop-avec-dawn-of-day\\\/\",\"url\":\"https:\\\/\\\/www.radiocastor.com\\\/index.php\\\/bolero-radio-leveil-sensoriel-entre-indietronica-et-dream-pop-avec-dawn-of-day\\\/\",\"name\":\"Bolero Radio : L'\u00e9veil sensoriel entre Indietronica et Dream Pop avec Dawn of Day - Radio Castor\",\"isPartOf\":{\"@id\":\"https:\\\/\\\/www.radiocastor.com\\\/#website\"},\"primaryImageOfPage\":{\"@id\":\"https:\\\/\\\/www.radiocastor.com\\\/index.php\\\/bolero-radio-leveil-sensoriel-entre-indietronica-et-dream-pop-avec-dawn-of-day\\\/#primaryimage\"},\"image\":{\"@id\":\"https:\\\/\\\/www.radiocastor.com\\\/index.php\\\/bolero-radio-leveil-sensoriel-entre-indietronica-et-dream-pop-avec-dawn-of-day\\\/#primaryimage\"},\"thumbnailUrl\":\"https:\\\/\\\/www.radiocastor.com\\\/wp-content\\\/uploads\\\/2026\\\/04\\\/Screenshot-2026-04-09-at-03-54-18-danceagain-1767475883497.jpg-Image-JPEG-2316-\u00d7-3088-pixels-Redimensionnee-29.png\",\"datePublished\":\"2026-04-09T01:58:47+00:00\",\"dateModified\":\"2026-04-09T01:58:48+00:00\",\"breadcrumb\":{\"@id\":\"https:\\\/\\\/www.radiocastor.com\\\/index.php\\\/bolero-radio-leveil-sensoriel-entre-indietronica-et-dream-pop-avec-dawn-of-day\\\/#breadcrumb\"},\"inLanguage\":\"fr-FR\",\"potentialAction\":[{\"@type\":\"ReadAction\",\"target\":[\"https:\\\/\\\/www.radiocastor.com\\\/index.php\\\/bolero-radio-leveil-sensoriel-entre-indietronica-et-dream-pop-avec-dawn-of-day\\\/\"]}]},{\"@type\":\"ImageObject\",\"inLanguage\":\"fr-FR\",\"@id\":\"https:\\\/\\\/www.radiocastor.com\\\/index.php\\\/bolero-radio-leveil-sensoriel-entre-indietronica-et-dream-pop-avec-dawn-of-day\\\/#primaryimage\",\"url\":\"https:\\\/\\\/www.radiocastor.com\\\/wp-content\\\/uploads\\\/2026\\\/04\\\/Screenshot-2026-04-09-at-03-54-18-danceagain-1767475883497.jpg-Image-JPEG-2316-\u00d7-3088-pixels-Redimensionnee-29.png\",\"contentUrl\":\"https:\\\/\\\/www.radiocastor.com\\\/wp-content\\\/uploads\\\/2026\\\/04\\\/Screenshot-2026-04-09-at-03-54-18-danceagain-1767475883497.jpg-Image-JPEG-2316-\u00d7-3088-pixels-Redimensionnee-29.png\",\"width\":682,\"height\":566,\"caption\":\"Bolero Radio\"},{\"@type\":\"BreadcrumbList\",\"@id\":\"https:\\\/\\\/www.radiocastor.com\\\/index.php\\\/bolero-radio-leveil-sensoriel-entre-indietronica-et-dream-pop-avec-dawn-of-day\\\/#breadcrumb\",\"itemListElement\":[{\"@type\":\"ListItem\",\"position\":1,\"name\":\"Accueil\",\"item\":\"https:\\\/\\\/www.radiocastor.com\\\/\"},{\"@type\":\"ListItem\",\"position\":2,\"name\":\"Bolero Radio : L&rsquo;\u00e9veil sensoriel entre Indietronica et Dream Pop avec Dawn of Day\"}]},{\"@type\":\"WebSite\",\"@id\":\"https:\\\/\\\/www.radiocastor.com\\\/#website\",\"url\":\"https:\\\/\\\/www.radiocastor.com\\\/\",\"name\":\"Radio Castor\",\"description\":\"La voix !\",\"publisher\":{\"@id\":\"https:\\\/\\\/www.radiocastor.com\\\/#organization\"},\"potentialAction\":[{\"@type\":\"SearchAction\",\"target\":{\"@type\":\"EntryPoint\",\"urlTemplate\":\"https:\\\/\\\/www.radiocastor.com\\\/?s={search_term_string}\"},\"query-input\":{\"@type\":\"PropertyValueSpecification\",\"valueRequired\":true,\"valueName\":\"search_term_string\"}}],\"inLanguage\":\"fr-FR\"},{\"@type\":\"Organization\",\"@id\":\"https:\\\/\\\/www.radiocastor.com\\\/#organization\",\"name\":\"Radio Castor\",\"url\":\"https:\\\/\\\/www.radiocastor.com\\\/\",\"logo\":{\"@type\":\"ImageObject\",\"inLanguage\":\"fr-FR\",\"@id\":\"https:\\\/\\\/www.radiocastor.com\\\/#\\\/schema\\\/logo\\\/image\\\/\",\"url\":\"https:\\\/\\\/www.radiocastor.com\\\/wp-content\\\/uploads\\\/2021\\\/11\\\/cropped-Radio-castor-logo-2.png\",\"contentUrl\":\"https:\\\/\\\/www.radiocastor.com\\\/wp-content\\\/uploads\\\/2021\\\/11\\\/cropped-Radio-castor-logo-2.png\",\"width\":437,\"height\":219,\"caption\":\"Radio Castor\"},\"image\":{\"@id\":\"https:\\\/\\\/www.radiocastor.com\\\/#\\\/schema\\\/logo\\\/image\\\/\"},\"sameAs\":[\"https:\\\/\\\/www.facebook.com\\\/theradiocastor\",\"https:\\\/\\\/x.com\\\/TheRadioCastor\",\"https:\\\/\\\/www.instagram.com\\\/theradiocastor\",\"https:\\\/\\\/www.youtube.com\\\/c\\\/RadioCastor\"]},{\"@type\":\"Person\",\"@id\":\"https:\\\/\\\/www.radiocastor.com\\\/#\\\/schema\\\/person\\\/558b0e47dc4c11fa52b2220ba6a78779\",\"name\":\"R\u00e9daction R C\",\"image\":{\"@type\":\"ImageObject\",\"inLanguage\":\"fr-FR\",\"@id\":\"https:\\\/\\\/secure.gravatar.com\\\/avatar\\\/1d3e4f4c4a0d129f7ed4838ea20c33760c2484b9bc381993df6c0e3f5bf89c23?s=96&d=mm&r=g\",\"url\":\"https:\\\/\\\/secure.gravatar.com\\\/avatar\\\/1d3e4f4c4a0d129f7ed4838ea20c33760c2484b9bc381993df6c0e3f5bf89c23?s=96&d=mm&r=g\",\"contentUrl\":\"https:\\\/\\\/secure.gravatar.com\\\/avatar\\\/1d3e4f4c4a0d129f7ed4838ea20c33760c2484b9bc381993df6c0e3f5bf89c23?s=96&d=mm&r=g\",\"caption\":\"R\u00e9daction R C\"},\"sameAs\":[\"http:\\\/\\\/www.radiocastor.com\"],\"url\":\"https:\\\/\\\/www.radiocastor.com\\\/index.php\\\/author\\\/radio-castor\\\/\"}]}<\/script>\n<!-- \/ Yoast SEO plugin. -->","yoast_head_json":{"title":"Bolero Radio : L'\u00e9veil sensoriel entre Indietronica et Dream Pop avec Dawn of Day - Radio Castor","robots":{"index":"index","follow":"follow","max-snippet":"max-snippet:-1","max-image-preview":"max-image-preview:large","max-video-preview":"max-video-preview:-1"},"canonical":"https:\/\/www.radiocastor.com\/index.php\/bolero-radio-leveil-sensoriel-entre-indietronica-et-dream-pop-avec-dawn-of-day\/","og_locale":"fr_FR","og_type":"article","og_title":"Bolero Radio : L'\u00e9veil sensoriel entre Indietronica et Dream Pop avec Dawn of Day - Radio Castor","og_description":"Bolero Radio nous pr\u00e9sente son nouveau single, \u201cDawn of Day\u201d, sorti le 27 mars 2026....","og_url":"https:\/\/www.radiocastor.com\/index.php\/bolero-radio-leveil-sensoriel-entre-indietronica-et-dream-pop-avec-dawn-of-day\/","og_site_name":"Radio Castor","article_publisher":"https:\/\/www.facebook.com\/theradiocastor","article_published_time":"2026-04-09T01:58:47+00:00","article_modified_time":"2026-04-09T01:58:48+00:00","og_image":[{"width":682,"height":566,"url":"https:\/\/www.radiocastor.com\/wp-content\/uploads\/2026\/04\/Screenshot-2026-04-09-at-03-54-18-danceagain-1767475883497.jpg-Image-JPEG-2316-\u00d7-3088-pixels-Redimensionnee-29.png","type":"image\/png"}],"author":"R\u00e9daction R C","twitter_card":"summary_large_image","twitter_creator":"@TheRadioCastor","twitter_site":"@TheRadioCastor","twitter_misc":{"\u00c9crit par":"R\u00e9daction R C","Dur\u00e9e de lecture estim\u00e9e":"2 minutes"},"schema":{"@context":"https:\/\/schema.org","@graph":[{"@type":"Article","@id":"https:\/\/www.radiocastor.com\/index.php\/bolero-radio-leveil-sensoriel-entre-indietronica-et-dream-pop-avec-dawn-of-day\/#article","isPartOf":{"@id":"https:\/\/www.radiocastor.com\/index.php\/bolero-radio-leveil-sensoriel-entre-indietronica-et-dream-pop-avec-dawn-of-day\/"},"author":{"name":"R\u00e9daction R C","@id":"https:\/\/www.radiocastor.com\/#\/schema\/person\/558b0e47dc4c11fa52b2220ba6a78779"},"headline":"Bolero Radio : L&rsquo;\u00e9veil sensoriel entre Indietronica et Dream Pop avec Dawn of Day","datePublished":"2026-04-09T01:58:47+00:00","dateModified":"2026-04-09T01:58:48+00:00","mainEntityOfPage":{"@id":"https:\/\/www.radiocastor.com\/index.php\/bolero-radio-leveil-sensoriel-entre-indietronica-et-dream-pop-avec-dawn-of-day\/"},"wordCount":221,"publisher":{"@id":"https:\/\/www.radiocastor.com\/#organization"},"image":{"@id":"https:\/\/www.radiocastor.com\/index.php\/bolero-radio-leveil-sensoriel-entre-indietronica-et-dream-pop-avec-dawn-of-day\/#primaryimage"},"thumbnailUrl":"https:\/\/www.radiocastor.com\/wp-content\/uploads\/2026\/04\/Screenshot-2026-04-09-at-03-54-18-danceagain-1767475883497.jpg-Image-JPEG-2316-\u00d7-3088-pixels-Redimensionnee-29.png","articleSection":["Pop","Rock","Single","Sortie"],"inLanguage":"fr-FR"},{"@type":"WebPage","@id":"https:\/\/www.radiocastor.com\/index.php\/bolero-radio-leveil-sensoriel-entre-indietronica-et-dream-pop-avec-dawn-of-day\/","url":"https:\/\/www.radiocastor.com\/index.php\/bolero-radio-leveil-sensoriel-entre-indietronica-et-dream-pop-avec-dawn-of-day\/","name":"Bolero Radio : L'\u00e9veil sensoriel entre Indietronica et Dream Pop avec Dawn of Day - Radio Castor","isPartOf":{"@id":"https:\/\/www.radiocastor.com\/#website"},"primaryImageOfPage":{"@id":"https:\/\/www.radiocastor.com\/index.php\/bolero-radio-leveil-sensoriel-entre-indietronica-et-dream-pop-avec-dawn-of-day\/#primaryimage"},"image":{"@id":"https:\/\/www.radiocastor.com\/index.php\/bolero-radio-leveil-sensoriel-entre-indietronica-et-dream-pop-avec-dawn-of-day\/#primaryimage"},"thumbnailUrl":"https:\/\/www.radiocastor.com\/wp-content\/uploads\/2026\/04\/Screenshot-2026-04-09-at-03-54-18-danceagain-1767475883497.jpg-Image-JPEG-2316-\u00d7-3088-pixels-Redimensionnee-29.png","datePublished":"2026-04-09T01:58:47+00:00","dateModified":"2026-04-09T01:58:48+00:00","breadcrumb":{"@id":"https:\/\/www.radiocastor.com\/index.php\/bolero-radio-leveil-sensoriel-entre-indietronica-et-dream-pop-avec-dawn-of-day\/#breadcrumb"},"inLanguage":"fr-FR","potentialAction":[{"@type":"ReadAction","target":["https:\/\/www.radiocastor.com\/index.php\/bolero-radio-leveil-sensoriel-entre-indietronica-et-dream-pop-avec-dawn-of-day\/"]}]},{"@type":"ImageObject","inLanguage":"fr-FR","@id":"https:\/\/www.radiocastor.com\/index.php\/bolero-radio-leveil-sensoriel-entre-indietronica-et-dream-pop-avec-dawn-of-day\/#primaryimage","url":"https:\/\/www.radiocastor.com\/wp-content\/uploads\/2026\/04\/Screenshot-2026-04-09-at-03-54-18-danceagain-1767475883497.jpg-Image-JPEG-2316-\u00d7-3088-pixels-Redimensionnee-29.png","contentUrl":"https:\/\/www.radiocastor.com\/wp-content\/uploads\/2026\/04\/Screenshot-2026-04-09-at-03-54-18-danceagain-1767475883497.jpg-Image-JPEG-2316-\u00d7-3088-pixels-Redimensionnee-29.png","width":682,"height":566,"caption":"Bolero Radio"},{"@type":"BreadcrumbList","@id":"https:\/\/www.radiocastor.com\/index.php\/bolero-radio-leveil-sensoriel-entre-indietronica-et-dream-pop-avec-dawn-of-day\/#breadcrumb","itemListElement":[{"@type":"ListItem","position":1,"name":"Accueil","item":"https:\/\/www.radiocastor.com\/"},{"@type":"ListItem","position":2,"name":"Bolero Radio : L&rsquo;\u00e9veil sensoriel entre Indietronica et Dream Pop avec Dawn of Day"}]},{"@type":"WebSite","@id":"https:\/\/www.radiocastor.com\/#website","url":"https:\/\/www.radiocastor.com\/","name":"Radio Castor","description":"La voix !","publisher":{"@id":"https:\/\/www.radiocastor.com\/#organization"},"potentialAction":[{"@type":"SearchAction","target":{"@type":"EntryPoint","urlTemplate":"https:\/\/www.radiocastor.com\/?s={search_term_string}"},"query-input":{"@type":"PropertyValueSpecification","valueRequired":true,"valueName":"search_term_string"}}],"inLanguage":"fr-FR"},{"@type":"Organization","@id":"https:\/\/www.radiocastor.com\/#organization","name":"Radio Castor","url":"https:\/\/www.radiocastor.com\/","logo":{"@type":"ImageObject","inLanguage":"fr-FR","@id":"https:\/\/www.radiocastor.com\/#\/schema\/logo\/image\/","url":"https:\/\/www.radiocastor.com\/wp-content\/uploads\/2021\/11\/cropped-Radio-castor-logo-2.png","contentUrl":"https:\/\/www.radiocastor.com\/wp-content\/uploads\/2021\/11\/cropped-Radio-castor-logo-2.png","width":437,"height":219,"caption":"Radio Castor"},"image":{"@id":"https:\/\/www.radiocastor.com\/#\/schema\/logo\/image\/"},"sameAs":["https:\/\/www.facebook.com\/theradiocastor","https:\/\/x.com\/TheRadioCastor","https:\/\/www.instagram.com\/theradiocastor","https:\/\/www.youtube.com\/c\/RadioCastor"]},{"@type":"Person","@id":"https:\/\/www.radiocastor.com\/#\/schema\/person\/558b0e47dc4c11fa52b2220ba6a78779","name":"R\u00e9daction R C","image":{"@type":"ImageObject","inLanguage":"fr-FR","@id":"https:\/\/secure.gravatar.com\/avatar\/1d3e4f4c4a0d129f7ed4838ea20c33760c2484b9bc381993df6c0e3f5bf89c23?s=96&d=mm&r=g","url":"https:\/\/secure.gravatar.com\/avatar\/1d3e4f4c4a0d129f7ed4838ea20c33760c2484b9bc381993df6c0e3f5bf89c23?s=96&d=mm&r=g","contentUrl":"https:\/\/secure.gravatar.com\/avatar\/1d3e4f4c4a0d129f7ed4838ea20c33760c2484b9bc381993df6c0e3f5bf89c23?s=96&d=mm&r=g","caption":"R\u00e9daction R C"},"sameAs":["http:\/\/www.radiocastor.com"],"url":"https:\/\/www.radiocastor.com\/index.php\/author\/radio-castor\/"}]}},"uagb_featured_image_src":{"full":["https:\/\/www.radiocastor.com\/wp-content\/uploads\/2026\/04\/Screenshot-2026-04-09-at-03-54-18-danceagain-1767475883497.jpg-Image-JPEG-2316-\u00d7-3088-pixels-Redimensionnee-29.png",682,566,false],"thumbnail":["https:\/\/www.radiocastor.com\/wp-content\/uploads\/2026\/04\/Screenshot-2026-04-09-at-03-54-18-danceagain-1767475883497.jpg-Image-JPEG-2316-\u00d7-3088-pixels-Redimensionnee-29-150x150.png",150,150,true],"medium":["https:\/\/www.radiocastor.com\/wp-content\/uploads\/2026\/04\/Screenshot-2026-04-09-at-03-54-18-danceagain-1767475883497.jpg-Image-JPEG-2316-\u00d7-3088-pixels-Redimensionnee-29-300x249.png",300,249,true],"medium_large":["https:\/\/www.radiocastor.com\/wp-content\/uploads\/2026\/04\/Screenshot-2026-04-09-at-03-54-18-danceagain-1767475883497.jpg-Image-JPEG-2316-\u00d7-3088-pixels-Redimensionnee-29.png",640,531,false],"large":["https:\/\/www.radiocastor.com\/wp-content\/uploads\/2026\/04\/Screenshot-2026-04-09-at-03-54-18-danceagain-1767475883497.jpg-Image-JPEG-2316-\u00d7-3088-pixels-Redimensionnee-29.png",640,531,false],"1536x1536":["https:\/\/www.radiocastor.com\/wp-content\/uploads\/2026\/04\/Screenshot-2026-04-09-at-03-54-18-danceagain-1767475883497.jpg-Image-JPEG-2316-\u00d7-3088-pixels-Redimensionnee-29.png",682,566,false],"2048x2048":["https:\/\/www.radiocastor.com\/wp-content\/uploads\/2026\/04\/Screenshot-2026-04-09-at-03-54-18-danceagain-1767475883497.jpg-Image-JPEG-2316-\u00d7-3088-pixels-Redimensionnee-29.png",682,566,false],"newsever-slider-full":["https:\/\/www.radiocastor.com\/wp-content\/uploads\/2026\/04\/Screenshot-2026-04-09-at-03-54-18-danceagain-1767475883497.jpg-Image-JPEG-2316-\u00d7-3088-pixels-Redimensionnee-29.png",682,566,false],"newsever-featured":["https:\/\/www.radiocastor.com\/wp-content\/uploads\/2026\/04\/Screenshot-2026-04-09-at-03-54-18-danceagain-1767475883497.jpg-Image-JPEG-2316-\u00d7-3088-pixels-Redimensionnee-29.png",682,566,false],"newsever-medium":["https:\/\/www.radiocastor.com\/wp-content\/uploads\/2026\/04\/Screenshot-2026-04-09-at-03-54-18-danceagain-1767475883497.jpg-Image-JPEG-2316-\u00d7-3088-pixels-Redimensionnee-29-682x475.png",682,475,true]},"uagb_author_info":{"display_name":"R\u00e9daction R C","author_link":"https:\/\/www.radiocastor.com\/index.php\/author\/radio-castor\/"},"uagb_comment_info":0,"uagb_excerpt":"Bolero Radio nous pr\u00e9sente son nouveau single, \u201cDawn of Day\u201d, sorti le 27 mars 2026....","_links":{"self":[{"href":"https:\/\/www.radiocastor.com\/index.php\/wp-json\/wp\/v2\/posts\/14920","targetHints":{"allow":["GET"]}}],"collection":[{"href":"https:\/\/www.radiocastor.com\/index.php\/wp-json\/wp\/v2\/posts"}],"about":[{"href":"https:\/\/www.radiocastor.com\/index.php\/wp-json\/wp\/v2\/types\/post"}],"author":[{"embeddable":true,"href":"https:\/\/www.radiocastor.com\/index.php\/wp-json\/wp\/v2\/users\/1"}],"replies":[{"embeddable":true,"href":"https:\/\/www.radiocastor.com\/index.php\/wp-json\/wp\/v2\/comments?post=14920"}],"version-history":[{"count":1,"href":"https:\/\/www.radiocastor.com\/index.php\/wp-json\/wp\/v2\/posts\/14920\/revisions"}],"predecessor-version":[{"id":14922,"href":"https:\/\/www.radiocastor.com\/index.php\/wp-json\/wp\/v2\/posts\/14920\/revisions\/14922"}],"wp:featuredmedia":[{"embeddable":true,"href":"https:\/\/www.radiocastor.com\/index.php\/wp-json\/wp\/v2\/media\/14921"}],"wp:attachment":[{"href":"https:\/\/www.radiocastor.com\/index.php\/wp-json\/wp\/v2\/media?parent=14920"}],"wp:term":[{"taxonomy":"category","embeddable":true,"href":"https:\/\/www.radiocastor.com\/index.php\/wp-json\/wp\/v2\/categories?post=14920"},{"taxonomy":"post_tag","embeddable":true,"href":"https:\/\/www.radiocastor.com\/index.php\/wp-json\/wp\/v2\/tags?post=14920"}],"curies":[{"name":"wp","href":"https:\/\/api.w.org\/{rel}","templated":true}]}}