{"id":14906,"date":"2026-04-08T20:12:07","date_gmt":"2026-04-08T18:12:07","guid":{"rendered":"https:\/\/www.radiocastor.com\/?p=14906"},"modified":"2026-04-08T20:12:08","modified_gmt":"2026-04-08T18:12:08","slug":"marlen-tjosvoll-lenvoutante-melodie-de-labsence-avec-song-in-my-head","status":"publish","type":"post","link":"https:\/\/www.radiocastor.com\/index.php\/marlen-tjosvoll-lenvoutante-melodie-de-labsence-avec-song-in-my-head\/","title":{"rendered":"Marlen Tj\u00f8svoll : L&rsquo;envo\u00fbtante m\u00e9lodie de l&rsquo;absence avec Song In My Head"},"content":{"rendered":"\n<p>Marlen Tj\u00f8svoll nous pr\u00e9sente son nouveau single, \u201cSong In My Head\u201d, sorti le 27 mars 2026.<\/p>\n\n\n\n<p>R\u00e9v\u00e9l\u00e9e au grand public en 2025 lors de son passage viral dans <em>The Voice Norway<\/em> avec une reprise magistrale de \u00ab\u00a0Bang Bang\u00a0\u00bb (salu\u00e9e jusqu&rsquo;\u00e0 l&rsquo;international par Sharon Stone), <strong>Marlen Tj\u00f8svoll<\/strong> confirme aujourd&rsquo;hui son statut d&rsquo;artiste incontournable. Form\u00e9e \u00e0 la prestigieuse Berklee College of Music, l&rsquo;auteure-compositrice-interpr\u00e8te norv\u00e9gienne se distingue par un vibrato expressif unique et une capacit\u00e9 \u00e0 naviguer entre pop, soul et folk avec une authenticit\u00e9 brute. Pour son premier album, elle a choisi l&rsquo;intimit\u00e9 d&rsquo;un chalet familial pour enregistrer, entour\u00e9e de musiciens tri\u00e9s sur le volet, afin de capturer un son organique et profond\u00e9ment personnel.<\/p>\n\n\n\n<p>Le morceau <strong>Song In My Head<\/strong>, titre phare de son prochain album (attendu pour le 15 mai 2026), utilise la m\u00e9taphore d&rsquo;une m\u00e9lodie obs\u00e9dante pour d\u00e9crire la pr\u00e9sence persistante d&rsquo;une personne aim\u00e9e dans l&rsquo;esprit. Entre Indie Pop et Folk Rock, la chanson capture ce sentiment ambivalent o\u00f9 le souvenir de l&rsquo;autre est \u00e0 la fois un r\u00e9confort et une hantise. Ce n&rsquo;est pas un appel au retour, mais une confession honn\u00eate, une tentative de \u00ab\u00a0faire taire la musique\u00a0\u00bb pour enfin avancer. Avec une \u00e9l\u00e9gance qui rappelle Lana Del Rey ou MARO, Marlen Tj\u00f8svoll transforme le manque en une \u0153uvre cin\u00e9matographique d&rsquo;une grande finesse.<\/p>\n\n\n\n<p><em>A \u00e9couter sur <a href=\"https:\/\/www.radiocastor.com\/index.php\/playlist\/\" target=\"_blank\" rel=\"noreferrer noopener\">nos playlists<\/a> !<\/em><\/p>\n\n\n\n<p style=\"text-align: center;\"><iframe loading=\"lazy\" width=\"560\" height=\"315\" src=\"https:\/\/www.youtube.com\/embed\/0LGYiLV3awQ?si=QWTwtS6UjhOKs-HY\" title=\"YouTube video player\" frameborder=\"0\" allow=\"accelerometer; autoplay; clipboard-write; encrypted-media; gyroscope; picture-in-picture; web-share\" referrerpolicy=\"strict-origin-when-cross-origin\" allowfullscreen><\/iframe><\/p>\n\n\n\n<p class=\"has-text-align-center\"><a href=\"https:\/\/www.instagram.com\/fruitysinger\" target=\"_blank\" rel=\"noreferrer noopener\">Instagram<\/a><\/p>\n","protected":false},"excerpt":{"rendered":"<p>Marlen Tj\u00f8svoll nous pr\u00e9sente son nouveau single, \u201cSong In My Head\u201d, sorti le 27 mars&#8230;<\/p>\n","protected":false},"author":1,"featured_media":14908,"comment_status":"closed","ping_status":"open","sticky":false,"template":"","format":"standard","meta":{"_uag_custom_page_level_css":"","footnotes":""},"categories":[76,4,5,32,46],"tags":[],"class_list":["post-14906","post","type-post","status-publish","format-standard","has-post-thumbnail","hentry","category-folk","category-pop","category-rock","category-single","category-sortie"],"yoast_head":"<!-- This site is optimized with the Yoast SEO plugin v27.4 - https:\/\/yoast.com\/product\/yoast-seo-wordpress\/ -->\n<title>Marlen Tj\u00f8svoll : L&#039;envo\u00fbtante m\u00e9lodie de l&#039;absence avec Song In My Head - Radio Castor<\/title>\n<meta name=\"robots\" content=\"index, follow, max-snippet:-1, max-image-preview:large, max-video-preview:-1\" \/>\n<link rel=\"canonical\" href=\"https:\/\/www.radiocastor.com\/index.php\/marlen-tjosvoll-lenvoutante-melodie-de-labsence-avec-song-in-my-head\/\" \/>\n<meta property=\"og:locale\" content=\"fr_FR\" \/>\n<meta property=\"og:type\" content=\"article\" \/>\n<meta property=\"og:title\" content=\"Marlen Tj\u00f8svoll : L&#039;envo\u00fbtante m\u00e9lodie de l&#039;absence avec Song In My Head - Radio Castor\" \/>\n<meta property=\"og:description\" content=\"Marlen Tj\u00f8svoll nous pr\u00e9sente son nouveau single, \u201cSong In My Head\u201d, sorti le 27 mars...\" \/>\n<meta property=\"og:url\" content=\"https:\/\/www.radiocastor.com\/index.php\/marlen-tjosvoll-lenvoutante-melodie-de-labsence-avec-song-in-my-head\/\" \/>\n<meta property=\"og:site_name\" content=\"Radio Castor\" \/>\n<meta property=\"article:publisher\" content=\"https:\/\/www.facebook.com\/theradiocastor\" \/>\n<meta property=\"article:published_time\" content=\"2026-04-08T18:12:07+00:00\" \/>\n<meta property=\"article:modified_time\" content=\"2026-04-08T18:12:08+00:00\" \/>\n<meta property=\"og:image\" content=\"https:\/\/www.radiocastor.com\/wp-content\/uploads\/2026\/04\/Screenshot-2026-04-08-at-20-07-41-Instagram-1.png\" \/>\n\t<meta property=\"og:image:width\" content=\"480\" \/>\n\t<meta property=\"og:image:height\" content=\"683\" \/>\n\t<meta property=\"og:image:type\" content=\"image\/png\" \/>\n<meta name=\"author\" content=\"R\u00e9daction R C\" \/>\n<meta name=\"twitter:card\" content=\"summary_large_image\" \/>\n<meta name=\"twitter:creator\" content=\"@TheRadioCastor\" \/>\n<meta name=\"twitter:site\" content=\"@TheRadioCastor\" \/>\n<meta name=\"twitter:label1\" content=\"\u00c9crit par\" \/>\n\t<meta name=\"twitter:data1\" content=\"R\u00e9daction R C\" \/>\n\t<meta name=\"twitter:label2\" content=\"Dur\u00e9e de lecture estim\u00e9e\" \/>\n\t<meta name=\"twitter:data2\" content=\"2 minutes\" \/>\n<script type=\"application\/ld+json\" class=\"yoast-schema-graph\">{\"@context\":\"https:\\\/\\\/schema.org\",\"@graph\":[{\"@type\":\"Article\",\"@id\":\"https:\\\/\\\/www.radiocastor.com\\\/index.php\\\/marlen-tjosvoll-lenvoutante-melodie-de-labsence-avec-song-in-my-head\\\/#article\",\"isPartOf\":{\"@id\":\"https:\\\/\\\/www.radiocastor.com\\\/index.php\\\/marlen-tjosvoll-lenvoutante-melodie-de-labsence-avec-song-in-my-head\\\/\"},\"author\":{\"name\":\"R\u00e9daction R C\",\"@id\":\"https:\\\/\\\/www.radiocastor.com\\\/#\\\/schema\\\/person\\\/558b0e47dc4c11fa52b2220ba6a78779\"},\"headline\":\"Marlen Tj\u00f8svoll : L&rsquo;envo\u00fbtante m\u00e9lodie de l&rsquo;absence avec Song In My Head\",\"datePublished\":\"2026-04-08T18:12:07+00:00\",\"dateModified\":\"2026-04-08T18:12:08+00:00\",\"mainEntityOfPage\":{\"@id\":\"https:\\\/\\\/www.radiocastor.com\\\/index.php\\\/marlen-tjosvoll-lenvoutante-melodie-de-labsence-avec-song-in-my-head\\\/\"},\"wordCount\":265,\"publisher\":{\"@id\":\"https:\\\/\\\/www.radiocastor.com\\\/#organization\"},\"image\":{\"@id\":\"https:\\\/\\\/www.radiocastor.com\\\/index.php\\\/marlen-tjosvoll-lenvoutante-melodie-de-labsence-avec-song-in-my-head\\\/#primaryimage\"},\"thumbnailUrl\":\"https:\\\/\\\/www.radiocastor.com\\\/wp-content\\\/uploads\\\/2026\\\/04\\\/Screenshot-2026-04-08-at-20-07-41-Instagram-1.png\",\"articleSection\":[\"Folk\",\"Pop\",\"Rock\",\"Single\",\"Sortie\"],\"inLanguage\":\"fr-FR\"},{\"@type\":\"WebPage\",\"@id\":\"https:\\\/\\\/www.radiocastor.com\\\/index.php\\\/marlen-tjosvoll-lenvoutante-melodie-de-labsence-avec-song-in-my-head\\\/\",\"url\":\"https:\\\/\\\/www.radiocastor.com\\\/index.php\\\/marlen-tjosvoll-lenvoutante-melodie-de-labsence-avec-song-in-my-head\\\/\",\"name\":\"Marlen Tj\u00f8svoll : L'envo\u00fbtante m\u00e9lodie de l'absence avec Song In My Head - Radio Castor\",\"isPartOf\":{\"@id\":\"https:\\\/\\\/www.radiocastor.com\\\/#website\"},\"primaryImageOfPage\":{\"@id\":\"https:\\\/\\\/www.radiocastor.com\\\/index.php\\\/marlen-tjosvoll-lenvoutante-melodie-de-labsence-avec-song-in-my-head\\\/#primaryimage\"},\"image\":{\"@id\":\"https:\\\/\\\/www.radiocastor.com\\\/index.php\\\/marlen-tjosvoll-lenvoutante-melodie-de-labsence-avec-song-in-my-head\\\/#primaryimage\"},\"thumbnailUrl\":\"https:\\\/\\\/www.radiocastor.com\\\/wp-content\\\/uploads\\\/2026\\\/04\\\/Screenshot-2026-04-08-at-20-07-41-Instagram-1.png\",\"datePublished\":\"2026-04-08T18:12:07+00:00\",\"dateModified\":\"2026-04-08T18:12:08+00:00\",\"breadcrumb\":{\"@id\":\"https:\\\/\\\/www.radiocastor.com\\\/index.php\\\/marlen-tjosvoll-lenvoutante-melodie-de-labsence-avec-song-in-my-head\\\/#breadcrumb\"},\"inLanguage\":\"fr-FR\",\"potentialAction\":[{\"@type\":\"ReadAction\",\"target\":[\"https:\\\/\\\/www.radiocastor.com\\\/index.php\\\/marlen-tjosvoll-lenvoutante-melodie-de-labsence-avec-song-in-my-head\\\/\"]}]},{\"@type\":\"ImageObject\",\"inLanguage\":\"fr-FR\",\"@id\":\"https:\\\/\\\/www.radiocastor.com\\\/index.php\\\/marlen-tjosvoll-lenvoutante-melodie-de-labsence-avec-song-in-my-head\\\/#primaryimage\",\"url\":\"https:\\\/\\\/www.radiocastor.com\\\/wp-content\\\/uploads\\\/2026\\\/04\\\/Screenshot-2026-04-08-at-20-07-41-Instagram-1.png\",\"contentUrl\":\"https:\\\/\\\/www.radiocastor.com\\\/wp-content\\\/uploads\\\/2026\\\/04\\\/Screenshot-2026-04-08-at-20-07-41-Instagram-1.png\",\"width\":480,\"height\":683,\"caption\":\"Marlen Tj\u00f8svoll\"},{\"@type\":\"BreadcrumbList\",\"@id\":\"https:\\\/\\\/www.radiocastor.com\\\/index.php\\\/marlen-tjosvoll-lenvoutante-melodie-de-labsence-avec-song-in-my-head\\\/#breadcrumb\",\"itemListElement\":[{\"@type\":\"ListItem\",\"position\":1,\"name\":\"Accueil\",\"item\":\"https:\\\/\\\/www.radiocastor.com\\\/\"},{\"@type\":\"ListItem\",\"position\":2,\"name\":\"Marlen Tj\u00f8svoll : L&rsquo;envo\u00fbtante m\u00e9lodie de l&rsquo;absence avec Song In My Head\"}]},{\"@type\":\"WebSite\",\"@id\":\"https:\\\/\\\/www.radiocastor.com\\\/#website\",\"url\":\"https:\\\/\\\/www.radiocastor.com\\\/\",\"name\":\"Radio Castor\",\"description\":\"La voix !\",\"publisher\":{\"@id\":\"https:\\\/\\\/www.radiocastor.com\\\/#organization\"},\"potentialAction\":[{\"@type\":\"SearchAction\",\"target\":{\"@type\":\"EntryPoint\",\"urlTemplate\":\"https:\\\/\\\/www.radiocastor.com\\\/?s={search_term_string}\"},\"query-input\":{\"@type\":\"PropertyValueSpecification\",\"valueRequired\":true,\"valueName\":\"search_term_string\"}}],\"inLanguage\":\"fr-FR\"},{\"@type\":\"Organization\",\"@id\":\"https:\\\/\\\/www.radiocastor.com\\\/#organization\",\"name\":\"Radio Castor\",\"url\":\"https:\\\/\\\/www.radiocastor.com\\\/\",\"logo\":{\"@type\":\"ImageObject\",\"inLanguage\":\"fr-FR\",\"@id\":\"https:\\\/\\\/www.radiocastor.com\\\/#\\\/schema\\\/logo\\\/image\\\/\",\"url\":\"https:\\\/\\\/www.radiocastor.com\\\/wp-content\\\/uploads\\\/2021\\\/11\\\/cropped-Radio-castor-logo-2.png\",\"contentUrl\":\"https:\\\/\\\/www.radiocastor.com\\\/wp-content\\\/uploads\\\/2021\\\/11\\\/cropped-Radio-castor-logo-2.png\",\"width\":437,\"height\":219,\"caption\":\"Radio Castor\"},\"image\":{\"@id\":\"https:\\\/\\\/www.radiocastor.com\\\/#\\\/schema\\\/logo\\\/image\\\/\"},\"sameAs\":[\"https:\\\/\\\/www.facebook.com\\\/theradiocastor\",\"https:\\\/\\\/x.com\\\/TheRadioCastor\",\"https:\\\/\\\/www.instagram.com\\\/theradiocastor\",\"https:\\\/\\\/www.youtube.com\\\/c\\\/RadioCastor\"]},{\"@type\":\"Person\",\"@id\":\"https:\\\/\\\/www.radiocastor.com\\\/#\\\/schema\\\/person\\\/558b0e47dc4c11fa52b2220ba6a78779\",\"name\":\"R\u00e9daction R C\",\"image\":{\"@type\":\"ImageObject\",\"inLanguage\":\"fr-FR\",\"@id\":\"https:\\\/\\\/secure.gravatar.com\\\/avatar\\\/1d3e4f4c4a0d129f7ed4838ea20c33760c2484b9bc381993df6c0e3f5bf89c23?s=96&d=mm&r=g\",\"url\":\"https:\\\/\\\/secure.gravatar.com\\\/avatar\\\/1d3e4f4c4a0d129f7ed4838ea20c33760c2484b9bc381993df6c0e3f5bf89c23?s=96&d=mm&r=g\",\"contentUrl\":\"https:\\\/\\\/secure.gravatar.com\\\/avatar\\\/1d3e4f4c4a0d129f7ed4838ea20c33760c2484b9bc381993df6c0e3f5bf89c23?s=96&d=mm&r=g\",\"caption\":\"R\u00e9daction R C\"},\"sameAs\":[\"http:\\\/\\\/www.radiocastor.com\"],\"url\":\"https:\\\/\\\/www.radiocastor.com\\\/index.php\\\/author\\\/radio-castor\\\/\"}]}<\/script>\n<!-- \/ Yoast SEO plugin. -->","yoast_head_json":{"title":"Marlen Tj\u00f8svoll : L'envo\u00fbtante m\u00e9lodie de l'absence avec Song In My Head - Radio Castor","robots":{"index":"index","follow":"follow","max-snippet":"max-snippet:-1","max-image-preview":"max-image-preview:large","max-video-preview":"max-video-preview:-1"},"canonical":"https:\/\/www.radiocastor.com\/index.php\/marlen-tjosvoll-lenvoutante-melodie-de-labsence-avec-song-in-my-head\/","og_locale":"fr_FR","og_type":"article","og_title":"Marlen Tj\u00f8svoll : L'envo\u00fbtante m\u00e9lodie de l'absence avec Song In My Head - Radio Castor","og_description":"Marlen Tj\u00f8svoll nous pr\u00e9sente son nouveau single, \u201cSong In My Head\u201d, sorti le 27 mars...","og_url":"https:\/\/www.radiocastor.com\/index.php\/marlen-tjosvoll-lenvoutante-melodie-de-labsence-avec-song-in-my-head\/","og_site_name":"Radio Castor","article_publisher":"https:\/\/www.facebook.com\/theradiocastor","article_published_time":"2026-04-08T18:12:07+00:00","article_modified_time":"2026-04-08T18:12:08+00:00","og_image":[{"width":480,"height":683,"url":"https:\/\/www.radiocastor.com\/wp-content\/uploads\/2026\/04\/Screenshot-2026-04-08-at-20-07-41-Instagram-1.png","type":"image\/png"}],"author":"R\u00e9daction R C","twitter_card":"summary_large_image","twitter_creator":"@TheRadioCastor","twitter_site":"@TheRadioCastor","twitter_misc":{"\u00c9crit par":"R\u00e9daction R C","Dur\u00e9e de lecture estim\u00e9e":"2 minutes"},"schema":{"@context":"https:\/\/schema.org","@graph":[{"@type":"Article","@id":"https:\/\/www.radiocastor.com\/index.php\/marlen-tjosvoll-lenvoutante-melodie-de-labsence-avec-song-in-my-head\/#article","isPartOf":{"@id":"https:\/\/www.radiocastor.com\/index.php\/marlen-tjosvoll-lenvoutante-melodie-de-labsence-avec-song-in-my-head\/"},"author":{"name":"R\u00e9daction R C","@id":"https:\/\/www.radiocastor.com\/#\/schema\/person\/558b0e47dc4c11fa52b2220ba6a78779"},"headline":"Marlen Tj\u00f8svoll : L&rsquo;envo\u00fbtante m\u00e9lodie de l&rsquo;absence avec Song In My Head","datePublished":"2026-04-08T18:12:07+00:00","dateModified":"2026-04-08T18:12:08+00:00","mainEntityOfPage":{"@id":"https:\/\/www.radiocastor.com\/index.php\/marlen-tjosvoll-lenvoutante-melodie-de-labsence-avec-song-in-my-head\/"},"wordCount":265,"publisher":{"@id":"https:\/\/www.radiocastor.com\/#organization"},"image":{"@id":"https:\/\/www.radiocastor.com\/index.php\/marlen-tjosvoll-lenvoutante-melodie-de-labsence-avec-song-in-my-head\/#primaryimage"},"thumbnailUrl":"https:\/\/www.radiocastor.com\/wp-content\/uploads\/2026\/04\/Screenshot-2026-04-08-at-20-07-41-Instagram-1.png","articleSection":["Folk","Pop","Rock","Single","Sortie"],"inLanguage":"fr-FR"},{"@type":"WebPage","@id":"https:\/\/www.radiocastor.com\/index.php\/marlen-tjosvoll-lenvoutante-melodie-de-labsence-avec-song-in-my-head\/","url":"https:\/\/www.radiocastor.com\/index.php\/marlen-tjosvoll-lenvoutante-melodie-de-labsence-avec-song-in-my-head\/","name":"Marlen Tj\u00f8svoll : L'envo\u00fbtante m\u00e9lodie de l'absence avec Song In My Head - Radio Castor","isPartOf":{"@id":"https:\/\/www.radiocastor.com\/#website"},"primaryImageOfPage":{"@id":"https:\/\/www.radiocastor.com\/index.php\/marlen-tjosvoll-lenvoutante-melodie-de-labsence-avec-song-in-my-head\/#primaryimage"},"image":{"@id":"https:\/\/www.radiocastor.com\/index.php\/marlen-tjosvoll-lenvoutante-melodie-de-labsence-avec-song-in-my-head\/#primaryimage"},"thumbnailUrl":"https:\/\/www.radiocastor.com\/wp-content\/uploads\/2026\/04\/Screenshot-2026-04-08-at-20-07-41-Instagram-1.png","datePublished":"2026-04-08T18:12:07+00:00","dateModified":"2026-04-08T18:12:08+00:00","breadcrumb":{"@id":"https:\/\/www.radiocastor.com\/index.php\/marlen-tjosvoll-lenvoutante-melodie-de-labsence-avec-song-in-my-head\/#breadcrumb"},"inLanguage":"fr-FR","potentialAction":[{"@type":"ReadAction","target":["https:\/\/www.radiocastor.com\/index.php\/marlen-tjosvoll-lenvoutante-melodie-de-labsence-avec-song-in-my-head\/"]}]},{"@type":"ImageObject","inLanguage":"fr-FR","@id":"https:\/\/www.radiocastor.com\/index.php\/marlen-tjosvoll-lenvoutante-melodie-de-labsence-avec-song-in-my-head\/#primaryimage","url":"https:\/\/www.radiocastor.com\/wp-content\/uploads\/2026\/04\/Screenshot-2026-04-08-at-20-07-41-Instagram-1.png","contentUrl":"https:\/\/www.radiocastor.com\/wp-content\/uploads\/2026\/04\/Screenshot-2026-04-08-at-20-07-41-Instagram-1.png","width":480,"height":683,"caption":"Marlen Tj\u00f8svoll"},{"@type":"BreadcrumbList","@id":"https:\/\/www.radiocastor.com\/index.php\/marlen-tjosvoll-lenvoutante-melodie-de-labsence-avec-song-in-my-head\/#breadcrumb","itemListElement":[{"@type":"ListItem","position":1,"name":"Accueil","item":"https:\/\/www.radiocastor.com\/"},{"@type":"ListItem","position":2,"name":"Marlen Tj\u00f8svoll : L&rsquo;envo\u00fbtante m\u00e9lodie de l&rsquo;absence avec Song In My Head"}]},{"@type":"WebSite","@id":"https:\/\/www.radiocastor.com\/#website","url":"https:\/\/www.radiocastor.com\/","name":"Radio Castor","description":"La voix !","publisher":{"@id":"https:\/\/www.radiocastor.com\/#organization"},"potentialAction":[{"@type":"SearchAction","target":{"@type":"EntryPoint","urlTemplate":"https:\/\/www.radiocastor.com\/?s={search_term_string}"},"query-input":{"@type":"PropertyValueSpecification","valueRequired":true,"valueName":"search_term_string"}}],"inLanguage":"fr-FR"},{"@type":"Organization","@id":"https:\/\/www.radiocastor.com\/#organization","name":"Radio Castor","url":"https:\/\/www.radiocastor.com\/","logo":{"@type":"ImageObject","inLanguage":"fr-FR","@id":"https:\/\/www.radiocastor.com\/#\/schema\/logo\/image\/","url":"https:\/\/www.radiocastor.com\/wp-content\/uploads\/2021\/11\/cropped-Radio-castor-logo-2.png","contentUrl":"https:\/\/www.radiocastor.com\/wp-content\/uploads\/2021\/11\/cropped-Radio-castor-logo-2.png","width":437,"height":219,"caption":"Radio Castor"},"image":{"@id":"https:\/\/www.radiocastor.com\/#\/schema\/logo\/image\/"},"sameAs":["https:\/\/www.facebook.com\/theradiocastor","https:\/\/x.com\/TheRadioCastor","https:\/\/www.instagram.com\/theradiocastor","https:\/\/www.youtube.com\/c\/RadioCastor"]},{"@type":"Person","@id":"https:\/\/www.radiocastor.com\/#\/schema\/person\/558b0e47dc4c11fa52b2220ba6a78779","name":"R\u00e9daction R C","image":{"@type":"ImageObject","inLanguage":"fr-FR","@id":"https:\/\/secure.gravatar.com\/avatar\/1d3e4f4c4a0d129f7ed4838ea20c33760c2484b9bc381993df6c0e3f5bf89c23?s=96&d=mm&r=g","url":"https:\/\/secure.gravatar.com\/avatar\/1d3e4f4c4a0d129f7ed4838ea20c33760c2484b9bc381993df6c0e3f5bf89c23?s=96&d=mm&r=g","contentUrl":"https:\/\/secure.gravatar.com\/avatar\/1d3e4f4c4a0d129f7ed4838ea20c33760c2484b9bc381993df6c0e3f5bf89c23?s=96&d=mm&r=g","caption":"R\u00e9daction R C"},"sameAs":["http:\/\/www.radiocastor.com"],"url":"https:\/\/www.radiocastor.com\/index.php\/author\/radio-castor\/"}]}},"uagb_featured_image_src":{"full":["https:\/\/www.radiocastor.com\/wp-content\/uploads\/2026\/04\/Screenshot-2026-04-08-at-20-07-41-Instagram-1.png",480,683,false],"thumbnail":["https:\/\/www.radiocastor.com\/wp-content\/uploads\/2026\/04\/Screenshot-2026-04-08-at-20-07-41-Instagram-1-150x150.png",150,150,true],"medium":["https:\/\/www.radiocastor.com\/wp-content\/uploads\/2026\/04\/Screenshot-2026-04-08-at-20-07-41-Instagram-1-211x300.png",211,300,true],"medium_large":["https:\/\/www.radiocastor.com\/wp-content\/uploads\/2026\/04\/Screenshot-2026-04-08-at-20-07-41-Instagram-1.png",480,683,false],"large":["https:\/\/www.radiocastor.com\/wp-content\/uploads\/2026\/04\/Screenshot-2026-04-08-at-20-07-41-Instagram-1.png",480,683,false],"1536x1536":["https:\/\/www.radiocastor.com\/wp-content\/uploads\/2026\/04\/Screenshot-2026-04-08-at-20-07-41-Instagram-1.png",480,683,false],"2048x2048":["https:\/\/www.radiocastor.com\/wp-content\/uploads\/2026\/04\/Screenshot-2026-04-08-at-20-07-41-Instagram-1.png",480,683,false],"newsever-slider-full":["https:\/\/www.radiocastor.com\/wp-content\/uploads\/2026\/04\/Screenshot-2026-04-08-at-20-07-41-Instagram-1.png",480,683,false],"newsever-featured":["https:\/\/www.radiocastor.com\/wp-content\/uploads\/2026\/04\/Screenshot-2026-04-08-at-20-07-41-Instagram-1.png",480,683,false],"newsever-medium":["https:\/\/www.radiocastor.com\/wp-content\/uploads\/2026\/04\/Screenshot-2026-04-08-at-20-07-41-Instagram-1-480x475.png",480,475,true]},"uagb_author_info":{"display_name":"R\u00e9daction R C","author_link":"https:\/\/www.radiocastor.com\/index.php\/author\/radio-castor\/"},"uagb_comment_info":0,"uagb_excerpt":"Marlen Tj\u00f8svoll nous pr\u00e9sente son nouveau single, \u201cSong In My Head\u201d, sorti le 27 mars...","_links":{"self":[{"href":"https:\/\/www.radiocastor.com\/index.php\/wp-json\/wp\/v2\/posts\/14906","targetHints":{"allow":["GET"]}}],"collection":[{"href":"https:\/\/www.radiocastor.com\/index.php\/wp-json\/wp\/v2\/posts"}],"about":[{"href":"https:\/\/www.radiocastor.com\/index.php\/wp-json\/wp\/v2\/types\/post"}],"author":[{"embeddable":true,"href":"https:\/\/www.radiocastor.com\/index.php\/wp-json\/wp\/v2\/users\/1"}],"replies":[{"embeddable":true,"href":"https:\/\/www.radiocastor.com\/index.php\/wp-json\/wp\/v2\/comments?post=14906"}],"version-history":[{"count":1,"href":"https:\/\/www.radiocastor.com\/index.php\/wp-json\/wp\/v2\/posts\/14906\/revisions"}],"predecessor-version":[{"id":14909,"href":"https:\/\/www.radiocastor.com\/index.php\/wp-json\/wp\/v2\/posts\/14906\/revisions\/14909"}],"wp:featuredmedia":[{"embeddable":true,"href":"https:\/\/www.radiocastor.com\/index.php\/wp-json\/wp\/v2\/media\/14908"}],"wp:attachment":[{"href":"https:\/\/www.radiocastor.com\/index.php\/wp-json\/wp\/v2\/media?parent=14906"}],"wp:term":[{"taxonomy":"category","embeddable":true,"href":"https:\/\/www.radiocastor.com\/index.php\/wp-json\/wp\/v2\/categories?post=14906"},{"taxonomy":"post_tag","embeddable":true,"href":"https:\/\/www.radiocastor.com\/index.php\/wp-json\/wp\/v2\/tags?post=14906"}],"curies":[{"name":"wp","href":"https:\/\/api.w.org\/{rel}","templated":true}]}}