{"id":14896,"date":"2026-04-07T04:58:19","date_gmt":"2026-04-07T02:58:19","guid":{"rendered":"https:\/\/www.radiocastor.com\/?p=14896"},"modified":"2026-04-07T04:58:21","modified_gmt":"2026-04-07T02:58:21","slug":"sofi-bonde-et-skogebrandt-la-poesie-suedoise-de-la-reconciliation-avec-one-day-left","status":"publish","type":"post","link":"https:\/\/www.radiocastor.com\/index.php\/sofi-bonde-et-skogebrandt-la-poesie-suedoise-de-la-reconciliation-avec-one-day-left\/","title":{"rendered":"Sofi Bonde et Skogebrandt : La po\u00e9sie su\u00e9doise de la r\u00e9conciliation avec One Day Left"},"content":{"rendered":"\n<p>Le duo su\u00e9dois nous pr\u00e9sente son nouveau titre, \u201cOne Day Left\u201d, sorti le 3 avril 2026 sous le label Skogebrandt\/AWAL.<\/p>\n\n\n\n<p>Cette collaboration marque les retrouvailles de deux artistes complices depuis longtemps : <strong>Skogebrandt<\/strong>, auteur-compositeur-interpr\u00e8te originaire des terres sauvages du nord de la Su\u00e8de, et <strong>Sofi Bonde<\/strong>. Depuis son premier EP \u00e9ponyme en 2018 et le succ\u00e8s du titre <em>This Town<\/em>, Skogebrandt a trac\u00e9 un chemin artistique singulier, marqu\u00e9 par des projets authentiques comme l&rsquo;EP <em>Lone Wolf<\/em> enregistr\u00e9 directement sur vinyle \u00e0 New York, ou les fameuses <em>Reykjav\u00edk Sessions<\/em> captur\u00e9es en live studio. Apr\u00e8s la sortie de son EP <em>Lowkey<\/em> \u00e0 l&rsquo;automne 2023, l&rsquo;ann\u00e9e 2026 marque un nouveau chapitre d\u00e9di\u00e9 \u00e0 la collaboration avec sa comparse de longue date, Sofi Bonde.<\/p>\n\n\n\n<p>Le morceau <strong>One Day Left<\/strong> est une ballade au piano d&rsquo;une grande d\u00e9licatesse, centr\u00e9e sur le th\u00e8me universel de la r\u00e9conciliation. Port\u00e9 par la voix lead cristalline de Sofi et soutenu par la production et les ch\u0153urs de Skogebrandt, le titre se d\u00e9ploie dans une atmosph\u00e8re v\u00e9ritablement cin\u00e9matographique. Des effets sonores \u00e9voquant la temp\u00eate viennent ponctuer le morceau, cr\u00e9ant un contraste saisissant avec la douceur du piano et laissant \u00e0 l&rsquo;auditeur le soin d&rsquo;interpr\u00e9ter ces paysages sonores \u00ab\u00a0stormy\u00a0\u00bb. C&rsquo;est un titre romantique et introspectif, une invitation \u00e0 la paix int\u00e9rieure qui confirme le talent de ces deux artistes pour transformer la m\u00e9lancolie nordique en une pure po\u00e9sie m\u00e9lodique.<\/p>\n\n\n\n<p><em>A \u00e9couter sur <a href=\"https:\/\/www.radiocastor.com\/index.php\/playlist\/\" target=\"_blank\" rel=\"noreferrer noopener\">nos playlists<\/a> !<\/em><\/p>\n\n\n\n<p style=\"text-align: center;\"><iframe loading=\"lazy\" width=\"560\" height=\"315\" src=\"https:\/\/www.youtube.com\/embed\/SfiVK_pmKdo?si=u1fX2OFrWlmK6l9T\" title=\"YouTube video player\" frameborder=\"0\" allow=\"accelerometer; autoplay; clipboard-write; encrypted-media; gyroscope; picture-in-picture; web-share\" referrerpolicy=\"strict-origin-when-cross-origin\" allowfullscreen><\/iframe><\/p>\n\n\n\n<p class=\"has-text-align-center\"><a href=\"https:\/\/www.facebook.com\/sofibondemusic\" target=\"_blank\" rel=\"noreferrer noopener\">Facebook<\/a> &#8211; <a href=\"https:\/\/www.instagram.com\/sofibonde\" target=\"_blank\" rel=\"noreferrer noopener\">Instagram<\/a> &#8211; <a href=\"https:\/\/twitter.com\/sofibonde\" target=\"_blank\" rel=\"noreferrer noopener\">Twitter<\/a><\/p>\n","protected":false},"excerpt":{"rendered":"<p>Le duo su\u00e9dois nous pr\u00e9sente son nouveau titre, \u201cOne Day Left\u201d, sorti le 3 avril&#8230;<\/p>\n","protected":false},"author":1,"featured_media":14897,"comment_status":"closed","ping_status":"open","sticky":false,"template":"","format":"standard","meta":{"_uag_custom_page_level_css":"","footnotes":""},"categories":[94,4,32,46],"tags":[],"class_list":["post-14896","post","type-post","status-publish","format-standard","has-post-thumbnail","hentry","category-auteur","category-pop","category-single","category-sortie"],"yoast_head":"<!-- This site is optimized with the Yoast SEO plugin v27.4 - https:\/\/yoast.com\/product\/yoast-seo-wordpress\/ -->\n<title>Sofi Bonde et Skogebrandt : La po\u00e9sie su\u00e9doise de la r\u00e9conciliation avec One Day Left - Radio Castor<\/title>\n<meta name=\"robots\" content=\"index, follow, max-snippet:-1, max-image-preview:large, max-video-preview:-1\" \/>\n<link rel=\"canonical\" href=\"https:\/\/www.radiocastor.com\/index.php\/sofi-bonde-et-skogebrandt-la-poesie-suedoise-de-la-reconciliation-avec-one-day-left\/\" \/>\n<meta property=\"og:locale\" content=\"fr_FR\" \/>\n<meta property=\"og:type\" content=\"article\" \/>\n<meta property=\"og:title\" content=\"Sofi Bonde et Skogebrandt : La po\u00e9sie su\u00e9doise de la r\u00e9conciliation avec One Day Left - Radio Castor\" \/>\n<meta property=\"og:description\" content=\"Le duo su\u00e9dois nous pr\u00e9sente son nouveau titre, \u201cOne Day Left\u201d, sorti le 3 avril...\" \/>\n<meta property=\"og:url\" content=\"https:\/\/www.radiocastor.com\/index.php\/sofi-bonde-et-skogebrandt-la-poesie-suedoise-de-la-reconciliation-avec-one-day-left\/\" \/>\n<meta property=\"og:site_name\" content=\"Radio Castor\" \/>\n<meta property=\"article:publisher\" content=\"https:\/\/www.facebook.com\/theradiocastor\" \/>\n<meta property=\"article:published_time\" content=\"2026-04-07T02:58:19+00:00\" \/>\n<meta property=\"article:modified_time\" content=\"2026-04-07T02:58:21+00:00\" \/>\n<meta property=\"og:image\" content=\"https:\/\/www.radiocastor.com\/wp-content\/uploads\/2026\/04\/Screenshot-2026-04-07-at-04-53-17-youtube-artist-icon-1749177243054.jpg-Image-JPEG-500-\u00d7-500-pixels.png\" \/>\n\t<meta property=\"og:image:width\" content=\"422\" \/>\n\t<meta property=\"og:image:height\" content=\"336\" \/>\n\t<meta property=\"og:image:type\" content=\"image\/png\" \/>\n<meta name=\"author\" content=\"R\u00e9daction R C\" \/>\n<meta name=\"twitter:card\" content=\"summary_large_image\" \/>\n<meta name=\"twitter:creator\" content=\"@TheRadioCastor\" \/>\n<meta name=\"twitter:site\" content=\"@TheRadioCastor\" \/>\n<meta name=\"twitter:label1\" content=\"\u00c9crit par\" \/>\n\t<meta name=\"twitter:data1\" content=\"R\u00e9daction R C\" \/>\n\t<meta name=\"twitter:label2\" content=\"Dur\u00e9e de lecture estim\u00e9e\" \/>\n\t<meta name=\"twitter:data2\" content=\"2 minutes\" \/>\n<script type=\"application\/ld+json\" class=\"yoast-schema-graph\">{\"@context\":\"https:\\\/\\\/schema.org\",\"@graph\":[{\"@type\":\"Article\",\"@id\":\"https:\\\/\\\/www.radiocastor.com\\\/index.php\\\/sofi-bonde-et-skogebrandt-la-poesie-suedoise-de-la-reconciliation-avec-one-day-left\\\/#article\",\"isPartOf\":{\"@id\":\"https:\\\/\\\/www.radiocastor.com\\\/index.php\\\/sofi-bonde-et-skogebrandt-la-poesie-suedoise-de-la-reconciliation-avec-one-day-left\\\/\"},\"author\":{\"name\":\"R\u00e9daction R C\",\"@id\":\"https:\\\/\\\/www.radiocastor.com\\\/#\\\/schema\\\/person\\\/558b0e47dc4c11fa52b2220ba6a78779\"},\"headline\":\"Sofi Bonde et Skogebrandt : La po\u00e9sie su\u00e9doise de la r\u00e9conciliation avec One Day Left\",\"datePublished\":\"2026-04-07T02:58:19+00:00\",\"dateModified\":\"2026-04-07T02:58:21+00:00\",\"mainEntityOfPage\":{\"@id\":\"https:\\\/\\\/www.radiocastor.com\\\/index.php\\\/sofi-bonde-et-skogebrandt-la-poesie-suedoise-de-la-reconciliation-avec-one-day-left\\\/\"},\"wordCount\":278,\"publisher\":{\"@id\":\"https:\\\/\\\/www.radiocastor.com\\\/#organization\"},\"image\":{\"@id\":\"https:\\\/\\\/www.radiocastor.com\\\/index.php\\\/sofi-bonde-et-skogebrandt-la-poesie-suedoise-de-la-reconciliation-avec-one-day-left\\\/#primaryimage\"},\"thumbnailUrl\":\"https:\\\/\\\/www.radiocastor.com\\\/wp-content\\\/uploads\\\/2026\\\/04\\\/Screenshot-2026-04-07-at-04-53-17-youtube-artist-icon-1749177243054.jpg-Image-JPEG-500-\u00d7-500-pixels.png\",\"articleSection\":[\"Auteur\",\"Pop\",\"Single\",\"Sortie\"],\"inLanguage\":\"fr-FR\"},{\"@type\":\"WebPage\",\"@id\":\"https:\\\/\\\/www.radiocastor.com\\\/index.php\\\/sofi-bonde-et-skogebrandt-la-poesie-suedoise-de-la-reconciliation-avec-one-day-left\\\/\",\"url\":\"https:\\\/\\\/www.radiocastor.com\\\/index.php\\\/sofi-bonde-et-skogebrandt-la-poesie-suedoise-de-la-reconciliation-avec-one-day-left\\\/\",\"name\":\"Sofi Bonde et Skogebrandt : La po\u00e9sie su\u00e9doise de la r\u00e9conciliation avec One Day Left - Radio Castor\",\"isPartOf\":{\"@id\":\"https:\\\/\\\/www.radiocastor.com\\\/#website\"},\"primaryImageOfPage\":{\"@id\":\"https:\\\/\\\/www.radiocastor.com\\\/index.php\\\/sofi-bonde-et-skogebrandt-la-poesie-suedoise-de-la-reconciliation-avec-one-day-left\\\/#primaryimage\"},\"image\":{\"@id\":\"https:\\\/\\\/www.radiocastor.com\\\/index.php\\\/sofi-bonde-et-skogebrandt-la-poesie-suedoise-de-la-reconciliation-avec-one-day-left\\\/#primaryimage\"},\"thumbnailUrl\":\"https:\\\/\\\/www.radiocastor.com\\\/wp-content\\\/uploads\\\/2026\\\/04\\\/Screenshot-2026-04-07-at-04-53-17-youtube-artist-icon-1749177243054.jpg-Image-JPEG-500-\u00d7-500-pixels.png\",\"datePublished\":\"2026-04-07T02:58:19+00:00\",\"dateModified\":\"2026-04-07T02:58:21+00:00\",\"breadcrumb\":{\"@id\":\"https:\\\/\\\/www.radiocastor.com\\\/index.php\\\/sofi-bonde-et-skogebrandt-la-poesie-suedoise-de-la-reconciliation-avec-one-day-left\\\/#breadcrumb\"},\"inLanguage\":\"fr-FR\",\"potentialAction\":[{\"@type\":\"ReadAction\",\"target\":[\"https:\\\/\\\/www.radiocastor.com\\\/index.php\\\/sofi-bonde-et-skogebrandt-la-poesie-suedoise-de-la-reconciliation-avec-one-day-left\\\/\"]}]},{\"@type\":\"ImageObject\",\"inLanguage\":\"fr-FR\",\"@id\":\"https:\\\/\\\/www.radiocastor.com\\\/index.php\\\/sofi-bonde-et-skogebrandt-la-poesie-suedoise-de-la-reconciliation-avec-one-day-left\\\/#primaryimage\",\"url\":\"https:\\\/\\\/www.radiocastor.com\\\/wp-content\\\/uploads\\\/2026\\\/04\\\/Screenshot-2026-04-07-at-04-53-17-youtube-artist-icon-1749177243054.jpg-Image-JPEG-500-\u00d7-500-pixels.png\",\"contentUrl\":\"https:\\\/\\\/www.radiocastor.com\\\/wp-content\\\/uploads\\\/2026\\\/04\\\/Screenshot-2026-04-07-at-04-53-17-youtube-artist-icon-1749177243054.jpg-Image-JPEG-500-\u00d7-500-pixels.png\",\"width\":422,\"height\":336,\"caption\":\"Sofi Bonde\"},{\"@type\":\"BreadcrumbList\",\"@id\":\"https:\\\/\\\/www.radiocastor.com\\\/index.php\\\/sofi-bonde-et-skogebrandt-la-poesie-suedoise-de-la-reconciliation-avec-one-day-left\\\/#breadcrumb\",\"itemListElement\":[{\"@type\":\"ListItem\",\"position\":1,\"name\":\"Accueil\",\"item\":\"https:\\\/\\\/www.radiocastor.com\\\/\"},{\"@type\":\"ListItem\",\"position\":2,\"name\":\"Sofi Bonde et Skogebrandt : La po\u00e9sie su\u00e9doise de la r\u00e9conciliation avec One Day Left\"}]},{\"@type\":\"WebSite\",\"@id\":\"https:\\\/\\\/www.radiocastor.com\\\/#website\",\"url\":\"https:\\\/\\\/www.radiocastor.com\\\/\",\"name\":\"Radio Castor\",\"description\":\"La voix !\",\"publisher\":{\"@id\":\"https:\\\/\\\/www.radiocastor.com\\\/#organization\"},\"potentialAction\":[{\"@type\":\"SearchAction\",\"target\":{\"@type\":\"EntryPoint\",\"urlTemplate\":\"https:\\\/\\\/www.radiocastor.com\\\/?s={search_term_string}\"},\"query-input\":{\"@type\":\"PropertyValueSpecification\",\"valueRequired\":true,\"valueName\":\"search_term_string\"}}],\"inLanguage\":\"fr-FR\"},{\"@type\":\"Organization\",\"@id\":\"https:\\\/\\\/www.radiocastor.com\\\/#organization\",\"name\":\"Radio Castor\",\"url\":\"https:\\\/\\\/www.radiocastor.com\\\/\",\"logo\":{\"@type\":\"ImageObject\",\"inLanguage\":\"fr-FR\",\"@id\":\"https:\\\/\\\/www.radiocastor.com\\\/#\\\/schema\\\/logo\\\/image\\\/\",\"url\":\"https:\\\/\\\/www.radiocastor.com\\\/wp-content\\\/uploads\\\/2021\\\/11\\\/cropped-Radio-castor-logo-2.png\",\"contentUrl\":\"https:\\\/\\\/www.radiocastor.com\\\/wp-content\\\/uploads\\\/2021\\\/11\\\/cropped-Radio-castor-logo-2.png\",\"width\":437,\"height\":219,\"caption\":\"Radio Castor\"},\"image\":{\"@id\":\"https:\\\/\\\/www.radiocastor.com\\\/#\\\/schema\\\/logo\\\/image\\\/\"},\"sameAs\":[\"https:\\\/\\\/www.facebook.com\\\/theradiocastor\",\"https:\\\/\\\/x.com\\\/TheRadioCastor\",\"https:\\\/\\\/www.instagram.com\\\/theradiocastor\",\"https:\\\/\\\/www.youtube.com\\\/c\\\/RadioCastor\"]},{\"@type\":\"Person\",\"@id\":\"https:\\\/\\\/www.radiocastor.com\\\/#\\\/schema\\\/person\\\/558b0e47dc4c11fa52b2220ba6a78779\",\"name\":\"R\u00e9daction R C\",\"image\":{\"@type\":\"ImageObject\",\"inLanguage\":\"fr-FR\",\"@id\":\"https:\\\/\\\/secure.gravatar.com\\\/avatar\\\/1d3e4f4c4a0d129f7ed4838ea20c33760c2484b9bc381993df6c0e3f5bf89c23?s=96&d=mm&r=g\",\"url\":\"https:\\\/\\\/secure.gravatar.com\\\/avatar\\\/1d3e4f4c4a0d129f7ed4838ea20c33760c2484b9bc381993df6c0e3f5bf89c23?s=96&d=mm&r=g\",\"contentUrl\":\"https:\\\/\\\/secure.gravatar.com\\\/avatar\\\/1d3e4f4c4a0d129f7ed4838ea20c33760c2484b9bc381993df6c0e3f5bf89c23?s=96&d=mm&r=g\",\"caption\":\"R\u00e9daction R C\"},\"sameAs\":[\"http:\\\/\\\/www.radiocastor.com\"],\"url\":\"https:\\\/\\\/www.radiocastor.com\\\/index.php\\\/author\\\/radio-castor\\\/\"}]}<\/script>\n<!-- \/ Yoast SEO plugin. -->","yoast_head_json":{"title":"Sofi Bonde et Skogebrandt : La po\u00e9sie su\u00e9doise de la r\u00e9conciliation avec One Day Left - Radio Castor","robots":{"index":"index","follow":"follow","max-snippet":"max-snippet:-1","max-image-preview":"max-image-preview:large","max-video-preview":"max-video-preview:-1"},"canonical":"https:\/\/www.radiocastor.com\/index.php\/sofi-bonde-et-skogebrandt-la-poesie-suedoise-de-la-reconciliation-avec-one-day-left\/","og_locale":"fr_FR","og_type":"article","og_title":"Sofi Bonde et Skogebrandt : La po\u00e9sie su\u00e9doise de la r\u00e9conciliation avec One Day Left - Radio Castor","og_description":"Le duo su\u00e9dois nous pr\u00e9sente son nouveau titre, \u201cOne Day Left\u201d, sorti le 3 avril...","og_url":"https:\/\/www.radiocastor.com\/index.php\/sofi-bonde-et-skogebrandt-la-poesie-suedoise-de-la-reconciliation-avec-one-day-left\/","og_site_name":"Radio Castor","article_publisher":"https:\/\/www.facebook.com\/theradiocastor","article_published_time":"2026-04-07T02:58:19+00:00","article_modified_time":"2026-04-07T02:58:21+00:00","og_image":[{"width":422,"height":336,"url":"https:\/\/www.radiocastor.com\/wp-content\/uploads\/2026\/04\/Screenshot-2026-04-07-at-04-53-17-youtube-artist-icon-1749177243054.jpg-Image-JPEG-500-\u00d7-500-pixels.png","type":"image\/png"}],"author":"R\u00e9daction R C","twitter_card":"summary_large_image","twitter_creator":"@TheRadioCastor","twitter_site":"@TheRadioCastor","twitter_misc":{"\u00c9crit par":"R\u00e9daction R C","Dur\u00e9e de lecture estim\u00e9e":"2 minutes"},"schema":{"@context":"https:\/\/schema.org","@graph":[{"@type":"Article","@id":"https:\/\/www.radiocastor.com\/index.php\/sofi-bonde-et-skogebrandt-la-poesie-suedoise-de-la-reconciliation-avec-one-day-left\/#article","isPartOf":{"@id":"https:\/\/www.radiocastor.com\/index.php\/sofi-bonde-et-skogebrandt-la-poesie-suedoise-de-la-reconciliation-avec-one-day-left\/"},"author":{"name":"R\u00e9daction R C","@id":"https:\/\/www.radiocastor.com\/#\/schema\/person\/558b0e47dc4c11fa52b2220ba6a78779"},"headline":"Sofi Bonde et Skogebrandt : La po\u00e9sie su\u00e9doise de la r\u00e9conciliation avec One Day Left","datePublished":"2026-04-07T02:58:19+00:00","dateModified":"2026-04-07T02:58:21+00:00","mainEntityOfPage":{"@id":"https:\/\/www.radiocastor.com\/index.php\/sofi-bonde-et-skogebrandt-la-poesie-suedoise-de-la-reconciliation-avec-one-day-left\/"},"wordCount":278,"publisher":{"@id":"https:\/\/www.radiocastor.com\/#organization"},"image":{"@id":"https:\/\/www.radiocastor.com\/index.php\/sofi-bonde-et-skogebrandt-la-poesie-suedoise-de-la-reconciliation-avec-one-day-left\/#primaryimage"},"thumbnailUrl":"https:\/\/www.radiocastor.com\/wp-content\/uploads\/2026\/04\/Screenshot-2026-04-07-at-04-53-17-youtube-artist-icon-1749177243054.jpg-Image-JPEG-500-\u00d7-500-pixels.png","articleSection":["Auteur","Pop","Single","Sortie"],"inLanguage":"fr-FR"},{"@type":"WebPage","@id":"https:\/\/www.radiocastor.com\/index.php\/sofi-bonde-et-skogebrandt-la-poesie-suedoise-de-la-reconciliation-avec-one-day-left\/","url":"https:\/\/www.radiocastor.com\/index.php\/sofi-bonde-et-skogebrandt-la-poesie-suedoise-de-la-reconciliation-avec-one-day-left\/","name":"Sofi Bonde et Skogebrandt : La po\u00e9sie su\u00e9doise de la r\u00e9conciliation avec One Day Left - Radio Castor","isPartOf":{"@id":"https:\/\/www.radiocastor.com\/#website"},"primaryImageOfPage":{"@id":"https:\/\/www.radiocastor.com\/index.php\/sofi-bonde-et-skogebrandt-la-poesie-suedoise-de-la-reconciliation-avec-one-day-left\/#primaryimage"},"image":{"@id":"https:\/\/www.radiocastor.com\/index.php\/sofi-bonde-et-skogebrandt-la-poesie-suedoise-de-la-reconciliation-avec-one-day-left\/#primaryimage"},"thumbnailUrl":"https:\/\/www.radiocastor.com\/wp-content\/uploads\/2026\/04\/Screenshot-2026-04-07-at-04-53-17-youtube-artist-icon-1749177243054.jpg-Image-JPEG-500-\u00d7-500-pixels.png","datePublished":"2026-04-07T02:58:19+00:00","dateModified":"2026-04-07T02:58:21+00:00","breadcrumb":{"@id":"https:\/\/www.radiocastor.com\/index.php\/sofi-bonde-et-skogebrandt-la-poesie-suedoise-de-la-reconciliation-avec-one-day-left\/#breadcrumb"},"inLanguage":"fr-FR","potentialAction":[{"@type":"ReadAction","target":["https:\/\/www.radiocastor.com\/index.php\/sofi-bonde-et-skogebrandt-la-poesie-suedoise-de-la-reconciliation-avec-one-day-left\/"]}]},{"@type":"ImageObject","inLanguage":"fr-FR","@id":"https:\/\/www.radiocastor.com\/index.php\/sofi-bonde-et-skogebrandt-la-poesie-suedoise-de-la-reconciliation-avec-one-day-left\/#primaryimage","url":"https:\/\/www.radiocastor.com\/wp-content\/uploads\/2026\/04\/Screenshot-2026-04-07-at-04-53-17-youtube-artist-icon-1749177243054.jpg-Image-JPEG-500-\u00d7-500-pixels.png","contentUrl":"https:\/\/www.radiocastor.com\/wp-content\/uploads\/2026\/04\/Screenshot-2026-04-07-at-04-53-17-youtube-artist-icon-1749177243054.jpg-Image-JPEG-500-\u00d7-500-pixels.png","width":422,"height":336,"caption":"Sofi Bonde"},{"@type":"BreadcrumbList","@id":"https:\/\/www.radiocastor.com\/index.php\/sofi-bonde-et-skogebrandt-la-poesie-suedoise-de-la-reconciliation-avec-one-day-left\/#breadcrumb","itemListElement":[{"@type":"ListItem","position":1,"name":"Accueil","item":"https:\/\/www.radiocastor.com\/"},{"@type":"ListItem","position":2,"name":"Sofi Bonde et Skogebrandt : La po\u00e9sie su\u00e9doise de la r\u00e9conciliation avec One Day Left"}]},{"@type":"WebSite","@id":"https:\/\/www.radiocastor.com\/#website","url":"https:\/\/www.radiocastor.com\/","name":"Radio Castor","description":"La voix !","publisher":{"@id":"https:\/\/www.radiocastor.com\/#organization"},"potentialAction":[{"@type":"SearchAction","target":{"@type":"EntryPoint","urlTemplate":"https:\/\/www.radiocastor.com\/?s={search_term_string}"},"query-input":{"@type":"PropertyValueSpecification","valueRequired":true,"valueName":"search_term_string"}}],"inLanguage":"fr-FR"},{"@type":"Organization","@id":"https:\/\/www.radiocastor.com\/#organization","name":"Radio Castor","url":"https:\/\/www.radiocastor.com\/","logo":{"@type":"ImageObject","inLanguage":"fr-FR","@id":"https:\/\/www.radiocastor.com\/#\/schema\/logo\/image\/","url":"https:\/\/www.radiocastor.com\/wp-content\/uploads\/2021\/11\/cropped-Radio-castor-logo-2.png","contentUrl":"https:\/\/www.radiocastor.com\/wp-content\/uploads\/2021\/11\/cropped-Radio-castor-logo-2.png","width":437,"height":219,"caption":"Radio Castor"},"image":{"@id":"https:\/\/www.radiocastor.com\/#\/schema\/logo\/image\/"},"sameAs":["https:\/\/www.facebook.com\/theradiocastor","https:\/\/x.com\/TheRadioCastor","https:\/\/www.instagram.com\/theradiocastor","https:\/\/www.youtube.com\/c\/RadioCastor"]},{"@type":"Person","@id":"https:\/\/www.radiocastor.com\/#\/schema\/person\/558b0e47dc4c11fa52b2220ba6a78779","name":"R\u00e9daction R C","image":{"@type":"ImageObject","inLanguage":"fr-FR","@id":"https:\/\/secure.gravatar.com\/avatar\/1d3e4f4c4a0d129f7ed4838ea20c33760c2484b9bc381993df6c0e3f5bf89c23?s=96&d=mm&r=g","url":"https:\/\/secure.gravatar.com\/avatar\/1d3e4f4c4a0d129f7ed4838ea20c33760c2484b9bc381993df6c0e3f5bf89c23?s=96&d=mm&r=g","contentUrl":"https:\/\/secure.gravatar.com\/avatar\/1d3e4f4c4a0d129f7ed4838ea20c33760c2484b9bc381993df6c0e3f5bf89c23?s=96&d=mm&r=g","caption":"R\u00e9daction R C"},"sameAs":["http:\/\/www.radiocastor.com"],"url":"https:\/\/www.radiocastor.com\/index.php\/author\/radio-castor\/"}]}},"uagb_featured_image_src":{"full":["https:\/\/www.radiocastor.com\/wp-content\/uploads\/2026\/04\/Screenshot-2026-04-07-at-04-53-17-youtube-artist-icon-1749177243054.jpg-Image-JPEG-500-\u00d7-500-pixels.png",422,336,false],"thumbnail":["https:\/\/www.radiocastor.com\/wp-content\/uploads\/2026\/04\/Screenshot-2026-04-07-at-04-53-17-youtube-artist-icon-1749177243054.jpg-Image-JPEG-500-\u00d7-500-pixels-150x150.png",150,150,true],"medium":["https:\/\/www.radiocastor.com\/wp-content\/uploads\/2026\/04\/Screenshot-2026-04-07-at-04-53-17-youtube-artist-icon-1749177243054.jpg-Image-JPEG-500-\u00d7-500-pixels-300x239.png",300,239,true],"medium_large":["https:\/\/www.radiocastor.com\/wp-content\/uploads\/2026\/04\/Screenshot-2026-04-07-at-04-53-17-youtube-artist-icon-1749177243054.jpg-Image-JPEG-500-\u00d7-500-pixels.png",422,336,false],"large":["https:\/\/www.radiocastor.com\/wp-content\/uploads\/2026\/04\/Screenshot-2026-04-07-at-04-53-17-youtube-artist-icon-1749177243054.jpg-Image-JPEG-500-\u00d7-500-pixels.png",422,336,false],"1536x1536":["https:\/\/www.radiocastor.com\/wp-content\/uploads\/2026\/04\/Screenshot-2026-04-07-at-04-53-17-youtube-artist-icon-1749177243054.jpg-Image-JPEG-500-\u00d7-500-pixels.png",422,336,false],"2048x2048":["https:\/\/www.radiocastor.com\/wp-content\/uploads\/2026\/04\/Screenshot-2026-04-07-at-04-53-17-youtube-artist-icon-1749177243054.jpg-Image-JPEG-500-\u00d7-500-pixels.png",422,336,false],"newsever-slider-full":["https:\/\/www.radiocastor.com\/wp-content\/uploads\/2026\/04\/Screenshot-2026-04-07-at-04-53-17-youtube-artist-icon-1749177243054.jpg-Image-JPEG-500-\u00d7-500-pixels.png",422,336,false],"newsever-featured":["https:\/\/www.radiocastor.com\/wp-content\/uploads\/2026\/04\/Screenshot-2026-04-07-at-04-53-17-youtube-artist-icon-1749177243054.jpg-Image-JPEG-500-\u00d7-500-pixels.png",422,336,false],"newsever-medium":["https:\/\/www.radiocastor.com\/wp-content\/uploads\/2026\/04\/Screenshot-2026-04-07-at-04-53-17-youtube-artist-icon-1749177243054.jpg-Image-JPEG-500-\u00d7-500-pixels.png",422,336,false]},"uagb_author_info":{"display_name":"R\u00e9daction R C","author_link":"https:\/\/www.radiocastor.com\/index.php\/author\/radio-castor\/"},"uagb_comment_info":0,"uagb_excerpt":"Le duo su\u00e9dois nous pr\u00e9sente son nouveau titre, \u201cOne Day Left\u201d, sorti le 3 avril...","_links":{"self":[{"href":"https:\/\/www.radiocastor.com\/index.php\/wp-json\/wp\/v2\/posts\/14896","targetHints":{"allow":["GET"]}}],"collection":[{"href":"https:\/\/www.radiocastor.com\/index.php\/wp-json\/wp\/v2\/posts"}],"about":[{"href":"https:\/\/www.radiocastor.com\/index.php\/wp-json\/wp\/v2\/types\/post"}],"author":[{"embeddable":true,"href":"https:\/\/www.radiocastor.com\/index.php\/wp-json\/wp\/v2\/users\/1"}],"replies":[{"embeddable":true,"href":"https:\/\/www.radiocastor.com\/index.php\/wp-json\/wp\/v2\/comments?post=14896"}],"version-history":[{"count":1,"href":"https:\/\/www.radiocastor.com\/index.php\/wp-json\/wp\/v2\/posts\/14896\/revisions"}],"predecessor-version":[{"id":14898,"href":"https:\/\/www.radiocastor.com\/index.php\/wp-json\/wp\/v2\/posts\/14896\/revisions\/14898"}],"wp:featuredmedia":[{"embeddable":true,"href":"https:\/\/www.radiocastor.com\/index.php\/wp-json\/wp\/v2\/media\/14897"}],"wp:attachment":[{"href":"https:\/\/www.radiocastor.com\/index.php\/wp-json\/wp\/v2\/media?parent=14896"}],"wp:term":[{"taxonomy":"category","embeddable":true,"href":"https:\/\/www.radiocastor.com\/index.php\/wp-json\/wp\/v2\/categories?post=14896"},{"taxonomy":"post_tag","embeddable":true,"href":"https:\/\/www.radiocastor.com\/index.php\/wp-json\/wp\/v2\/tags?post=14896"}],"curies":[{"name":"wp","href":"https:\/\/api.w.org\/{rel}","templated":true}]}}