{"id":14860,"date":"2026-04-03T02:21:07","date_gmt":"2026-04-03T00:21:07","guid":{"rendered":"https:\/\/www.radiocastor.com\/?p=14860"},"modified":"2026-04-03T02:21:08","modified_gmt":"2026-04-03T00:21:08","slug":"westerly-lhymne-a-la-vie-et-a-la-connexion-avec-i-dont-need-a-reason","status":"publish","type":"post","link":"https:\/\/www.radiocastor.com\/index.php\/westerly-lhymne-a-la-vie-et-a-la-connexion-avec-i-dont-need-a-reason\/","title":{"rendered":"Westerly : L&rsquo;hymne \u00e0 la vie et \u00e0 la connexion avec I Don&rsquo;t Need a Reason"},"content":{"rendered":"\n<p>Westerly nous pr\u00e9sente son nouveau titre, \u201cI Don\u2019t Need a Reason\u201d, sorti le 20 mars 2026.<\/p>\n\n\n\n<p>Nous vous avons d\u00e9j\u00e0 pr\u00e9sent\u00e9 <a href=\"https:\/\/www.radiocastor.com\/?s=Westerly\" target=\"_blank\" rel=\"noreferrer noopener\">Westerly<\/a>. Ce collectif californien, habitu\u00e9 des ondes de la Bay Area (San Francisco) et de la sc\u00e8ne de Los Angeles, est une v\u00e9ritable tornade musicale. Compos\u00e9 de Sterling Spence (chant, guitare), Scott Wilson (guitare lead), Lou Veramessa (chant, claviers), Jeff Peck (basse) et Mike Bond (batterie), le groupe se d\u00e9finit avec humour comme un m\u00e9lange de rock n&rsquo; roll, de soul-punk et de \u00ab\u00a0gu\u00e9risseur de trauma\u00a0\u00bb. Leur son, \u00e0 la fois puissant et vuln\u00e9rable, puise dans les racines de l&rsquo;Americana tout en y injectant une \u00e9nergie brute et communicative qui ne laisse personne indiff\u00e9rent.<\/p>\n\n\n\n<p>Le morceau <strong>I Don\u2019t Need a Reason<\/strong> est une pi\u00e8ce Americana\/indie folk d&rsquo;une grande profondeur. Le texte explore la tension entre la qu\u00eate de certitudes rigides et le besoin visc\u00e9ral de connexion humaine. Sterling Spence y chante le passage de l&rsquo;isolement \u2014 n\u00e9 de convictions trop fermes \u2014 vers une forme de lib\u00e9ration o\u00f9 l&rsquo;amiti\u00e9 et le sentiment priment sur le besoin d&rsquo;avoir toutes les r\u00e9ponses. Musicalement, le titre d\u00e9marre sur des couplets introspectifs avant de s&rsquo;ouvrir sur un refrain choral et anthemique, v\u00e9ritable cri de ralliement. Avec des r\u00e9f\u00e9rences po\u00e9tiques, notamment \u00e0 Sisyphe souriant face \u00e0 son rocher, Westerly nous rappelle que la plus grande r\u00e9ussite n&rsquo;est pas de d\u00e9tenir la v\u00e9rit\u00e9, mais de finir sa route entour\u00e9 d&rsquo;amis, en dansant.<\/p>\n\n\n\n<p><em>A \u00e9couter sur <a href=\"https:\/\/www.radiocastor.com\/index.php\/playlist\/\" target=\"_blank\" rel=\"noreferrer noopener\">nos playlists<\/a> !<\/em><\/p>\n\n\n\n<p style=\"text-align: center;\"><iframe data-testid=\"embed-iframe\" style=\"border-radius:12px\" src=\"https:\/\/open.spotify.com\/embed\/track\/4kBLePU8O6iI9POwNSjMWp?utm_source=generator\" width=\"80%\" height=\"352\" frameBorder=\"0\" allowfullscreen=\"\" allow=\"autoplay; clipboard-write; encrypted-media; fullscreen; picture-in-picture\" loading=\"lazy\"><\/iframe><\/p>\n\n\n\n<p class=\"has-text-align-center\"><a href=\"https:\/\/www.facebook.com\/westerlytheband\" target=\"_blank\" rel=\"noreferrer noopener\">Facebook<\/a> \u2013 <a href=\"https:\/\/www.instagram.com\/westerly_music\" target=\"_blank\" rel=\"noreferrer noopener\">Instagram<\/a><\/p>\n","protected":false},"excerpt":{"rendered":"<p>Westerly nous pr\u00e9sente son nouveau titre, \u201cI Don\u2019t Need a Reason\u201d, sorti le 20 mars&#8230;<\/p>\n","protected":false},"author":1,"featured_media":14861,"comment_status":"closed","ping_status":"open","sticky":false,"template":"","format":"standard","meta":{"_uag_custom_page_level_css":"","footnotes":""},"categories":[92,76,32,46],"tags":[],"class_list":["post-14860","post","type-post","status-publish","format-standard","has-post-thumbnail","hentry","category-americana","category-folk","category-single","category-sortie"],"yoast_head":"<!-- This site is optimized with the Yoast SEO plugin v27.4 - https:\/\/yoast.com\/product\/yoast-seo-wordpress\/ -->\n<title>Westerly : L&#039;hymne \u00e0 la vie et \u00e0 la connexion avec I Don&#039;t Need a Reason - Radio Castor<\/title>\n<meta name=\"robots\" content=\"index, follow, max-snippet:-1, max-image-preview:large, max-video-preview:-1\" \/>\n<link rel=\"canonical\" href=\"https:\/\/www.radiocastor.com\/index.php\/westerly-lhymne-a-la-vie-et-a-la-connexion-avec-i-dont-need-a-reason\/\" \/>\n<meta property=\"og:locale\" content=\"fr_FR\" \/>\n<meta property=\"og:type\" content=\"article\" \/>\n<meta property=\"og:title\" content=\"Westerly : L&#039;hymne \u00e0 la vie et \u00e0 la connexion avec I Don&#039;t Need a Reason - Radio Castor\" \/>\n<meta property=\"og:description\" content=\"Westerly nous pr\u00e9sente son nouveau titre, \u201cI Don\u2019t Need a Reason\u201d, sorti le 20 mars...\" \/>\n<meta property=\"og:url\" content=\"https:\/\/www.radiocastor.com\/index.php\/westerly-lhymne-a-la-vie-et-a-la-connexion-avec-i-dont-need-a-reason\/\" \/>\n<meta property=\"og:site_name\" content=\"Radio Castor\" \/>\n<meta property=\"article:publisher\" content=\"https:\/\/www.facebook.com\/theradiocastor\" \/>\n<meta property=\"article:published_time\" content=\"2026-04-03T00:21:07+00:00\" \/>\n<meta property=\"article:modified_time\" content=\"2026-04-03T00:21:08+00:00\" \/>\n<meta property=\"og:image\" content=\"https:\/\/www.radiocastor.com\/wp-content\/uploads\/2026\/04\/Screenshot-2026-04-03-at-02-17-33-Facebook.png\" \/>\n\t<meta property=\"og:image:width\" content=\"1499\" \/>\n\t<meta property=\"og:image:height\" content=\"640\" \/>\n\t<meta property=\"og:image:type\" content=\"image\/png\" \/>\n<meta name=\"author\" content=\"R\u00e9daction R C\" \/>\n<meta name=\"twitter:card\" content=\"summary_large_image\" \/>\n<meta name=\"twitter:creator\" content=\"@TheRadioCastor\" \/>\n<meta name=\"twitter:site\" content=\"@TheRadioCastor\" \/>\n<meta name=\"twitter:label1\" content=\"\u00c9crit par\" \/>\n\t<meta name=\"twitter:data1\" content=\"R\u00e9daction R C\" \/>\n\t<meta name=\"twitter:label2\" content=\"Dur\u00e9e de lecture estim\u00e9e\" \/>\n\t<meta name=\"twitter:data2\" content=\"2 minutes\" \/>\n<script type=\"application\/ld+json\" class=\"yoast-schema-graph\">{\"@context\":\"https:\\\/\\\/schema.org\",\"@graph\":[{\"@type\":\"Article\",\"@id\":\"https:\\\/\\\/www.radiocastor.com\\\/index.php\\\/westerly-lhymne-a-la-vie-et-a-la-connexion-avec-i-dont-need-a-reason\\\/#article\",\"isPartOf\":{\"@id\":\"https:\\\/\\\/www.radiocastor.com\\\/index.php\\\/westerly-lhymne-a-la-vie-et-a-la-connexion-avec-i-dont-need-a-reason\\\/\"},\"author\":{\"name\":\"R\u00e9daction R C\",\"@id\":\"https:\\\/\\\/www.radiocastor.com\\\/#\\\/schema\\\/person\\\/558b0e47dc4c11fa52b2220ba6a78779\"},\"headline\":\"Westerly : L&rsquo;hymne \u00e0 la vie et \u00e0 la connexion avec I Don&rsquo;t Need a Reason\",\"datePublished\":\"2026-04-03T00:21:07+00:00\",\"dateModified\":\"2026-04-03T00:21:08+00:00\",\"mainEntityOfPage\":{\"@id\":\"https:\\\/\\\/www.radiocastor.com\\\/index.php\\\/westerly-lhymne-a-la-vie-et-a-la-connexion-avec-i-dont-need-a-reason\\\/\"},\"wordCount\":286,\"publisher\":{\"@id\":\"https:\\\/\\\/www.radiocastor.com\\\/#organization\"},\"image\":{\"@id\":\"https:\\\/\\\/www.radiocastor.com\\\/index.php\\\/westerly-lhymne-a-la-vie-et-a-la-connexion-avec-i-dont-need-a-reason\\\/#primaryimage\"},\"thumbnailUrl\":\"https:\\\/\\\/www.radiocastor.com\\\/wp-content\\\/uploads\\\/2026\\\/04\\\/Screenshot-2026-04-03-at-02-17-33-Facebook.png\",\"articleSection\":[\"Americana\",\"Folk\",\"Single\",\"Sortie\"],\"inLanguage\":\"fr-FR\"},{\"@type\":\"WebPage\",\"@id\":\"https:\\\/\\\/www.radiocastor.com\\\/index.php\\\/westerly-lhymne-a-la-vie-et-a-la-connexion-avec-i-dont-need-a-reason\\\/\",\"url\":\"https:\\\/\\\/www.radiocastor.com\\\/index.php\\\/westerly-lhymne-a-la-vie-et-a-la-connexion-avec-i-dont-need-a-reason\\\/\",\"name\":\"Westerly : L'hymne \u00e0 la vie et \u00e0 la connexion avec I Don't Need a Reason - Radio Castor\",\"isPartOf\":{\"@id\":\"https:\\\/\\\/www.radiocastor.com\\\/#website\"},\"primaryImageOfPage\":{\"@id\":\"https:\\\/\\\/www.radiocastor.com\\\/index.php\\\/westerly-lhymne-a-la-vie-et-a-la-connexion-avec-i-dont-need-a-reason\\\/#primaryimage\"},\"image\":{\"@id\":\"https:\\\/\\\/www.radiocastor.com\\\/index.php\\\/westerly-lhymne-a-la-vie-et-a-la-connexion-avec-i-dont-need-a-reason\\\/#primaryimage\"},\"thumbnailUrl\":\"https:\\\/\\\/www.radiocastor.com\\\/wp-content\\\/uploads\\\/2026\\\/04\\\/Screenshot-2026-04-03-at-02-17-33-Facebook.png\",\"datePublished\":\"2026-04-03T00:21:07+00:00\",\"dateModified\":\"2026-04-03T00:21:08+00:00\",\"breadcrumb\":{\"@id\":\"https:\\\/\\\/www.radiocastor.com\\\/index.php\\\/westerly-lhymne-a-la-vie-et-a-la-connexion-avec-i-dont-need-a-reason\\\/#breadcrumb\"},\"inLanguage\":\"fr-FR\",\"potentialAction\":[{\"@type\":\"ReadAction\",\"target\":[\"https:\\\/\\\/www.radiocastor.com\\\/index.php\\\/westerly-lhymne-a-la-vie-et-a-la-connexion-avec-i-dont-need-a-reason\\\/\"]}]},{\"@type\":\"ImageObject\",\"inLanguage\":\"fr-FR\",\"@id\":\"https:\\\/\\\/www.radiocastor.com\\\/index.php\\\/westerly-lhymne-a-la-vie-et-a-la-connexion-avec-i-dont-need-a-reason\\\/#primaryimage\",\"url\":\"https:\\\/\\\/www.radiocastor.com\\\/wp-content\\\/uploads\\\/2026\\\/04\\\/Screenshot-2026-04-03-at-02-17-33-Facebook.png\",\"contentUrl\":\"https:\\\/\\\/www.radiocastor.com\\\/wp-content\\\/uploads\\\/2026\\\/04\\\/Screenshot-2026-04-03-at-02-17-33-Facebook.png\",\"width\":1499,\"height\":640,\"caption\":\"Westerly\"},{\"@type\":\"BreadcrumbList\",\"@id\":\"https:\\\/\\\/www.radiocastor.com\\\/index.php\\\/westerly-lhymne-a-la-vie-et-a-la-connexion-avec-i-dont-need-a-reason\\\/#breadcrumb\",\"itemListElement\":[{\"@type\":\"ListItem\",\"position\":1,\"name\":\"Accueil\",\"item\":\"https:\\\/\\\/www.radiocastor.com\\\/\"},{\"@type\":\"ListItem\",\"position\":2,\"name\":\"Westerly : L&rsquo;hymne \u00e0 la vie et \u00e0 la connexion avec I Don&rsquo;t Need a Reason\"}]},{\"@type\":\"WebSite\",\"@id\":\"https:\\\/\\\/www.radiocastor.com\\\/#website\",\"url\":\"https:\\\/\\\/www.radiocastor.com\\\/\",\"name\":\"Radio Castor\",\"description\":\"La voix !\",\"publisher\":{\"@id\":\"https:\\\/\\\/www.radiocastor.com\\\/#organization\"},\"potentialAction\":[{\"@type\":\"SearchAction\",\"target\":{\"@type\":\"EntryPoint\",\"urlTemplate\":\"https:\\\/\\\/www.radiocastor.com\\\/?s={search_term_string}\"},\"query-input\":{\"@type\":\"PropertyValueSpecification\",\"valueRequired\":true,\"valueName\":\"search_term_string\"}}],\"inLanguage\":\"fr-FR\"},{\"@type\":\"Organization\",\"@id\":\"https:\\\/\\\/www.radiocastor.com\\\/#organization\",\"name\":\"Radio Castor\",\"url\":\"https:\\\/\\\/www.radiocastor.com\\\/\",\"logo\":{\"@type\":\"ImageObject\",\"inLanguage\":\"fr-FR\",\"@id\":\"https:\\\/\\\/www.radiocastor.com\\\/#\\\/schema\\\/logo\\\/image\\\/\",\"url\":\"https:\\\/\\\/www.radiocastor.com\\\/wp-content\\\/uploads\\\/2021\\\/11\\\/cropped-Radio-castor-logo-2.png\",\"contentUrl\":\"https:\\\/\\\/www.radiocastor.com\\\/wp-content\\\/uploads\\\/2021\\\/11\\\/cropped-Radio-castor-logo-2.png\",\"width\":437,\"height\":219,\"caption\":\"Radio Castor\"},\"image\":{\"@id\":\"https:\\\/\\\/www.radiocastor.com\\\/#\\\/schema\\\/logo\\\/image\\\/\"},\"sameAs\":[\"https:\\\/\\\/www.facebook.com\\\/theradiocastor\",\"https:\\\/\\\/x.com\\\/TheRadioCastor\",\"https:\\\/\\\/www.instagram.com\\\/theradiocastor\",\"https:\\\/\\\/www.youtube.com\\\/c\\\/RadioCastor\"]},{\"@type\":\"Person\",\"@id\":\"https:\\\/\\\/www.radiocastor.com\\\/#\\\/schema\\\/person\\\/558b0e47dc4c11fa52b2220ba6a78779\",\"name\":\"R\u00e9daction R C\",\"image\":{\"@type\":\"ImageObject\",\"inLanguage\":\"fr-FR\",\"@id\":\"https:\\\/\\\/secure.gravatar.com\\\/avatar\\\/1d3e4f4c4a0d129f7ed4838ea20c33760c2484b9bc381993df6c0e3f5bf89c23?s=96&d=mm&r=g\",\"url\":\"https:\\\/\\\/secure.gravatar.com\\\/avatar\\\/1d3e4f4c4a0d129f7ed4838ea20c33760c2484b9bc381993df6c0e3f5bf89c23?s=96&d=mm&r=g\",\"contentUrl\":\"https:\\\/\\\/secure.gravatar.com\\\/avatar\\\/1d3e4f4c4a0d129f7ed4838ea20c33760c2484b9bc381993df6c0e3f5bf89c23?s=96&d=mm&r=g\",\"caption\":\"R\u00e9daction R C\"},\"sameAs\":[\"http:\\\/\\\/www.radiocastor.com\"],\"url\":\"https:\\\/\\\/www.radiocastor.com\\\/index.php\\\/author\\\/radio-castor\\\/\"}]}<\/script>\n<!-- \/ Yoast SEO plugin. -->","yoast_head_json":{"title":"Westerly : L'hymne \u00e0 la vie et \u00e0 la connexion avec I Don't Need a Reason - Radio Castor","robots":{"index":"index","follow":"follow","max-snippet":"max-snippet:-1","max-image-preview":"max-image-preview:large","max-video-preview":"max-video-preview:-1"},"canonical":"https:\/\/www.radiocastor.com\/index.php\/westerly-lhymne-a-la-vie-et-a-la-connexion-avec-i-dont-need-a-reason\/","og_locale":"fr_FR","og_type":"article","og_title":"Westerly : L'hymne \u00e0 la vie et \u00e0 la connexion avec I Don't Need a Reason - Radio Castor","og_description":"Westerly nous pr\u00e9sente son nouveau titre, \u201cI Don\u2019t Need a Reason\u201d, sorti le 20 mars...","og_url":"https:\/\/www.radiocastor.com\/index.php\/westerly-lhymne-a-la-vie-et-a-la-connexion-avec-i-dont-need-a-reason\/","og_site_name":"Radio Castor","article_publisher":"https:\/\/www.facebook.com\/theradiocastor","article_published_time":"2026-04-03T00:21:07+00:00","article_modified_time":"2026-04-03T00:21:08+00:00","og_image":[{"width":1499,"height":640,"url":"https:\/\/www.radiocastor.com\/wp-content\/uploads\/2026\/04\/Screenshot-2026-04-03-at-02-17-33-Facebook.png","type":"image\/png"}],"author":"R\u00e9daction R C","twitter_card":"summary_large_image","twitter_creator":"@TheRadioCastor","twitter_site":"@TheRadioCastor","twitter_misc":{"\u00c9crit par":"R\u00e9daction R C","Dur\u00e9e de lecture estim\u00e9e":"2 minutes"},"schema":{"@context":"https:\/\/schema.org","@graph":[{"@type":"Article","@id":"https:\/\/www.radiocastor.com\/index.php\/westerly-lhymne-a-la-vie-et-a-la-connexion-avec-i-dont-need-a-reason\/#article","isPartOf":{"@id":"https:\/\/www.radiocastor.com\/index.php\/westerly-lhymne-a-la-vie-et-a-la-connexion-avec-i-dont-need-a-reason\/"},"author":{"name":"R\u00e9daction R C","@id":"https:\/\/www.radiocastor.com\/#\/schema\/person\/558b0e47dc4c11fa52b2220ba6a78779"},"headline":"Westerly : L&rsquo;hymne \u00e0 la vie et \u00e0 la connexion avec I Don&rsquo;t Need a Reason","datePublished":"2026-04-03T00:21:07+00:00","dateModified":"2026-04-03T00:21:08+00:00","mainEntityOfPage":{"@id":"https:\/\/www.radiocastor.com\/index.php\/westerly-lhymne-a-la-vie-et-a-la-connexion-avec-i-dont-need-a-reason\/"},"wordCount":286,"publisher":{"@id":"https:\/\/www.radiocastor.com\/#organization"},"image":{"@id":"https:\/\/www.radiocastor.com\/index.php\/westerly-lhymne-a-la-vie-et-a-la-connexion-avec-i-dont-need-a-reason\/#primaryimage"},"thumbnailUrl":"https:\/\/www.radiocastor.com\/wp-content\/uploads\/2026\/04\/Screenshot-2026-04-03-at-02-17-33-Facebook.png","articleSection":["Americana","Folk","Single","Sortie"],"inLanguage":"fr-FR"},{"@type":"WebPage","@id":"https:\/\/www.radiocastor.com\/index.php\/westerly-lhymne-a-la-vie-et-a-la-connexion-avec-i-dont-need-a-reason\/","url":"https:\/\/www.radiocastor.com\/index.php\/westerly-lhymne-a-la-vie-et-a-la-connexion-avec-i-dont-need-a-reason\/","name":"Westerly : L'hymne \u00e0 la vie et \u00e0 la connexion avec I Don't Need a Reason - Radio Castor","isPartOf":{"@id":"https:\/\/www.radiocastor.com\/#website"},"primaryImageOfPage":{"@id":"https:\/\/www.radiocastor.com\/index.php\/westerly-lhymne-a-la-vie-et-a-la-connexion-avec-i-dont-need-a-reason\/#primaryimage"},"image":{"@id":"https:\/\/www.radiocastor.com\/index.php\/westerly-lhymne-a-la-vie-et-a-la-connexion-avec-i-dont-need-a-reason\/#primaryimage"},"thumbnailUrl":"https:\/\/www.radiocastor.com\/wp-content\/uploads\/2026\/04\/Screenshot-2026-04-03-at-02-17-33-Facebook.png","datePublished":"2026-04-03T00:21:07+00:00","dateModified":"2026-04-03T00:21:08+00:00","breadcrumb":{"@id":"https:\/\/www.radiocastor.com\/index.php\/westerly-lhymne-a-la-vie-et-a-la-connexion-avec-i-dont-need-a-reason\/#breadcrumb"},"inLanguage":"fr-FR","potentialAction":[{"@type":"ReadAction","target":["https:\/\/www.radiocastor.com\/index.php\/westerly-lhymne-a-la-vie-et-a-la-connexion-avec-i-dont-need-a-reason\/"]}]},{"@type":"ImageObject","inLanguage":"fr-FR","@id":"https:\/\/www.radiocastor.com\/index.php\/westerly-lhymne-a-la-vie-et-a-la-connexion-avec-i-dont-need-a-reason\/#primaryimage","url":"https:\/\/www.radiocastor.com\/wp-content\/uploads\/2026\/04\/Screenshot-2026-04-03-at-02-17-33-Facebook.png","contentUrl":"https:\/\/www.radiocastor.com\/wp-content\/uploads\/2026\/04\/Screenshot-2026-04-03-at-02-17-33-Facebook.png","width":1499,"height":640,"caption":"Westerly"},{"@type":"BreadcrumbList","@id":"https:\/\/www.radiocastor.com\/index.php\/westerly-lhymne-a-la-vie-et-a-la-connexion-avec-i-dont-need-a-reason\/#breadcrumb","itemListElement":[{"@type":"ListItem","position":1,"name":"Accueil","item":"https:\/\/www.radiocastor.com\/"},{"@type":"ListItem","position":2,"name":"Westerly : L&rsquo;hymne \u00e0 la vie et \u00e0 la connexion avec I Don&rsquo;t Need a Reason"}]},{"@type":"WebSite","@id":"https:\/\/www.radiocastor.com\/#website","url":"https:\/\/www.radiocastor.com\/","name":"Radio Castor","description":"La voix !","publisher":{"@id":"https:\/\/www.radiocastor.com\/#organization"},"potentialAction":[{"@type":"SearchAction","target":{"@type":"EntryPoint","urlTemplate":"https:\/\/www.radiocastor.com\/?s={search_term_string}"},"query-input":{"@type":"PropertyValueSpecification","valueRequired":true,"valueName":"search_term_string"}}],"inLanguage":"fr-FR"},{"@type":"Organization","@id":"https:\/\/www.radiocastor.com\/#organization","name":"Radio Castor","url":"https:\/\/www.radiocastor.com\/","logo":{"@type":"ImageObject","inLanguage":"fr-FR","@id":"https:\/\/www.radiocastor.com\/#\/schema\/logo\/image\/","url":"https:\/\/www.radiocastor.com\/wp-content\/uploads\/2021\/11\/cropped-Radio-castor-logo-2.png","contentUrl":"https:\/\/www.radiocastor.com\/wp-content\/uploads\/2021\/11\/cropped-Radio-castor-logo-2.png","width":437,"height":219,"caption":"Radio Castor"},"image":{"@id":"https:\/\/www.radiocastor.com\/#\/schema\/logo\/image\/"},"sameAs":["https:\/\/www.facebook.com\/theradiocastor","https:\/\/x.com\/TheRadioCastor","https:\/\/www.instagram.com\/theradiocastor","https:\/\/www.youtube.com\/c\/RadioCastor"]},{"@type":"Person","@id":"https:\/\/www.radiocastor.com\/#\/schema\/person\/558b0e47dc4c11fa52b2220ba6a78779","name":"R\u00e9daction R C","image":{"@type":"ImageObject","inLanguage":"fr-FR","@id":"https:\/\/secure.gravatar.com\/avatar\/1d3e4f4c4a0d129f7ed4838ea20c33760c2484b9bc381993df6c0e3f5bf89c23?s=96&d=mm&r=g","url":"https:\/\/secure.gravatar.com\/avatar\/1d3e4f4c4a0d129f7ed4838ea20c33760c2484b9bc381993df6c0e3f5bf89c23?s=96&d=mm&r=g","contentUrl":"https:\/\/secure.gravatar.com\/avatar\/1d3e4f4c4a0d129f7ed4838ea20c33760c2484b9bc381993df6c0e3f5bf89c23?s=96&d=mm&r=g","caption":"R\u00e9daction R C"},"sameAs":["http:\/\/www.radiocastor.com"],"url":"https:\/\/www.radiocastor.com\/index.php\/author\/radio-castor\/"}]}},"uagb_featured_image_src":{"full":["https:\/\/www.radiocastor.com\/wp-content\/uploads\/2026\/04\/Screenshot-2026-04-03-at-02-17-33-Facebook.png",1499,640,false],"thumbnail":["https:\/\/www.radiocastor.com\/wp-content\/uploads\/2026\/04\/Screenshot-2026-04-03-at-02-17-33-Facebook-150x150.png",150,150,true],"medium":["https:\/\/www.radiocastor.com\/wp-content\/uploads\/2026\/04\/Screenshot-2026-04-03-at-02-17-33-Facebook-300x128.png",300,128,true],"medium_large":["https:\/\/www.radiocastor.com\/wp-content\/uploads\/2026\/04\/Screenshot-2026-04-03-at-02-17-33-Facebook-768x328.png",640,273,true],"large":["https:\/\/www.radiocastor.com\/wp-content\/uploads\/2026\/04\/Screenshot-2026-04-03-at-02-17-33-Facebook-1024x437.png",640,273,true],"1536x1536":["https:\/\/www.radiocastor.com\/wp-content\/uploads\/2026\/04\/Screenshot-2026-04-03-at-02-17-33-Facebook.png",1499,640,false],"2048x2048":["https:\/\/www.radiocastor.com\/wp-content\/uploads\/2026\/04\/Screenshot-2026-04-03-at-02-17-33-Facebook.png",1499,640,false],"newsever-slider-full":["https:\/\/www.radiocastor.com\/wp-content\/uploads\/2026\/04\/Screenshot-2026-04-03-at-02-17-33-Facebook-1280x640.png",1280,640,true],"newsever-featured":["https:\/\/www.radiocastor.com\/wp-content\/uploads\/2026\/04\/Screenshot-2026-04-03-at-02-17-33-Facebook-1024x437.png",1024,437,true],"newsever-medium":["https:\/\/www.radiocastor.com\/wp-content\/uploads\/2026\/04\/Screenshot-2026-04-03-at-02-17-33-Facebook-720x475.png",720,475,true]},"uagb_author_info":{"display_name":"R\u00e9daction R C","author_link":"https:\/\/www.radiocastor.com\/index.php\/author\/radio-castor\/"},"uagb_comment_info":0,"uagb_excerpt":"Westerly nous pr\u00e9sente son nouveau titre, \u201cI Don\u2019t Need a Reason\u201d, sorti le 20 mars...","_links":{"self":[{"href":"https:\/\/www.radiocastor.com\/index.php\/wp-json\/wp\/v2\/posts\/14860","targetHints":{"allow":["GET"]}}],"collection":[{"href":"https:\/\/www.radiocastor.com\/index.php\/wp-json\/wp\/v2\/posts"}],"about":[{"href":"https:\/\/www.radiocastor.com\/index.php\/wp-json\/wp\/v2\/types\/post"}],"author":[{"embeddable":true,"href":"https:\/\/www.radiocastor.com\/index.php\/wp-json\/wp\/v2\/users\/1"}],"replies":[{"embeddable":true,"href":"https:\/\/www.radiocastor.com\/index.php\/wp-json\/wp\/v2\/comments?post=14860"}],"version-history":[{"count":1,"href":"https:\/\/www.radiocastor.com\/index.php\/wp-json\/wp\/v2\/posts\/14860\/revisions"}],"predecessor-version":[{"id":14862,"href":"https:\/\/www.radiocastor.com\/index.php\/wp-json\/wp\/v2\/posts\/14860\/revisions\/14862"}],"wp:featuredmedia":[{"embeddable":true,"href":"https:\/\/www.radiocastor.com\/index.php\/wp-json\/wp\/v2\/media\/14861"}],"wp:attachment":[{"href":"https:\/\/www.radiocastor.com\/index.php\/wp-json\/wp\/v2\/media?parent=14860"}],"wp:term":[{"taxonomy":"category","embeddable":true,"href":"https:\/\/www.radiocastor.com\/index.php\/wp-json\/wp\/v2\/categories?post=14860"},{"taxonomy":"post_tag","embeddable":true,"href":"https:\/\/www.radiocastor.com\/index.php\/wp-json\/wp\/v2\/tags?post=14860"}],"curies":[{"name":"wp","href":"https:\/\/api.w.org\/{rel}","templated":true}]}}