{"id":14857,"date":"2026-04-03T02:04:30","date_gmt":"2026-04-03T00:04:30","guid":{"rendered":"https:\/\/www.radiocastor.com\/?p=14857"},"modified":"2026-04-03T02:04:32","modified_gmt":"2026-04-03T00:04:32","slug":"colao-lindie-rock-dominicain-sinvite-sur-radiocastor-avec-2014","status":"publish","type":"post","link":"https:\/\/www.radiocastor.com\/index.php\/colao-lindie-rock-dominicain-sinvite-sur-radiocastor-avec-2014\/","title":{"rendered":"Colao : L&rsquo;Indie Rock dominicain s&rsquo;invite sur RadioCastor avec 2014"},"content":{"rendered":"\n<p>Nous avons d\u00e9couvert la R\u00e9publique Dominicaine \u00e0 travers le titre \u00ab\u00a0<a href=\"https:\/\/youtu.be\/P6PPq6bf3W8?si=v45pPHRS__u0Qh28\" target=\"_blank\" rel=\"noreferrer noopener\">Good Vibe With You<\/a>\u00a0\u00bb de Fox Nigon&#8230; nous avons ainsi r\u00e9alis\u00e9 qu&rsquo;il y avait l\u00e0-bas bien plus que de la bachata et du merengue, et nous sommes aujourd&rsquo;hui tr\u00e8s heureux de vous pr\u00e9senter un groupe pop-rock dominicain !<\/p>\n\n\n\n<p><strong>Colao<\/strong> est une formation compos\u00e9e de Rafael Amiro (piano et chant), Carlos Mart\u00ednez (guitare), Gianni Cavagliano (basse) et Ernesto PJota (batterie). Ensemble, ils s&rsquo;efforcent de briser les fronti\u00e8res entre les genres conventionnels, cr\u00e9ant des fusions audacieuses tout en restant fid\u00e8les \u00e0 leurs racines. Leurs textes, impr\u00e9gn\u00e9s du langage familier dominicain, apportent une touche unique et authentique \u00e0 leurs compositions. Apr\u00e8s un premier album intitul\u00e9 <em>Fuego en la Lata<\/em>, o\u00f9 chaque membre explorait ses influences hors de sa zone de confort, le groupe continue d&rsquo;\u00e9voluer vers un son de plus en plus l\u00e9ch\u00e9 et immersif.<\/p>\n\n\n\n<p>Leur nouveau single, <strong>2014<\/strong>, est une p\u00e9pite indie pop teint\u00e9e d&rsquo;une nostalgie rock tr\u00e8s ann\u00e9es 90. Le morceau invite \u00e0 une profonde introspection : il traite de la tendance que nous avons tous \u00e0 trop analyser les choses (<em>overthinking<\/em>) et du besoin vital de prendre du recul pour mieux comprendre nos exp\u00e9riences. La production installe une atmosph\u00e8re enveloppante, presque a\u00e9rienne, qui incite \u00e0 \u00ab\u00a0faire une pause, respirer et l\u00e2cher prise\u00a0\u00bb. Les paroles en espagnol renforcent cette sensation de voyage int\u00e9rieur, port\u00e9es par un final aux ch\u0153urs particuli\u00e8rement soign\u00e9s. Entre rock alternatif et douceur m\u00e9lodique, <strong>2014<\/strong> prouve que la sc\u00e8ne dominicaine regorge de talents capables de rivaliser avec les meilleures productions indie internationales.<\/p>\n\n\n\n<p><em>A \u00e9couter sur <a href=\"https:\/\/www.radiocastor.com\/index.php\/playlist\/\" target=\"_blank\" rel=\"noreferrer noopener\">nos playlists<\/a> !<\/em><\/p>\n\n\n\n<p style=\"text-align: center;\"><iframe loading=\"lazy\" width=\"560\" height=\"315\" src=\"https:\/\/www.youtube.com\/embed\/chkXX2H-Akw?si=zqJbWeN5hohLCUTJ\" title=\"YouTube video player\" frameborder=\"0\" allow=\"accelerometer; autoplay; clipboard-write; encrypted-media; gyroscope; picture-in-picture; web-share\" referrerpolicy=\"strict-origin-when-cross-origin\" allowfullscreen><\/iframe><\/p>\n\n\n\n<p class=\"has-text-align-center\"><a href=\"https:\/\/www.instagram.com\/colao.musica\" target=\"_blank\" rel=\"noreferrer noopener\">Instagram<\/a><\/p>\n","protected":false},"excerpt":{"rendered":"<p>Nous avons d\u00e9couvert la R\u00e9publique Dominicaine \u00e0 travers le titre \u00ab\u00a0Good Vibe With You\u00a0\u00bb de&#8230;<\/p>\n","protected":false},"author":1,"featured_media":14858,"comment_status":"closed","ping_status":"open","sticky":false,"template":"","format":"standard","meta":{"_uag_custom_page_level_css":"","footnotes":""},"categories":[4,5,32,46],"tags":[],"class_list":["post-14857","post","type-post","status-publish","format-standard","has-post-thumbnail","hentry","category-pop","category-rock","category-single","category-sortie"],"yoast_head":"<!-- This site is optimized with the Yoast SEO plugin v27.4 - https:\/\/yoast.com\/product\/yoast-seo-wordpress\/ -->\n<title>Colao : L&#039;Indie Rock dominicain s&#039;invite sur RadioCastor avec 2014 - Radio Castor<\/title>\n<meta name=\"robots\" content=\"index, follow, max-snippet:-1, max-image-preview:large, max-video-preview:-1\" \/>\n<link rel=\"canonical\" href=\"https:\/\/www.radiocastor.com\/index.php\/colao-lindie-rock-dominicain-sinvite-sur-radiocastor-avec-2014\/\" \/>\n<meta property=\"og:locale\" content=\"fr_FR\" \/>\n<meta property=\"og:type\" content=\"article\" \/>\n<meta property=\"og:title\" content=\"Colao : L&#039;Indie Rock dominicain s&#039;invite sur RadioCastor avec 2014 - Radio Castor\" \/>\n<meta property=\"og:description\" content=\"Nous avons d\u00e9couvert la R\u00e9publique Dominicaine \u00e0 travers le titre \u00ab\u00a0Good Vibe With You\u00a0\u00bb de...\" \/>\n<meta property=\"og:url\" content=\"https:\/\/www.radiocastor.com\/index.php\/colao-lindie-rock-dominicain-sinvite-sur-radiocastor-avec-2014\/\" \/>\n<meta property=\"og:site_name\" content=\"Radio Castor\" \/>\n<meta property=\"article:publisher\" content=\"https:\/\/www.facebook.com\/theradiocastor\" \/>\n<meta property=\"article:published_time\" content=\"2026-04-03T00:04:30+00:00\" \/>\n<meta property=\"article:modified_time\" content=\"2026-04-03T00:04:32+00:00\" \/>\n<meta property=\"og:image\" content=\"https:\/\/www.radiocastor.com\/wp-content\/uploads\/2026\/04\/Screenshot-2026-04-03-at-01-57-04-Instagram.png\" \/>\n\t<meta property=\"og:image:width\" content=\"385\" \/>\n\t<meta property=\"og:image:height\" content=\"310\" \/>\n\t<meta property=\"og:image:type\" content=\"image\/png\" \/>\n<meta name=\"author\" content=\"R\u00e9daction R C\" \/>\n<meta name=\"twitter:card\" content=\"summary_large_image\" \/>\n<meta name=\"twitter:creator\" content=\"@TheRadioCastor\" \/>\n<meta name=\"twitter:site\" content=\"@TheRadioCastor\" \/>\n<meta name=\"twitter:label1\" content=\"\u00c9crit par\" \/>\n\t<meta name=\"twitter:data1\" content=\"R\u00e9daction R C\" \/>\n\t<meta name=\"twitter:label2\" content=\"Dur\u00e9e de lecture estim\u00e9e\" \/>\n\t<meta name=\"twitter:data2\" content=\"2 minutes\" \/>\n<script type=\"application\/ld+json\" class=\"yoast-schema-graph\">{\"@context\":\"https:\\\/\\\/schema.org\",\"@graph\":[{\"@type\":\"Article\",\"@id\":\"https:\\\/\\\/www.radiocastor.com\\\/index.php\\\/colao-lindie-rock-dominicain-sinvite-sur-radiocastor-avec-2014\\\/#article\",\"isPartOf\":{\"@id\":\"https:\\\/\\\/www.radiocastor.com\\\/index.php\\\/colao-lindie-rock-dominicain-sinvite-sur-radiocastor-avec-2014\\\/\"},\"author\":{\"name\":\"R\u00e9daction R C\",\"@id\":\"https:\\\/\\\/www.radiocastor.com\\\/#\\\/schema\\\/person\\\/558b0e47dc4c11fa52b2220ba6a78779\"},\"headline\":\"Colao : L&rsquo;Indie Rock dominicain s&rsquo;invite sur RadioCastor avec 2014\",\"datePublished\":\"2026-04-03T00:04:30+00:00\",\"dateModified\":\"2026-04-03T00:04:32+00:00\",\"mainEntityOfPage\":{\"@id\":\"https:\\\/\\\/www.radiocastor.com\\\/index.php\\\/colao-lindie-rock-dominicain-sinvite-sur-radiocastor-avec-2014\\\/\"},\"wordCount\":294,\"publisher\":{\"@id\":\"https:\\\/\\\/www.radiocastor.com\\\/#organization\"},\"image\":{\"@id\":\"https:\\\/\\\/www.radiocastor.com\\\/index.php\\\/colao-lindie-rock-dominicain-sinvite-sur-radiocastor-avec-2014\\\/#primaryimage\"},\"thumbnailUrl\":\"https:\\\/\\\/www.radiocastor.com\\\/wp-content\\\/uploads\\\/2026\\\/04\\\/Screenshot-2026-04-03-at-01-57-04-Instagram.png\",\"articleSection\":[\"Pop\",\"Rock\",\"Single\",\"Sortie\"],\"inLanguage\":\"fr-FR\"},{\"@type\":\"WebPage\",\"@id\":\"https:\\\/\\\/www.radiocastor.com\\\/index.php\\\/colao-lindie-rock-dominicain-sinvite-sur-radiocastor-avec-2014\\\/\",\"url\":\"https:\\\/\\\/www.radiocastor.com\\\/index.php\\\/colao-lindie-rock-dominicain-sinvite-sur-radiocastor-avec-2014\\\/\",\"name\":\"Colao : L'Indie Rock dominicain s'invite sur RadioCastor avec 2014 - Radio Castor\",\"isPartOf\":{\"@id\":\"https:\\\/\\\/www.radiocastor.com\\\/#website\"},\"primaryImageOfPage\":{\"@id\":\"https:\\\/\\\/www.radiocastor.com\\\/index.php\\\/colao-lindie-rock-dominicain-sinvite-sur-radiocastor-avec-2014\\\/#primaryimage\"},\"image\":{\"@id\":\"https:\\\/\\\/www.radiocastor.com\\\/index.php\\\/colao-lindie-rock-dominicain-sinvite-sur-radiocastor-avec-2014\\\/#primaryimage\"},\"thumbnailUrl\":\"https:\\\/\\\/www.radiocastor.com\\\/wp-content\\\/uploads\\\/2026\\\/04\\\/Screenshot-2026-04-03-at-01-57-04-Instagram.png\",\"datePublished\":\"2026-04-03T00:04:30+00:00\",\"dateModified\":\"2026-04-03T00:04:32+00:00\",\"breadcrumb\":{\"@id\":\"https:\\\/\\\/www.radiocastor.com\\\/index.php\\\/colao-lindie-rock-dominicain-sinvite-sur-radiocastor-avec-2014\\\/#breadcrumb\"},\"inLanguage\":\"fr-FR\",\"potentialAction\":[{\"@type\":\"ReadAction\",\"target\":[\"https:\\\/\\\/www.radiocastor.com\\\/index.php\\\/colao-lindie-rock-dominicain-sinvite-sur-radiocastor-avec-2014\\\/\"]}]},{\"@type\":\"ImageObject\",\"inLanguage\":\"fr-FR\",\"@id\":\"https:\\\/\\\/www.radiocastor.com\\\/index.php\\\/colao-lindie-rock-dominicain-sinvite-sur-radiocastor-avec-2014\\\/#primaryimage\",\"url\":\"https:\\\/\\\/www.radiocastor.com\\\/wp-content\\\/uploads\\\/2026\\\/04\\\/Screenshot-2026-04-03-at-01-57-04-Instagram.png\",\"contentUrl\":\"https:\\\/\\\/www.radiocastor.com\\\/wp-content\\\/uploads\\\/2026\\\/04\\\/Screenshot-2026-04-03-at-01-57-04-Instagram.png\",\"width\":385,\"height\":310,\"caption\":\"Colao\"},{\"@type\":\"BreadcrumbList\",\"@id\":\"https:\\\/\\\/www.radiocastor.com\\\/index.php\\\/colao-lindie-rock-dominicain-sinvite-sur-radiocastor-avec-2014\\\/#breadcrumb\",\"itemListElement\":[{\"@type\":\"ListItem\",\"position\":1,\"name\":\"Accueil\",\"item\":\"https:\\\/\\\/www.radiocastor.com\\\/\"},{\"@type\":\"ListItem\",\"position\":2,\"name\":\"Colao : L&rsquo;Indie Rock dominicain s&rsquo;invite sur RadioCastor avec 2014\"}]},{\"@type\":\"WebSite\",\"@id\":\"https:\\\/\\\/www.radiocastor.com\\\/#website\",\"url\":\"https:\\\/\\\/www.radiocastor.com\\\/\",\"name\":\"Radio Castor\",\"description\":\"La voix !\",\"publisher\":{\"@id\":\"https:\\\/\\\/www.radiocastor.com\\\/#organization\"},\"potentialAction\":[{\"@type\":\"SearchAction\",\"target\":{\"@type\":\"EntryPoint\",\"urlTemplate\":\"https:\\\/\\\/www.radiocastor.com\\\/?s={search_term_string}\"},\"query-input\":{\"@type\":\"PropertyValueSpecification\",\"valueRequired\":true,\"valueName\":\"search_term_string\"}}],\"inLanguage\":\"fr-FR\"},{\"@type\":\"Organization\",\"@id\":\"https:\\\/\\\/www.radiocastor.com\\\/#organization\",\"name\":\"Radio Castor\",\"url\":\"https:\\\/\\\/www.radiocastor.com\\\/\",\"logo\":{\"@type\":\"ImageObject\",\"inLanguage\":\"fr-FR\",\"@id\":\"https:\\\/\\\/www.radiocastor.com\\\/#\\\/schema\\\/logo\\\/image\\\/\",\"url\":\"https:\\\/\\\/www.radiocastor.com\\\/wp-content\\\/uploads\\\/2021\\\/11\\\/cropped-Radio-castor-logo-2.png\",\"contentUrl\":\"https:\\\/\\\/www.radiocastor.com\\\/wp-content\\\/uploads\\\/2021\\\/11\\\/cropped-Radio-castor-logo-2.png\",\"width\":437,\"height\":219,\"caption\":\"Radio Castor\"},\"image\":{\"@id\":\"https:\\\/\\\/www.radiocastor.com\\\/#\\\/schema\\\/logo\\\/image\\\/\"},\"sameAs\":[\"https:\\\/\\\/www.facebook.com\\\/theradiocastor\",\"https:\\\/\\\/x.com\\\/TheRadioCastor\",\"https:\\\/\\\/www.instagram.com\\\/theradiocastor\",\"https:\\\/\\\/www.youtube.com\\\/c\\\/RadioCastor\"]},{\"@type\":\"Person\",\"@id\":\"https:\\\/\\\/www.radiocastor.com\\\/#\\\/schema\\\/person\\\/558b0e47dc4c11fa52b2220ba6a78779\",\"name\":\"R\u00e9daction R C\",\"image\":{\"@type\":\"ImageObject\",\"inLanguage\":\"fr-FR\",\"@id\":\"https:\\\/\\\/secure.gravatar.com\\\/avatar\\\/1d3e4f4c4a0d129f7ed4838ea20c33760c2484b9bc381993df6c0e3f5bf89c23?s=96&d=mm&r=g\",\"url\":\"https:\\\/\\\/secure.gravatar.com\\\/avatar\\\/1d3e4f4c4a0d129f7ed4838ea20c33760c2484b9bc381993df6c0e3f5bf89c23?s=96&d=mm&r=g\",\"contentUrl\":\"https:\\\/\\\/secure.gravatar.com\\\/avatar\\\/1d3e4f4c4a0d129f7ed4838ea20c33760c2484b9bc381993df6c0e3f5bf89c23?s=96&d=mm&r=g\",\"caption\":\"R\u00e9daction R C\"},\"sameAs\":[\"http:\\\/\\\/www.radiocastor.com\"],\"url\":\"https:\\\/\\\/www.radiocastor.com\\\/index.php\\\/author\\\/radio-castor\\\/\"}]}<\/script>\n<!-- \/ Yoast SEO plugin. -->","yoast_head_json":{"title":"Colao : L'Indie Rock dominicain s'invite sur RadioCastor avec 2014 - Radio Castor","robots":{"index":"index","follow":"follow","max-snippet":"max-snippet:-1","max-image-preview":"max-image-preview:large","max-video-preview":"max-video-preview:-1"},"canonical":"https:\/\/www.radiocastor.com\/index.php\/colao-lindie-rock-dominicain-sinvite-sur-radiocastor-avec-2014\/","og_locale":"fr_FR","og_type":"article","og_title":"Colao : L'Indie Rock dominicain s'invite sur RadioCastor avec 2014 - Radio Castor","og_description":"Nous avons d\u00e9couvert la R\u00e9publique Dominicaine \u00e0 travers le titre \u00ab\u00a0Good Vibe With You\u00a0\u00bb de...","og_url":"https:\/\/www.radiocastor.com\/index.php\/colao-lindie-rock-dominicain-sinvite-sur-radiocastor-avec-2014\/","og_site_name":"Radio Castor","article_publisher":"https:\/\/www.facebook.com\/theradiocastor","article_published_time":"2026-04-03T00:04:30+00:00","article_modified_time":"2026-04-03T00:04:32+00:00","og_image":[{"width":385,"height":310,"url":"https:\/\/www.radiocastor.com\/wp-content\/uploads\/2026\/04\/Screenshot-2026-04-03-at-01-57-04-Instagram.png","type":"image\/png"}],"author":"R\u00e9daction R C","twitter_card":"summary_large_image","twitter_creator":"@TheRadioCastor","twitter_site":"@TheRadioCastor","twitter_misc":{"\u00c9crit par":"R\u00e9daction R C","Dur\u00e9e de lecture estim\u00e9e":"2 minutes"},"schema":{"@context":"https:\/\/schema.org","@graph":[{"@type":"Article","@id":"https:\/\/www.radiocastor.com\/index.php\/colao-lindie-rock-dominicain-sinvite-sur-radiocastor-avec-2014\/#article","isPartOf":{"@id":"https:\/\/www.radiocastor.com\/index.php\/colao-lindie-rock-dominicain-sinvite-sur-radiocastor-avec-2014\/"},"author":{"name":"R\u00e9daction R C","@id":"https:\/\/www.radiocastor.com\/#\/schema\/person\/558b0e47dc4c11fa52b2220ba6a78779"},"headline":"Colao : L&rsquo;Indie Rock dominicain s&rsquo;invite sur RadioCastor avec 2014","datePublished":"2026-04-03T00:04:30+00:00","dateModified":"2026-04-03T00:04:32+00:00","mainEntityOfPage":{"@id":"https:\/\/www.radiocastor.com\/index.php\/colao-lindie-rock-dominicain-sinvite-sur-radiocastor-avec-2014\/"},"wordCount":294,"publisher":{"@id":"https:\/\/www.radiocastor.com\/#organization"},"image":{"@id":"https:\/\/www.radiocastor.com\/index.php\/colao-lindie-rock-dominicain-sinvite-sur-radiocastor-avec-2014\/#primaryimage"},"thumbnailUrl":"https:\/\/www.radiocastor.com\/wp-content\/uploads\/2026\/04\/Screenshot-2026-04-03-at-01-57-04-Instagram.png","articleSection":["Pop","Rock","Single","Sortie"],"inLanguage":"fr-FR"},{"@type":"WebPage","@id":"https:\/\/www.radiocastor.com\/index.php\/colao-lindie-rock-dominicain-sinvite-sur-radiocastor-avec-2014\/","url":"https:\/\/www.radiocastor.com\/index.php\/colao-lindie-rock-dominicain-sinvite-sur-radiocastor-avec-2014\/","name":"Colao : L'Indie Rock dominicain s'invite sur RadioCastor avec 2014 - Radio Castor","isPartOf":{"@id":"https:\/\/www.radiocastor.com\/#website"},"primaryImageOfPage":{"@id":"https:\/\/www.radiocastor.com\/index.php\/colao-lindie-rock-dominicain-sinvite-sur-radiocastor-avec-2014\/#primaryimage"},"image":{"@id":"https:\/\/www.radiocastor.com\/index.php\/colao-lindie-rock-dominicain-sinvite-sur-radiocastor-avec-2014\/#primaryimage"},"thumbnailUrl":"https:\/\/www.radiocastor.com\/wp-content\/uploads\/2026\/04\/Screenshot-2026-04-03-at-01-57-04-Instagram.png","datePublished":"2026-04-03T00:04:30+00:00","dateModified":"2026-04-03T00:04:32+00:00","breadcrumb":{"@id":"https:\/\/www.radiocastor.com\/index.php\/colao-lindie-rock-dominicain-sinvite-sur-radiocastor-avec-2014\/#breadcrumb"},"inLanguage":"fr-FR","potentialAction":[{"@type":"ReadAction","target":["https:\/\/www.radiocastor.com\/index.php\/colao-lindie-rock-dominicain-sinvite-sur-radiocastor-avec-2014\/"]}]},{"@type":"ImageObject","inLanguage":"fr-FR","@id":"https:\/\/www.radiocastor.com\/index.php\/colao-lindie-rock-dominicain-sinvite-sur-radiocastor-avec-2014\/#primaryimage","url":"https:\/\/www.radiocastor.com\/wp-content\/uploads\/2026\/04\/Screenshot-2026-04-03-at-01-57-04-Instagram.png","contentUrl":"https:\/\/www.radiocastor.com\/wp-content\/uploads\/2026\/04\/Screenshot-2026-04-03-at-01-57-04-Instagram.png","width":385,"height":310,"caption":"Colao"},{"@type":"BreadcrumbList","@id":"https:\/\/www.radiocastor.com\/index.php\/colao-lindie-rock-dominicain-sinvite-sur-radiocastor-avec-2014\/#breadcrumb","itemListElement":[{"@type":"ListItem","position":1,"name":"Accueil","item":"https:\/\/www.radiocastor.com\/"},{"@type":"ListItem","position":2,"name":"Colao : L&rsquo;Indie Rock dominicain s&rsquo;invite sur RadioCastor avec 2014"}]},{"@type":"WebSite","@id":"https:\/\/www.radiocastor.com\/#website","url":"https:\/\/www.radiocastor.com\/","name":"Radio Castor","description":"La voix !","publisher":{"@id":"https:\/\/www.radiocastor.com\/#organization"},"potentialAction":[{"@type":"SearchAction","target":{"@type":"EntryPoint","urlTemplate":"https:\/\/www.radiocastor.com\/?s={search_term_string}"},"query-input":{"@type":"PropertyValueSpecification","valueRequired":true,"valueName":"search_term_string"}}],"inLanguage":"fr-FR"},{"@type":"Organization","@id":"https:\/\/www.radiocastor.com\/#organization","name":"Radio Castor","url":"https:\/\/www.radiocastor.com\/","logo":{"@type":"ImageObject","inLanguage":"fr-FR","@id":"https:\/\/www.radiocastor.com\/#\/schema\/logo\/image\/","url":"https:\/\/www.radiocastor.com\/wp-content\/uploads\/2021\/11\/cropped-Radio-castor-logo-2.png","contentUrl":"https:\/\/www.radiocastor.com\/wp-content\/uploads\/2021\/11\/cropped-Radio-castor-logo-2.png","width":437,"height":219,"caption":"Radio Castor"},"image":{"@id":"https:\/\/www.radiocastor.com\/#\/schema\/logo\/image\/"},"sameAs":["https:\/\/www.facebook.com\/theradiocastor","https:\/\/x.com\/TheRadioCastor","https:\/\/www.instagram.com\/theradiocastor","https:\/\/www.youtube.com\/c\/RadioCastor"]},{"@type":"Person","@id":"https:\/\/www.radiocastor.com\/#\/schema\/person\/558b0e47dc4c11fa52b2220ba6a78779","name":"R\u00e9daction R C","image":{"@type":"ImageObject","inLanguage":"fr-FR","@id":"https:\/\/secure.gravatar.com\/avatar\/1d3e4f4c4a0d129f7ed4838ea20c33760c2484b9bc381993df6c0e3f5bf89c23?s=96&d=mm&r=g","url":"https:\/\/secure.gravatar.com\/avatar\/1d3e4f4c4a0d129f7ed4838ea20c33760c2484b9bc381993df6c0e3f5bf89c23?s=96&d=mm&r=g","contentUrl":"https:\/\/secure.gravatar.com\/avatar\/1d3e4f4c4a0d129f7ed4838ea20c33760c2484b9bc381993df6c0e3f5bf89c23?s=96&d=mm&r=g","caption":"R\u00e9daction R C"},"sameAs":["http:\/\/www.radiocastor.com"],"url":"https:\/\/www.radiocastor.com\/index.php\/author\/radio-castor\/"}]}},"uagb_featured_image_src":{"full":["https:\/\/www.radiocastor.com\/wp-content\/uploads\/2026\/04\/Screenshot-2026-04-03-at-01-57-04-Instagram.png",385,310,false],"thumbnail":["https:\/\/www.radiocastor.com\/wp-content\/uploads\/2026\/04\/Screenshot-2026-04-03-at-01-57-04-Instagram-150x150.png",150,150,true],"medium":["https:\/\/www.radiocastor.com\/wp-content\/uploads\/2026\/04\/Screenshot-2026-04-03-at-01-57-04-Instagram-300x242.png",300,242,true],"medium_large":["https:\/\/www.radiocastor.com\/wp-content\/uploads\/2026\/04\/Screenshot-2026-04-03-at-01-57-04-Instagram.png",385,310,false],"large":["https:\/\/www.radiocastor.com\/wp-content\/uploads\/2026\/04\/Screenshot-2026-04-03-at-01-57-04-Instagram.png",385,310,false],"1536x1536":["https:\/\/www.radiocastor.com\/wp-content\/uploads\/2026\/04\/Screenshot-2026-04-03-at-01-57-04-Instagram.png",385,310,false],"2048x2048":["https:\/\/www.radiocastor.com\/wp-content\/uploads\/2026\/04\/Screenshot-2026-04-03-at-01-57-04-Instagram.png",385,310,false],"newsever-slider-full":["https:\/\/www.radiocastor.com\/wp-content\/uploads\/2026\/04\/Screenshot-2026-04-03-at-01-57-04-Instagram.png",385,310,false],"newsever-featured":["https:\/\/www.radiocastor.com\/wp-content\/uploads\/2026\/04\/Screenshot-2026-04-03-at-01-57-04-Instagram.png",385,310,false],"newsever-medium":["https:\/\/www.radiocastor.com\/wp-content\/uploads\/2026\/04\/Screenshot-2026-04-03-at-01-57-04-Instagram.png",385,310,false]},"uagb_author_info":{"display_name":"R\u00e9daction R C","author_link":"https:\/\/www.radiocastor.com\/index.php\/author\/radio-castor\/"},"uagb_comment_info":0,"uagb_excerpt":"Nous avons d\u00e9couvert la R\u00e9publique Dominicaine \u00e0 travers le titre \u00ab\u00a0Good Vibe With You\u00a0\u00bb de...","_links":{"self":[{"href":"https:\/\/www.radiocastor.com\/index.php\/wp-json\/wp\/v2\/posts\/14857","targetHints":{"allow":["GET"]}}],"collection":[{"href":"https:\/\/www.radiocastor.com\/index.php\/wp-json\/wp\/v2\/posts"}],"about":[{"href":"https:\/\/www.radiocastor.com\/index.php\/wp-json\/wp\/v2\/types\/post"}],"author":[{"embeddable":true,"href":"https:\/\/www.radiocastor.com\/index.php\/wp-json\/wp\/v2\/users\/1"}],"replies":[{"embeddable":true,"href":"https:\/\/www.radiocastor.com\/index.php\/wp-json\/wp\/v2\/comments?post=14857"}],"version-history":[{"count":1,"href":"https:\/\/www.radiocastor.com\/index.php\/wp-json\/wp\/v2\/posts\/14857\/revisions"}],"predecessor-version":[{"id":14859,"href":"https:\/\/www.radiocastor.com\/index.php\/wp-json\/wp\/v2\/posts\/14857\/revisions\/14859"}],"wp:featuredmedia":[{"embeddable":true,"href":"https:\/\/www.radiocastor.com\/index.php\/wp-json\/wp\/v2\/media\/14858"}],"wp:attachment":[{"href":"https:\/\/www.radiocastor.com\/index.php\/wp-json\/wp\/v2\/media?parent=14857"}],"wp:term":[{"taxonomy":"category","embeddable":true,"href":"https:\/\/www.radiocastor.com\/index.php\/wp-json\/wp\/v2\/categories?post=14857"},{"taxonomy":"post_tag","embeddable":true,"href":"https:\/\/www.radiocastor.com\/index.php\/wp-json\/wp\/v2\/tags?post=14857"}],"curies":[{"name":"wp","href":"https:\/\/api.w.org\/{rel}","templated":true}]}}