{"id":14811,"date":"2026-04-01T19:42:05","date_gmt":"2026-04-01T17:42:05","guid":{"rendered":"https:\/\/www.radiocastor.com\/?p=14811"},"modified":"2026-04-01T19:42:06","modified_gmt":"2026-04-01T17:42:06","slug":"titre-du-jour-sarah-brindell-lhymne-inspirant-et-solaire-de-raise-your-voice","status":"publish","type":"post","link":"https:\/\/www.radiocastor.com\/index.php\/titre-du-jour-sarah-brindell-lhymne-inspirant-et-solaire-de-raise-your-voice\/","title":{"rendered":"Titre du jour : Sarah Brindell, l&rsquo;hymne inspirant et solaire de Raise Your Voice"},"content":{"rendered":"\n<p>Sarah Brindell nous pr\u00e9sente son dernier titre, \u201cRaise Your Voice\u201d, sorti le 15 mars 2026.<\/p>\n\n\n\n<p>Sarah Brindell est une artiste accomplie dont le talent s&rsquo;exprime \u00e0 travers l&rsquo;\u00e9criture, la production, le piano et le chant. Forte d&rsquo;une solide formation musicale et d&rsquo;un master en \u00e9ducation, elle m\u00e8ne une carri\u00e8re internationale qui l&rsquo;a conduite \u00e0 partager la sc\u00e8ne ou les studios avec des ic\u00f4nes telles que Norah Jones et Carole King. Son expertise technique l&rsquo;am\u00e8ne \u00e9galement \u00e0 enseigner l&rsquo;harmonie et l&rsquo;arrangement \u00e0 travers le monde, aidant de nombreux musiciens \u00e0 parfaire leur art. Ses compositions originales ont \u00e9t\u00e9 remarqu\u00e9es dans des \u00e9missions t\u00e9l\u00e9vis\u00e9es et lors de concours prestigieux comme le Billboard World Song Contest. Son style se d\u00e9finit par un m\u00e9lange \u00e9l\u00e9gant de folk acoustique, de folk rock et de retro soul, t\u00e9moignant d&rsquo;une ma\u00eetrise instrumentale et vocale hors pair au service d&rsquo;une expression artistique toujours authentique.<\/p>\n\n\n\n<p>Le morceau Raise Your Voice est une composition lumineuse qui navigue entre une \u00e9nergie communicative et une atmosph\u00e8re apaisante. La production met en avant des sonorit\u00e9s acoustiques soign\u00e9es, offrant un \u00e9crin id\u00e9al \u00e0 la voix chaleureuse et ma\u00eetris\u00e9e de l&rsquo;artiste. Le titre d\u00e9gage une force tranquille, presque \u00e9pique, tout en conservant la proximit\u00e9 propre au genre folk. \u00c0 travers une m\u00e9lodie fluide et des arrangements subtils de piano et de guitare, Sarah Brindell invite l&rsquo;auditeur \u00e0 l&rsquo;expression de soi et \u00e0 l&rsquo;affirmation de sa propre v\u00e9rit\u00e9. Les \u00e9motions transmises sont empreintes de bienveillance et d&rsquo;une s\u00e9r\u00e9nit\u00e9 inspirante. Cette pi\u00e8ce musicale r\u00e9ussit le pari de l&rsquo;\u00e9quilibre, proposant une exp\u00e9rience auditive \u00e0 la fois entra\u00eenante pour l&rsquo;esprit et relaxante pour l&rsquo;\u00e2me, confirmant le savoir-faire de l&rsquo;artiste en mati\u00e8re d&rsquo;\u00e9criture de chansons \u00e0 port\u00e9e universelle.<\/p>\n\n\n\n<p><em>A \u00e9couter sur <a href=\"https:\/\/www.radiocastor.com\/index.php\/playlist\/\" target=\"_blank\" rel=\"noreferrer noopener\">nos playlists<\/a> !<\/em><\/p>\n\n\n\n<p style=\"text-align: center;\"><iframe loading=\"lazy\" width=\"560\" height=\"315\" src=\"https:\/\/www.youtube.com\/embed\/yhjAkmVAT4Y?si=TPZl9E8HYFQZywZD\" title=\"YouTube video player\" frameborder=\"0\" allow=\"accelerometer; autoplay; clipboard-write; encrypted-media; gyroscope; picture-in-picture; web-share\" referrerpolicy=\"strict-origin-when-cross-origin\" allowfullscreen><\/iframe><\/p>\n\n\n\n<p class=\"has-text-align-center\"><a href=\"https:\/\/www.facebook.com\/sarahbrindell27\" target=\"_blank\" rel=\"noreferrer noopener\">Facebook<\/a> &#8211; <a href=\"https:\/\/www.instagram.com\/sarahbrindell\" target=\"_blank\" rel=\"noreferrer noopener\">Instagram<\/a><\/p>\n","protected":false},"excerpt":{"rendered":"<p>Sarah Brindell nous pr\u00e9sente son dernier titre, \u201cRaise Your Voice\u201d, sorti le 15 mars 2026&#8230;.<\/p>\n","protected":false},"author":1,"featured_media":14812,"comment_status":"closed","ping_status":"open","sticky":false,"template":"","format":"standard","meta":{"_uag_custom_page_level_css":"","footnotes":""},"categories":[45],"tags":[],"class_list":["post-14811","post","type-post","status-publish","format-standard","has-post-thumbnail","hentry","category-titre-du-jour"],"yoast_head":"<!-- This site is optimized with the Yoast SEO plugin v27.5 - https:\/\/yoast.com\/product\/yoast-seo-wordpress\/ -->\n<title>Titre du jour : Sarah Brindell, l&#039;hymne inspirant et solaire de Raise Your Voice - Radio Castor<\/title>\n<meta name=\"robots\" content=\"index, follow, max-snippet:-1, max-image-preview:large, max-video-preview:-1\" \/>\n<link rel=\"canonical\" href=\"https:\/\/www.radiocastor.com\/index.php\/titre-du-jour-sarah-brindell-lhymne-inspirant-et-solaire-de-raise-your-voice\/\" \/>\n<meta property=\"og:locale\" content=\"fr_FR\" \/>\n<meta property=\"og:type\" content=\"article\" \/>\n<meta property=\"og:title\" content=\"Titre du jour : Sarah Brindell, l&#039;hymne inspirant et solaire de Raise Your Voice - Radio Castor\" \/>\n<meta property=\"og:description\" content=\"Sarah Brindell nous pr\u00e9sente son dernier titre, \u201cRaise Your Voice\u201d, sorti le 15 mars 2026....\" \/>\n<meta property=\"og:url\" content=\"https:\/\/www.radiocastor.com\/index.php\/titre-du-jour-sarah-brindell-lhymne-inspirant-et-solaire-de-raise-your-voice\/\" \/>\n<meta property=\"og:site_name\" content=\"Radio Castor\" \/>\n<meta property=\"article:publisher\" content=\"https:\/\/www.facebook.com\/theradiocastor\" \/>\n<meta property=\"article:published_time\" content=\"2026-04-01T17:42:05+00:00\" \/>\n<meta property=\"article:modified_time\" content=\"2026-04-01T17:42:06+00:00\" \/>\n<meta property=\"og:image\" content=\"https:\/\/www.radiocastor.com\/wp-content\/uploads\/2026\/04\/Sarah-Brindell-scaled.jpg\" \/>\n\t<meta property=\"og:image:width\" content=\"1833\" \/>\n\t<meta property=\"og:image:height\" content=\"2560\" \/>\n\t<meta property=\"og:image:type\" content=\"image\/jpeg\" \/>\n<meta name=\"author\" content=\"R\u00e9daction R C\" \/>\n<meta name=\"twitter:card\" content=\"summary_large_image\" \/>\n<meta name=\"twitter:creator\" content=\"@TheRadioCastor\" \/>\n<meta name=\"twitter:site\" content=\"@TheRadioCastor\" \/>\n<meta name=\"twitter:label1\" content=\"\u00c9crit par\" \/>\n\t<meta name=\"twitter:data1\" content=\"R\u00e9daction R C\" \/>\n\t<meta name=\"twitter:label2\" content=\"Dur\u00e9e de lecture estim\u00e9e\" \/>\n\t<meta name=\"twitter:data2\" content=\"2 minutes\" \/>\n<script type=\"application\/ld+json\" class=\"yoast-schema-graph\">{\"@context\":\"https:\\\/\\\/schema.org\",\"@graph\":[{\"@type\":\"Article\",\"@id\":\"https:\\\/\\\/www.radiocastor.com\\\/index.php\\\/titre-du-jour-sarah-brindell-lhymne-inspirant-et-solaire-de-raise-your-voice\\\/#article\",\"isPartOf\":{\"@id\":\"https:\\\/\\\/www.radiocastor.com\\\/index.php\\\/titre-du-jour-sarah-brindell-lhymne-inspirant-et-solaire-de-raise-your-voice\\\/\"},\"author\":{\"name\":\"R\u00e9daction R C\",\"@id\":\"https:\\\/\\\/www.radiocastor.com\\\/#\\\/schema\\\/person\\\/558b0e47dc4c11fa52b2220ba6a78779\"},\"headline\":\"Titre du jour : Sarah Brindell, l&rsquo;hymne inspirant et solaire de Raise Your Voice\",\"datePublished\":\"2026-04-01T17:42:05+00:00\",\"dateModified\":\"2026-04-01T17:42:06+00:00\",\"mainEntityOfPage\":{\"@id\":\"https:\\\/\\\/www.radiocastor.com\\\/index.php\\\/titre-du-jour-sarah-brindell-lhymne-inspirant-et-solaire-de-raise-your-voice\\\/\"},\"wordCount\":339,\"publisher\":{\"@id\":\"https:\\\/\\\/www.radiocastor.com\\\/#organization\"},\"image\":{\"@id\":\"https:\\\/\\\/www.radiocastor.com\\\/index.php\\\/titre-du-jour-sarah-brindell-lhymne-inspirant-et-solaire-de-raise-your-voice\\\/#primaryimage\"},\"thumbnailUrl\":\"https:\\\/\\\/www.radiocastor.com\\\/wp-content\\\/uploads\\\/2026\\\/04\\\/Sarah-Brindell-scaled.jpg\",\"articleSection\":[\"Titre du jour\"],\"inLanguage\":\"fr-FR\"},{\"@type\":\"WebPage\",\"@id\":\"https:\\\/\\\/www.radiocastor.com\\\/index.php\\\/titre-du-jour-sarah-brindell-lhymne-inspirant-et-solaire-de-raise-your-voice\\\/\",\"url\":\"https:\\\/\\\/www.radiocastor.com\\\/index.php\\\/titre-du-jour-sarah-brindell-lhymne-inspirant-et-solaire-de-raise-your-voice\\\/\",\"name\":\"Titre du jour : Sarah Brindell, l'hymne inspirant et solaire de Raise Your Voice - Radio Castor\",\"isPartOf\":{\"@id\":\"https:\\\/\\\/www.radiocastor.com\\\/#website\"},\"primaryImageOfPage\":{\"@id\":\"https:\\\/\\\/www.radiocastor.com\\\/index.php\\\/titre-du-jour-sarah-brindell-lhymne-inspirant-et-solaire-de-raise-your-voice\\\/#primaryimage\"},\"image\":{\"@id\":\"https:\\\/\\\/www.radiocastor.com\\\/index.php\\\/titre-du-jour-sarah-brindell-lhymne-inspirant-et-solaire-de-raise-your-voice\\\/#primaryimage\"},\"thumbnailUrl\":\"https:\\\/\\\/www.radiocastor.com\\\/wp-content\\\/uploads\\\/2026\\\/04\\\/Sarah-Brindell-scaled.jpg\",\"datePublished\":\"2026-04-01T17:42:05+00:00\",\"dateModified\":\"2026-04-01T17:42:06+00:00\",\"breadcrumb\":{\"@id\":\"https:\\\/\\\/www.radiocastor.com\\\/index.php\\\/titre-du-jour-sarah-brindell-lhymne-inspirant-et-solaire-de-raise-your-voice\\\/#breadcrumb\"},\"inLanguage\":\"fr-FR\",\"potentialAction\":[{\"@type\":\"ReadAction\",\"target\":[\"https:\\\/\\\/www.radiocastor.com\\\/index.php\\\/titre-du-jour-sarah-brindell-lhymne-inspirant-et-solaire-de-raise-your-voice\\\/\"]}]},{\"@type\":\"ImageObject\",\"inLanguage\":\"fr-FR\",\"@id\":\"https:\\\/\\\/www.radiocastor.com\\\/index.php\\\/titre-du-jour-sarah-brindell-lhymne-inspirant-et-solaire-de-raise-your-voice\\\/#primaryimage\",\"url\":\"https:\\\/\\\/www.radiocastor.com\\\/wp-content\\\/uploads\\\/2026\\\/04\\\/Sarah-Brindell-scaled.jpg\",\"contentUrl\":\"https:\\\/\\\/www.radiocastor.com\\\/wp-content\\\/uploads\\\/2026\\\/04\\\/Sarah-Brindell-scaled.jpg\",\"width\":1833,\"height\":2560,\"caption\":\"Sarah Brindell\"},{\"@type\":\"BreadcrumbList\",\"@id\":\"https:\\\/\\\/www.radiocastor.com\\\/index.php\\\/titre-du-jour-sarah-brindell-lhymne-inspirant-et-solaire-de-raise-your-voice\\\/#breadcrumb\",\"itemListElement\":[{\"@type\":\"ListItem\",\"position\":1,\"name\":\"Accueil\",\"item\":\"https:\\\/\\\/www.radiocastor.com\\\/\"},{\"@type\":\"ListItem\",\"position\":2,\"name\":\"Titre du jour : Sarah Brindell, l&rsquo;hymne inspirant et solaire de Raise Your Voice\"}]},{\"@type\":\"WebSite\",\"@id\":\"https:\\\/\\\/www.radiocastor.com\\\/#website\",\"url\":\"https:\\\/\\\/www.radiocastor.com\\\/\",\"name\":\"Radio Castor\",\"description\":\"La voix !\",\"publisher\":{\"@id\":\"https:\\\/\\\/www.radiocastor.com\\\/#organization\"},\"potentialAction\":[{\"@type\":\"SearchAction\",\"target\":{\"@type\":\"EntryPoint\",\"urlTemplate\":\"https:\\\/\\\/www.radiocastor.com\\\/?s={search_term_string}\"},\"query-input\":{\"@type\":\"PropertyValueSpecification\",\"valueRequired\":true,\"valueName\":\"search_term_string\"}}],\"inLanguage\":\"fr-FR\"},{\"@type\":\"Organization\",\"@id\":\"https:\\\/\\\/www.radiocastor.com\\\/#organization\",\"name\":\"Radio Castor\",\"url\":\"https:\\\/\\\/www.radiocastor.com\\\/\",\"logo\":{\"@type\":\"ImageObject\",\"inLanguage\":\"fr-FR\",\"@id\":\"https:\\\/\\\/www.radiocastor.com\\\/#\\\/schema\\\/logo\\\/image\\\/\",\"url\":\"https:\\\/\\\/www.radiocastor.com\\\/wp-content\\\/uploads\\\/2021\\\/11\\\/cropped-Radio-castor-logo-2.png\",\"contentUrl\":\"https:\\\/\\\/www.radiocastor.com\\\/wp-content\\\/uploads\\\/2021\\\/11\\\/cropped-Radio-castor-logo-2.png\",\"width\":437,\"height\":219,\"caption\":\"Radio Castor\"},\"image\":{\"@id\":\"https:\\\/\\\/www.radiocastor.com\\\/#\\\/schema\\\/logo\\\/image\\\/\"},\"sameAs\":[\"https:\\\/\\\/www.facebook.com\\\/theradiocastor\",\"https:\\\/\\\/x.com\\\/TheRadioCastor\",\"https:\\\/\\\/www.instagram.com\\\/theradiocastor\",\"https:\\\/\\\/www.youtube.com\\\/c\\\/RadioCastor\"]},{\"@type\":\"Person\",\"@id\":\"https:\\\/\\\/www.radiocastor.com\\\/#\\\/schema\\\/person\\\/558b0e47dc4c11fa52b2220ba6a78779\",\"name\":\"R\u00e9daction R C\",\"image\":{\"@type\":\"ImageObject\",\"inLanguage\":\"fr-FR\",\"@id\":\"https:\\\/\\\/secure.gravatar.com\\\/avatar\\\/1d3e4f4c4a0d129f7ed4838ea20c33760c2484b9bc381993df6c0e3f5bf89c23?s=96&d=mm&r=g\",\"url\":\"https:\\\/\\\/secure.gravatar.com\\\/avatar\\\/1d3e4f4c4a0d129f7ed4838ea20c33760c2484b9bc381993df6c0e3f5bf89c23?s=96&d=mm&r=g\",\"contentUrl\":\"https:\\\/\\\/secure.gravatar.com\\\/avatar\\\/1d3e4f4c4a0d129f7ed4838ea20c33760c2484b9bc381993df6c0e3f5bf89c23?s=96&d=mm&r=g\",\"caption\":\"R\u00e9daction R C\"},\"sameAs\":[\"http:\\\/\\\/www.radiocastor.com\"],\"url\":\"https:\\\/\\\/www.radiocastor.com\\\/index.php\\\/author\\\/radio-castor\\\/\"}]}<\/script>\n<!-- \/ Yoast SEO plugin. -->","yoast_head_json":{"title":"Titre du jour : Sarah Brindell, l'hymne inspirant et solaire de Raise Your Voice - Radio Castor","robots":{"index":"index","follow":"follow","max-snippet":"max-snippet:-1","max-image-preview":"max-image-preview:large","max-video-preview":"max-video-preview:-1"},"canonical":"https:\/\/www.radiocastor.com\/index.php\/titre-du-jour-sarah-brindell-lhymne-inspirant-et-solaire-de-raise-your-voice\/","og_locale":"fr_FR","og_type":"article","og_title":"Titre du jour : Sarah Brindell, l'hymne inspirant et solaire de Raise Your Voice - Radio Castor","og_description":"Sarah Brindell nous pr\u00e9sente son dernier titre, \u201cRaise Your Voice\u201d, sorti le 15 mars 2026....","og_url":"https:\/\/www.radiocastor.com\/index.php\/titre-du-jour-sarah-brindell-lhymne-inspirant-et-solaire-de-raise-your-voice\/","og_site_name":"Radio Castor","article_publisher":"https:\/\/www.facebook.com\/theradiocastor","article_published_time":"2026-04-01T17:42:05+00:00","article_modified_time":"2026-04-01T17:42:06+00:00","og_image":[{"width":1833,"height":2560,"url":"https:\/\/www.radiocastor.com\/wp-content\/uploads\/2026\/04\/Sarah-Brindell-scaled.jpg","type":"image\/jpeg"}],"author":"R\u00e9daction R C","twitter_card":"summary_large_image","twitter_creator":"@TheRadioCastor","twitter_site":"@TheRadioCastor","twitter_misc":{"\u00c9crit par":"R\u00e9daction R C","Dur\u00e9e de lecture estim\u00e9e":"2 minutes"},"schema":{"@context":"https:\/\/schema.org","@graph":[{"@type":"Article","@id":"https:\/\/www.radiocastor.com\/index.php\/titre-du-jour-sarah-brindell-lhymne-inspirant-et-solaire-de-raise-your-voice\/#article","isPartOf":{"@id":"https:\/\/www.radiocastor.com\/index.php\/titre-du-jour-sarah-brindell-lhymne-inspirant-et-solaire-de-raise-your-voice\/"},"author":{"name":"R\u00e9daction R C","@id":"https:\/\/www.radiocastor.com\/#\/schema\/person\/558b0e47dc4c11fa52b2220ba6a78779"},"headline":"Titre du jour : Sarah Brindell, l&rsquo;hymne inspirant et solaire de Raise Your Voice","datePublished":"2026-04-01T17:42:05+00:00","dateModified":"2026-04-01T17:42:06+00:00","mainEntityOfPage":{"@id":"https:\/\/www.radiocastor.com\/index.php\/titre-du-jour-sarah-brindell-lhymne-inspirant-et-solaire-de-raise-your-voice\/"},"wordCount":339,"publisher":{"@id":"https:\/\/www.radiocastor.com\/#organization"},"image":{"@id":"https:\/\/www.radiocastor.com\/index.php\/titre-du-jour-sarah-brindell-lhymne-inspirant-et-solaire-de-raise-your-voice\/#primaryimage"},"thumbnailUrl":"https:\/\/www.radiocastor.com\/wp-content\/uploads\/2026\/04\/Sarah-Brindell-scaled.jpg","articleSection":["Titre du jour"],"inLanguage":"fr-FR"},{"@type":"WebPage","@id":"https:\/\/www.radiocastor.com\/index.php\/titre-du-jour-sarah-brindell-lhymne-inspirant-et-solaire-de-raise-your-voice\/","url":"https:\/\/www.radiocastor.com\/index.php\/titre-du-jour-sarah-brindell-lhymne-inspirant-et-solaire-de-raise-your-voice\/","name":"Titre du jour : Sarah Brindell, l'hymne inspirant et solaire de Raise Your Voice - Radio Castor","isPartOf":{"@id":"https:\/\/www.radiocastor.com\/#website"},"primaryImageOfPage":{"@id":"https:\/\/www.radiocastor.com\/index.php\/titre-du-jour-sarah-brindell-lhymne-inspirant-et-solaire-de-raise-your-voice\/#primaryimage"},"image":{"@id":"https:\/\/www.radiocastor.com\/index.php\/titre-du-jour-sarah-brindell-lhymne-inspirant-et-solaire-de-raise-your-voice\/#primaryimage"},"thumbnailUrl":"https:\/\/www.radiocastor.com\/wp-content\/uploads\/2026\/04\/Sarah-Brindell-scaled.jpg","datePublished":"2026-04-01T17:42:05+00:00","dateModified":"2026-04-01T17:42:06+00:00","breadcrumb":{"@id":"https:\/\/www.radiocastor.com\/index.php\/titre-du-jour-sarah-brindell-lhymne-inspirant-et-solaire-de-raise-your-voice\/#breadcrumb"},"inLanguage":"fr-FR","potentialAction":[{"@type":"ReadAction","target":["https:\/\/www.radiocastor.com\/index.php\/titre-du-jour-sarah-brindell-lhymne-inspirant-et-solaire-de-raise-your-voice\/"]}]},{"@type":"ImageObject","inLanguage":"fr-FR","@id":"https:\/\/www.radiocastor.com\/index.php\/titre-du-jour-sarah-brindell-lhymne-inspirant-et-solaire-de-raise-your-voice\/#primaryimage","url":"https:\/\/www.radiocastor.com\/wp-content\/uploads\/2026\/04\/Sarah-Brindell-scaled.jpg","contentUrl":"https:\/\/www.radiocastor.com\/wp-content\/uploads\/2026\/04\/Sarah-Brindell-scaled.jpg","width":1833,"height":2560,"caption":"Sarah Brindell"},{"@type":"BreadcrumbList","@id":"https:\/\/www.radiocastor.com\/index.php\/titre-du-jour-sarah-brindell-lhymne-inspirant-et-solaire-de-raise-your-voice\/#breadcrumb","itemListElement":[{"@type":"ListItem","position":1,"name":"Accueil","item":"https:\/\/www.radiocastor.com\/"},{"@type":"ListItem","position":2,"name":"Titre du jour : Sarah Brindell, l&rsquo;hymne inspirant et solaire de Raise Your Voice"}]},{"@type":"WebSite","@id":"https:\/\/www.radiocastor.com\/#website","url":"https:\/\/www.radiocastor.com\/","name":"Radio Castor","description":"La voix !","publisher":{"@id":"https:\/\/www.radiocastor.com\/#organization"},"potentialAction":[{"@type":"SearchAction","target":{"@type":"EntryPoint","urlTemplate":"https:\/\/www.radiocastor.com\/?s={search_term_string}"},"query-input":{"@type":"PropertyValueSpecification","valueRequired":true,"valueName":"search_term_string"}}],"inLanguage":"fr-FR"},{"@type":"Organization","@id":"https:\/\/www.radiocastor.com\/#organization","name":"Radio Castor","url":"https:\/\/www.radiocastor.com\/","logo":{"@type":"ImageObject","inLanguage":"fr-FR","@id":"https:\/\/www.radiocastor.com\/#\/schema\/logo\/image\/","url":"https:\/\/www.radiocastor.com\/wp-content\/uploads\/2021\/11\/cropped-Radio-castor-logo-2.png","contentUrl":"https:\/\/www.radiocastor.com\/wp-content\/uploads\/2021\/11\/cropped-Radio-castor-logo-2.png","width":437,"height":219,"caption":"Radio Castor"},"image":{"@id":"https:\/\/www.radiocastor.com\/#\/schema\/logo\/image\/"},"sameAs":["https:\/\/www.facebook.com\/theradiocastor","https:\/\/x.com\/TheRadioCastor","https:\/\/www.instagram.com\/theradiocastor","https:\/\/www.youtube.com\/c\/RadioCastor"]},{"@type":"Person","@id":"https:\/\/www.radiocastor.com\/#\/schema\/person\/558b0e47dc4c11fa52b2220ba6a78779","name":"R\u00e9daction R C","image":{"@type":"ImageObject","inLanguage":"fr-FR","@id":"https:\/\/secure.gravatar.com\/avatar\/1d3e4f4c4a0d129f7ed4838ea20c33760c2484b9bc381993df6c0e3f5bf89c23?s=96&d=mm&r=g","url":"https:\/\/secure.gravatar.com\/avatar\/1d3e4f4c4a0d129f7ed4838ea20c33760c2484b9bc381993df6c0e3f5bf89c23?s=96&d=mm&r=g","contentUrl":"https:\/\/secure.gravatar.com\/avatar\/1d3e4f4c4a0d129f7ed4838ea20c33760c2484b9bc381993df6c0e3f5bf89c23?s=96&d=mm&r=g","caption":"R\u00e9daction R C"},"sameAs":["http:\/\/www.radiocastor.com"],"url":"https:\/\/www.radiocastor.com\/index.php\/author\/radio-castor\/"}]}},"uagb_featured_image_src":{"full":["https:\/\/www.radiocastor.com\/wp-content\/uploads\/2026\/04\/Sarah-Brindell-scaled.jpg",1833,2560,false],"thumbnail":["https:\/\/www.radiocastor.com\/wp-content\/uploads\/2026\/04\/Sarah-Brindell-150x150.jpg",150,150,true],"medium":["https:\/\/www.radiocastor.com\/wp-content\/uploads\/2026\/04\/Sarah-Brindell-215x300.jpg",215,300,true],"medium_large":["https:\/\/www.radiocastor.com\/wp-content\/uploads\/2026\/04\/Sarah-Brindell-768x1073.jpg",640,894,true],"large":["https:\/\/www.radiocastor.com\/wp-content\/uploads\/2026\/04\/Sarah-Brindell-733x1024.jpg",640,894,true],"1536x1536":["https:\/\/www.radiocastor.com\/wp-content\/uploads\/2026\/04\/Sarah-Brindell-1100x1536.jpg",1100,1536,true],"2048x2048":["https:\/\/www.radiocastor.com\/wp-content\/uploads\/2026\/04\/Sarah-Brindell-1466x2048.jpg",1466,2048,true],"newsever-slider-full":["https:\/\/www.radiocastor.com\/wp-content\/uploads\/2026\/04\/Sarah-Brindell-1280x845.jpg",1280,845,true],"newsever-featured":["https:\/\/www.radiocastor.com\/wp-content\/uploads\/2026\/04\/Sarah-Brindell-1024x1430.jpg",1024,1430,true],"newsever-medium":["https:\/\/www.radiocastor.com\/wp-content\/uploads\/2026\/04\/Sarah-Brindell-720x475.jpg",720,475,true]},"uagb_author_info":{"display_name":"R\u00e9daction R C","author_link":"https:\/\/www.radiocastor.com\/index.php\/author\/radio-castor\/"},"uagb_comment_info":0,"uagb_excerpt":"Sarah Brindell nous pr\u00e9sente son dernier titre, \u201cRaise Your Voice\u201d, sorti le 15 mars 2026....","_links":{"self":[{"href":"https:\/\/www.radiocastor.com\/index.php\/wp-json\/wp\/v2\/posts\/14811","targetHints":{"allow":["GET"]}}],"collection":[{"href":"https:\/\/www.radiocastor.com\/index.php\/wp-json\/wp\/v2\/posts"}],"about":[{"href":"https:\/\/www.radiocastor.com\/index.php\/wp-json\/wp\/v2\/types\/post"}],"author":[{"embeddable":true,"href":"https:\/\/www.radiocastor.com\/index.php\/wp-json\/wp\/v2\/users\/1"}],"replies":[{"embeddable":true,"href":"https:\/\/www.radiocastor.com\/index.php\/wp-json\/wp\/v2\/comments?post=14811"}],"version-history":[{"count":1,"href":"https:\/\/www.radiocastor.com\/index.php\/wp-json\/wp\/v2\/posts\/14811\/revisions"}],"predecessor-version":[{"id":14813,"href":"https:\/\/www.radiocastor.com\/index.php\/wp-json\/wp\/v2\/posts\/14811\/revisions\/14813"}],"wp:featuredmedia":[{"embeddable":true,"href":"https:\/\/www.radiocastor.com\/index.php\/wp-json\/wp\/v2\/media\/14812"}],"wp:attachment":[{"href":"https:\/\/www.radiocastor.com\/index.php\/wp-json\/wp\/v2\/media?parent=14811"}],"wp:term":[{"taxonomy":"category","embeddable":true,"href":"https:\/\/www.radiocastor.com\/index.php\/wp-json\/wp\/v2\/categories?post=14811"},{"taxonomy":"post_tag","embeddable":true,"href":"https:\/\/www.radiocastor.com\/index.php\/wp-json\/wp\/v2\/tags?post=14811"}],"curies":[{"name":"wp","href":"https:\/\/api.w.org\/{rel}","templated":true}]}}