{"id":14612,"date":"2026-03-16T01:27:59","date_gmt":"2026-03-16T00:27:59","guid":{"rendered":"https:\/\/www.radiocastor.com\/?p=14612"},"modified":"2026-03-16T01:28:00","modified_gmt":"2026-03-16T00:28:00","slug":"amelie-jat-la-renaissance-cinematographique-de-even-in-an-ending","status":"publish","type":"post","link":"https:\/\/www.radiocastor.com\/index.php\/amelie-jat-la-renaissance-cinematographique-de-even-in-an-ending\/","title":{"rendered":"Amelie Jat : La renaissance cin\u00e9matographique de \u00ab\u00a0even in an ending\u00a0\u00bb"},"content":{"rendered":"\n<p>RadioCastor a le coup de foudre pour le nouveau chapitre artistique d&rsquo;<strong>Amelie Jat<\/strong>. Avec son nouveau single <strong>\u201ceven in an ending\u201d<\/strong>, sorti le 13 mars 2026, l&rsquo;artiste bas\u00e9e \u00e0 Londres signe une \u00e9volution majeure. Pour cette premi\u00e8re pr\u00e9sentation sur notre blog, elle nous prouve qu&rsquo;elle n&rsquo;est plus seulement une \u00e9toile montante de la pop commerciale, mais une conteuse hors pair capable d&rsquo;une profondeur <strong>Dream Pop<\/strong> et <strong>Alt Pop<\/strong> fascinante.<\/p>\n\n\n\n<p>Apr\u00e8s le succ\u00e8s de ses pr\u00e9c\u00e9dents projets comme <em>NONCHALANT<\/em>, Amelie Jat d\u00e9laisse les structures classiques pour embrasser une approche plus exp\u00e9rimentale et atmosph\u00e9rique. Collaborant avec le producteur <strong>Agon Branza<\/strong>, elle livre ici une pi\u00e8ce fluide et cin\u00e9matographique qui privil\u00e9gie l&rsquo;\u00e9motion pure \u00e0 l&rsquo;efficacit\u00e9 radio imm\u00e9diate.<\/p>\n\n\n\n<p><strong>\u201ceven in an ending\u201d<\/strong> explore la beaut\u00e9 r\u00e9siduelle des fins. C\u2019est un morceau <strong>chill<\/strong> et <strong>moody<\/strong>, impr\u00e9gn\u00e9 d&rsquo;une certaine m\u00e9lancolie, mais qui refuse le fatalisme. Comme le dit Amelie :<\/p>\n\n\n\n<blockquote class=\"wp-block-quote is-layout-flow wp-block-quote-is-layout-flow\">\n<p>\u00ab C&rsquo;est une question de lumi\u00e8re au bout du tunnel. Pas d&rsquo;une mani\u00e8re bruyante, mais d&rsquo;une mani\u00e8re calme, ancr\u00e9e et r\u00e9elle. \u00bb<\/p>\n<\/blockquote>\n\n\n\n<p>L&rsquo;\u00e9criture est devenue plus mature, presque comme un courant de pens\u00e9e mis en musique. On y retrouve des th\u00e8mes universels de perte et de r\u00e9silience (<em>\u00ab\u00a0even ruins can feel like home\u00a0\u00bb<\/em>), port\u00e9s par une voix qui \u00e9voque la vuln\u00e9rabilit\u00e9 d&rsquo;une <em>Phoebe Bridgers<\/em> ou d&rsquo;une <em>Lucy Dacus<\/em>. Ce n&rsquo;est plus une chanson sur sa propre vie, mais une invitation faite \u00e0 l&rsquo;auditeur pour qu&rsquo;il s&rsquo;y projette.<\/p>\n\n\n\n<p>N\u00e9e \u00e0 Hong Kong et batteuse d\u00e8s l&rsquo;\u00e2ge de trois ans, Amelie Jat utilise son bagage rythmique pour cr\u00e9er des textures sonores riches o\u00f9 le silence compte autant que la note. Avec ce titre, elle franchit un seuil artistique audacieux. Le voyage ne fait que commencer, et on vous conseille vivement de rester \u00e0 bord.<\/p>\n\n\n\n<p><em>A \u00e9couter sur <a href=\"https:\/\/www.radiocastor.com\/index.php\/playlist\/\" target=\"_blank\" rel=\"noreferrer noopener\">nos playlists<\/a> !<\/em><\/p>\n\n\n\n<p style=\"text-align: center;\"><iframe loading=\"lazy\" width=\"560\" height=\"315\" src=\"https:\/\/www.youtube.com\/embed\/gXcr6wzo9uE?si=xNFg0ujf0TbigWEJ\" title=\"YouTube video player\" frameborder=\"0\" allow=\"accelerometer; autoplay; clipboard-write; encrypted-media; gyroscope; picture-in-picture; web-share\" referrerpolicy=\"strict-origin-when-cross-origin\" allowfullscreen><\/iframe><\/p>\n\n\n\n<p class=\"has-text-align-center\"><a href=\"https:\/\/www.facebook.com\/ameliejmusic\" target=\"_blank\" rel=\"noreferrer noopener\">Facebook<\/a> &#8211; <a href=\"https:\/\/www.instagram.com\/ameliejat\" target=\"_blank\" rel=\"noreferrer noopener\">Instagram<\/a><\/p>\n","protected":false},"excerpt":{"rendered":"<p>RadioCastor a le coup de foudre pour le nouveau chapitre artistique d&rsquo;Amelie Jat. Avec son&#8230;<\/p>\n","protected":false},"author":1,"featured_media":14613,"comment_status":"closed","ping_status":"open","sticky":false,"template":"","format":"standard","meta":{"_uag_custom_page_level_css":"","footnotes":""},"categories":[85,4,5,32,46],"tags":[],"class_list":["post-14612","post","type-post","status-publish","format-standard","has-post-thumbnail","hentry","category-alternatif","category-pop","category-rock","category-single","category-sortie"],"yoast_head":"<!-- This site is optimized with the Yoast SEO plugin v27.5 - https:\/\/yoast.com\/product\/yoast-seo-wordpress\/ -->\n<title>Amelie Jat : La renaissance cin\u00e9matographique de &quot;even in an ending&quot; - Radio Castor<\/title>\n<meta name=\"robots\" content=\"index, follow, max-snippet:-1, max-image-preview:large, max-video-preview:-1\" \/>\n<link rel=\"canonical\" href=\"https:\/\/www.radiocastor.com\/index.php\/amelie-jat-la-renaissance-cinematographique-de-even-in-an-ending\/\" \/>\n<meta property=\"og:locale\" content=\"fr_FR\" \/>\n<meta property=\"og:type\" content=\"article\" \/>\n<meta property=\"og:title\" content=\"Amelie Jat : La renaissance cin\u00e9matographique de &quot;even in an ending&quot; - Radio Castor\" \/>\n<meta property=\"og:description\" content=\"RadioCastor a le coup de foudre pour le nouveau chapitre artistique d&rsquo;Amelie Jat. Avec son...\" \/>\n<meta property=\"og:url\" content=\"https:\/\/www.radiocastor.com\/index.php\/amelie-jat-la-renaissance-cinematographique-de-even-in-an-ending\/\" \/>\n<meta property=\"og:site_name\" content=\"Radio Castor\" \/>\n<meta property=\"article:publisher\" content=\"https:\/\/www.facebook.com\/theradiocastor\" \/>\n<meta property=\"article:published_time\" content=\"2026-03-16T00:27:59+00:00\" \/>\n<meta property=\"article:modified_time\" content=\"2026-03-16T00:28:00+00:00\" \/>\n<meta property=\"og:image\" content=\"https:\/\/www.radiocastor.com\/wp-content\/uploads\/2026\/03\/Amelie-Jat-743x1024.jpg\" \/>\n\t<meta property=\"og:image:width\" content=\"743\" \/>\n\t<meta property=\"og:image:height\" content=\"1024\" \/>\n\t<meta property=\"og:image:type\" content=\"image\/jpeg\" \/>\n<meta name=\"author\" content=\"R\u00e9daction R C\" \/>\n<meta name=\"twitter:card\" content=\"summary_large_image\" \/>\n<meta name=\"twitter:creator\" content=\"@TheRadioCastor\" \/>\n<meta name=\"twitter:site\" content=\"@TheRadioCastor\" \/>\n<meta name=\"twitter:label1\" content=\"\u00c9crit par\" \/>\n\t<meta name=\"twitter:data1\" content=\"R\u00e9daction R C\" \/>\n\t<meta name=\"twitter:label2\" content=\"Dur\u00e9e de lecture estim\u00e9e\" \/>\n\t<meta name=\"twitter:data2\" content=\"2 minutes\" \/>\n<script type=\"application\/ld+json\" class=\"yoast-schema-graph\">{\"@context\":\"https:\\\/\\\/schema.org\",\"@graph\":[{\"@type\":\"Article\",\"@id\":\"https:\\\/\\\/www.radiocastor.com\\\/index.php\\\/amelie-jat-la-renaissance-cinematographique-de-even-in-an-ending\\\/#article\",\"isPartOf\":{\"@id\":\"https:\\\/\\\/www.radiocastor.com\\\/index.php\\\/amelie-jat-la-renaissance-cinematographique-de-even-in-an-ending\\\/\"},\"author\":{\"name\":\"R\u00e9daction R C\",\"@id\":\"https:\\\/\\\/www.radiocastor.com\\\/#\\\/schema\\\/person\\\/558b0e47dc4c11fa52b2220ba6a78779\"},\"headline\":\"Amelie Jat : La renaissance cin\u00e9matographique de \u00ab\u00a0even in an ending\u00a0\u00bb\",\"datePublished\":\"2026-03-16T00:27:59+00:00\",\"dateModified\":\"2026-03-16T00:28:00+00:00\",\"mainEntityOfPage\":{\"@id\":\"https:\\\/\\\/www.radiocastor.com\\\/index.php\\\/amelie-jat-la-renaissance-cinematographique-de-even-in-an-ending\\\/\"},\"wordCount\":345,\"publisher\":{\"@id\":\"https:\\\/\\\/www.radiocastor.com\\\/#organization\"},\"image\":{\"@id\":\"https:\\\/\\\/www.radiocastor.com\\\/index.php\\\/amelie-jat-la-renaissance-cinematographique-de-even-in-an-ending\\\/#primaryimage\"},\"thumbnailUrl\":\"https:\\\/\\\/www.radiocastor.com\\\/wp-content\\\/uploads\\\/2026\\\/03\\\/Amelie-Jat.jpg\",\"articleSection\":[\"Alternatif\",\"Pop\",\"Rock\",\"Single\",\"Sortie\"],\"inLanguage\":\"fr-FR\"},{\"@type\":\"WebPage\",\"@id\":\"https:\\\/\\\/www.radiocastor.com\\\/index.php\\\/amelie-jat-la-renaissance-cinematographique-de-even-in-an-ending\\\/\",\"url\":\"https:\\\/\\\/www.radiocastor.com\\\/index.php\\\/amelie-jat-la-renaissance-cinematographique-de-even-in-an-ending\\\/\",\"name\":\"Amelie Jat : La renaissance cin\u00e9matographique de \\\"even in an ending\\\" - Radio Castor\",\"isPartOf\":{\"@id\":\"https:\\\/\\\/www.radiocastor.com\\\/#website\"},\"primaryImageOfPage\":{\"@id\":\"https:\\\/\\\/www.radiocastor.com\\\/index.php\\\/amelie-jat-la-renaissance-cinematographique-de-even-in-an-ending\\\/#primaryimage\"},\"image\":{\"@id\":\"https:\\\/\\\/www.radiocastor.com\\\/index.php\\\/amelie-jat-la-renaissance-cinematographique-de-even-in-an-ending\\\/#primaryimage\"},\"thumbnailUrl\":\"https:\\\/\\\/www.radiocastor.com\\\/wp-content\\\/uploads\\\/2026\\\/03\\\/Amelie-Jat.jpg\",\"datePublished\":\"2026-03-16T00:27:59+00:00\",\"dateModified\":\"2026-03-16T00:28:00+00:00\",\"breadcrumb\":{\"@id\":\"https:\\\/\\\/www.radiocastor.com\\\/index.php\\\/amelie-jat-la-renaissance-cinematographique-de-even-in-an-ending\\\/#breadcrumb\"},\"inLanguage\":\"fr-FR\",\"potentialAction\":[{\"@type\":\"ReadAction\",\"target\":[\"https:\\\/\\\/www.radiocastor.com\\\/index.php\\\/amelie-jat-la-renaissance-cinematographique-de-even-in-an-ending\\\/\"]}]},{\"@type\":\"ImageObject\",\"inLanguage\":\"fr-FR\",\"@id\":\"https:\\\/\\\/www.radiocastor.com\\\/index.php\\\/amelie-jat-la-renaissance-cinematographique-de-even-in-an-ending\\\/#primaryimage\",\"url\":\"https:\\\/\\\/www.radiocastor.com\\\/wp-content\\\/uploads\\\/2026\\\/03\\\/Amelie-Jat.jpg\",\"contentUrl\":\"https:\\\/\\\/www.radiocastor.com\\\/wp-content\\\/uploads\\\/2026\\\/03\\\/Amelie-Jat.jpg\",\"width\":1486,\"height\":2048,\"caption\":\"Amelie Jat\"},{\"@type\":\"BreadcrumbList\",\"@id\":\"https:\\\/\\\/www.radiocastor.com\\\/index.php\\\/amelie-jat-la-renaissance-cinematographique-de-even-in-an-ending\\\/#breadcrumb\",\"itemListElement\":[{\"@type\":\"ListItem\",\"position\":1,\"name\":\"Accueil\",\"item\":\"https:\\\/\\\/www.radiocastor.com\\\/\"},{\"@type\":\"ListItem\",\"position\":2,\"name\":\"Amelie Jat : La renaissance cin\u00e9matographique de \u00ab\u00a0even in an ending\u00a0\u00bb\"}]},{\"@type\":\"WebSite\",\"@id\":\"https:\\\/\\\/www.radiocastor.com\\\/#website\",\"url\":\"https:\\\/\\\/www.radiocastor.com\\\/\",\"name\":\"Radio Castor\",\"description\":\"La voix !\",\"publisher\":{\"@id\":\"https:\\\/\\\/www.radiocastor.com\\\/#organization\"},\"potentialAction\":[{\"@type\":\"SearchAction\",\"target\":{\"@type\":\"EntryPoint\",\"urlTemplate\":\"https:\\\/\\\/www.radiocastor.com\\\/?s={search_term_string}\"},\"query-input\":{\"@type\":\"PropertyValueSpecification\",\"valueRequired\":true,\"valueName\":\"search_term_string\"}}],\"inLanguage\":\"fr-FR\"},{\"@type\":\"Organization\",\"@id\":\"https:\\\/\\\/www.radiocastor.com\\\/#organization\",\"name\":\"Radio Castor\",\"url\":\"https:\\\/\\\/www.radiocastor.com\\\/\",\"logo\":{\"@type\":\"ImageObject\",\"inLanguage\":\"fr-FR\",\"@id\":\"https:\\\/\\\/www.radiocastor.com\\\/#\\\/schema\\\/logo\\\/image\\\/\",\"url\":\"https:\\\/\\\/www.radiocastor.com\\\/wp-content\\\/uploads\\\/2021\\\/11\\\/cropped-Radio-castor-logo-2.png\",\"contentUrl\":\"https:\\\/\\\/www.radiocastor.com\\\/wp-content\\\/uploads\\\/2021\\\/11\\\/cropped-Radio-castor-logo-2.png\",\"width\":437,\"height\":219,\"caption\":\"Radio Castor\"},\"image\":{\"@id\":\"https:\\\/\\\/www.radiocastor.com\\\/#\\\/schema\\\/logo\\\/image\\\/\"},\"sameAs\":[\"https:\\\/\\\/www.facebook.com\\\/theradiocastor\",\"https:\\\/\\\/x.com\\\/TheRadioCastor\",\"https:\\\/\\\/www.instagram.com\\\/theradiocastor\",\"https:\\\/\\\/www.youtube.com\\\/c\\\/RadioCastor\"]},{\"@type\":\"Person\",\"@id\":\"https:\\\/\\\/www.radiocastor.com\\\/#\\\/schema\\\/person\\\/558b0e47dc4c11fa52b2220ba6a78779\",\"name\":\"R\u00e9daction R C\",\"image\":{\"@type\":\"ImageObject\",\"inLanguage\":\"fr-FR\",\"@id\":\"https:\\\/\\\/secure.gravatar.com\\\/avatar\\\/1d3e4f4c4a0d129f7ed4838ea20c33760c2484b9bc381993df6c0e3f5bf89c23?s=96&d=mm&r=g\",\"url\":\"https:\\\/\\\/secure.gravatar.com\\\/avatar\\\/1d3e4f4c4a0d129f7ed4838ea20c33760c2484b9bc381993df6c0e3f5bf89c23?s=96&d=mm&r=g\",\"contentUrl\":\"https:\\\/\\\/secure.gravatar.com\\\/avatar\\\/1d3e4f4c4a0d129f7ed4838ea20c33760c2484b9bc381993df6c0e3f5bf89c23?s=96&d=mm&r=g\",\"caption\":\"R\u00e9daction R C\"},\"sameAs\":[\"http:\\\/\\\/www.radiocastor.com\"],\"url\":\"https:\\\/\\\/www.radiocastor.com\\\/index.php\\\/author\\\/radio-castor\\\/\"}]}<\/script>\n<!-- \/ Yoast SEO plugin. -->","yoast_head_json":{"title":"Amelie Jat : La renaissance cin\u00e9matographique de \"even in an ending\" - Radio Castor","robots":{"index":"index","follow":"follow","max-snippet":"max-snippet:-1","max-image-preview":"max-image-preview:large","max-video-preview":"max-video-preview:-1"},"canonical":"https:\/\/www.radiocastor.com\/index.php\/amelie-jat-la-renaissance-cinematographique-de-even-in-an-ending\/","og_locale":"fr_FR","og_type":"article","og_title":"Amelie Jat : La renaissance cin\u00e9matographique de \"even in an ending\" - Radio Castor","og_description":"RadioCastor a le coup de foudre pour le nouveau chapitre artistique d&rsquo;Amelie Jat. Avec son...","og_url":"https:\/\/www.radiocastor.com\/index.php\/amelie-jat-la-renaissance-cinematographique-de-even-in-an-ending\/","og_site_name":"Radio Castor","article_publisher":"https:\/\/www.facebook.com\/theradiocastor","article_published_time":"2026-03-16T00:27:59+00:00","article_modified_time":"2026-03-16T00:28:00+00:00","og_image":[{"width":743,"height":1024,"url":"https:\/\/www.radiocastor.com\/wp-content\/uploads\/2026\/03\/Amelie-Jat-743x1024.jpg","type":"image\/jpeg"}],"author":"R\u00e9daction R C","twitter_card":"summary_large_image","twitter_creator":"@TheRadioCastor","twitter_site":"@TheRadioCastor","twitter_misc":{"\u00c9crit par":"R\u00e9daction R C","Dur\u00e9e de lecture estim\u00e9e":"2 minutes"},"schema":{"@context":"https:\/\/schema.org","@graph":[{"@type":"Article","@id":"https:\/\/www.radiocastor.com\/index.php\/amelie-jat-la-renaissance-cinematographique-de-even-in-an-ending\/#article","isPartOf":{"@id":"https:\/\/www.radiocastor.com\/index.php\/amelie-jat-la-renaissance-cinematographique-de-even-in-an-ending\/"},"author":{"name":"R\u00e9daction R C","@id":"https:\/\/www.radiocastor.com\/#\/schema\/person\/558b0e47dc4c11fa52b2220ba6a78779"},"headline":"Amelie Jat : La renaissance cin\u00e9matographique de \u00ab\u00a0even in an ending\u00a0\u00bb","datePublished":"2026-03-16T00:27:59+00:00","dateModified":"2026-03-16T00:28:00+00:00","mainEntityOfPage":{"@id":"https:\/\/www.radiocastor.com\/index.php\/amelie-jat-la-renaissance-cinematographique-de-even-in-an-ending\/"},"wordCount":345,"publisher":{"@id":"https:\/\/www.radiocastor.com\/#organization"},"image":{"@id":"https:\/\/www.radiocastor.com\/index.php\/amelie-jat-la-renaissance-cinematographique-de-even-in-an-ending\/#primaryimage"},"thumbnailUrl":"https:\/\/www.radiocastor.com\/wp-content\/uploads\/2026\/03\/Amelie-Jat.jpg","articleSection":["Alternatif","Pop","Rock","Single","Sortie"],"inLanguage":"fr-FR"},{"@type":"WebPage","@id":"https:\/\/www.radiocastor.com\/index.php\/amelie-jat-la-renaissance-cinematographique-de-even-in-an-ending\/","url":"https:\/\/www.radiocastor.com\/index.php\/amelie-jat-la-renaissance-cinematographique-de-even-in-an-ending\/","name":"Amelie Jat : La renaissance cin\u00e9matographique de \"even in an ending\" - Radio Castor","isPartOf":{"@id":"https:\/\/www.radiocastor.com\/#website"},"primaryImageOfPage":{"@id":"https:\/\/www.radiocastor.com\/index.php\/amelie-jat-la-renaissance-cinematographique-de-even-in-an-ending\/#primaryimage"},"image":{"@id":"https:\/\/www.radiocastor.com\/index.php\/amelie-jat-la-renaissance-cinematographique-de-even-in-an-ending\/#primaryimage"},"thumbnailUrl":"https:\/\/www.radiocastor.com\/wp-content\/uploads\/2026\/03\/Amelie-Jat.jpg","datePublished":"2026-03-16T00:27:59+00:00","dateModified":"2026-03-16T00:28:00+00:00","breadcrumb":{"@id":"https:\/\/www.radiocastor.com\/index.php\/amelie-jat-la-renaissance-cinematographique-de-even-in-an-ending\/#breadcrumb"},"inLanguage":"fr-FR","potentialAction":[{"@type":"ReadAction","target":["https:\/\/www.radiocastor.com\/index.php\/amelie-jat-la-renaissance-cinematographique-de-even-in-an-ending\/"]}]},{"@type":"ImageObject","inLanguage":"fr-FR","@id":"https:\/\/www.radiocastor.com\/index.php\/amelie-jat-la-renaissance-cinematographique-de-even-in-an-ending\/#primaryimage","url":"https:\/\/www.radiocastor.com\/wp-content\/uploads\/2026\/03\/Amelie-Jat.jpg","contentUrl":"https:\/\/www.radiocastor.com\/wp-content\/uploads\/2026\/03\/Amelie-Jat.jpg","width":1486,"height":2048,"caption":"Amelie Jat"},{"@type":"BreadcrumbList","@id":"https:\/\/www.radiocastor.com\/index.php\/amelie-jat-la-renaissance-cinematographique-de-even-in-an-ending\/#breadcrumb","itemListElement":[{"@type":"ListItem","position":1,"name":"Accueil","item":"https:\/\/www.radiocastor.com\/"},{"@type":"ListItem","position":2,"name":"Amelie Jat : La renaissance cin\u00e9matographique de \u00ab\u00a0even in an ending\u00a0\u00bb"}]},{"@type":"WebSite","@id":"https:\/\/www.radiocastor.com\/#website","url":"https:\/\/www.radiocastor.com\/","name":"Radio Castor","description":"La voix !","publisher":{"@id":"https:\/\/www.radiocastor.com\/#organization"},"potentialAction":[{"@type":"SearchAction","target":{"@type":"EntryPoint","urlTemplate":"https:\/\/www.radiocastor.com\/?s={search_term_string}"},"query-input":{"@type":"PropertyValueSpecification","valueRequired":true,"valueName":"search_term_string"}}],"inLanguage":"fr-FR"},{"@type":"Organization","@id":"https:\/\/www.radiocastor.com\/#organization","name":"Radio Castor","url":"https:\/\/www.radiocastor.com\/","logo":{"@type":"ImageObject","inLanguage":"fr-FR","@id":"https:\/\/www.radiocastor.com\/#\/schema\/logo\/image\/","url":"https:\/\/www.radiocastor.com\/wp-content\/uploads\/2021\/11\/cropped-Radio-castor-logo-2.png","contentUrl":"https:\/\/www.radiocastor.com\/wp-content\/uploads\/2021\/11\/cropped-Radio-castor-logo-2.png","width":437,"height":219,"caption":"Radio Castor"},"image":{"@id":"https:\/\/www.radiocastor.com\/#\/schema\/logo\/image\/"},"sameAs":["https:\/\/www.facebook.com\/theradiocastor","https:\/\/x.com\/TheRadioCastor","https:\/\/www.instagram.com\/theradiocastor","https:\/\/www.youtube.com\/c\/RadioCastor"]},{"@type":"Person","@id":"https:\/\/www.radiocastor.com\/#\/schema\/person\/558b0e47dc4c11fa52b2220ba6a78779","name":"R\u00e9daction R C","image":{"@type":"ImageObject","inLanguage":"fr-FR","@id":"https:\/\/secure.gravatar.com\/avatar\/1d3e4f4c4a0d129f7ed4838ea20c33760c2484b9bc381993df6c0e3f5bf89c23?s=96&d=mm&r=g","url":"https:\/\/secure.gravatar.com\/avatar\/1d3e4f4c4a0d129f7ed4838ea20c33760c2484b9bc381993df6c0e3f5bf89c23?s=96&d=mm&r=g","contentUrl":"https:\/\/secure.gravatar.com\/avatar\/1d3e4f4c4a0d129f7ed4838ea20c33760c2484b9bc381993df6c0e3f5bf89c23?s=96&d=mm&r=g","caption":"R\u00e9daction R C"},"sameAs":["http:\/\/www.radiocastor.com"],"url":"https:\/\/www.radiocastor.com\/index.php\/author\/radio-castor\/"}]}},"uagb_featured_image_src":{"full":["https:\/\/www.radiocastor.com\/wp-content\/uploads\/2026\/03\/Amelie-Jat.jpg",1486,2048,false],"thumbnail":["https:\/\/www.radiocastor.com\/wp-content\/uploads\/2026\/03\/Amelie-Jat-150x150.jpg",150,150,true],"medium":["https:\/\/www.radiocastor.com\/wp-content\/uploads\/2026\/03\/Amelie-Jat-218x300.jpg",218,300,true],"medium_large":["https:\/\/www.radiocastor.com\/wp-content\/uploads\/2026\/03\/Amelie-Jat-768x1058.jpg",640,882,true],"large":["https:\/\/www.radiocastor.com\/wp-content\/uploads\/2026\/03\/Amelie-Jat-743x1024.jpg",640,882,true],"1536x1536":["https:\/\/www.radiocastor.com\/wp-content\/uploads\/2026\/03\/Amelie-Jat-1115x1536.jpg",1115,1536,true],"2048x2048":["https:\/\/www.radiocastor.com\/wp-content\/uploads\/2026\/03\/Amelie-Jat.jpg",1486,2048,false],"newsever-slider-full":["https:\/\/www.radiocastor.com\/wp-content\/uploads\/2026\/03\/Amelie-Jat-1280x845.jpg",1280,845,true],"newsever-featured":["https:\/\/www.radiocastor.com\/wp-content\/uploads\/2026\/03\/Amelie-Jat-1024x1411.jpg",1024,1411,true],"newsever-medium":["https:\/\/www.radiocastor.com\/wp-content\/uploads\/2026\/03\/Amelie-Jat-720x475.jpg",720,475,true]},"uagb_author_info":{"display_name":"R\u00e9daction R C","author_link":"https:\/\/www.radiocastor.com\/index.php\/author\/radio-castor\/"},"uagb_comment_info":0,"uagb_excerpt":"RadioCastor a le coup de foudre pour le nouveau chapitre artistique d&rsquo;Amelie Jat. Avec son...","_links":{"self":[{"href":"https:\/\/www.radiocastor.com\/index.php\/wp-json\/wp\/v2\/posts\/14612","targetHints":{"allow":["GET"]}}],"collection":[{"href":"https:\/\/www.radiocastor.com\/index.php\/wp-json\/wp\/v2\/posts"}],"about":[{"href":"https:\/\/www.radiocastor.com\/index.php\/wp-json\/wp\/v2\/types\/post"}],"author":[{"embeddable":true,"href":"https:\/\/www.radiocastor.com\/index.php\/wp-json\/wp\/v2\/users\/1"}],"replies":[{"embeddable":true,"href":"https:\/\/www.radiocastor.com\/index.php\/wp-json\/wp\/v2\/comments?post=14612"}],"version-history":[{"count":1,"href":"https:\/\/www.radiocastor.com\/index.php\/wp-json\/wp\/v2\/posts\/14612\/revisions"}],"predecessor-version":[{"id":14614,"href":"https:\/\/www.radiocastor.com\/index.php\/wp-json\/wp\/v2\/posts\/14612\/revisions\/14614"}],"wp:featuredmedia":[{"embeddable":true,"href":"https:\/\/www.radiocastor.com\/index.php\/wp-json\/wp\/v2\/media\/14613"}],"wp:attachment":[{"href":"https:\/\/www.radiocastor.com\/index.php\/wp-json\/wp\/v2\/media?parent=14612"}],"wp:term":[{"taxonomy":"category","embeddable":true,"href":"https:\/\/www.radiocastor.com\/index.php\/wp-json\/wp\/v2\/categories?post=14612"},{"taxonomy":"post_tag","embeddable":true,"href":"https:\/\/www.radiocastor.com\/index.php\/wp-json\/wp\/v2\/tags?post=14612"}],"curies":[{"name":"wp","href":"https:\/\/api.w.org\/{rel}","templated":true}]}}