{"id":14195,"date":"2026-02-16T03:14:39","date_gmt":"2026-02-16T02:14:39","guid":{"rendered":"https:\/\/www.radiocastor.com\/?p=14195"},"modified":"2026-02-16T03:14:41","modified_gmt":"2026-02-16T02:14:41","slug":"la-romance-decontractee-de-dorian-balis-et-aurora-geis-avec-a-not-so-lonely-valentines-day","status":"publish","type":"post","link":"https:\/\/www.radiocastor.com\/index.php\/la-romance-decontractee-de-dorian-balis-et-aurora-geis-avec-a-not-so-lonely-valentines-day\/","title":{"rendered":"La romance d\u00e9contract\u00e9e de Dorian Balis et Aurora Geis avec (A Not So Lonely) Valentine&rsquo;s Day"},"content":{"rendered":"\n<p>Dorian Balis &amp; Aurora Geis nous pr\u00e9sentent leur dernier titre, \u201c(A Not So Lonely) Valentine&rsquo;s Day\u201d, sorti le 3 f\u00e9vrier 2026.<\/p>\n\n\n\n<p>Dorian Balis est un artiste qui s&rsquo;inscrit dans la lign\u00e9e de l&rsquo;Adult Contemporary, privil\u00e9giant des compositions aux ambiances feutr\u00e9es et chaleureuses. Pour ce nouveau projet saisonnier, il s&rsquo;associe \u00e0 Aurora Geis pour livrer un duo qui explore les th\u00e9matiques de la rencontre et du partage. Bien que les informations biographiques soient succinctes, l&rsquo;artiste d\u00e9montre une ma\u00eetrise certaine des codes de la chanson de vari\u00e9t\u00e9 moderne, mettant en avant une production soign\u00e9e et une interpr\u00e9tation vocale pleine de charme. Sa collaboration avec Aurora Geis permet d&rsquo;apporter un \u00e9quilibre et une dynamique de dialogue au morceau, renfor\u00e7ant l&rsquo;aspect narratif de sa musique. Publi\u00e9 sous le label Left Foot Leads Recording Co, ce single t\u00e9moigne d&rsquo;une volont\u00e9 de proposer des \u0153uvres accessibles, capables d&rsquo;accompagner les moments de vie avec douceur et \u00e9l\u00e9gance.<\/p>\n\n\n\n<p>Le morceau \u201c(A Not So Lonely) Valentine&rsquo;s Day\u201d est une ballade romantique et d\u00e9contract\u00e9e qui aborde la f\u00eate des amoureux sous un angle pragmatique et honn\u00eate. Loin des clich\u00e9s du grand amour \u00e9ternel, le texte privil\u00e9gie le plaisir d&rsquo;\u00eatre ensemble ici et maintenant pour rompre la solitude. Les paroles \u00e9voquent avec une certaine sensualit\u00e9 le besoin de contact humain et la simplicit\u00e9 d&rsquo;un moment partag\u00e9 sans promesse de lendemain. L&rsquo;instrumentation, \u00e0 la fois sexy et entra\u00eenante, souligne la complicit\u00e9 entre les deux voix qui se r\u00e9pondent avec fluidit\u00e9. La production cr\u00e9e une atmosph\u00e8re intime o\u00f9 l&rsquo;on se laisse porter par le rythme, acceptant l&rsquo;id\u00e9e que le bonheur peut simplement r\u00e9sider dans une soir\u00e9e \u00e0 deux. En refusant de faire des plans compliqu\u00e9s pour l&rsquo;avenir, Dorian Balis et Aurora Geis signent un hymne \u00e0 la l\u00e9g\u00e8ret\u00e9, id\u00e9al pour tous ceux qui cherchent \u00e0 vivre une Saint-Valentin apais\u00e9e et r\u00e9solument humaine.<\/p>\n\n\n\n<p><em>A \u00e9couter sur <a href=\"https:\/\/www.radiocastor.com\/index.php\/playlist\/\" target=\"_blank\" rel=\"noreferrer noopener\">nos playlists<\/a> !<\/em><\/p>\n\n\n\n<p style=\"text-align: center;\"><iframe loading=\"lazy\" width=\"560\" height=\"315\" src=\"https:\/\/www.youtube.com\/embed\/mMCzzVrBw70?si=BVNW3UobjU56CxWE\" title=\"YouTube video player\" frameborder=\"0\" allow=\"accelerometer; autoplay; clipboard-write; encrypted-media; gyroscope; picture-in-picture; web-share\" referrerpolicy=\"strict-origin-when-cross-origin\" allowfullscreen><\/iframe><\/p>\n\n\n\n<p class=\"has-text-align-center\"><a href=\"https:\/\/www.facebook.com\/dorian.balis\" target=\"_blank\" rel=\"noreferrer noopener\">Facebook<\/a> &#8211; <a href=\"https:\/\/www.instagram.com\/dorianbalis\" target=\"_blank\" rel=\"noreferrer noopener\">Instagram<\/a><\/p>\n","protected":false},"excerpt":{"rendered":"<p>Dorian Balis &amp; Aurora Geis nous pr\u00e9sentent leur dernier titre, \u201c(A Not So Lonely) Valentine&rsquo;s&#8230;<\/p>\n","protected":false},"author":1,"featured_media":14196,"comment_status":"closed","ping_status":"open","sticky":false,"template":"","format":"standard","meta":{"_uag_custom_page_level_css":"","footnotes":""},"categories":[4,32,46],"tags":[],"class_list":["post-14195","post","type-post","status-publish","format-standard","has-post-thumbnail","hentry","category-pop","category-single","category-sortie"],"yoast_head":"<!-- This site is optimized with the Yoast SEO plugin v27.4 - https:\/\/yoast.com\/product\/yoast-seo-wordpress\/ -->\n<title>La romance d\u00e9contract\u00e9e de Dorian Balis et Aurora Geis avec (A Not So Lonely) Valentine&#039;s Day - Radio Castor<\/title>\n<meta name=\"robots\" content=\"index, follow, max-snippet:-1, max-image-preview:large, max-video-preview:-1\" \/>\n<link rel=\"canonical\" href=\"https:\/\/www.radiocastor.com\/index.php\/la-romance-decontractee-de-dorian-balis-et-aurora-geis-avec-a-not-so-lonely-valentines-day\/\" \/>\n<meta property=\"og:locale\" content=\"fr_FR\" \/>\n<meta property=\"og:type\" content=\"article\" \/>\n<meta property=\"og:title\" content=\"La romance d\u00e9contract\u00e9e de Dorian Balis et Aurora Geis avec (A Not So Lonely) Valentine&#039;s Day - Radio Castor\" \/>\n<meta property=\"og:description\" content=\"Dorian Balis &amp; Aurora Geis nous pr\u00e9sentent leur dernier titre, \u201c(A Not So Lonely) Valentine&rsquo;s...\" \/>\n<meta property=\"og:url\" content=\"https:\/\/www.radiocastor.com\/index.php\/la-romance-decontractee-de-dorian-balis-et-aurora-geis-avec-a-not-so-lonely-valentines-day\/\" \/>\n<meta property=\"og:site_name\" content=\"Radio Castor\" \/>\n<meta property=\"article:publisher\" content=\"https:\/\/www.facebook.com\/theradiocastor\" \/>\n<meta property=\"article:published_time\" content=\"2026-02-16T02:14:39+00:00\" \/>\n<meta property=\"article:modified_time\" content=\"2026-02-16T02:14:41+00:00\" \/>\n<meta property=\"og:image\" content=\"https:\/\/www.radiocastor.com\/wp-content\/uploads\/2026\/02\/Dorian-Balis.jpg\" \/>\n\t<meta property=\"og:image:width\" content=\"640\" \/>\n\t<meta property=\"og:image:height\" content=\"640\" \/>\n\t<meta property=\"og:image:type\" content=\"image\/jpeg\" \/>\n<meta name=\"author\" content=\"R\u00e9daction R C\" \/>\n<meta name=\"twitter:card\" content=\"summary_large_image\" \/>\n<meta name=\"twitter:creator\" content=\"@TheRadioCastor\" \/>\n<meta name=\"twitter:site\" content=\"@TheRadioCastor\" \/>\n<meta name=\"twitter:label1\" content=\"\u00c9crit par\" \/>\n\t<meta name=\"twitter:data1\" content=\"R\u00e9daction R C\" \/>\n\t<meta name=\"twitter:label2\" content=\"Dur\u00e9e de lecture estim\u00e9e\" \/>\n\t<meta name=\"twitter:data2\" content=\"2 minutes\" \/>\n<script type=\"application\/ld+json\" class=\"yoast-schema-graph\">{\"@context\":\"https:\\\/\\\/schema.org\",\"@graph\":[{\"@type\":\"Article\",\"@id\":\"https:\\\/\\\/www.radiocastor.com\\\/index.php\\\/la-romance-decontractee-de-dorian-balis-et-aurora-geis-avec-a-not-so-lonely-valentines-day\\\/#article\",\"isPartOf\":{\"@id\":\"https:\\\/\\\/www.radiocastor.com\\\/index.php\\\/la-romance-decontractee-de-dorian-balis-et-aurora-geis-avec-a-not-so-lonely-valentines-day\\\/\"},\"author\":{\"name\":\"R\u00e9daction R C\",\"@id\":\"https:\\\/\\\/www.radiocastor.com\\\/#\\\/schema\\\/person\\\/558b0e47dc4c11fa52b2220ba6a78779\"},\"headline\":\"La romance d\u00e9contract\u00e9e de Dorian Balis et Aurora Geis avec (A Not So Lonely) Valentine&rsquo;s Day\",\"datePublished\":\"2026-02-16T02:14:39+00:00\",\"dateModified\":\"2026-02-16T02:14:41+00:00\",\"mainEntityOfPage\":{\"@id\":\"https:\\\/\\\/www.radiocastor.com\\\/index.php\\\/la-romance-decontractee-de-dorian-balis-et-aurora-geis-avec-a-not-so-lonely-valentines-day\\\/\"},\"wordCount\":368,\"publisher\":{\"@id\":\"https:\\\/\\\/www.radiocastor.com\\\/#organization\"},\"image\":{\"@id\":\"https:\\\/\\\/www.radiocastor.com\\\/index.php\\\/la-romance-decontractee-de-dorian-balis-et-aurora-geis-avec-a-not-so-lonely-valentines-day\\\/#primaryimage\"},\"thumbnailUrl\":\"https:\\\/\\\/www.radiocastor.com\\\/wp-content\\\/uploads\\\/2026\\\/02\\\/Dorian-Balis.jpg\",\"articleSection\":[\"Pop\",\"Single\",\"Sortie\"],\"inLanguage\":\"fr-FR\"},{\"@type\":\"WebPage\",\"@id\":\"https:\\\/\\\/www.radiocastor.com\\\/index.php\\\/la-romance-decontractee-de-dorian-balis-et-aurora-geis-avec-a-not-so-lonely-valentines-day\\\/\",\"url\":\"https:\\\/\\\/www.radiocastor.com\\\/index.php\\\/la-romance-decontractee-de-dorian-balis-et-aurora-geis-avec-a-not-so-lonely-valentines-day\\\/\",\"name\":\"La romance d\u00e9contract\u00e9e de Dorian Balis et Aurora Geis avec (A Not So Lonely) Valentine's Day - Radio Castor\",\"isPartOf\":{\"@id\":\"https:\\\/\\\/www.radiocastor.com\\\/#website\"},\"primaryImageOfPage\":{\"@id\":\"https:\\\/\\\/www.radiocastor.com\\\/index.php\\\/la-romance-decontractee-de-dorian-balis-et-aurora-geis-avec-a-not-so-lonely-valentines-day\\\/#primaryimage\"},\"image\":{\"@id\":\"https:\\\/\\\/www.radiocastor.com\\\/index.php\\\/la-romance-decontractee-de-dorian-balis-et-aurora-geis-avec-a-not-so-lonely-valentines-day\\\/#primaryimage\"},\"thumbnailUrl\":\"https:\\\/\\\/www.radiocastor.com\\\/wp-content\\\/uploads\\\/2026\\\/02\\\/Dorian-Balis.jpg\",\"datePublished\":\"2026-02-16T02:14:39+00:00\",\"dateModified\":\"2026-02-16T02:14:41+00:00\",\"breadcrumb\":{\"@id\":\"https:\\\/\\\/www.radiocastor.com\\\/index.php\\\/la-romance-decontractee-de-dorian-balis-et-aurora-geis-avec-a-not-so-lonely-valentines-day\\\/#breadcrumb\"},\"inLanguage\":\"fr-FR\",\"potentialAction\":[{\"@type\":\"ReadAction\",\"target\":[\"https:\\\/\\\/www.radiocastor.com\\\/index.php\\\/la-romance-decontractee-de-dorian-balis-et-aurora-geis-avec-a-not-so-lonely-valentines-day\\\/\"]}]},{\"@type\":\"ImageObject\",\"inLanguage\":\"fr-FR\",\"@id\":\"https:\\\/\\\/www.radiocastor.com\\\/index.php\\\/la-romance-decontractee-de-dorian-balis-et-aurora-geis-avec-a-not-so-lonely-valentines-day\\\/#primaryimage\",\"url\":\"https:\\\/\\\/www.radiocastor.com\\\/wp-content\\\/uploads\\\/2026\\\/02\\\/Dorian-Balis.jpg\",\"contentUrl\":\"https:\\\/\\\/www.radiocastor.com\\\/wp-content\\\/uploads\\\/2026\\\/02\\\/Dorian-Balis.jpg\",\"width\":640,\"height\":640,\"caption\":\"Dorian Balis\"},{\"@type\":\"BreadcrumbList\",\"@id\":\"https:\\\/\\\/www.radiocastor.com\\\/index.php\\\/la-romance-decontractee-de-dorian-balis-et-aurora-geis-avec-a-not-so-lonely-valentines-day\\\/#breadcrumb\",\"itemListElement\":[{\"@type\":\"ListItem\",\"position\":1,\"name\":\"Accueil\",\"item\":\"https:\\\/\\\/www.radiocastor.com\\\/\"},{\"@type\":\"ListItem\",\"position\":2,\"name\":\"La romance d\u00e9contract\u00e9e de Dorian Balis et Aurora Geis avec (A Not So Lonely) Valentine&rsquo;s Day\"}]},{\"@type\":\"WebSite\",\"@id\":\"https:\\\/\\\/www.radiocastor.com\\\/#website\",\"url\":\"https:\\\/\\\/www.radiocastor.com\\\/\",\"name\":\"Radio Castor\",\"description\":\"La voix !\",\"publisher\":{\"@id\":\"https:\\\/\\\/www.radiocastor.com\\\/#organization\"},\"potentialAction\":[{\"@type\":\"SearchAction\",\"target\":{\"@type\":\"EntryPoint\",\"urlTemplate\":\"https:\\\/\\\/www.radiocastor.com\\\/?s={search_term_string}\"},\"query-input\":{\"@type\":\"PropertyValueSpecification\",\"valueRequired\":true,\"valueName\":\"search_term_string\"}}],\"inLanguage\":\"fr-FR\"},{\"@type\":\"Organization\",\"@id\":\"https:\\\/\\\/www.radiocastor.com\\\/#organization\",\"name\":\"Radio Castor\",\"url\":\"https:\\\/\\\/www.radiocastor.com\\\/\",\"logo\":{\"@type\":\"ImageObject\",\"inLanguage\":\"fr-FR\",\"@id\":\"https:\\\/\\\/www.radiocastor.com\\\/#\\\/schema\\\/logo\\\/image\\\/\",\"url\":\"https:\\\/\\\/www.radiocastor.com\\\/wp-content\\\/uploads\\\/2021\\\/11\\\/cropped-Radio-castor-logo-2.png\",\"contentUrl\":\"https:\\\/\\\/www.radiocastor.com\\\/wp-content\\\/uploads\\\/2021\\\/11\\\/cropped-Radio-castor-logo-2.png\",\"width\":437,\"height\":219,\"caption\":\"Radio Castor\"},\"image\":{\"@id\":\"https:\\\/\\\/www.radiocastor.com\\\/#\\\/schema\\\/logo\\\/image\\\/\"},\"sameAs\":[\"https:\\\/\\\/www.facebook.com\\\/theradiocastor\",\"https:\\\/\\\/x.com\\\/TheRadioCastor\",\"https:\\\/\\\/www.instagram.com\\\/theradiocastor\",\"https:\\\/\\\/www.youtube.com\\\/c\\\/RadioCastor\"]},{\"@type\":\"Person\",\"@id\":\"https:\\\/\\\/www.radiocastor.com\\\/#\\\/schema\\\/person\\\/558b0e47dc4c11fa52b2220ba6a78779\",\"name\":\"R\u00e9daction R C\",\"image\":{\"@type\":\"ImageObject\",\"inLanguage\":\"fr-FR\",\"@id\":\"https:\\\/\\\/secure.gravatar.com\\\/avatar\\\/1d3e4f4c4a0d129f7ed4838ea20c33760c2484b9bc381993df6c0e3f5bf89c23?s=96&d=mm&r=g\",\"url\":\"https:\\\/\\\/secure.gravatar.com\\\/avatar\\\/1d3e4f4c4a0d129f7ed4838ea20c33760c2484b9bc381993df6c0e3f5bf89c23?s=96&d=mm&r=g\",\"contentUrl\":\"https:\\\/\\\/secure.gravatar.com\\\/avatar\\\/1d3e4f4c4a0d129f7ed4838ea20c33760c2484b9bc381993df6c0e3f5bf89c23?s=96&d=mm&r=g\",\"caption\":\"R\u00e9daction R C\"},\"sameAs\":[\"http:\\\/\\\/www.radiocastor.com\"],\"url\":\"https:\\\/\\\/www.radiocastor.com\\\/index.php\\\/author\\\/radio-castor\\\/\"}]}<\/script>\n<!-- \/ Yoast SEO plugin. -->","yoast_head_json":{"title":"La romance d\u00e9contract\u00e9e de Dorian Balis et Aurora Geis avec (A Not So Lonely) Valentine's Day - Radio Castor","robots":{"index":"index","follow":"follow","max-snippet":"max-snippet:-1","max-image-preview":"max-image-preview:large","max-video-preview":"max-video-preview:-1"},"canonical":"https:\/\/www.radiocastor.com\/index.php\/la-romance-decontractee-de-dorian-balis-et-aurora-geis-avec-a-not-so-lonely-valentines-day\/","og_locale":"fr_FR","og_type":"article","og_title":"La romance d\u00e9contract\u00e9e de Dorian Balis et Aurora Geis avec (A Not So Lonely) Valentine's Day - Radio Castor","og_description":"Dorian Balis &amp; Aurora Geis nous pr\u00e9sentent leur dernier titre, \u201c(A Not So Lonely) Valentine&rsquo;s...","og_url":"https:\/\/www.radiocastor.com\/index.php\/la-romance-decontractee-de-dorian-balis-et-aurora-geis-avec-a-not-so-lonely-valentines-day\/","og_site_name":"Radio Castor","article_publisher":"https:\/\/www.facebook.com\/theradiocastor","article_published_time":"2026-02-16T02:14:39+00:00","article_modified_time":"2026-02-16T02:14:41+00:00","og_image":[{"width":640,"height":640,"url":"https:\/\/www.radiocastor.com\/wp-content\/uploads\/2026\/02\/Dorian-Balis.jpg","type":"image\/jpeg"}],"author":"R\u00e9daction R C","twitter_card":"summary_large_image","twitter_creator":"@TheRadioCastor","twitter_site":"@TheRadioCastor","twitter_misc":{"\u00c9crit par":"R\u00e9daction R C","Dur\u00e9e de lecture estim\u00e9e":"2 minutes"},"schema":{"@context":"https:\/\/schema.org","@graph":[{"@type":"Article","@id":"https:\/\/www.radiocastor.com\/index.php\/la-romance-decontractee-de-dorian-balis-et-aurora-geis-avec-a-not-so-lonely-valentines-day\/#article","isPartOf":{"@id":"https:\/\/www.radiocastor.com\/index.php\/la-romance-decontractee-de-dorian-balis-et-aurora-geis-avec-a-not-so-lonely-valentines-day\/"},"author":{"name":"R\u00e9daction R C","@id":"https:\/\/www.radiocastor.com\/#\/schema\/person\/558b0e47dc4c11fa52b2220ba6a78779"},"headline":"La romance d\u00e9contract\u00e9e de Dorian Balis et Aurora Geis avec (A Not So Lonely) Valentine&rsquo;s Day","datePublished":"2026-02-16T02:14:39+00:00","dateModified":"2026-02-16T02:14:41+00:00","mainEntityOfPage":{"@id":"https:\/\/www.radiocastor.com\/index.php\/la-romance-decontractee-de-dorian-balis-et-aurora-geis-avec-a-not-so-lonely-valentines-day\/"},"wordCount":368,"publisher":{"@id":"https:\/\/www.radiocastor.com\/#organization"},"image":{"@id":"https:\/\/www.radiocastor.com\/index.php\/la-romance-decontractee-de-dorian-balis-et-aurora-geis-avec-a-not-so-lonely-valentines-day\/#primaryimage"},"thumbnailUrl":"https:\/\/www.radiocastor.com\/wp-content\/uploads\/2026\/02\/Dorian-Balis.jpg","articleSection":["Pop","Single","Sortie"],"inLanguage":"fr-FR"},{"@type":"WebPage","@id":"https:\/\/www.radiocastor.com\/index.php\/la-romance-decontractee-de-dorian-balis-et-aurora-geis-avec-a-not-so-lonely-valentines-day\/","url":"https:\/\/www.radiocastor.com\/index.php\/la-romance-decontractee-de-dorian-balis-et-aurora-geis-avec-a-not-so-lonely-valentines-day\/","name":"La romance d\u00e9contract\u00e9e de Dorian Balis et Aurora Geis avec (A Not So Lonely) Valentine's Day - Radio Castor","isPartOf":{"@id":"https:\/\/www.radiocastor.com\/#website"},"primaryImageOfPage":{"@id":"https:\/\/www.radiocastor.com\/index.php\/la-romance-decontractee-de-dorian-balis-et-aurora-geis-avec-a-not-so-lonely-valentines-day\/#primaryimage"},"image":{"@id":"https:\/\/www.radiocastor.com\/index.php\/la-romance-decontractee-de-dorian-balis-et-aurora-geis-avec-a-not-so-lonely-valentines-day\/#primaryimage"},"thumbnailUrl":"https:\/\/www.radiocastor.com\/wp-content\/uploads\/2026\/02\/Dorian-Balis.jpg","datePublished":"2026-02-16T02:14:39+00:00","dateModified":"2026-02-16T02:14:41+00:00","breadcrumb":{"@id":"https:\/\/www.radiocastor.com\/index.php\/la-romance-decontractee-de-dorian-balis-et-aurora-geis-avec-a-not-so-lonely-valentines-day\/#breadcrumb"},"inLanguage":"fr-FR","potentialAction":[{"@type":"ReadAction","target":["https:\/\/www.radiocastor.com\/index.php\/la-romance-decontractee-de-dorian-balis-et-aurora-geis-avec-a-not-so-lonely-valentines-day\/"]}]},{"@type":"ImageObject","inLanguage":"fr-FR","@id":"https:\/\/www.radiocastor.com\/index.php\/la-romance-decontractee-de-dorian-balis-et-aurora-geis-avec-a-not-so-lonely-valentines-day\/#primaryimage","url":"https:\/\/www.radiocastor.com\/wp-content\/uploads\/2026\/02\/Dorian-Balis.jpg","contentUrl":"https:\/\/www.radiocastor.com\/wp-content\/uploads\/2026\/02\/Dorian-Balis.jpg","width":640,"height":640,"caption":"Dorian Balis"},{"@type":"BreadcrumbList","@id":"https:\/\/www.radiocastor.com\/index.php\/la-romance-decontractee-de-dorian-balis-et-aurora-geis-avec-a-not-so-lonely-valentines-day\/#breadcrumb","itemListElement":[{"@type":"ListItem","position":1,"name":"Accueil","item":"https:\/\/www.radiocastor.com\/"},{"@type":"ListItem","position":2,"name":"La romance d\u00e9contract\u00e9e de Dorian Balis et Aurora Geis avec (A Not So Lonely) Valentine&rsquo;s Day"}]},{"@type":"WebSite","@id":"https:\/\/www.radiocastor.com\/#website","url":"https:\/\/www.radiocastor.com\/","name":"Radio Castor","description":"La voix !","publisher":{"@id":"https:\/\/www.radiocastor.com\/#organization"},"potentialAction":[{"@type":"SearchAction","target":{"@type":"EntryPoint","urlTemplate":"https:\/\/www.radiocastor.com\/?s={search_term_string}"},"query-input":{"@type":"PropertyValueSpecification","valueRequired":true,"valueName":"search_term_string"}}],"inLanguage":"fr-FR"},{"@type":"Organization","@id":"https:\/\/www.radiocastor.com\/#organization","name":"Radio Castor","url":"https:\/\/www.radiocastor.com\/","logo":{"@type":"ImageObject","inLanguage":"fr-FR","@id":"https:\/\/www.radiocastor.com\/#\/schema\/logo\/image\/","url":"https:\/\/www.radiocastor.com\/wp-content\/uploads\/2021\/11\/cropped-Radio-castor-logo-2.png","contentUrl":"https:\/\/www.radiocastor.com\/wp-content\/uploads\/2021\/11\/cropped-Radio-castor-logo-2.png","width":437,"height":219,"caption":"Radio Castor"},"image":{"@id":"https:\/\/www.radiocastor.com\/#\/schema\/logo\/image\/"},"sameAs":["https:\/\/www.facebook.com\/theradiocastor","https:\/\/x.com\/TheRadioCastor","https:\/\/www.instagram.com\/theradiocastor","https:\/\/www.youtube.com\/c\/RadioCastor"]},{"@type":"Person","@id":"https:\/\/www.radiocastor.com\/#\/schema\/person\/558b0e47dc4c11fa52b2220ba6a78779","name":"R\u00e9daction R C","image":{"@type":"ImageObject","inLanguage":"fr-FR","@id":"https:\/\/secure.gravatar.com\/avatar\/1d3e4f4c4a0d129f7ed4838ea20c33760c2484b9bc381993df6c0e3f5bf89c23?s=96&d=mm&r=g","url":"https:\/\/secure.gravatar.com\/avatar\/1d3e4f4c4a0d129f7ed4838ea20c33760c2484b9bc381993df6c0e3f5bf89c23?s=96&d=mm&r=g","contentUrl":"https:\/\/secure.gravatar.com\/avatar\/1d3e4f4c4a0d129f7ed4838ea20c33760c2484b9bc381993df6c0e3f5bf89c23?s=96&d=mm&r=g","caption":"R\u00e9daction R C"},"sameAs":["http:\/\/www.radiocastor.com"],"url":"https:\/\/www.radiocastor.com\/index.php\/author\/radio-castor\/"}]}},"uagb_featured_image_src":{"full":["https:\/\/www.radiocastor.com\/wp-content\/uploads\/2026\/02\/Dorian-Balis.jpg",640,640,false],"thumbnail":["https:\/\/www.radiocastor.com\/wp-content\/uploads\/2026\/02\/Dorian-Balis-150x150.jpg",150,150,true],"medium":["https:\/\/www.radiocastor.com\/wp-content\/uploads\/2026\/02\/Dorian-Balis-300x300.jpg",300,300,true],"medium_large":["https:\/\/www.radiocastor.com\/wp-content\/uploads\/2026\/02\/Dorian-Balis.jpg",640,640,false],"large":["https:\/\/www.radiocastor.com\/wp-content\/uploads\/2026\/02\/Dorian-Balis.jpg",640,640,false],"1536x1536":["https:\/\/www.radiocastor.com\/wp-content\/uploads\/2026\/02\/Dorian-Balis.jpg",640,640,false],"2048x2048":["https:\/\/www.radiocastor.com\/wp-content\/uploads\/2026\/02\/Dorian-Balis.jpg",640,640,false],"newsever-slider-full":["https:\/\/www.radiocastor.com\/wp-content\/uploads\/2026\/02\/Dorian-Balis.jpg",640,640,false],"newsever-featured":["https:\/\/www.radiocastor.com\/wp-content\/uploads\/2026\/02\/Dorian-Balis.jpg",640,640,false],"newsever-medium":["https:\/\/www.radiocastor.com\/wp-content\/uploads\/2026\/02\/Dorian-Balis-640x475.jpg",640,475,true]},"uagb_author_info":{"display_name":"R\u00e9daction R C","author_link":"https:\/\/www.radiocastor.com\/index.php\/author\/radio-castor\/"},"uagb_comment_info":0,"uagb_excerpt":"Dorian Balis &amp; Aurora Geis nous pr\u00e9sentent leur dernier titre, \u201c(A Not So Lonely) Valentine&rsquo;s...","_links":{"self":[{"href":"https:\/\/www.radiocastor.com\/index.php\/wp-json\/wp\/v2\/posts\/14195","targetHints":{"allow":["GET"]}}],"collection":[{"href":"https:\/\/www.radiocastor.com\/index.php\/wp-json\/wp\/v2\/posts"}],"about":[{"href":"https:\/\/www.radiocastor.com\/index.php\/wp-json\/wp\/v2\/types\/post"}],"author":[{"embeddable":true,"href":"https:\/\/www.radiocastor.com\/index.php\/wp-json\/wp\/v2\/users\/1"}],"replies":[{"embeddable":true,"href":"https:\/\/www.radiocastor.com\/index.php\/wp-json\/wp\/v2\/comments?post=14195"}],"version-history":[{"count":1,"href":"https:\/\/www.radiocastor.com\/index.php\/wp-json\/wp\/v2\/posts\/14195\/revisions"}],"predecessor-version":[{"id":14197,"href":"https:\/\/www.radiocastor.com\/index.php\/wp-json\/wp\/v2\/posts\/14195\/revisions\/14197"}],"wp:featuredmedia":[{"embeddable":true,"href":"https:\/\/www.radiocastor.com\/index.php\/wp-json\/wp\/v2\/media\/14196"}],"wp:attachment":[{"href":"https:\/\/www.radiocastor.com\/index.php\/wp-json\/wp\/v2\/media?parent=14195"}],"wp:term":[{"taxonomy":"category","embeddable":true,"href":"https:\/\/www.radiocastor.com\/index.php\/wp-json\/wp\/v2\/categories?post=14195"},{"taxonomy":"post_tag","embeddable":true,"href":"https:\/\/www.radiocastor.com\/index.php\/wp-json\/wp\/v2\/tags?post=14195"}],"curies":[{"name":"wp","href":"https:\/\/api.w.org\/{rel}","templated":true}]}}