{"id":14177,"date":"2026-02-15T06:16:17","date_gmt":"2026-02-15T05:16:17","guid":{"rendered":"https:\/\/www.radiocastor.com\/?p=14177"},"modified":"2026-02-15T06:16:19","modified_gmt":"2026-02-15T05:16:19","slug":"la-clarte-poetique-de-meimuna-avec-le-bon-choix","status":"publish","type":"post","link":"https:\/\/www.radiocastor.com\/index.php\/la-clarte-poetique-de-meimuna-avec-le-bon-choix\/","title":{"rendered":"La clart\u00e9 po\u00e9tique de Meimuna avec le bon choix"},"content":{"rendered":"\n<p>Meimuna nous pr\u00e9sente son dernier titre, \u201cle bon choix\u201d, sorti le 6 f\u00e9vrier 2026.<\/p>\n\n\n\n<p>Projet musical port\u00e9 par la chanteuse et guitariste suisse Cyrielle Formaz depuis 2016, Meimuna s&rsquo;est impos\u00e9 comme une r\u00e9f\u00e9rence incontournable de la sc\u00e8ne helv\u00e9tique et europ\u00e9enne. \u00c0 la crois\u00e9e du folk anglo-saxon et de la po\u00e9sie fran\u00e7aise, l&rsquo;artiste explore un territoire d&rsquo;expression fragile et d\u00e9licat qu&rsquo;elle cultive avec une gr\u00e2ce rare. Forte de cinq EP d\u00e9j\u00e0 parus, elle a port\u00e9 sa musique \u00e0 travers le monde, du Canada \u00e0 la Chine, s\u00e9duisant un public international avec des titres devenus des hymnes pour les \u00e2mes en qu\u00eate de lumi\u00e8re. Son talent r\u00e9side dans sa capacit\u00e9 \u00e0 capturer la beaut\u00e9 et \u00e0 l&rsquo;orner de mots simples qui touchent directement au c\u0153ur, cr\u00e9ant une musique aussi limpide que l&rsquo;eau des sources de montagne.<\/p>\n\n\n\n<p>Le morceau \u201cle bon choix\u201d s&rsquo;inscrit dans une esth\u00e9tique French Pop et Indie Folk empreinte d&rsquo;une atmosph\u00e8re Dream Pop vaporeuse. La production privil\u00e9gie une ambiance apaisante et \u00e9pur\u00e9e, mettant en valeur le timbre de voix cristallin de Cyrielle Formaz. Ce titre semble poursuivre l&rsquo;exploration intime de l&rsquo;artiste, o\u00f9 chaque note est pens\u00e9e pour souligner la profondeur du texte. L&rsquo;instrumentation, \u00e0 la fois organique et soign\u00e9e, cr\u00e9e un cocon sonore qui invite \u00e0 la contemplation et \u00e0 la s\u00e9r\u00e9nit\u00e9. En \u00e9voquant des th\u00e9matiques li\u00e9es aux d\u00e9cisions de vie et \u00e0 la justesse des sentiments, le morceau r\u00e9sonne avec une sinc\u00e9rit\u00e9 d\u00e9sarmante. Cette nouvelle cr\u00e9ation confirme la capacit\u00e9 de Meimuna \u00e0 transformer l&rsquo;invisible en m\u00e9lodies famili\u00e8res, offrant une exp\u00e9rience auditive \u00e0 la fois m\u00e9lancolique et lumineuse qui ravira les amateurs de sonorit\u00e9s \u00e9th\u00e9r\u00e9es et po\u00e9tiques.<\/p>\n\n\n\n<p><em>A \u00e9couter sur <a href=\"https:\/\/www.radiocastor.com\/index.php\/playlist\/\" target=\"_blank\" rel=\"noreferrer noopener\">nos playlists<\/a> !<\/em><\/p>\n\n\n\n<p style=\"text-align: center;\"><iframe loading=\"lazy\" width=\"560\" height=\"315\" src=\"https:\/\/www.youtube.com\/embed\/tSGOFfGL8eo?si=suCyYOwbzhz-WpID\" title=\"YouTube video player\" frameborder=\"0\" allow=\"accelerometer; autoplay; clipboard-write; encrypted-media; gyroscope; picture-in-picture; web-share\" referrerpolicy=\"strict-origin-when-cross-origin\" allowfullscreen><\/iframe><\/p>\n\n\n\n<p class=\"has-text-align-center\"><a href=\"https:\/\/www.facebook.com\/IamMeimuna\" target=\"_blank\" rel=\"noreferrer noopener\">Facebook<\/a> \u2013 <a href=\"https:\/\/www.instagram.com\/meimuna.music\" target=\"_blank\" rel=\"noreferrer noopener\">Instagram<\/a><\/p>\n","protected":false},"excerpt":{"rendered":"<p>Meimuna nous pr\u00e9sente son dernier titre, \u201cle bon choix\u201d, sorti le 6 f\u00e9vrier 2026. Projet&#8230;<\/p>\n","protected":false},"author":1,"featured_media":14178,"comment_status":"closed","ping_status":"open","sticky":false,"template":"","format":"standard","meta":{"_uag_custom_page_level_css":"","footnotes":""},"categories":[81,76,4,32,46],"tags":[],"class_list":["post-14177","post","type-post","status-publish","format-standard","has-post-thumbnail","hentry","category-chanson-francaise","category-folk","category-pop","category-single","category-sortie"],"yoast_head":"<!-- This site is optimized with the Yoast SEO plugin v27.4 - https:\/\/yoast.com\/product\/yoast-seo-wordpress\/ -->\n<title>La clart\u00e9 po\u00e9tique de Meimuna avec le bon choix - Radio Castor<\/title>\n<meta name=\"robots\" content=\"index, follow, max-snippet:-1, max-image-preview:large, max-video-preview:-1\" \/>\n<link rel=\"canonical\" href=\"https:\/\/www.radiocastor.com\/index.php\/la-clarte-poetique-de-meimuna-avec-le-bon-choix\/\" \/>\n<meta property=\"og:locale\" content=\"fr_FR\" \/>\n<meta property=\"og:type\" content=\"article\" \/>\n<meta property=\"og:title\" content=\"La clart\u00e9 po\u00e9tique de Meimuna avec le bon choix - Radio Castor\" \/>\n<meta property=\"og:description\" content=\"Meimuna nous pr\u00e9sente son dernier titre, \u201cle bon choix\u201d, sorti le 6 f\u00e9vrier 2026. Projet...\" \/>\n<meta property=\"og:url\" content=\"https:\/\/www.radiocastor.com\/index.php\/la-clarte-poetique-de-meimuna-avec-le-bon-choix\/\" \/>\n<meta property=\"og:site_name\" content=\"Radio Castor\" \/>\n<meta property=\"article:publisher\" content=\"https:\/\/www.facebook.com\/theradiocastor\" \/>\n<meta property=\"article:published_time\" content=\"2026-02-15T05:16:17+00:00\" \/>\n<meta property=\"article:modified_time\" content=\"2026-02-15T05:16:19+00:00\" \/>\n<meta property=\"og:image\" content=\"https:\/\/www.radiocastor.com\/wp-content\/uploads\/2026\/02\/Meimuna-e1771132263459.webp\" \/>\n\t<meta property=\"og:image:width\" content=\"747\" \/>\n\t<meta property=\"og:image:height\" content=\"712\" \/>\n\t<meta property=\"og:image:type\" content=\"image\/webp\" \/>\n<meta name=\"author\" content=\"R\u00e9daction R C\" \/>\n<meta name=\"twitter:card\" content=\"summary_large_image\" \/>\n<meta name=\"twitter:creator\" content=\"@TheRadioCastor\" \/>\n<meta name=\"twitter:site\" content=\"@TheRadioCastor\" \/>\n<meta name=\"twitter:label1\" content=\"\u00c9crit par\" \/>\n\t<meta name=\"twitter:data1\" content=\"R\u00e9daction R C\" \/>\n\t<meta name=\"twitter:label2\" content=\"Dur\u00e9e de lecture estim\u00e9e\" \/>\n\t<meta name=\"twitter:data2\" content=\"2 minutes\" \/>\n<script type=\"application\/ld+json\" class=\"yoast-schema-graph\">{\"@context\":\"https:\\\/\\\/schema.org\",\"@graph\":[{\"@type\":\"Article\",\"@id\":\"https:\\\/\\\/www.radiocastor.com\\\/index.php\\\/la-clarte-poetique-de-meimuna-avec-le-bon-choix\\\/#article\",\"isPartOf\":{\"@id\":\"https:\\\/\\\/www.radiocastor.com\\\/index.php\\\/la-clarte-poetique-de-meimuna-avec-le-bon-choix\\\/\"},\"author\":{\"name\":\"R\u00e9daction R C\",\"@id\":\"https:\\\/\\\/www.radiocastor.com\\\/#\\\/schema\\\/person\\\/558b0e47dc4c11fa52b2220ba6a78779\"},\"headline\":\"La clart\u00e9 po\u00e9tique de Meimuna avec le bon choix\",\"datePublished\":\"2026-02-15T05:16:17+00:00\",\"dateModified\":\"2026-02-15T05:16:19+00:00\",\"mainEntityOfPage\":{\"@id\":\"https:\\\/\\\/www.radiocastor.com\\\/index.php\\\/la-clarte-poetique-de-meimuna-avec-le-bon-choix\\\/\"},\"wordCount\":325,\"publisher\":{\"@id\":\"https:\\\/\\\/www.radiocastor.com\\\/#organization\"},\"image\":{\"@id\":\"https:\\\/\\\/www.radiocastor.com\\\/index.php\\\/la-clarte-poetique-de-meimuna-avec-le-bon-choix\\\/#primaryimage\"},\"thumbnailUrl\":\"https:\\\/\\\/www.radiocastor.com\\\/wp-content\\\/uploads\\\/2026\\\/02\\\/Meimuna-e1771132263459.webp\",\"articleSection\":[\"Chanson Fran\u00e7aise\",\"Folk\",\"Pop\",\"Single\",\"Sortie\"],\"inLanguage\":\"fr-FR\"},{\"@type\":\"WebPage\",\"@id\":\"https:\\\/\\\/www.radiocastor.com\\\/index.php\\\/la-clarte-poetique-de-meimuna-avec-le-bon-choix\\\/\",\"url\":\"https:\\\/\\\/www.radiocastor.com\\\/index.php\\\/la-clarte-poetique-de-meimuna-avec-le-bon-choix\\\/\",\"name\":\"La clart\u00e9 po\u00e9tique de Meimuna avec le bon choix - Radio Castor\",\"isPartOf\":{\"@id\":\"https:\\\/\\\/www.radiocastor.com\\\/#website\"},\"primaryImageOfPage\":{\"@id\":\"https:\\\/\\\/www.radiocastor.com\\\/index.php\\\/la-clarte-poetique-de-meimuna-avec-le-bon-choix\\\/#primaryimage\"},\"image\":{\"@id\":\"https:\\\/\\\/www.radiocastor.com\\\/index.php\\\/la-clarte-poetique-de-meimuna-avec-le-bon-choix\\\/#primaryimage\"},\"thumbnailUrl\":\"https:\\\/\\\/www.radiocastor.com\\\/wp-content\\\/uploads\\\/2026\\\/02\\\/Meimuna-e1771132263459.webp\",\"datePublished\":\"2026-02-15T05:16:17+00:00\",\"dateModified\":\"2026-02-15T05:16:19+00:00\",\"breadcrumb\":{\"@id\":\"https:\\\/\\\/www.radiocastor.com\\\/index.php\\\/la-clarte-poetique-de-meimuna-avec-le-bon-choix\\\/#breadcrumb\"},\"inLanguage\":\"fr-FR\",\"potentialAction\":[{\"@type\":\"ReadAction\",\"target\":[\"https:\\\/\\\/www.radiocastor.com\\\/index.php\\\/la-clarte-poetique-de-meimuna-avec-le-bon-choix\\\/\"]}]},{\"@type\":\"ImageObject\",\"inLanguage\":\"fr-FR\",\"@id\":\"https:\\\/\\\/www.radiocastor.com\\\/index.php\\\/la-clarte-poetique-de-meimuna-avec-le-bon-choix\\\/#primaryimage\",\"url\":\"https:\\\/\\\/www.radiocastor.com\\\/wp-content\\\/uploads\\\/2026\\\/02\\\/Meimuna-e1771132263459.webp\",\"contentUrl\":\"https:\\\/\\\/www.radiocastor.com\\\/wp-content\\\/uploads\\\/2026\\\/02\\\/Meimuna-e1771132263459.webp\",\"width\":747,\"height\":712,\"caption\":\"Meimuna\"},{\"@type\":\"BreadcrumbList\",\"@id\":\"https:\\\/\\\/www.radiocastor.com\\\/index.php\\\/la-clarte-poetique-de-meimuna-avec-le-bon-choix\\\/#breadcrumb\",\"itemListElement\":[{\"@type\":\"ListItem\",\"position\":1,\"name\":\"Accueil\",\"item\":\"https:\\\/\\\/www.radiocastor.com\\\/\"},{\"@type\":\"ListItem\",\"position\":2,\"name\":\"La clart\u00e9 po\u00e9tique de Meimuna avec le bon choix\"}]},{\"@type\":\"WebSite\",\"@id\":\"https:\\\/\\\/www.radiocastor.com\\\/#website\",\"url\":\"https:\\\/\\\/www.radiocastor.com\\\/\",\"name\":\"Radio Castor\",\"description\":\"La voix !\",\"publisher\":{\"@id\":\"https:\\\/\\\/www.radiocastor.com\\\/#organization\"},\"potentialAction\":[{\"@type\":\"SearchAction\",\"target\":{\"@type\":\"EntryPoint\",\"urlTemplate\":\"https:\\\/\\\/www.radiocastor.com\\\/?s={search_term_string}\"},\"query-input\":{\"@type\":\"PropertyValueSpecification\",\"valueRequired\":true,\"valueName\":\"search_term_string\"}}],\"inLanguage\":\"fr-FR\"},{\"@type\":\"Organization\",\"@id\":\"https:\\\/\\\/www.radiocastor.com\\\/#organization\",\"name\":\"Radio Castor\",\"url\":\"https:\\\/\\\/www.radiocastor.com\\\/\",\"logo\":{\"@type\":\"ImageObject\",\"inLanguage\":\"fr-FR\",\"@id\":\"https:\\\/\\\/www.radiocastor.com\\\/#\\\/schema\\\/logo\\\/image\\\/\",\"url\":\"https:\\\/\\\/www.radiocastor.com\\\/wp-content\\\/uploads\\\/2021\\\/11\\\/cropped-Radio-castor-logo-2.png\",\"contentUrl\":\"https:\\\/\\\/www.radiocastor.com\\\/wp-content\\\/uploads\\\/2021\\\/11\\\/cropped-Radio-castor-logo-2.png\",\"width\":437,\"height\":219,\"caption\":\"Radio Castor\"},\"image\":{\"@id\":\"https:\\\/\\\/www.radiocastor.com\\\/#\\\/schema\\\/logo\\\/image\\\/\"},\"sameAs\":[\"https:\\\/\\\/www.facebook.com\\\/theradiocastor\",\"https:\\\/\\\/x.com\\\/TheRadioCastor\",\"https:\\\/\\\/www.instagram.com\\\/theradiocastor\",\"https:\\\/\\\/www.youtube.com\\\/c\\\/RadioCastor\"]},{\"@type\":\"Person\",\"@id\":\"https:\\\/\\\/www.radiocastor.com\\\/#\\\/schema\\\/person\\\/558b0e47dc4c11fa52b2220ba6a78779\",\"name\":\"R\u00e9daction R C\",\"image\":{\"@type\":\"ImageObject\",\"inLanguage\":\"fr-FR\",\"@id\":\"https:\\\/\\\/secure.gravatar.com\\\/avatar\\\/1d3e4f4c4a0d129f7ed4838ea20c33760c2484b9bc381993df6c0e3f5bf89c23?s=96&d=mm&r=g\",\"url\":\"https:\\\/\\\/secure.gravatar.com\\\/avatar\\\/1d3e4f4c4a0d129f7ed4838ea20c33760c2484b9bc381993df6c0e3f5bf89c23?s=96&d=mm&r=g\",\"contentUrl\":\"https:\\\/\\\/secure.gravatar.com\\\/avatar\\\/1d3e4f4c4a0d129f7ed4838ea20c33760c2484b9bc381993df6c0e3f5bf89c23?s=96&d=mm&r=g\",\"caption\":\"R\u00e9daction R C\"},\"sameAs\":[\"http:\\\/\\\/www.radiocastor.com\"],\"url\":\"https:\\\/\\\/www.radiocastor.com\\\/index.php\\\/author\\\/radio-castor\\\/\"}]}<\/script>\n<!-- \/ Yoast SEO plugin. -->","yoast_head_json":{"title":"La clart\u00e9 po\u00e9tique de Meimuna avec le bon choix - Radio Castor","robots":{"index":"index","follow":"follow","max-snippet":"max-snippet:-1","max-image-preview":"max-image-preview:large","max-video-preview":"max-video-preview:-1"},"canonical":"https:\/\/www.radiocastor.com\/index.php\/la-clarte-poetique-de-meimuna-avec-le-bon-choix\/","og_locale":"fr_FR","og_type":"article","og_title":"La clart\u00e9 po\u00e9tique de Meimuna avec le bon choix - Radio Castor","og_description":"Meimuna nous pr\u00e9sente son dernier titre, \u201cle bon choix\u201d, sorti le 6 f\u00e9vrier 2026. Projet...","og_url":"https:\/\/www.radiocastor.com\/index.php\/la-clarte-poetique-de-meimuna-avec-le-bon-choix\/","og_site_name":"Radio Castor","article_publisher":"https:\/\/www.facebook.com\/theradiocastor","article_published_time":"2026-02-15T05:16:17+00:00","article_modified_time":"2026-02-15T05:16:19+00:00","og_image":[{"width":747,"height":712,"url":"https:\/\/www.radiocastor.com\/wp-content\/uploads\/2026\/02\/Meimuna-e1771132263459.webp","type":"image\/webp"}],"author":"R\u00e9daction R C","twitter_card":"summary_large_image","twitter_creator":"@TheRadioCastor","twitter_site":"@TheRadioCastor","twitter_misc":{"\u00c9crit par":"R\u00e9daction R C","Dur\u00e9e de lecture estim\u00e9e":"2 minutes"},"schema":{"@context":"https:\/\/schema.org","@graph":[{"@type":"Article","@id":"https:\/\/www.radiocastor.com\/index.php\/la-clarte-poetique-de-meimuna-avec-le-bon-choix\/#article","isPartOf":{"@id":"https:\/\/www.radiocastor.com\/index.php\/la-clarte-poetique-de-meimuna-avec-le-bon-choix\/"},"author":{"name":"R\u00e9daction R C","@id":"https:\/\/www.radiocastor.com\/#\/schema\/person\/558b0e47dc4c11fa52b2220ba6a78779"},"headline":"La clart\u00e9 po\u00e9tique de Meimuna avec le bon choix","datePublished":"2026-02-15T05:16:17+00:00","dateModified":"2026-02-15T05:16:19+00:00","mainEntityOfPage":{"@id":"https:\/\/www.radiocastor.com\/index.php\/la-clarte-poetique-de-meimuna-avec-le-bon-choix\/"},"wordCount":325,"publisher":{"@id":"https:\/\/www.radiocastor.com\/#organization"},"image":{"@id":"https:\/\/www.radiocastor.com\/index.php\/la-clarte-poetique-de-meimuna-avec-le-bon-choix\/#primaryimage"},"thumbnailUrl":"https:\/\/www.radiocastor.com\/wp-content\/uploads\/2026\/02\/Meimuna-e1771132263459.webp","articleSection":["Chanson Fran\u00e7aise","Folk","Pop","Single","Sortie"],"inLanguage":"fr-FR"},{"@type":"WebPage","@id":"https:\/\/www.radiocastor.com\/index.php\/la-clarte-poetique-de-meimuna-avec-le-bon-choix\/","url":"https:\/\/www.radiocastor.com\/index.php\/la-clarte-poetique-de-meimuna-avec-le-bon-choix\/","name":"La clart\u00e9 po\u00e9tique de Meimuna avec le bon choix - Radio Castor","isPartOf":{"@id":"https:\/\/www.radiocastor.com\/#website"},"primaryImageOfPage":{"@id":"https:\/\/www.radiocastor.com\/index.php\/la-clarte-poetique-de-meimuna-avec-le-bon-choix\/#primaryimage"},"image":{"@id":"https:\/\/www.radiocastor.com\/index.php\/la-clarte-poetique-de-meimuna-avec-le-bon-choix\/#primaryimage"},"thumbnailUrl":"https:\/\/www.radiocastor.com\/wp-content\/uploads\/2026\/02\/Meimuna-e1771132263459.webp","datePublished":"2026-02-15T05:16:17+00:00","dateModified":"2026-02-15T05:16:19+00:00","breadcrumb":{"@id":"https:\/\/www.radiocastor.com\/index.php\/la-clarte-poetique-de-meimuna-avec-le-bon-choix\/#breadcrumb"},"inLanguage":"fr-FR","potentialAction":[{"@type":"ReadAction","target":["https:\/\/www.radiocastor.com\/index.php\/la-clarte-poetique-de-meimuna-avec-le-bon-choix\/"]}]},{"@type":"ImageObject","inLanguage":"fr-FR","@id":"https:\/\/www.radiocastor.com\/index.php\/la-clarte-poetique-de-meimuna-avec-le-bon-choix\/#primaryimage","url":"https:\/\/www.radiocastor.com\/wp-content\/uploads\/2026\/02\/Meimuna-e1771132263459.webp","contentUrl":"https:\/\/www.radiocastor.com\/wp-content\/uploads\/2026\/02\/Meimuna-e1771132263459.webp","width":747,"height":712,"caption":"Meimuna"},{"@type":"BreadcrumbList","@id":"https:\/\/www.radiocastor.com\/index.php\/la-clarte-poetique-de-meimuna-avec-le-bon-choix\/#breadcrumb","itemListElement":[{"@type":"ListItem","position":1,"name":"Accueil","item":"https:\/\/www.radiocastor.com\/"},{"@type":"ListItem","position":2,"name":"La clart\u00e9 po\u00e9tique de Meimuna avec le bon choix"}]},{"@type":"WebSite","@id":"https:\/\/www.radiocastor.com\/#website","url":"https:\/\/www.radiocastor.com\/","name":"Radio Castor","description":"La voix !","publisher":{"@id":"https:\/\/www.radiocastor.com\/#organization"},"potentialAction":[{"@type":"SearchAction","target":{"@type":"EntryPoint","urlTemplate":"https:\/\/www.radiocastor.com\/?s={search_term_string}"},"query-input":{"@type":"PropertyValueSpecification","valueRequired":true,"valueName":"search_term_string"}}],"inLanguage":"fr-FR"},{"@type":"Organization","@id":"https:\/\/www.radiocastor.com\/#organization","name":"Radio Castor","url":"https:\/\/www.radiocastor.com\/","logo":{"@type":"ImageObject","inLanguage":"fr-FR","@id":"https:\/\/www.radiocastor.com\/#\/schema\/logo\/image\/","url":"https:\/\/www.radiocastor.com\/wp-content\/uploads\/2021\/11\/cropped-Radio-castor-logo-2.png","contentUrl":"https:\/\/www.radiocastor.com\/wp-content\/uploads\/2021\/11\/cropped-Radio-castor-logo-2.png","width":437,"height":219,"caption":"Radio Castor"},"image":{"@id":"https:\/\/www.radiocastor.com\/#\/schema\/logo\/image\/"},"sameAs":["https:\/\/www.facebook.com\/theradiocastor","https:\/\/x.com\/TheRadioCastor","https:\/\/www.instagram.com\/theradiocastor","https:\/\/www.youtube.com\/c\/RadioCastor"]},{"@type":"Person","@id":"https:\/\/www.radiocastor.com\/#\/schema\/person\/558b0e47dc4c11fa52b2220ba6a78779","name":"R\u00e9daction R C","image":{"@type":"ImageObject","inLanguage":"fr-FR","@id":"https:\/\/secure.gravatar.com\/avatar\/1d3e4f4c4a0d129f7ed4838ea20c33760c2484b9bc381993df6c0e3f5bf89c23?s=96&d=mm&r=g","url":"https:\/\/secure.gravatar.com\/avatar\/1d3e4f4c4a0d129f7ed4838ea20c33760c2484b9bc381993df6c0e3f5bf89c23?s=96&d=mm&r=g","contentUrl":"https:\/\/secure.gravatar.com\/avatar\/1d3e4f4c4a0d129f7ed4838ea20c33760c2484b9bc381993df6c0e3f5bf89c23?s=96&d=mm&r=g","caption":"R\u00e9daction R C"},"sameAs":["http:\/\/www.radiocastor.com"],"url":"https:\/\/www.radiocastor.com\/index.php\/author\/radio-castor\/"}]}},"uagb_featured_image_src":{"full":["https:\/\/www.radiocastor.com\/wp-content\/uploads\/2026\/02\/Meimuna-e1771132263459.webp",747,712,false],"thumbnail":["https:\/\/www.radiocastor.com\/wp-content\/uploads\/2026\/02\/Meimuna-e1771132263459-150x150.webp",150,150,true],"medium":["https:\/\/www.radiocastor.com\/wp-content\/uploads\/2026\/02\/Meimuna-e1771132263459-300x286.webp",300,286,true],"medium_large":["https:\/\/www.radiocastor.com\/wp-content\/uploads\/2026\/02\/Meimuna-e1771132263459.webp",640,610,false],"large":["https:\/\/www.radiocastor.com\/wp-content\/uploads\/2026\/02\/Meimuna-e1771132263459.webp",640,610,false],"1536x1536":["https:\/\/www.radiocastor.com\/wp-content\/uploads\/2026\/02\/Meimuna-e1771132263459.webp",747,712,false],"2048x2048":["https:\/\/www.radiocastor.com\/wp-content\/uploads\/2026\/02\/Meimuna-e1771132263459.webp",747,712,false],"newsever-slider-full":["https:\/\/www.radiocastor.com\/wp-content\/uploads\/2026\/02\/Meimuna-747x845.webp",747,845,true],"newsever-featured":["https:\/\/www.radiocastor.com\/wp-content\/uploads\/2026\/02\/Meimuna-e1771132263459.webp",747,712,false],"newsever-medium":["https:\/\/www.radiocastor.com\/wp-content\/uploads\/2026\/02\/Meimuna-e1771132263459-720x475.webp",720,475,true]},"uagb_author_info":{"display_name":"R\u00e9daction R C","author_link":"https:\/\/www.radiocastor.com\/index.php\/author\/radio-castor\/"},"uagb_comment_info":0,"uagb_excerpt":"Meimuna nous pr\u00e9sente son dernier titre, \u201cle bon choix\u201d, sorti le 6 f\u00e9vrier 2026. Projet...","_links":{"self":[{"href":"https:\/\/www.radiocastor.com\/index.php\/wp-json\/wp\/v2\/posts\/14177","targetHints":{"allow":["GET"]}}],"collection":[{"href":"https:\/\/www.radiocastor.com\/index.php\/wp-json\/wp\/v2\/posts"}],"about":[{"href":"https:\/\/www.radiocastor.com\/index.php\/wp-json\/wp\/v2\/types\/post"}],"author":[{"embeddable":true,"href":"https:\/\/www.radiocastor.com\/index.php\/wp-json\/wp\/v2\/users\/1"}],"replies":[{"embeddable":true,"href":"https:\/\/www.radiocastor.com\/index.php\/wp-json\/wp\/v2\/comments?post=14177"}],"version-history":[{"count":1,"href":"https:\/\/www.radiocastor.com\/index.php\/wp-json\/wp\/v2\/posts\/14177\/revisions"}],"predecessor-version":[{"id":14179,"href":"https:\/\/www.radiocastor.com\/index.php\/wp-json\/wp\/v2\/posts\/14177\/revisions\/14179"}],"wp:featuredmedia":[{"embeddable":true,"href":"https:\/\/www.radiocastor.com\/index.php\/wp-json\/wp\/v2\/media\/14178"}],"wp:attachment":[{"href":"https:\/\/www.radiocastor.com\/index.php\/wp-json\/wp\/v2\/media?parent=14177"}],"wp:term":[{"taxonomy":"category","embeddable":true,"href":"https:\/\/www.radiocastor.com\/index.php\/wp-json\/wp\/v2\/categories?post=14177"},{"taxonomy":"post_tag","embeddable":true,"href":"https:\/\/www.radiocastor.com\/index.php\/wp-json\/wp\/v2\/tags?post=14177"}],"curies":[{"name":"wp","href":"https:\/\/api.w.org\/{rel}","templated":true}]}}